{"id":5983,"date":"2018-02-28T12:03:06","date_gmt":"2018-02-28T15:03:06","guid":{"rendered":"http:\/\/www.eldiariodetucuman.com\/web\/jujuy-dio-detalles-de-como-sera-el-cobro-que-le-realizaran-a-los-extranjeros-en-los-hospitales\/"},"modified":"2018-02-28T12:03:10","modified_gmt":"2018-02-28T15:03:10","slug":"jujuy-dio-detalles-de-como-sera-el-cobro-que-le-realizaran-a-los-extranjeros-en-los-hospitales","status":"publish","type":"post","link":"https:\/\/www.eldiariodetucuman.com\/web\/jujuy-dio-detalles-de-como-sera-el-cobro-que-le-realizaran-a-los-extranjeros-en-los-hospitales\/","title":{"rendered":"Jujuy dio detalles de c\u00f3mo ser\u00e1 el cobro que le realizar\u00e1n a los extranjeros en los hospitales"},"content":{"rendered":"<div>\n<div readability=\"73.87532244196\">\n<p>El gobernador de Jujuy, <b>Gerardo Morales<\/b>, revel\u00f3 detalles de c\u00f3mo ser\u00e1 el cobro que se le realizar\u00e1 en esa provincia a los extranjeros para atenderse en los hospital p\u00fablicos y asegur\u00f3 que no se trata de una \u00abcuesti\u00f3n xen\u00f3foba\u00bb contra los turistas provenientes de Bolivia.<\/p>\n<p>\u00abComo descendiente de bolivianos, estamos muy lejos de plantear una cuesti\u00f3n xen\u00f3foba\u00bb, aclar\u00f3 el mandatario juje\u00f1o y afirm\u00f3 que \u00abhace un par de a\u00f1os el embajador en Bolivia viene planteando la firma de un convenio de reciprocidad porque en ese pa\u00eds tampoco atienden a los argentinos en su sistema p\u00fablico de salud\u00bb.<\/p>\n<p><a href=\"https:\/\/www.lagaceta.com.ar\/nota\/762689\/actualidad\/crece-tension-bolivia-evo-morales-cuestiono-cobro-atencion-hospitales-publicos-para-extranjeros.html\" mce_href=\"https:\/\/www.lagaceta.com.ar\/nota\/762689\/actualidad\/crece-tension-bolivia-evo-morales-cuestiono-cobro-atencion-hospitales-publicos-para-extranjeros.html\" target=\"_blank\" class=\"style link\">Crece la tensi\u00f3n con Bolivia: Evo Morales cuestion\u00f3 el cobro de la atenci\u00f3n en hospitales p\u00fablicos para los extranjeros<\/a><\/p>\n<p>Morales explic\u00f3 en declaraciones a Radio Mitre que \u00abla medida que estamos disponiendo tiene que ver con que vamos a seguir atendiendo las emergencias, pero si la emergencia deriva, una persona en tr\u00e1nsito, no residente, es aplicarle este seguro que va a estar en el orden de los U$S 30. Avanzaremos y cobraremos esta c\u00e1pita a los extranjeros\u00bb.<\/p>\n<p><span class=\"style frase\">\u00abPuede haber una cuesti\u00f3n de emergencia que vamos a atender en forma gratuita, pero no si de eso deriva una cuesti\u00f3n de largo tratamiento o de mediana o larga complejidad, como ocurre en todos los pa\u00edses lim\u00edtrofes donde hay situaciones de argentinos que no los dejan salir de un hospital hasta que no paguen o vaya el consulado a firmar la garant\u00eda\u00bb<\/span><\/p>\n<p>\u00abQuisiera sacar del foco una cuesti\u00f3n s\u00f3lo con Bolivia, la disposici\u00f3n que estamos implementando de cobrar a extranjeros tiene que ver con todos los extranjeros. Inclusive el disparador es la situaci\u00f3n de Chile\u00bb, a\u00f1adi\u00f3 y record\u00f3 que \u00abn ocasi\u00f3n de la visita del Papa coordinamos con Chile, tenemos un trabajo com\u00fan en materia de salud y otras \u00e1reas. En San Pedro de Atacama y Calama hab\u00eda ambulancias juje\u00f1as para atender a los argentinos que iban a visitar al Papa pero hoy nos damos con el Suapex que es un seguro obligatorio de accidente a personas extranjeras que cobra Chile y que muchos argentinos no pagaron y despu\u00e9s les terminaron aplicando una multa del orden de U$S 200\u00bb.<\/p>\n<p>Por \u00faltimo, sostuvo que \u00abes algo que debe tratarse en el Mercosur\u00bb. \u00abTiene que haber reciprocidad y tiene que haber igualdad de trato para los argentinos que van a Bolivia, Brasil, Chile\u00bb, concluy\u00f3.<\/p>\n<\/p><\/div>\n<\/div>\n<p>Fuente: http:\/\/www.lagaceta.com.ar\/nota\/762725\/actualidad\/jujuy-dio-detalles-como-sera-cobro-le-realizaran-extranjeros-hospitales.html<\/p>\n","protected":false},"excerpt":{"rendered":"<p>El gobernador de Jujuy, Gerardo Morales, revel\u00f3 detalles de c\u00f3mo ser\u00e1 el cobro que se le realizar\u00e1 en esa provincia a los extranjeros para atenderse en los hospital p\u00fablicos y asegur\u00f3 que no se trata de una \u00abcuesti\u00f3n xen\u00f3foba\u00bb contra los turistas provenientes de Bolivia. \u00abComo descendiente de bolivianos, estamos muy lejos de plantear una [&hellip;]<\/p>\n","protected":false},"author":1,"featured_media":5984,"comment_status":"open","ping_status":"closed","sticky":false,"template":"","format":"standard","meta":{"footnotes":""},"categories":[1],"tags":[],"class_list":{"0":"post-5983","1":"post","2":"type-post","3":"status-publish","4":"format-standard","5":"has-post-thumbnail","7":"category-portada"},"yoast_head":"<!-- This site is optimized with the Yoast SEO plugin v27.5 - https:\/\/yoast.com\/product\/yoast-seo-wordpress\/ -->\n<title>Jujuy dio detalles de c\u00f3mo ser\u00e1 el cobro que le realizar\u00e1n a los extranjeros en los hospitales - El Diario de Tucuman<\/title>\n<meta name=\"robots\" content=\"index, follow, max-snippet:-1, max-image-preview:large, max-video-preview:-1\" \/>\n<link rel=\"canonical\" href=\"https:\/\/www.eldiariodetucuman.com\/web\/jujuy-dio-detalles-de-como-sera-el-cobro-que-le-realizaran-a-los-extranjeros-en-los-hospitales\/\" \/>\n<meta property=\"og:locale\" content=\"es_ES\" \/>\n<meta property=\"og:type\" content=\"article\" \/>\n<meta property=\"og:title\" content=\"Jujuy dio detalles de c\u00f3mo ser\u00e1 el cobro que le realizar\u00e1n a los extranjeros en los hospitales - El Diario de Tucuman\" \/>\n<meta property=\"og:description\" content=\"El gobernador de Jujuy, Gerardo Morales, revel\u00f3 detalles de c\u00f3mo ser\u00e1 el cobro que se le realizar\u00e1 en esa provincia a los extranjeros para atenderse en los hospital p\u00fablicos y asegur\u00f3 que no se trata de una \u00abcuesti\u00f3n xen\u00f3foba\u00bb contra los turistas provenientes de Bolivia. \u00abComo descendiente de bolivianos, estamos muy lejos de plantear una [&hellip;]\" \/>\n<meta property=\"og:url\" content=\"https:\/\/www.eldiariodetucuman.com\/web\/jujuy-dio-detalles-de-como-sera-el-cobro-que-le-realizaran-a-los-extranjeros-en-los-hospitales\/\" \/>\n<meta property=\"og:site_name\" content=\"El Diario de Tucuman\" \/>\n<meta property=\"article:published_time\" content=\"2018-02-28T15:03:06+00:00\" \/>\n<meta property=\"article:modified_time\" content=\"2018-02-28T15:03:10+00:00\" \/>\n<meta property=\"og:image\" content=\"https:\/\/www.eldiariodetucuman.com\/web\/wp-content\/uploads\/2018\/02\/54a21c52496adc29c8b9e22284d2c376.jpeg\" \/>\n\t<meta property=\"og:image:width\" content=\"1500\" \/>\n\t<meta property=\"og:image:height\" content=\"850\" \/>\n\t<meta property=\"og:image:type\" content=\"image\/jpeg\" \/>\n<meta name=\"author\" content=\"admin\" \/>\n<meta name=\"twitter:card\" content=\"summary_large_image\" \/>\n<meta name=\"twitter:label1\" content=\"Escrito por\" \/>\n\t<meta name=\"twitter:data1\" content=\"admin\" \/>\n\t<meta name=\"twitter:label2\" content=\"Tiempo de lectura\" \/>\n\t<meta name=\"twitter:data2\" content=\"2 minutos\" \/>\n<script type=\"application\/ld+json\" class=\"yoast-schema-graph\">{\"@context\":\"https:\\\/\\\/schema.org\",\"@graph\":[{\"@type\":\"Article\",\"@id\":\"https:\\\/\\\/www.eldiariodetucuman.com\\\/web\\\/jujuy-dio-detalles-de-como-sera-el-cobro-que-le-realizaran-a-los-extranjeros-en-los-hospitales\\\/#article\",\"isPartOf\":{\"@id\":\"https:\\\/\\\/www.eldiariodetucuman.com\\\/web\\\/jujuy-dio-detalles-de-como-sera-el-cobro-que-le-realizaran-a-los-extranjeros-en-los-hospitales\\\/\"},\"author\":{\"name\":\"admin\",\"@id\":\"https:\\\/\\\/www.eldiariodetucuman.com\\\/web\\\/#\\\/schema\\\/person\\\/9250197d75ab5483412e19678b121caa\"},\"headline\":\"Jujuy dio detalles de c\u00f3mo ser\u00e1 el cobro que le realizar\u00e1n a los extranjeros en los hospitales\",\"datePublished\":\"2018-02-28T15:03:06+00:00\",\"dateModified\":\"2018-02-28T15:03:10+00:00\",\"mainEntityOfPage\":{\"@id\":\"https:\\\/\\\/www.eldiariodetucuman.com\\\/web\\\/jujuy-dio-detalles-de-como-sera-el-cobro-que-le-realizaran-a-los-extranjeros-en-los-hospitales\\\/\"},\"wordCount\":445,\"commentCount\":0,\"publisher\":{\"@id\":\"https:\\\/\\\/www.eldiariodetucuman.com\\\/web\\\/#organization\"},\"image\":{\"@id\":\"https:\\\/\\\/www.eldiariodetucuman.com\\\/web\\\/jujuy-dio-detalles-de-como-sera-el-cobro-que-le-realizaran-a-los-extranjeros-en-los-hospitales\\\/#primaryimage\"},\"thumbnailUrl\":\"https:\\\/\\\/www.eldiariodetucuman.com\\\/web\\\/wp-content\\\/uploads\\\/2018\\\/02\\\/54a21c52496adc29c8b9e22284d2c376.jpeg\",\"articleSection\":[\"Portada\"],\"inLanguage\":\"es\",\"potentialAction\":[{\"@type\":\"CommentAction\",\"name\":\"Comment\",\"target\":[\"https:\\\/\\\/www.eldiariodetucuman.com\\\/web\\\/jujuy-dio-detalles-de-como-sera-el-cobro-que-le-realizaran-a-los-extranjeros-en-los-hospitales\\\/#respond\"]}]},{\"@type\":\"WebPage\",\"@id\":\"https:\\\/\\\/www.eldiariodetucuman.com\\\/web\\\/jujuy-dio-detalles-de-como-sera-el-cobro-que-le-realizaran-a-los-extranjeros-en-los-hospitales\\\/\",\"url\":\"https:\\\/\\\/www.eldiariodetucuman.com\\\/web\\\/jujuy-dio-detalles-de-como-sera-el-cobro-que-le-realizaran-a-los-extranjeros-en-los-hospitales\\\/\",\"name\":\"Jujuy dio detalles de c\u00f3mo ser\u00e1 el cobro que le realizar\u00e1n a los extranjeros en los hospitales - El Diario de Tucuman\",\"isPartOf\":{\"@id\":\"https:\\\/\\\/www.eldiariodetucuman.com\\\/web\\\/#website\"},\"primaryImageOfPage\":{\"@id\":\"https:\\\/\\\/www.eldiariodetucuman.com\\\/web\\\/jujuy-dio-detalles-de-como-sera-el-cobro-que-le-realizaran-a-los-extranjeros-en-los-hospitales\\\/#primaryimage\"},\"image\":{\"@id\":\"https:\\\/\\\/www.eldiariodetucuman.com\\\/web\\\/jujuy-dio-detalles-de-como-sera-el-cobro-que-le-realizaran-a-los-extranjeros-en-los-hospitales\\\/#primaryimage\"},\"thumbnailUrl\":\"https:\\\/\\\/www.eldiariodetucuman.com\\\/web\\\/wp-content\\\/uploads\\\/2018\\\/02\\\/54a21c52496adc29c8b9e22284d2c376.jpeg\",\"datePublished\":\"2018-02-28T15:03:06+00:00\",\"dateModified\":\"2018-02-28T15:03:10+00:00\",\"breadcrumb\":{\"@id\":\"https:\\\/\\\/www.eldiariodetucuman.com\\\/web\\\/jujuy-dio-detalles-de-como-sera-el-cobro-que-le-realizaran-a-los-extranjeros-en-los-hospitales\\\/#breadcrumb\"},\"inLanguage\":\"es\",\"potentialAction\":[{\"@type\":\"ReadAction\",\"target\":[\"https:\\\/\\\/www.eldiariodetucuman.com\\\/web\\\/jujuy-dio-detalles-de-como-sera-el-cobro-que-le-realizaran-a-los-extranjeros-en-los-hospitales\\\/\"]}]},{\"@type\":\"ImageObject\",\"inLanguage\":\"es\",\"@id\":\"https:\\\/\\\/www.eldiariodetucuman.com\\\/web\\\/jujuy-dio-detalles-de-como-sera-el-cobro-que-le-realizaran-a-los-extranjeros-en-los-hospitales\\\/#primaryimage\",\"url\":\"https:\\\/\\\/www.eldiariodetucuman.com\\\/web\\\/wp-content\\\/uploads\\\/2018\\\/02\\\/54a21c52496adc29c8b9e22284d2c376.jpeg\",\"contentUrl\":\"https:\\\/\\\/www.eldiariodetucuman.com\\\/web\\\/wp-content\\\/uploads\\\/2018\\\/02\\\/54a21c52496adc29c8b9e22284d2c376.jpeg\",\"width\":1500,\"height\":850},{\"@type\":\"BreadcrumbList\",\"@id\":\"https:\\\/\\\/www.eldiariodetucuman.com\\\/web\\\/jujuy-dio-detalles-de-como-sera-el-cobro-que-le-realizaran-a-los-extranjeros-en-los-hospitales\\\/#breadcrumb\",\"itemListElement\":[{\"@type\":\"ListItem\",\"position\":1,\"name\":\"Portada\",\"item\":\"https:\\\/\\\/www.eldiariodetucuman.com\\\/web\\\/\"},{\"@type\":\"ListItem\",\"position\":2,\"name\":\"Jujuy dio detalles de c\u00f3mo ser\u00e1 el cobro que le realizar\u00e1n a los extranjeros en los hospitales\"}]},{\"@type\":\"WebSite\",\"@id\":\"https:\\\/\\\/www.eldiariodetucuman.com\\\/web\\\/#website\",\"url\":\"https:\\\/\\\/www.eldiariodetucuman.com\\\/web\\\/\",\"name\":\"El Diario de Tucuman\",\"description\":\"Diario Tucuman - Informaci\u00f3n y noticias\",\"publisher\":{\"@id\":\"https:\\\/\\\/www.eldiariodetucuman.com\\\/web\\\/#organization\"},\"potentialAction\":[{\"@type\":\"SearchAction\",\"target\":{\"@type\":\"EntryPoint\",\"urlTemplate\":\"https:\\\/\\\/www.eldiariodetucuman.com\\\/web\\\/?s={search_term_string}\"},\"query-input\":{\"@type\":\"PropertyValueSpecification\",\"valueRequired\":true,\"valueName\":\"search_term_string\"}}],\"inLanguage\":\"es\"},{\"@type\":\"Organization\",\"@id\":\"https:\\\/\\\/www.eldiariodetucuman.com\\\/web\\\/#organization\",\"name\":\"El Diario de Tucuman\",\"url\":\"https:\\\/\\\/www.eldiariodetucuman.com\\\/web\\\/\",\"logo\":{\"@type\":\"ImageObject\",\"inLanguage\":\"es\",\"@id\":\"https:\\\/\\\/www.eldiariodetucuman.com\\\/web\\\/#\\\/schema\\\/logo\\\/image\\\/\",\"url\":\"http:\\\/\\\/www.eldiariodetucuman.com\\\/web\\\/wp-content\\\/uploads\\\/2017\\\/12\\\/el-diario-de-tucuman.jpg\",\"contentUrl\":\"http:\\\/\\\/www.eldiariodetucuman.com\\\/web\\\/wp-content\\\/uploads\\\/2017\\\/12\\\/el-diario-de-tucuman.jpg\",\"width\":272,\"height\":92,\"caption\":\"El Diario de Tucuman\"},\"image\":{\"@id\":\"https:\\\/\\\/www.eldiariodetucuman.com\\\/web\\\/#\\\/schema\\\/logo\\\/image\\\/\"}},{\"@type\":\"Person\",\"@id\":\"https:\\\/\\\/www.eldiariodetucuman.com\\\/web\\\/#\\\/schema\\\/person\\\/9250197d75ab5483412e19678b121caa\",\"name\":\"admin\",\"image\":{\"@type\":\"ImageObject\",\"inLanguage\":\"es\",\"@id\":\"https:\\\/\\\/secure.gravatar.com\\\/avatar\\\/c44d117c2be811212c22cb481f6b8384b6873de103fbc49e7a03cc58d7dea4ac?s=96&d=mm&r=g\",\"url\":\"https:\\\/\\\/secure.gravatar.com\\\/avatar\\\/c44d117c2be811212c22cb481f6b8384b6873de103fbc49e7a03cc58d7dea4ac?s=96&d=mm&r=g\",\"contentUrl\":\"https:\\\/\\\/secure.gravatar.com\\\/avatar\\\/c44d117c2be811212c22cb481f6b8384b6873de103fbc49e7a03cc58d7dea4ac?s=96&d=mm&r=g\",\"caption\":\"admin\"},\"url\":\"https:\\\/\\\/www.eldiariodetucuman.com\\\/web\\\/author\\\/admin\\\/\"}]}<\/script>\n<!-- \/ Yoast SEO plugin. -->","yoast_head_json":{"title":"Jujuy dio detalles de c\u00f3mo ser\u00e1 el cobro que le realizar\u00e1n a los extranjeros en los hospitales - El Diario de Tucuman","robots":{"index":"index","follow":"follow","max-snippet":"max-snippet:-1","max-image-preview":"max-image-preview:large","max-video-preview":"max-video-preview:-1"},"canonical":"https:\/\/www.eldiariodetucuman.com\/web\/jujuy-dio-detalles-de-como-sera-el-cobro-que-le-realizaran-a-los-extranjeros-en-los-hospitales\/","og_locale":"es_ES","og_type":"article","og_title":"Jujuy dio detalles de c\u00f3mo ser\u00e1 el cobro que le realizar\u00e1n a los extranjeros en los hospitales - El Diario de Tucuman","og_description":"El gobernador de Jujuy, Gerardo Morales, revel\u00f3 detalles de c\u00f3mo ser\u00e1 el cobro que se le realizar\u00e1 en esa provincia a los extranjeros para atenderse en los hospital p\u00fablicos y asegur\u00f3 que no se trata de una \u00abcuesti\u00f3n xen\u00f3foba\u00bb contra los turistas provenientes de Bolivia. \u00abComo descendiente de bolivianos, estamos muy lejos de plantear una [&hellip;]","og_url":"https:\/\/www.eldiariodetucuman.com\/web\/jujuy-dio-detalles-de-como-sera-el-cobro-que-le-realizaran-a-los-extranjeros-en-los-hospitales\/","og_site_name":"El Diario de Tucuman","article_published_time":"2018-02-28T15:03:06+00:00","article_modified_time":"2018-02-28T15:03:10+00:00","og_image":[{"width":1500,"height":850,"url":"https:\/\/www.eldiariodetucuman.com\/web\/wp-content\/uploads\/2018\/02\/54a21c52496adc29c8b9e22284d2c376.jpeg","type":"image\/jpeg"}],"author":"admin","twitter_card":"summary_large_image","twitter_misc":{"Escrito por":"admin","Tiempo de lectura":"2 minutos"},"schema":{"@context":"https:\/\/schema.org","@graph":[{"@type":"Article","@id":"https:\/\/www.eldiariodetucuman.com\/web\/jujuy-dio-detalles-de-como-sera-el-cobro-que-le-realizaran-a-los-extranjeros-en-los-hospitales\/#article","isPartOf":{"@id":"https:\/\/www.eldiariodetucuman.com\/web\/jujuy-dio-detalles-de-como-sera-el-cobro-que-le-realizaran-a-los-extranjeros-en-los-hospitales\/"},"author":{"name":"admin","@id":"https:\/\/www.eldiariodetucuman.com\/web\/#\/schema\/person\/9250197d75ab5483412e19678b121caa"},"headline":"Jujuy dio detalles de c\u00f3mo ser\u00e1 el cobro que le realizar\u00e1n a los extranjeros en los hospitales","datePublished":"2018-02-28T15:03:06+00:00","dateModified":"2018-02-28T15:03:10+00:00","mainEntityOfPage":{"@id":"https:\/\/www.eldiariodetucuman.com\/web\/jujuy-dio-detalles-de-como-sera-el-cobro-que-le-realizaran-a-los-extranjeros-en-los-hospitales\/"},"wordCount":445,"commentCount":0,"publisher":{"@id":"https:\/\/www.eldiariodetucuman.com\/web\/#organization"},"image":{"@id":"https:\/\/www.eldiariodetucuman.com\/web\/jujuy-dio-detalles-de-como-sera-el-cobro-que-le-realizaran-a-los-extranjeros-en-los-hospitales\/#primaryimage"},"thumbnailUrl":"https:\/\/www.eldiariodetucuman.com\/web\/wp-content\/uploads\/2018\/02\/54a21c52496adc29c8b9e22284d2c376.jpeg","articleSection":["Portada"],"inLanguage":"es","potentialAction":[{"@type":"CommentAction","name":"Comment","target":["https:\/\/www.eldiariodetucuman.com\/web\/jujuy-dio-detalles-de-como-sera-el-cobro-que-le-realizaran-a-los-extranjeros-en-los-hospitales\/#respond"]}]},{"@type":"WebPage","@id":"https:\/\/www.eldiariodetucuman.com\/web\/jujuy-dio-detalles-de-como-sera-el-cobro-que-le-realizaran-a-los-extranjeros-en-los-hospitales\/","url":"https:\/\/www.eldiariodetucuman.com\/web\/jujuy-dio-detalles-de-como-sera-el-cobro-que-le-realizaran-a-los-extranjeros-en-los-hospitales\/","name":"Jujuy dio detalles de c\u00f3mo ser\u00e1 el cobro que le realizar\u00e1n a los extranjeros en los hospitales - El Diario de Tucuman","isPartOf":{"@id":"https:\/\/www.eldiariodetucuman.com\/web\/#website"},"primaryImageOfPage":{"@id":"https:\/\/www.eldiariodetucuman.com\/web\/jujuy-dio-detalles-de-como-sera-el-cobro-que-le-realizaran-a-los-extranjeros-en-los-hospitales\/#primaryimage"},"image":{"@id":"https:\/\/www.eldiariodetucuman.com\/web\/jujuy-dio-detalles-de-como-sera-el-cobro-que-le-realizaran-a-los-extranjeros-en-los-hospitales\/#primaryimage"},"thumbnailUrl":"https:\/\/www.eldiariodetucuman.com\/web\/wp-content\/uploads\/2018\/02\/54a21c52496adc29c8b9e22284d2c376.jpeg","datePublished":"2018-02-28T15:03:06+00:00","dateModified":"2018-02-28T15:03:10+00:00","breadcrumb":{"@id":"https:\/\/www.eldiariodetucuman.com\/web\/jujuy-dio-detalles-de-como-sera-el-cobro-que-le-realizaran-a-los-extranjeros-en-los-hospitales\/#breadcrumb"},"inLanguage":"es","potentialAction":[{"@type":"ReadAction","target":["https:\/\/www.eldiariodetucuman.com\/web\/jujuy-dio-detalles-de-como-sera-el-cobro-que-le-realizaran-a-los-extranjeros-en-los-hospitales\/"]}]},{"@type":"ImageObject","inLanguage":"es","@id":"https:\/\/www.eldiariodetucuman.com\/web\/jujuy-dio-detalles-de-como-sera-el-cobro-que-le-realizaran-a-los-extranjeros-en-los-hospitales\/#primaryimage","url":"https:\/\/www.eldiariodetucuman.com\/web\/wp-content\/uploads\/2018\/02\/54a21c52496adc29c8b9e22284d2c376.jpeg","contentUrl":"https:\/\/www.eldiariodetucuman.com\/web\/wp-content\/uploads\/2018\/02\/54a21c52496adc29c8b9e22284d2c376.jpeg","width":1500,"height":850},{"@type":"BreadcrumbList","@id":"https:\/\/www.eldiariodetucuman.com\/web\/jujuy-dio-detalles-de-como-sera-el-cobro-que-le-realizaran-a-los-extranjeros-en-los-hospitales\/#breadcrumb","itemListElement":[{"@type":"ListItem","position":1,"name":"Portada","item":"https:\/\/www.eldiariodetucuman.com\/web\/"},{"@type":"ListItem","position":2,"name":"Jujuy dio detalles de c\u00f3mo ser\u00e1 el cobro que le realizar\u00e1n a los extranjeros en los hospitales"}]},{"@type":"WebSite","@id":"https:\/\/www.eldiariodetucuman.com\/web\/#website","url":"https:\/\/www.eldiariodetucuman.com\/web\/","name":"El Diario de Tucuman","description":"Diario Tucuman - Informaci\u00f3n y noticias","publisher":{"@id":"https:\/\/www.eldiariodetucuman.com\/web\/#organization"},"potentialAction":[{"@type":"SearchAction","target":{"@type":"EntryPoint","urlTemplate":"https:\/\/www.eldiariodetucuman.com\/web\/?s={search_term_string}"},"query-input":{"@type":"PropertyValueSpecification","valueRequired":true,"valueName":"search_term_string"}}],"inLanguage":"es"},{"@type":"Organization","@id":"https:\/\/www.eldiariodetucuman.com\/web\/#organization","name":"El Diario de Tucuman","url":"https:\/\/www.eldiariodetucuman.com\/web\/","logo":{"@type":"ImageObject","inLanguage":"es","@id":"https:\/\/www.eldiariodetucuman.com\/web\/#\/schema\/logo\/image\/","url":"http:\/\/www.eldiariodetucuman.com\/web\/wp-content\/uploads\/2017\/12\/el-diario-de-tucuman.jpg","contentUrl":"http:\/\/www.eldiariodetucuman.com\/web\/wp-content\/uploads\/2017\/12\/el-diario-de-tucuman.jpg","width":272,"height":92,"caption":"El Diario de Tucuman"},"image":{"@id":"https:\/\/www.eldiariodetucuman.com\/web\/#\/schema\/logo\/image\/"}},{"@type":"Person","@id":"https:\/\/www.eldiariodetucuman.com\/web\/#\/schema\/person\/9250197d75ab5483412e19678b121caa","name":"admin","image":{"@type":"ImageObject","inLanguage":"es","@id":"https:\/\/secure.gravatar.com\/avatar\/c44d117c2be811212c22cb481f6b8384b6873de103fbc49e7a03cc58d7dea4ac?s=96&d=mm&r=g","url":"https:\/\/secure.gravatar.com\/avatar\/c44d117c2be811212c22cb481f6b8384b6873de103fbc49e7a03cc58d7dea4ac?s=96&d=mm&r=g","contentUrl":"https:\/\/secure.gravatar.com\/avatar\/c44d117c2be811212c22cb481f6b8384b6873de103fbc49e7a03cc58d7dea4ac?s=96&d=mm&r=g","caption":"admin"},"url":"https:\/\/www.eldiariodetucuman.com\/web\/author\/admin\/"}]}},"_links":{"self":[{"href":"https:\/\/www.eldiariodetucuman.com\/web\/wp-json\/wp\/v2\/posts\/5983","targetHints":{"allow":["GET"]}}],"collection":[{"href":"https:\/\/www.eldiariodetucuman.com\/web\/wp-json\/wp\/v2\/posts"}],"about":[{"href":"https:\/\/www.eldiariodetucuman.com\/web\/wp-json\/wp\/v2\/types\/post"}],"author":[{"embeddable":true,"href":"https:\/\/www.eldiariodetucuman.com\/web\/wp-json\/wp\/v2\/users\/1"}],"replies":[{"embeddable":true,"href":"https:\/\/www.eldiariodetucuman.com\/web\/wp-json\/wp\/v2\/comments?post=5983"}],"version-history":[{"count":1,"href":"https:\/\/www.eldiariodetucuman.com\/web\/wp-json\/wp\/v2\/posts\/5983\/revisions"}],"predecessor-version":[{"id":5985,"href":"https:\/\/www.eldiariodetucuman.com\/web\/wp-json\/wp\/v2\/posts\/5983\/revisions\/5985"}],"wp:featuredmedia":[{"embeddable":true,"href":"https:\/\/www.eldiariodetucuman.com\/web\/wp-json\/wp\/v2\/media\/5984"}],"wp:attachment":[{"href":"https:\/\/www.eldiariodetucuman.com\/web\/wp-json\/wp\/v2\/media?parent=5983"}],"wp:term":[{"taxonomy":"category","embeddable":true,"href":"https:\/\/www.eldiariodetucuman.com\/web\/wp-json\/wp\/v2\/categories?post=5983"},{"taxonomy":"post_tag","embeddable":true,"href":"https:\/\/www.eldiariodetucuman.com\/web\/wp-json\/wp\/v2\/tags?post=5983"}],"curies":[{"name":"wp","href":"https:\/\/api.w.org\/{rel}","templated":true}]}}