{"id":5980,"date":"2018-02-28T11:45:32","date_gmt":"2018-02-28T14:45:32","guid":{"rendered":"http:\/\/www.eldiariodetucuman.com\/web\/rubinstein-se-pronuncio-a-favor-de-cobrarle-a-los-extranjeros\/"},"modified":"2018-02-28T11:45:35","modified_gmt":"2018-02-28T14:45:35","slug":"rubinstein-se-pronuncio-a-favor-de-cobrarle-a-los-extranjeros","status":"publish","type":"post","link":"https:\/\/www.eldiariodetucuman.com\/web\/rubinstein-se-pronuncio-a-favor-de-cobrarle-a-los-extranjeros\/","title":{"rendered":"Rubinstein se pronunci\u00f3 a favor de cobrarle a los extranjeros"},"content":{"rendered":"<div>\n<div readability=\"56.628847845207\">\n<p>\u201c<strong>La salud no es gratuita, la cuenta la paga alguien<\/strong>\u201d. De esta manera el ministro de Salud de la Naci\u00f3n, Adolfo Rubinstein, aval\u00f3 la iniciativa del gobernador de Jujuy, Gerardo Morales, de<a href=\"https:\/\/www.elintransigente.com\/politica\/2018\/2\/27\/el-gobierno-oficializa-la-discusion-para-cobrarle-extranjeros-480290.html\"> exigir una compensaci\u00f3n a los extranjeros<\/a> que se atiendan en esa provincia.\u00a0<\/p>\n<p>En ese sentido, la medida, que fue celebrada por los principales referentes de Cambiemos y que podr\u00eda implementarse en el resto del pa\u00eds, despert\u00f3 una gran pol\u00e9mica y el r<a href=\"https:\/\/www.elintransigente.com\/politica\/2018\/2\/28\/consideran-que-la-iniciativa-tiene-connotaciones-xenofobas-480343.html\">echazo de los gremios que representan a los m\u00e9dicos y trabajadores de salud<\/a>.\u00a0<\/p>\n<p>\u201cLa salud no es gratuita, la cuenta la paga alguien. Si no la paga el usuario, lo hace el Estado nacional, provincia, municipal o las obras sociales. Hay que transparentar eso. <strong>Hay que empezar a debatir c\u00f3mo se financia la salud p\u00fablica en nuestro pa\u00eds<\/strong>\u201d, se\u00f1al\u00f3 Rubinstein, en una entrevista concedida a Radio Mitre.\u00a0<\/p>\n<p>Incluso eligi\u00f3 utilizar un refr\u00e1n norteamericano para ejemplificar su punto de vista: \u201cArgentina ha sido un pa\u00eds con una enorme tradici\u00f3n de salud gratuita y eso est\u00e1 contemplado por la Constituci\u00f3n. Es parte de nuestra sana tradici\u00f3n de facilitar el acceso a la atenci\u00f3n, pero la realidad es que l<strong>a salud no es gratuita<\/strong>, alguien la paga; como dicen los americanos \u2018no hay almuerzo gratis\u2019\u201d.\u00a0<\/p>\n<p>El proyecto, que fue presentado ayer por el diputado de la UCR mendocina, Luis Petri y motivado por Morales, un gran aliado del Gobierno, contempla solicitarle una compensaci\u00f3n a Bolivia por las prestaciones sanitarias proporcionadas a los bolivianos o, de no llegar a un acuerdo, de imponer un arancel a los extranjeros que se atiendan en los hospitales.\u00a0<\/p>\n<p>Sobre este punto, el gobierno boliviano sac\u00f3 un comunicado en el que advierten que <a href=\"https:\/\/www.elintransigente.com\/politica\/2018\/2\/27\/bolivia-le-respondio-la-argentina-por-el-cobro-extranjeros-480333.html\">no se registr\u00f3 ninguna solicitud formal para llevar adelante las negociaciones <\/a>y revelan que el embajador argentino en Bolivia debi\u00f3 disculparse por la manera en la que se dio a conocer la propuesta.\u00a0<\/p>\n<p>\u201c<strong>Entre el 7 y 10 por ciento de todas las prestaciones de Jujuy son a extranjeros<\/strong> no residentes\u201d, detall\u00f3 el titular de la cartera sanitaria, a pesar que desde la Federaci\u00f3n Sindical de Profesionales de la Salud de la Rep\u00fablica Argentina (FESPROSA) aseguran que la atenci\u00f3n de bolivianos \u201cno tiene un impacto significativo en el presupuesto de salud\u201d.\u00a0<br \/>\n\u00a0<\/p>\n<\/div>\n<\/div>\n<p>Fuente: https:\/\/www.elintransigente.com\/politica\/2018\/2\/28\/rubinstein-se-pronuncio-favor-de-cobrarle-los-extranjeros-480349.html<\/p>\n","protected":false},"excerpt":{"rendered":"<p>\u201cLa salud no es gratuita, la cuenta la paga alguien\u201d. De esta manera el ministro de Salud de la Naci\u00f3n, Adolfo Rubinstein, aval\u00f3 la iniciativa del gobernador de Jujuy, Gerardo Morales, de exigir una compensaci\u00f3n a los extranjeros que se atiendan en esa provincia.\u00a0 En ese sentido, la medida, que fue celebrada por los principales [&hellip;]<\/p>\n","protected":false},"author":1,"featured_media":5981,"comment_status":"open","ping_status":"closed","sticky":false,"template":"","format":"standard","meta":{"footnotes":""},"categories":[1],"tags":[],"class_list":{"0":"post-5980","1":"post","2":"type-post","3":"status-publish","4":"format-standard","5":"has-post-thumbnail","7":"category-portada"},"yoast_head":"<!-- This site is optimized with the Yoast SEO plugin v27.5 - https:\/\/yoast.com\/product\/yoast-seo-wordpress\/ -->\n<title>Rubinstein se pronunci\u00f3 a favor de cobrarle a los extranjeros - El Diario de Tucuman<\/title>\n<meta name=\"robots\" content=\"index, follow, max-snippet:-1, max-image-preview:large, max-video-preview:-1\" \/>\n<link rel=\"canonical\" href=\"https:\/\/www.eldiariodetucuman.com\/web\/rubinstein-se-pronuncio-a-favor-de-cobrarle-a-los-extranjeros\/\" \/>\n<meta property=\"og:locale\" content=\"es_ES\" \/>\n<meta property=\"og:type\" content=\"article\" \/>\n<meta property=\"og:title\" content=\"Rubinstein se pronunci\u00f3 a favor de cobrarle a los extranjeros - El Diario de Tucuman\" \/>\n<meta property=\"og:description\" content=\"\u201cLa salud no es gratuita, la cuenta la paga alguien\u201d. De esta manera el ministro de Salud de la Naci\u00f3n, Adolfo Rubinstein, aval\u00f3 la iniciativa del gobernador de Jujuy, Gerardo Morales, de exigir una compensaci\u00f3n a los extranjeros que se atiendan en esa provincia.\u00a0 En ese sentido, la medida, que fue celebrada por los principales [&hellip;]\" \/>\n<meta property=\"og:url\" content=\"https:\/\/www.eldiariodetucuman.com\/web\/rubinstein-se-pronuncio-a-favor-de-cobrarle-a-los-extranjeros\/\" \/>\n<meta property=\"og:site_name\" content=\"El Diario de Tucuman\" \/>\n<meta property=\"article:published_time\" content=\"2018-02-28T14:45:32+00:00\" \/>\n<meta property=\"article:modified_time\" content=\"2018-02-28T14:45:35+00:00\" \/>\n<meta property=\"og:image\" content=\"https:\/\/www.eldiariodetucuman.com\/web\/wp-content\/uploads\/2018\/02\/a692478f28714c0462a654c36ac98eed.jpeg\" \/>\n\t<meta property=\"og:image:width\" content=\"960\" \/>\n\t<meta property=\"og:image:height\" content=\"540\" \/>\n\t<meta property=\"og:image:type\" content=\"image\/jpeg\" \/>\n<meta name=\"author\" content=\"admin\" \/>\n<meta name=\"twitter:card\" content=\"summary_large_image\" \/>\n<meta name=\"twitter:label1\" content=\"Escrito por\" \/>\n\t<meta name=\"twitter:data1\" content=\"admin\" \/>\n\t<meta name=\"twitter:label2\" content=\"Tiempo de lectura\" \/>\n\t<meta name=\"twitter:data2\" content=\"2 minutos\" \/>\n<script type=\"application\/ld+json\" class=\"yoast-schema-graph\">{\"@context\":\"https:\\\/\\\/schema.org\",\"@graph\":[{\"@type\":\"Article\",\"@id\":\"https:\\\/\\\/www.eldiariodetucuman.com\\\/web\\\/rubinstein-se-pronuncio-a-favor-de-cobrarle-a-los-extranjeros\\\/#article\",\"isPartOf\":{\"@id\":\"https:\\\/\\\/www.eldiariodetucuman.com\\\/web\\\/rubinstein-se-pronuncio-a-favor-de-cobrarle-a-los-extranjeros\\\/\"},\"author\":{\"name\":\"admin\",\"@id\":\"https:\\\/\\\/www.eldiariodetucuman.com\\\/web\\\/#\\\/schema\\\/person\\\/9250197d75ab5483412e19678b121caa\"},\"headline\":\"Rubinstein se pronunci\u00f3 a favor de cobrarle a los extranjeros\",\"datePublished\":\"2018-02-28T14:45:32+00:00\",\"dateModified\":\"2018-02-28T14:45:35+00:00\",\"mainEntityOfPage\":{\"@id\":\"https:\\\/\\\/www.eldiariodetucuman.com\\\/web\\\/rubinstein-se-pronuncio-a-favor-de-cobrarle-a-los-extranjeros\\\/\"},\"wordCount\":404,\"commentCount\":0,\"publisher\":{\"@id\":\"https:\\\/\\\/www.eldiariodetucuman.com\\\/web\\\/#organization\"},\"image\":{\"@id\":\"https:\\\/\\\/www.eldiariodetucuman.com\\\/web\\\/rubinstein-se-pronuncio-a-favor-de-cobrarle-a-los-extranjeros\\\/#primaryimage\"},\"thumbnailUrl\":\"https:\\\/\\\/www.eldiariodetucuman.com\\\/web\\\/wp-content\\\/uploads\\\/2018\\\/02\\\/a692478f28714c0462a654c36ac98eed.jpeg\",\"articleSection\":[\"Portada\"],\"inLanguage\":\"es\",\"potentialAction\":[{\"@type\":\"CommentAction\",\"name\":\"Comment\",\"target\":[\"https:\\\/\\\/www.eldiariodetucuman.com\\\/web\\\/rubinstein-se-pronuncio-a-favor-de-cobrarle-a-los-extranjeros\\\/#respond\"]}]},{\"@type\":\"WebPage\",\"@id\":\"https:\\\/\\\/www.eldiariodetucuman.com\\\/web\\\/rubinstein-se-pronuncio-a-favor-de-cobrarle-a-los-extranjeros\\\/\",\"url\":\"https:\\\/\\\/www.eldiariodetucuman.com\\\/web\\\/rubinstein-se-pronuncio-a-favor-de-cobrarle-a-los-extranjeros\\\/\",\"name\":\"Rubinstein se pronunci\u00f3 a favor de cobrarle a los extranjeros - El Diario de Tucuman\",\"isPartOf\":{\"@id\":\"https:\\\/\\\/www.eldiariodetucuman.com\\\/web\\\/#website\"},\"primaryImageOfPage\":{\"@id\":\"https:\\\/\\\/www.eldiariodetucuman.com\\\/web\\\/rubinstein-se-pronuncio-a-favor-de-cobrarle-a-los-extranjeros\\\/#primaryimage\"},\"image\":{\"@id\":\"https:\\\/\\\/www.eldiariodetucuman.com\\\/web\\\/rubinstein-se-pronuncio-a-favor-de-cobrarle-a-los-extranjeros\\\/#primaryimage\"},\"thumbnailUrl\":\"https:\\\/\\\/www.eldiariodetucuman.com\\\/web\\\/wp-content\\\/uploads\\\/2018\\\/02\\\/a692478f28714c0462a654c36ac98eed.jpeg\",\"datePublished\":\"2018-02-28T14:45:32+00:00\",\"dateModified\":\"2018-02-28T14:45:35+00:00\",\"breadcrumb\":{\"@id\":\"https:\\\/\\\/www.eldiariodetucuman.com\\\/web\\\/rubinstein-se-pronuncio-a-favor-de-cobrarle-a-los-extranjeros\\\/#breadcrumb\"},\"inLanguage\":\"es\",\"potentialAction\":[{\"@type\":\"ReadAction\",\"target\":[\"https:\\\/\\\/www.eldiariodetucuman.com\\\/web\\\/rubinstein-se-pronuncio-a-favor-de-cobrarle-a-los-extranjeros\\\/\"]}]},{\"@type\":\"ImageObject\",\"inLanguage\":\"es\",\"@id\":\"https:\\\/\\\/www.eldiariodetucuman.com\\\/web\\\/rubinstein-se-pronuncio-a-favor-de-cobrarle-a-los-extranjeros\\\/#primaryimage\",\"url\":\"https:\\\/\\\/www.eldiariodetucuman.com\\\/web\\\/wp-content\\\/uploads\\\/2018\\\/02\\\/a692478f28714c0462a654c36ac98eed.jpeg\",\"contentUrl\":\"https:\\\/\\\/www.eldiariodetucuman.com\\\/web\\\/wp-content\\\/uploads\\\/2018\\\/02\\\/a692478f28714c0462a654c36ac98eed.jpeg\",\"width\":960,\"height\":540},{\"@type\":\"BreadcrumbList\",\"@id\":\"https:\\\/\\\/www.eldiariodetucuman.com\\\/web\\\/rubinstein-se-pronuncio-a-favor-de-cobrarle-a-los-extranjeros\\\/#breadcrumb\",\"itemListElement\":[{\"@type\":\"ListItem\",\"position\":1,\"name\":\"Portada\",\"item\":\"https:\\\/\\\/www.eldiariodetucuman.com\\\/web\\\/\"},{\"@type\":\"ListItem\",\"position\":2,\"name\":\"Rubinstein se pronunci\u00f3 a favor de cobrarle a los extranjeros\"}]},{\"@type\":\"WebSite\",\"@id\":\"https:\\\/\\\/www.eldiariodetucuman.com\\\/web\\\/#website\",\"url\":\"https:\\\/\\\/www.eldiariodetucuman.com\\\/web\\\/\",\"name\":\"El Diario de Tucuman\",\"description\":\"Diario Tucuman - Informaci\u00f3n y noticias\",\"publisher\":{\"@id\":\"https:\\\/\\\/www.eldiariodetucuman.com\\\/web\\\/#organization\"},\"potentialAction\":[{\"@type\":\"SearchAction\",\"target\":{\"@type\":\"EntryPoint\",\"urlTemplate\":\"https:\\\/\\\/www.eldiariodetucuman.com\\\/web\\\/?s={search_term_string}\"},\"query-input\":{\"@type\":\"PropertyValueSpecification\",\"valueRequired\":true,\"valueName\":\"search_term_string\"}}],\"inLanguage\":\"es\"},{\"@type\":\"Organization\",\"@id\":\"https:\\\/\\\/www.eldiariodetucuman.com\\\/web\\\/#organization\",\"name\":\"El Diario de Tucuman\",\"url\":\"https:\\\/\\\/www.eldiariodetucuman.com\\\/web\\\/\",\"logo\":{\"@type\":\"ImageObject\",\"inLanguage\":\"es\",\"@id\":\"https:\\\/\\\/www.eldiariodetucuman.com\\\/web\\\/#\\\/schema\\\/logo\\\/image\\\/\",\"url\":\"http:\\\/\\\/www.eldiariodetucuman.com\\\/web\\\/wp-content\\\/uploads\\\/2017\\\/12\\\/el-diario-de-tucuman.jpg\",\"contentUrl\":\"http:\\\/\\\/www.eldiariodetucuman.com\\\/web\\\/wp-content\\\/uploads\\\/2017\\\/12\\\/el-diario-de-tucuman.jpg\",\"width\":272,\"height\":92,\"caption\":\"El Diario de Tucuman\"},\"image\":{\"@id\":\"https:\\\/\\\/www.eldiariodetucuman.com\\\/web\\\/#\\\/schema\\\/logo\\\/image\\\/\"}},{\"@type\":\"Person\",\"@id\":\"https:\\\/\\\/www.eldiariodetucuman.com\\\/web\\\/#\\\/schema\\\/person\\\/9250197d75ab5483412e19678b121caa\",\"name\":\"admin\",\"image\":{\"@type\":\"ImageObject\",\"inLanguage\":\"es\",\"@id\":\"https:\\\/\\\/secure.gravatar.com\\\/avatar\\\/c44d117c2be811212c22cb481f6b8384b6873de103fbc49e7a03cc58d7dea4ac?s=96&d=mm&r=g\",\"url\":\"https:\\\/\\\/secure.gravatar.com\\\/avatar\\\/c44d117c2be811212c22cb481f6b8384b6873de103fbc49e7a03cc58d7dea4ac?s=96&d=mm&r=g\",\"contentUrl\":\"https:\\\/\\\/secure.gravatar.com\\\/avatar\\\/c44d117c2be811212c22cb481f6b8384b6873de103fbc49e7a03cc58d7dea4ac?s=96&d=mm&r=g\",\"caption\":\"admin\"},\"url\":\"https:\\\/\\\/www.eldiariodetucuman.com\\\/web\\\/author\\\/admin\\\/\"}]}<\/script>\n<!-- \/ Yoast SEO plugin. -->","yoast_head_json":{"title":"Rubinstein se pronunci\u00f3 a favor de cobrarle a los extranjeros - El Diario de Tucuman","robots":{"index":"index","follow":"follow","max-snippet":"max-snippet:-1","max-image-preview":"max-image-preview:large","max-video-preview":"max-video-preview:-1"},"canonical":"https:\/\/www.eldiariodetucuman.com\/web\/rubinstein-se-pronuncio-a-favor-de-cobrarle-a-los-extranjeros\/","og_locale":"es_ES","og_type":"article","og_title":"Rubinstein se pronunci\u00f3 a favor de cobrarle a los extranjeros - El Diario de Tucuman","og_description":"\u201cLa salud no es gratuita, la cuenta la paga alguien\u201d. De esta manera el ministro de Salud de la Naci\u00f3n, Adolfo Rubinstein, aval\u00f3 la iniciativa del gobernador de Jujuy, Gerardo Morales, de exigir una compensaci\u00f3n a los extranjeros que se atiendan en esa provincia.\u00a0 En ese sentido, la medida, que fue celebrada por los principales [&hellip;]","og_url":"https:\/\/www.eldiariodetucuman.com\/web\/rubinstein-se-pronuncio-a-favor-de-cobrarle-a-los-extranjeros\/","og_site_name":"El Diario de Tucuman","article_published_time":"2018-02-28T14:45:32+00:00","article_modified_time":"2018-02-28T14:45:35+00:00","og_image":[{"width":960,"height":540,"url":"https:\/\/www.eldiariodetucuman.com\/web\/wp-content\/uploads\/2018\/02\/a692478f28714c0462a654c36ac98eed.jpeg","type":"image\/jpeg"}],"author":"admin","twitter_card":"summary_large_image","twitter_misc":{"Escrito por":"admin","Tiempo de lectura":"2 minutos"},"schema":{"@context":"https:\/\/schema.org","@graph":[{"@type":"Article","@id":"https:\/\/www.eldiariodetucuman.com\/web\/rubinstein-se-pronuncio-a-favor-de-cobrarle-a-los-extranjeros\/#article","isPartOf":{"@id":"https:\/\/www.eldiariodetucuman.com\/web\/rubinstein-se-pronuncio-a-favor-de-cobrarle-a-los-extranjeros\/"},"author":{"name":"admin","@id":"https:\/\/www.eldiariodetucuman.com\/web\/#\/schema\/person\/9250197d75ab5483412e19678b121caa"},"headline":"Rubinstein se pronunci\u00f3 a favor de cobrarle a los extranjeros","datePublished":"2018-02-28T14:45:32+00:00","dateModified":"2018-02-28T14:45:35+00:00","mainEntityOfPage":{"@id":"https:\/\/www.eldiariodetucuman.com\/web\/rubinstein-se-pronuncio-a-favor-de-cobrarle-a-los-extranjeros\/"},"wordCount":404,"commentCount":0,"publisher":{"@id":"https:\/\/www.eldiariodetucuman.com\/web\/#organization"},"image":{"@id":"https:\/\/www.eldiariodetucuman.com\/web\/rubinstein-se-pronuncio-a-favor-de-cobrarle-a-los-extranjeros\/#primaryimage"},"thumbnailUrl":"https:\/\/www.eldiariodetucuman.com\/web\/wp-content\/uploads\/2018\/02\/a692478f28714c0462a654c36ac98eed.jpeg","articleSection":["Portada"],"inLanguage":"es","potentialAction":[{"@type":"CommentAction","name":"Comment","target":["https:\/\/www.eldiariodetucuman.com\/web\/rubinstein-se-pronuncio-a-favor-de-cobrarle-a-los-extranjeros\/#respond"]}]},{"@type":"WebPage","@id":"https:\/\/www.eldiariodetucuman.com\/web\/rubinstein-se-pronuncio-a-favor-de-cobrarle-a-los-extranjeros\/","url":"https:\/\/www.eldiariodetucuman.com\/web\/rubinstein-se-pronuncio-a-favor-de-cobrarle-a-los-extranjeros\/","name":"Rubinstein se pronunci\u00f3 a favor de cobrarle a los extranjeros - El Diario de Tucuman","isPartOf":{"@id":"https:\/\/www.eldiariodetucuman.com\/web\/#website"},"primaryImageOfPage":{"@id":"https:\/\/www.eldiariodetucuman.com\/web\/rubinstein-se-pronuncio-a-favor-de-cobrarle-a-los-extranjeros\/#primaryimage"},"image":{"@id":"https:\/\/www.eldiariodetucuman.com\/web\/rubinstein-se-pronuncio-a-favor-de-cobrarle-a-los-extranjeros\/#primaryimage"},"thumbnailUrl":"https:\/\/www.eldiariodetucuman.com\/web\/wp-content\/uploads\/2018\/02\/a692478f28714c0462a654c36ac98eed.jpeg","datePublished":"2018-02-28T14:45:32+00:00","dateModified":"2018-02-28T14:45:35+00:00","breadcrumb":{"@id":"https:\/\/www.eldiariodetucuman.com\/web\/rubinstein-se-pronuncio-a-favor-de-cobrarle-a-los-extranjeros\/#breadcrumb"},"inLanguage":"es","potentialAction":[{"@type":"ReadAction","target":["https:\/\/www.eldiariodetucuman.com\/web\/rubinstein-se-pronuncio-a-favor-de-cobrarle-a-los-extranjeros\/"]}]},{"@type":"ImageObject","inLanguage":"es","@id":"https:\/\/www.eldiariodetucuman.com\/web\/rubinstein-se-pronuncio-a-favor-de-cobrarle-a-los-extranjeros\/#primaryimage","url":"https:\/\/www.eldiariodetucuman.com\/web\/wp-content\/uploads\/2018\/02\/a692478f28714c0462a654c36ac98eed.jpeg","contentUrl":"https:\/\/www.eldiariodetucuman.com\/web\/wp-content\/uploads\/2018\/02\/a692478f28714c0462a654c36ac98eed.jpeg","width":960,"height":540},{"@type":"BreadcrumbList","@id":"https:\/\/www.eldiariodetucuman.com\/web\/rubinstein-se-pronuncio-a-favor-de-cobrarle-a-los-extranjeros\/#breadcrumb","itemListElement":[{"@type":"ListItem","position":1,"name":"Portada","item":"https:\/\/www.eldiariodetucuman.com\/web\/"},{"@type":"ListItem","position":2,"name":"Rubinstein se pronunci\u00f3 a favor de cobrarle a los extranjeros"}]},{"@type":"WebSite","@id":"https:\/\/www.eldiariodetucuman.com\/web\/#website","url":"https:\/\/www.eldiariodetucuman.com\/web\/","name":"El Diario de Tucuman","description":"Diario Tucuman - Informaci\u00f3n y noticias","publisher":{"@id":"https:\/\/www.eldiariodetucuman.com\/web\/#organization"},"potentialAction":[{"@type":"SearchAction","target":{"@type":"EntryPoint","urlTemplate":"https:\/\/www.eldiariodetucuman.com\/web\/?s={search_term_string}"},"query-input":{"@type":"PropertyValueSpecification","valueRequired":true,"valueName":"search_term_string"}}],"inLanguage":"es"},{"@type":"Organization","@id":"https:\/\/www.eldiariodetucuman.com\/web\/#organization","name":"El Diario de Tucuman","url":"https:\/\/www.eldiariodetucuman.com\/web\/","logo":{"@type":"ImageObject","inLanguage":"es","@id":"https:\/\/www.eldiariodetucuman.com\/web\/#\/schema\/logo\/image\/","url":"http:\/\/www.eldiariodetucuman.com\/web\/wp-content\/uploads\/2017\/12\/el-diario-de-tucuman.jpg","contentUrl":"http:\/\/www.eldiariodetucuman.com\/web\/wp-content\/uploads\/2017\/12\/el-diario-de-tucuman.jpg","width":272,"height":92,"caption":"El Diario de Tucuman"},"image":{"@id":"https:\/\/www.eldiariodetucuman.com\/web\/#\/schema\/logo\/image\/"}},{"@type":"Person","@id":"https:\/\/www.eldiariodetucuman.com\/web\/#\/schema\/person\/9250197d75ab5483412e19678b121caa","name":"admin","image":{"@type":"ImageObject","inLanguage":"es","@id":"https:\/\/secure.gravatar.com\/avatar\/c44d117c2be811212c22cb481f6b8384b6873de103fbc49e7a03cc58d7dea4ac?s=96&d=mm&r=g","url":"https:\/\/secure.gravatar.com\/avatar\/c44d117c2be811212c22cb481f6b8384b6873de103fbc49e7a03cc58d7dea4ac?s=96&d=mm&r=g","contentUrl":"https:\/\/secure.gravatar.com\/avatar\/c44d117c2be811212c22cb481f6b8384b6873de103fbc49e7a03cc58d7dea4ac?s=96&d=mm&r=g","caption":"admin"},"url":"https:\/\/www.eldiariodetucuman.com\/web\/author\/admin\/"}]}},"_links":{"self":[{"href":"https:\/\/www.eldiariodetucuman.com\/web\/wp-json\/wp\/v2\/posts\/5980","targetHints":{"allow":["GET"]}}],"collection":[{"href":"https:\/\/www.eldiariodetucuman.com\/web\/wp-json\/wp\/v2\/posts"}],"about":[{"href":"https:\/\/www.eldiariodetucuman.com\/web\/wp-json\/wp\/v2\/types\/post"}],"author":[{"embeddable":true,"href":"https:\/\/www.eldiariodetucuman.com\/web\/wp-json\/wp\/v2\/users\/1"}],"replies":[{"embeddable":true,"href":"https:\/\/www.eldiariodetucuman.com\/web\/wp-json\/wp\/v2\/comments?post=5980"}],"version-history":[{"count":1,"href":"https:\/\/www.eldiariodetucuman.com\/web\/wp-json\/wp\/v2\/posts\/5980\/revisions"}],"predecessor-version":[{"id":5982,"href":"https:\/\/www.eldiariodetucuman.com\/web\/wp-json\/wp\/v2\/posts\/5980\/revisions\/5982"}],"wp:featuredmedia":[{"embeddable":true,"href":"https:\/\/www.eldiariodetucuman.com\/web\/wp-json\/wp\/v2\/media\/5981"}],"wp:attachment":[{"href":"https:\/\/www.eldiariodetucuman.com\/web\/wp-json\/wp\/v2\/media?parent=5980"}],"wp:term":[{"taxonomy":"category","embeddable":true,"href":"https:\/\/www.eldiariodetucuman.com\/web\/wp-json\/wp\/v2\/categories?post=5980"},{"taxonomy":"post_tag","embeddable":true,"href":"https:\/\/www.eldiariodetucuman.com\/web\/wp-json\/wp\/v2\/tags?post=5980"}],"curies":[{"name":"wp","href":"https:\/\/api.w.org\/{rel}","templated":true}]}}