{"id":5977,"date":"2018-02-28T11:45:24","date_gmt":"2018-02-28T14:45:24","guid":{"rendered":"http:\/\/www.eldiariodetucuman.com\/web\/renuncio-garrigos-de-rebori-una-jueza-afin-al-kirchnerismo\/"},"modified":"2018-02-28T11:45:26","modified_gmt":"2018-02-28T14:45:26","slug":"renuncio-garrigos-de-rebori-una-jueza-afin-al-kirchnerismo","status":"publish","type":"post","link":"https:\/\/www.eldiariodetucuman.com\/web\/renuncio-garrigos-de-rebori-una-jueza-afin-al-kirchnerismo\/","title":{"rendered":"Renunci\u00f3 Garrig\u00f3s de R\u00e9bori, una jueza af\u00edn al kirchnerismo"},"content":{"rendered":"<div>\n<div readability=\"74.239470936304\">\n<p>\u201cMe dirijo al Sr. Ministro para, por su intermedio, hacer llegar al Sr. Presidente de la Naci\u00f3n Argentina mi renuncia al cargo de Jueza de la C\u00e1mara Nacional de Casaci\u00f3n en lo Criminal y Correccional de la Capital Federal\u201d, expresa la carta que ayer la camarista Mar\u00eda Laura Garrig\u00f3s de R\u00e9bori elev\u00f3 al<a href=\"https:\/\/www.elintransigente.com\/politica\/2018\/2\/14\/puede-pedir-mi-juicio-politico-garavano-desafio-carrio-478748.html\"> titular de la cartera de Justicia y Derechos Humanos, Gustavo Garabano,<\/a> para anunciar su retiro.\u00a0<\/p>\n<p>Garrig\u00f3s de R\u00e9bori, quien actualmente es presidenta de Justicia Leg\u00edtima, una agrupaci\u00f3n af\u00edn al kirchnerismo, <strong>se desempe\u00f1aba en el cargo de jueza en la nueva C\u00e1mara de Casaci\u00f3n Penal de la Ciudad desde fines de 2014, a\u00f1o en que ese tribunal fue creado<\/strong>.\u00a0<\/p>\n<p>En tanto, consultada por Infobae, la doctora manifest\u00f3 que su cese de actividad en la C\u00e1mara, el cual se har\u00e1 efectivo el 1\u00ba de abril, no abarcar\u00e1 su labor al frente de la agrupaci\u00f3n y es por eso que continuar\u00e1 presidiendo dicho espacio.\u00a0Cabe destacar que desde Justicia Leg\u00edtima, la magistrada trabaj\u00f3 de cerca con el kirchnerismo y <strong>apoy\u00f3 reformas judiciales que <a href=\"https:\/\/www.elintransigente.com\/politica\/2018\/2\/27\/quieren-que-lorenzetti-arribas-den-explicaciones-por-las-escuchas-cristina-kirchner-480330.html\">el Gobierno de Cristina Kirchner <\/a>impulsaba.\u00a0<\/strong><\/p>\n<aside class=\"htmlinline \"><ins class=\"adsbygoogle\" data-ad-format=\"fluid\" data-ad-layout=\"in-article\" data-ad-client=\"ca-pub-7781556717282971\" data-ad-slot=\"9383133609\"><\/ins><br \/>\n<\/aside>\n<p>Pese a tener una carrera respetada, seg\u00fan consignan\u00a0sus colegas, algunas de sus acciones fueron en estos \u00faltimos a\u00f1os epicentro de pol\u00e9micas al estar enroladas con la militancia judicial kirchnerista.<\/p>\n<p>Algunos ejemplos, conducen a 2017, cuando Garrig\u00f3s de R\u00e9bori solicita la renuncia de los tres jueces de la Corte Suprema que con su voto beneficiaron con el c\u00f3mputo de \u00abdos por uno\u00bb de su condena al represor Luis Mui\u00f1a, y apenas horas m\u00e1s tarde ella misma hab\u00eda vota de modo similar en otra causa, en la que el beneficiado era el ex militar Ra\u00fal Guglielminetti, represor condenado por el Plan C\u00f3ndor.<\/p>\n<p>Tambien, otras cuestiones que generaron ruido, fueron cuando se suma a <strong>la recordada embestida contra el magistrado Carlos Fayt, en aquella pulseada con\u00a0<\/strong>la exmandataria Cristina Fernandez, quien solicitaba\u00a0que el doctor sea apartado de la Corte Suprema de Justicia por su avanzada edad.<\/p>\n<p>\u00abTenemos que estar en funciones mientras estemos en condiciones de cumplir la tarea. Fayt deber\u00eda exhibir que est\u00e1 en condiciones de cumplir la tarea. Tiene 97 a\u00f1os, en cualquier empleo normal se constatar\u00eda. Nosotros tenemos cargos vitalicios, sin controles, pero cuando es un poder del Estado es un poder de todos\u00bb, se hab\u00eda referido sobre el tema en aquella oportunidad.<\/p>\n<p>Asimismo, en febrero de 2015, tambi\u00e9n sus criticas hacia la marcha de silencio\u201d, un homenaje que colegas le realizaron al fallecido fiscal Alberto Nisman, la dejaron en el centro de la pol\u00e9mica. \u00abBajo el objetivo de homenajear al doctor Nisman, lo que se est\u00e1 pretendiendo es medir fuerzas para demostrarle al sector progresista del Poder Judicial cu\u00e1ntos son y cu\u00e1nto trabajo va a costar la reforma de la Secretar\u00eda de Inteligencia y del C\u00f3digo Procesal Penal\u00bb, hab\u00eda expresado.<br \/>\n\u00a0<\/p>\n<\/div>\n<\/div>\n<p>Fuente: https:\/\/www.elintransigente.com\/politica\/2018\/2\/28\/renuncio-garrigos-de-rebori-una-jueza-afin-al-kirchnerismo-480353.html<\/p>\n","protected":false},"excerpt":{"rendered":"<p>\u201cMe dirijo al Sr. Ministro para, por su intermedio, hacer llegar al Sr. Presidente de la Naci\u00f3n Argentina mi renuncia al cargo de Jueza de la C\u00e1mara Nacional de Casaci\u00f3n en lo Criminal y Correccional de la Capital Federal\u201d, expresa la carta que ayer la camarista Mar\u00eda Laura Garrig\u00f3s de R\u00e9bori elev\u00f3 al titular de [&hellip;]<\/p>\n","protected":false},"author":1,"featured_media":5978,"comment_status":"open","ping_status":"closed","sticky":false,"template":"","format":"standard","meta":{"footnotes":""},"categories":[1],"tags":[],"class_list":{"0":"post-5977","1":"post","2":"type-post","3":"status-publish","4":"format-standard","5":"has-post-thumbnail","7":"category-portada"},"yoast_head":"<!-- This site is optimized with the Yoast SEO plugin v27.5 - https:\/\/yoast.com\/product\/yoast-seo-wordpress\/ -->\n<title>Renunci\u00f3 Garrig\u00f3s de R\u00e9bori, una jueza af\u00edn al kirchnerismo - El Diario de Tucuman<\/title>\n<meta name=\"robots\" content=\"index, follow, max-snippet:-1, max-image-preview:large, max-video-preview:-1\" \/>\n<link rel=\"canonical\" href=\"https:\/\/www.eldiariodetucuman.com\/web\/renuncio-garrigos-de-rebori-una-jueza-afin-al-kirchnerismo\/\" \/>\n<meta property=\"og:locale\" content=\"es_ES\" \/>\n<meta property=\"og:type\" content=\"article\" \/>\n<meta property=\"og:title\" content=\"Renunci\u00f3 Garrig\u00f3s de R\u00e9bori, una jueza af\u00edn al kirchnerismo - El Diario de Tucuman\" \/>\n<meta property=\"og:description\" content=\"\u201cMe dirijo al Sr. Ministro para, por su intermedio, hacer llegar al Sr. Presidente de la Naci\u00f3n Argentina mi renuncia al cargo de Jueza de la C\u00e1mara Nacional de Casaci\u00f3n en lo Criminal y Correccional de la Capital Federal\u201d, expresa la carta que ayer la camarista Mar\u00eda Laura Garrig\u00f3s de R\u00e9bori elev\u00f3 al titular de [&hellip;]\" \/>\n<meta property=\"og:url\" content=\"https:\/\/www.eldiariodetucuman.com\/web\/renuncio-garrigos-de-rebori-una-jueza-afin-al-kirchnerismo\/\" \/>\n<meta property=\"og:site_name\" content=\"El Diario de Tucuman\" \/>\n<meta property=\"article:published_time\" content=\"2018-02-28T14:45:24+00:00\" \/>\n<meta property=\"article:modified_time\" content=\"2018-02-28T14:45:26+00:00\" \/>\n<meta property=\"og:image\" content=\"https:\/\/www.eldiariodetucuman.com\/web\/wp-content\/uploads\/2018\/02\/d92e37b533dd713e877b62468cc381a1.jpeg\" \/>\n\t<meta property=\"og:image:width\" content=\"960\" \/>\n\t<meta property=\"og:image:height\" content=\"638\" \/>\n\t<meta property=\"og:image:type\" content=\"image\/jpeg\" \/>\n<meta name=\"author\" content=\"admin\" \/>\n<meta name=\"twitter:card\" content=\"summary_large_image\" \/>\n<meta name=\"twitter:label1\" content=\"Escrito por\" \/>\n\t<meta name=\"twitter:data1\" content=\"admin\" \/>\n\t<meta name=\"twitter:label2\" content=\"Tiempo de lectura\" \/>\n\t<meta name=\"twitter:data2\" content=\"3 minutos\" \/>\n<script type=\"application\/ld+json\" class=\"yoast-schema-graph\">{\"@context\":\"https:\\\/\\\/schema.org\",\"@graph\":[{\"@type\":\"Article\",\"@id\":\"https:\\\/\\\/www.eldiariodetucuman.com\\\/web\\\/renuncio-garrigos-de-rebori-una-jueza-afin-al-kirchnerismo\\\/#article\",\"isPartOf\":{\"@id\":\"https:\\\/\\\/www.eldiariodetucuman.com\\\/web\\\/renuncio-garrigos-de-rebori-una-jueza-afin-al-kirchnerismo\\\/\"},\"author\":{\"name\":\"admin\",\"@id\":\"https:\\\/\\\/www.eldiariodetucuman.com\\\/web\\\/#\\\/schema\\\/person\\\/9250197d75ab5483412e19678b121caa\"},\"headline\":\"Renunci\u00f3 Garrig\u00f3s de R\u00e9bori, una jueza af\u00edn al kirchnerismo\",\"datePublished\":\"2018-02-28T14:45:24+00:00\",\"dateModified\":\"2018-02-28T14:45:26+00:00\",\"mainEntityOfPage\":{\"@id\":\"https:\\\/\\\/www.eldiariodetucuman.com\\\/web\\\/renuncio-garrigos-de-rebori-una-jueza-afin-al-kirchnerismo\\\/\"},\"wordCount\":517,\"commentCount\":0,\"publisher\":{\"@id\":\"https:\\\/\\\/www.eldiariodetucuman.com\\\/web\\\/#organization\"},\"image\":{\"@id\":\"https:\\\/\\\/www.eldiariodetucuman.com\\\/web\\\/renuncio-garrigos-de-rebori-una-jueza-afin-al-kirchnerismo\\\/#primaryimage\"},\"thumbnailUrl\":\"https:\\\/\\\/www.eldiariodetucuman.com\\\/web\\\/wp-content\\\/uploads\\\/2018\\\/02\\\/d92e37b533dd713e877b62468cc381a1.jpeg\",\"articleSection\":[\"Portada\"],\"inLanguage\":\"es\",\"potentialAction\":[{\"@type\":\"CommentAction\",\"name\":\"Comment\",\"target\":[\"https:\\\/\\\/www.eldiariodetucuman.com\\\/web\\\/renuncio-garrigos-de-rebori-una-jueza-afin-al-kirchnerismo\\\/#respond\"]}]},{\"@type\":\"WebPage\",\"@id\":\"https:\\\/\\\/www.eldiariodetucuman.com\\\/web\\\/renuncio-garrigos-de-rebori-una-jueza-afin-al-kirchnerismo\\\/\",\"url\":\"https:\\\/\\\/www.eldiariodetucuman.com\\\/web\\\/renuncio-garrigos-de-rebori-una-jueza-afin-al-kirchnerismo\\\/\",\"name\":\"Renunci\u00f3 Garrig\u00f3s de R\u00e9bori, una jueza af\u00edn al kirchnerismo - El Diario de Tucuman\",\"isPartOf\":{\"@id\":\"https:\\\/\\\/www.eldiariodetucuman.com\\\/web\\\/#website\"},\"primaryImageOfPage\":{\"@id\":\"https:\\\/\\\/www.eldiariodetucuman.com\\\/web\\\/renuncio-garrigos-de-rebori-una-jueza-afin-al-kirchnerismo\\\/#primaryimage\"},\"image\":{\"@id\":\"https:\\\/\\\/www.eldiariodetucuman.com\\\/web\\\/renuncio-garrigos-de-rebori-una-jueza-afin-al-kirchnerismo\\\/#primaryimage\"},\"thumbnailUrl\":\"https:\\\/\\\/www.eldiariodetucuman.com\\\/web\\\/wp-content\\\/uploads\\\/2018\\\/02\\\/d92e37b533dd713e877b62468cc381a1.jpeg\",\"datePublished\":\"2018-02-28T14:45:24+00:00\",\"dateModified\":\"2018-02-28T14:45:26+00:00\",\"breadcrumb\":{\"@id\":\"https:\\\/\\\/www.eldiariodetucuman.com\\\/web\\\/renuncio-garrigos-de-rebori-una-jueza-afin-al-kirchnerismo\\\/#breadcrumb\"},\"inLanguage\":\"es\",\"potentialAction\":[{\"@type\":\"ReadAction\",\"target\":[\"https:\\\/\\\/www.eldiariodetucuman.com\\\/web\\\/renuncio-garrigos-de-rebori-una-jueza-afin-al-kirchnerismo\\\/\"]}]},{\"@type\":\"ImageObject\",\"inLanguage\":\"es\",\"@id\":\"https:\\\/\\\/www.eldiariodetucuman.com\\\/web\\\/renuncio-garrigos-de-rebori-una-jueza-afin-al-kirchnerismo\\\/#primaryimage\",\"url\":\"https:\\\/\\\/www.eldiariodetucuman.com\\\/web\\\/wp-content\\\/uploads\\\/2018\\\/02\\\/d92e37b533dd713e877b62468cc381a1.jpeg\",\"contentUrl\":\"https:\\\/\\\/www.eldiariodetucuman.com\\\/web\\\/wp-content\\\/uploads\\\/2018\\\/02\\\/d92e37b533dd713e877b62468cc381a1.jpeg\",\"width\":960,\"height\":638},{\"@type\":\"BreadcrumbList\",\"@id\":\"https:\\\/\\\/www.eldiariodetucuman.com\\\/web\\\/renuncio-garrigos-de-rebori-una-jueza-afin-al-kirchnerismo\\\/#breadcrumb\",\"itemListElement\":[{\"@type\":\"ListItem\",\"position\":1,\"name\":\"Portada\",\"item\":\"https:\\\/\\\/www.eldiariodetucuman.com\\\/web\\\/\"},{\"@type\":\"ListItem\",\"position\":2,\"name\":\"Renunci\u00f3 Garrig\u00f3s de R\u00e9bori, una jueza af\u00edn al kirchnerismo\"}]},{\"@type\":\"WebSite\",\"@id\":\"https:\\\/\\\/www.eldiariodetucuman.com\\\/web\\\/#website\",\"url\":\"https:\\\/\\\/www.eldiariodetucuman.com\\\/web\\\/\",\"name\":\"El Diario de Tucuman\",\"description\":\"Diario Tucuman - Informaci\u00f3n y noticias\",\"publisher\":{\"@id\":\"https:\\\/\\\/www.eldiariodetucuman.com\\\/web\\\/#organization\"},\"potentialAction\":[{\"@type\":\"SearchAction\",\"target\":{\"@type\":\"EntryPoint\",\"urlTemplate\":\"https:\\\/\\\/www.eldiariodetucuman.com\\\/web\\\/?s={search_term_string}\"},\"query-input\":{\"@type\":\"PropertyValueSpecification\",\"valueRequired\":true,\"valueName\":\"search_term_string\"}}],\"inLanguage\":\"es\"},{\"@type\":\"Organization\",\"@id\":\"https:\\\/\\\/www.eldiariodetucuman.com\\\/web\\\/#organization\",\"name\":\"El Diario de Tucuman\",\"url\":\"https:\\\/\\\/www.eldiariodetucuman.com\\\/web\\\/\",\"logo\":{\"@type\":\"ImageObject\",\"inLanguage\":\"es\",\"@id\":\"https:\\\/\\\/www.eldiariodetucuman.com\\\/web\\\/#\\\/schema\\\/logo\\\/image\\\/\",\"url\":\"http:\\\/\\\/www.eldiariodetucuman.com\\\/web\\\/wp-content\\\/uploads\\\/2017\\\/12\\\/el-diario-de-tucuman.jpg\",\"contentUrl\":\"http:\\\/\\\/www.eldiariodetucuman.com\\\/web\\\/wp-content\\\/uploads\\\/2017\\\/12\\\/el-diario-de-tucuman.jpg\",\"width\":272,\"height\":92,\"caption\":\"El Diario de Tucuman\"},\"image\":{\"@id\":\"https:\\\/\\\/www.eldiariodetucuman.com\\\/web\\\/#\\\/schema\\\/logo\\\/image\\\/\"}},{\"@type\":\"Person\",\"@id\":\"https:\\\/\\\/www.eldiariodetucuman.com\\\/web\\\/#\\\/schema\\\/person\\\/9250197d75ab5483412e19678b121caa\",\"name\":\"admin\",\"image\":{\"@type\":\"ImageObject\",\"inLanguage\":\"es\",\"@id\":\"https:\\\/\\\/secure.gravatar.com\\\/avatar\\\/c44d117c2be811212c22cb481f6b8384b6873de103fbc49e7a03cc58d7dea4ac?s=96&d=mm&r=g\",\"url\":\"https:\\\/\\\/secure.gravatar.com\\\/avatar\\\/c44d117c2be811212c22cb481f6b8384b6873de103fbc49e7a03cc58d7dea4ac?s=96&d=mm&r=g\",\"contentUrl\":\"https:\\\/\\\/secure.gravatar.com\\\/avatar\\\/c44d117c2be811212c22cb481f6b8384b6873de103fbc49e7a03cc58d7dea4ac?s=96&d=mm&r=g\",\"caption\":\"admin\"},\"url\":\"https:\\\/\\\/www.eldiariodetucuman.com\\\/web\\\/author\\\/admin\\\/\"}]}<\/script>\n<!-- \/ Yoast SEO plugin. -->","yoast_head_json":{"title":"Renunci\u00f3 Garrig\u00f3s de R\u00e9bori, una jueza af\u00edn al kirchnerismo - El Diario de Tucuman","robots":{"index":"index","follow":"follow","max-snippet":"max-snippet:-1","max-image-preview":"max-image-preview:large","max-video-preview":"max-video-preview:-1"},"canonical":"https:\/\/www.eldiariodetucuman.com\/web\/renuncio-garrigos-de-rebori-una-jueza-afin-al-kirchnerismo\/","og_locale":"es_ES","og_type":"article","og_title":"Renunci\u00f3 Garrig\u00f3s de R\u00e9bori, una jueza af\u00edn al kirchnerismo - El Diario de Tucuman","og_description":"\u201cMe dirijo al Sr. Ministro para, por su intermedio, hacer llegar al Sr. Presidente de la Naci\u00f3n Argentina mi renuncia al cargo de Jueza de la C\u00e1mara Nacional de Casaci\u00f3n en lo Criminal y Correccional de la Capital Federal\u201d, expresa la carta que ayer la camarista Mar\u00eda Laura Garrig\u00f3s de R\u00e9bori elev\u00f3 al titular de [&hellip;]","og_url":"https:\/\/www.eldiariodetucuman.com\/web\/renuncio-garrigos-de-rebori-una-jueza-afin-al-kirchnerismo\/","og_site_name":"El Diario de Tucuman","article_published_time":"2018-02-28T14:45:24+00:00","article_modified_time":"2018-02-28T14:45:26+00:00","og_image":[{"width":960,"height":638,"url":"https:\/\/www.eldiariodetucuman.com\/web\/wp-content\/uploads\/2018\/02\/d92e37b533dd713e877b62468cc381a1.jpeg","type":"image\/jpeg"}],"author":"admin","twitter_card":"summary_large_image","twitter_misc":{"Escrito por":"admin","Tiempo de lectura":"3 minutos"},"schema":{"@context":"https:\/\/schema.org","@graph":[{"@type":"Article","@id":"https:\/\/www.eldiariodetucuman.com\/web\/renuncio-garrigos-de-rebori-una-jueza-afin-al-kirchnerismo\/#article","isPartOf":{"@id":"https:\/\/www.eldiariodetucuman.com\/web\/renuncio-garrigos-de-rebori-una-jueza-afin-al-kirchnerismo\/"},"author":{"name":"admin","@id":"https:\/\/www.eldiariodetucuman.com\/web\/#\/schema\/person\/9250197d75ab5483412e19678b121caa"},"headline":"Renunci\u00f3 Garrig\u00f3s de R\u00e9bori, una jueza af\u00edn al kirchnerismo","datePublished":"2018-02-28T14:45:24+00:00","dateModified":"2018-02-28T14:45:26+00:00","mainEntityOfPage":{"@id":"https:\/\/www.eldiariodetucuman.com\/web\/renuncio-garrigos-de-rebori-una-jueza-afin-al-kirchnerismo\/"},"wordCount":517,"commentCount":0,"publisher":{"@id":"https:\/\/www.eldiariodetucuman.com\/web\/#organization"},"image":{"@id":"https:\/\/www.eldiariodetucuman.com\/web\/renuncio-garrigos-de-rebori-una-jueza-afin-al-kirchnerismo\/#primaryimage"},"thumbnailUrl":"https:\/\/www.eldiariodetucuman.com\/web\/wp-content\/uploads\/2018\/02\/d92e37b533dd713e877b62468cc381a1.jpeg","articleSection":["Portada"],"inLanguage":"es","potentialAction":[{"@type":"CommentAction","name":"Comment","target":["https:\/\/www.eldiariodetucuman.com\/web\/renuncio-garrigos-de-rebori-una-jueza-afin-al-kirchnerismo\/#respond"]}]},{"@type":"WebPage","@id":"https:\/\/www.eldiariodetucuman.com\/web\/renuncio-garrigos-de-rebori-una-jueza-afin-al-kirchnerismo\/","url":"https:\/\/www.eldiariodetucuman.com\/web\/renuncio-garrigos-de-rebori-una-jueza-afin-al-kirchnerismo\/","name":"Renunci\u00f3 Garrig\u00f3s de R\u00e9bori, una jueza af\u00edn al kirchnerismo - El Diario de Tucuman","isPartOf":{"@id":"https:\/\/www.eldiariodetucuman.com\/web\/#website"},"primaryImageOfPage":{"@id":"https:\/\/www.eldiariodetucuman.com\/web\/renuncio-garrigos-de-rebori-una-jueza-afin-al-kirchnerismo\/#primaryimage"},"image":{"@id":"https:\/\/www.eldiariodetucuman.com\/web\/renuncio-garrigos-de-rebori-una-jueza-afin-al-kirchnerismo\/#primaryimage"},"thumbnailUrl":"https:\/\/www.eldiariodetucuman.com\/web\/wp-content\/uploads\/2018\/02\/d92e37b533dd713e877b62468cc381a1.jpeg","datePublished":"2018-02-28T14:45:24+00:00","dateModified":"2018-02-28T14:45:26+00:00","breadcrumb":{"@id":"https:\/\/www.eldiariodetucuman.com\/web\/renuncio-garrigos-de-rebori-una-jueza-afin-al-kirchnerismo\/#breadcrumb"},"inLanguage":"es","potentialAction":[{"@type":"ReadAction","target":["https:\/\/www.eldiariodetucuman.com\/web\/renuncio-garrigos-de-rebori-una-jueza-afin-al-kirchnerismo\/"]}]},{"@type":"ImageObject","inLanguage":"es","@id":"https:\/\/www.eldiariodetucuman.com\/web\/renuncio-garrigos-de-rebori-una-jueza-afin-al-kirchnerismo\/#primaryimage","url":"https:\/\/www.eldiariodetucuman.com\/web\/wp-content\/uploads\/2018\/02\/d92e37b533dd713e877b62468cc381a1.jpeg","contentUrl":"https:\/\/www.eldiariodetucuman.com\/web\/wp-content\/uploads\/2018\/02\/d92e37b533dd713e877b62468cc381a1.jpeg","width":960,"height":638},{"@type":"BreadcrumbList","@id":"https:\/\/www.eldiariodetucuman.com\/web\/renuncio-garrigos-de-rebori-una-jueza-afin-al-kirchnerismo\/#breadcrumb","itemListElement":[{"@type":"ListItem","position":1,"name":"Portada","item":"https:\/\/www.eldiariodetucuman.com\/web\/"},{"@type":"ListItem","position":2,"name":"Renunci\u00f3 Garrig\u00f3s de R\u00e9bori, una jueza af\u00edn al kirchnerismo"}]},{"@type":"WebSite","@id":"https:\/\/www.eldiariodetucuman.com\/web\/#website","url":"https:\/\/www.eldiariodetucuman.com\/web\/","name":"El Diario de Tucuman","description":"Diario Tucuman - Informaci\u00f3n y noticias","publisher":{"@id":"https:\/\/www.eldiariodetucuman.com\/web\/#organization"},"potentialAction":[{"@type":"SearchAction","target":{"@type":"EntryPoint","urlTemplate":"https:\/\/www.eldiariodetucuman.com\/web\/?s={search_term_string}"},"query-input":{"@type":"PropertyValueSpecification","valueRequired":true,"valueName":"search_term_string"}}],"inLanguage":"es"},{"@type":"Organization","@id":"https:\/\/www.eldiariodetucuman.com\/web\/#organization","name":"El Diario de Tucuman","url":"https:\/\/www.eldiariodetucuman.com\/web\/","logo":{"@type":"ImageObject","inLanguage":"es","@id":"https:\/\/www.eldiariodetucuman.com\/web\/#\/schema\/logo\/image\/","url":"http:\/\/www.eldiariodetucuman.com\/web\/wp-content\/uploads\/2017\/12\/el-diario-de-tucuman.jpg","contentUrl":"http:\/\/www.eldiariodetucuman.com\/web\/wp-content\/uploads\/2017\/12\/el-diario-de-tucuman.jpg","width":272,"height":92,"caption":"El Diario de Tucuman"},"image":{"@id":"https:\/\/www.eldiariodetucuman.com\/web\/#\/schema\/logo\/image\/"}},{"@type":"Person","@id":"https:\/\/www.eldiariodetucuman.com\/web\/#\/schema\/person\/9250197d75ab5483412e19678b121caa","name":"admin","image":{"@type":"ImageObject","inLanguage":"es","@id":"https:\/\/secure.gravatar.com\/avatar\/c44d117c2be811212c22cb481f6b8384b6873de103fbc49e7a03cc58d7dea4ac?s=96&d=mm&r=g","url":"https:\/\/secure.gravatar.com\/avatar\/c44d117c2be811212c22cb481f6b8384b6873de103fbc49e7a03cc58d7dea4ac?s=96&d=mm&r=g","contentUrl":"https:\/\/secure.gravatar.com\/avatar\/c44d117c2be811212c22cb481f6b8384b6873de103fbc49e7a03cc58d7dea4ac?s=96&d=mm&r=g","caption":"admin"},"url":"https:\/\/www.eldiariodetucuman.com\/web\/author\/admin\/"}]}},"_links":{"self":[{"href":"https:\/\/www.eldiariodetucuman.com\/web\/wp-json\/wp\/v2\/posts\/5977","targetHints":{"allow":["GET"]}}],"collection":[{"href":"https:\/\/www.eldiariodetucuman.com\/web\/wp-json\/wp\/v2\/posts"}],"about":[{"href":"https:\/\/www.eldiariodetucuman.com\/web\/wp-json\/wp\/v2\/types\/post"}],"author":[{"embeddable":true,"href":"https:\/\/www.eldiariodetucuman.com\/web\/wp-json\/wp\/v2\/users\/1"}],"replies":[{"embeddable":true,"href":"https:\/\/www.eldiariodetucuman.com\/web\/wp-json\/wp\/v2\/comments?post=5977"}],"version-history":[{"count":1,"href":"https:\/\/www.eldiariodetucuman.com\/web\/wp-json\/wp\/v2\/posts\/5977\/revisions"}],"predecessor-version":[{"id":5979,"href":"https:\/\/www.eldiariodetucuman.com\/web\/wp-json\/wp\/v2\/posts\/5977\/revisions\/5979"}],"wp:featuredmedia":[{"embeddable":true,"href":"https:\/\/www.eldiariodetucuman.com\/web\/wp-json\/wp\/v2\/media\/5978"}],"wp:attachment":[{"href":"https:\/\/www.eldiariodetucuman.com\/web\/wp-json\/wp\/v2\/media?parent=5977"}],"wp:term":[{"taxonomy":"category","embeddable":true,"href":"https:\/\/www.eldiariodetucuman.com\/web\/wp-json\/wp\/v2\/categories?post=5977"},{"taxonomy":"post_tag","embeddable":true,"href":"https:\/\/www.eldiariodetucuman.com\/web\/wp-json\/wp\/v2\/tags?post=5977"}],"curies":[{"name":"wp","href":"https:\/\/api.w.org\/{rel}","templated":true}]}}