{"id":5974,"date":"2018-02-28T11:45:16","date_gmt":"2018-02-28T14:45:16","guid":{"rendered":"http:\/\/www.eldiariodetucuman.com\/web\/acordate-que-aca-no-queremos-la-planta-nuclear\/"},"modified":"2018-02-28T11:45:19","modified_gmt":"2018-02-28T14:45:19","slug":"acordate-que-aca-no-queremos-la-planta-nuclear","status":"publish","type":"post","link":"https:\/\/www.eldiariodetucuman.com\/web\/acordate-que-aca-no-queremos-la-planta-nuclear\/","title":{"rendered":"\u00abAcordate que ac\u00e1 no queremos la planta nuclear\u00bb"},"content":{"rendered":"<div>\n<div readability=\"64.145911949686\">\n<p>El jefe del bloque de senadores de Argentina Federal, <a href=\"https:\/\/www.elintransigente.com\/noticias\/buscar\/?buscar=Miguel+Pichetto+\">Miguel Pichetto<\/a> la pas\u00f3 mal en R\u00edo Negro, su provincia natal, al ser abordado por una persona que le reproch\u00f3 \u201capoyar la instalaci\u00f3n de una planta nuclear\u201d y haber \u201cvotado a favor\u201d de la reforma jubilatoria.<\/p>\n<p>El episodio ocurri\u00f3 ayer cuando el legislador ingresaba a la Universidad Nacional de R\u00edo Negro para participar del acto que se llev\u00f3 a cabo por el d\u00e9cimo aniversario de la casa de altos estudios.\u00a0<\/p>\n<p>En el lugar lo esperaba un hombre que, manteniendo siempre distancia y sin propinar ni un solo insulto, le dijo: \u201c<strong>Saludos de mi abuela, Miguel<\/strong>. Gracias por robarle la plata que le robaste, por votar como votaste \u00a0y <strong>acordate que ac\u00e1 no queremos la planta nuclear<\/strong>\u201d.\u00a0<\/p>\n<p>Al advertir que la intromisi\u00f3n no ser\u00eda un momento grato para el senador, dos personas se le acercaron al vecino que se manifest\u00f3, le chistaron y pusieron distancia, aunque en ning\u00fan momento se ve en el video que se dirigieran con violencia.\u00a0<\/p>\n<p>\u201c<strong>Ac\u00e1 no tiene licencia social la planta nuclear, eh<\/strong>\u201d, fue lo \u00faltimo que se le escucha decir al manifestante, que a pesar de hablarle a Pichetto a pocos metros de distancia no logr\u00f3 obtener una respuesta por parte del senador.\u00a0<\/p>\n<p>La instalaci\u00f3n a la que hac\u00edan referencia en el video es la <strong>Central Nuclear en la localidad de Sierra Grande<\/strong>, que fue abiertamente apoyada por el legislador rionegrino.\u00a0<\/p>\n<p>En tanto, los<a href=\"https:\/\/www.elintransigente.com\/sociedad\/2017\/7\/5\/vecinos-negro-rechazan-planta-nuclear-china-444138.html\"> vecinos autoconvocados de la \u00abAsamblea No Nuclear\u201d <\/a>de Viedma presentaron, en la Legislatura de R\u00edo Negro un documento con 5.522 firmas, en rechazo a la instalaci\u00f3n de una planta nuclear generadora de energ\u00eda el\u00e9ctrica en cercan\u00edas de la localidad de Sierra Grande.\u00a0<\/p>\n<p>Se trata del proyecto de la empresa china que acordaron entre la provincia, el Gobierno de Mauricio Macri y su par asi\u00e1tico.\u00bbLas firmas son de vecinos de Viedma y otras localidades, y las juntamos en menos de un mes. Todav\u00eda seguimos juntando, porque es mucha la gente que est\u00e1 en contra\u201d, dijo Carolina Leonardelli, integrante de la Asamblea.\u00a0<\/p>\n<p>Los asamble\u00edstas realizaron varios eventos durante junio, siendo algunos en la Catedral Nuestra Se\u00f1ora de la Merced de la capital rionegrina, espect\u00e1culos art\u00edsticos en la Plaza Adolfo Alsina y proyecci\u00f3n de documentales en el cine Gama y el Centro Universitario Regional Zona Atl\u00e1ntica (Curza) de la Universidad Nacional del Comahue (UNCO).<br \/>\n\u00a0<\/p>\n<p>\n    <iframe loading=\"lazy\" width=\"560\" height=\"315\" src=\"https:\/\/www.youtube.com\/embed\/nT3QurU_K0A\" frameborder=\"0\" allow=\"autoplay; encrypted-media\" allowfullscreen=\"\"><\/iframe>\n    <\/p>\n<\/div>\n<\/div>\n<p>Fuente: https:\/\/www.elintransigente.com\/politica\/2018\/2\/28\/acordate-que-aca-no-queremos-la-planta-nuclear-480361.html<\/p>\n","protected":false},"excerpt":{"rendered":"<p>El jefe del bloque de senadores de Argentina Federal, Miguel Pichetto la pas\u00f3 mal en R\u00edo Negro, su provincia natal, al ser abordado por una persona que le reproch\u00f3 \u201capoyar la instalaci\u00f3n de una planta nuclear\u201d y haber \u201cvotado a favor\u201d de la reforma jubilatoria. El episodio ocurri\u00f3 ayer cuando el legislador ingresaba a la [&hellip;]<\/p>\n","protected":false},"author":1,"featured_media":5975,"comment_status":"open","ping_status":"closed","sticky":false,"template":"","format":"standard","meta":{"footnotes":""},"categories":[1],"tags":[],"class_list":{"0":"post-5974","1":"post","2":"type-post","3":"status-publish","4":"format-standard","5":"has-post-thumbnail","7":"category-portada"},"yoast_head":"<!-- This site is optimized with the Yoast SEO plugin v27.5 - https:\/\/yoast.com\/product\/yoast-seo-wordpress\/ -->\n<title>&quot;Acordate que ac\u00e1 no queremos la planta nuclear&quot; - El Diario de Tucuman<\/title>\n<meta name=\"robots\" content=\"index, follow, max-snippet:-1, max-image-preview:large, max-video-preview:-1\" \/>\n<link rel=\"canonical\" href=\"https:\/\/www.eldiariodetucuman.com\/web\/acordate-que-aca-no-queremos-la-planta-nuclear\/\" \/>\n<meta property=\"og:locale\" content=\"es_ES\" \/>\n<meta property=\"og:type\" content=\"article\" \/>\n<meta property=\"og:title\" content=\"&quot;Acordate que ac\u00e1 no queremos la planta nuclear&quot; - El Diario de Tucuman\" \/>\n<meta property=\"og:description\" content=\"El jefe del bloque de senadores de Argentina Federal, Miguel Pichetto la pas\u00f3 mal en R\u00edo Negro, su provincia natal, al ser abordado por una persona que le reproch\u00f3 \u201capoyar la instalaci\u00f3n de una planta nuclear\u201d y haber \u201cvotado a favor\u201d de la reforma jubilatoria. El episodio ocurri\u00f3 ayer cuando el legislador ingresaba a la [&hellip;]\" \/>\n<meta property=\"og:url\" content=\"https:\/\/www.eldiariodetucuman.com\/web\/acordate-que-aca-no-queremos-la-planta-nuclear\/\" \/>\n<meta property=\"og:site_name\" content=\"El Diario de Tucuman\" \/>\n<meta property=\"article:published_time\" content=\"2018-02-28T14:45:16+00:00\" \/>\n<meta property=\"article:modified_time\" content=\"2018-02-28T14:45:19+00:00\" \/>\n<meta property=\"og:image\" content=\"https:\/\/www.eldiariodetucuman.com\/web\/wp-content\/uploads\/2018\/02\/4f022d41379cb3053b91442e1493910c.jpeg\" \/>\n\t<meta property=\"og:image:width\" content=\"960\" \/>\n\t<meta property=\"og:image:height\" content=\"540\" \/>\n\t<meta property=\"og:image:type\" content=\"image\/jpeg\" \/>\n<meta name=\"author\" content=\"admin\" \/>\n<meta name=\"twitter:card\" content=\"summary_large_image\" \/>\n<meta name=\"twitter:label1\" content=\"Escrito por\" \/>\n\t<meta name=\"twitter:data1\" content=\"admin\" \/>\n\t<meta name=\"twitter:label2\" content=\"Tiempo de lectura\" \/>\n\t<meta name=\"twitter:data2\" content=\"2 minutos\" \/>\n<script type=\"application\/ld+json\" class=\"yoast-schema-graph\">{\"@context\":\"https:\\\/\\\/schema.org\",\"@graph\":[{\"@type\":\"Article\",\"@id\":\"https:\\\/\\\/www.eldiariodetucuman.com\\\/web\\\/acordate-que-aca-no-queremos-la-planta-nuclear\\\/#article\",\"isPartOf\":{\"@id\":\"https:\\\/\\\/www.eldiariodetucuman.com\\\/web\\\/acordate-que-aca-no-queremos-la-planta-nuclear\\\/\"},\"author\":{\"name\":\"admin\",\"@id\":\"https:\\\/\\\/www.eldiariodetucuman.com\\\/web\\\/#\\\/schema\\\/person\\\/9250197d75ab5483412e19678b121caa\"},\"headline\":\"\u00abAcordate que ac\u00e1 no queremos la planta nuclear\u00bb\",\"datePublished\":\"2018-02-28T14:45:16+00:00\",\"dateModified\":\"2018-02-28T14:45:19+00:00\",\"mainEntityOfPage\":{\"@id\":\"https:\\\/\\\/www.eldiariodetucuman.com\\\/web\\\/acordate-que-aca-no-queremos-la-planta-nuclear\\\/\"},\"wordCount\":427,\"commentCount\":0,\"publisher\":{\"@id\":\"https:\\\/\\\/www.eldiariodetucuman.com\\\/web\\\/#organization\"},\"image\":{\"@id\":\"https:\\\/\\\/www.eldiariodetucuman.com\\\/web\\\/acordate-que-aca-no-queremos-la-planta-nuclear\\\/#primaryimage\"},\"thumbnailUrl\":\"https:\\\/\\\/www.eldiariodetucuman.com\\\/web\\\/wp-content\\\/uploads\\\/2018\\\/02\\\/4f022d41379cb3053b91442e1493910c.jpeg\",\"articleSection\":[\"Portada\"],\"inLanguage\":\"es\",\"potentialAction\":[{\"@type\":\"CommentAction\",\"name\":\"Comment\",\"target\":[\"https:\\\/\\\/www.eldiariodetucuman.com\\\/web\\\/acordate-que-aca-no-queremos-la-planta-nuclear\\\/#respond\"]}]},{\"@type\":\"WebPage\",\"@id\":\"https:\\\/\\\/www.eldiariodetucuman.com\\\/web\\\/acordate-que-aca-no-queremos-la-planta-nuclear\\\/\",\"url\":\"https:\\\/\\\/www.eldiariodetucuman.com\\\/web\\\/acordate-que-aca-no-queremos-la-planta-nuclear\\\/\",\"name\":\"\\\"Acordate que ac\u00e1 no queremos la planta nuclear\\\" - El Diario de Tucuman\",\"isPartOf\":{\"@id\":\"https:\\\/\\\/www.eldiariodetucuman.com\\\/web\\\/#website\"},\"primaryImageOfPage\":{\"@id\":\"https:\\\/\\\/www.eldiariodetucuman.com\\\/web\\\/acordate-que-aca-no-queremos-la-planta-nuclear\\\/#primaryimage\"},\"image\":{\"@id\":\"https:\\\/\\\/www.eldiariodetucuman.com\\\/web\\\/acordate-que-aca-no-queremos-la-planta-nuclear\\\/#primaryimage\"},\"thumbnailUrl\":\"https:\\\/\\\/www.eldiariodetucuman.com\\\/web\\\/wp-content\\\/uploads\\\/2018\\\/02\\\/4f022d41379cb3053b91442e1493910c.jpeg\",\"datePublished\":\"2018-02-28T14:45:16+00:00\",\"dateModified\":\"2018-02-28T14:45:19+00:00\",\"breadcrumb\":{\"@id\":\"https:\\\/\\\/www.eldiariodetucuman.com\\\/web\\\/acordate-que-aca-no-queremos-la-planta-nuclear\\\/#breadcrumb\"},\"inLanguage\":\"es\",\"potentialAction\":[{\"@type\":\"ReadAction\",\"target\":[\"https:\\\/\\\/www.eldiariodetucuman.com\\\/web\\\/acordate-que-aca-no-queremos-la-planta-nuclear\\\/\"]}]},{\"@type\":\"ImageObject\",\"inLanguage\":\"es\",\"@id\":\"https:\\\/\\\/www.eldiariodetucuman.com\\\/web\\\/acordate-que-aca-no-queremos-la-planta-nuclear\\\/#primaryimage\",\"url\":\"https:\\\/\\\/www.eldiariodetucuman.com\\\/web\\\/wp-content\\\/uploads\\\/2018\\\/02\\\/4f022d41379cb3053b91442e1493910c.jpeg\",\"contentUrl\":\"https:\\\/\\\/www.eldiariodetucuman.com\\\/web\\\/wp-content\\\/uploads\\\/2018\\\/02\\\/4f022d41379cb3053b91442e1493910c.jpeg\",\"width\":960,\"height\":540},{\"@type\":\"BreadcrumbList\",\"@id\":\"https:\\\/\\\/www.eldiariodetucuman.com\\\/web\\\/acordate-que-aca-no-queremos-la-planta-nuclear\\\/#breadcrumb\",\"itemListElement\":[{\"@type\":\"ListItem\",\"position\":1,\"name\":\"Portada\",\"item\":\"https:\\\/\\\/www.eldiariodetucuman.com\\\/web\\\/\"},{\"@type\":\"ListItem\",\"position\":2,\"name\":\"\u00abAcordate que ac\u00e1 no queremos la planta nuclear\u00bb\"}]},{\"@type\":\"WebSite\",\"@id\":\"https:\\\/\\\/www.eldiariodetucuman.com\\\/web\\\/#website\",\"url\":\"https:\\\/\\\/www.eldiariodetucuman.com\\\/web\\\/\",\"name\":\"El Diario de Tucuman\",\"description\":\"Diario Tucuman - Informaci\u00f3n y noticias\",\"publisher\":{\"@id\":\"https:\\\/\\\/www.eldiariodetucuman.com\\\/web\\\/#organization\"},\"potentialAction\":[{\"@type\":\"SearchAction\",\"target\":{\"@type\":\"EntryPoint\",\"urlTemplate\":\"https:\\\/\\\/www.eldiariodetucuman.com\\\/web\\\/?s={search_term_string}\"},\"query-input\":{\"@type\":\"PropertyValueSpecification\",\"valueRequired\":true,\"valueName\":\"search_term_string\"}}],\"inLanguage\":\"es\"},{\"@type\":\"Organization\",\"@id\":\"https:\\\/\\\/www.eldiariodetucuman.com\\\/web\\\/#organization\",\"name\":\"El Diario de Tucuman\",\"url\":\"https:\\\/\\\/www.eldiariodetucuman.com\\\/web\\\/\",\"logo\":{\"@type\":\"ImageObject\",\"inLanguage\":\"es\",\"@id\":\"https:\\\/\\\/www.eldiariodetucuman.com\\\/web\\\/#\\\/schema\\\/logo\\\/image\\\/\",\"url\":\"http:\\\/\\\/www.eldiariodetucuman.com\\\/web\\\/wp-content\\\/uploads\\\/2017\\\/12\\\/el-diario-de-tucuman.jpg\",\"contentUrl\":\"http:\\\/\\\/www.eldiariodetucuman.com\\\/web\\\/wp-content\\\/uploads\\\/2017\\\/12\\\/el-diario-de-tucuman.jpg\",\"width\":272,\"height\":92,\"caption\":\"El Diario de Tucuman\"},\"image\":{\"@id\":\"https:\\\/\\\/www.eldiariodetucuman.com\\\/web\\\/#\\\/schema\\\/logo\\\/image\\\/\"}},{\"@type\":\"Person\",\"@id\":\"https:\\\/\\\/www.eldiariodetucuman.com\\\/web\\\/#\\\/schema\\\/person\\\/9250197d75ab5483412e19678b121caa\",\"name\":\"admin\",\"image\":{\"@type\":\"ImageObject\",\"inLanguage\":\"es\",\"@id\":\"https:\\\/\\\/secure.gravatar.com\\\/avatar\\\/c44d117c2be811212c22cb481f6b8384b6873de103fbc49e7a03cc58d7dea4ac?s=96&d=mm&r=g\",\"url\":\"https:\\\/\\\/secure.gravatar.com\\\/avatar\\\/c44d117c2be811212c22cb481f6b8384b6873de103fbc49e7a03cc58d7dea4ac?s=96&d=mm&r=g\",\"contentUrl\":\"https:\\\/\\\/secure.gravatar.com\\\/avatar\\\/c44d117c2be811212c22cb481f6b8384b6873de103fbc49e7a03cc58d7dea4ac?s=96&d=mm&r=g\",\"caption\":\"admin\"},\"url\":\"https:\\\/\\\/www.eldiariodetucuman.com\\\/web\\\/author\\\/admin\\\/\"}]}<\/script>\n<!-- \/ Yoast SEO plugin. -->","yoast_head_json":{"title":"\"Acordate que ac\u00e1 no queremos la planta nuclear\" - El Diario de Tucuman","robots":{"index":"index","follow":"follow","max-snippet":"max-snippet:-1","max-image-preview":"max-image-preview:large","max-video-preview":"max-video-preview:-1"},"canonical":"https:\/\/www.eldiariodetucuman.com\/web\/acordate-que-aca-no-queremos-la-planta-nuclear\/","og_locale":"es_ES","og_type":"article","og_title":"\"Acordate que ac\u00e1 no queremos la planta nuclear\" - El Diario de Tucuman","og_description":"El jefe del bloque de senadores de Argentina Federal, Miguel Pichetto la pas\u00f3 mal en R\u00edo Negro, su provincia natal, al ser abordado por una persona que le reproch\u00f3 \u201capoyar la instalaci\u00f3n de una planta nuclear\u201d y haber \u201cvotado a favor\u201d de la reforma jubilatoria. El episodio ocurri\u00f3 ayer cuando el legislador ingresaba a la [&hellip;]","og_url":"https:\/\/www.eldiariodetucuman.com\/web\/acordate-que-aca-no-queremos-la-planta-nuclear\/","og_site_name":"El Diario de Tucuman","article_published_time":"2018-02-28T14:45:16+00:00","article_modified_time":"2018-02-28T14:45:19+00:00","og_image":[{"width":960,"height":540,"url":"https:\/\/www.eldiariodetucuman.com\/web\/wp-content\/uploads\/2018\/02\/4f022d41379cb3053b91442e1493910c.jpeg","type":"image\/jpeg"}],"author":"admin","twitter_card":"summary_large_image","twitter_misc":{"Escrito por":"admin","Tiempo de lectura":"2 minutos"},"schema":{"@context":"https:\/\/schema.org","@graph":[{"@type":"Article","@id":"https:\/\/www.eldiariodetucuman.com\/web\/acordate-que-aca-no-queremos-la-planta-nuclear\/#article","isPartOf":{"@id":"https:\/\/www.eldiariodetucuman.com\/web\/acordate-que-aca-no-queremos-la-planta-nuclear\/"},"author":{"name":"admin","@id":"https:\/\/www.eldiariodetucuman.com\/web\/#\/schema\/person\/9250197d75ab5483412e19678b121caa"},"headline":"\u00abAcordate que ac\u00e1 no queremos la planta nuclear\u00bb","datePublished":"2018-02-28T14:45:16+00:00","dateModified":"2018-02-28T14:45:19+00:00","mainEntityOfPage":{"@id":"https:\/\/www.eldiariodetucuman.com\/web\/acordate-que-aca-no-queremos-la-planta-nuclear\/"},"wordCount":427,"commentCount":0,"publisher":{"@id":"https:\/\/www.eldiariodetucuman.com\/web\/#organization"},"image":{"@id":"https:\/\/www.eldiariodetucuman.com\/web\/acordate-que-aca-no-queremos-la-planta-nuclear\/#primaryimage"},"thumbnailUrl":"https:\/\/www.eldiariodetucuman.com\/web\/wp-content\/uploads\/2018\/02\/4f022d41379cb3053b91442e1493910c.jpeg","articleSection":["Portada"],"inLanguage":"es","potentialAction":[{"@type":"CommentAction","name":"Comment","target":["https:\/\/www.eldiariodetucuman.com\/web\/acordate-que-aca-no-queremos-la-planta-nuclear\/#respond"]}]},{"@type":"WebPage","@id":"https:\/\/www.eldiariodetucuman.com\/web\/acordate-que-aca-no-queremos-la-planta-nuclear\/","url":"https:\/\/www.eldiariodetucuman.com\/web\/acordate-que-aca-no-queremos-la-planta-nuclear\/","name":"\"Acordate que ac\u00e1 no queremos la planta nuclear\" - El Diario de Tucuman","isPartOf":{"@id":"https:\/\/www.eldiariodetucuman.com\/web\/#website"},"primaryImageOfPage":{"@id":"https:\/\/www.eldiariodetucuman.com\/web\/acordate-que-aca-no-queremos-la-planta-nuclear\/#primaryimage"},"image":{"@id":"https:\/\/www.eldiariodetucuman.com\/web\/acordate-que-aca-no-queremos-la-planta-nuclear\/#primaryimage"},"thumbnailUrl":"https:\/\/www.eldiariodetucuman.com\/web\/wp-content\/uploads\/2018\/02\/4f022d41379cb3053b91442e1493910c.jpeg","datePublished":"2018-02-28T14:45:16+00:00","dateModified":"2018-02-28T14:45:19+00:00","breadcrumb":{"@id":"https:\/\/www.eldiariodetucuman.com\/web\/acordate-que-aca-no-queremos-la-planta-nuclear\/#breadcrumb"},"inLanguage":"es","potentialAction":[{"@type":"ReadAction","target":["https:\/\/www.eldiariodetucuman.com\/web\/acordate-que-aca-no-queremos-la-planta-nuclear\/"]}]},{"@type":"ImageObject","inLanguage":"es","@id":"https:\/\/www.eldiariodetucuman.com\/web\/acordate-que-aca-no-queremos-la-planta-nuclear\/#primaryimage","url":"https:\/\/www.eldiariodetucuman.com\/web\/wp-content\/uploads\/2018\/02\/4f022d41379cb3053b91442e1493910c.jpeg","contentUrl":"https:\/\/www.eldiariodetucuman.com\/web\/wp-content\/uploads\/2018\/02\/4f022d41379cb3053b91442e1493910c.jpeg","width":960,"height":540},{"@type":"BreadcrumbList","@id":"https:\/\/www.eldiariodetucuman.com\/web\/acordate-que-aca-no-queremos-la-planta-nuclear\/#breadcrumb","itemListElement":[{"@type":"ListItem","position":1,"name":"Portada","item":"https:\/\/www.eldiariodetucuman.com\/web\/"},{"@type":"ListItem","position":2,"name":"\u00abAcordate que ac\u00e1 no queremos la planta nuclear\u00bb"}]},{"@type":"WebSite","@id":"https:\/\/www.eldiariodetucuman.com\/web\/#website","url":"https:\/\/www.eldiariodetucuman.com\/web\/","name":"El Diario de Tucuman","description":"Diario Tucuman - Informaci\u00f3n y noticias","publisher":{"@id":"https:\/\/www.eldiariodetucuman.com\/web\/#organization"},"potentialAction":[{"@type":"SearchAction","target":{"@type":"EntryPoint","urlTemplate":"https:\/\/www.eldiariodetucuman.com\/web\/?s={search_term_string}"},"query-input":{"@type":"PropertyValueSpecification","valueRequired":true,"valueName":"search_term_string"}}],"inLanguage":"es"},{"@type":"Organization","@id":"https:\/\/www.eldiariodetucuman.com\/web\/#organization","name":"El Diario de Tucuman","url":"https:\/\/www.eldiariodetucuman.com\/web\/","logo":{"@type":"ImageObject","inLanguage":"es","@id":"https:\/\/www.eldiariodetucuman.com\/web\/#\/schema\/logo\/image\/","url":"http:\/\/www.eldiariodetucuman.com\/web\/wp-content\/uploads\/2017\/12\/el-diario-de-tucuman.jpg","contentUrl":"http:\/\/www.eldiariodetucuman.com\/web\/wp-content\/uploads\/2017\/12\/el-diario-de-tucuman.jpg","width":272,"height":92,"caption":"El Diario de Tucuman"},"image":{"@id":"https:\/\/www.eldiariodetucuman.com\/web\/#\/schema\/logo\/image\/"}},{"@type":"Person","@id":"https:\/\/www.eldiariodetucuman.com\/web\/#\/schema\/person\/9250197d75ab5483412e19678b121caa","name":"admin","image":{"@type":"ImageObject","inLanguage":"es","@id":"https:\/\/secure.gravatar.com\/avatar\/c44d117c2be811212c22cb481f6b8384b6873de103fbc49e7a03cc58d7dea4ac?s=96&d=mm&r=g","url":"https:\/\/secure.gravatar.com\/avatar\/c44d117c2be811212c22cb481f6b8384b6873de103fbc49e7a03cc58d7dea4ac?s=96&d=mm&r=g","contentUrl":"https:\/\/secure.gravatar.com\/avatar\/c44d117c2be811212c22cb481f6b8384b6873de103fbc49e7a03cc58d7dea4ac?s=96&d=mm&r=g","caption":"admin"},"url":"https:\/\/www.eldiariodetucuman.com\/web\/author\/admin\/"}]}},"_links":{"self":[{"href":"https:\/\/www.eldiariodetucuman.com\/web\/wp-json\/wp\/v2\/posts\/5974","targetHints":{"allow":["GET"]}}],"collection":[{"href":"https:\/\/www.eldiariodetucuman.com\/web\/wp-json\/wp\/v2\/posts"}],"about":[{"href":"https:\/\/www.eldiariodetucuman.com\/web\/wp-json\/wp\/v2\/types\/post"}],"author":[{"embeddable":true,"href":"https:\/\/www.eldiariodetucuman.com\/web\/wp-json\/wp\/v2\/users\/1"}],"replies":[{"embeddable":true,"href":"https:\/\/www.eldiariodetucuman.com\/web\/wp-json\/wp\/v2\/comments?post=5974"}],"version-history":[{"count":1,"href":"https:\/\/www.eldiariodetucuman.com\/web\/wp-json\/wp\/v2\/posts\/5974\/revisions"}],"predecessor-version":[{"id":5976,"href":"https:\/\/www.eldiariodetucuman.com\/web\/wp-json\/wp\/v2\/posts\/5974\/revisions\/5976"}],"wp:featuredmedia":[{"embeddable":true,"href":"https:\/\/www.eldiariodetucuman.com\/web\/wp-json\/wp\/v2\/media\/5975"}],"wp:attachment":[{"href":"https:\/\/www.eldiariodetucuman.com\/web\/wp-json\/wp\/v2\/media?parent=5974"}],"wp:term":[{"taxonomy":"category","embeddable":true,"href":"https:\/\/www.eldiariodetucuman.com\/web\/wp-json\/wp\/v2\/categories?post=5974"},{"taxonomy":"post_tag","embeddable":true,"href":"https:\/\/www.eldiariodetucuman.com\/web\/wp-json\/wp\/v2\/tags?post=5974"}],"curies":[{"name":"wp","href":"https:\/\/api.w.org\/{rel}","templated":true}]}}