{"id":5955,"date":"2018-02-27T12:50:47","date_gmt":"2018-02-27T15:50:47","guid":{"rendered":"http:\/\/www.eldiariodetucuman.com\/web\/el-frio-glacial-castiga-a-europa-con-temperaturas-bajo-cero\/"},"modified":"2018-02-27T12:50:47","modified_gmt":"2018-02-27T15:50:47","slug":"el-frio-glacial-castiga-a-europa-con-temperaturas-bajo-cero","status":"publish","type":"post","link":"https:\/\/www.eldiariodetucuman.com\/web\/el-frio-glacial-castiga-a-europa-con-temperaturas-bajo-cero\/","title":{"rendered":"El fr\u00edo glacial castiga a Europa con temperaturas bajo cero"},"content":{"rendered":"<div>\n<div itemprop=\"articleBody\" readability=\"93.326037735849\">\n<p>Una intensa ola polar sacude desde el s\u00e1bado a gran parte de   <a href=\"https:\/\/www.cronica.com.ar\/tags\/Europa\">Europa<\/a>, con un fr\u00edo glacial de   <a href=\"https:\/\/www.cronica.com.ar\/tags\/Siberia\">Siberia<\/a> que lleg\u00f3 con temperaturas de hasta 25\u00b0 grados bajo cero, tal como ocurri\u00f3 en varias ciudades de Polonia.<\/p>\n<p>El fen\u00f3meno caus\u00f3 problemas de todo tipo. Desde vuelos cancelados hasta carreteras cubiertas de nieve que hicieron imposible el desplazamiento de los veh\u00edculos. Como es de suponer, las autoridades piden a la poblaci\u00f3n prevenir cualquier tipo de accidentes y, de manera fundamental, vigilar a los m\u00e1s vulnerables: los ni\u00f1os y los ancianos. Las condiciones mejorar\u00e1n reci\u00e9n el pr\u00f3ximo fin de semana, donde seguir\u00e1 el fr\u00edo aunque no tan intenso.<\/p>\n<p>En Francia, la gente teme que haya problemas con el suministro de energ\u00eda, aunque se inform\u00f3 que no habr\u00e1 ning\u00fan tipo de inconvenientes al respecto. En Par\u00eds, la alcaid\u00eda abri\u00f3 lugares para indigentes y necesitados. Gimnasios y centros deportivos fueron armados especialmente para quienes se encuentran en situaci\u00f3n de calle.<\/p>\n<p>En Gran Breta\u00f1a , el fen\u00f3meno se hizo sentir en la mayor\u00eda de las ciudades, donde las temperaturas medias fueron inferiores a los 7 grados bajo cero. Se anuncian fuertes nevadas, se cancelaron trenes y en distintos puntos las carreteras colapsaron<\/p>\n<p>En Londres, por ejemplo, se ha activado el programa de <em>\u00absevera meteorolog\u00eda\u00bb<\/em> y piden a la poblaci\u00f3n que informe si ve a alguien durmiendo en la calle. Equipamiento para descongelar las v\u00edas de tren est\u00e1n trabajando pero recomiendan a los usuarios que chequeen los itinerarios y horarios. El doctor <strong>Thomas Waite<\/strong>, del equipo de <em>\u00abExtremos eventos\u00bb<\/em>, sugiri\u00f3 <em>\u00ablimpiar las veredas de hielos y caminos para evitar ca\u00eddas y fracturas\u00bb.<\/em><\/p>\n<p>La ola de fr\u00edo siberiano, que han llamado Burian, alcanz\u00f3 tambi\u00e9n a   <a href=\"https:\/\/www.cronica.com.ar\/tags\/Italia\">Italia<\/a>, provocando copiosas nevadas en el norte y un fr\u00edo intenso que ha llegado hasta los 20 grados bajo cero en algunas localidades y este lunes alcanz\u00f3 el centro del pa\u00eds y Roma, donde no nevaba con tanta intensidad desde 2012.<\/p>\n<p>Una copiosa nevada cay\u00f3 durante m\u00e1s de ocho horas en Roma y se acumularon varios cent\u00edmetros de nieve, lo que provoc\u00f3 problemas en la circulaci\u00f3n urbana y tambi\u00e9n en los ferrocarriles, que acumularon retrasos de varias horas y algunas cancelaciones.<\/p>\n<p>Tambi\u00e9n enormes retrasos en los aeropuertos romanos de Fiumicino y Ciampino, donde tuvieron que ser cerradas durante ciertas horas algunas pistas para proceder a retirar la nieve.<\/p>\n<p>A pesar de las dificultades del trafico, los romanos y turistas est\u00e1n disfrutando de la inusual nevada y de la belleza de los monumentos de la capital, como el Coliseo o la plaza de San Pedro cubiertos totalmente de blanco.<\/p>\n<\/div>\n<\/div>\n","protected":false},"excerpt":{"rendered":"<p>Una intensa ola polar sacude desde el s\u00e1bado a gran parte de Europa, con un fr\u00edo glacial de Siberia que lleg\u00f3 con temperaturas de hasta 25\u00b0 grados bajo cero, tal como ocurri\u00f3 en varias ciudades de Polonia. El fen\u00f3meno caus\u00f3 problemas de todo tipo. Desde vuelos cancelados hasta carreteras cubiertas de nieve que hicieron imposible [&hellip;]<\/p>\n","protected":false},"author":4,"featured_media":5956,"comment_status":"open","ping_status":"closed","sticky":false,"template":"","format":"standard","meta":{"footnotes":""},"categories":[194],"tags":[],"class_list":{"0":"post-5955","1":"post","2":"type-post","3":"status-publish","4":"format-standard","5":"has-post-thumbnail","7":"category-internacionales"},"yoast_head":"<!-- This site is optimized with the Yoast SEO plugin v27.5 - https:\/\/yoast.com\/product\/yoast-seo-wordpress\/ -->\n<title>El fr\u00edo glacial castiga a Europa con temperaturas bajo cero - El Diario de Tucuman<\/title>\n<meta name=\"robots\" content=\"index, follow, max-snippet:-1, max-image-preview:large, max-video-preview:-1\" \/>\n<link rel=\"canonical\" href=\"https:\/\/www.eldiariodetucuman.com\/web\/el-frio-glacial-castiga-a-europa-con-temperaturas-bajo-cero\/\" \/>\n<meta property=\"og:locale\" content=\"es_ES\" \/>\n<meta property=\"og:type\" content=\"article\" \/>\n<meta property=\"og:title\" content=\"El fr\u00edo glacial castiga a Europa con temperaturas bajo cero - El Diario de Tucuman\" \/>\n<meta property=\"og:description\" content=\"Una intensa ola polar sacude desde el s\u00e1bado a gran parte de Europa, con un fr\u00edo glacial de Siberia que lleg\u00f3 con temperaturas de hasta 25\u00b0 grados bajo cero, tal como ocurri\u00f3 en varias ciudades de Polonia. El fen\u00f3meno caus\u00f3 problemas de todo tipo. Desde vuelos cancelados hasta carreteras cubiertas de nieve que hicieron imposible [&hellip;]\" \/>\n<meta property=\"og:url\" content=\"https:\/\/www.eldiariodetucuman.com\/web\/el-frio-glacial-castiga-a-europa-con-temperaturas-bajo-cero\/\" \/>\n<meta property=\"og:site_name\" content=\"El Diario de Tucuman\" \/>\n<meta property=\"article:published_time\" content=\"2018-02-27T15:50:47+00:00\" \/>\n<meta property=\"og:image\" content=\"https:\/\/www.eldiariodetucuman.com\/web\/wp-content\/uploads\/2018\/02\/02f7b88a7141ee32ac17d756f30eadee.jpeg\" \/>\n\t<meta property=\"og:image:width\" content=\"970\" \/>\n\t<meta property=\"og:image:height\" content=\"546\" \/>\n\t<meta property=\"og:image:type\" content=\"image\/jpeg\" \/>\n<meta name=\"author\" content=\"eldiario detucuman\" \/>\n<meta name=\"twitter:card\" content=\"summary_large_image\" \/>\n<meta name=\"twitter:label1\" content=\"Escrito por\" \/>\n\t<meta name=\"twitter:data1\" content=\"eldiario detucuman\" \/>\n\t<meta name=\"twitter:label2\" content=\"Tiempo de lectura\" \/>\n\t<meta name=\"twitter:data2\" content=\"2 minutos\" \/>\n<script type=\"application\/ld+json\" class=\"yoast-schema-graph\">{\"@context\":\"https:\\\/\\\/schema.org\",\"@graph\":[{\"@type\":\"Article\",\"@id\":\"https:\\\/\\\/www.eldiariodetucuman.com\\\/web\\\/el-frio-glacial-castiga-a-europa-con-temperaturas-bajo-cero\\\/#article\",\"isPartOf\":{\"@id\":\"https:\\\/\\\/www.eldiariodetucuman.com\\\/web\\\/el-frio-glacial-castiga-a-europa-con-temperaturas-bajo-cero\\\/\"},\"author\":{\"name\":\"eldiario detucuman\",\"@id\":\"https:\\\/\\\/www.eldiariodetucuman.com\\\/web\\\/#\\\/schema\\\/person\\\/6f95946e54fde848b878ffa4928071d5\"},\"headline\":\"El fr\u00edo glacial castiga a Europa con temperaturas bajo cero\",\"datePublished\":\"2018-02-27T15:50:47+00:00\",\"mainEntityOfPage\":{\"@id\":\"https:\\\/\\\/www.eldiariodetucuman.com\\\/web\\\/el-frio-glacial-castiga-a-europa-con-temperaturas-bajo-cero\\\/\"},\"wordCount\":466,\"commentCount\":0,\"publisher\":{\"@id\":\"https:\\\/\\\/www.eldiariodetucuman.com\\\/web\\\/#organization\"},\"image\":{\"@id\":\"https:\\\/\\\/www.eldiariodetucuman.com\\\/web\\\/el-frio-glacial-castiga-a-europa-con-temperaturas-bajo-cero\\\/#primaryimage\"},\"thumbnailUrl\":\"https:\\\/\\\/www.eldiariodetucuman.com\\\/web\\\/wp-content\\\/uploads\\\/2018\\\/02\\\/02f7b88a7141ee32ac17d756f30eadee.jpeg\",\"articleSection\":[\"Internacionales\"],\"inLanguage\":\"es\",\"potentialAction\":[{\"@type\":\"CommentAction\",\"name\":\"Comment\",\"target\":[\"https:\\\/\\\/www.eldiariodetucuman.com\\\/web\\\/el-frio-glacial-castiga-a-europa-con-temperaturas-bajo-cero\\\/#respond\"]}]},{\"@type\":\"WebPage\",\"@id\":\"https:\\\/\\\/www.eldiariodetucuman.com\\\/web\\\/el-frio-glacial-castiga-a-europa-con-temperaturas-bajo-cero\\\/\",\"url\":\"https:\\\/\\\/www.eldiariodetucuman.com\\\/web\\\/el-frio-glacial-castiga-a-europa-con-temperaturas-bajo-cero\\\/\",\"name\":\"El fr\u00edo glacial castiga a Europa con temperaturas bajo cero - El Diario de Tucuman\",\"isPartOf\":{\"@id\":\"https:\\\/\\\/www.eldiariodetucuman.com\\\/web\\\/#website\"},\"primaryImageOfPage\":{\"@id\":\"https:\\\/\\\/www.eldiariodetucuman.com\\\/web\\\/el-frio-glacial-castiga-a-europa-con-temperaturas-bajo-cero\\\/#primaryimage\"},\"image\":{\"@id\":\"https:\\\/\\\/www.eldiariodetucuman.com\\\/web\\\/el-frio-glacial-castiga-a-europa-con-temperaturas-bajo-cero\\\/#primaryimage\"},\"thumbnailUrl\":\"https:\\\/\\\/www.eldiariodetucuman.com\\\/web\\\/wp-content\\\/uploads\\\/2018\\\/02\\\/02f7b88a7141ee32ac17d756f30eadee.jpeg\",\"datePublished\":\"2018-02-27T15:50:47+00:00\",\"breadcrumb\":{\"@id\":\"https:\\\/\\\/www.eldiariodetucuman.com\\\/web\\\/el-frio-glacial-castiga-a-europa-con-temperaturas-bajo-cero\\\/#breadcrumb\"},\"inLanguage\":\"es\",\"potentialAction\":[{\"@type\":\"ReadAction\",\"target\":[\"https:\\\/\\\/www.eldiariodetucuman.com\\\/web\\\/el-frio-glacial-castiga-a-europa-con-temperaturas-bajo-cero\\\/\"]}]},{\"@type\":\"ImageObject\",\"inLanguage\":\"es\",\"@id\":\"https:\\\/\\\/www.eldiariodetucuman.com\\\/web\\\/el-frio-glacial-castiga-a-europa-con-temperaturas-bajo-cero\\\/#primaryimage\",\"url\":\"https:\\\/\\\/www.eldiariodetucuman.com\\\/web\\\/wp-content\\\/uploads\\\/2018\\\/02\\\/02f7b88a7141ee32ac17d756f30eadee.jpeg\",\"contentUrl\":\"https:\\\/\\\/www.eldiariodetucuman.com\\\/web\\\/wp-content\\\/uploads\\\/2018\\\/02\\\/02f7b88a7141ee32ac17d756f30eadee.jpeg\",\"width\":970,\"height\":546},{\"@type\":\"BreadcrumbList\",\"@id\":\"https:\\\/\\\/www.eldiariodetucuman.com\\\/web\\\/el-frio-glacial-castiga-a-europa-con-temperaturas-bajo-cero\\\/#breadcrumb\",\"itemListElement\":[{\"@type\":\"ListItem\",\"position\":1,\"name\":\"Portada\",\"item\":\"https:\\\/\\\/www.eldiariodetucuman.com\\\/web\\\/\"},{\"@type\":\"ListItem\",\"position\":2,\"name\":\"El fr\u00edo glacial castiga a Europa con temperaturas bajo cero\"}]},{\"@type\":\"WebSite\",\"@id\":\"https:\\\/\\\/www.eldiariodetucuman.com\\\/web\\\/#website\",\"url\":\"https:\\\/\\\/www.eldiariodetucuman.com\\\/web\\\/\",\"name\":\"El Diario de Tucuman\",\"description\":\"Diario Tucuman - Informaci\u00f3n y noticias\",\"publisher\":{\"@id\":\"https:\\\/\\\/www.eldiariodetucuman.com\\\/web\\\/#organization\"},\"potentialAction\":[{\"@type\":\"SearchAction\",\"target\":{\"@type\":\"EntryPoint\",\"urlTemplate\":\"https:\\\/\\\/www.eldiariodetucuman.com\\\/web\\\/?s={search_term_string}\"},\"query-input\":{\"@type\":\"PropertyValueSpecification\",\"valueRequired\":true,\"valueName\":\"search_term_string\"}}],\"inLanguage\":\"es\"},{\"@type\":\"Organization\",\"@id\":\"https:\\\/\\\/www.eldiariodetucuman.com\\\/web\\\/#organization\",\"name\":\"El Diario de Tucuman\",\"url\":\"https:\\\/\\\/www.eldiariodetucuman.com\\\/web\\\/\",\"logo\":{\"@type\":\"ImageObject\",\"inLanguage\":\"es\",\"@id\":\"https:\\\/\\\/www.eldiariodetucuman.com\\\/web\\\/#\\\/schema\\\/logo\\\/image\\\/\",\"url\":\"http:\\\/\\\/www.eldiariodetucuman.com\\\/web\\\/wp-content\\\/uploads\\\/2017\\\/12\\\/el-diario-de-tucuman.jpg\",\"contentUrl\":\"http:\\\/\\\/www.eldiariodetucuman.com\\\/web\\\/wp-content\\\/uploads\\\/2017\\\/12\\\/el-diario-de-tucuman.jpg\",\"width\":272,\"height\":92,\"caption\":\"El Diario de Tucuman\"},\"image\":{\"@id\":\"https:\\\/\\\/www.eldiariodetucuman.com\\\/web\\\/#\\\/schema\\\/logo\\\/image\\\/\"}},{\"@type\":\"Person\",\"@id\":\"https:\\\/\\\/www.eldiariodetucuman.com\\\/web\\\/#\\\/schema\\\/person\\\/6f95946e54fde848b878ffa4928071d5\",\"name\":\"eldiario detucuman\",\"image\":{\"@type\":\"ImageObject\",\"inLanguage\":\"es\",\"@id\":\"https:\\\/\\\/secure.gravatar.com\\\/avatar\\\/b6e1f89c5c4044c4962c8e6c20b1ca2cc99f549c965908afd4ec5308b3f51bfe?s=96&d=mm&r=g\",\"url\":\"https:\\\/\\\/secure.gravatar.com\\\/avatar\\\/b6e1f89c5c4044c4962c8e6c20b1ca2cc99f549c965908afd4ec5308b3f51bfe?s=96&d=mm&r=g\",\"contentUrl\":\"https:\\\/\\\/secure.gravatar.com\\\/avatar\\\/b6e1f89c5c4044c4962c8e6c20b1ca2cc99f549c965908afd4ec5308b3f51bfe?s=96&d=mm&r=g\",\"caption\":\"eldiario detucuman\"},\"url\":\"https:\\\/\\\/www.eldiariodetucuman.com\\\/web\\\/author\\\/eldiariodetucuman\\\/\"}]}<\/script>\n<!-- \/ Yoast SEO plugin. -->","yoast_head_json":{"title":"El fr\u00edo glacial castiga a Europa con temperaturas bajo cero - El Diario de Tucuman","robots":{"index":"index","follow":"follow","max-snippet":"max-snippet:-1","max-image-preview":"max-image-preview:large","max-video-preview":"max-video-preview:-1"},"canonical":"https:\/\/www.eldiariodetucuman.com\/web\/el-frio-glacial-castiga-a-europa-con-temperaturas-bajo-cero\/","og_locale":"es_ES","og_type":"article","og_title":"El fr\u00edo glacial castiga a Europa con temperaturas bajo cero - El Diario de Tucuman","og_description":"Una intensa ola polar sacude desde el s\u00e1bado a gran parte de Europa, con un fr\u00edo glacial de Siberia que lleg\u00f3 con temperaturas de hasta 25\u00b0 grados bajo cero, tal como ocurri\u00f3 en varias ciudades de Polonia. El fen\u00f3meno caus\u00f3 problemas de todo tipo. Desde vuelos cancelados hasta carreteras cubiertas de nieve que hicieron imposible [&hellip;]","og_url":"https:\/\/www.eldiariodetucuman.com\/web\/el-frio-glacial-castiga-a-europa-con-temperaturas-bajo-cero\/","og_site_name":"El Diario de Tucuman","article_published_time":"2018-02-27T15:50:47+00:00","og_image":[{"width":970,"height":546,"url":"https:\/\/www.eldiariodetucuman.com\/web\/wp-content\/uploads\/2018\/02\/02f7b88a7141ee32ac17d756f30eadee.jpeg","type":"image\/jpeg"}],"author":"eldiario detucuman","twitter_card":"summary_large_image","twitter_misc":{"Escrito por":"eldiario detucuman","Tiempo de lectura":"2 minutos"},"schema":{"@context":"https:\/\/schema.org","@graph":[{"@type":"Article","@id":"https:\/\/www.eldiariodetucuman.com\/web\/el-frio-glacial-castiga-a-europa-con-temperaturas-bajo-cero\/#article","isPartOf":{"@id":"https:\/\/www.eldiariodetucuman.com\/web\/el-frio-glacial-castiga-a-europa-con-temperaturas-bajo-cero\/"},"author":{"name":"eldiario detucuman","@id":"https:\/\/www.eldiariodetucuman.com\/web\/#\/schema\/person\/6f95946e54fde848b878ffa4928071d5"},"headline":"El fr\u00edo glacial castiga a Europa con temperaturas bajo cero","datePublished":"2018-02-27T15:50:47+00:00","mainEntityOfPage":{"@id":"https:\/\/www.eldiariodetucuman.com\/web\/el-frio-glacial-castiga-a-europa-con-temperaturas-bajo-cero\/"},"wordCount":466,"commentCount":0,"publisher":{"@id":"https:\/\/www.eldiariodetucuman.com\/web\/#organization"},"image":{"@id":"https:\/\/www.eldiariodetucuman.com\/web\/el-frio-glacial-castiga-a-europa-con-temperaturas-bajo-cero\/#primaryimage"},"thumbnailUrl":"https:\/\/www.eldiariodetucuman.com\/web\/wp-content\/uploads\/2018\/02\/02f7b88a7141ee32ac17d756f30eadee.jpeg","articleSection":["Internacionales"],"inLanguage":"es","potentialAction":[{"@type":"CommentAction","name":"Comment","target":["https:\/\/www.eldiariodetucuman.com\/web\/el-frio-glacial-castiga-a-europa-con-temperaturas-bajo-cero\/#respond"]}]},{"@type":"WebPage","@id":"https:\/\/www.eldiariodetucuman.com\/web\/el-frio-glacial-castiga-a-europa-con-temperaturas-bajo-cero\/","url":"https:\/\/www.eldiariodetucuman.com\/web\/el-frio-glacial-castiga-a-europa-con-temperaturas-bajo-cero\/","name":"El fr\u00edo glacial castiga a Europa con temperaturas bajo cero - El Diario de Tucuman","isPartOf":{"@id":"https:\/\/www.eldiariodetucuman.com\/web\/#website"},"primaryImageOfPage":{"@id":"https:\/\/www.eldiariodetucuman.com\/web\/el-frio-glacial-castiga-a-europa-con-temperaturas-bajo-cero\/#primaryimage"},"image":{"@id":"https:\/\/www.eldiariodetucuman.com\/web\/el-frio-glacial-castiga-a-europa-con-temperaturas-bajo-cero\/#primaryimage"},"thumbnailUrl":"https:\/\/www.eldiariodetucuman.com\/web\/wp-content\/uploads\/2018\/02\/02f7b88a7141ee32ac17d756f30eadee.jpeg","datePublished":"2018-02-27T15:50:47+00:00","breadcrumb":{"@id":"https:\/\/www.eldiariodetucuman.com\/web\/el-frio-glacial-castiga-a-europa-con-temperaturas-bajo-cero\/#breadcrumb"},"inLanguage":"es","potentialAction":[{"@type":"ReadAction","target":["https:\/\/www.eldiariodetucuman.com\/web\/el-frio-glacial-castiga-a-europa-con-temperaturas-bajo-cero\/"]}]},{"@type":"ImageObject","inLanguage":"es","@id":"https:\/\/www.eldiariodetucuman.com\/web\/el-frio-glacial-castiga-a-europa-con-temperaturas-bajo-cero\/#primaryimage","url":"https:\/\/www.eldiariodetucuman.com\/web\/wp-content\/uploads\/2018\/02\/02f7b88a7141ee32ac17d756f30eadee.jpeg","contentUrl":"https:\/\/www.eldiariodetucuman.com\/web\/wp-content\/uploads\/2018\/02\/02f7b88a7141ee32ac17d756f30eadee.jpeg","width":970,"height":546},{"@type":"BreadcrumbList","@id":"https:\/\/www.eldiariodetucuman.com\/web\/el-frio-glacial-castiga-a-europa-con-temperaturas-bajo-cero\/#breadcrumb","itemListElement":[{"@type":"ListItem","position":1,"name":"Portada","item":"https:\/\/www.eldiariodetucuman.com\/web\/"},{"@type":"ListItem","position":2,"name":"El fr\u00edo glacial castiga a Europa con temperaturas bajo cero"}]},{"@type":"WebSite","@id":"https:\/\/www.eldiariodetucuman.com\/web\/#website","url":"https:\/\/www.eldiariodetucuman.com\/web\/","name":"El Diario de Tucuman","description":"Diario Tucuman - Informaci\u00f3n y noticias","publisher":{"@id":"https:\/\/www.eldiariodetucuman.com\/web\/#organization"},"potentialAction":[{"@type":"SearchAction","target":{"@type":"EntryPoint","urlTemplate":"https:\/\/www.eldiariodetucuman.com\/web\/?s={search_term_string}"},"query-input":{"@type":"PropertyValueSpecification","valueRequired":true,"valueName":"search_term_string"}}],"inLanguage":"es"},{"@type":"Organization","@id":"https:\/\/www.eldiariodetucuman.com\/web\/#organization","name":"El Diario de Tucuman","url":"https:\/\/www.eldiariodetucuman.com\/web\/","logo":{"@type":"ImageObject","inLanguage":"es","@id":"https:\/\/www.eldiariodetucuman.com\/web\/#\/schema\/logo\/image\/","url":"http:\/\/www.eldiariodetucuman.com\/web\/wp-content\/uploads\/2017\/12\/el-diario-de-tucuman.jpg","contentUrl":"http:\/\/www.eldiariodetucuman.com\/web\/wp-content\/uploads\/2017\/12\/el-diario-de-tucuman.jpg","width":272,"height":92,"caption":"El Diario de Tucuman"},"image":{"@id":"https:\/\/www.eldiariodetucuman.com\/web\/#\/schema\/logo\/image\/"}},{"@type":"Person","@id":"https:\/\/www.eldiariodetucuman.com\/web\/#\/schema\/person\/6f95946e54fde848b878ffa4928071d5","name":"eldiario detucuman","image":{"@type":"ImageObject","inLanguage":"es","@id":"https:\/\/secure.gravatar.com\/avatar\/b6e1f89c5c4044c4962c8e6c20b1ca2cc99f549c965908afd4ec5308b3f51bfe?s=96&d=mm&r=g","url":"https:\/\/secure.gravatar.com\/avatar\/b6e1f89c5c4044c4962c8e6c20b1ca2cc99f549c965908afd4ec5308b3f51bfe?s=96&d=mm&r=g","contentUrl":"https:\/\/secure.gravatar.com\/avatar\/b6e1f89c5c4044c4962c8e6c20b1ca2cc99f549c965908afd4ec5308b3f51bfe?s=96&d=mm&r=g","caption":"eldiario detucuman"},"url":"https:\/\/www.eldiariodetucuman.com\/web\/author\/eldiariodetucuman\/"}]}},"_links":{"self":[{"href":"https:\/\/www.eldiariodetucuman.com\/web\/wp-json\/wp\/v2\/posts\/5955","targetHints":{"allow":["GET"]}}],"collection":[{"href":"https:\/\/www.eldiariodetucuman.com\/web\/wp-json\/wp\/v2\/posts"}],"about":[{"href":"https:\/\/www.eldiariodetucuman.com\/web\/wp-json\/wp\/v2\/types\/post"}],"author":[{"embeddable":true,"href":"https:\/\/www.eldiariodetucuman.com\/web\/wp-json\/wp\/v2\/users\/4"}],"replies":[{"embeddable":true,"href":"https:\/\/www.eldiariodetucuman.com\/web\/wp-json\/wp\/v2\/comments?post=5955"}],"version-history":[{"count":0,"href":"https:\/\/www.eldiariodetucuman.com\/web\/wp-json\/wp\/v2\/posts\/5955\/revisions"}],"wp:featuredmedia":[{"embeddable":true,"href":"https:\/\/www.eldiariodetucuman.com\/web\/wp-json\/wp\/v2\/media\/5956"}],"wp:attachment":[{"href":"https:\/\/www.eldiariodetucuman.com\/web\/wp-json\/wp\/v2\/media?parent=5955"}],"wp:term":[{"taxonomy":"category","embeddable":true,"href":"https:\/\/www.eldiariodetucuman.com\/web\/wp-json\/wp\/v2\/categories?post=5955"},{"taxonomy":"post_tag","embeddable":true,"href":"https:\/\/www.eldiariodetucuman.com\/web\/wp-json\/wp\/v2\/tags?post=5955"}],"curies":[{"name":"wp","href":"https:\/\/api.w.org\/{rel}","templated":true}]}}