{"id":5952,"date":"2018-02-27T12:37:08","date_gmt":"2018-02-27T15:37:08","guid":{"rendered":"http:\/\/www.eldiariodetucuman.com\/web\/para-esteban-bullrich-el-debate-sobre-el-aborto-se-debe-dar-pero-desea-que-prime-defender-la-vida\/"},"modified":"2018-02-27T12:37:10","modified_gmt":"2018-02-27T15:37:10","slug":"para-esteban-bullrich-el-debate-sobre-el-aborto-se-debe-dar-pero-desea-que-prime-defender-la-vida","status":"publish","type":"post","link":"https:\/\/www.eldiariodetucuman.com\/web\/para-esteban-bullrich-el-debate-sobre-el-aborto-se-debe-dar-pero-desea-que-prime-defender-la-vida\/","title":{"rendered":"Para Esteban Bullrich el debate sobre el aborto se debe dar, pero desea que prime defender la vida"},"content":{"rendered":"<div>\n<div readability=\"80.284246575342\">\n<p>Luego de que la semana pasada <a href=\"https:\/\/www.elintransigente.com\/politica\/2018\/2\/23\/apuran-al-gobierno-para-que-el-proyecto-del-aborto-se-trate-el-de-marzo-479787.html\">el presidente Mauricio Macri diera luz verde a los diputados para que este a\u00f1o debatan en el Congreso la legalizaci\u00f3n del aborto<\/a>, los bandos entre funcionarios que est\u00e1n a favor y en contra comenzaron a vislumbrarse cada vez con m\u00e1s claridad.\u00a0<\/p>\n<p>En ese sentido, el senador de Cambiemos, Esteban Bullrich, se\u00f1al\u00f3 esta ma\u00f1ana en declaraciones realizadas a radio La Red que \u00abel Estado debe trabajar para evitar llegar a la posici\u00f3n de que una madre pida que maten a su hijo\u00bb. Y, con una posici\u00f3n firmemente tomada, agreg\u00f3: <strong>\u00abNo estoy a favor de la despenalizaci\u00f3n del aborto<\/strong>. Yo creo que hoy el aborto est\u00e1 penalizado porque se est\u00e1 matando un ser humano\u201d.<\/p>\n<p>De esta manera, en comunicaci\u00f3n telef\u00f3nica con el ciclo matutino que conduce el periodista\u00a0Luis Novarecio, el exministro de Educaci\u00f3n dejaba en claro no s\u00f3lo que no est\u00e1 a favor de la despenalizaci\u00f3n de la interrupci\u00f3n del embarazo, sino tambi\u00e9n que <strong>\u201chay que evitar que la mujer vaya a un aborto\u201d y para eso \u00abel foco del problema es en la educaci\u00f3n sexual\u00bb<\/strong>, consider\u00f3<\/p>\n<aside class=\"htmlinline \"><ins class=\"adsbygoogle\" data-ad-format=\"fluid\" data-ad-layout=\"in-article\" data-ad-client=\"ca-pub-7781556717282971\" data-ad-slot=\"9383133609\"><\/ins><br \/>\n<\/aside>\n<p>En cuanto a los comentarios que se conocieron sobre Monse\u00f1or H\u00e9ctor Aguer, quien el s\u00e1bado pasado calific\u00f3 al Gobierno de Macri como una gesti\u00f3n que no tiene principio de orden moral y natural, al permitir que el aborto se delibere en el Parlamento, al ser consultado, el senador nacional asegur\u00f3 que el arzobispo de La Plata \u201cdesv\u00eda el foco de atenci\u00f3n\u201d.<\/p>\n<p>Es que para el funcionario de Cambiemos, m\u00e1s all\u00e1 de las posturas que cada uno pueda tener sobre este tema sensible para la sociedad argentina, \u201chay que dar el debate sobre el aborto\u201d y es por eso que, afirma, \u00abse har\u00e1 en Diputados con las diferentes opiniones\u00bb. Aunque claramente deja bien definida su opini\u00f3n al respecto: \u201cDeseo que la posici\u00f3n de defender la vida sea la que prime\u201d.<\/p>\n<p>En tanto, las\u00a0consideraciones de Bullrich, toman mayor relevancia si se tiene en cuenta los dichos que el presidente provisional de Senado, Federico Pinedo, reiter\u00f3 en varias oportunidades: de ser aprobada una ley en ese sentido en la C\u00e1mara de Diputados, cuando llegue a la c\u00e1mara alta \u00b4la mayor\u00eda de los senadores votar\u00edan en contra, inclusive Cristina Fern\u00e1ndez de Kirchner\u00b4, expres\u00f3 Pinedo.<\/p>\n<p>Es que si bien en Diputados existen sectores que est\u00e1n en contra, hay otros tantos que apoyan la despenalizaci\u00f3n, e incluso vienen impulsando la petici\u00f3n desde hace muchos a\u00f1os a trav\u00e9s\u00a0de la Campa\u00f1a Nacional\u00a0por el Derecho al Aborto Legal, Seguro y Gratuito (CNDA). Ellos mismos advierten que el debate ser\u00e1 complejo en la C\u00e1mara alta, debido a que la mayor\u00eda de los legisladores que\u00a0la integran son quienes mantienen una ac\u00e9rrima postura en contra de la legalizaci\u00f3n de la interrupcion del embarazo\u00a0no deseado.\u00a0<\/p>\n<p>Adem\u00e1s, el senador fue consultado por otros temas que est\u00e1n caldentes en la agenda pol\u00edtica. <strong>\u00abMe parece que el conflicto es que una instituci\u00f3n que no paga salario negocie salarios<\/strong>. Las provincias deben acordar el aumento de acuerdo a lo que pueda cada provincia\u00bb, fueron las palabras que desliz\u00f3 para explicar <a href=\"https:\/\/www.elintransigente.com\/politica\/2018\/2\/27\/paritarias-docentes-amenazan-vidal-con-un-paro-de-72-horas-480179.html\">el tema de las paritarias <\/a>nacionales.<\/p>\n<p>Y por otra parte, sobre el sueldo docente, Bullrich se\u00f1al\u00f3: \u00abLa canasta b\u00e1sica se calcula con dos salarios, y est\u00e1 por encima. El aumento del piso salarial est\u00e1 mucho mejor. En la provincia tenemos que trabajar en otras cosas, por ejemplo lo que hace el Ministro de Educaci\u00f3n bonaerense trabaja en el ausentismo. El salario promedio del docente es 28 mil pesos\u00bb.<\/p>\n<\/div>\n<\/div>\n<p>Fuente: https:\/\/www.elintransigente.com\/politica\/2018\/2\/27\/para-esteban-bullrich-el-debate-sobre-el-aborto-se-debe-dar-pero-desea-que-prime-defender-la-vida-480195.html<\/p>\n","protected":false},"excerpt":{"rendered":"<p>Luego de que la semana pasada el presidente Mauricio Macri diera luz verde a los diputados para que este a\u00f1o debatan en el Congreso la legalizaci\u00f3n del aborto, los bandos entre funcionarios que est\u00e1n a favor y en contra comenzaron a vislumbrarse cada vez con m\u00e1s claridad.\u00a0 En ese sentido, el senador de Cambiemos, Esteban [&hellip;]<\/p>\n","protected":false},"author":1,"featured_media":5953,"comment_status":"open","ping_status":"closed","sticky":false,"template":"","format":"standard","meta":{"footnotes":""},"categories":[1],"tags":[],"class_list":{"0":"post-5952","1":"post","2":"type-post","3":"status-publish","4":"format-standard","5":"has-post-thumbnail","7":"category-portada"},"yoast_head":"<!-- This site is optimized with the Yoast SEO plugin v27.5 - https:\/\/yoast.com\/product\/yoast-seo-wordpress\/ -->\n<title>Para Esteban Bullrich el debate sobre el aborto se debe dar, pero desea que prime defender la vida - El Diario de Tucuman<\/title>\n<meta name=\"robots\" content=\"index, follow, max-snippet:-1, max-image-preview:large, max-video-preview:-1\" \/>\n<link rel=\"canonical\" href=\"https:\/\/www.eldiariodetucuman.com\/web\/para-esteban-bullrich-el-debate-sobre-el-aborto-se-debe-dar-pero-desea-que-prime-defender-la-vida\/\" \/>\n<meta property=\"og:locale\" content=\"es_ES\" \/>\n<meta property=\"og:type\" content=\"article\" \/>\n<meta property=\"og:title\" content=\"Para Esteban Bullrich el debate sobre el aborto se debe dar, pero desea que prime defender la vida - El Diario de Tucuman\" \/>\n<meta property=\"og:description\" content=\"Luego de que la semana pasada el presidente Mauricio Macri diera luz verde a los diputados para que este a\u00f1o debatan en el Congreso la legalizaci\u00f3n del aborto, los bandos entre funcionarios que est\u00e1n a favor y en contra comenzaron a vislumbrarse cada vez con m\u00e1s claridad.\u00a0 En ese sentido, el senador de Cambiemos, Esteban [&hellip;]\" \/>\n<meta property=\"og:url\" content=\"https:\/\/www.eldiariodetucuman.com\/web\/para-esteban-bullrich-el-debate-sobre-el-aborto-se-debe-dar-pero-desea-que-prime-defender-la-vida\/\" \/>\n<meta property=\"og:site_name\" content=\"El Diario de Tucuman\" \/>\n<meta property=\"article:published_time\" content=\"2018-02-27T15:37:08+00:00\" \/>\n<meta property=\"article:modified_time\" content=\"2018-02-27T15:37:10+00:00\" \/>\n<meta property=\"og:image\" content=\"https:\/\/www.eldiariodetucuman.com\/web\/wp-content\/uploads\/2018\/02\/31bb40b2f0c7097c7c9978c67e3746bd.jpeg\" \/>\n\t<meta property=\"og:image:width\" content=\"960\" \/>\n\t<meta property=\"og:image:height\" content=\"539\" \/>\n\t<meta property=\"og:image:type\" content=\"image\/jpeg\" \/>\n<meta name=\"author\" content=\"admin\" \/>\n<meta name=\"twitter:card\" content=\"summary_large_image\" \/>\n<meta name=\"twitter:label1\" content=\"Escrito por\" \/>\n\t<meta name=\"twitter:data1\" content=\"admin\" \/>\n\t<meta name=\"twitter:label2\" content=\"Tiempo de lectura\" \/>\n\t<meta name=\"twitter:data2\" content=\"3 minutos\" \/>\n<script type=\"application\/ld+json\" class=\"yoast-schema-graph\">{\"@context\":\"https:\\\/\\\/schema.org\",\"@graph\":[{\"@type\":\"Article\",\"@id\":\"https:\\\/\\\/www.eldiariodetucuman.com\\\/web\\\/para-esteban-bullrich-el-debate-sobre-el-aborto-se-debe-dar-pero-desea-que-prime-defender-la-vida\\\/#article\",\"isPartOf\":{\"@id\":\"https:\\\/\\\/www.eldiariodetucuman.com\\\/web\\\/para-esteban-bullrich-el-debate-sobre-el-aborto-se-debe-dar-pero-desea-que-prime-defender-la-vida\\\/\"},\"author\":{\"name\":\"admin\",\"@id\":\"https:\\\/\\\/www.eldiariodetucuman.com\\\/web\\\/#\\\/schema\\\/person\\\/9250197d75ab5483412e19678b121caa\"},\"headline\":\"Para Esteban Bullrich el debate sobre el aborto se debe dar, pero desea que prime defender la vida\",\"datePublished\":\"2018-02-27T15:37:08+00:00\",\"dateModified\":\"2018-02-27T15:37:10+00:00\",\"mainEntityOfPage\":{\"@id\":\"https:\\\/\\\/www.eldiariodetucuman.com\\\/web\\\/para-esteban-bullrich-el-debate-sobre-el-aborto-se-debe-dar-pero-desea-que-prime-defender-la-vida\\\/\"},\"wordCount\":651,\"commentCount\":0,\"publisher\":{\"@id\":\"https:\\\/\\\/www.eldiariodetucuman.com\\\/web\\\/#organization\"},\"image\":{\"@id\":\"https:\\\/\\\/www.eldiariodetucuman.com\\\/web\\\/para-esteban-bullrich-el-debate-sobre-el-aborto-se-debe-dar-pero-desea-que-prime-defender-la-vida\\\/#primaryimage\"},\"thumbnailUrl\":\"https:\\\/\\\/www.eldiariodetucuman.com\\\/web\\\/wp-content\\\/uploads\\\/2018\\\/02\\\/31bb40b2f0c7097c7c9978c67e3746bd.jpeg\",\"articleSection\":[\"Portada\"],\"inLanguage\":\"es\",\"potentialAction\":[{\"@type\":\"CommentAction\",\"name\":\"Comment\",\"target\":[\"https:\\\/\\\/www.eldiariodetucuman.com\\\/web\\\/para-esteban-bullrich-el-debate-sobre-el-aborto-se-debe-dar-pero-desea-que-prime-defender-la-vida\\\/#respond\"]}]},{\"@type\":\"WebPage\",\"@id\":\"https:\\\/\\\/www.eldiariodetucuman.com\\\/web\\\/para-esteban-bullrich-el-debate-sobre-el-aborto-se-debe-dar-pero-desea-que-prime-defender-la-vida\\\/\",\"url\":\"https:\\\/\\\/www.eldiariodetucuman.com\\\/web\\\/para-esteban-bullrich-el-debate-sobre-el-aborto-se-debe-dar-pero-desea-que-prime-defender-la-vida\\\/\",\"name\":\"Para Esteban Bullrich el debate sobre el aborto se debe dar, pero desea que prime defender la vida - El Diario de Tucuman\",\"isPartOf\":{\"@id\":\"https:\\\/\\\/www.eldiariodetucuman.com\\\/web\\\/#website\"},\"primaryImageOfPage\":{\"@id\":\"https:\\\/\\\/www.eldiariodetucuman.com\\\/web\\\/para-esteban-bullrich-el-debate-sobre-el-aborto-se-debe-dar-pero-desea-que-prime-defender-la-vida\\\/#primaryimage\"},\"image\":{\"@id\":\"https:\\\/\\\/www.eldiariodetucuman.com\\\/web\\\/para-esteban-bullrich-el-debate-sobre-el-aborto-se-debe-dar-pero-desea-que-prime-defender-la-vida\\\/#primaryimage\"},\"thumbnailUrl\":\"https:\\\/\\\/www.eldiariodetucuman.com\\\/web\\\/wp-content\\\/uploads\\\/2018\\\/02\\\/31bb40b2f0c7097c7c9978c67e3746bd.jpeg\",\"datePublished\":\"2018-02-27T15:37:08+00:00\",\"dateModified\":\"2018-02-27T15:37:10+00:00\",\"breadcrumb\":{\"@id\":\"https:\\\/\\\/www.eldiariodetucuman.com\\\/web\\\/para-esteban-bullrich-el-debate-sobre-el-aborto-se-debe-dar-pero-desea-que-prime-defender-la-vida\\\/#breadcrumb\"},\"inLanguage\":\"es\",\"potentialAction\":[{\"@type\":\"ReadAction\",\"target\":[\"https:\\\/\\\/www.eldiariodetucuman.com\\\/web\\\/para-esteban-bullrich-el-debate-sobre-el-aborto-se-debe-dar-pero-desea-que-prime-defender-la-vida\\\/\"]}]},{\"@type\":\"ImageObject\",\"inLanguage\":\"es\",\"@id\":\"https:\\\/\\\/www.eldiariodetucuman.com\\\/web\\\/para-esteban-bullrich-el-debate-sobre-el-aborto-se-debe-dar-pero-desea-que-prime-defender-la-vida\\\/#primaryimage\",\"url\":\"https:\\\/\\\/www.eldiariodetucuman.com\\\/web\\\/wp-content\\\/uploads\\\/2018\\\/02\\\/31bb40b2f0c7097c7c9978c67e3746bd.jpeg\",\"contentUrl\":\"https:\\\/\\\/www.eldiariodetucuman.com\\\/web\\\/wp-content\\\/uploads\\\/2018\\\/02\\\/31bb40b2f0c7097c7c9978c67e3746bd.jpeg\",\"width\":960,\"height\":539},{\"@type\":\"BreadcrumbList\",\"@id\":\"https:\\\/\\\/www.eldiariodetucuman.com\\\/web\\\/para-esteban-bullrich-el-debate-sobre-el-aborto-se-debe-dar-pero-desea-que-prime-defender-la-vida\\\/#breadcrumb\",\"itemListElement\":[{\"@type\":\"ListItem\",\"position\":1,\"name\":\"Portada\",\"item\":\"https:\\\/\\\/www.eldiariodetucuman.com\\\/web\\\/\"},{\"@type\":\"ListItem\",\"position\":2,\"name\":\"Para Esteban Bullrich el debate sobre el aborto se debe dar, pero desea que prime defender la vida\"}]},{\"@type\":\"WebSite\",\"@id\":\"https:\\\/\\\/www.eldiariodetucuman.com\\\/web\\\/#website\",\"url\":\"https:\\\/\\\/www.eldiariodetucuman.com\\\/web\\\/\",\"name\":\"El Diario de Tucuman\",\"description\":\"Diario Tucuman - Informaci\u00f3n y noticias\",\"publisher\":{\"@id\":\"https:\\\/\\\/www.eldiariodetucuman.com\\\/web\\\/#organization\"},\"potentialAction\":[{\"@type\":\"SearchAction\",\"target\":{\"@type\":\"EntryPoint\",\"urlTemplate\":\"https:\\\/\\\/www.eldiariodetucuman.com\\\/web\\\/?s={search_term_string}\"},\"query-input\":{\"@type\":\"PropertyValueSpecification\",\"valueRequired\":true,\"valueName\":\"search_term_string\"}}],\"inLanguage\":\"es\"},{\"@type\":\"Organization\",\"@id\":\"https:\\\/\\\/www.eldiariodetucuman.com\\\/web\\\/#organization\",\"name\":\"El Diario de Tucuman\",\"url\":\"https:\\\/\\\/www.eldiariodetucuman.com\\\/web\\\/\",\"logo\":{\"@type\":\"ImageObject\",\"inLanguage\":\"es\",\"@id\":\"https:\\\/\\\/www.eldiariodetucuman.com\\\/web\\\/#\\\/schema\\\/logo\\\/image\\\/\",\"url\":\"http:\\\/\\\/www.eldiariodetucuman.com\\\/web\\\/wp-content\\\/uploads\\\/2017\\\/12\\\/el-diario-de-tucuman.jpg\",\"contentUrl\":\"http:\\\/\\\/www.eldiariodetucuman.com\\\/web\\\/wp-content\\\/uploads\\\/2017\\\/12\\\/el-diario-de-tucuman.jpg\",\"width\":272,\"height\":92,\"caption\":\"El Diario de Tucuman\"},\"image\":{\"@id\":\"https:\\\/\\\/www.eldiariodetucuman.com\\\/web\\\/#\\\/schema\\\/logo\\\/image\\\/\"}},{\"@type\":\"Person\",\"@id\":\"https:\\\/\\\/www.eldiariodetucuman.com\\\/web\\\/#\\\/schema\\\/person\\\/9250197d75ab5483412e19678b121caa\",\"name\":\"admin\",\"image\":{\"@type\":\"ImageObject\",\"inLanguage\":\"es\",\"@id\":\"https:\\\/\\\/secure.gravatar.com\\\/avatar\\\/c44d117c2be811212c22cb481f6b8384b6873de103fbc49e7a03cc58d7dea4ac?s=96&d=mm&r=g\",\"url\":\"https:\\\/\\\/secure.gravatar.com\\\/avatar\\\/c44d117c2be811212c22cb481f6b8384b6873de103fbc49e7a03cc58d7dea4ac?s=96&d=mm&r=g\",\"contentUrl\":\"https:\\\/\\\/secure.gravatar.com\\\/avatar\\\/c44d117c2be811212c22cb481f6b8384b6873de103fbc49e7a03cc58d7dea4ac?s=96&d=mm&r=g\",\"caption\":\"admin\"},\"url\":\"https:\\\/\\\/www.eldiariodetucuman.com\\\/web\\\/author\\\/admin\\\/\"}]}<\/script>\n<!-- \/ Yoast SEO plugin. -->","yoast_head_json":{"title":"Para Esteban Bullrich el debate sobre el aborto se debe dar, pero desea que prime defender la vida - El Diario de Tucuman","robots":{"index":"index","follow":"follow","max-snippet":"max-snippet:-1","max-image-preview":"max-image-preview:large","max-video-preview":"max-video-preview:-1"},"canonical":"https:\/\/www.eldiariodetucuman.com\/web\/para-esteban-bullrich-el-debate-sobre-el-aborto-se-debe-dar-pero-desea-que-prime-defender-la-vida\/","og_locale":"es_ES","og_type":"article","og_title":"Para Esteban Bullrich el debate sobre el aborto se debe dar, pero desea que prime defender la vida - El Diario de Tucuman","og_description":"Luego de que la semana pasada el presidente Mauricio Macri diera luz verde a los diputados para que este a\u00f1o debatan en el Congreso la legalizaci\u00f3n del aborto, los bandos entre funcionarios que est\u00e1n a favor y en contra comenzaron a vislumbrarse cada vez con m\u00e1s claridad.\u00a0 En ese sentido, el senador de Cambiemos, Esteban [&hellip;]","og_url":"https:\/\/www.eldiariodetucuman.com\/web\/para-esteban-bullrich-el-debate-sobre-el-aborto-se-debe-dar-pero-desea-que-prime-defender-la-vida\/","og_site_name":"El Diario de Tucuman","article_published_time":"2018-02-27T15:37:08+00:00","article_modified_time":"2018-02-27T15:37:10+00:00","og_image":[{"width":960,"height":539,"url":"https:\/\/www.eldiariodetucuman.com\/web\/wp-content\/uploads\/2018\/02\/31bb40b2f0c7097c7c9978c67e3746bd.jpeg","type":"image\/jpeg"}],"author":"admin","twitter_card":"summary_large_image","twitter_misc":{"Escrito por":"admin","Tiempo de lectura":"3 minutos"},"schema":{"@context":"https:\/\/schema.org","@graph":[{"@type":"Article","@id":"https:\/\/www.eldiariodetucuman.com\/web\/para-esteban-bullrich-el-debate-sobre-el-aborto-se-debe-dar-pero-desea-que-prime-defender-la-vida\/#article","isPartOf":{"@id":"https:\/\/www.eldiariodetucuman.com\/web\/para-esteban-bullrich-el-debate-sobre-el-aborto-se-debe-dar-pero-desea-que-prime-defender-la-vida\/"},"author":{"name":"admin","@id":"https:\/\/www.eldiariodetucuman.com\/web\/#\/schema\/person\/9250197d75ab5483412e19678b121caa"},"headline":"Para Esteban Bullrich el debate sobre el aborto se debe dar, pero desea que prime defender la vida","datePublished":"2018-02-27T15:37:08+00:00","dateModified":"2018-02-27T15:37:10+00:00","mainEntityOfPage":{"@id":"https:\/\/www.eldiariodetucuman.com\/web\/para-esteban-bullrich-el-debate-sobre-el-aborto-se-debe-dar-pero-desea-que-prime-defender-la-vida\/"},"wordCount":651,"commentCount":0,"publisher":{"@id":"https:\/\/www.eldiariodetucuman.com\/web\/#organization"},"image":{"@id":"https:\/\/www.eldiariodetucuman.com\/web\/para-esteban-bullrich-el-debate-sobre-el-aborto-se-debe-dar-pero-desea-que-prime-defender-la-vida\/#primaryimage"},"thumbnailUrl":"https:\/\/www.eldiariodetucuman.com\/web\/wp-content\/uploads\/2018\/02\/31bb40b2f0c7097c7c9978c67e3746bd.jpeg","articleSection":["Portada"],"inLanguage":"es","potentialAction":[{"@type":"CommentAction","name":"Comment","target":["https:\/\/www.eldiariodetucuman.com\/web\/para-esteban-bullrich-el-debate-sobre-el-aborto-se-debe-dar-pero-desea-que-prime-defender-la-vida\/#respond"]}]},{"@type":"WebPage","@id":"https:\/\/www.eldiariodetucuman.com\/web\/para-esteban-bullrich-el-debate-sobre-el-aborto-se-debe-dar-pero-desea-que-prime-defender-la-vida\/","url":"https:\/\/www.eldiariodetucuman.com\/web\/para-esteban-bullrich-el-debate-sobre-el-aborto-se-debe-dar-pero-desea-que-prime-defender-la-vida\/","name":"Para Esteban Bullrich el debate sobre el aborto se debe dar, pero desea que prime defender la vida - El Diario de Tucuman","isPartOf":{"@id":"https:\/\/www.eldiariodetucuman.com\/web\/#website"},"primaryImageOfPage":{"@id":"https:\/\/www.eldiariodetucuman.com\/web\/para-esteban-bullrich-el-debate-sobre-el-aborto-se-debe-dar-pero-desea-que-prime-defender-la-vida\/#primaryimage"},"image":{"@id":"https:\/\/www.eldiariodetucuman.com\/web\/para-esteban-bullrich-el-debate-sobre-el-aborto-se-debe-dar-pero-desea-que-prime-defender-la-vida\/#primaryimage"},"thumbnailUrl":"https:\/\/www.eldiariodetucuman.com\/web\/wp-content\/uploads\/2018\/02\/31bb40b2f0c7097c7c9978c67e3746bd.jpeg","datePublished":"2018-02-27T15:37:08+00:00","dateModified":"2018-02-27T15:37:10+00:00","breadcrumb":{"@id":"https:\/\/www.eldiariodetucuman.com\/web\/para-esteban-bullrich-el-debate-sobre-el-aborto-se-debe-dar-pero-desea-que-prime-defender-la-vida\/#breadcrumb"},"inLanguage":"es","potentialAction":[{"@type":"ReadAction","target":["https:\/\/www.eldiariodetucuman.com\/web\/para-esteban-bullrich-el-debate-sobre-el-aborto-se-debe-dar-pero-desea-que-prime-defender-la-vida\/"]}]},{"@type":"ImageObject","inLanguage":"es","@id":"https:\/\/www.eldiariodetucuman.com\/web\/para-esteban-bullrich-el-debate-sobre-el-aborto-se-debe-dar-pero-desea-que-prime-defender-la-vida\/#primaryimage","url":"https:\/\/www.eldiariodetucuman.com\/web\/wp-content\/uploads\/2018\/02\/31bb40b2f0c7097c7c9978c67e3746bd.jpeg","contentUrl":"https:\/\/www.eldiariodetucuman.com\/web\/wp-content\/uploads\/2018\/02\/31bb40b2f0c7097c7c9978c67e3746bd.jpeg","width":960,"height":539},{"@type":"BreadcrumbList","@id":"https:\/\/www.eldiariodetucuman.com\/web\/para-esteban-bullrich-el-debate-sobre-el-aborto-se-debe-dar-pero-desea-que-prime-defender-la-vida\/#breadcrumb","itemListElement":[{"@type":"ListItem","position":1,"name":"Portada","item":"https:\/\/www.eldiariodetucuman.com\/web\/"},{"@type":"ListItem","position":2,"name":"Para Esteban Bullrich el debate sobre el aborto se debe dar, pero desea que prime defender la vida"}]},{"@type":"WebSite","@id":"https:\/\/www.eldiariodetucuman.com\/web\/#website","url":"https:\/\/www.eldiariodetucuman.com\/web\/","name":"El Diario de Tucuman","description":"Diario Tucuman - Informaci\u00f3n y noticias","publisher":{"@id":"https:\/\/www.eldiariodetucuman.com\/web\/#organization"},"potentialAction":[{"@type":"SearchAction","target":{"@type":"EntryPoint","urlTemplate":"https:\/\/www.eldiariodetucuman.com\/web\/?s={search_term_string}"},"query-input":{"@type":"PropertyValueSpecification","valueRequired":true,"valueName":"search_term_string"}}],"inLanguage":"es"},{"@type":"Organization","@id":"https:\/\/www.eldiariodetucuman.com\/web\/#organization","name":"El Diario de Tucuman","url":"https:\/\/www.eldiariodetucuman.com\/web\/","logo":{"@type":"ImageObject","inLanguage":"es","@id":"https:\/\/www.eldiariodetucuman.com\/web\/#\/schema\/logo\/image\/","url":"http:\/\/www.eldiariodetucuman.com\/web\/wp-content\/uploads\/2017\/12\/el-diario-de-tucuman.jpg","contentUrl":"http:\/\/www.eldiariodetucuman.com\/web\/wp-content\/uploads\/2017\/12\/el-diario-de-tucuman.jpg","width":272,"height":92,"caption":"El Diario de Tucuman"},"image":{"@id":"https:\/\/www.eldiariodetucuman.com\/web\/#\/schema\/logo\/image\/"}},{"@type":"Person","@id":"https:\/\/www.eldiariodetucuman.com\/web\/#\/schema\/person\/9250197d75ab5483412e19678b121caa","name":"admin","image":{"@type":"ImageObject","inLanguage":"es","@id":"https:\/\/secure.gravatar.com\/avatar\/c44d117c2be811212c22cb481f6b8384b6873de103fbc49e7a03cc58d7dea4ac?s=96&d=mm&r=g","url":"https:\/\/secure.gravatar.com\/avatar\/c44d117c2be811212c22cb481f6b8384b6873de103fbc49e7a03cc58d7dea4ac?s=96&d=mm&r=g","contentUrl":"https:\/\/secure.gravatar.com\/avatar\/c44d117c2be811212c22cb481f6b8384b6873de103fbc49e7a03cc58d7dea4ac?s=96&d=mm&r=g","caption":"admin"},"url":"https:\/\/www.eldiariodetucuman.com\/web\/author\/admin\/"}]}},"_links":{"self":[{"href":"https:\/\/www.eldiariodetucuman.com\/web\/wp-json\/wp\/v2\/posts\/5952","targetHints":{"allow":["GET"]}}],"collection":[{"href":"https:\/\/www.eldiariodetucuman.com\/web\/wp-json\/wp\/v2\/posts"}],"about":[{"href":"https:\/\/www.eldiariodetucuman.com\/web\/wp-json\/wp\/v2\/types\/post"}],"author":[{"embeddable":true,"href":"https:\/\/www.eldiariodetucuman.com\/web\/wp-json\/wp\/v2\/users\/1"}],"replies":[{"embeddable":true,"href":"https:\/\/www.eldiariodetucuman.com\/web\/wp-json\/wp\/v2\/comments?post=5952"}],"version-history":[{"count":1,"href":"https:\/\/www.eldiariodetucuman.com\/web\/wp-json\/wp\/v2\/posts\/5952\/revisions"}],"predecessor-version":[{"id":5954,"href":"https:\/\/www.eldiariodetucuman.com\/web\/wp-json\/wp\/v2\/posts\/5952\/revisions\/5954"}],"wp:featuredmedia":[{"embeddable":true,"href":"https:\/\/www.eldiariodetucuman.com\/web\/wp-json\/wp\/v2\/media\/5953"}],"wp:attachment":[{"href":"https:\/\/www.eldiariodetucuman.com\/web\/wp-json\/wp\/v2\/media?parent=5952"}],"wp:term":[{"taxonomy":"category","embeddable":true,"href":"https:\/\/www.eldiariodetucuman.com\/web\/wp-json\/wp\/v2\/categories?post=5952"},{"taxonomy":"post_tag","embeddable":true,"href":"https:\/\/www.eldiariodetucuman.com\/web\/wp-json\/wp\/v2\/tags?post=5952"}],"curies":[{"name":"wp","href":"https:\/\/api.w.org\/{rel}","templated":true}]}}