{"id":5949,"date":"2018-02-27T12:18:07","date_gmt":"2018-02-27T15:18:07","guid":{"rendered":"http:\/\/www.eldiariodetucuman.com\/web\/gerardo-morales-hay-casos-de-argentinos-que-no-los-dejan-salir-de-hospitales-de-bolivia-si-no-paga\/"},"modified":"2018-02-27T12:18:12","modified_gmt":"2018-02-27T15:18:12","slug":"gerardo-morales-hay-casos-de-argentinos-que-no-los-dejan-salir-de-hospitales-de-bolivia-si-no-paga","status":"publish","type":"post","link":"https:\/\/www.eldiariodetucuman.com\/web\/gerardo-morales-hay-casos-de-argentinos-que-no-los-dejan-salir-de-hospitales-de-bolivia-si-no-paga\/","title":{"rendered":"Gerardo Morales: \u00abhay casos de argentinos que no los dejan salir de hospitales de Bolivia si no paga\u00bb"},"content":{"rendered":"<div>\n<div readability=\"56.055194805195\">\n<p>Envuelto en un pol\u00e9mico cruce de decisiones pol\u00edticas con las autoridades del Ejecutivo de Bolivia, el gobernador de Jujuy, <b>Gerardo Morales<\/b>, aprovech\u00f3 los anuncios del Plan Belgrano en Salta para hablar sobre el cobro de aranceles a extranjeros que usen el sistema de salud p\u00fablica en su provincia.<\/p>\n<p class=\"style frase\">\u201cTenemos casos de argentinos que no los dejan salir del hospital hasta que pagan\u201d, asegur\u00f3 el mandatario. Por ello, Morales insiste en que se debe llevar un convenio de reciprocidad entre Argentina y Bolivia.<\/p>\n<p>El mandatario juje\u00f1o reiter\u00f3 que el pago se debe realizar ya que \u00ablos pacientes argentinos que pagan impuestos, tienen obra social y son atendidos en hospitales p\u00fablicos, pagan esa atenci\u00f3n a trav\u00e9s de la obra social. La obra social le paga al Estado por esa atenci\u00f3n\u00bb.<\/p>\n<p><a href=\"https:\/\/www.lagaceta.com.ar\/nota\/762627\/actualidad\/bolivia-rechazo-pedido-brindar-atencion-medica-gratuita-argentinos.html\" mce_href=\"https:\/\/www.lagaceta.com.ar\/nota\/762627\/actualidad\/bolivia-rechazo-pedido-brindar-atencion-medica-gratuita-argentinos.html\" target=\"_blank\">Bolivia rechaz\u00f3 el pedido de brindar atenci\u00f3n m\u00e9dica gratuita a los argentinos<\/a><\/p>\n<p>Antes de ingresar al predio del Centro de Convenciones de la capital salte\u00f1a, a Morales tambi\u00e9n se le consult\u00f3 acerca de la crisis del sector azucarero, que afecta a su provincia, y prefiri\u00f3 minimizarlo diciendo que \u00abno est\u00e1n en ninguna situaci\u00f3n complicada. Hay 600 trabajadores que van a quedar y el Gobierno nacional no tiene nada que ver en esto\u00bb.<\/p>\n<\/p><\/div>\n<\/div>\n<p>Fuente: http:\/\/www.lagaceta.com.ar\/nota\/762630\/actualidad\/gerardo-morales-hay-casos-argentinos-no-dejan-salir-hospitales-bolivia-si-no-paga.html<\/p>\n","protected":false},"excerpt":{"rendered":"<p>Envuelto en un pol\u00e9mico cruce de decisiones pol\u00edticas con las autoridades del Ejecutivo de Bolivia, el gobernador de Jujuy, Gerardo Morales, aprovech\u00f3 los anuncios del Plan Belgrano en Salta para hablar sobre el cobro de aranceles a extranjeros que usen el sistema de salud p\u00fablica en su provincia. \u201cTenemos casos de argentinos que no los [&hellip;]<\/p>\n","protected":false},"author":1,"featured_media":5950,"comment_status":"open","ping_status":"closed","sticky":false,"template":"","format":"standard","meta":{"footnotes":""},"categories":[1],"tags":[],"class_list":{"0":"post-5949","1":"post","2":"type-post","3":"status-publish","4":"format-standard","5":"has-post-thumbnail","7":"category-portada"},"yoast_head":"<!-- This site is optimized with the Yoast SEO plugin v27.5 - https:\/\/yoast.com\/product\/yoast-seo-wordpress\/ -->\n<title>Gerardo Morales: &quot;hay casos de argentinos que no los dejan salir de hospitales de Bolivia si no paga&quot; - El Diario de Tucuman<\/title>\n<meta name=\"robots\" content=\"index, follow, max-snippet:-1, max-image-preview:large, max-video-preview:-1\" \/>\n<link rel=\"canonical\" href=\"https:\/\/www.eldiariodetucuman.com\/web\/gerardo-morales-hay-casos-de-argentinos-que-no-los-dejan-salir-de-hospitales-de-bolivia-si-no-paga\/\" \/>\n<meta property=\"og:locale\" content=\"es_ES\" \/>\n<meta property=\"og:type\" content=\"article\" \/>\n<meta property=\"og:title\" content=\"Gerardo Morales: &quot;hay casos de argentinos que no los dejan salir de hospitales de Bolivia si no paga&quot; - El Diario de Tucuman\" \/>\n<meta property=\"og:description\" content=\"Envuelto en un pol\u00e9mico cruce de decisiones pol\u00edticas con las autoridades del Ejecutivo de Bolivia, el gobernador de Jujuy, Gerardo Morales, aprovech\u00f3 los anuncios del Plan Belgrano en Salta para hablar sobre el cobro de aranceles a extranjeros que usen el sistema de salud p\u00fablica en su provincia. \u201cTenemos casos de argentinos que no los [&hellip;]\" \/>\n<meta property=\"og:url\" content=\"https:\/\/www.eldiariodetucuman.com\/web\/gerardo-morales-hay-casos-de-argentinos-que-no-los-dejan-salir-de-hospitales-de-bolivia-si-no-paga\/\" \/>\n<meta property=\"og:site_name\" content=\"El Diario de Tucuman\" \/>\n<meta property=\"article:published_time\" content=\"2018-02-27T15:18:07+00:00\" \/>\n<meta property=\"article:modified_time\" content=\"2018-02-27T15:18:12+00:00\" \/>\n<meta property=\"og:image\" content=\"https:\/\/www.eldiariodetucuman.com\/web\/wp-content\/uploads\/2018\/02\/c836eb5d253094a50a77f7a41ea228d7.jpeg\" \/>\n\t<meta property=\"og:image:width\" content=\"1280\" \/>\n\t<meta property=\"og:image:height\" content=\"720\" \/>\n\t<meta property=\"og:image:type\" content=\"image\/jpeg\" \/>\n<meta name=\"author\" content=\"admin\" \/>\n<meta name=\"twitter:card\" content=\"summary_large_image\" \/>\n<meta name=\"twitter:label1\" content=\"Escrito por\" \/>\n\t<meta name=\"twitter:data1\" content=\"admin\" \/>\n\t<meta name=\"twitter:label2\" content=\"Tiempo de lectura\" \/>\n\t<meta name=\"twitter:data2\" content=\"1 minuto\" \/>\n<script type=\"application\/ld+json\" class=\"yoast-schema-graph\">{\"@context\":\"https:\\\/\\\/schema.org\",\"@graph\":[{\"@type\":\"Article\",\"@id\":\"https:\\\/\\\/www.eldiariodetucuman.com\\\/web\\\/gerardo-morales-hay-casos-de-argentinos-que-no-los-dejan-salir-de-hospitales-de-bolivia-si-no-paga\\\/#article\",\"isPartOf\":{\"@id\":\"https:\\\/\\\/www.eldiariodetucuman.com\\\/web\\\/gerardo-morales-hay-casos-de-argentinos-que-no-los-dejan-salir-de-hospitales-de-bolivia-si-no-paga\\\/\"},\"author\":{\"name\":\"admin\",\"@id\":\"https:\\\/\\\/www.eldiariodetucuman.com\\\/web\\\/#\\\/schema\\\/person\\\/9250197d75ab5483412e19678b121caa\"},\"headline\":\"Gerardo Morales: \u00abhay casos de argentinos que no los dejan salir de hospitales de Bolivia si no paga\u00bb\",\"datePublished\":\"2018-02-27T15:18:07+00:00\",\"dateModified\":\"2018-02-27T15:18:12+00:00\",\"mainEntityOfPage\":{\"@id\":\"https:\\\/\\\/www.eldiariodetucuman.com\\\/web\\\/gerardo-morales-hay-casos-de-argentinos-que-no-los-dejan-salir-de-hospitales-de-bolivia-si-no-paga\\\/\"},\"wordCount\":241,\"commentCount\":0,\"publisher\":{\"@id\":\"https:\\\/\\\/www.eldiariodetucuman.com\\\/web\\\/#organization\"},\"image\":{\"@id\":\"https:\\\/\\\/www.eldiariodetucuman.com\\\/web\\\/gerardo-morales-hay-casos-de-argentinos-que-no-los-dejan-salir-de-hospitales-de-bolivia-si-no-paga\\\/#primaryimage\"},\"thumbnailUrl\":\"https:\\\/\\\/www.eldiariodetucuman.com\\\/web\\\/wp-content\\\/uploads\\\/2018\\\/02\\\/c836eb5d253094a50a77f7a41ea228d7.jpeg\",\"articleSection\":[\"Portada\"],\"inLanguage\":\"es\",\"potentialAction\":[{\"@type\":\"CommentAction\",\"name\":\"Comment\",\"target\":[\"https:\\\/\\\/www.eldiariodetucuman.com\\\/web\\\/gerardo-morales-hay-casos-de-argentinos-que-no-los-dejan-salir-de-hospitales-de-bolivia-si-no-paga\\\/#respond\"]}]},{\"@type\":\"WebPage\",\"@id\":\"https:\\\/\\\/www.eldiariodetucuman.com\\\/web\\\/gerardo-morales-hay-casos-de-argentinos-que-no-los-dejan-salir-de-hospitales-de-bolivia-si-no-paga\\\/\",\"url\":\"https:\\\/\\\/www.eldiariodetucuman.com\\\/web\\\/gerardo-morales-hay-casos-de-argentinos-que-no-los-dejan-salir-de-hospitales-de-bolivia-si-no-paga\\\/\",\"name\":\"Gerardo Morales: \\\"hay casos de argentinos que no los dejan salir de hospitales de Bolivia si no paga\\\" - El Diario de Tucuman\",\"isPartOf\":{\"@id\":\"https:\\\/\\\/www.eldiariodetucuman.com\\\/web\\\/#website\"},\"primaryImageOfPage\":{\"@id\":\"https:\\\/\\\/www.eldiariodetucuman.com\\\/web\\\/gerardo-morales-hay-casos-de-argentinos-que-no-los-dejan-salir-de-hospitales-de-bolivia-si-no-paga\\\/#primaryimage\"},\"image\":{\"@id\":\"https:\\\/\\\/www.eldiariodetucuman.com\\\/web\\\/gerardo-morales-hay-casos-de-argentinos-que-no-los-dejan-salir-de-hospitales-de-bolivia-si-no-paga\\\/#primaryimage\"},\"thumbnailUrl\":\"https:\\\/\\\/www.eldiariodetucuman.com\\\/web\\\/wp-content\\\/uploads\\\/2018\\\/02\\\/c836eb5d253094a50a77f7a41ea228d7.jpeg\",\"datePublished\":\"2018-02-27T15:18:07+00:00\",\"dateModified\":\"2018-02-27T15:18:12+00:00\",\"breadcrumb\":{\"@id\":\"https:\\\/\\\/www.eldiariodetucuman.com\\\/web\\\/gerardo-morales-hay-casos-de-argentinos-que-no-los-dejan-salir-de-hospitales-de-bolivia-si-no-paga\\\/#breadcrumb\"},\"inLanguage\":\"es\",\"potentialAction\":[{\"@type\":\"ReadAction\",\"target\":[\"https:\\\/\\\/www.eldiariodetucuman.com\\\/web\\\/gerardo-morales-hay-casos-de-argentinos-que-no-los-dejan-salir-de-hospitales-de-bolivia-si-no-paga\\\/\"]}]},{\"@type\":\"ImageObject\",\"inLanguage\":\"es\",\"@id\":\"https:\\\/\\\/www.eldiariodetucuman.com\\\/web\\\/gerardo-morales-hay-casos-de-argentinos-que-no-los-dejan-salir-de-hospitales-de-bolivia-si-no-paga\\\/#primaryimage\",\"url\":\"https:\\\/\\\/www.eldiariodetucuman.com\\\/web\\\/wp-content\\\/uploads\\\/2018\\\/02\\\/c836eb5d253094a50a77f7a41ea228d7.jpeg\",\"contentUrl\":\"https:\\\/\\\/www.eldiariodetucuman.com\\\/web\\\/wp-content\\\/uploads\\\/2018\\\/02\\\/c836eb5d253094a50a77f7a41ea228d7.jpeg\",\"width\":1280,\"height\":720},{\"@type\":\"BreadcrumbList\",\"@id\":\"https:\\\/\\\/www.eldiariodetucuman.com\\\/web\\\/gerardo-morales-hay-casos-de-argentinos-que-no-los-dejan-salir-de-hospitales-de-bolivia-si-no-paga\\\/#breadcrumb\",\"itemListElement\":[{\"@type\":\"ListItem\",\"position\":1,\"name\":\"Portada\",\"item\":\"https:\\\/\\\/www.eldiariodetucuman.com\\\/web\\\/\"},{\"@type\":\"ListItem\",\"position\":2,\"name\":\"Gerardo Morales: \u00abhay casos de argentinos que no los dejan salir de hospitales de Bolivia si no paga\u00bb\"}]},{\"@type\":\"WebSite\",\"@id\":\"https:\\\/\\\/www.eldiariodetucuman.com\\\/web\\\/#website\",\"url\":\"https:\\\/\\\/www.eldiariodetucuman.com\\\/web\\\/\",\"name\":\"El Diario de Tucuman\",\"description\":\"Diario Tucuman - Informaci\u00f3n y noticias\",\"publisher\":{\"@id\":\"https:\\\/\\\/www.eldiariodetucuman.com\\\/web\\\/#organization\"},\"potentialAction\":[{\"@type\":\"SearchAction\",\"target\":{\"@type\":\"EntryPoint\",\"urlTemplate\":\"https:\\\/\\\/www.eldiariodetucuman.com\\\/web\\\/?s={search_term_string}\"},\"query-input\":{\"@type\":\"PropertyValueSpecification\",\"valueRequired\":true,\"valueName\":\"search_term_string\"}}],\"inLanguage\":\"es\"},{\"@type\":\"Organization\",\"@id\":\"https:\\\/\\\/www.eldiariodetucuman.com\\\/web\\\/#organization\",\"name\":\"El Diario de Tucuman\",\"url\":\"https:\\\/\\\/www.eldiariodetucuman.com\\\/web\\\/\",\"logo\":{\"@type\":\"ImageObject\",\"inLanguage\":\"es\",\"@id\":\"https:\\\/\\\/www.eldiariodetucuman.com\\\/web\\\/#\\\/schema\\\/logo\\\/image\\\/\",\"url\":\"http:\\\/\\\/www.eldiariodetucuman.com\\\/web\\\/wp-content\\\/uploads\\\/2017\\\/12\\\/el-diario-de-tucuman.jpg\",\"contentUrl\":\"http:\\\/\\\/www.eldiariodetucuman.com\\\/web\\\/wp-content\\\/uploads\\\/2017\\\/12\\\/el-diario-de-tucuman.jpg\",\"width\":272,\"height\":92,\"caption\":\"El Diario de Tucuman\"},\"image\":{\"@id\":\"https:\\\/\\\/www.eldiariodetucuman.com\\\/web\\\/#\\\/schema\\\/logo\\\/image\\\/\"}},{\"@type\":\"Person\",\"@id\":\"https:\\\/\\\/www.eldiariodetucuman.com\\\/web\\\/#\\\/schema\\\/person\\\/9250197d75ab5483412e19678b121caa\",\"name\":\"admin\",\"image\":{\"@type\":\"ImageObject\",\"inLanguage\":\"es\",\"@id\":\"https:\\\/\\\/secure.gravatar.com\\\/avatar\\\/c44d117c2be811212c22cb481f6b8384b6873de103fbc49e7a03cc58d7dea4ac?s=96&d=mm&r=g\",\"url\":\"https:\\\/\\\/secure.gravatar.com\\\/avatar\\\/c44d117c2be811212c22cb481f6b8384b6873de103fbc49e7a03cc58d7dea4ac?s=96&d=mm&r=g\",\"contentUrl\":\"https:\\\/\\\/secure.gravatar.com\\\/avatar\\\/c44d117c2be811212c22cb481f6b8384b6873de103fbc49e7a03cc58d7dea4ac?s=96&d=mm&r=g\",\"caption\":\"admin\"},\"url\":\"https:\\\/\\\/www.eldiariodetucuman.com\\\/web\\\/author\\\/admin\\\/\"}]}<\/script>\n<!-- \/ Yoast SEO plugin. -->","yoast_head_json":{"title":"Gerardo Morales: \"hay casos de argentinos que no los dejan salir de hospitales de Bolivia si no paga\" - El Diario de Tucuman","robots":{"index":"index","follow":"follow","max-snippet":"max-snippet:-1","max-image-preview":"max-image-preview:large","max-video-preview":"max-video-preview:-1"},"canonical":"https:\/\/www.eldiariodetucuman.com\/web\/gerardo-morales-hay-casos-de-argentinos-que-no-los-dejan-salir-de-hospitales-de-bolivia-si-no-paga\/","og_locale":"es_ES","og_type":"article","og_title":"Gerardo Morales: \"hay casos de argentinos que no los dejan salir de hospitales de Bolivia si no paga\" - El Diario de Tucuman","og_description":"Envuelto en un pol\u00e9mico cruce de decisiones pol\u00edticas con las autoridades del Ejecutivo de Bolivia, el gobernador de Jujuy, Gerardo Morales, aprovech\u00f3 los anuncios del Plan Belgrano en Salta para hablar sobre el cobro de aranceles a extranjeros que usen el sistema de salud p\u00fablica en su provincia. \u201cTenemos casos de argentinos que no los [&hellip;]","og_url":"https:\/\/www.eldiariodetucuman.com\/web\/gerardo-morales-hay-casos-de-argentinos-que-no-los-dejan-salir-de-hospitales-de-bolivia-si-no-paga\/","og_site_name":"El Diario de Tucuman","article_published_time":"2018-02-27T15:18:07+00:00","article_modified_time":"2018-02-27T15:18:12+00:00","og_image":[{"width":1280,"height":720,"url":"https:\/\/www.eldiariodetucuman.com\/web\/wp-content\/uploads\/2018\/02\/c836eb5d253094a50a77f7a41ea228d7.jpeg","type":"image\/jpeg"}],"author":"admin","twitter_card":"summary_large_image","twitter_misc":{"Escrito por":"admin","Tiempo de lectura":"1 minuto"},"schema":{"@context":"https:\/\/schema.org","@graph":[{"@type":"Article","@id":"https:\/\/www.eldiariodetucuman.com\/web\/gerardo-morales-hay-casos-de-argentinos-que-no-los-dejan-salir-de-hospitales-de-bolivia-si-no-paga\/#article","isPartOf":{"@id":"https:\/\/www.eldiariodetucuman.com\/web\/gerardo-morales-hay-casos-de-argentinos-que-no-los-dejan-salir-de-hospitales-de-bolivia-si-no-paga\/"},"author":{"name":"admin","@id":"https:\/\/www.eldiariodetucuman.com\/web\/#\/schema\/person\/9250197d75ab5483412e19678b121caa"},"headline":"Gerardo Morales: \u00abhay casos de argentinos que no los dejan salir de hospitales de Bolivia si no paga\u00bb","datePublished":"2018-02-27T15:18:07+00:00","dateModified":"2018-02-27T15:18:12+00:00","mainEntityOfPage":{"@id":"https:\/\/www.eldiariodetucuman.com\/web\/gerardo-morales-hay-casos-de-argentinos-que-no-los-dejan-salir-de-hospitales-de-bolivia-si-no-paga\/"},"wordCount":241,"commentCount":0,"publisher":{"@id":"https:\/\/www.eldiariodetucuman.com\/web\/#organization"},"image":{"@id":"https:\/\/www.eldiariodetucuman.com\/web\/gerardo-morales-hay-casos-de-argentinos-que-no-los-dejan-salir-de-hospitales-de-bolivia-si-no-paga\/#primaryimage"},"thumbnailUrl":"https:\/\/www.eldiariodetucuman.com\/web\/wp-content\/uploads\/2018\/02\/c836eb5d253094a50a77f7a41ea228d7.jpeg","articleSection":["Portada"],"inLanguage":"es","potentialAction":[{"@type":"CommentAction","name":"Comment","target":["https:\/\/www.eldiariodetucuman.com\/web\/gerardo-morales-hay-casos-de-argentinos-que-no-los-dejan-salir-de-hospitales-de-bolivia-si-no-paga\/#respond"]}]},{"@type":"WebPage","@id":"https:\/\/www.eldiariodetucuman.com\/web\/gerardo-morales-hay-casos-de-argentinos-que-no-los-dejan-salir-de-hospitales-de-bolivia-si-no-paga\/","url":"https:\/\/www.eldiariodetucuman.com\/web\/gerardo-morales-hay-casos-de-argentinos-que-no-los-dejan-salir-de-hospitales-de-bolivia-si-no-paga\/","name":"Gerardo Morales: \"hay casos de argentinos que no los dejan salir de hospitales de Bolivia si no paga\" - El Diario de Tucuman","isPartOf":{"@id":"https:\/\/www.eldiariodetucuman.com\/web\/#website"},"primaryImageOfPage":{"@id":"https:\/\/www.eldiariodetucuman.com\/web\/gerardo-morales-hay-casos-de-argentinos-que-no-los-dejan-salir-de-hospitales-de-bolivia-si-no-paga\/#primaryimage"},"image":{"@id":"https:\/\/www.eldiariodetucuman.com\/web\/gerardo-morales-hay-casos-de-argentinos-que-no-los-dejan-salir-de-hospitales-de-bolivia-si-no-paga\/#primaryimage"},"thumbnailUrl":"https:\/\/www.eldiariodetucuman.com\/web\/wp-content\/uploads\/2018\/02\/c836eb5d253094a50a77f7a41ea228d7.jpeg","datePublished":"2018-02-27T15:18:07+00:00","dateModified":"2018-02-27T15:18:12+00:00","breadcrumb":{"@id":"https:\/\/www.eldiariodetucuman.com\/web\/gerardo-morales-hay-casos-de-argentinos-que-no-los-dejan-salir-de-hospitales-de-bolivia-si-no-paga\/#breadcrumb"},"inLanguage":"es","potentialAction":[{"@type":"ReadAction","target":["https:\/\/www.eldiariodetucuman.com\/web\/gerardo-morales-hay-casos-de-argentinos-que-no-los-dejan-salir-de-hospitales-de-bolivia-si-no-paga\/"]}]},{"@type":"ImageObject","inLanguage":"es","@id":"https:\/\/www.eldiariodetucuman.com\/web\/gerardo-morales-hay-casos-de-argentinos-que-no-los-dejan-salir-de-hospitales-de-bolivia-si-no-paga\/#primaryimage","url":"https:\/\/www.eldiariodetucuman.com\/web\/wp-content\/uploads\/2018\/02\/c836eb5d253094a50a77f7a41ea228d7.jpeg","contentUrl":"https:\/\/www.eldiariodetucuman.com\/web\/wp-content\/uploads\/2018\/02\/c836eb5d253094a50a77f7a41ea228d7.jpeg","width":1280,"height":720},{"@type":"BreadcrumbList","@id":"https:\/\/www.eldiariodetucuman.com\/web\/gerardo-morales-hay-casos-de-argentinos-que-no-los-dejan-salir-de-hospitales-de-bolivia-si-no-paga\/#breadcrumb","itemListElement":[{"@type":"ListItem","position":1,"name":"Portada","item":"https:\/\/www.eldiariodetucuman.com\/web\/"},{"@type":"ListItem","position":2,"name":"Gerardo Morales: \u00abhay casos de argentinos que no los dejan salir de hospitales de Bolivia si no paga\u00bb"}]},{"@type":"WebSite","@id":"https:\/\/www.eldiariodetucuman.com\/web\/#website","url":"https:\/\/www.eldiariodetucuman.com\/web\/","name":"El Diario de Tucuman","description":"Diario Tucuman - Informaci\u00f3n y noticias","publisher":{"@id":"https:\/\/www.eldiariodetucuman.com\/web\/#organization"},"potentialAction":[{"@type":"SearchAction","target":{"@type":"EntryPoint","urlTemplate":"https:\/\/www.eldiariodetucuman.com\/web\/?s={search_term_string}"},"query-input":{"@type":"PropertyValueSpecification","valueRequired":true,"valueName":"search_term_string"}}],"inLanguage":"es"},{"@type":"Organization","@id":"https:\/\/www.eldiariodetucuman.com\/web\/#organization","name":"El Diario de Tucuman","url":"https:\/\/www.eldiariodetucuman.com\/web\/","logo":{"@type":"ImageObject","inLanguage":"es","@id":"https:\/\/www.eldiariodetucuman.com\/web\/#\/schema\/logo\/image\/","url":"http:\/\/www.eldiariodetucuman.com\/web\/wp-content\/uploads\/2017\/12\/el-diario-de-tucuman.jpg","contentUrl":"http:\/\/www.eldiariodetucuman.com\/web\/wp-content\/uploads\/2017\/12\/el-diario-de-tucuman.jpg","width":272,"height":92,"caption":"El Diario de Tucuman"},"image":{"@id":"https:\/\/www.eldiariodetucuman.com\/web\/#\/schema\/logo\/image\/"}},{"@type":"Person","@id":"https:\/\/www.eldiariodetucuman.com\/web\/#\/schema\/person\/9250197d75ab5483412e19678b121caa","name":"admin","image":{"@type":"ImageObject","inLanguage":"es","@id":"https:\/\/secure.gravatar.com\/avatar\/c44d117c2be811212c22cb481f6b8384b6873de103fbc49e7a03cc58d7dea4ac?s=96&d=mm&r=g","url":"https:\/\/secure.gravatar.com\/avatar\/c44d117c2be811212c22cb481f6b8384b6873de103fbc49e7a03cc58d7dea4ac?s=96&d=mm&r=g","contentUrl":"https:\/\/secure.gravatar.com\/avatar\/c44d117c2be811212c22cb481f6b8384b6873de103fbc49e7a03cc58d7dea4ac?s=96&d=mm&r=g","caption":"admin"},"url":"https:\/\/www.eldiariodetucuman.com\/web\/author\/admin\/"}]}},"_links":{"self":[{"href":"https:\/\/www.eldiariodetucuman.com\/web\/wp-json\/wp\/v2\/posts\/5949","targetHints":{"allow":["GET"]}}],"collection":[{"href":"https:\/\/www.eldiariodetucuman.com\/web\/wp-json\/wp\/v2\/posts"}],"about":[{"href":"https:\/\/www.eldiariodetucuman.com\/web\/wp-json\/wp\/v2\/types\/post"}],"author":[{"embeddable":true,"href":"https:\/\/www.eldiariodetucuman.com\/web\/wp-json\/wp\/v2\/users\/1"}],"replies":[{"embeddable":true,"href":"https:\/\/www.eldiariodetucuman.com\/web\/wp-json\/wp\/v2\/comments?post=5949"}],"version-history":[{"count":1,"href":"https:\/\/www.eldiariodetucuman.com\/web\/wp-json\/wp\/v2\/posts\/5949\/revisions"}],"predecessor-version":[{"id":5951,"href":"https:\/\/www.eldiariodetucuman.com\/web\/wp-json\/wp\/v2\/posts\/5949\/revisions\/5951"}],"wp:featuredmedia":[{"embeddable":true,"href":"https:\/\/www.eldiariodetucuman.com\/web\/wp-json\/wp\/v2\/media\/5950"}],"wp:attachment":[{"href":"https:\/\/www.eldiariodetucuman.com\/web\/wp-json\/wp\/v2\/media?parent=5949"}],"wp:term":[{"taxonomy":"category","embeddable":true,"href":"https:\/\/www.eldiariodetucuman.com\/web\/wp-json\/wp\/v2\/categories?post=5949"},{"taxonomy":"post_tag","embeddable":true,"href":"https:\/\/www.eldiariodetucuman.com\/web\/wp-json\/wp\/v2\/tags?post=5949"}],"curies":[{"name":"wp","href":"https:\/\/api.w.org\/{rel}","templated":true}]}}