{"id":5946,"date":"2018-02-27T12:17:57","date_gmt":"2018-02-27T15:17:57","guid":{"rendered":"http:\/\/www.eldiariodetucuman.com\/web\/tucuman-sumara-desde-manana-otro-vuelo-low-cost-lo-que-tenes-que-saber-del-arribo-de-flybondi\/"},"modified":"2018-02-27T12:18:00","modified_gmt":"2018-02-27T15:18:00","slug":"tucuman-sumara-desde-manana-otro-vuelo-low-cost-lo-que-tenes-que-saber-del-arribo-de-flybondi","status":"publish","type":"post","link":"https:\/\/www.eldiariodetucuman.com\/web\/tucuman-sumara-desde-manana-otro-vuelo-low-cost-lo-que-tenes-que-saber-del-arribo-de-flybondi\/","title":{"rendered":"Tucum\u00e1n sumar\u00e1 desde ma\u00f1ana otro vuelo low cost: lo que ten\u00e9s que saber del arribo de Flybondi"},"content":{"rendered":"<div>\n<div readability=\"82.835294117647\">\n<p>Un nuevo vuelo de una empresa low cost aterrizar\u00e1 ma\u00f1ana en Tucum\u00e1n. Se trata de un avi\u00f3n de Flybondi que tiene programado arribar a las 13.25 a nuestra provincia y despegar\u00e1 dos horas y media despu\u00e9s desde el Aeropuerto Internacional Benjam\u00edn Matienzo hacia la terminal a\u00e9rea de El Palomar, en Buenos Aires.<\/p>\n<p>A partir de ma\u00f1ana, Flybondi tiene programados vuelos diarios que conectar\u00e1n a Tucum\u00e1n con Buenos Aires, con horarios de despegue a las 13.55 para legar a las 15.35 a destino; mientras que el avi\u00f3n desde El Palomar saldr\u00e1 a las 11.30 y aterrizar\u00e1 en nuestra provincia a las 13.25.<\/p>\n<p><span class=\"style frase\">\u00abBuscamos eficiencia, ponemos m\u00e1s asientos en las aeronaves, es un modelo que existe hace m\u00e1s de 40 a\u00f1os. No estamos inventando nada nuevo, estamos utilizando algo que funciona en todo el mundo\u00bb, explic\u00f3 el titular de Flybondi, Julian Cook.<\/span><\/p>\n<p>Aunque en principio la compa\u00f1\u00eda hab\u00eda anticipado que el costo del pasaje tendr\u00eda un valor de $ 995, los precios fueron actualizados en la p\u00e1gina web. Actualmente se venden a $ 1.244,23, pero a partir del 20 de marzo se vende al precio que estaba previamente establecido<\/p>\n<p>Seg\u00fan la cuenta de Twitter de aeropuertotuc, por primera vez en la historia Tucum\u00e1n tendr\u00e1 70 vuelos semanales a Buenos Aires. De esta manera, el aeropuerto Benjam\u00edn Matienzo ser\u00e1 el que tenga mayor cantidad de vuelos a Buenos Aires en el noroeste.<\/p>\n<p><a href=\"https:\/\/www.lagaceta.com.ar\/nota\/759504\/actualidad\/cuestionan-garantias-seguridad-flybondi-advierten-podria-causar-tragedia.html\" mce_href=\"https:\/\/www.lagaceta.com.ar\/nota\/759504\/actualidad\/cuestionan-garantias-seguridad-flybondi-advierten-podria-causar-tragedia.html\" target=\"_blank\" class=\"style link\">Cuestionan las garant\u00edas de seguridad de Flybondi y advierten que podr\u00eda causar una tragedia<\/a><\/p>\n<p>Anteriormente, el director de Relaciones Industriales y Asuntos Gubernamentales de Flybondi, <b>Esteban Tossutti<\/b>, sostuvo que \u00abTucum\u00e1n tiene mucha productividad y producci\u00f3n. El tucumano necesita viajar y por eso estuvimos analizando tambi\u00e9n con el gobernador una mayor frecuencia de esta provincia hacia otros destinos\u00bb.<\/p>\n<p>La empresa hab\u00eda tenido algunos problemas en los primeros vuelos realizados en el pa\u00eds. El diario La Voz record\u00f3 que un primer vuelo de prueba que termin\u00f3 antes de lo pensado; otro que tuvo que despegar de Bariloche sin equipaje y un par de aterrizajes previstos en El Palomar reasignados a Ezeiza y Aeroparque.<\/p>\n<p><a href=\"https:\/\/www.lagaceta.com.ar\/nota\/760783\/actualidad\/frustrada-apertura-aeropuerto-palomar-primer-vuelo-fue-desviado-ezeiza-causa-mal-tiempo.html\" mce_href=\"https:\/\/www.lagaceta.com.ar\/nota\/760783\/actualidad\/frustrada-apertura-aeropuerto-palomar-primer-vuelo-fue-desviado-ezeiza-causa-mal-tiempo.html\" target=\"_blank\" class=\"style link\">Frustrada apertura del aeropuerto de El Palomar: el primer vuelo fue desviado a Ezeiza a causa del mal tiempo<\/a><\/p>\n<p>\u00abTodas las mencionadas no fueron dificultades, sino hechos que suceden en la operatoria de toda aerol\u00ednea. Al ser la primera low cost del pa\u00eds, todas nuestras acciones son magnificadas\u00bb, indicaron desde la firma y agregaron que en todas las ocasiones privilegiaron la seguridad de los viajeros. \u00bfC\u00f3mo ser\u00e1 el debut en Tucum\u00e1n?<\/p>\n<\/p><\/div>\n<\/div>\n<p>Fuente: http:\/\/www.lagaceta.com.ar\/nota\/762632\/actualidad\/tucuman-sumara-desde-manana-otro-vuelo-low-cost-lo-tenes-saber-arribo-flybondi.html<\/p>\n","protected":false},"excerpt":{"rendered":"<p>Un nuevo vuelo de una empresa low cost aterrizar\u00e1 ma\u00f1ana en Tucum\u00e1n. Se trata de un avi\u00f3n de Flybondi que tiene programado arribar a las 13.25 a nuestra provincia y despegar\u00e1 dos horas y media despu\u00e9s desde el Aeropuerto Internacional Benjam\u00edn Matienzo hacia la terminal a\u00e9rea de El Palomar, en Buenos Aires. A partir de [&hellip;]<\/p>\n","protected":false},"author":1,"featured_media":5947,"comment_status":"open","ping_status":"closed","sticky":false,"template":"","format":"standard","meta":{"footnotes":""},"categories":[1],"tags":[],"class_list":{"0":"post-5946","1":"post","2":"type-post","3":"status-publish","4":"format-standard","5":"has-post-thumbnail","7":"category-portada"},"yoast_head":"<!-- This site is optimized with the Yoast SEO plugin v27.5 - https:\/\/yoast.com\/product\/yoast-seo-wordpress\/ -->\n<title>Tucum\u00e1n sumar\u00e1 desde ma\u00f1ana otro vuelo low cost: lo que ten\u00e9s que saber del arribo de Flybondi - El Diario de Tucuman<\/title>\n<meta name=\"robots\" content=\"index, follow, max-snippet:-1, max-image-preview:large, max-video-preview:-1\" \/>\n<link rel=\"canonical\" href=\"https:\/\/www.eldiariodetucuman.com\/web\/tucuman-sumara-desde-manana-otro-vuelo-low-cost-lo-que-tenes-que-saber-del-arribo-de-flybondi\/\" \/>\n<meta property=\"og:locale\" content=\"es_ES\" \/>\n<meta property=\"og:type\" content=\"article\" \/>\n<meta property=\"og:title\" content=\"Tucum\u00e1n sumar\u00e1 desde ma\u00f1ana otro vuelo low cost: lo que ten\u00e9s que saber del arribo de Flybondi - El Diario de Tucuman\" \/>\n<meta property=\"og:description\" content=\"Un nuevo vuelo de una empresa low cost aterrizar\u00e1 ma\u00f1ana en Tucum\u00e1n. Se trata de un avi\u00f3n de Flybondi que tiene programado arribar a las 13.25 a nuestra provincia y despegar\u00e1 dos horas y media despu\u00e9s desde el Aeropuerto Internacional Benjam\u00edn Matienzo hacia la terminal a\u00e9rea de El Palomar, en Buenos Aires. A partir de [&hellip;]\" \/>\n<meta property=\"og:url\" content=\"https:\/\/www.eldiariodetucuman.com\/web\/tucuman-sumara-desde-manana-otro-vuelo-low-cost-lo-que-tenes-que-saber-del-arribo-de-flybondi\/\" \/>\n<meta property=\"og:site_name\" content=\"El Diario de Tucuman\" \/>\n<meta property=\"article:published_time\" content=\"2018-02-27T15:17:57+00:00\" \/>\n<meta property=\"article:modified_time\" content=\"2018-02-27T15:18:00+00:00\" \/>\n<meta property=\"og:image\" content=\"https:\/\/www.eldiariodetucuman.com\/web\/wp-content\/uploads\/2018\/02\/a2acd6fc87fe17d44f7f29d65927a8f4.jpeg\" \/>\n\t<meta property=\"og:image:width\" content=\"1500\" \/>\n\t<meta property=\"og:image:height\" content=\"850\" \/>\n\t<meta property=\"og:image:type\" content=\"image\/jpeg\" \/>\n<meta name=\"author\" content=\"admin\" \/>\n<meta name=\"twitter:card\" content=\"summary_large_image\" \/>\n<meta name=\"twitter:label1\" content=\"Escrito por\" \/>\n\t<meta name=\"twitter:data1\" content=\"admin\" \/>\n\t<meta name=\"twitter:label2\" content=\"Tiempo de lectura\" \/>\n\t<meta name=\"twitter:data2\" content=\"2 minutos\" \/>\n<script type=\"application\/ld+json\" class=\"yoast-schema-graph\">{\"@context\":\"https:\\\/\\\/schema.org\",\"@graph\":[{\"@type\":\"Article\",\"@id\":\"https:\\\/\\\/www.eldiariodetucuman.com\\\/web\\\/tucuman-sumara-desde-manana-otro-vuelo-low-cost-lo-que-tenes-que-saber-del-arribo-de-flybondi\\\/#article\",\"isPartOf\":{\"@id\":\"https:\\\/\\\/www.eldiariodetucuman.com\\\/web\\\/tucuman-sumara-desde-manana-otro-vuelo-low-cost-lo-que-tenes-que-saber-del-arribo-de-flybondi\\\/\"},\"author\":{\"name\":\"admin\",\"@id\":\"https:\\\/\\\/www.eldiariodetucuman.com\\\/web\\\/#\\\/schema\\\/person\\\/9250197d75ab5483412e19678b121caa\"},\"headline\":\"Tucum\u00e1n sumar\u00e1 desde ma\u00f1ana otro vuelo low cost: lo que ten\u00e9s que saber del arribo de Flybondi\",\"datePublished\":\"2018-02-27T15:17:57+00:00\",\"dateModified\":\"2018-02-27T15:18:00+00:00\",\"mainEntityOfPage\":{\"@id\":\"https:\\\/\\\/www.eldiariodetucuman.com\\\/web\\\/tucuman-sumara-desde-manana-otro-vuelo-low-cost-lo-que-tenes-que-saber-del-arribo-de-flybondi\\\/\"},\"wordCount\":460,\"commentCount\":0,\"publisher\":{\"@id\":\"https:\\\/\\\/www.eldiariodetucuman.com\\\/web\\\/#organization\"},\"image\":{\"@id\":\"https:\\\/\\\/www.eldiariodetucuman.com\\\/web\\\/tucuman-sumara-desde-manana-otro-vuelo-low-cost-lo-que-tenes-que-saber-del-arribo-de-flybondi\\\/#primaryimage\"},\"thumbnailUrl\":\"https:\\\/\\\/www.eldiariodetucuman.com\\\/web\\\/wp-content\\\/uploads\\\/2018\\\/02\\\/a2acd6fc87fe17d44f7f29d65927a8f4.jpeg\",\"articleSection\":[\"Portada\"],\"inLanguage\":\"es\",\"potentialAction\":[{\"@type\":\"CommentAction\",\"name\":\"Comment\",\"target\":[\"https:\\\/\\\/www.eldiariodetucuman.com\\\/web\\\/tucuman-sumara-desde-manana-otro-vuelo-low-cost-lo-que-tenes-que-saber-del-arribo-de-flybondi\\\/#respond\"]}]},{\"@type\":\"WebPage\",\"@id\":\"https:\\\/\\\/www.eldiariodetucuman.com\\\/web\\\/tucuman-sumara-desde-manana-otro-vuelo-low-cost-lo-que-tenes-que-saber-del-arribo-de-flybondi\\\/\",\"url\":\"https:\\\/\\\/www.eldiariodetucuman.com\\\/web\\\/tucuman-sumara-desde-manana-otro-vuelo-low-cost-lo-que-tenes-que-saber-del-arribo-de-flybondi\\\/\",\"name\":\"Tucum\u00e1n sumar\u00e1 desde ma\u00f1ana otro vuelo low cost: lo que ten\u00e9s que saber del arribo de Flybondi - El Diario de Tucuman\",\"isPartOf\":{\"@id\":\"https:\\\/\\\/www.eldiariodetucuman.com\\\/web\\\/#website\"},\"primaryImageOfPage\":{\"@id\":\"https:\\\/\\\/www.eldiariodetucuman.com\\\/web\\\/tucuman-sumara-desde-manana-otro-vuelo-low-cost-lo-que-tenes-que-saber-del-arribo-de-flybondi\\\/#primaryimage\"},\"image\":{\"@id\":\"https:\\\/\\\/www.eldiariodetucuman.com\\\/web\\\/tucuman-sumara-desde-manana-otro-vuelo-low-cost-lo-que-tenes-que-saber-del-arribo-de-flybondi\\\/#primaryimage\"},\"thumbnailUrl\":\"https:\\\/\\\/www.eldiariodetucuman.com\\\/web\\\/wp-content\\\/uploads\\\/2018\\\/02\\\/a2acd6fc87fe17d44f7f29d65927a8f4.jpeg\",\"datePublished\":\"2018-02-27T15:17:57+00:00\",\"dateModified\":\"2018-02-27T15:18:00+00:00\",\"breadcrumb\":{\"@id\":\"https:\\\/\\\/www.eldiariodetucuman.com\\\/web\\\/tucuman-sumara-desde-manana-otro-vuelo-low-cost-lo-que-tenes-que-saber-del-arribo-de-flybondi\\\/#breadcrumb\"},\"inLanguage\":\"es\",\"potentialAction\":[{\"@type\":\"ReadAction\",\"target\":[\"https:\\\/\\\/www.eldiariodetucuman.com\\\/web\\\/tucuman-sumara-desde-manana-otro-vuelo-low-cost-lo-que-tenes-que-saber-del-arribo-de-flybondi\\\/\"]}]},{\"@type\":\"ImageObject\",\"inLanguage\":\"es\",\"@id\":\"https:\\\/\\\/www.eldiariodetucuman.com\\\/web\\\/tucuman-sumara-desde-manana-otro-vuelo-low-cost-lo-que-tenes-que-saber-del-arribo-de-flybondi\\\/#primaryimage\",\"url\":\"https:\\\/\\\/www.eldiariodetucuman.com\\\/web\\\/wp-content\\\/uploads\\\/2018\\\/02\\\/a2acd6fc87fe17d44f7f29d65927a8f4.jpeg\",\"contentUrl\":\"https:\\\/\\\/www.eldiariodetucuman.com\\\/web\\\/wp-content\\\/uploads\\\/2018\\\/02\\\/a2acd6fc87fe17d44f7f29d65927a8f4.jpeg\",\"width\":1500,\"height\":850},{\"@type\":\"BreadcrumbList\",\"@id\":\"https:\\\/\\\/www.eldiariodetucuman.com\\\/web\\\/tucuman-sumara-desde-manana-otro-vuelo-low-cost-lo-que-tenes-que-saber-del-arribo-de-flybondi\\\/#breadcrumb\",\"itemListElement\":[{\"@type\":\"ListItem\",\"position\":1,\"name\":\"Portada\",\"item\":\"https:\\\/\\\/www.eldiariodetucuman.com\\\/web\\\/\"},{\"@type\":\"ListItem\",\"position\":2,\"name\":\"Tucum\u00e1n sumar\u00e1 desde ma\u00f1ana otro vuelo low cost: lo que ten\u00e9s que saber del arribo de Flybondi\"}]},{\"@type\":\"WebSite\",\"@id\":\"https:\\\/\\\/www.eldiariodetucuman.com\\\/web\\\/#website\",\"url\":\"https:\\\/\\\/www.eldiariodetucuman.com\\\/web\\\/\",\"name\":\"El Diario de Tucuman\",\"description\":\"Diario Tucuman - Informaci\u00f3n y noticias\",\"publisher\":{\"@id\":\"https:\\\/\\\/www.eldiariodetucuman.com\\\/web\\\/#organization\"},\"potentialAction\":[{\"@type\":\"SearchAction\",\"target\":{\"@type\":\"EntryPoint\",\"urlTemplate\":\"https:\\\/\\\/www.eldiariodetucuman.com\\\/web\\\/?s={search_term_string}\"},\"query-input\":{\"@type\":\"PropertyValueSpecification\",\"valueRequired\":true,\"valueName\":\"search_term_string\"}}],\"inLanguage\":\"es\"},{\"@type\":\"Organization\",\"@id\":\"https:\\\/\\\/www.eldiariodetucuman.com\\\/web\\\/#organization\",\"name\":\"El Diario de Tucuman\",\"url\":\"https:\\\/\\\/www.eldiariodetucuman.com\\\/web\\\/\",\"logo\":{\"@type\":\"ImageObject\",\"inLanguage\":\"es\",\"@id\":\"https:\\\/\\\/www.eldiariodetucuman.com\\\/web\\\/#\\\/schema\\\/logo\\\/image\\\/\",\"url\":\"http:\\\/\\\/www.eldiariodetucuman.com\\\/web\\\/wp-content\\\/uploads\\\/2017\\\/12\\\/el-diario-de-tucuman.jpg\",\"contentUrl\":\"http:\\\/\\\/www.eldiariodetucuman.com\\\/web\\\/wp-content\\\/uploads\\\/2017\\\/12\\\/el-diario-de-tucuman.jpg\",\"width\":272,\"height\":92,\"caption\":\"El Diario de Tucuman\"},\"image\":{\"@id\":\"https:\\\/\\\/www.eldiariodetucuman.com\\\/web\\\/#\\\/schema\\\/logo\\\/image\\\/\"}},{\"@type\":\"Person\",\"@id\":\"https:\\\/\\\/www.eldiariodetucuman.com\\\/web\\\/#\\\/schema\\\/person\\\/9250197d75ab5483412e19678b121caa\",\"name\":\"admin\",\"image\":{\"@type\":\"ImageObject\",\"inLanguage\":\"es\",\"@id\":\"https:\\\/\\\/secure.gravatar.com\\\/avatar\\\/c44d117c2be811212c22cb481f6b8384b6873de103fbc49e7a03cc58d7dea4ac?s=96&d=mm&r=g\",\"url\":\"https:\\\/\\\/secure.gravatar.com\\\/avatar\\\/c44d117c2be811212c22cb481f6b8384b6873de103fbc49e7a03cc58d7dea4ac?s=96&d=mm&r=g\",\"contentUrl\":\"https:\\\/\\\/secure.gravatar.com\\\/avatar\\\/c44d117c2be811212c22cb481f6b8384b6873de103fbc49e7a03cc58d7dea4ac?s=96&d=mm&r=g\",\"caption\":\"admin\"},\"url\":\"https:\\\/\\\/www.eldiariodetucuman.com\\\/web\\\/author\\\/admin\\\/\"}]}<\/script>\n<!-- \/ Yoast SEO plugin. -->","yoast_head_json":{"title":"Tucum\u00e1n sumar\u00e1 desde ma\u00f1ana otro vuelo low cost: lo que ten\u00e9s que saber del arribo de Flybondi - El Diario de Tucuman","robots":{"index":"index","follow":"follow","max-snippet":"max-snippet:-1","max-image-preview":"max-image-preview:large","max-video-preview":"max-video-preview:-1"},"canonical":"https:\/\/www.eldiariodetucuman.com\/web\/tucuman-sumara-desde-manana-otro-vuelo-low-cost-lo-que-tenes-que-saber-del-arribo-de-flybondi\/","og_locale":"es_ES","og_type":"article","og_title":"Tucum\u00e1n sumar\u00e1 desde ma\u00f1ana otro vuelo low cost: lo que ten\u00e9s que saber del arribo de Flybondi - El Diario de Tucuman","og_description":"Un nuevo vuelo de una empresa low cost aterrizar\u00e1 ma\u00f1ana en Tucum\u00e1n. Se trata de un avi\u00f3n de Flybondi que tiene programado arribar a las 13.25 a nuestra provincia y despegar\u00e1 dos horas y media despu\u00e9s desde el Aeropuerto Internacional Benjam\u00edn Matienzo hacia la terminal a\u00e9rea de El Palomar, en Buenos Aires. A partir de [&hellip;]","og_url":"https:\/\/www.eldiariodetucuman.com\/web\/tucuman-sumara-desde-manana-otro-vuelo-low-cost-lo-que-tenes-que-saber-del-arribo-de-flybondi\/","og_site_name":"El Diario de Tucuman","article_published_time":"2018-02-27T15:17:57+00:00","article_modified_time":"2018-02-27T15:18:00+00:00","og_image":[{"width":1500,"height":850,"url":"https:\/\/www.eldiariodetucuman.com\/web\/wp-content\/uploads\/2018\/02\/a2acd6fc87fe17d44f7f29d65927a8f4.jpeg","type":"image\/jpeg"}],"author":"admin","twitter_card":"summary_large_image","twitter_misc":{"Escrito por":"admin","Tiempo de lectura":"2 minutos"},"schema":{"@context":"https:\/\/schema.org","@graph":[{"@type":"Article","@id":"https:\/\/www.eldiariodetucuman.com\/web\/tucuman-sumara-desde-manana-otro-vuelo-low-cost-lo-que-tenes-que-saber-del-arribo-de-flybondi\/#article","isPartOf":{"@id":"https:\/\/www.eldiariodetucuman.com\/web\/tucuman-sumara-desde-manana-otro-vuelo-low-cost-lo-que-tenes-que-saber-del-arribo-de-flybondi\/"},"author":{"name":"admin","@id":"https:\/\/www.eldiariodetucuman.com\/web\/#\/schema\/person\/9250197d75ab5483412e19678b121caa"},"headline":"Tucum\u00e1n sumar\u00e1 desde ma\u00f1ana otro vuelo low cost: lo que ten\u00e9s que saber del arribo de Flybondi","datePublished":"2018-02-27T15:17:57+00:00","dateModified":"2018-02-27T15:18:00+00:00","mainEntityOfPage":{"@id":"https:\/\/www.eldiariodetucuman.com\/web\/tucuman-sumara-desde-manana-otro-vuelo-low-cost-lo-que-tenes-que-saber-del-arribo-de-flybondi\/"},"wordCount":460,"commentCount":0,"publisher":{"@id":"https:\/\/www.eldiariodetucuman.com\/web\/#organization"},"image":{"@id":"https:\/\/www.eldiariodetucuman.com\/web\/tucuman-sumara-desde-manana-otro-vuelo-low-cost-lo-que-tenes-que-saber-del-arribo-de-flybondi\/#primaryimage"},"thumbnailUrl":"https:\/\/www.eldiariodetucuman.com\/web\/wp-content\/uploads\/2018\/02\/a2acd6fc87fe17d44f7f29d65927a8f4.jpeg","articleSection":["Portada"],"inLanguage":"es","potentialAction":[{"@type":"CommentAction","name":"Comment","target":["https:\/\/www.eldiariodetucuman.com\/web\/tucuman-sumara-desde-manana-otro-vuelo-low-cost-lo-que-tenes-que-saber-del-arribo-de-flybondi\/#respond"]}]},{"@type":"WebPage","@id":"https:\/\/www.eldiariodetucuman.com\/web\/tucuman-sumara-desde-manana-otro-vuelo-low-cost-lo-que-tenes-que-saber-del-arribo-de-flybondi\/","url":"https:\/\/www.eldiariodetucuman.com\/web\/tucuman-sumara-desde-manana-otro-vuelo-low-cost-lo-que-tenes-que-saber-del-arribo-de-flybondi\/","name":"Tucum\u00e1n sumar\u00e1 desde ma\u00f1ana otro vuelo low cost: lo que ten\u00e9s que saber del arribo de Flybondi - El Diario de Tucuman","isPartOf":{"@id":"https:\/\/www.eldiariodetucuman.com\/web\/#website"},"primaryImageOfPage":{"@id":"https:\/\/www.eldiariodetucuman.com\/web\/tucuman-sumara-desde-manana-otro-vuelo-low-cost-lo-que-tenes-que-saber-del-arribo-de-flybondi\/#primaryimage"},"image":{"@id":"https:\/\/www.eldiariodetucuman.com\/web\/tucuman-sumara-desde-manana-otro-vuelo-low-cost-lo-que-tenes-que-saber-del-arribo-de-flybondi\/#primaryimage"},"thumbnailUrl":"https:\/\/www.eldiariodetucuman.com\/web\/wp-content\/uploads\/2018\/02\/a2acd6fc87fe17d44f7f29d65927a8f4.jpeg","datePublished":"2018-02-27T15:17:57+00:00","dateModified":"2018-02-27T15:18:00+00:00","breadcrumb":{"@id":"https:\/\/www.eldiariodetucuman.com\/web\/tucuman-sumara-desde-manana-otro-vuelo-low-cost-lo-que-tenes-que-saber-del-arribo-de-flybondi\/#breadcrumb"},"inLanguage":"es","potentialAction":[{"@type":"ReadAction","target":["https:\/\/www.eldiariodetucuman.com\/web\/tucuman-sumara-desde-manana-otro-vuelo-low-cost-lo-que-tenes-que-saber-del-arribo-de-flybondi\/"]}]},{"@type":"ImageObject","inLanguage":"es","@id":"https:\/\/www.eldiariodetucuman.com\/web\/tucuman-sumara-desde-manana-otro-vuelo-low-cost-lo-que-tenes-que-saber-del-arribo-de-flybondi\/#primaryimage","url":"https:\/\/www.eldiariodetucuman.com\/web\/wp-content\/uploads\/2018\/02\/a2acd6fc87fe17d44f7f29d65927a8f4.jpeg","contentUrl":"https:\/\/www.eldiariodetucuman.com\/web\/wp-content\/uploads\/2018\/02\/a2acd6fc87fe17d44f7f29d65927a8f4.jpeg","width":1500,"height":850},{"@type":"BreadcrumbList","@id":"https:\/\/www.eldiariodetucuman.com\/web\/tucuman-sumara-desde-manana-otro-vuelo-low-cost-lo-que-tenes-que-saber-del-arribo-de-flybondi\/#breadcrumb","itemListElement":[{"@type":"ListItem","position":1,"name":"Portada","item":"https:\/\/www.eldiariodetucuman.com\/web\/"},{"@type":"ListItem","position":2,"name":"Tucum\u00e1n sumar\u00e1 desde ma\u00f1ana otro vuelo low cost: lo que ten\u00e9s que saber del arribo de Flybondi"}]},{"@type":"WebSite","@id":"https:\/\/www.eldiariodetucuman.com\/web\/#website","url":"https:\/\/www.eldiariodetucuman.com\/web\/","name":"El Diario de Tucuman","description":"Diario Tucuman - Informaci\u00f3n y noticias","publisher":{"@id":"https:\/\/www.eldiariodetucuman.com\/web\/#organization"},"potentialAction":[{"@type":"SearchAction","target":{"@type":"EntryPoint","urlTemplate":"https:\/\/www.eldiariodetucuman.com\/web\/?s={search_term_string}"},"query-input":{"@type":"PropertyValueSpecification","valueRequired":true,"valueName":"search_term_string"}}],"inLanguage":"es"},{"@type":"Organization","@id":"https:\/\/www.eldiariodetucuman.com\/web\/#organization","name":"El Diario de Tucuman","url":"https:\/\/www.eldiariodetucuman.com\/web\/","logo":{"@type":"ImageObject","inLanguage":"es","@id":"https:\/\/www.eldiariodetucuman.com\/web\/#\/schema\/logo\/image\/","url":"http:\/\/www.eldiariodetucuman.com\/web\/wp-content\/uploads\/2017\/12\/el-diario-de-tucuman.jpg","contentUrl":"http:\/\/www.eldiariodetucuman.com\/web\/wp-content\/uploads\/2017\/12\/el-diario-de-tucuman.jpg","width":272,"height":92,"caption":"El Diario de Tucuman"},"image":{"@id":"https:\/\/www.eldiariodetucuman.com\/web\/#\/schema\/logo\/image\/"}},{"@type":"Person","@id":"https:\/\/www.eldiariodetucuman.com\/web\/#\/schema\/person\/9250197d75ab5483412e19678b121caa","name":"admin","image":{"@type":"ImageObject","inLanguage":"es","@id":"https:\/\/secure.gravatar.com\/avatar\/c44d117c2be811212c22cb481f6b8384b6873de103fbc49e7a03cc58d7dea4ac?s=96&d=mm&r=g","url":"https:\/\/secure.gravatar.com\/avatar\/c44d117c2be811212c22cb481f6b8384b6873de103fbc49e7a03cc58d7dea4ac?s=96&d=mm&r=g","contentUrl":"https:\/\/secure.gravatar.com\/avatar\/c44d117c2be811212c22cb481f6b8384b6873de103fbc49e7a03cc58d7dea4ac?s=96&d=mm&r=g","caption":"admin"},"url":"https:\/\/www.eldiariodetucuman.com\/web\/author\/admin\/"}]}},"_links":{"self":[{"href":"https:\/\/www.eldiariodetucuman.com\/web\/wp-json\/wp\/v2\/posts\/5946","targetHints":{"allow":["GET"]}}],"collection":[{"href":"https:\/\/www.eldiariodetucuman.com\/web\/wp-json\/wp\/v2\/posts"}],"about":[{"href":"https:\/\/www.eldiariodetucuman.com\/web\/wp-json\/wp\/v2\/types\/post"}],"author":[{"embeddable":true,"href":"https:\/\/www.eldiariodetucuman.com\/web\/wp-json\/wp\/v2\/users\/1"}],"replies":[{"embeddable":true,"href":"https:\/\/www.eldiariodetucuman.com\/web\/wp-json\/wp\/v2\/comments?post=5946"}],"version-history":[{"count":1,"href":"https:\/\/www.eldiariodetucuman.com\/web\/wp-json\/wp\/v2\/posts\/5946\/revisions"}],"predecessor-version":[{"id":5948,"href":"https:\/\/www.eldiariodetucuman.com\/web\/wp-json\/wp\/v2\/posts\/5946\/revisions\/5948"}],"wp:featuredmedia":[{"embeddable":true,"href":"https:\/\/www.eldiariodetucuman.com\/web\/wp-json\/wp\/v2\/media\/5947"}],"wp:attachment":[{"href":"https:\/\/www.eldiariodetucuman.com\/web\/wp-json\/wp\/v2\/media?parent=5946"}],"wp:term":[{"taxonomy":"category","embeddable":true,"href":"https:\/\/www.eldiariodetucuman.com\/web\/wp-json\/wp\/v2\/categories?post=5946"},{"taxonomy":"post_tag","embeddable":true,"href":"https:\/\/www.eldiariodetucuman.com\/web\/wp-json\/wp\/v2\/tags?post=5946"}],"curies":[{"name":"wp","href":"https:\/\/api.w.org\/{rel}","templated":true}]}}