{"id":5943,"date":"2018-02-27T12:09:05","date_gmt":"2018-02-27T15:09:05","guid":{"rendered":"http:\/\/www.eldiariodetucuman.com\/web\/el-pe-y-gremios-docentes-volveran-a-reunirse-el-miercoles-2\/"},"modified":"2018-02-27T12:09:05","modified_gmt":"2018-02-27T15:09:05","slug":"el-pe-y-gremios-docentes-volveran-a-reunirse-el-miercoles-2","status":"publish","type":"post","link":"https:\/\/www.eldiariodetucuman.com\/web\/el-pe-y-gremios-docentes-volveran-a-reunirse-el-miercoles-2\/","title":{"rendered":"El PE y gremios docentes volver\u00e1n a reunirse el mi\u00e9rcoles"},"content":{"rendered":"<div>\n<div readability=\"72\">\n<p>El Gobierno y el Frente Gremial Docente retomaron el di\u00e1logo en el marco de avanzar en las negociaciones salariales. El objetivo de ambos sectores es empezar el ciclo lectivo el pr\u00f3ximo lunes 5.<\/p>\n<p>Al finalizar la reuni\u00f3n, el secretario general de la Agremiaci\u00f3n Tucumana de Educadores Provinciales (ATEP), <strong>David Toledo<\/strong> cont\u00f3 que desde el Ejecutivo ratificaron la propuesta inicial (aunque no dio precisiones). \u201cNosotros nos mantenemos en plenario e informando a los delegados de c\u00f3mo va caminando la paritaria\u201d, sostuvo y agreg\u00f3 que\u00a0la pr\u00edoxima reuni\u00f3n ser\u00e1 el mi\u00e9rcoles.<\/p>\n<p><iframe loading=\"lazy\" width=\"650\" height=\"315\" src=\"http:\/\/www.youtube.com\/embed\/uozj-zyUUko\"><\/iframe><\/p>\n<p>\u00a0<\/p>\n<p>\u00a0<\/p>\n<blockquote class=\"mom_quote \" readability=\"9\">\n<p>Con respecto al encuentro que mantuvo el titular de la cartera de Econom\u00eda, <strong>Eduardo Garvich<\/strong> con sus pares nacionales, el referente de ATEP sostuvo: \u201clos condicionamientos que le pone la Naci\u00f3n a la provincia de ninguna manera pueden cumplirse\u201d.<\/p>\n<\/blockquote>\n<p>Asimismo, desde el Ejecutivo indicaron que los equipos t\u00e9cnicos de las partes contin\u00faan trabajando con en todas las posibilidades, luego de revisiones realizadas en la reuni\u00f3n de hoy.<\/p>\n<p>Al finalizar, Toledo destaco que van a continuar abiertos al di\u00e1logo \u201cbregando por m\u00e1s y mejor educaci\u00f3n\u201d.Adem\u00e1s de Garvich, por el Ejecutivo tambi\u00e9n participaron\u00a0el ministro de Gobierno y Justicia,<strong> Regino Amado;\u00a0<\/strong>de Educaci\u00f3n,\u00a0y la secretaria de Gobierno, <strong>Carolina Vargas Aignasse. <\/strong>Mientras que por el sector gremial, estuvo Toledo; <strong>Edgardo Bessone,<\/strong> de la Asociaci\u00f3n del Magisterio y la Ense\u00f1anza T\u00e9cnica (AMET); e <strong>Isabel Ruiz,<\/strong> de la Agremiaci\u00f3n del Personal de Ense\u00f1anza Media y Superior (APEM).<\/p>\n<p>\u00a0<\/p>\n<p>Por su parte, el gobernador, Juan Manzur, dijo que durante la misi\u00f3n comercial en Dubai estuvo al tanto del avance en las negociaciones. \u201cvamos a privilegiar el bien de los tucumanos\u201d, destac\u00f3.\u00a0D\u00edas atr\u00e1s los dirigentes de la docencia y los funcionarios del gabinete coincidieron en el rechazo al techo del 15% de aumento, fijado por la Naci\u00f3n para las negociaciones salariales.\u00a0<\/p>\n<\/div>\n<\/div>\n<p>Fuente: http:\/\/comunicaciontucuman.gob.ar\/2018\/02\/el-pe-retomo-las-negociaciones-por-paritarias-con-los-docentes\/<\/p>\n","protected":false},"excerpt":{"rendered":"<p>El Gobierno y el Frente Gremial Docente retomaron el di\u00e1logo en el marco de avanzar en las negociaciones salariales. El objetivo de ambos sectores es empezar el ciclo lectivo el pr\u00f3ximo lunes 5. Al finalizar la reuni\u00f3n, el secretario general de la Agremiaci\u00f3n Tucumana de Educadores Provinciales (ATEP), David Toledo cont\u00f3 que desde el Ejecutivo [&hellip;]<\/p>\n","protected":false},"author":1,"featured_media":5944,"comment_status":"open","ping_status":"closed","sticky":false,"template":"","format":"standard","meta":{"footnotes":""},"categories":[3],"tags":[],"class_list":{"0":"post-5943","1":"post","2":"type-post","3":"status-publish","4":"format-standard","5":"has-post-thumbnail","7":"category-politica"},"yoast_head":"<!-- This site is optimized with the Yoast SEO plugin v27.5 - https:\/\/yoast.com\/product\/yoast-seo-wordpress\/ -->\n<title>El PE y gremios docentes volver\u00e1n a reunirse el mi\u00e9rcoles - El Diario de Tucuman<\/title>\n<meta name=\"robots\" content=\"index, follow, max-snippet:-1, max-image-preview:large, max-video-preview:-1\" \/>\n<link rel=\"canonical\" href=\"https:\/\/www.eldiariodetucuman.com\/web\/el-pe-y-gremios-docentes-volveran-a-reunirse-el-miercoles-2\/\" \/>\n<meta property=\"og:locale\" content=\"es_ES\" \/>\n<meta property=\"og:type\" content=\"article\" \/>\n<meta property=\"og:title\" content=\"El PE y gremios docentes volver\u00e1n a reunirse el mi\u00e9rcoles - El Diario de Tucuman\" \/>\n<meta property=\"og:description\" content=\"El Gobierno y el Frente Gremial Docente retomaron el di\u00e1logo en el marco de avanzar en las negociaciones salariales. El objetivo de ambos sectores es empezar el ciclo lectivo el pr\u00f3ximo lunes 5. Al finalizar la reuni\u00f3n, el secretario general de la Agremiaci\u00f3n Tucumana de Educadores Provinciales (ATEP), David Toledo cont\u00f3 que desde el Ejecutivo [&hellip;]\" \/>\n<meta property=\"og:url\" content=\"https:\/\/www.eldiariodetucuman.com\/web\/el-pe-y-gremios-docentes-volveran-a-reunirse-el-miercoles-2\/\" \/>\n<meta property=\"og:site_name\" content=\"El Diario de Tucuman\" \/>\n<meta property=\"article:published_time\" content=\"2018-02-27T15:09:05+00:00\" \/>\n<meta property=\"og:image\" content=\"https:\/\/www.eldiariodetucuman.com\/web\/wp-content\/uploads\/2018\/02\/451938a3353a49e6cc1c68c4bc27ff85.jpeg\" \/>\n\t<meta property=\"og:image:width\" content=\"300\" \/>\n\t<meta property=\"og:image:height\" content=\"166\" \/>\n\t<meta property=\"og:image:type\" content=\"image\/jpeg\" \/>\n<meta name=\"author\" content=\"admin\" \/>\n<meta name=\"twitter:card\" content=\"summary_large_image\" \/>\n<meta name=\"twitter:label1\" content=\"Escrito por\" \/>\n\t<meta name=\"twitter:data1\" content=\"admin\" \/>\n\t<meta name=\"twitter:label2\" content=\"Tiempo de lectura\" \/>\n\t<meta name=\"twitter:data2\" content=\"2 minutos\" \/>\n<script type=\"application\/ld+json\" class=\"yoast-schema-graph\">{\"@context\":\"https:\\\/\\\/schema.org\",\"@graph\":[{\"@type\":\"Article\",\"@id\":\"https:\\\/\\\/www.eldiariodetucuman.com\\\/web\\\/el-pe-y-gremios-docentes-volveran-a-reunirse-el-miercoles-2\\\/#article\",\"isPartOf\":{\"@id\":\"https:\\\/\\\/www.eldiariodetucuman.com\\\/web\\\/el-pe-y-gremios-docentes-volveran-a-reunirse-el-miercoles-2\\\/\"},\"author\":{\"name\":\"admin\",\"@id\":\"https:\\\/\\\/www.eldiariodetucuman.com\\\/web\\\/#\\\/schema\\\/person\\\/9250197d75ab5483412e19678b121caa\"},\"headline\":\"El PE y gremios docentes volver\u00e1n a reunirse el mi\u00e9rcoles\",\"datePublished\":\"2018-02-27T15:09:05+00:00\",\"mainEntityOfPage\":{\"@id\":\"https:\\\/\\\/www.eldiariodetucuman.com\\\/web\\\/el-pe-y-gremios-docentes-volveran-a-reunirse-el-miercoles-2\\\/\"},\"wordCount\":339,\"commentCount\":0,\"publisher\":{\"@id\":\"https:\\\/\\\/www.eldiariodetucuman.com\\\/web\\\/#organization\"},\"image\":{\"@id\":\"https:\\\/\\\/www.eldiariodetucuman.com\\\/web\\\/el-pe-y-gremios-docentes-volveran-a-reunirse-el-miercoles-2\\\/#primaryimage\"},\"thumbnailUrl\":\"https:\\\/\\\/www.eldiariodetucuman.com\\\/web\\\/wp-content\\\/uploads\\\/2018\\\/02\\\/451938a3353a49e6cc1c68c4bc27ff85.jpeg\",\"articleSection\":[\"Politica\"],\"inLanguage\":\"es\",\"potentialAction\":[{\"@type\":\"CommentAction\",\"name\":\"Comment\",\"target\":[\"https:\\\/\\\/www.eldiariodetucuman.com\\\/web\\\/el-pe-y-gremios-docentes-volveran-a-reunirse-el-miercoles-2\\\/#respond\"]}]},{\"@type\":\"WebPage\",\"@id\":\"https:\\\/\\\/www.eldiariodetucuman.com\\\/web\\\/el-pe-y-gremios-docentes-volveran-a-reunirse-el-miercoles-2\\\/\",\"url\":\"https:\\\/\\\/www.eldiariodetucuman.com\\\/web\\\/el-pe-y-gremios-docentes-volveran-a-reunirse-el-miercoles-2\\\/\",\"name\":\"El PE y gremios docentes volver\u00e1n a reunirse el mi\u00e9rcoles - El Diario de Tucuman\",\"isPartOf\":{\"@id\":\"https:\\\/\\\/www.eldiariodetucuman.com\\\/web\\\/#website\"},\"primaryImageOfPage\":{\"@id\":\"https:\\\/\\\/www.eldiariodetucuman.com\\\/web\\\/el-pe-y-gremios-docentes-volveran-a-reunirse-el-miercoles-2\\\/#primaryimage\"},\"image\":{\"@id\":\"https:\\\/\\\/www.eldiariodetucuman.com\\\/web\\\/el-pe-y-gremios-docentes-volveran-a-reunirse-el-miercoles-2\\\/#primaryimage\"},\"thumbnailUrl\":\"https:\\\/\\\/www.eldiariodetucuman.com\\\/web\\\/wp-content\\\/uploads\\\/2018\\\/02\\\/451938a3353a49e6cc1c68c4bc27ff85.jpeg\",\"datePublished\":\"2018-02-27T15:09:05+00:00\",\"breadcrumb\":{\"@id\":\"https:\\\/\\\/www.eldiariodetucuman.com\\\/web\\\/el-pe-y-gremios-docentes-volveran-a-reunirse-el-miercoles-2\\\/#breadcrumb\"},\"inLanguage\":\"es\",\"potentialAction\":[{\"@type\":\"ReadAction\",\"target\":[\"https:\\\/\\\/www.eldiariodetucuman.com\\\/web\\\/el-pe-y-gremios-docentes-volveran-a-reunirse-el-miercoles-2\\\/\"]}]},{\"@type\":\"ImageObject\",\"inLanguage\":\"es\",\"@id\":\"https:\\\/\\\/www.eldiariodetucuman.com\\\/web\\\/el-pe-y-gremios-docentes-volveran-a-reunirse-el-miercoles-2\\\/#primaryimage\",\"url\":\"https:\\\/\\\/www.eldiariodetucuman.com\\\/web\\\/wp-content\\\/uploads\\\/2018\\\/02\\\/451938a3353a49e6cc1c68c4bc27ff85.jpeg\",\"contentUrl\":\"https:\\\/\\\/www.eldiariodetucuman.com\\\/web\\\/wp-content\\\/uploads\\\/2018\\\/02\\\/451938a3353a49e6cc1c68c4bc27ff85.jpeg\",\"width\":300,\"height\":166},{\"@type\":\"BreadcrumbList\",\"@id\":\"https:\\\/\\\/www.eldiariodetucuman.com\\\/web\\\/el-pe-y-gremios-docentes-volveran-a-reunirse-el-miercoles-2\\\/#breadcrumb\",\"itemListElement\":[{\"@type\":\"ListItem\",\"position\":1,\"name\":\"Portada\",\"item\":\"https:\\\/\\\/www.eldiariodetucuman.com\\\/web\\\/\"},{\"@type\":\"ListItem\",\"position\":2,\"name\":\"El PE y gremios docentes volver\u00e1n a reunirse el mi\u00e9rcoles\"}]},{\"@type\":\"WebSite\",\"@id\":\"https:\\\/\\\/www.eldiariodetucuman.com\\\/web\\\/#website\",\"url\":\"https:\\\/\\\/www.eldiariodetucuman.com\\\/web\\\/\",\"name\":\"El Diario de Tucuman\",\"description\":\"Diario Tucuman - Informaci\u00f3n y noticias\",\"publisher\":{\"@id\":\"https:\\\/\\\/www.eldiariodetucuman.com\\\/web\\\/#organization\"},\"potentialAction\":[{\"@type\":\"SearchAction\",\"target\":{\"@type\":\"EntryPoint\",\"urlTemplate\":\"https:\\\/\\\/www.eldiariodetucuman.com\\\/web\\\/?s={search_term_string}\"},\"query-input\":{\"@type\":\"PropertyValueSpecification\",\"valueRequired\":true,\"valueName\":\"search_term_string\"}}],\"inLanguage\":\"es\"},{\"@type\":\"Organization\",\"@id\":\"https:\\\/\\\/www.eldiariodetucuman.com\\\/web\\\/#organization\",\"name\":\"El Diario de Tucuman\",\"url\":\"https:\\\/\\\/www.eldiariodetucuman.com\\\/web\\\/\",\"logo\":{\"@type\":\"ImageObject\",\"inLanguage\":\"es\",\"@id\":\"https:\\\/\\\/www.eldiariodetucuman.com\\\/web\\\/#\\\/schema\\\/logo\\\/image\\\/\",\"url\":\"http:\\\/\\\/www.eldiariodetucuman.com\\\/web\\\/wp-content\\\/uploads\\\/2017\\\/12\\\/el-diario-de-tucuman.jpg\",\"contentUrl\":\"http:\\\/\\\/www.eldiariodetucuman.com\\\/web\\\/wp-content\\\/uploads\\\/2017\\\/12\\\/el-diario-de-tucuman.jpg\",\"width\":272,\"height\":92,\"caption\":\"El Diario de Tucuman\"},\"image\":{\"@id\":\"https:\\\/\\\/www.eldiariodetucuman.com\\\/web\\\/#\\\/schema\\\/logo\\\/image\\\/\"}},{\"@type\":\"Person\",\"@id\":\"https:\\\/\\\/www.eldiariodetucuman.com\\\/web\\\/#\\\/schema\\\/person\\\/9250197d75ab5483412e19678b121caa\",\"name\":\"admin\",\"image\":{\"@type\":\"ImageObject\",\"inLanguage\":\"es\",\"@id\":\"https:\\\/\\\/secure.gravatar.com\\\/avatar\\\/c44d117c2be811212c22cb481f6b8384b6873de103fbc49e7a03cc58d7dea4ac?s=96&d=mm&r=g\",\"url\":\"https:\\\/\\\/secure.gravatar.com\\\/avatar\\\/c44d117c2be811212c22cb481f6b8384b6873de103fbc49e7a03cc58d7dea4ac?s=96&d=mm&r=g\",\"contentUrl\":\"https:\\\/\\\/secure.gravatar.com\\\/avatar\\\/c44d117c2be811212c22cb481f6b8384b6873de103fbc49e7a03cc58d7dea4ac?s=96&d=mm&r=g\",\"caption\":\"admin\"},\"url\":\"https:\\\/\\\/www.eldiariodetucuman.com\\\/web\\\/author\\\/admin\\\/\"}]}<\/script>\n<!-- \/ Yoast SEO plugin. -->","yoast_head_json":{"title":"El PE y gremios docentes volver\u00e1n a reunirse el mi\u00e9rcoles - El Diario de Tucuman","robots":{"index":"index","follow":"follow","max-snippet":"max-snippet:-1","max-image-preview":"max-image-preview:large","max-video-preview":"max-video-preview:-1"},"canonical":"https:\/\/www.eldiariodetucuman.com\/web\/el-pe-y-gremios-docentes-volveran-a-reunirse-el-miercoles-2\/","og_locale":"es_ES","og_type":"article","og_title":"El PE y gremios docentes volver\u00e1n a reunirse el mi\u00e9rcoles - El Diario de Tucuman","og_description":"El Gobierno y el Frente Gremial Docente retomaron el di\u00e1logo en el marco de avanzar en las negociaciones salariales. El objetivo de ambos sectores es empezar el ciclo lectivo el pr\u00f3ximo lunes 5. Al finalizar la reuni\u00f3n, el secretario general de la Agremiaci\u00f3n Tucumana de Educadores Provinciales (ATEP), David Toledo cont\u00f3 que desde el Ejecutivo [&hellip;]","og_url":"https:\/\/www.eldiariodetucuman.com\/web\/el-pe-y-gremios-docentes-volveran-a-reunirse-el-miercoles-2\/","og_site_name":"El Diario de Tucuman","article_published_time":"2018-02-27T15:09:05+00:00","og_image":[{"width":300,"height":166,"url":"https:\/\/www.eldiariodetucuman.com\/web\/wp-content\/uploads\/2018\/02\/451938a3353a49e6cc1c68c4bc27ff85.jpeg","type":"image\/jpeg"}],"author":"admin","twitter_card":"summary_large_image","twitter_misc":{"Escrito por":"admin","Tiempo de lectura":"2 minutos"},"schema":{"@context":"https:\/\/schema.org","@graph":[{"@type":"Article","@id":"https:\/\/www.eldiariodetucuman.com\/web\/el-pe-y-gremios-docentes-volveran-a-reunirse-el-miercoles-2\/#article","isPartOf":{"@id":"https:\/\/www.eldiariodetucuman.com\/web\/el-pe-y-gremios-docentes-volveran-a-reunirse-el-miercoles-2\/"},"author":{"name":"admin","@id":"https:\/\/www.eldiariodetucuman.com\/web\/#\/schema\/person\/9250197d75ab5483412e19678b121caa"},"headline":"El PE y gremios docentes volver\u00e1n a reunirse el mi\u00e9rcoles","datePublished":"2018-02-27T15:09:05+00:00","mainEntityOfPage":{"@id":"https:\/\/www.eldiariodetucuman.com\/web\/el-pe-y-gremios-docentes-volveran-a-reunirse-el-miercoles-2\/"},"wordCount":339,"commentCount":0,"publisher":{"@id":"https:\/\/www.eldiariodetucuman.com\/web\/#organization"},"image":{"@id":"https:\/\/www.eldiariodetucuman.com\/web\/el-pe-y-gremios-docentes-volveran-a-reunirse-el-miercoles-2\/#primaryimage"},"thumbnailUrl":"https:\/\/www.eldiariodetucuman.com\/web\/wp-content\/uploads\/2018\/02\/451938a3353a49e6cc1c68c4bc27ff85.jpeg","articleSection":["Politica"],"inLanguage":"es","potentialAction":[{"@type":"CommentAction","name":"Comment","target":["https:\/\/www.eldiariodetucuman.com\/web\/el-pe-y-gremios-docentes-volveran-a-reunirse-el-miercoles-2\/#respond"]}]},{"@type":"WebPage","@id":"https:\/\/www.eldiariodetucuman.com\/web\/el-pe-y-gremios-docentes-volveran-a-reunirse-el-miercoles-2\/","url":"https:\/\/www.eldiariodetucuman.com\/web\/el-pe-y-gremios-docentes-volveran-a-reunirse-el-miercoles-2\/","name":"El PE y gremios docentes volver\u00e1n a reunirse el mi\u00e9rcoles - El Diario de Tucuman","isPartOf":{"@id":"https:\/\/www.eldiariodetucuman.com\/web\/#website"},"primaryImageOfPage":{"@id":"https:\/\/www.eldiariodetucuman.com\/web\/el-pe-y-gremios-docentes-volveran-a-reunirse-el-miercoles-2\/#primaryimage"},"image":{"@id":"https:\/\/www.eldiariodetucuman.com\/web\/el-pe-y-gremios-docentes-volveran-a-reunirse-el-miercoles-2\/#primaryimage"},"thumbnailUrl":"https:\/\/www.eldiariodetucuman.com\/web\/wp-content\/uploads\/2018\/02\/451938a3353a49e6cc1c68c4bc27ff85.jpeg","datePublished":"2018-02-27T15:09:05+00:00","breadcrumb":{"@id":"https:\/\/www.eldiariodetucuman.com\/web\/el-pe-y-gremios-docentes-volveran-a-reunirse-el-miercoles-2\/#breadcrumb"},"inLanguage":"es","potentialAction":[{"@type":"ReadAction","target":["https:\/\/www.eldiariodetucuman.com\/web\/el-pe-y-gremios-docentes-volveran-a-reunirse-el-miercoles-2\/"]}]},{"@type":"ImageObject","inLanguage":"es","@id":"https:\/\/www.eldiariodetucuman.com\/web\/el-pe-y-gremios-docentes-volveran-a-reunirse-el-miercoles-2\/#primaryimage","url":"https:\/\/www.eldiariodetucuman.com\/web\/wp-content\/uploads\/2018\/02\/451938a3353a49e6cc1c68c4bc27ff85.jpeg","contentUrl":"https:\/\/www.eldiariodetucuman.com\/web\/wp-content\/uploads\/2018\/02\/451938a3353a49e6cc1c68c4bc27ff85.jpeg","width":300,"height":166},{"@type":"BreadcrumbList","@id":"https:\/\/www.eldiariodetucuman.com\/web\/el-pe-y-gremios-docentes-volveran-a-reunirse-el-miercoles-2\/#breadcrumb","itemListElement":[{"@type":"ListItem","position":1,"name":"Portada","item":"https:\/\/www.eldiariodetucuman.com\/web\/"},{"@type":"ListItem","position":2,"name":"El PE y gremios docentes volver\u00e1n a reunirse el mi\u00e9rcoles"}]},{"@type":"WebSite","@id":"https:\/\/www.eldiariodetucuman.com\/web\/#website","url":"https:\/\/www.eldiariodetucuman.com\/web\/","name":"El Diario de Tucuman","description":"Diario Tucuman - Informaci\u00f3n y noticias","publisher":{"@id":"https:\/\/www.eldiariodetucuman.com\/web\/#organization"},"potentialAction":[{"@type":"SearchAction","target":{"@type":"EntryPoint","urlTemplate":"https:\/\/www.eldiariodetucuman.com\/web\/?s={search_term_string}"},"query-input":{"@type":"PropertyValueSpecification","valueRequired":true,"valueName":"search_term_string"}}],"inLanguage":"es"},{"@type":"Organization","@id":"https:\/\/www.eldiariodetucuman.com\/web\/#organization","name":"El Diario de Tucuman","url":"https:\/\/www.eldiariodetucuman.com\/web\/","logo":{"@type":"ImageObject","inLanguage":"es","@id":"https:\/\/www.eldiariodetucuman.com\/web\/#\/schema\/logo\/image\/","url":"http:\/\/www.eldiariodetucuman.com\/web\/wp-content\/uploads\/2017\/12\/el-diario-de-tucuman.jpg","contentUrl":"http:\/\/www.eldiariodetucuman.com\/web\/wp-content\/uploads\/2017\/12\/el-diario-de-tucuman.jpg","width":272,"height":92,"caption":"El Diario de Tucuman"},"image":{"@id":"https:\/\/www.eldiariodetucuman.com\/web\/#\/schema\/logo\/image\/"}},{"@type":"Person","@id":"https:\/\/www.eldiariodetucuman.com\/web\/#\/schema\/person\/9250197d75ab5483412e19678b121caa","name":"admin","image":{"@type":"ImageObject","inLanguage":"es","@id":"https:\/\/secure.gravatar.com\/avatar\/c44d117c2be811212c22cb481f6b8384b6873de103fbc49e7a03cc58d7dea4ac?s=96&d=mm&r=g","url":"https:\/\/secure.gravatar.com\/avatar\/c44d117c2be811212c22cb481f6b8384b6873de103fbc49e7a03cc58d7dea4ac?s=96&d=mm&r=g","contentUrl":"https:\/\/secure.gravatar.com\/avatar\/c44d117c2be811212c22cb481f6b8384b6873de103fbc49e7a03cc58d7dea4ac?s=96&d=mm&r=g","caption":"admin"},"url":"https:\/\/www.eldiariodetucuman.com\/web\/author\/admin\/"}]}},"_links":{"self":[{"href":"https:\/\/www.eldiariodetucuman.com\/web\/wp-json\/wp\/v2\/posts\/5943","targetHints":{"allow":["GET"]}}],"collection":[{"href":"https:\/\/www.eldiariodetucuman.com\/web\/wp-json\/wp\/v2\/posts"}],"about":[{"href":"https:\/\/www.eldiariodetucuman.com\/web\/wp-json\/wp\/v2\/types\/post"}],"author":[{"embeddable":true,"href":"https:\/\/www.eldiariodetucuman.com\/web\/wp-json\/wp\/v2\/users\/1"}],"replies":[{"embeddable":true,"href":"https:\/\/www.eldiariodetucuman.com\/web\/wp-json\/wp\/v2\/comments?post=5943"}],"version-history":[{"count":1,"href":"https:\/\/www.eldiariodetucuman.com\/web\/wp-json\/wp\/v2\/posts\/5943\/revisions"}],"predecessor-version":[{"id":5945,"href":"https:\/\/www.eldiariodetucuman.com\/web\/wp-json\/wp\/v2\/posts\/5943\/revisions\/5945"}],"wp:featuredmedia":[{"embeddable":true,"href":"https:\/\/www.eldiariodetucuman.com\/web\/wp-json\/wp\/v2\/media\/5944"}],"wp:attachment":[{"href":"https:\/\/www.eldiariodetucuman.com\/web\/wp-json\/wp\/v2\/media?parent=5943"}],"wp:term":[{"taxonomy":"category","embeddable":true,"href":"https:\/\/www.eldiariodetucuman.com\/web\/wp-json\/wp\/v2\/categories?post=5943"},{"taxonomy":"post_tag","embeddable":true,"href":"https:\/\/www.eldiariodetucuman.com\/web\/wp-json\/wp\/v2\/tags?post=5943"}],"curies":[{"name":"wp","href":"https:\/\/api.w.org\/{rel}","templated":true}]}}