{"id":5940,"date":"2018-02-27T12:08:57","date_gmt":"2018-02-27T15:08:57","guid":{"rendered":"http:\/\/www.eldiariodetucuman.com\/web\/inauguran-la-primera-pista-de-prueba-para-la-licencia-de-conducir\/"},"modified":"2018-02-27T12:08:58","modified_gmt":"2018-02-27T15:08:58","slug":"inauguran-la-primera-pista-de-prueba-para-la-licencia-de-conducir","status":"publish","type":"post","link":"https:\/\/www.eldiariodetucuman.com\/web\/inauguran-la-primera-pista-de-prueba-para-la-licencia-de-conducir\/","title":{"rendered":"Inauguran la primera pista de prueba para la licencia de conducir"},"content":{"rendered":"<div>\n<div readability=\"54\">\n<p>Con el fin de garantizar la seguridad vial en las ciudades del interior tucumano, el gobernador,<strong> Juan Manzur<\/strong>, visit\u00f3 el barrio BGH de Las Talitas, para dejar inaugurada \u00a0la primera pista de prueba de manejo del municipio. Estuvo acompa\u00f1ado por el intendente, <strong>Carlos Najar<\/strong> y el ministro de Seguridad, <strong>Claudio Maley<\/strong>.<\/p>\n<blockquote class=\"mom_quote \"><p><a href=\"http:\/\/comunicaciontucuman.gob.ar\/wp-content\/uploads\/2018\/02\/manzur-pista-de-manejo-las-talitas-7.jpg\"><img loading=\"lazy\" decoding=\"async\" class=\"size-medium wp-image-155239 alignleft\" src=\"http:\/\/comunicaciontucuman.gob.ar\/wp-content\/uploads\/2018\/02\/manzur-pista-de-manejo-las-talitas-7-300x166.jpg\" alt=\"manzur-pista-de-manejo-las-talitas (7)\" width=\"300\" height=\"166\"><\/a>Manzur expres\u00f3: \u201cEs una obra significativa para el interior porque la pista cumple con todas las normas y acreditaciones nacionales. Esto tiene que ver con la seguridad vial. Para tramitar y renovar la licencia de conducir se tienen que superar pruebas y estudios. Es importante cumplir con todas las normas de tr\u00e1nsito\u201d.<\/p><\/blockquote>\n<p><iframe loading=\"lazy\" width=\"650\" height=\"315\" src=\"http:\/\/www.youtube.com\/embed\/lqP5ddfUg08\"><\/iframe><\/p>\n<p>\u00a0<\/p>\n<p>\u00a0<\/p>\n<p>Najar dijo que el municipio cumple con todos los requisitos para llevar adelante la entrega de la licencia de conducir y ampli\u00f3 que se mejor\u00f3 la identificaci\u00f3n del sistema de taxis de la ciudad, a trav\u00e9s de una credencial con c\u00f3digo QR, en la que se puede constatar los datos de cada chofer.<\/p>\n<p><a href=\"http:\/\/comunicaciontucuman.gob.ar\/wp-content\/uploads\/2018\/02\/manzur-pista-de-manejo-las-talitas-5.jpg\"><img loading=\"lazy\" decoding=\"async\" class=\"size-medium wp-image-155237 alignright\" src=\"http:\/\/comunicaciontucuman.gob.ar\/wp-content\/uploads\/2018\/02\/manzur-pista-de-manejo-las-talitas-5-300x166.jpg\" alt=\"manzur-pista-de-manejo-las-talitas (5)\" width=\"300\" height=\"166\"><\/a>Maley declar\u00f3 que \u201ces una necesidad imperiosa que todos los municipios tengan el permiso nacional habilitante para emitir la licencia de conducir. Un ejemplo para todas las ciudades para fijar pautas homog\u00e9neas en la provincia\u201d.<\/p>\n<blockquote class=\"mom_quote \" readability=\"9\">\n<p><strong>Seguridad<\/strong><\/p>\n<p>El Gobernador expres\u00f3 que la Polic\u00eda de Tucum\u00e1n trabaja para normalizar la seguridad del municipio y dijo que \u201ctodo aquel que comenta un delito vaya a la justicia. Es un mensaje muy claro porque hoy, lo que quieren los tucumanos, es vivir en paz\u201d.<\/p>\n<\/blockquote>\n<\/div>\n<\/div>\n<p>Fuente: http:\/\/comunicaciontucuman.gob.ar\/2018\/02\/inauguran-la-primera-pista-de-prueba-para-la-licencia-de-conducir\/<\/p>\n","protected":false},"excerpt":{"rendered":"<p>Con el fin de garantizar la seguridad vial en las ciudades del interior tucumano, el gobernador, Juan Manzur, visit\u00f3 el barrio BGH de Las Talitas, para dejar inaugurada \u00a0la primera pista de prueba de manejo del municipio. Estuvo acompa\u00f1ado por el intendente, Carlos Najar y el ministro de Seguridad, Claudio Maley. Manzur expres\u00f3: \u201cEs una [&hellip;]<\/p>\n","protected":false},"author":1,"featured_media":5941,"comment_status":"open","ping_status":"closed","sticky":false,"template":"","format":"standard","meta":{"footnotes":""},"categories":[3],"tags":[],"class_list":{"0":"post-5940","1":"post","2":"type-post","3":"status-publish","4":"format-standard","5":"has-post-thumbnail","7":"category-politica"},"yoast_head":"<!-- This site is optimized with the Yoast SEO plugin v27.5 - https:\/\/yoast.com\/product\/yoast-seo-wordpress\/ -->\n<title>Inauguran la primera pista de prueba para la licencia de conducir - El Diario de Tucuman<\/title>\n<meta name=\"robots\" content=\"index, follow, max-snippet:-1, max-image-preview:large, max-video-preview:-1\" \/>\n<link rel=\"canonical\" href=\"https:\/\/www.eldiariodetucuman.com\/web\/inauguran-la-primera-pista-de-prueba-para-la-licencia-de-conducir\/\" \/>\n<meta property=\"og:locale\" content=\"es_ES\" \/>\n<meta property=\"og:type\" content=\"article\" \/>\n<meta property=\"og:title\" content=\"Inauguran la primera pista de prueba para la licencia de conducir - El Diario de Tucuman\" \/>\n<meta property=\"og:description\" content=\"Con el fin de garantizar la seguridad vial en las ciudades del interior tucumano, el gobernador, Juan Manzur, visit\u00f3 el barrio BGH de Las Talitas, para dejar inaugurada \u00a0la primera pista de prueba de manejo del municipio. Estuvo acompa\u00f1ado por el intendente, Carlos Najar y el ministro de Seguridad, Claudio Maley. Manzur expres\u00f3: \u201cEs una [&hellip;]\" \/>\n<meta property=\"og:url\" content=\"https:\/\/www.eldiariodetucuman.com\/web\/inauguran-la-primera-pista-de-prueba-para-la-licencia-de-conducir\/\" \/>\n<meta property=\"og:site_name\" content=\"El Diario de Tucuman\" \/>\n<meta property=\"article:published_time\" content=\"2018-02-27T15:08:57+00:00\" \/>\n<meta property=\"article:modified_time\" content=\"2018-02-27T15:08:58+00:00\" \/>\n<meta property=\"og:image\" content=\"https:\/\/www.eldiariodetucuman.com\/web\/wp-content\/uploads\/2018\/02\/58b0c38b0ade1f48659a16f4e0d66cf6.jpeg\" \/>\n\t<meta property=\"og:image:width\" content=\"300\" \/>\n\t<meta property=\"og:image:height\" content=\"166\" \/>\n\t<meta property=\"og:image:type\" content=\"image\/jpeg\" \/>\n<meta name=\"author\" content=\"admin\" \/>\n<meta name=\"twitter:card\" content=\"summary_large_image\" \/>\n<meta name=\"twitter:label1\" content=\"Escrito por\" \/>\n\t<meta name=\"twitter:data1\" content=\"admin\" \/>\n\t<meta name=\"twitter:label2\" content=\"Tiempo de lectura\" \/>\n\t<meta name=\"twitter:data2\" content=\"1 minuto\" \/>\n<script type=\"application\/ld+json\" class=\"yoast-schema-graph\">{\"@context\":\"https:\\\/\\\/schema.org\",\"@graph\":[{\"@type\":\"Article\",\"@id\":\"https:\\\/\\\/www.eldiariodetucuman.com\\\/web\\\/inauguran-la-primera-pista-de-prueba-para-la-licencia-de-conducir\\\/#article\",\"isPartOf\":{\"@id\":\"https:\\\/\\\/www.eldiariodetucuman.com\\\/web\\\/inauguran-la-primera-pista-de-prueba-para-la-licencia-de-conducir\\\/\"},\"author\":{\"name\":\"admin\",\"@id\":\"https:\\\/\\\/www.eldiariodetucuman.com\\\/web\\\/#\\\/schema\\\/person\\\/9250197d75ab5483412e19678b121caa\"},\"headline\":\"Inauguran la primera pista de prueba para la licencia de conducir\",\"datePublished\":\"2018-02-27T15:08:57+00:00\",\"dateModified\":\"2018-02-27T15:08:58+00:00\",\"mainEntityOfPage\":{\"@id\":\"https:\\\/\\\/www.eldiariodetucuman.com\\\/web\\\/inauguran-la-primera-pista-de-prueba-para-la-licencia-de-conducir\\\/\"},\"wordCount\":261,\"commentCount\":0,\"publisher\":{\"@id\":\"https:\\\/\\\/www.eldiariodetucuman.com\\\/web\\\/#organization\"},\"image\":{\"@id\":\"https:\\\/\\\/www.eldiariodetucuman.com\\\/web\\\/inauguran-la-primera-pista-de-prueba-para-la-licencia-de-conducir\\\/#primaryimage\"},\"thumbnailUrl\":\"https:\\\/\\\/www.eldiariodetucuman.com\\\/web\\\/wp-content\\\/uploads\\\/2018\\\/02\\\/58b0c38b0ade1f48659a16f4e0d66cf6.jpeg\",\"articleSection\":[\"Politica\"],\"inLanguage\":\"es\",\"potentialAction\":[{\"@type\":\"CommentAction\",\"name\":\"Comment\",\"target\":[\"https:\\\/\\\/www.eldiariodetucuman.com\\\/web\\\/inauguran-la-primera-pista-de-prueba-para-la-licencia-de-conducir\\\/#respond\"]}]},{\"@type\":\"WebPage\",\"@id\":\"https:\\\/\\\/www.eldiariodetucuman.com\\\/web\\\/inauguran-la-primera-pista-de-prueba-para-la-licencia-de-conducir\\\/\",\"url\":\"https:\\\/\\\/www.eldiariodetucuman.com\\\/web\\\/inauguran-la-primera-pista-de-prueba-para-la-licencia-de-conducir\\\/\",\"name\":\"Inauguran la primera pista de prueba para la licencia de conducir - El Diario de Tucuman\",\"isPartOf\":{\"@id\":\"https:\\\/\\\/www.eldiariodetucuman.com\\\/web\\\/#website\"},\"primaryImageOfPage\":{\"@id\":\"https:\\\/\\\/www.eldiariodetucuman.com\\\/web\\\/inauguran-la-primera-pista-de-prueba-para-la-licencia-de-conducir\\\/#primaryimage\"},\"image\":{\"@id\":\"https:\\\/\\\/www.eldiariodetucuman.com\\\/web\\\/inauguran-la-primera-pista-de-prueba-para-la-licencia-de-conducir\\\/#primaryimage\"},\"thumbnailUrl\":\"https:\\\/\\\/www.eldiariodetucuman.com\\\/web\\\/wp-content\\\/uploads\\\/2018\\\/02\\\/58b0c38b0ade1f48659a16f4e0d66cf6.jpeg\",\"datePublished\":\"2018-02-27T15:08:57+00:00\",\"dateModified\":\"2018-02-27T15:08:58+00:00\",\"breadcrumb\":{\"@id\":\"https:\\\/\\\/www.eldiariodetucuman.com\\\/web\\\/inauguran-la-primera-pista-de-prueba-para-la-licencia-de-conducir\\\/#breadcrumb\"},\"inLanguage\":\"es\",\"potentialAction\":[{\"@type\":\"ReadAction\",\"target\":[\"https:\\\/\\\/www.eldiariodetucuman.com\\\/web\\\/inauguran-la-primera-pista-de-prueba-para-la-licencia-de-conducir\\\/\"]}]},{\"@type\":\"ImageObject\",\"inLanguage\":\"es\",\"@id\":\"https:\\\/\\\/www.eldiariodetucuman.com\\\/web\\\/inauguran-la-primera-pista-de-prueba-para-la-licencia-de-conducir\\\/#primaryimage\",\"url\":\"https:\\\/\\\/www.eldiariodetucuman.com\\\/web\\\/wp-content\\\/uploads\\\/2018\\\/02\\\/58b0c38b0ade1f48659a16f4e0d66cf6.jpeg\",\"contentUrl\":\"https:\\\/\\\/www.eldiariodetucuman.com\\\/web\\\/wp-content\\\/uploads\\\/2018\\\/02\\\/58b0c38b0ade1f48659a16f4e0d66cf6.jpeg\",\"width\":300,\"height\":166},{\"@type\":\"BreadcrumbList\",\"@id\":\"https:\\\/\\\/www.eldiariodetucuman.com\\\/web\\\/inauguran-la-primera-pista-de-prueba-para-la-licencia-de-conducir\\\/#breadcrumb\",\"itemListElement\":[{\"@type\":\"ListItem\",\"position\":1,\"name\":\"Portada\",\"item\":\"https:\\\/\\\/www.eldiariodetucuman.com\\\/web\\\/\"},{\"@type\":\"ListItem\",\"position\":2,\"name\":\"Inauguran la primera pista de prueba para la licencia de conducir\"}]},{\"@type\":\"WebSite\",\"@id\":\"https:\\\/\\\/www.eldiariodetucuman.com\\\/web\\\/#website\",\"url\":\"https:\\\/\\\/www.eldiariodetucuman.com\\\/web\\\/\",\"name\":\"El Diario de Tucuman\",\"description\":\"Diario Tucuman - Informaci\u00f3n y noticias\",\"publisher\":{\"@id\":\"https:\\\/\\\/www.eldiariodetucuman.com\\\/web\\\/#organization\"},\"potentialAction\":[{\"@type\":\"SearchAction\",\"target\":{\"@type\":\"EntryPoint\",\"urlTemplate\":\"https:\\\/\\\/www.eldiariodetucuman.com\\\/web\\\/?s={search_term_string}\"},\"query-input\":{\"@type\":\"PropertyValueSpecification\",\"valueRequired\":true,\"valueName\":\"search_term_string\"}}],\"inLanguage\":\"es\"},{\"@type\":\"Organization\",\"@id\":\"https:\\\/\\\/www.eldiariodetucuman.com\\\/web\\\/#organization\",\"name\":\"El Diario de Tucuman\",\"url\":\"https:\\\/\\\/www.eldiariodetucuman.com\\\/web\\\/\",\"logo\":{\"@type\":\"ImageObject\",\"inLanguage\":\"es\",\"@id\":\"https:\\\/\\\/www.eldiariodetucuman.com\\\/web\\\/#\\\/schema\\\/logo\\\/image\\\/\",\"url\":\"http:\\\/\\\/www.eldiariodetucuman.com\\\/web\\\/wp-content\\\/uploads\\\/2017\\\/12\\\/el-diario-de-tucuman.jpg\",\"contentUrl\":\"http:\\\/\\\/www.eldiariodetucuman.com\\\/web\\\/wp-content\\\/uploads\\\/2017\\\/12\\\/el-diario-de-tucuman.jpg\",\"width\":272,\"height\":92,\"caption\":\"El Diario de Tucuman\"},\"image\":{\"@id\":\"https:\\\/\\\/www.eldiariodetucuman.com\\\/web\\\/#\\\/schema\\\/logo\\\/image\\\/\"}},{\"@type\":\"Person\",\"@id\":\"https:\\\/\\\/www.eldiariodetucuman.com\\\/web\\\/#\\\/schema\\\/person\\\/9250197d75ab5483412e19678b121caa\",\"name\":\"admin\",\"image\":{\"@type\":\"ImageObject\",\"inLanguage\":\"es\",\"@id\":\"https:\\\/\\\/secure.gravatar.com\\\/avatar\\\/c44d117c2be811212c22cb481f6b8384b6873de103fbc49e7a03cc58d7dea4ac?s=96&d=mm&r=g\",\"url\":\"https:\\\/\\\/secure.gravatar.com\\\/avatar\\\/c44d117c2be811212c22cb481f6b8384b6873de103fbc49e7a03cc58d7dea4ac?s=96&d=mm&r=g\",\"contentUrl\":\"https:\\\/\\\/secure.gravatar.com\\\/avatar\\\/c44d117c2be811212c22cb481f6b8384b6873de103fbc49e7a03cc58d7dea4ac?s=96&d=mm&r=g\",\"caption\":\"admin\"},\"url\":\"https:\\\/\\\/www.eldiariodetucuman.com\\\/web\\\/author\\\/admin\\\/\"}]}<\/script>\n<!-- \/ Yoast SEO plugin. -->","yoast_head_json":{"title":"Inauguran la primera pista de prueba para la licencia de conducir - El Diario de Tucuman","robots":{"index":"index","follow":"follow","max-snippet":"max-snippet:-1","max-image-preview":"max-image-preview:large","max-video-preview":"max-video-preview:-1"},"canonical":"https:\/\/www.eldiariodetucuman.com\/web\/inauguran-la-primera-pista-de-prueba-para-la-licencia-de-conducir\/","og_locale":"es_ES","og_type":"article","og_title":"Inauguran la primera pista de prueba para la licencia de conducir - El Diario de Tucuman","og_description":"Con el fin de garantizar la seguridad vial en las ciudades del interior tucumano, el gobernador, Juan Manzur, visit\u00f3 el barrio BGH de Las Talitas, para dejar inaugurada \u00a0la primera pista de prueba de manejo del municipio. Estuvo acompa\u00f1ado por el intendente, Carlos Najar y el ministro de Seguridad, Claudio Maley. Manzur expres\u00f3: \u201cEs una [&hellip;]","og_url":"https:\/\/www.eldiariodetucuman.com\/web\/inauguran-la-primera-pista-de-prueba-para-la-licencia-de-conducir\/","og_site_name":"El Diario de Tucuman","article_published_time":"2018-02-27T15:08:57+00:00","article_modified_time":"2018-02-27T15:08:58+00:00","og_image":[{"width":300,"height":166,"url":"https:\/\/www.eldiariodetucuman.com\/web\/wp-content\/uploads\/2018\/02\/58b0c38b0ade1f48659a16f4e0d66cf6.jpeg","type":"image\/jpeg"}],"author":"admin","twitter_card":"summary_large_image","twitter_misc":{"Escrito por":"admin","Tiempo de lectura":"1 minuto"},"schema":{"@context":"https:\/\/schema.org","@graph":[{"@type":"Article","@id":"https:\/\/www.eldiariodetucuman.com\/web\/inauguran-la-primera-pista-de-prueba-para-la-licencia-de-conducir\/#article","isPartOf":{"@id":"https:\/\/www.eldiariodetucuman.com\/web\/inauguran-la-primera-pista-de-prueba-para-la-licencia-de-conducir\/"},"author":{"name":"admin","@id":"https:\/\/www.eldiariodetucuman.com\/web\/#\/schema\/person\/9250197d75ab5483412e19678b121caa"},"headline":"Inauguran la primera pista de prueba para la licencia de conducir","datePublished":"2018-02-27T15:08:57+00:00","dateModified":"2018-02-27T15:08:58+00:00","mainEntityOfPage":{"@id":"https:\/\/www.eldiariodetucuman.com\/web\/inauguran-la-primera-pista-de-prueba-para-la-licencia-de-conducir\/"},"wordCount":261,"commentCount":0,"publisher":{"@id":"https:\/\/www.eldiariodetucuman.com\/web\/#organization"},"image":{"@id":"https:\/\/www.eldiariodetucuman.com\/web\/inauguran-la-primera-pista-de-prueba-para-la-licencia-de-conducir\/#primaryimage"},"thumbnailUrl":"https:\/\/www.eldiariodetucuman.com\/web\/wp-content\/uploads\/2018\/02\/58b0c38b0ade1f48659a16f4e0d66cf6.jpeg","articleSection":["Politica"],"inLanguage":"es","potentialAction":[{"@type":"CommentAction","name":"Comment","target":["https:\/\/www.eldiariodetucuman.com\/web\/inauguran-la-primera-pista-de-prueba-para-la-licencia-de-conducir\/#respond"]}]},{"@type":"WebPage","@id":"https:\/\/www.eldiariodetucuman.com\/web\/inauguran-la-primera-pista-de-prueba-para-la-licencia-de-conducir\/","url":"https:\/\/www.eldiariodetucuman.com\/web\/inauguran-la-primera-pista-de-prueba-para-la-licencia-de-conducir\/","name":"Inauguran la primera pista de prueba para la licencia de conducir - El Diario de Tucuman","isPartOf":{"@id":"https:\/\/www.eldiariodetucuman.com\/web\/#website"},"primaryImageOfPage":{"@id":"https:\/\/www.eldiariodetucuman.com\/web\/inauguran-la-primera-pista-de-prueba-para-la-licencia-de-conducir\/#primaryimage"},"image":{"@id":"https:\/\/www.eldiariodetucuman.com\/web\/inauguran-la-primera-pista-de-prueba-para-la-licencia-de-conducir\/#primaryimage"},"thumbnailUrl":"https:\/\/www.eldiariodetucuman.com\/web\/wp-content\/uploads\/2018\/02\/58b0c38b0ade1f48659a16f4e0d66cf6.jpeg","datePublished":"2018-02-27T15:08:57+00:00","dateModified":"2018-02-27T15:08:58+00:00","breadcrumb":{"@id":"https:\/\/www.eldiariodetucuman.com\/web\/inauguran-la-primera-pista-de-prueba-para-la-licencia-de-conducir\/#breadcrumb"},"inLanguage":"es","potentialAction":[{"@type":"ReadAction","target":["https:\/\/www.eldiariodetucuman.com\/web\/inauguran-la-primera-pista-de-prueba-para-la-licencia-de-conducir\/"]}]},{"@type":"ImageObject","inLanguage":"es","@id":"https:\/\/www.eldiariodetucuman.com\/web\/inauguran-la-primera-pista-de-prueba-para-la-licencia-de-conducir\/#primaryimage","url":"https:\/\/www.eldiariodetucuman.com\/web\/wp-content\/uploads\/2018\/02\/58b0c38b0ade1f48659a16f4e0d66cf6.jpeg","contentUrl":"https:\/\/www.eldiariodetucuman.com\/web\/wp-content\/uploads\/2018\/02\/58b0c38b0ade1f48659a16f4e0d66cf6.jpeg","width":300,"height":166},{"@type":"BreadcrumbList","@id":"https:\/\/www.eldiariodetucuman.com\/web\/inauguran-la-primera-pista-de-prueba-para-la-licencia-de-conducir\/#breadcrumb","itemListElement":[{"@type":"ListItem","position":1,"name":"Portada","item":"https:\/\/www.eldiariodetucuman.com\/web\/"},{"@type":"ListItem","position":2,"name":"Inauguran la primera pista de prueba para la licencia de conducir"}]},{"@type":"WebSite","@id":"https:\/\/www.eldiariodetucuman.com\/web\/#website","url":"https:\/\/www.eldiariodetucuman.com\/web\/","name":"El Diario de Tucuman","description":"Diario Tucuman - Informaci\u00f3n y noticias","publisher":{"@id":"https:\/\/www.eldiariodetucuman.com\/web\/#organization"},"potentialAction":[{"@type":"SearchAction","target":{"@type":"EntryPoint","urlTemplate":"https:\/\/www.eldiariodetucuman.com\/web\/?s={search_term_string}"},"query-input":{"@type":"PropertyValueSpecification","valueRequired":true,"valueName":"search_term_string"}}],"inLanguage":"es"},{"@type":"Organization","@id":"https:\/\/www.eldiariodetucuman.com\/web\/#organization","name":"El Diario de Tucuman","url":"https:\/\/www.eldiariodetucuman.com\/web\/","logo":{"@type":"ImageObject","inLanguage":"es","@id":"https:\/\/www.eldiariodetucuman.com\/web\/#\/schema\/logo\/image\/","url":"http:\/\/www.eldiariodetucuman.com\/web\/wp-content\/uploads\/2017\/12\/el-diario-de-tucuman.jpg","contentUrl":"http:\/\/www.eldiariodetucuman.com\/web\/wp-content\/uploads\/2017\/12\/el-diario-de-tucuman.jpg","width":272,"height":92,"caption":"El Diario de Tucuman"},"image":{"@id":"https:\/\/www.eldiariodetucuman.com\/web\/#\/schema\/logo\/image\/"}},{"@type":"Person","@id":"https:\/\/www.eldiariodetucuman.com\/web\/#\/schema\/person\/9250197d75ab5483412e19678b121caa","name":"admin","image":{"@type":"ImageObject","inLanguage":"es","@id":"https:\/\/secure.gravatar.com\/avatar\/c44d117c2be811212c22cb481f6b8384b6873de103fbc49e7a03cc58d7dea4ac?s=96&d=mm&r=g","url":"https:\/\/secure.gravatar.com\/avatar\/c44d117c2be811212c22cb481f6b8384b6873de103fbc49e7a03cc58d7dea4ac?s=96&d=mm&r=g","contentUrl":"https:\/\/secure.gravatar.com\/avatar\/c44d117c2be811212c22cb481f6b8384b6873de103fbc49e7a03cc58d7dea4ac?s=96&d=mm&r=g","caption":"admin"},"url":"https:\/\/www.eldiariodetucuman.com\/web\/author\/admin\/"}]}},"_links":{"self":[{"href":"https:\/\/www.eldiariodetucuman.com\/web\/wp-json\/wp\/v2\/posts\/5940","targetHints":{"allow":["GET"]}}],"collection":[{"href":"https:\/\/www.eldiariodetucuman.com\/web\/wp-json\/wp\/v2\/posts"}],"about":[{"href":"https:\/\/www.eldiariodetucuman.com\/web\/wp-json\/wp\/v2\/types\/post"}],"author":[{"embeddable":true,"href":"https:\/\/www.eldiariodetucuman.com\/web\/wp-json\/wp\/v2\/users\/1"}],"replies":[{"embeddable":true,"href":"https:\/\/www.eldiariodetucuman.com\/web\/wp-json\/wp\/v2\/comments?post=5940"}],"version-history":[{"count":1,"href":"https:\/\/www.eldiariodetucuman.com\/web\/wp-json\/wp\/v2\/posts\/5940\/revisions"}],"predecessor-version":[{"id":5942,"href":"https:\/\/www.eldiariodetucuman.com\/web\/wp-json\/wp\/v2\/posts\/5940\/revisions\/5942"}],"wp:featuredmedia":[{"embeddable":true,"href":"https:\/\/www.eldiariodetucuman.com\/web\/wp-json\/wp\/v2\/media\/5941"}],"wp:attachment":[{"href":"https:\/\/www.eldiariodetucuman.com\/web\/wp-json\/wp\/v2\/media?parent=5940"}],"wp:term":[{"taxonomy":"category","embeddable":true,"href":"https:\/\/www.eldiariodetucuman.com\/web\/wp-json\/wp\/v2\/categories?post=5940"},{"taxonomy":"post_tag","embeddable":true,"href":"https:\/\/www.eldiariodetucuman.com\/web\/wp-json\/wp\/v2\/tags?post=5940"}],"curies":[{"name":"wp","href":"https:\/\/api.w.org\/{rel}","templated":true}]}}