{"id":5937,"date":"2018-02-27T12:08:50","date_gmt":"2018-02-27T15:08:50","guid":{"rendered":"http:\/\/www.eldiariodetucuman.com\/web\/estoy-en-contra-del-aborto-asevero-el-gobernador\/"},"modified":"2018-02-27T12:08:51","modified_gmt":"2018-02-27T15:08:51","slug":"estoy-en-contra-del-aborto-asevero-el-gobernador","status":"publish","type":"post","link":"https:\/\/www.eldiariodetucuman.com\/web\/estoy-en-contra-del-aborto-asevero-el-gobernador\/","title":{"rendered":"\u201cEstoy en contra del aborto\u201d, asever\u00f3 el Gobernador"},"content":{"rendered":"<div>\n<div readability=\"63.5\">\n<p>El gobernador,<strong> Juan Manzur<\/strong>, sent\u00f3 su posici\u00f3n respecto del debate del proyecto de ley por el aborto, en di\u00e1logo con el diario La Gaceta. En ese aspecto, el Primer Mandatario tucumano se manifest\u00f3 en favor de la vida y adelant\u00f3 que pedir\u00e1 a los parlamentarios que representan a Tucum\u00e1n en el Congreso que voten en contra del proyecto.<\/p>\n<blockquote readability=\"10\">\n<p>Voy a hacer respetar lo que establece la <strong>Constituci\u00f3n de la Provincia<\/strong>, para proteger la vida desde el momento de la concepci\u00f3n, ser\u00e9 firme en esta posici\u00f3n tomada: estoy en contra del aborto\u201d, asever\u00f3 Manzur al matutino.<\/p>\n<\/blockquote>\n<p>La postura del Gobernador no es a t\u00edtulo personal, sino un lineamiento de su gesti\u00f3n. Por lo que sostuvo que si el proyecto de ley llegase a ser tratado, apoyar\u00e1 a los diputados y senadores tucumanos que est\u00e9n en contra del aborto.<\/p>\n<p>Los dichos del Mandatario vienen luego de que el presidente,<strong> Mauricio Macri<\/strong>, les dijera los legisladores de su espacio pol\u00edtico que tienen \u201clibertad de conciencia\u201d para tratar la despenalizaci\u00f3n del aborto, a pesar de que \u00e9l est\u00e1 \u201ca favor de la vida\u201d. As\u00ed, expres\u00f3 que \u201chay que dar el debate por el tema del aborto\u201d, seg\u00fan expres\u00f3 el portal Infobae.<\/p>\n<p>Otro gobernador, el salte\u00f1o <strong>Juan Manuel Urtubey<\/strong>, tambi\u00e9n se expres\u00f3 a contramano del proyecto del ley al asegurar que \u201cvotar\u00eda en contra\u201d.<\/p>\n<\/div>\n<\/div>\n<p>Fuente: http:\/\/comunicaciontucuman.gob.ar\/2018\/02\/voy-a-hacer-respetar-lo-que-establece-la-constitucion-de-la-provincia-dijo-manzur-sobre-el-aborto\/<\/p>\n","protected":false},"excerpt":{"rendered":"<p>El gobernador, Juan Manzur, sent\u00f3 su posici\u00f3n respecto del debate del proyecto de ley por el aborto, en di\u00e1logo con el diario La Gaceta. En ese aspecto, el Primer Mandatario tucumano se manifest\u00f3 en favor de la vida y adelant\u00f3 que pedir\u00e1 a los parlamentarios que representan a Tucum\u00e1n en el Congreso que voten en [&hellip;]<\/p>\n","protected":false},"author":1,"featured_media":5938,"comment_status":"open","ping_status":"closed","sticky":false,"template":"","format":"standard","meta":{"footnotes":""},"categories":[3],"tags":[],"class_list":{"0":"post-5937","1":"post","2":"type-post","3":"status-publish","4":"format-standard","5":"has-post-thumbnail","7":"category-politica"},"yoast_head":"<!-- This site is optimized with the Yoast SEO plugin v27.5 - https:\/\/yoast.com\/product\/yoast-seo-wordpress\/ -->\n<title>\u201cEstoy en contra del aborto\u201d, asever\u00f3 el Gobernador - El Diario de Tucuman<\/title>\n<meta name=\"robots\" content=\"index, follow, max-snippet:-1, max-image-preview:large, max-video-preview:-1\" \/>\n<link rel=\"canonical\" href=\"https:\/\/www.eldiariodetucuman.com\/web\/estoy-en-contra-del-aborto-asevero-el-gobernador\/\" \/>\n<meta property=\"og:locale\" content=\"es_ES\" \/>\n<meta property=\"og:type\" content=\"article\" \/>\n<meta property=\"og:title\" content=\"\u201cEstoy en contra del aborto\u201d, asever\u00f3 el Gobernador - El Diario de Tucuman\" \/>\n<meta property=\"og:description\" content=\"El gobernador, Juan Manzur, sent\u00f3 su posici\u00f3n respecto del debate del proyecto de ley por el aborto, en di\u00e1logo con el diario La Gaceta. En ese aspecto, el Primer Mandatario tucumano se manifest\u00f3 en favor de la vida y adelant\u00f3 que pedir\u00e1 a los parlamentarios que representan a Tucum\u00e1n en el Congreso que voten en [&hellip;]\" \/>\n<meta property=\"og:url\" content=\"https:\/\/www.eldiariodetucuman.com\/web\/estoy-en-contra-del-aborto-asevero-el-gobernador\/\" \/>\n<meta property=\"og:site_name\" content=\"El Diario de Tucuman\" \/>\n<meta property=\"article:published_time\" content=\"2018-02-27T15:08:50+00:00\" \/>\n<meta property=\"article:modified_time\" content=\"2018-02-27T15:08:51+00:00\" \/>\n<meta property=\"og:image\" content=\"https:\/\/www.eldiariodetucuman.com\/web\/wp-content\/uploads\/2018\/02\/c3180d75922daf74376690d7ea8ed464.jpeg\" \/>\n\t<meta property=\"og:image:width\" content=\"300\" \/>\n\t<meta property=\"og:image:height\" content=\"166\" \/>\n\t<meta property=\"og:image:type\" content=\"image\/jpeg\" \/>\n<meta name=\"author\" content=\"admin\" \/>\n<meta name=\"twitter:card\" content=\"summary_large_image\" \/>\n<meta name=\"twitter:label1\" content=\"Escrito por\" \/>\n\t<meta name=\"twitter:data1\" content=\"admin\" \/>\n\t<meta name=\"twitter:label2\" content=\"Tiempo de lectura\" \/>\n\t<meta name=\"twitter:data2\" content=\"1 minuto\" \/>\n<script type=\"application\/ld+json\" class=\"yoast-schema-graph\">{\"@context\":\"https:\\\/\\\/schema.org\",\"@graph\":[{\"@type\":\"Article\",\"@id\":\"https:\\\/\\\/www.eldiariodetucuman.com\\\/web\\\/estoy-en-contra-del-aborto-asevero-el-gobernador\\\/#article\",\"isPartOf\":{\"@id\":\"https:\\\/\\\/www.eldiariodetucuman.com\\\/web\\\/estoy-en-contra-del-aborto-asevero-el-gobernador\\\/\"},\"author\":{\"name\":\"admin\",\"@id\":\"https:\\\/\\\/www.eldiariodetucuman.com\\\/web\\\/#\\\/schema\\\/person\\\/9250197d75ab5483412e19678b121caa\"},\"headline\":\"\u201cEstoy en contra del aborto\u201d, asever\u00f3 el Gobernador\",\"datePublished\":\"2018-02-27T15:08:50+00:00\",\"dateModified\":\"2018-02-27T15:08:51+00:00\",\"mainEntityOfPage\":{\"@id\":\"https:\\\/\\\/www.eldiariodetucuman.com\\\/web\\\/estoy-en-contra-del-aborto-asevero-el-gobernador\\\/\"},\"wordCount\":248,\"commentCount\":0,\"publisher\":{\"@id\":\"https:\\\/\\\/www.eldiariodetucuman.com\\\/web\\\/#organization\"},\"image\":{\"@id\":\"https:\\\/\\\/www.eldiariodetucuman.com\\\/web\\\/estoy-en-contra-del-aborto-asevero-el-gobernador\\\/#primaryimage\"},\"thumbnailUrl\":\"https:\\\/\\\/www.eldiariodetucuman.com\\\/web\\\/wp-content\\\/uploads\\\/2018\\\/02\\\/c3180d75922daf74376690d7ea8ed464.jpeg\",\"articleSection\":[\"Politica\"],\"inLanguage\":\"es\",\"potentialAction\":[{\"@type\":\"CommentAction\",\"name\":\"Comment\",\"target\":[\"https:\\\/\\\/www.eldiariodetucuman.com\\\/web\\\/estoy-en-contra-del-aborto-asevero-el-gobernador\\\/#respond\"]}]},{\"@type\":\"WebPage\",\"@id\":\"https:\\\/\\\/www.eldiariodetucuman.com\\\/web\\\/estoy-en-contra-del-aborto-asevero-el-gobernador\\\/\",\"url\":\"https:\\\/\\\/www.eldiariodetucuman.com\\\/web\\\/estoy-en-contra-del-aborto-asevero-el-gobernador\\\/\",\"name\":\"\u201cEstoy en contra del aborto\u201d, asever\u00f3 el Gobernador - El Diario de Tucuman\",\"isPartOf\":{\"@id\":\"https:\\\/\\\/www.eldiariodetucuman.com\\\/web\\\/#website\"},\"primaryImageOfPage\":{\"@id\":\"https:\\\/\\\/www.eldiariodetucuman.com\\\/web\\\/estoy-en-contra-del-aborto-asevero-el-gobernador\\\/#primaryimage\"},\"image\":{\"@id\":\"https:\\\/\\\/www.eldiariodetucuman.com\\\/web\\\/estoy-en-contra-del-aborto-asevero-el-gobernador\\\/#primaryimage\"},\"thumbnailUrl\":\"https:\\\/\\\/www.eldiariodetucuman.com\\\/web\\\/wp-content\\\/uploads\\\/2018\\\/02\\\/c3180d75922daf74376690d7ea8ed464.jpeg\",\"datePublished\":\"2018-02-27T15:08:50+00:00\",\"dateModified\":\"2018-02-27T15:08:51+00:00\",\"breadcrumb\":{\"@id\":\"https:\\\/\\\/www.eldiariodetucuman.com\\\/web\\\/estoy-en-contra-del-aborto-asevero-el-gobernador\\\/#breadcrumb\"},\"inLanguage\":\"es\",\"potentialAction\":[{\"@type\":\"ReadAction\",\"target\":[\"https:\\\/\\\/www.eldiariodetucuman.com\\\/web\\\/estoy-en-contra-del-aborto-asevero-el-gobernador\\\/\"]}]},{\"@type\":\"ImageObject\",\"inLanguage\":\"es\",\"@id\":\"https:\\\/\\\/www.eldiariodetucuman.com\\\/web\\\/estoy-en-contra-del-aborto-asevero-el-gobernador\\\/#primaryimage\",\"url\":\"https:\\\/\\\/www.eldiariodetucuman.com\\\/web\\\/wp-content\\\/uploads\\\/2018\\\/02\\\/c3180d75922daf74376690d7ea8ed464.jpeg\",\"contentUrl\":\"https:\\\/\\\/www.eldiariodetucuman.com\\\/web\\\/wp-content\\\/uploads\\\/2018\\\/02\\\/c3180d75922daf74376690d7ea8ed464.jpeg\",\"width\":300,\"height\":166},{\"@type\":\"BreadcrumbList\",\"@id\":\"https:\\\/\\\/www.eldiariodetucuman.com\\\/web\\\/estoy-en-contra-del-aborto-asevero-el-gobernador\\\/#breadcrumb\",\"itemListElement\":[{\"@type\":\"ListItem\",\"position\":1,\"name\":\"Portada\",\"item\":\"https:\\\/\\\/www.eldiariodetucuman.com\\\/web\\\/\"},{\"@type\":\"ListItem\",\"position\":2,\"name\":\"\u201cEstoy en contra del aborto\u201d, asever\u00f3 el Gobernador\"}]},{\"@type\":\"WebSite\",\"@id\":\"https:\\\/\\\/www.eldiariodetucuman.com\\\/web\\\/#website\",\"url\":\"https:\\\/\\\/www.eldiariodetucuman.com\\\/web\\\/\",\"name\":\"El Diario de Tucuman\",\"description\":\"Diario Tucuman - Informaci\u00f3n y noticias\",\"publisher\":{\"@id\":\"https:\\\/\\\/www.eldiariodetucuman.com\\\/web\\\/#organization\"},\"potentialAction\":[{\"@type\":\"SearchAction\",\"target\":{\"@type\":\"EntryPoint\",\"urlTemplate\":\"https:\\\/\\\/www.eldiariodetucuman.com\\\/web\\\/?s={search_term_string}\"},\"query-input\":{\"@type\":\"PropertyValueSpecification\",\"valueRequired\":true,\"valueName\":\"search_term_string\"}}],\"inLanguage\":\"es\"},{\"@type\":\"Organization\",\"@id\":\"https:\\\/\\\/www.eldiariodetucuman.com\\\/web\\\/#organization\",\"name\":\"El Diario de Tucuman\",\"url\":\"https:\\\/\\\/www.eldiariodetucuman.com\\\/web\\\/\",\"logo\":{\"@type\":\"ImageObject\",\"inLanguage\":\"es\",\"@id\":\"https:\\\/\\\/www.eldiariodetucuman.com\\\/web\\\/#\\\/schema\\\/logo\\\/image\\\/\",\"url\":\"http:\\\/\\\/www.eldiariodetucuman.com\\\/web\\\/wp-content\\\/uploads\\\/2017\\\/12\\\/el-diario-de-tucuman.jpg\",\"contentUrl\":\"http:\\\/\\\/www.eldiariodetucuman.com\\\/web\\\/wp-content\\\/uploads\\\/2017\\\/12\\\/el-diario-de-tucuman.jpg\",\"width\":272,\"height\":92,\"caption\":\"El Diario de Tucuman\"},\"image\":{\"@id\":\"https:\\\/\\\/www.eldiariodetucuman.com\\\/web\\\/#\\\/schema\\\/logo\\\/image\\\/\"}},{\"@type\":\"Person\",\"@id\":\"https:\\\/\\\/www.eldiariodetucuman.com\\\/web\\\/#\\\/schema\\\/person\\\/9250197d75ab5483412e19678b121caa\",\"name\":\"admin\",\"image\":{\"@type\":\"ImageObject\",\"inLanguage\":\"es\",\"@id\":\"https:\\\/\\\/secure.gravatar.com\\\/avatar\\\/c44d117c2be811212c22cb481f6b8384b6873de103fbc49e7a03cc58d7dea4ac?s=96&d=mm&r=g\",\"url\":\"https:\\\/\\\/secure.gravatar.com\\\/avatar\\\/c44d117c2be811212c22cb481f6b8384b6873de103fbc49e7a03cc58d7dea4ac?s=96&d=mm&r=g\",\"contentUrl\":\"https:\\\/\\\/secure.gravatar.com\\\/avatar\\\/c44d117c2be811212c22cb481f6b8384b6873de103fbc49e7a03cc58d7dea4ac?s=96&d=mm&r=g\",\"caption\":\"admin\"},\"url\":\"https:\\\/\\\/www.eldiariodetucuman.com\\\/web\\\/author\\\/admin\\\/\"}]}<\/script>\n<!-- \/ Yoast SEO plugin. -->","yoast_head_json":{"title":"\u201cEstoy en contra del aborto\u201d, asever\u00f3 el Gobernador - El Diario de Tucuman","robots":{"index":"index","follow":"follow","max-snippet":"max-snippet:-1","max-image-preview":"max-image-preview:large","max-video-preview":"max-video-preview:-1"},"canonical":"https:\/\/www.eldiariodetucuman.com\/web\/estoy-en-contra-del-aborto-asevero-el-gobernador\/","og_locale":"es_ES","og_type":"article","og_title":"\u201cEstoy en contra del aborto\u201d, asever\u00f3 el Gobernador - El Diario de Tucuman","og_description":"El gobernador, Juan Manzur, sent\u00f3 su posici\u00f3n respecto del debate del proyecto de ley por el aborto, en di\u00e1logo con el diario La Gaceta. En ese aspecto, el Primer Mandatario tucumano se manifest\u00f3 en favor de la vida y adelant\u00f3 que pedir\u00e1 a los parlamentarios que representan a Tucum\u00e1n en el Congreso que voten en [&hellip;]","og_url":"https:\/\/www.eldiariodetucuman.com\/web\/estoy-en-contra-del-aborto-asevero-el-gobernador\/","og_site_name":"El Diario de Tucuman","article_published_time":"2018-02-27T15:08:50+00:00","article_modified_time":"2018-02-27T15:08:51+00:00","og_image":[{"width":300,"height":166,"url":"https:\/\/www.eldiariodetucuman.com\/web\/wp-content\/uploads\/2018\/02\/c3180d75922daf74376690d7ea8ed464.jpeg","type":"image\/jpeg"}],"author":"admin","twitter_card":"summary_large_image","twitter_misc":{"Escrito por":"admin","Tiempo de lectura":"1 minuto"},"schema":{"@context":"https:\/\/schema.org","@graph":[{"@type":"Article","@id":"https:\/\/www.eldiariodetucuman.com\/web\/estoy-en-contra-del-aborto-asevero-el-gobernador\/#article","isPartOf":{"@id":"https:\/\/www.eldiariodetucuman.com\/web\/estoy-en-contra-del-aborto-asevero-el-gobernador\/"},"author":{"name":"admin","@id":"https:\/\/www.eldiariodetucuman.com\/web\/#\/schema\/person\/9250197d75ab5483412e19678b121caa"},"headline":"\u201cEstoy en contra del aborto\u201d, asever\u00f3 el Gobernador","datePublished":"2018-02-27T15:08:50+00:00","dateModified":"2018-02-27T15:08:51+00:00","mainEntityOfPage":{"@id":"https:\/\/www.eldiariodetucuman.com\/web\/estoy-en-contra-del-aborto-asevero-el-gobernador\/"},"wordCount":248,"commentCount":0,"publisher":{"@id":"https:\/\/www.eldiariodetucuman.com\/web\/#organization"},"image":{"@id":"https:\/\/www.eldiariodetucuman.com\/web\/estoy-en-contra-del-aborto-asevero-el-gobernador\/#primaryimage"},"thumbnailUrl":"https:\/\/www.eldiariodetucuman.com\/web\/wp-content\/uploads\/2018\/02\/c3180d75922daf74376690d7ea8ed464.jpeg","articleSection":["Politica"],"inLanguage":"es","potentialAction":[{"@type":"CommentAction","name":"Comment","target":["https:\/\/www.eldiariodetucuman.com\/web\/estoy-en-contra-del-aborto-asevero-el-gobernador\/#respond"]}]},{"@type":"WebPage","@id":"https:\/\/www.eldiariodetucuman.com\/web\/estoy-en-contra-del-aborto-asevero-el-gobernador\/","url":"https:\/\/www.eldiariodetucuman.com\/web\/estoy-en-contra-del-aborto-asevero-el-gobernador\/","name":"\u201cEstoy en contra del aborto\u201d, asever\u00f3 el Gobernador - El Diario de Tucuman","isPartOf":{"@id":"https:\/\/www.eldiariodetucuman.com\/web\/#website"},"primaryImageOfPage":{"@id":"https:\/\/www.eldiariodetucuman.com\/web\/estoy-en-contra-del-aborto-asevero-el-gobernador\/#primaryimage"},"image":{"@id":"https:\/\/www.eldiariodetucuman.com\/web\/estoy-en-contra-del-aborto-asevero-el-gobernador\/#primaryimage"},"thumbnailUrl":"https:\/\/www.eldiariodetucuman.com\/web\/wp-content\/uploads\/2018\/02\/c3180d75922daf74376690d7ea8ed464.jpeg","datePublished":"2018-02-27T15:08:50+00:00","dateModified":"2018-02-27T15:08:51+00:00","breadcrumb":{"@id":"https:\/\/www.eldiariodetucuman.com\/web\/estoy-en-contra-del-aborto-asevero-el-gobernador\/#breadcrumb"},"inLanguage":"es","potentialAction":[{"@type":"ReadAction","target":["https:\/\/www.eldiariodetucuman.com\/web\/estoy-en-contra-del-aborto-asevero-el-gobernador\/"]}]},{"@type":"ImageObject","inLanguage":"es","@id":"https:\/\/www.eldiariodetucuman.com\/web\/estoy-en-contra-del-aborto-asevero-el-gobernador\/#primaryimage","url":"https:\/\/www.eldiariodetucuman.com\/web\/wp-content\/uploads\/2018\/02\/c3180d75922daf74376690d7ea8ed464.jpeg","contentUrl":"https:\/\/www.eldiariodetucuman.com\/web\/wp-content\/uploads\/2018\/02\/c3180d75922daf74376690d7ea8ed464.jpeg","width":300,"height":166},{"@type":"BreadcrumbList","@id":"https:\/\/www.eldiariodetucuman.com\/web\/estoy-en-contra-del-aborto-asevero-el-gobernador\/#breadcrumb","itemListElement":[{"@type":"ListItem","position":1,"name":"Portada","item":"https:\/\/www.eldiariodetucuman.com\/web\/"},{"@type":"ListItem","position":2,"name":"\u201cEstoy en contra del aborto\u201d, asever\u00f3 el Gobernador"}]},{"@type":"WebSite","@id":"https:\/\/www.eldiariodetucuman.com\/web\/#website","url":"https:\/\/www.eldiariodetucuman.com\/web\/","name":"El Diario de Tucuman","description":"Diario Tucuman - Informaci\u00f3n y noticias","publisher":{"@id":"https:\/\/www.eldiariodetucuman.com\/web\/#organization"},"potentialAction":[{"@type":"SearchAction","target":{"@type":"EntryPoint","urlTemplate":"https:\/\/www.eldiariodetucuman.com\/web\/?s={search_term_string}"},"query-input":{"@type":"PropertyValueSpecification","valueRequired":true,"valueName":"search_term_string"}}],"inLanguage":"es"},{"@type":"Organization","@id":"https:\/\/www.eldiariodetucuman.com\/web\/#organization","name":"El Diario de Tucuman","url":"https:\/\/www.eldiariodetucuman.com\/web\/","logo":{"@type":"ImageObject","inLanguage":"es","@id":"https:\/\/www.eldiariodetucuman.com\/web\/#\/schema\/logo\/image\/","url":"http:\/\/www.eldiariodetucuman.com\/web\/wp-content\/uploads\/2017\/12\/el-diario-de-tucuman.jpg","contentUrl":"http:\/\/www.eldiariodetucuman.com\/web\/wp-content\/uploads\/2017\/12\/el-diario-de-tucuman.jpg","width":272,"height":92,"caption":"El Diario de Tucuman"},"image":{"@id":"https:\/\/www.eldiariodetucuman.com\/web\/#\/schema\/logo\/image\/"}},{"@type":"Person","@id":"https:\/\/www.eldiariodetucuman.com\/web\/#\/schema\/person\/9250197d75ab5483412e19678b121caa","name":"admin","image":{"@type":"ImageObject","inLanguage":"es","@id":"https:\/\/secure.gravatar.com\/avatar\/c44d117c2be811212c22cb481f6b8384b6873de103fbc49e7a03cc58d7dea4ac?s=96&d=mm&r=g","url":"https:\/\/secure.gravatar.com\/avatar\/c44d117c2be811212c22cb481f6b8384b6873de103fbc49e7a03cc58d7dea4ac?s=96&d=mm&r=g","contentUrl":"https:\/\/secure.gravatar.com\/avatar\/c44d117c2be811212c22cb481f6b8384b6873de103fbc49e7a03cc58d7dea4ac?s=96&d=mm&r=g","caption":"admin"},"url":"https:\/\/www.eldiariodetucuman.com\/web\/author\/admin\/"}]}},"_links":{"self":[{"href":"https:\/\/www.eldiariodetucuman.com\/web\/wp-json\/wp\/v2\/posts\/5937","targetHints":{"allow":["GET"]}}],"collection":[{"href":"https:\/\/www.eldiariodetucuman.com\/web\/wp-json\/wp\/v2\/posts"}],"about":[{"href":"https:\/\/www.eldiariodetucuman.com\/web\/wp-json\/wp\/v2\/types\/post"}],"author":[{"embeddable":true,"href":"https:\/\/www.eldiariodetucuman.com\/web\/wp-json\/wp\/v2\/users\/1"}],"replies":[{"embeddable":true,"href":"https:\/\/www.eldiariodetucuman.com\/web\/wp-json\/wp\/v2\/comments?post=5937"}],"version-history":[{"count":1,"href":"https:\/\/www.eldiariodetucuman.com\/web\/wp-json\/wp\/v2\/posts\/5937\/revisions"}],"predecessor-version":[{"id":5939,"href":"https:\/\/www.eldiariodetucuman.com\/web\/wp-json\/wp\/v2\/posts\/5937\/revisions\/5939"}],"wp:featuredmedia":[{"embeddable":true,"href":"https:\/\/www.eldiariodetucuman.com\/web\/wp-json\/wp\/v2\/media\/5938"}],"wp:attachment":[{"href":"https:\/\/www.eldiariodetucuman.com\/web\/wp-json\/wp\/v2\/media?parent=5937"}],"wp:term":[{"taxonomy":"category","embeddable":true,"href":"https:\/\/www.eldiariodetucuman.com\/web\/wp-json\/wp\/v2\/categories?post=5937"},{"taxonomy":"post_tag","embeddable":true,"href":"https:\/\/www.eldiariodetucuman.com\/web\/wp-json\/wp\/v2\/tags?post=5937"}],"curies":[{"name":"wp","href":"https:\/\/api.w.org\/{rel}","templated":true}]}}