{"id":5934,"date":"2018-02-27T12:08:41","date_gmt":"2018-02-27T15:08:41","guid":{"rendered":"http:\/\/www.eldiariodetucuman.com\/web\/manzur-participa-del-encuentro-regional-del-norte\/"},"modified":"2018-02-27T12:08:42","modified_gmt":"2018-02-27T15:08:42","slug":"manzur-participa-del-encuentro-regional-del-norte","status":"publish","type":"post","link":"https:\/\/www.eldiariodetucuman.com\/web\/manzur-participa-del-encuentro-regional-del-norte\/","title":{"rendered":"Manzur participa del Encuentro Regional del Norte"},"content":{"rendered":"<div>\n<div readability=\"66\">\n<p>\u201cCada vez que el Gobierno Nacional nos convoque a trabajar juntos, a pensar iniciativas y obras de infraestructura para Tucum\u00e1n, ah\u00ed vamos a estar\u201d, asegur\u00f3 ayer el gobernador <strong>Juan Manzur<\/strong> quien est\u00e1 participando hoy del Encuentro Regional del Norte, que se est\u00e1 realizando en Salta.<\/p>\n<p>\u201cVamos con nuestras propuestas e iniciativas para coordinar esfuerzos y trabajar juntos\u201d, adelant\u00f3 el Primer Mandatario.<\/p>\n<p>En el marco del Plan Belgrano, se avanzar\u00e1 en la firma de acuerdos productivos y de recuperaci\u00f3n del sistema ferroviarios con 6 gobernadores de la regi\u00f3n.\u00a0Ya se adjudicaron las obras a tres empresas que se encargar\u00e1n de los tramos del ramal C8.<\/p>\n<p>Desde las 9.30 en el Centro de Convenciones de la provincia norte\u00f1a el gobernador<strong>\u00a0Juan Manuel\u00a0<span class=\"scayt-misspell-word\" data-scayt-lang=\"es_ES\" data-scayt-word=\"Urtubey\">Urtubey<\/span>\u00a0di\u00f3<\/strong>\u00a0la bienvenida. Luego expusieron el jefe de Gabinete,\u00a0<strong>Marcos Pe\u00f1a<\/strong>y el titular del organismo, el correntino\u00a0<strong>Carlos\u00a0<span class=\"scayt-misspell-word\" data-scayt-lang=\"es_ES\" data-scayt-word=\"Vignolo\">Vignolo<\/span><\/strong>.<\/p>\n<p><a href=\"http:\/\/comunicaciontucuman.gob.ar\/wp-content\/uploads\/2018\/02\/manzur-ERN-2.jpg\"><img loading=\"lazy\" decoding=\"async\" class=\"size-medium wp-image-155290 alignright\" src=\"http:\/\/comunicaciontucuman.gob.ar\/wp-content\/uploads\/2018\/02\/manzur-ERN-2-300x166.jpg\" alt=\"manzur ERN 2\" width=\"300\" height=\"166\"><\/a><\/p>\n<p>Las exposiciones de los funcionarios nacionales comenzaron a las 10, habr\u00e1 un intervalo a las 12.45 y terminar\u00e1n a las 17.45 con un discurso del ministro de Interior, Obras P\u00fablicas y Transporte de la Naci\u00f3n,\u00a0<strong><span class=\"scayt-misspell-word\" data-scayt-lang=\"es_ES\" data-scayt-word=\"Rogelio\">Rogelio<\/span>\u00a0<span class=\"scayt-misspell-word\" data-scayt-lang=\"es_ES\" data-scayt-word=\"Frigerio\">Frigerio<\/span><\/strong>.<\/p>\n<p>Figuran en el temario t\u00f3picos como Econom\u00eda y producci\u00f3n, desarrollo\u00a0<span class=\"scayt-misspell-word\" data-scayt-lang=\"es_ES\" data-scayt-word=\"sostenible\">sostenible<\/span>, turismo, medidas de modernizaci\u00f3n del Estado y de acci\u00f3n social.<\/p>\n<p>\u00a0<\/p>\n<\/div>\n<\/div>\n<p>Fuente: http:\/\/comunicaciontucuman.gob.ar\/2018\/02\/manzur-participa-del-encuentro-regional-del-norte\/<\/p>\n","protected":false},"excerpt":{"rendered":"<p>\u201cCada vez que el Gobierno Nacional nos convoque a trabajar juntos, a pensar iniciativas y obras de infraestructura para Tucum\u00e1n, ah\u00ed vamos a estar\u201d, asegur\u00f3 ayer el gobernador Juan Manzur quien est\u00e1 participando hoy del Encuentro Regional del Norte, que se est\u00e1 realizando en Salta. \u201cVamos con nuestras propuestas e iniciativas para coordinar esfuerzos y [&hellip;]<\/p>\n","protected":false},"author":1,"featured_media":5935,"comment_status":"open","ping_status":"closed","sticky":false,"template":"","format":"standard","meta":{"footnotes":""},"categories":[3],"tags":[],"class_list":{"0":"post-5934","1":"post","2":"type-post","3":"status-publish","4":"format-standard","5":"has-post-thumbnail","7":"category-politica"},"yoast_head":"<!-- This site is optimized with the Yoast SEO plugin v27.5 - https:\/\/yoast.com\/product\/yoast-seo-wordpress\/ -->\n<title>Manzur participa del Encuentro Regional del Norte - El Diario de Tucuman<\/title>\n<meta name=\"robots\" content=\"index, follow, max-snippet:-1, max-image-preview:large, max-video-preview:-1\" \/>\n<link rel=\"canonical\" href=\"https:\/\/www.eldiariodetucuman.com\/web\/manzur-participa-del-encuentro-regional-del-norte\/\" \/>\n<meta property=\"og:locale\" content=\"es_ES\" \/>\n<meta property=\"og:type\" content=\"article\" \/>\n<meta property=\"og:title\" content=\"Manzur participa del Encuentro Regional del Norte - El Diario de Tucuman\" \/>\n<meta property=\"og:description\" content=\"\u201cCada vez que el Gobierno Nacional nos convoque a trabajar juntos, a pensar iniciativas y obras de infraestructura para Tucum\u00e1n, ah\u00ed vamos a estar\u201d, asegur\u00f3 ayer el gobernador Juan Manzur quien est\u00e1 participando hoy del Encuentro Regional del Norte, que se est\u00e1 realizando en Salta. \u201cVamos con nuestras propuestas e iniciativas para coordinar esfuerzos y [&hellip;]\" \/>\n<meta property=\"og:url\" content=\"https:\/\/www.eldiariodetucuman.com\/web\/manzur-participa-del-encuentro-regional-del-norte\/\" \/>\n<meta property=\"og:site_name\" content=\"El Diario de Tucuman\" \/>\n<meta property=\"article:published_time\" content=\"2018-02-27T15:08:41+00:00\" \/>\n<meta property=\"article:modified_time\" content=\"2018-02-27T15:08:42+00:00\" \/>\n<meta property=\"og:image\" content=\"https:\/\/www.eldiariodetucuman.com\/web\/wp-content\/uploads\/2018\/02\/fa265ab93e4ba9a5c1c10b2a3ba92b50.jpeg\" \/>\n\t<meta property=\"og:image:width\" content=\"300\" \/>\n\t<meta property=\"og:image:height\" content=\"166\" \/>\n\t<meta property=\"og:image:type\" content=\"image\/jpeg\" \/>\n<meta name=\"author\" content=\"admin\" \/>\n<meta name=\"twitter:card\" content=\"summary_large_image\" \/>\n<meta name=\"twitter:label1\" content=\"Escrito por\" \/>\n\t<meta name=\"twitter:data1\" content=\"admin\" \/>\n\t<meta name=\"twitter:label2\" content=\"Tiempo de lectura\" \/>\n\t<meta name=\"twitter:data2\" content=\"1 minuto\" \/>\n<script type=\"application\/ld+json\" class=\"yoast-schema-graph\">{\"@context\":\"https:\\\/\\\/schema.org\",\"@graph\":[{\"@type\":\"Article\",\"@id\":\"https:\\\/\\\/www.eldiariodetucuman.com\\\/web\\\/manzur-participa-del-encuentro-regional-del-norte\\\/#article\",\"isPartOf\":{\"@id\":\"https:\\\/\\\/www.eldiariodetucuman.com\\\/web\\\/manzur-participa-del-encuentro-regional-del-norte\\\/\"},\"author\":{\"name\":\"admin\",\"@id\":\"https:\\\/\\\/www.eldiariodetucuman.com\\\/web\\\/#\\\/schema\\\/person\\\/9250197d75ab5483412e19678b121caa\"},\"headline\":\"Manzur participa del Encuentro Regional del Norte\",\"datePublished\":\"2018-02-27T15:08:41+00:00\",\"dateModified\":\"2018-02-27T15:08:42+00:00\",\"mainEntityOfPage\":{\"@id\":\"https:\\\/\\\/www.eldiariodetucuman.com\\\/web\\\/manzur-participa-del-encuentro-regional-del-norte\\\/\"},\"wordCount\":220,\"commentCount\":0,\"publisher\":{\"@id\":\"https:\\\/\\\/www.eldiariodetucuman.com\\\/web\\\/#organization\"},\"image\":{\"@id\":\"https:\\\/\\\/www.eldiariodetucuman.com\\\/web\\\/manzur-participa-del-encuentro-regional-del-norte\\\/#primaryimage\"},\"thumbnailUrl\":\"https:\\\/\\\/www.eldiariodetucuman.com\\\/web\\\/wp-content\\\/uploads\\\/2018\\\/02\\\/fa265ab93e4ba9a5c1c10b2a3ba92b50.jpeg\",\"articleSection\":[\"Politica\"],\"inLanguage\":\"es\",\"potentialAction\":[{\"@type\":\"CommentAction\",\"name\":\"Comment\",\"target\":[\"https:\\\/\\\/www.eldiariodetucuman.com\\\/web\\\/manzur-participa-del-encuentro-regional-del-norte\\\/#respond\"]}]},{\"@type\":\"WebPage\",\"@id\":\"https:\\\/\\\/www.eldiariodetucuman.com\\\/web\\\/manzur-participa-del-encuentro-regional-del-norte\\\/\",\"url\":\"https:\\\/\\\/www.eldiariodetucuman.com\\\/web\\\/manzur-participa-del-encuentro-regional-del-norte\\\/\",\"name\":\"Manzur participa del Encuentro Regional del Norte - El Diario de Tucuman\",\"isPartOf\":{\"@id\":\"https:\\\/\\\/www.eldiariodetucuman.com\\\/web\\\/#website\"},\"primaryImageOfPage\":{\"@id\":\"https:\\\/\\\/www.eldiariodetucuman.com\\\/web\\\/manzur-participa-del-encuentro-regional-del-norte\\\/#primaryimage\"},\"image\":{\"@id\":\"https:\\\/\\\/www.eldiariodetucuman.com\\\/web\\\/manzur-participa-del-encuentro-regional-del-norte\\\/#primaryimage\"},\"thumbnailUrl\":\"https:\\\/\\\/www.eldiariodetucuman.com\\\/web\\\/wp-content\\\/uploads\\\/2018\\\/02\\\/fa265ab93e4ba9a5c1c10b2a3ba92b50.jpeg\",\"datePublished\":\"2018-02-27T15:08:41+00:00\",\"dateModified\":\"2018-02-27T15:08:42+00:00\",\"breadcrumb\":{\"@id\":\"https:\\\/\\\/www.eldiariodetucuman.com\\\/web\\\/manzur-participa-del-encuentro-regional-del-norte\\\/#breadcrumb\"},\"inLanguage\":\"es\",\"potentialAction\":[{\"@type\":\"ReadAction\",\"target\":[\"https:\\\/\\\/www.eldiariodetucuman.com\\\/web\\\/manzur-participa-del-encuentro-regional-del-norte\\\/\"]}]},{\"@type\":\"ImageObject\",\"inLanguage\":\"es\",\"@id\":\"https:\\\/\\\/www.eldiariodetucuman.com\\\/web\\\/manzur-participa-del-encuentro-regional-del-norte\\\/#primaryimage\",\"url\":\"https:\\\/\\\/www.eldiariodetucuman.com\\\/web\\\/wp-content\\\/uploads\\\/2018\\\/02\\\/fa265ab93e4ba9a5c1c10b2a3ba92b50.jpeg\",\"contentUrl\":\"https:\\\/\\\/www.eldiariodetucuman.com\\\/web\\\/wp-content\\\/uploads\\\/2018\\\/02\\\/fa265ab93e4ba9a5c1c10b2a3ba92b50.jpeg\",\"width\":300,\"height\":166},{\"@type\":\"BreadcrumbList\",\"@id\":\"https:\\\/\\\/www.eldiariodetucuman.com\\\/web\\\/manzur-participa-del-encuentro-regional-del-norte\\\/#breadcrumb\",\"itemListElement\":[{\"@type\":\"ListItem\",\"position\":1,\"name\":\"Portada\",\"item\":\"https:\\\/\\\/www.eldiariodetucuman.com\\\/web\\\/\"},{\"@type\":\"ListItem\",\"position\":2,\"name\":\"Manzur participa del Encuentro Regional del Norte\"}]},{\"@type\":\"WebSite\",\"@id\":\"https:\\\/\\\/www.eldiariodetucuman.com\\\/web\\\/#website\",\"url\":\"https:\\\/\\\/www.eldiariodetucuman.com\\\/web\\\/\",\"name\":\"El Diario de Tucuman\",\"description\":\"Diario Tucuman - Informaci\u00f3n y noticias\",\"publisher\":{\"@id\":\"https:\\\/\\\/www.eldiariodetucuman.com\\\/web\\\/#organization\"},\"potentialAction\":[{\"@type\":\"SearchAction\",\"target\":{\"@type\":\"EntryPoint\",\"urlTemplate\":\"https:\\\/\\\/www.eldiariodetucuman.com\\\/web\\\/?s={search_term_string}\"},\"query-input\":{\"@type\":\"PropertyValueSpecification\",\"valueRequired\":true,\"valueName\":\"search_term_string\"}}],\"inLanguage\":\"es\"},{\"@type\":\"Organization\",\"@id\":\"https:\\\/\\\/www.eldiariodetucuman.com\\\/web\\\/#organization\",\"name\":\"El Diario de Tucuman\",\"url\":\"https:\\\/\\\/www.eldiariodetucuman.com\\\/web\\\/\",\"logo\":{\"@type\":\"ImageObject\",\"inLanguage\":\"es\",\"@id\":\"https:\\\/\\\/www.eldiariodetucuman.com\\\/web\\\/#\\\/schema\\\/logo\\\/image\\\/\",\"url\":\"http:\\\/\\\/www.eldiariodetucuman.com\\\/web\\\/wp-content\\\/uploads\\\/2017\\\/12\\\/el-diario-de-tucuman.jpg\",\"contentUrl\":\"http:\\\/\\\/www.eldiariodetucuman.com\\\/web\\\/wp-content\\\/uploads\\\/2017\\\/12\\\/el-diario-de-tucuman.jpg\",\"width\":272,\"height\":92,\"caption\":\"El Diario de Tucuman\"},\"image\":{\"@id\":\"https:\\\/\\\/www.eldiariodetucuman.com\\\/web\\\/#\\\/schema\\\/logo\\\/image\\\/\"}},{\"@type\":\"Person\",\"@id\":\"https:\\\/\\\/www.eldiariodetucuman.com\\\/web\\\/#\\\/schema\\\/person\\\/9250197d75ab5483412e19678b121caa\",\"name\":\"admin\",\"image\":{\"@type\":\"ImageObject\",\"inLanguage\":\"es\",\"@id\":\"https:\\\/\\\/secure.gravatar.com\\\/avatar\\\/c44d117c2be811212c22cb481f6b8384b6873de103fbc49e7a03cc58d7dea4ac?s=96&d=mm&r=g\",\"url\":\"https:\\\/\\\/secure.gravatar.com\\\/avatar\\\/c44d117c2be811212c22cb481f6b8384b6873de103fbc49e7a03cc58d7dea4ac?s=96&d=mm&r=g\",\"contentUrl\":\"https:\\\/\\\/secure.gravatar.com\\\/avatar\\\/c44d117c2be811212c22cb481f6b8384b6873de103fbc49e7a03cc58d7dea4ac?s=96&d=mm&r=g\",\"caption\":\"admin\"},\"url\":\"https:\\\/\\\/www.eldiariodetucuman.com\\\/web\\\/author\\\/admin\\\/\"}]}<\/script>\n<!-- \/ Yoast SEO plugin. -->","yoast_head_json":{"title":"Manzur participa del Encuentro Regional del Norte - El Diario de Tucuman","robots":{"index":"index","follow":"follow","max-snippet":"max-snippet:-1","max-image-preview":"max-image-preview:large","max-video-preview":"max-video-preview:-1"},"canonical":"https:\/\/www.eldiariodetucuman.com\/web\/manzur-participa-del-encuentro-regional-del-norte\/","og_locale":"es_ES","og_type":"article","og_title":"Manzur participa del Encuentro Regional del Norte - El Diario de Tucuman","og_description":"\u201cCada vez que el Gobierno Nacional nos convoque a trabajar juntos, a pensar iniciativas y obras de infraestructura para Tucum\u00e1n, ah\u00ed vamos a estar\u201d, asegur\u00f3 ayer el gobernador Juan Manzur quien est\u00e1 participando hoy del Encuentro Regional del Norte, que se est\u00e1 realizando en Salta. \u201cVamos con nuestras propuestas e iniciativas para coordinar esfuerzos y [&hellip;]","og_url":"https:\/\/www.eldiariodetucuman.com\/web\/manzur-participa-del-encuentro-regional-del-norte\/","og_site_name":"El Diario de Tucuman","article_published_time":"2018-02-27T15:08:41+00:00","article_modified_time":"2018-02-27T15:08:42+00:00","og_image":[{"width":300,"height":166,"url":"https:\/\/www.eldiariodetucuman.com\/web\/wp-content\/uploads\/2018\/02\/fa265ab93e4ba9a5c1c10b2a3ba92b50.jpeg","type":"image\/jpeg"}],"author":"admin","twitter_card":"summary_large_image","twitter_misc":{"Escrito por":"admin","Tiempo de lectura":"1 minuto"},"schema":{"@context":"https:\/\/schema.org","@graph":[{"@type":"Article","@id":"https:\/\/www.eldiariodetucuman.com\/web\/manzur-participa-del-encuentro-regional-del-norte\/#article","isPartOf":{"@id":"https:\/\/www.eldiariodetucuman.com\/web\/manzur-participa-del-encuentro-regional-del-norte\/"},"author":{"name":"admin","@id":"https:\/\/www.eldiariodetucuman.com\/web\/#\/schema\/person\/9250197d75ab5483412e19678b121caa"},"headline":"Manzur participa del Encuentro Regional del Norte","datePublished":"2018-02-27T15:08:41+00:00","dateModified":"2018-02-27T15:08:42+00:00","mainEntityOfPage":{"@id":"https:\/\/www.eldiariodetucuman.com\/web\/manzur-participa-del-encuentro-regional-del-norte\/"},"wordCount":220,"commentCount":0,"publisher":{"@id":"https:\/\/www.eldiariodetucuman.com\/web\/#organization"},"image":{"@id":"https:\/\/www.eldiariodetucuman.com\/web\/manzur-participa-del-encuentro-regional-del-norte\/#primaryimage"},"thumbnailUrl":"https:\/\/www.eldiariodetucuman.com\/web\/wp-content\/uploads\/2018\/02\/fa265ab93e4ba9a5c1c10b2a3ba92b50.jpeg","articleSection":["Politica"],"inLanguage":"es","potentialAction":[{"@type":"CommentAction","name":"Comment","target":["https:\/\/www.eldiariodetucuman.com\/web\/manzur-participa-del-encuentro-regional-del-norte\/#respond"]}]},{"@type":"WebPage","@id":"https:\/\/www.eldiariodetucuman.com\/web\/manzur-participa-del-encuentro-regional-del-norte\/","url":"https:\/\/www.eldiariodetucuman.com\/web\/manzur-participa-del-encuentro-regional-del-norte\/","name":"Manzur participa del Encuentro Regional del Norte - El Diario de Tucuman","isPartOf":{"@id":"https:\/\/www.eldiariodetucuman.com\/web\/#website"},"primaryImageOfPage":{"@id":"https:\/\/www.eldiariodetucuman.com\/web\/manzur-participa-del-encuentro-regional-del-norte\/#primaryimage"},"image":{"@id":"https:\/\/www.eldiariodetucuman.com\/web\/manzur-participa-del-encuentro-regional-del-norte\/#primaryimage"},"thumbnailUrl":"https:\/\/www.eldiariodetucuman.com\/web\/wp-content\/uploads\/2018\/02\/fa265ab93e4ba9a5c1c10b2a3ba92b50.jpeg","datePublished":"2018-02-27T15:08:41+00:00","dateModified":"2018-02-27T15:08:42+00:00","breadcrumb":{"@id":"https:\/\/www.eldiariodetucuman.com\/web\/manzur-participa-del-encuentro-regional-del-norte\/#breadcrumb"},"inLanguage":"es","potentialAction":[{"@type":"ReadAction","target":["https:\/\/www.eldiariodetucuman.com\/web\/manzur-participa-del-encuentro-regional-del-norte\/"]}]},{"@type":"ImageObject","inLanguage":"es","@id":"https:\/\/www.eldiariodetucuman.com\/web\/manzur-participa-del-encuentro-regional-del-norte\/#primaryimage","url":"https:\/\/www.eldiariodetucuman.com\/web\/wp-content\/uploads\/2018\/02\/fa265ab93e4ba9a5c1c10b2a3ba92b50.jpeg","contentUrl":"https:\/\/www.eldiariodetucuman.com\/web\/wp-content\/uploads\/2018\/02\/fa265ab93e4ba9a5c1c10b2a3ba92b50.jpeg","width":300,"height":166},{"@type":"BreadcrumbList","@id":"https:\/\/www.eldiariodetucuman.com\/web\/manzur-participa-del-encuentro-regional-del-norte\/#breadcrumb","itemListElement":[{"@type":"ListItem","position":1,"name":"Portada","item":"https:\/\/www.eldiariodetucuman.com\/web\/"},{"@type":"ListItem","position":2,"name":"Manzur participa del Encuentro Regional del Norte"}]},{"@type":"WebSite","@id":"https:\/\/www.eldiariodetucuman.com\/web\/#website","url":"https:\/\/www.eldiariodetucuman.com\/web\/","name":"El Diario de Tucuman","description":"Diario Tucuman - Informaci\u00f3n y noticias","publisher":{"@id":"https:\/\/www.eldiariodetucuman.com\/web\/#organization"},"potentialAction":[{"@type":"SearchAction","target":{"@type":"EntryPoint","urlTemplate":"https:\/\/www.eldiariodetucuman.com\/web\/?s={search_term_string}"},"query-input":{"@type":"PropertyValueSpecification","valueRequired":true,"valueName":"search_term_string"}}],"inLanguage":"es"},{"@type":"Organization","@id":"https:\/\/www.eldiariodetucuman.com\/web\/#organization","name":"El Diario de Tucuman","url":"https:\/\/www.eldiariodetucuman.com\/web\/","logo":{"@type":"ImageObject","inLanguage":"es","@id":"https:\/\/www.eldiariodetucuman.com\/web\/#\/schema\/logo\/image\/","url":"http:\/\/www.eldiariodetucuman.com\/web\/wp-content\/uploads\/2017\/12\/el-diario-de-tucuman.jpg","contentUrl":"http:\/\/www.eldiariodetucuman.com\/web\/wp-content\/uploads\/2017\/12\/el-diario-de-tucuman.jpg","width":272,"height":92,"caption":"El Diario de Tucuman"},"image":{"@id":"https:\/\/www.eldiariodetucuman.com\/web\/#\/schema\/logo\/image\/"}},{"@type":"Person","@id":"https:\/\/www.eldiariodetucuman.com\/web\/#\/schema\/person\/9250197d75ab5483412e19678b121caa","name":"admin","image":{"@type":"ImageObject","inLanguage":"es","@id":"https:\/\/secure.gravatar.com\/avatar\/c44d117c2be811212c22cb481f6b8384b6873de103fbc49e7a03cc58d7dea4ac?s=96&d=mm&r=g","url":"https:\/\/secure.gravatar.com\/avatar\/c44d117c2be811212c22cb481f6b8384b6873de103fbc49e7a03cc58d7dea4ac?s=96&d=mm&r=g","contentUrl":"https:\/\/secure.gravatar.com\/avatar\/c44d117c2be811212c22cb481f6b8384b6873de103fbc49e7a03cc58d7dea4ac?s=96&d=mm&r=g","caption":"admin"},"url":"https:\/\/www.eldiariodetucuman.com\/web\/author\/admin\/"}]}},"_links":{"self":[{"href":"https:\/\/www.eldiariodetucuman.com\/web\/wp-json\/wp\/v2\/posts\/5934","targetHints":{"allow":["GET"]}}],"collection":[{"href":"https:\/\/www.eldiariodetucuman.com\/web\/wp-json\/wp\/v2\/posts"}],"about":[{"href":"https:\/\/www.eldiariodetucuman.com\/web\/wp-json\/wp\/v2\/types\/post"}],"author":[{"embeddable":true,"href":"https:\/\/www.eldiariodetucuman.com\/web\/wp-json\/wp\/v2\/users\/1"}],"replies":[{"embeddable":true,"href":"https:\/\/www.eldiariodetucuman.com\/web\/wp-json\/wp\/v2\/comments?post=5934"}],"version-history":[{"count":1,"href":"https:\/\/www.eldiariodetucuman.com\/web\/wp-json\/wp\/v2\/posts\/5934\/revisions"}],"predecessor-version":[{"id":5936,"href":"https:\/\/www.eldiariodetucuman.com\/web\/wp-json\/wp\/v2\/posts\/5934\/revisions\/5936"}],"wp:featuredmedia":[{"embeddable":true,"href":"https:\/\/www.eldiariodetucuman.com\/web\/wp-json\/wp\/v2\/media\/5935"}],"wp:attachment":[{"href":"https:\/\/www.eldiariodetucuman.com\/web\/wp-json\/wp\/v2\/media?parent=5934"}],"wp:term":[{"taxonomy":"category","embeddable":true,"href":"https:\/\/www.eldiariodetucuman.com\/web\/wp-json\/wp\/v2\/categories?post=5934"},{"taxonomy":"post_tag","embeddable":true,"href":"https:\/\/www.eldiariodetucuman.com\/web\/wp-json\/wp\/v2\/tags?post=5934"}],"curies":[{"name":"wp","href":"https:\/\/api.w.org\/{rel}","templated":true}]}}