{"id":5931,"date":"2018-02-27T12:00:35","date_gmt":"2018-02-27T15:00:35","guid":{"rendered":"http:\/\/www.eldiariodetucuman.com\/web\/en-las-redes-buscan-testigos-para-dar-con-el-vehiculo-que-provoco-una-tragedia-en-san-pablo\/"},"modified":"2018-02-27T12:00:38","modified_gmt":"2018-02-27T15:00:38","slug":"en-las-redes-buscan-testigos-para-dar-con-el-vehiculo-que-provoco-una-tragedia-en-san-pablo","status":"publish","type":"post","link":"https:\/\/www.eldiariodetucuman.com\/web\/en-las-redes-buscan-testigos-para-dar-con-el-vehiculo-que-provoco-una-tragedia-en-san-pablo\/","title":{"rendered":"En las redes buscan testigos para dar con el veh\u00edculo que provoc\u00f3 una tragedia en San Pablo"},"content":{"rendered":"<div>\n<div readability=\"61.190652818991\">\n<p>El domingo pasado, alrededor de las seis de la ma\u00f1ana, <a href=\"https:\/\/www.lagaceta.com.ar\/nota\/762530\/policiales\/choque-vuelco-fuga-san-pablo-murio-joven-21-anos.html\" mce_href=\"https:\/\/www.lagaceta.com.ar\/nota\/762530\/policiales\/choque-vuelco-fuga-san-pablo-murio-joven-21-anos.html\" target=\"_blank\">se produjo un accidente en la localidad de San Pablo en el que muri\u00f3 una joven<\/a>, B\u00e1rbara Alberti, de 21 a\u00f1os. El veh\u00edculo que choc\u00f3 por la parte trasera al auto en el que se trasladaba la v\u00edctima se fug\u00f3 y todav\u00eda no hay rastros. Familiares ya hicieron la denuncia policial y ahora buscan testigos o datos en las redes sociales.<\/p>\n<p>El VW Gol Trend era conducido por <b>Yamila Ver\u00f3nica \u00c1vila<\/b>, de 22 a\u00f1os de edad, la acompa\u00f1aban <b>Juan Pablo flores<\/b>, de 26, y <b>B\u00e1rbara Agustina Alberti<\/b>, de 21, quien falleci\u00f3 por las lesiones que le provoc\u00f3 el accidente.<\/p>\n<p>Circulaban de norte a sur en la ruta 301, a la altura del barrio Islas Malvinas cuando el auto fue impactado por otro de atr\u00e1s. Por esto, el veh\u00edculo perdi\u00f3 el control y cay\u00f3 en la banquina con las ruedas hacia arriba.<\/p>\n<p class=\"style frase\">El auto que provoc\u00f3 el accidente escap\u00f3 inmediatamente del lugar y a\u00fan no se sabe nada de \u00e9l.<\/p>\n<p>Se puso en conocimiento del hecho a la Fiscal\u00eda de Turno quien dispuso que se aplicara el protocolo de actuaciones.<\/p>\n<p>La prima de una de las dos mujeres que iba en el auto public\u00f3 en su cuenta de Facebook todo lo que hab\u00eda sucedido con la foto del auto luego del choque y pidi\u00f3 a todos que si alguien vio algo se comuniquen con ella. Adem\u00e1s, dijo que hay un testigo que vio todo pero que no pudo saber qui\u00e9n es.<\/p>\n<p><br mce_bogus=\"1\"><\/div>\n<\/div>\n<p>Fuente: http:\/\/www.lagaceta.com.ar\/nota\/762624\/actualidad\/redes-buscan-testigos-para-dar-vehiculo-provoco-tragedia-san-pablo.html<\/p>\n","protected":false},"excerpt":{"rendered":"<p>El domingo pasado, alrededor de las seis de la ma\u00f1ana, se produjo un accidente en la localidad de San Pablo en el que muri\u00f3 una joven, B\u00e1rbara Alberti, de 21 a\u00f1os. El veh\u00edculo que choc\u00f3 por la parte trasera al auto en el que se trasladaba la v\u00edctima se fug\u00f3 y todav\u00eda no hay rastros. [&hellip;]<\/p>\n","protected":false},"author":1,"featured_media":5932,"comment_status":"open","ping_status":"closed","sticky":false,"template":"","format":"standard","meta":{"footnotes":""},"categories":[1],"tags":[],"class_list":{"0":"post-5931","1":"post","2":"type-post","3":"status-publish","4":"format-standard","5":"has-post-thumbnail","7":"category-portada"},"yoast_head":"<!-- This site is optimized with the Yoast SEO plugin v27.5 - https:\/\/yoast.com\/product\/yoast-seo-wordpress\/ -->\n<title>En las redes buscan testigos para dar con el veh\u00edculo que provoc\u00f3 una tragedia en San Pablo - El Diario de Tucuman<\/title>\n<meta name=\"robots\" content=\"index, follow, max-snippet:-1, max-image-preview:large, max-video-preview:-1\" \/>\n<link rel=\"canonical\" href=\"https:\/\/www.eldiariodetucuman.com\/web\/en-las-redes-buscan-testigos-para-dar-con-el-vehiculo-que-provoco-una-tragedia-en-san-pablo\/\" \/>\n<meta property=\"og:locale\" content=\"es_ES\" \/>\n<meta property=\"og:type\" content=\"article\" \/>\n<meta property=\"og:title\" content=\"En las redes buscan testigos para dar con el veh\u00edculo que provoc\u00f3 una tragedia en San Pablo - El Diario de Tucuman\" \/>\n<meta property=\"og:description\" content=\"El domingo pasado, alrededor de las seis de la ma\u00f1ana, se produjo un accidente en la localidad de San Pablo en el que muri\u00f3 una joven, B\u00e1rbara Alberti, de 21 a\u00f1os. El veh\u00edculo que choc\u00f3 por la parte trasera al auto en el que se trasladaba la v\u00edctima se fug\u00f3 y todav\u00eda no hay rastros. [&hellip;]\" \/>\n<meta property=\"og:url\" content=\"https:\/\/www.eldiariodetucuman.com\/web\/en-las-redes-buscan-testigos-para-dar-con-el-vehiculo-que-provoco-una-tragedia-en-san-pablo\/\" \/>\n<meta property=\"og:site_name\" content=\"El Diario de Tucuman\" \/>\n<meta property=\"article:published_time\" content=\"2018-02-27T15:00:35+00:00\" \/>\n<meta property=\"article:modified_time\" content=\"2018-02-27T15:00:38+00:00\" \/>\n<meta property=\"og:image\" content=\"https:\/\/www.eldiariodetucuman.com\/web\/wp-content\/uploads\/2018\/02\/7a9072f4cca013d4556387cdff30b84f.jpeg\" \/>\n\t<meta property=\"og:image:width\" content=\"1500\" \/>\n\t<meta property=\"og:image:height\" content=\"850\" \/>\n\t<meta property=\"og:image:type\" content=\"image\/jpeg\" \/>\n<meta name=\"author\" content=\"admin\" \/>\n<meta name=\"twitter:card\" content=\"summary_large_image\" \/>\n<meta name=\"twitter:label1\" content=\"Escrito por\" \/>\n\t<meta name=\"twitter:data1\" content=\"admin\" \/>\n\t<meta name=\"twitter:label2\" content=\"Tiempo de lectura\" \/>\n\t<meta name=\"twitter:data2\" content=\"1 minuto\" \/>\n<script type=\"application\/ld+json\" class=\"yoast-schema-graph\">{\"@context\":\"https:\\\/\\\/schema.org\",\"@graph\":[{\"@type\":\"Article\",\"@id\":\"https:\\\/\\\/www.eldiariodetucuman.com\\\/web\\\/en-las-redes-buscan-testigos-para-dar-con-el-vehiculo-que-provoco-una-tragedia-en-san-pablo\\\/#article\",\"isPartOf\":{\"@id\":\"https:\\\/\\\/www.eldiariodetucuman.com\\\/web\\\/en-las-redes-buscan-testigos-para-dar-con-el-vehiculo-que-provoco-una-tragedia-en-san-pablo\\\/\"},\"author\":{\"name\":\"admin\",\"@id\":\"https:\\\/\\\/www.eldiariodetucuman.com\\\/web\\\/#\\\/schema\\\/person\\\/9250197d75ab5483412e19678b121caa\"},\"headline\":\"En las redes buscan testigos para dar con el veh\u00edculo que provoc\u00f3 una tragedia en San Pablo\",\"datePublished\":\"2018-02-27T15:00:35+00:00\",\"dateModified\":\"2018-02-27T15:00:38+00:00\",\"mainEntityOfPage\":{\"@id\":\"https:\\\/\\\/www.eldiariodetucuman.com\\\/web\\\/en-las-redes-buscan-testigos-para-dar-con-el-vehiculo-que-provoco-una-tragedia-en-san-pablo\\\/\"},\"wordCount\":290,\"commentCount\":0,\"publisher\":{\"@id\":\"https:\\\/\\\/www.eldiariodetucuman.com\\\/web\\\/#organization\"},\"image\":{\"@id\":\"https:\\\/\\\/www.eldiariodetucuman.com\\\/web\\\/en-las-redes-buscan-testigos-para-dar-con-el-vehiculo-que-provoco-una-tragedia-en-san-pablo\\\/#primaryimage\"},\"thumbnailUrl\":\"https:\\\/\\\/www.eldiariodetucuman.com\\\/web\\\/wp-content\\\/uploads\\\/2018\\\/02\\\/7a9072f4cca013d4556387cdff30b84f.jpeg\",\"articleSection\":[\"Portada\"],\"inLanguage\":\"es\",\"potentialAction\":[{\"@type\":\"CommentAction\",\"name\":\"Comment\",\"target\":[\"https:\\\/\\\/www.eldiariodetucuman.com\\\/web\\\/en-las-redes-buscan-testigos-para-dar-con-el-vehiculo-que-provoco-una-tragedia-en-san-pablo\\\/#respond\"]}]},{\"@type\":\"WebPage\",\"@id\":\"https:\\\/\\\/www.eldiariodetucuman.com\\\/web\\\/en-las-redes-buscan-testigos-para-dar-con-el-vehiculo-que-provoco-una-tragedia-en-san-pablo\\\/\",\"url\":\"https:\\\/\\\/www.eldiariodetucuman.com\\\/web\\\/en-las-redes-buscan-testigos-para-dar-con-el-vehiculo-que-provoco-una-tragedia-en-san-pablo\\\/\",\"name\":\"En las redes buscan testigos para dar con el veh\u00edculo que provoc\u00f3 una tragedia en San Pablo - El Diario de Tucuman\",\"isPartOf\":{\"@id\":\"https:\\\/\\\/www.eldiariodetucuman.com\\\/web\\\/#website\"},\"primaryImageOfPage\":{\"@id\":\"https:\\\/\\\/www.eldiariodetucuman.com\\\/web\\\/en-las-redes-buscan-testigos-para-dar-con-el-vehiculo-que-provoco-una-tragedia-en-san-pablo\\\/#primaryimage\"},\"image\":{\"@id\":\"https:\\\/\\\/www.eldiariodetucuman.com\\\/web\\\/en-las-redes-buscan-testigos-para-dar-con-el-vehiculo-que-provoco-una-tragedia-en-san-pablo\\\/#primaryimage\"},\"thumbnailUrl\":\"https:\\\/\\\/www.eldiariodetucuman.com\\\/web\\\/wp-content\\\/uploads\\\/2018\\\/02\\\/7a9072f4cca013d4556387cdff30b84f.jpeg\",\"datePublished\":\"2018-02-27T15:00:35+00:00\",\"dateModified\":\"2018-02-27T15:00:38+00:00\",\"breadcrumb\":{\"@id\":\"https:\\\/\\\/www.eldiariodetucuman.com\\\/web\\\/en-las-redes-buscan-testigos-para-dar-con-el-vehiculo-que-provoco-una-tragedia-en-san-pablo\\\/#breadcrumb\"},\"inLanguage\":\"es\",\"potentialAction\":[{\"@type\":\"ReadAction\",\"target\":[\"https:\\\/\\\/www.eldiariodetucuman.com\\\/web\\\/en-las-redes-buscan-testigos-para-dar-con-el-vehiculo-que-provoco-una-tragedia-en-san-pablo\\\/\"]}]},{\"@type\":\"ImageObject\",\"inLanguage\":\"es\",\"@id\":\"https:\\\/\\\/www.eldiariodetucuman.com\\\/web\\\/en-las-redes-buscan-testigos-para-dar-con-el-vehiculo-que-provoco-una-tragedia-en-san-pablo\\\/#primaryimage\",\"url\":\"https:\\\/\\\/www.eldiariodetucuman.com\\\/web\\\/wp-content\\\/uploads\\\/2018\\\/02\\\/7a9072f4cca013d4556387cdff30b84f.jpeg\",\"contentUrl\":\"https:\\\/\\\/www.eldiariodetucuman.com\\\/web\\\/wp-content\\\/uploads\\\/2018\\\/02\\\/7a9072f4cca013d4556387cdff30b84f.jpeg\",\"width\":1500,\"height\":850},{\"@type\":\"BreadcrumbList\",\"@id\":\"https:\\\/\\\/www.eldiariodetucuman.com\\\/web\\\/en-las-redes-buscan-testigos-para-dar-con-el-vehiculo-que-provoco-una-tragedia-en-san-pablo\\\/#breadcrumb\",\"itemListElement\":[{\"@type\":\"ListItem\",\"position\":1,\"name\":\"Portada\",\"item\":\"https:\\\/\\\/www.eldiariodetucuman.com\\\/web\\\/\"},{\"@type\":\"ListItem\",\"position\":2,\"name\":\"En las redes buscan testigos para dar con el veh\u00edculo que provoc\u00f3 una tragedia en San Pablo\"}]},{\"@type\":\"WebSite\",\"@id\":\"https:\\\/\\\/www.eldiariodetucuman.com\\\/web\\\/#website\",\"url\":\"https:\\\/\\\/www.eldiariodetucuman.com\\\/web\\\/\",\"name\":\"El Diario de Tucuman\",\"description\":\"Diario Tucuman - Informaci\u00f3n y noticias\",\"publisher\":{\"@id\":\"https:\\\/\\\/www.eldiariodetucuman.com\\\/web\\\/#organization\"},\"potentialAction\":[{\"@type\":\"SearchAction\",\"target\":{\"@type\":\"EntryPoint\",\"urlTemplate\":\"https:\\\/\\\/www.eldiariodetucuman.com\\\/web\\\/?s={search_term_string}\"},\"query-input\":{\"@type\":\"PropertyValueSpecification\",\"valueRequired\":true,\"valueName\":\"search_term_string\"}}],\"inLanguage\":\"es\"},{\"@type\":\"Organization\",\"@id\":\"https:\\\/\\\/www.eldiariodetucuman.com\\\/web\\\/#organization\",\"name\":\"El Diario de Tucuman\",\"url\":\"https:\\\/\\\/www.eldiariodetucuman.com\\\/web\\\/\",\"logo\":{\"@type\":\"ImageObject\",\"inLanguage\":\"es\",\"@id\":\"https:\\\/\\\/www.eldiariodetucuman.com\\\/web\\\/#\\\/schema\\\/logo\\\/image\\\/\",\"url\":\"http:\\\/\\\/www.eldiariodetucuman.com\\\/web\\\/wp-content\\\/uploads\\\/2017\\\/12\\\/el-diario-de-tucuman.jpg\",\"contentUrl\":\"http:\\\/\\\/www.eldiariodetucuman.com\\\/web\\\/wp-content\\\/uploads\\\/2017\\\/12\\\/el-diario-de-tucuman.jpg\",\"width\":272,\"height\":92,\"caption\":\"El Diario de Tucuman\"},\"image\":{\"@id\":\"https:\\\/\\\/www.eldiariodetucuman.com\\\/web\\\/#\\\/schema\\\/logo\\\/image\\\/\"}},{\"@type\":\"Person\",\"@id\":\"https:\\\/\\\/www.eldiariodetucuman.com\\\/web\\\/#\\\/schema\\\/person\\\/9250197d75ab5483412e19678b121caa\",\"name\":\"admin\",\"image\":{\"@type\":\"ImageObject\",\"inLanguage\":\"es\",\"@id\":\"https:\\\/\\\/secure.gravatar.com\\\/avatar\\\/c44d117c2be811212c22cb481f6b8384b6873de103fbc49e7a03cc58d7dea4ac?s=96&d=mm&r=g\",\"url\":\"https:\\\/\\\/secure.gravatar.com\\\/avatar\\\/c44d117c2be811212c22cb481f6b8384b6873de103fbc49e7a03cc58d7dea4ac?s=96&d=mm&r=g\",\"contentUrl\":\"https:\\\/\\\/secure.gravatar.com\\\/avatar\\\/c44d117c2be811212c22cb481f6b8384b6873de103fbc49e7a03cc58d7dea4ac?s=96&d=mm&r=g\",\"caption\":\"admin\"},\"url\":\"https:\\\/\\\/www.eldiariodetucuman.com\\\/web\\\/author\\\/admin\\\/\"}]}<\/script>\n<!-- \/ Yoast SEO plugin. -->","yoast_head_json":{"title":"En las redes buscan testigos para dar con el veh\u00edculo que provoc\u00f3 una tragedia en San Pablo - El Diario de Tucuman","robots":{"index":"index","follow":"follow","max-snippet":"max-snippet:-1","max-image-preview":"max-image-preview:large","max-video-preview":"max-video-preview:-1"},"canonical":"https:\/\/www.eldiariodetucuman.com\/web\/en-las-redes-buscan-testigos-para-dar-con-el-vehiculo-que-provoco-una-tragedia-en-san-pablo\/","og_locale":"es_ES","og_type":"article","og_title":"En las redes buscan testigos para dar con el veh\u00edculo que provoc\u00f3 una tragedia en San Pablo - El Diario de Tucuman","og_description":"El domingo pasado, alrededor de las seis de la ma\u00f1ana, se produjo un accidente en la localidad de San Pablo en el que muri\u00f3 una joven, B\u00e1rbara Alberti, de 21 a\u00f1os. El veh\u00edculo que choc\u00f3 por la parte trasera al auto en el que se trasladaba la v\u00edctima se fug\u00f3 y todav\u00eda no hay rastros. [&hellip;]","og_url":"https:\/\/www.eldiariodetucuman.com\/web\/en-las-redes-buscan-testigos-para-dar-con-el-vehiculo-que-provoco-una-tragedia-en-san-pablo\/","og_site_name":"El Diario de Tucuman","article_published_time":"2018-02-27T15:00:35+00:00","article_modified_time":"2018-02-27T15:00:38+00:00","og_image":[{"width":1500,"height":850,"url":"https:\/\/www.eldiariodetucuman.com\/web\/wp-content\/uploads\/2018\/02\/7a9072f4cca013d4556387cdff30b84f.jpeg","type":"image\/jpeg"}],"author":"admin","twitter_card":"summary_large_image","twitter_misc":{"Escrito por":"admin","Tiempo de lectura":"1 minuto"},"schema":{"@context":"https:\/\/schema.org","@graph":[{"@type":"Article","@id":"https:\/\/www.eldiariodetucuman.com\/web\/en-las-redes-buscan-testigos-para-dar-con-el-vehiculo-que-provoco-una-tragedia-en-san-pablo\/#article","isPartOf":{"@id":"https:\/\/www.eldiariodetucuman.com\/web\/en-las-redes-buscan-testigos-para-dar-con-el-vehiculo-que-provoco-una-tragedia-en-san-pablo\/"},"author":{"name":"admin","@id":"https:\/\/www.eldiariodetucuman.com\/web\/#\/schema\/person\/9250197d75ab5483412e19678b121caa"},"headline":"En las redes buscan testigos para dar con el veh\u00edculo que provoc\u00f3 una tragedia en San Pablo","datePublished":"2018-02-27T15:00:35+00:00","dateModified":"2018-02-27T15:00:38+00:00","mainEntityOfPage":{"@id":"https:\/\/www.eldiariodetucuman.com\/web\/en-las-redes-buscan-testigos-para-dar-con-el-vehiculo-que-provoco-una-tragedia-en-san-pablo\/"},"wordCount":290,"commentCount":0,"publisher":{"@id":"https:\/\/www.eldiariodetucuman.com\/web\/#organization"},"image":{"@id":"https:\/\/www.eldiariodetucuman.com\/web\/en-las-redes-buscan-testigos-para-dar-con-el-vehiculo-que-provoco-una-tragedia-en-san-pablo\/#primaryimage"},"thumbnailUrl":"https:\/\/www.eldiariodetucuman.com\/web\/wp-content\/uploads\/2018\/02\/7a9072f4cca013d4556387cdff30b84f.jpeg","articleSection":["Portada"],"inLanguage":"es","potentialAction":[{"@type":"CommentAction","name":"Comment","target":["https:\/\/www.eldiariodetucuman.com\/web\/en-las-redes-buscan-testigos-para-dar-con-el-vehiculo-que-provoco-una-tragedia-en-san-pablo\/#respond"]}]},{"@type":"WebPage","@id":"https:\/\/www.eldiariodetucuman.com\/web\/en-las-redes-buscan-testigos-para-dar-con-el-vehiculo-que-provoco-una-tragedia-en-san-pablo\/","url":"https:\/\/www.eldiariodetucuman.com\/web\/en-las-redes-buscan-testigos-para-dar-con-el-vehiculo-que-provoco-una-tragedia-en-san-pablo\/","name":"En las redes buscan testigos para dar con el veh\u00edculo que provoc\u00f3 una tragedia en San Pablo - El Diario de Tucuman","isPartOf":{"@id":"https:\/\/www.eldiariodetucuman.com\/web\/#website"},"primaryImageOfPage":{"@id":"https:\/\/www.eldiariodetucuman.com\/web\/en-las-redes-buscan-testigos-para-dar-con-el-vehiculo-que-provoco-una-tragedia-en-san-pablo\/#primaryimage"},"image":{"@id":"https:\/\/www.eldiariodetucuman.com\/web\/en-las-redes-buscan-testigos-para-dar-con-el-vehiculo-que-provoco-una-tragedia-en-san-pablo\/#primaryimage"},"thumbnailUrl":"https:\/\/www.eldiariodetucuman.com\/web\/wp-content\/uploads\/2018\/02\/7a9072f4cca013d4556387cdff30b84f.jpeg","datePublished":"2018-02-27T15:00:35+00:00","dateModified":"2018-02-27T15:00:38+00:00","breadcrumb":{"@id":"https:\/\/www.eldiariodetucuman.com\/web\/en-las-redes-buscan-testigos-para-dar-con-el-vehiculo-que-provoco-una-tragedia-en-san-pablo\/#breadcrumb"},"inLanguage":"es","potentialAction":[{"@type":"ReadAction","target":["https:\/\/www.eldiariodetucuman.com\/web\/en-las-redes-buscan-testigos-para-dar-con-el-vehiculo-que-provoco-una-tragedia-en-san-pablo\/"]}]},{"@type":"ImageObject","inLanguage":"es","@id":"https:\/\/www.eldiariodetucuman.com\/web\/en-las-redes-buscan-testigos-para-dar-con-el-vehiculo-que-provoco-una-tragedia-en-san-pablo\/#primaryimage","url":"https:\/\/www.eldiariodetucuman.com\/web\/wp-content\/uploads\/2018\/02\/7a9072f4cca013d4556387cdff30b84f.jpeg","contentUrl":"https:\/\/www.eldiariodetucuman.com\/web\/wp-content\/uploads\/2018\/02\/7a9072f4cca013d4556387cdff30b84f.jpeg","width":1500,"height":850},{"@type":"BreadcrumbList","@id":"https:\/\/www.eldiariodetucuman.com\/web\/en-las-redes-buscan-testigos-para-dar-con-el-vehiculo-que-provoco-una-tragedia-en-san-pablo\/#breadcrumb","itemListElement":[{"@type":"ListItem","position":1,"name":"Portada","item":"https:\/\/www.eldiariodetucuman.com\/web\/"},{"@type":"ListItem","position":2,"name":"En las redes buscan testigos para dar con el veh\u00edculo que provoc\u00f3 una tragedia en San Pablo"}]},{"@type":"WebSite","@id":"https:\/\/www.eldiariodetucuman.com\/web\/#website","url":"https:\/\/www.eldiariodetucuman.com\/web\/","name":"El Diario de Tucuman","description":"Diario Tucuman - Informaci\u00f3n y noticias","publisher":{"@id":"https:\/\/www.eldiariodetucuman.com\/web\/#organization"},"potentialAction":[{"@type":"SearchAction","target":{"@type":"EntryPoint","urlTemplate":"https:\/\/www.eldiariodetucuman.com\/web\/?s={search_term_string}"},"query-input":{"@type":"PropertyValueSpecification","valueRequired":true,"valueName":"search_term_string"}}],"inLanguage":"es"},{"@type":"Organization","@id":"https:\/\/www.eldiariodetucuman.com\/web\/#organization","name":"El Diario de Tucuman","url":"https:\/\/www.eldiariodetucuman.com\/web\/","logo":{"@type":"ImageObject","inLanguage":"es","@id":"https:\/\/www.eldiariodetucuman.com\/web\/#\/schema\/logo\/image\/","url":"http:\/\/www.eldiariodetucuman.com\/web\/wp-content\/uploads\/2017\/12\/el-diario-de-tucuman.jpg","contentUrl":"http:\/\/www.eldiariodetucuman.com\/web\/wp-content\/uploads\/2017\/12\/el-diario-de-tucuman.jpg","width":272,"height":92,"caption":"El Diario de Tucuman"},"image":{"@id":"https:\/\/www.eldiariodetucuman.com\/web\/#\/schema\/logo\/image\/"}},{"@type":"Person","@id":"https:\/\/www.eldiariodetucuman.com\/web\/#\/schema\/person\/9250197d75ab5483412e19678b121caa","name":"admin","image":{"@type":"ImageObject","inLanguage":"es","@id":"https:\/\/secure.gravatar.com\/avatar\/c44d117c2be811212c22cb481f6b8384b6873de103fbc49e7a03cc58d7dea4ac?s=96&d=mm&r=g","url":"https:\/\/secure.gravatar.com\/avatar\/c44d117c2be811212c22cb481f6b8384b6873de103fbc49e7a03cc58d7dea4ac?s=96&d=mm&r=g","contentUrl":"https:\/\/secure.gravatar.com\/avatar\/c44d117c2be811212c22cb481f6b8384b6873de103fbc49e7a03cc58d7dea4ac?s=96&d=mm&r=g","caption":"admin"},"url":"https:\/\/www.eldiariodetucuman.com\/web\/author\/admin\/"}]}},"_links":{"self":[{"href":"https:\/\/www.eldiariodetucuman.com\/web\/wp-json\/wp\/v2\/posts\/5931","targetHints":{"allow":["GET"]}}],"collection":[{"href":"https:\/\/www.eldiariodetucuman.com\/web\/wp-json\/wp\/v2\/posts"}],"about":[{"href":"https:\/\/www.eldiariodetucuman.com\/web\/wp-json\/wp\/v2\/types\/post"}],"author":[{"embeddable":true,"href":"https:\/\/www.eldiariodetucuman.com\/web\/wp-json\/wp\/v2\/users\/1"}],"replies":[{"embeddable":true,"href":"https:\/\/www.eldiariodetucuman.com\/web\/wp-json\/wp\/v2\/comments?post=5931"}],"version-history":[{"count":1,"href":"https:\/\/www.eldiariodetucuman.com\/web\/wp-json\/wp\/v2\/posts\/5931\/revisions"}],"predecessor-version":[{"id":5933,"href":"https:\/\/www.eldiariodetucuman.com\/web\/wp-json\/wp\/v2\/posts\/5931\/revisions\/5933"}],"wp:featuredmedia":[{"embeddable":true,"href":"https:\/\/www.eldiariodetucuman.com\/web\/wp-json\/wp\/v2\/media\/5932"}],"wp:attachment":[{"href":"https:\/\/www.eldiariodetucuman.com\/web\/wp-json\/wp\/v2\/media?parent=5931"}],"wp:term":[{"taxonomy":"category","embeddable":true,"href":"https:\/\/www.eldiariodetucuman.com\/web\/wp-json\/wp\/v2\/categories?post=5931"},{"taxonomy":"post_tag","embeddable":true,"href":"https:\/\/www.eldiariodetucuman.com\/web\/wp-json\/wp\/v2\/tags?post=5931"}],"curies":[{"name":"wp","href":"https:\/\/api.w.org\/{rel}","templated":true}]}}