{"id":5928,"date":"2018-02-27T12:00:26","date_gmt":"2018-02-27T15:00:26","guid":{"rendered":"http:\/\/www.eldiariodetucuman.com\/web\/bolivia-rechazo-el-pedido-de-brindar-atencion-medica-gratuita-a-los-argentinos\/"},"modified":"2018-02-27T12:00:30","modified_gmt":"2018-02-27T15:00:30","slug":"bolivia-rechazo-el-pedido-de-brindar-atencion-medica-gratuita-a-los-argentinos","status":"publish","type":"post","link":"https:\/\/www.eldiariodetucuman.com\/web\/bolivia-rechazo-el-pedido-de-brindar-atencion-medica-gratuita-a-los-argentinos\/","title":{"rendered":"Bolivia rechaz\u00f3 el pedido de brindar atenci\u00f3n m\u00e9dica gratuita a los argentinos"},"content":{"rendered":"<div>\n<div readability=\"67.818893783651\">\n<p>El gobierno de <b>Evo Morales<\/b> rechaz\u00f3 un reclamo de la administraci\u00f3n de <b>Mauricio Macri<\/b> para que los argentinos que viajen  o viven en Bolivia puedan atenderse en los hospitales bolivianos al igual que los vecinos lo hacen en la Argentina.<\/p>\n<p>La gesti\u00f3n de Macri envi\u00f3 el pedido en octubre del a\u00f1o pasado. Desde el Ministerio de Relaciones Exteriores del pa\u00eds vecino, sin embargo, mandaron un comunicado a la embajada argentina en el que descartan la \u00absuscripci\u00f3n de un Convenio en Materia de Asistencia M\u00e9dica\u00bb.<\/p>\n<p><img decoding=\"async\" src=\"https:\/\/img.lagaceta.com.ar\/fotos\/notas\/2018\/02\/27\/tmb1_762627_20180227111012.jpg\" border=\"0\"><\/p>\n<p>El gobierno nacional hab\u00eda pedido \u00ablos buenos oficios de esa cartera de estado junto al Ministerio de Salud a fin de que los mismos beneficios otorgados a los ciudadanos bolivianos sean aplicados a los nacionales argentinos en territorio boliviano\u00bb. Pero el pa\u00eds vecino dijo que no.<\/p>\n<p>D\u00edas atr\u00e1s se hab\u00eda dado a conocer <a href=\"https:\/\/www.lagaceta.com.ar\/nota\/762135\/actualidad\/jujuy-analiza-cobrar-atencion-salud-publica-extranjeros.html\" mce_href=\"https:\/\/www.lagaceta.com.ar\/nota\/762135\/actualidad\/jujuy-analiza-cobrar-atencion-salud-publica-extranjeros.html\" target=\"_blank\">una iniciativa del gobierno de Jujuy para empezar a cobrar a extranjeros que se atiendan en hospitales p\u00fablicos de esa provincia<\/a>, un proyecto que busca que pague el Estado boliviano y no el ciudadano. En este contexto, la diplomacia argentina hab\u00eda enviado la solicitud, que lleva la firma del embajador argentino <b>Normando \u00c1lvarez Garc\u00eda<\/b>, al Ministerio de Relaciones Exteriores de Bolivia.<\/p>\n<p>Pero desde el gobierno de <b>Evo Morales <\/b>fueron contundentes. Mediante la nota N\u00b0 001633 de fecha 8 de febrero de 2018, el organismo concluy\u00f3 que su legislaci\u00f3n vigente no permite la firma de un convenio con estas caracter\u00edsticas.<\/p>\n<p><img decoding=\"async\" src=\"https:\/\/img.lagaceta.com.ar\/fotos\/notas\/2018\/02\/27\/tmb1_762627_20180227111024.jpg\" border=\"0\"><\/p>\n<p>Seg\u00fan Bolivia, las leyes habilitan la atenci\u00f3n gratuita \u00fanicamente para los siguientes grupos poblacionales: \u00abmujeres embarazadas desde el inicio de la gestaci\u00f3n hasta seis meses posteriores al parto, ni\u00f1os y ni\u00f1as menores de cinco a\u00f1os, mujeres y hombres a partir de los sesenta a\u00f1os, mujeres en edad f\u00e9rtil s\u00f3lo para atenciones relacionadas con salud sexual y reproductiva y personas con discapacidad\u00bb, seg\u00fan publica el portal <a href=\"http:\/\/www.jujuyalmomento.com\/\" mce_href=\"http:\/\/www.jujuyalmomento.com\/\" target=\"_blank\">Jujuy al momento<\/a>.<\/p>\n<p>\u00abPor lo tanto, no corresponde la suscripci\u00f3n del indicado convenio\u00bb, finaliza la respuesta de las autoridades bolivianas.<\/p>\n<\/p><\/div>\n<\/div>\n<p>Fuente: http:\/\/www.lagaceta.com.ar\/nota\/762627\/actualidad\/bolivia-rechazo-pedido-brindar-atencion-medica-gratuita-argentinos.html<\/p>\n","protected":false},"excerpt":{"rendered":"<p>El gobierno de Evo Morales rechaz\u00f3 un reclamo de la administraci\u00f3n de Mauricio Macri para que los argentinos que viajen o viven en Bolivia puedan atenderse en los hospitales bolivianos al igual que los vecinos lo hacen en la Argentina. La gesti\u00f3n de Macri envi\u00f3 el pedido en octubre del a\u00f1o pasado. Desde el Ministerio [&hellip;]<\/p>\n","protected":false},"author":1,"featured_media":5929,"comment_status":"open","ping_status":"closed","sticky":false,"template":"","format":"standard","meta":{"footnotes":""},"categories":[1],"tags":[],"class_list":{"0":"post-5928","1":"post","2":"type-post","3":"status-publish","4":"format-standard","5":"has-post-thumbnail","7":"category-portada"},"yoast_head":"<!-- This site is optimized with the Yoast SEO plugin v27.5 - https:\/\/yoast.com\/product\/yoast-seo-wordpress\/ -->\n<title>Bolivia rechaz\u00f3 el pedido de brindar atenci\u00f3n m\u00e9dica gratuita a los argentinos - El Diario de Tucuman<\/title>\n<meta name=\"robots\" content=\"index, follow, max-snippet:-1, max-image-preview:large, max-video-preview:-1\" \/>\n<link rel=\"canonical\" href=\"https:\/\/www.eldiariodetucuman.com\/web\/bolivia-rechazo-el-pedido-de-brindar-atencion-medica-gratuita-a-los-argentinos\/\" \/>\n<meta property=\"og:locale\" content=\"es_ES\" \/>\n<meta property=\"og:type\" content=\"article\" \/>\n<meta property=\"og:title\" content=\"Bolivia rechaz\u00f3 el pedido de brindar atenci\u00f3n m\u00e9dica gratuita a los argentinos - El Diario de Tucuman\" \/>\n<meta property=\"og:description\" content=\"El gobierno de Evo Morales rechaz\u00f3 un reclamo de la administraci\u00f3n de Mauricio Macri para que los argentinos que viajen o viven en Bolivia puedan atenderse en los hospitales bolivianos al igual que los vecinos lo hacen en la Argentina. La gesti\u00f3n de Macri envi\u00f3 el pedido en octubre del a\u00f1o pasado. Desde el Ministerio [&hellip;]\" \/>\n<meta property=\"og:url\" content=\"https:\/\/www.eldiariodetucuman.com\/web\/bolivia-rechazo-el-pedido-de-brindar-atencion-medica-gratuita-a-los-argentinos\/\" \/>\n<meta property=\"og:site_name\" content=\"El Diario de Tucuman\" \/>\n<meta property=\"article:published_time\" content=\"2018-02-27T15:00:26+00:00\" \/>\n<meta property=\"article:modified_time\" content=\"2018-02-27T15:00:30+00:00\" \/>\n<meta property=\"og:image\" content=\"https:\/\/www.eldiariodetucuman.com\/web\/wp-content\/uploads\/2018\/02\/6971a2f1ca82b8db65a9353cdf7e4460.jpeg\" \/>\n\t<meta property=\"og:image:width\" content=\"740\" \/>\n\t<meta property=\"og:image:height\" content=\"492\" \/>\n\t<meta property=\"og:image:type\" content=\"image\/jpeg\" \/>\n<meta name=\"author\" content=\"admin\" \/>\n<meta name=\"twitter:card\" content=\"summary_large_image\" \/>\n<meta name=\"twitter:label1\" content=\"Escrito por\" \/>\n\t<meta name=\"twitter:data1\" content=\"admin\" \/>\n\t<meta name=\"twitter:label2\" content=\"Tiempo de lectura\" \/>\n\t<meta name=\"twitter:data2\" content=\"2 minutos\" \/>\n<script type=\"application\/ld+json\" class=\"yoast-schema-graph\">{\"@context\":\"https:\\\/\\\/schema.org\",\"@graph\":[{\"@type\":\"Article\",\"@id\":\"https:\\\/\\\/www.eldiariodetucuman.com\\\/web\\\/bolivia-rechazo-el-pedido-de-brindar-atencion-medica-gratuita-a-los-argentinos\\\/#article\",\"isPartOf\":{\"@id\":\"https:\\\/\\\/www.eldiariodetucuman.com\\\/web\\\/bolivia-rechazo-el-pedido-de-brindar-atencion-medica-gratuita-a-los-argentinos\\\/\"},\"author\":{\"name\":\"admin\",\"@id\":\"https:\\\/\\\/www.eldiariodetucuman.com\\\/web\\\/#\\\/schema\\\/person\\\/9250197d75ab5483412e19678b121caa\"},\"headline\":\"Bolivia rechaz\u00f3 el pedido de brindar atenci\u00f3n m\u00e9dica gratuita a los argentinos\",\"datePublished\":\"2018-02-27T15:00:26+00:00\",\"dateModified\":\"2018-02-27T15:00:30+00:00\",\"mainEntityOfPage\":{\"@id\":\"https:\\\/\\\/www.eldiariodetucuman.com\\\/web\\\/bolivia-rechazo-el-pedido-de-brindar-atencion-medica-gratuita-a-los-argentinos\\\/\"},\"wordCount\":369,\"commentCount\":0,\"publisher\":{\"@id\":\"https:\\\/\\\/www.eldiariodetucuman.com\\\/web\\\/#organization\"},\"image\":{\"@id\":\"https:\\\/\\\/www.eldiariodetucuman.com\\\/web\\\/bolivia-rechazo-el-pedido-de-brindar-atencion-medica-gratuita-a-los-argentinos\\\/#primaryimage\"},\"thumbnailUrl\":\"https:\\\/\\\/www.eldiariodetucuman.com\\\/web\\\/wp-content\\\/uploads\\\/2018\\\/02\\\/6971a2f1ca82b8db65a9353cdf7e4460.jpeg\",\"articleSection\":[\"Portada\"],\"inLanguage\":\"es\",\"potentialAction\":[{\"@type\":\"CommentAction\",\"name\":\"Comment\",\"target\":[\"https:\\\/\\\/www.eldiariodetucuman.com\\\/web\\\/bolivia-rechazo-el-pedido-de-brindar-atencion-medica-gratuita-a-los-argentinos\\\/#respond\"]}]},{\"@type\":\"WebPage\",\"@id\":\"https:\\\/\\\/www.eldiariodetucuman.com\\\/web\\\/bolivia-rechazo-el-pedido-de-brindar-atencion-medica-gratuita-a-los-argentinos\\\/\",\"url\":\"https:\\\/\\\/www.eldiariodetucuman.com\\\/web\\\/bolivia-rechazo-el-pedido-de-brindar-atencion-medica-gratuita-a-los-argentinos\\\/\",\"name\":\"Bolivia rechaz\u00f3 el pedido de brindar atenci\u00f3n m\u00e9dica gratuita a los argentinos - El Diario de Tucuman\",\"isPartOf\":{\"@id\":\"https:\\\/\\\/www.eldiariodetucuman.com\\\/web\\\/#website\"},\"primaryImageOfPage\":{\"@id\":\"https:\\\/\\\/www.eldiariodetucuman.com\\\/web\\\/bolivia-rechazo-el-pedido-de-brindar-atencion-medica-gratuita-a-los-argentinos\\\/#primaryimage\"},\"image\":{\"@id\":\"https:\\\/\\\/www.eldiariodetucuman.com\\\/web\\\/bolivia-rechazo-el-pedido-de-brindar-atencion-medica-gratuita-a-los-argentinos\\\/#primaryimage\"},\"thumbnailUrl\":\"https:\\\/\\\/www.eldiariodetucuman.com\\\/web\\\/wp-content\\\/uploads\\\/2018\\\/02\\\/6971a2f1ca82b8db65a9353cdf7e4460.jpeg\",\"datePublished\":\"2018-02-27T15:00:26+00:00\",\"dateModified\":\"2018-02-27T15:00:30+00:00\",\"breadcrumb\":{\"@id\":\"https:\\\/\\\/www.eldiariodetucuman.com\\\/web\\\/bolivia-rechazo-el-pedido-de-brindar-atencion-medica-gratuita-a-los-argentinos\\\/#breadcrumb\"},\"inLanguage\":\"es\",\"potentialAction\":[{\"@type\":\"ReadAction\",\"target\":[\"https:\\\/\\\/www.eldiariodetucuman.com\\\/web\\\/bolivia-rechazo-el-pedido-de-brindar-atencion-medica-gratuita-a-los-argentinos\\\/\"]}]},{\"@type\":\"ImageObject\",\"inLanguage\":\"es\",\"@id\":\"https:\\\/\\\/www.eldiariodetucuman.com\\\/web\\\/bolivia-rechazo-el-pedido-de-brindar-atencion-medica-gratuita-a-los-argentinos\\\/#primaryimage\",\"url\":\"https:\\\/\\\/www.eldiariodetucuman.com\\\/web\\\/wp-content\\\/uploads\\\/2018\\\/02\\\/6971a2f1ca82b8db65a9353cdf7e4460.jpeg\",\"contentUrl\":\"https:\\\/\\\/www.eldiariodetucuman.com\\\/web\\\/wp-content\\\/uploads\\\/2018\\\/02\\\/6971a2f1ca82b8db65a9353cdf7e4460.jpeg\",\"width\":740,\"height\":492},{\"@type\":\"BreadcrumbList\",\"@id\":\"https:\\\/\\\/www.eldiariodetucuman.com\\\/web\\\/bolivia-rechazo-el-pedido-de-brindar-atencion-medica-gratuita-a-los-argentinos\\\/#breadcrumb\",\"itemListElement\":[{\"@type\":\"ListItem\",\"position\":1,\"name\":\"Portada\",\"item\":\"https:\\\/\\\/www.eldiariodetucuman.com\\\/web\\\/\"},{\"@type\":\"ListItem\",\"position\":2,\"name\":\"Bolivia rechaz\u00f3 el pedido de brindar atenci\u00f3n m\u00e9dica gratuita a los argentinos\"}]},{\"@type\":\"WebSite\",\"@id\":\"https:\\\/\\\/www.eldiariodetucuman.com\\\/web\\\/#website\",\"url\":\"https:\\\/\\\/www.eldiariodetucuman.com\\\/web\\\/\",\"name\":\"El Diario de Tucuman\",\"description\":\"Diario Tucuman - Informaci\u00f3n y noticias\",\"publisher\":{\"@id\":\"https:\\\/\\\/www.eldiariodetucuman.com\\\/web\\\/#organization\"},\"potentialAction\":[{\"@type\":\"SearchAction\",\"target\":{\"@type\":\"EntryPoint\",\"urlTemplate\":\"https:\\\/\\\/www.eldiariodetucuman.com\\\/web\\\/?s={search_term_string}\"},\"query-input\":{\"@type\":\"PropertyValueSpecification\",\"valueRequired\":true,\"valueName\":\"search_term_string\"}}],\"inLanguage\":\"es\"},{\"@type\":\"Organization\",\"@id\":\"https:\\\/\\\/www.eldiariodetucuman.com\\\/web\\\/#organization\",\"name\":\"El Diario de Tucuman\",\"url\":\"https:\\\/\\\/www.eldiariodetucuman.com\\\/web\\\/\",\"logo\":{\"@type\":\"ImageObject\",\"inLanguage\":\"es\",\"@id\":\"https:\\\/\\\/www.eldiariodetucuman.com\\\/web\\\/#\\\/schema\\\/logo\\\/image\\\/\",\"url\":\"http:\\\/\\\/www.eldiariodetucuman.com\\\/web\\\/wp-content\\\/uploads\\\/2017\\\/12\\\/el-diario-de-tucuman.jpg\",\"contentUrl\":\"http:\\\/\\\/www.eldiariodetucuman.com\\\/web\\\/wp-content\\\/uploads\\\/2017\\\/12\\\/el-diario-de-tucuman.jpg\",\"width\":272,\"height\":92,\"caption\":\"El Diario de Tucuman\"},\"image\":{\"@id\":\"https:\\\/\\\/www.eldiariodetucuman.com\\\/web\\\/#\\\/schema\\\/logo\\\/image\\\/\"}},{\"@type\":\"Person\",\"@id\":\"https:\\\/\\\/www.eldiariodetucuman.com\\\/web\\\/#\\\/schema\\\/person\\\/9250197d75ab5483412e19678b121caa\",\"name\":\"admin\",\"image\":{\"@type\":\"ImageObject\",\"inLanguage\":\"es\",\"@id\":\"https:\\\/\\\/secure.gravatar.com\\\/avatar\\\/c44d117c2be811212c22cb481f6b8384b6873de103fbc49e7a03cc58d7dea4ac?s=96&d=mm&r=g\",\"url\":\"https:\\\/\\\/secure.gravatar.com\\\/avatar\\\/c44d117c2be811212c22cb481f6b8384b6873de103fbc49e7a03cc58d7dea4ac?s=96&d=mm&r=g\",\"contentUrl\":\"https:\\\/\\\/secure.gravatar.com\\\/avatar\\\/c44d117c2be811212c22cb481f6b8384b6873de103fbc49e7a03cc58d7dea4ac?s=96&d=mm&r=g\",\"caption\":\"admin\"},\"url\":\"https:\\\/\\\/www.eldiariodetucuman.com\\\/web\\\/author\\\/admin\\\/\"}]}<\/script>\n<!-- \/ Yoast SEO plugin. -->","yoast_head_json":{"title":"Bolivia rechaz\u00f3 el pedido de brindar atenci\u00f3n m\u00e9dica gratuita a los argentinos - El Diario de Tucuman","robots":{"index":"index","follow":"follow","max-snippet":"max-snippet:-1","max-image-preview":"max-image-preview:large","max-video-preview":"max-video-preview:-1"},"canonical":"https:\/\/www.eldiariodetucuman.com\/web\/bolivia-rechazo-el-pedido-de-brindar-atencion-medica-gratuita-a-los-argentinos\/","og_locale":"es_ES","og_type":"article","og_title":"Bolivia rechaz\u00f3 el pedido de brindar atenci\u00f3n m\u00e9dica gratuita a los argentinos - El Diario de Tucuman","og_description":"El gobierno de Evo Morales rechaz\u00f3 un reclamo de la administraci\u00f3n de Mauricio Macri para que los argentinos que viajen o viven en Bolivia puedan atenderse en los hospitales bolivianos al igual que los vecinos lo hacen en la Argentina. La gesti\u00f3n de Macri envi\u00f3 el pedido en octubre del a\u00f1o pasado. Desde el Ministerio [&hellip;]","og_url":"https:\/\/www.eldiariodetucuman.com\/web\/bolivia-rechazo-el-pedido-de-brindar-atencion-medica-gratuita-a-los-argentinos\/","og_site_name":"El Diario de Tucuman","article_published_time":"2018-02-27T15:00:26+00:00","article_modified_time":"2018-02-27T15:00:30+00:00","og_image":[{"width":740,"height":492,"url":"https:\/\/www.eldiariodetucuman.com\/web\/wp-content\/uploads\/2018\/02\/6971a2f1ca82b8db65a9353cdf7e4460.jpeg","type":"image\/jpeg"}],"author":"admin","twitter_card":"summary_large_image","twitter_misc":{"Escrito por":"admin","Tiempo de lectura":"2 minutos"},"schema":{"@context":"https:\/\/schema.org","@graph":[{"@type":"Article","@id":"https:\/\/www.eldiariodetucuman.com\/web\/bolivia-rechazo-el-pedido-de-brindar-atencion-medica-gratuita-a-los-argentinos\/#article","isPartOf":{"@id":"https:\/\/www.eldiariodetucuman.com\/web\/bolivia-rechazo-el-pedido-de-brindar-atencion-medica-gratuita-a-los-argentinos\/"},"author":{"name":"admin","@id":"https:\/\/www.eldiariodetucuman.com\/web\/#\/schema\/person\/9250197d75ab5483412e19678b121caa"},"headline":"Bolivia rechaz\u00f3 el pedido de brindar atenci\u00f3n m\u00e9dica gratuita a los argentinos","datePublished":"2018-02-27T15:00:26+00:00","dateModified":"2018-02-27T15:00:30+00:00","mainEntityOfPage":{"@id":"https:\/\/www.eldiariodetucuman.com\/web\/bolivia-rechazo-el-pedido-de-brindar-atencion-medica-gratuita-a-los-argentinos\/"},"wordCount":369,"commentCount":0,"publisher":{"@id":"https:\/\/www.eldiariodetucuman.com\/web\/#organization"},"image":{"@id":"https:\/\/www.eldiariodetucuman.com\/web\/bolivia-rechazo-el-pedido-de-brindar-atencion-medica-gratuita-a-los-argentinos\/#primaryimage"},"thumbnailUrl":"https:\/\/www.eldiariodetucuman.com\/web\/wp-content\/uploads\/2018\/02\/6971a2f1ca82b8db65a9353cdf7e4460.jpeg","articleSection":["Portada"],"inLanguage":"es","potentialAction":[{"@type":"CommentAction","name":"Comment","target":["https:\/\/www.eldiariodetucuman.com\/web\/bolivia-rechazo-el-pedido-de-brindar-atencion-medica-gratuita-a-los-argentinos\/#respond"]}]},{"@type":"WebPage","@id":"https:\/\/www.eldiariodetucuman.com\/web\/bolivia-rechazo-el-pedido-de-brindar-atencion-medica-gratuita-a-los-argentinos\/","url":"https:\/\/www.eldiariodetucuman.com\/web\/bolivia-rechazo-el-pedido-de-brindar-atencion-medica-gratuita-a-los-argentinos\/","name":"Bolivia rechaz\u00f3 el pedido de brindar atenci\u00f3n m\u00e9dica gratuita a los argentinos - El Diario de Tucuman","isPartOf":{"@id":"https:\/\/www.eldiariodetucuman.com\/web\/#website"},"primaryImageOfPage":{"@id":"https:\/\/www.eldiariodetucuman.com\/web\/bolivia-rechazo-el-pedido-de-brindar-atencion-medica-gratuita-a-los-argentinos\/#primaryimage"},"image":{"@id":"https:\/\/www.eldiariodetucuman.com\/web\/bolivia-rechazo-el-pedido-de-brindar-atencion-medica-gratuita-a-los-argentinos\/#primaryimage"},"thumbnailUrl":"https:\/\/www.eldiariodetucuman.com\/web\/wp-content\/uploads\/2018\/02\/6971a2f1ca82b8db65a9353cdf7e4460.jpeg","datePublished":"2018-02-27T15:00:26+00:00","dateModified":"2018-02-27T15:00:30+00:00","breadcrumb":{"@id":"https:\/\/www.eldiariodetucuman.com\/web\/bolivia-rechazo-el-pedido-de-brindar-atencion-medica-gratuita-a-los-argentinos\/#breadcrumb"},"inLanguage":"es","potentialAction":[{"@type":"ReadAction","target":["https:\/\/www.eldiariodetucuman.com\/web\/bolivia-rechazo-el-pedido-de-brindar-atencion-medica-gratuita-a-los-argentinos\/"]}]},{"@type":"ImageObject","inLanguage":"es","@id":"https:\/\/www.eldiariodetucuman.com\/web\/bolivia-rechazo-el-pedido-de-brindar-atencion-medica-gratuita-a-los-argentinos\/#primaryimage","url":"https:\/\/www.eldiariodetucuman.com\/web\/wp-content\/uploads\/2018\/02\/6971a2f1ca82b8db65a9353cdf7e4460.jpeg","contentUrl":"https:\/\/www.eldiariodetucuman.com\/web\/wp-content\/uploads\/2018\/02\/6971a2f1ca82b8db65a9353cdf7e4460.jpeg","width":740,"height":492},{"@type":"BreadcrumbList","@id":"https:\/\/www.eldiariodetucuman.com\/web\/bolivia-rechazo-el-pedido-de-brindar-atencion-medica-gratuita-a-los-argentinos\/#breadcrumb","itemListElement":[{"@type":"ListItem","position":1,"name":"Portada","item":"https:\/\/www.eldiariodetucuman.com\/web\/"},{"@type":"ListItem","position":2,"name":"Bolivia rechaz\u00f3 el pedido de brindar atenci\u00f3n m\u00e9dica gratuita a los argentinos"}]},{"@type":"WebSite","@id":"https:\/\/www.eldiariodetucuman.com\/web\/#website","url":"https:\/\/www.eldiariodetucuman.com\/web\/","name":"El Diario de Tucuman","description":"Diario Tucuman - Informaci\u00f3n y noticias","publisher":{"@id":"https:\/\/www.eldiariodetucuman.com\/web\/#organization"},"potentialAction":[{"@type":"SearchAction","target":{"@type":"EntryPoint","urlTemplate":"https:\/\/www.eldiariodetucuman.com\/web\/?s={search_term_string}"},"query-input":{"@type":"PropertyValueSpecification","valueRequired":true,"valueName":"search_term_string"}}],"inLanguage":"es"},{"@type":"Organization","@id":"https:\/\/www.eldiariodetucuman.com\/web\/#organization","name":"El Diario de Tucuman","url":"https:\/\/www.eldiariodetucuman.com\/web\/","logo":{"@type":"ImageObject","inLanguage":"es","@id":"https:\/\/www.eldiariodetucuman.com\/web\/#\/schema\/logo\/image\/","url":"http:\/\/www.eldiariodetucuman.com\/web\/wp-content\/uploads\/2017\/12\/el-diario-de-tucuman.jpg","contentUrl":"http:\/\/www.eldiariodetucuman.com\/web\/wp-content\/uploads\/2017\/12\/el-diario-de-tucuman.jpg","width":272,"height":92,"caption":"El Diario de Tucuman"},"image":{"@id":"https:\/\/www.eldiariodetucuman.com\/web\/#\/schema\/logo\/image\/"}},{"@type":"Person","@id":"https:\/\/www.eldiariodetucuman.com\/web\/#\/schema\/person\/9250197d75ab5483412e19678b121caa","name":"admin","image":{"@type":"ImageObject","inLanguage":"es","@id":"https:\/\/secure.gravatar.com\/avatar\/c44d117c2be811212c22cb481f6b8384b6873de103fbc49e7a03cc58d7dea4ac?s=96&d=mm&r=g","url":"https:\/\/secure.gravatar.com\/avatar\/c44d117c2be811212c22cb481f6b8384b6873de103fbc49e7a03cc58d7dea4ac?s=96&d=mm&r=g","contentUrl":"https:\/\/secure.gravatar.com\/avatar\/c44d117c2be811212c22cb481f6b8384b6873de103fbc49e7a03cc58d7dea4ac?s=96&d=mm&r=g","caption":"admin"},"url":"https:\/\/www.eldiariodetucuman.com\/web\/author\/admin\/"}]}},"_links":{"self":[{"href":"https:\/\/www.eldiariodetucuman.com\/web\/wp-json\/wp\/v2\/posts\/5928","targetHints":{"allow":["GET"]}}],"collection":[{"href":"https:\/\/www.eldiariodetucuman.com\/web\/wp-json\/wp\/v2\/posts"}],"about":[{"href":"https:\/\/www.eldiariodetucuman.com\/web\/wp-json\/wp\/v2\/types\/post"}],"author":[{"embeddable":true,"href":"https:\/\/www.eldiariodetucuman.com\/web\/wp-json\/wp\/v2\/users\/1"}],"replies":[{"embeddable":true,"href":"https:\/\/www.eldiariodetucuman.com\/web\/wp-json\/wp\/v2\/comments?post=5928"}],"version-history":[{"count":1,"href":"https:\/\/www.eldiariodetucuman.com\/web\/wp-json\/wp\/v2\/posts\/5928\/revisions"}],"predecessor-version":[{"id":5930,"href":"https:\/\/www.eldiariodetucuman.com\/web\/wp-json\/wp\/v2\/posts\/5928\/revisions\/5930"}],"wp:featuredmedia":[{"embeddable":true,"href":"https:\/\/www.eldiariodetucuman.com\/web\/wp-json\/wp\/v2\/media\/5929"}],"wp:attachment":[{"href":"https:\/\/www.eldiariodetucuman.com\/web\/wp-json\/wp\/v2\/media?parent=5928"}],"wp:term":[{"taxonomy":"category","embeddable":true,"href":"https:\/\/www.eldiariodetucuman.com\/web\/wp-json\/wp\/v2\/categories?post=5928"},{"taxonomy":"post_tag","embeddable":true,"href":"https:\/\/www.eldiariodetucuman.com\/web\/wp-json\/wp\/v2\/tags?post=5928"}],"curies":[{"name":"wp","href":"https:\/\/api.w.org\/{rel}","templated":true}]}}