{"id":5922,"date":"2018-02-27T11:43:05","date_gmt":"2018-02-27T14:43:05","guid":{"rendered":"http:\/\/www.eldiariodetucuman.com\/web\/triaca-se-va-a-europa-con-sindicalistas\/"},"modified":"2018-02-27T11:43:06","modified_gmt":"2018-02-27T14:43:06","slug":"triaca-se-va-a-europa-con-sindicalistas","status":"publish","type":"post","link":"https:\/\/www.eldiariodetucuman.com\/web\/triaca-se-va-a-europa-con-sindicalistas\/","title":{"rendered":"Triaca se va a Europa con sindicalistas"},"content":{"rendered":"<div>\n<div readability=\"45.036154478225\">\n<p><strong><a href=\"https:\/\/www.elintransigente.com\/politica\/2018\/2\/21\/triaca-dijo-que-en-la-marcha-vio-argentinos-defendiendo-privilegios-479598.html\">Jorge Triaca<\/a><\/strong> se va esta noche de viaje a Espa\u00f1a, Alemania y Holanda junto un grupo de dirigentes sindicales. El objetivo es propiciar el intercambio de informaci\u00f3n y experiencias sobre modelos de di\u00e1logo social. Integran la comitiva los <a href=\"https:\/\/www.elintransigente.com\/politica\/2018\/2\/16\/reunion-del-moyanismo-antes-de-la-marcha-del-21-478946.html\"><strong>sindicalistas m\u00e1s cercanos al Gobierno<\/strong><\/a>, quienes no participaron de la protesta organizada por Hugo Moyano el 21 de febrero.<\/p>\n<p>En declaraciones radiales, Ram\u00f3n Ayala, secretario general Adjunto de la Uni\u00f3n de Trabajadores Rurales y Estibadores de la Rep\u00fablica Argentina, se refiri\u00f3 a las actividades que desarrollar\u00e1 la comitiva, al afirmar que la agenda prev\u00e9 \u201cun intercambio cultural por distintos pa\u00edses de Europa, una experiencia muy importante con sindicatos de otros pa\u00edses para ver su realidad y plantear la nuestra\u201d.<\/p>\n<p>Jorge Triaca saldr\u00e1 esta noche desde el aeropuerto internacional de Ezeiza, rumbo al continente europeo, junto al secretario de Trabajo de la Naci\u00f3n, Horacio Pitrau. El objetivo del viaje es intercambiar informaci\u00f3n sobre estrategias de di\u00e1logo y negociaci\u00f3n entre empresarios, gobierno y dirigentes sindicales. Las actividades que los funcionarios y dirigentes sindicales tienen programadas en Espa\u00f1a incluyen una reuni\u00f3n con la ministra de Empleo y Seguridad Social espa\u00f1ola, Mar\u00eda F\u00e1tima B\u00e1\u00f1ez Garc\u00eda.<\/p>\n<aside class=\"htmlinline \"><ins class=\"adsbygoogle\" data-ad-format=\"fluid\" data-ad-layout=\"in-article\" data-ad-client=\"ca-pub-7781556717282971\" data-ad-slot=\"9383133609\"><\/ins><br \/>\n<\/aside>\n<p>Adem\u00e1s, la delegaci\u00f3n argentina participar\u00e1 de una audiencia con integrantes del Consejo Econ\u00f3mico y Social (CES), organizaci\u00f3n aut\u00f3noma que nuclea a empresarios, dirigentes sindicales, sociales y ciudadanos y es consultada por el Gobierno espa\u00f1ol en materia socioecon\u00f3mica y laboral. Ser\u00e1 la tercera reuni\u00f3n que se desarrollar\u00e1 entre los miembros de este organismo y el Gobierno argentino durante la gesti\u00f3n macrista.<\/p>\n<p>El sector sindical de la comitiva estar\u00e1 integrado por: Karina Trivisonno (Uni\u00f3n de Personal Civil de la Naci\u00f3n); Jos\u00e9 Gonz\u00e1lez (Sindicato de Comercio); V\u00edctor Brandan (Uni\u00f3n Obrera de la Construcci\u00f3n de la Rep\u00fablica Argentina); Ram\u00f3n Ayala (Uni\u00f3n Argentina de Trabajadores Rurales y Estibadores); Luis Ram\u00f3n Hlebowicz (Pasteleros); Alberto Fantini (Industria de la Carne); Jos\u00e9 Ibarra (Conductores de Taxis); Fabi\u00e1n Oscar Hermoso (Qu\u00edmicos); Norberto Quiroga (Federaci\u00f3n Argentina de Trabajadores de Aguas Gaseosas); Julio C\u00e9sar Monastra (Sindicato Gran Buenos Aires de Trabajadores de Obras Sanitarias); Luis Pandolfi (Tintoreros) y Noem\u00ed Isabel Ruiz (Asociaci\u00f3n de Modelos Argentinas).<\/p>\n<p>\u00a0<\/p>\n<\/div>\n<\/div>\n<p>Fuente: https:\/\/www.elintransigente.com\/politica\/2018\/2\/27\/triaca-se-va-europa-con-sindicalistas-480193.html<\/p>\n","protected":false},"excerpt":{"rendered":"<p>Jorge Triaca se va esta noche de viaje a Espa\u00f1a, Alemania y Holanda junto un grupo de dirigentes sindicales. El objetivo es propiciar el intercambio de informaci\u00f3n y experiencias sobre modelos de di\u00e1logo social. Integran la comitiva los sindicalistas m\u00e1s cercanos al Gobierno, quienes no participaron de la protesta organizada por Hugo Moyano el 21 [&hellip;]<\/p>\n","protected":false},"author":1,"featured_media":5923,"comment_status":"open","ping_status":"closed","sticky":false,"template":"","format":"standard","meta":{"footnotes":""},"categories":[1],"tags":[],"class_list":{"0":"post-5922","1":"post","2":"type-post","3":"status-publish","4":"format-standard","5":"has-post-thumbnail","7":"category-portada"},"yoast_head":"<!-- This site is optimized with the Yoast SEO plugin v27.5 - https:\/\/yoast.com\/product\/yoast-seo-wordpress\/ -->\n<title>Triaca se va a Europa con sindicalistas - El Diario de Tucuman<\/title>\n<meta name=\"robots\" content=\"index, follow, max-snippet:-1, max-image-preview:large, max-video-preview:-1\" \/>\n<link rel=\"canonical\" href=\"https:\/\/www.eldiariodetucuman.com\/web\/triaca-se-va-a-europa-con-sindicalistas\/\" \/>\n<meta property=\"og:locale\" content=\"es_ES\" \/>\n<meta property=\"og:type\" content=\"article\" \/>\n<meta property=\"og:title\" content=\"Triaca se va a Europa con sindicalistas - El Diario de Tucuman\" \/>\n<meta property=\"og:description\" content=\"Jorge Triaca se va esta noche de viaje a Espa\u00f1a, Alemania y Holanda junto un grupo de dirigentes sindicales. El objetivo es propiciar el intercambio de informaci\u00f3n y experiencias sobre modelos de di\u00e1logo social. Integran la comitiva los sindicalistas m\u00e1s cercanos al Gobierno, quienes no participaron de la protesta organizada por Hugo Moyano el 21 [&hellip;]\" \/>\n<meta property=\"og:url\" content=\"https:\/\/www.eldiariodetucuman.com\/web\/triaca-se-va-a-europa-con-sindicalistas\/\" \/>\n<meta property=\"og:site_name\" content=\"El Diario de Tucuman\" \/>\n<meta property=\"article:published_time\" content=\"2018-02-27T14:43:05+00:00\" \/>\n<meta property=\"article:modified_time\" content=\"2018-02-27T14:43:06+00:00\" \/>\n<meta property=\"og:image\" content=\"https:\/\/www.eldiariodetucuman.com\/web\/wp-content\/uploads\/2018\/02\/96106d3ba4d702c7d84be4cb82186984.jpeg\" \/>\n\t<meta property=\"og:image:width\" content=\"960\" \/>\n\t<meta property=\"og:image:height\" content=\"537\" \/>\n\t<meta property=\"og:image:type\" content=\"image\/jpeg\" \/>\n<meta name=\"author\" content=\"admin\" \/>\n<meta name=\"twitter:card\" content=\"summary_large_image\" \/>\n<meta name=\"twitter:label1\" content=\"Escrito por\" \/>\n\t<meta name=\"twitter:data1\" content=\"admin\" \/>\n\t<meta name=\"twitter:label2\" content=\"Tiempo de lectura\" \/>\n\t<meta name=\"twitter:data2\" content=\"2 minutos\" \/>\n<script type=\"application\/ld+json\" class=\"yoast-schema-graph\">{\"@context\":\"https:\\\/\\\/schema.org\",\"@graph\":[{\"@type\":\"Article\",\"@id\":\"https:\\\/\\\/www.eldiariodetucuman.com\\\/web\\\/triaca-se-va-a-europa-con-sindicalistas\\\/#article\",\"isPartOf\":{\"@id\":\"https:\\\/\\\/www.eldiariodetucuman.com\\\/web\\\/triaca-se-va-a-europa-con-sindicalistas\\\/\"},\"author\":{\"name\":\"admin\",\"@id\":\"https:\\\/\\\/www.eldiariodetucuman.com\\\/web\\\/#\\\/schema\\\/person\\\/9250197d75ab5483412e19678b121caa\"},\"headline\":\"Triaca se va a Europa con sindicalistas\",\"datePublished\":\"2018-02-27T14:43:05+00:00\",\"dateModified\":\"2018-02-27T14:43:06+00:00\",\"mainEntityOfPage\":{\"@id\":\"https:\\\/\\\/www.eldiariodetucuman.com\\\/web\\\/triaca-se-va-a-europa-con-sindicalistas\\\/\"},\"wordCount\":401,\"commentCount\":0,\"publisher\":{\"@id\":\"https:\\\/\\\/www.eldiariodetucuman.com\\\/web\\\/#organization\"},\"image\":{\"@id\":\"https:\\\/\\\/www.eldiariodetucuman.com\\\/web\\\/triaca-se-va-a-europa-con-sindicalistas\\\/#primaryimage\"},\"thumbnailUrl\":\"https:\\\/\\\/www.eldiariodetucuman.com\\\/web\\\/wp-content\\\/uploads\\\/2018\\\/02\\\/96106d3ba4d702c7d84be4cb82186984.jpeg\",\"articleSection\":[\"Portada\"],\"inLanguage\":\"es\",\"potentialAction\":[{\"@type\":\"CommentAction\",\"name\":\"Comment\",\"target\":[\"https:\\\/\\\/www.eldiariodetucuman.com\\\/web\\\/triaca-se-va-a-europa-con-sindicalistas\\\/#respond\"]}]},{\"@type\":\"WebPage\",\"@id\":\"https:\\\/\\\/www.eldiariodetucuman.com\\\/web\\\/triaca-se-va-a-europa-con-sindicalistas\\\/\",\"url\":\"https:\\\/\\\/www.eldiariodetucuman.com\\\/web\\\/triaca-se-va-a-europa-con-sindicalistas\\\/\",\"name\":\"Triaca se va a Europa con sindicalistas - El Diario de Tucuman\",\"isPartOf\":{\"@id\":\"https:\\\/\\\/www.eldiariodetucuman.com\\\/web\\\/#website\"},\"primaryImageOfPage\":{\"@id\":\"https:\\\/\\\/www.eldiariodetucuman.com\\\/web\\\/triaca-se-va-a-europa-con-sindicalistas\\\/#primaryimage\"},\"image\":{\"@id\":\"https:\\\/\\\/www.eldiariodetucuman.com\\\/web\\\/triaca-se-va-a-europa-con-sindicalistas\\\/#primaryimage\"},\"thumbnailUrl\":\"https:\\\/\\\/www.eldiariodetucuman.com\\\/web\\\/wp-content\\\/uploads\\\/2018\\\/02\\\/96106d3ba4d702c7d84be4cb82186984.jpeg\",\"datePublished\":\"2018-02-27T14:43:05+00:00\",\"dateModified\":\"2018-02-27T14:43:06+00:00\",\"breadcrumb\":{\"@id\":\"https:\\\/\\\/www.eldiariodetucuman.com\\\/web\\\/triaca-se-va-a-europa-con-sindicalistas\\\/#breadcrumb\"},\"inLanguage\":\"es\",\"potentialAction\":[{\"@type\":\"ReadAction\",\"target\":[\"https:\\\/\\\/www.eldiariodetucuman.com\\\/web\\\/triaca-se-va-a-europa-con-sindicalistas\\\/\"]}]},{\"@type\":\"ImageObject\",\"inLanguage\":\"es\",\"@id\":\"https:\\\/\\\/www.eldiariodetucuman.com\\\/web\\\/triaca-se-va-a-europa-con-sindicalistas\\\/#primaryimage\",\"url\":\"https:\\\/\\\/www.eldiariodetucuman.com\\\/web\\\/wp-content\\\/uploads\\\/2018\\\/02\\\/96106d3ba4d702c7d84be4cb82186984.jpeg\",\"contentUrl\":\"https:\\\/\\\/www.eldiariodetucuman.com\\\/web\\\/wp-content\\\/uploads\\\/2018\\\/02\\\/96106d3ba4d702c7d84be4cb82186984.jpeg\",\"width\":960,\"height\":537},{\"@type\":\"BreadcrumbList\",\"@id\":\"https:\\\/\\\/www.eldiariodetucuman.com\\\/web\\\/triaca-se-va-a-europa-con-sindicalistas\\\/#breadcrumb\",\"itemListElement\":[{\"@type\":\"ListItem\",\"position\":1,\"name\":\"Portada\",\"item\":\"https:\\\/\\\/www.eldiariodetucuman.com\\\/web\\\/\"},{\"@type\":\"ListItem\",\"position\":2,\"name\":\"Triaca se va a Europa con sindicalistas\"}]},{\"@type\":\"WebSite\",\"@id\":\"https:\\\/\\\/www.eldiariodetucuman.com\\\/web\\\/#website\",\"url\":\"https:\\\/\\\/www.eldiariodetucuman.com\\\/web\\\/\",\"name\":\"El Diario de Tucuman\",\"description\":\"Diario Tucuman - Informaci\u00f3n y noticias\",\"publisher\":{\"@id\":\"https:\\\/\\\/www.eldiariodetucuman.com\\\/web\\\/#organization\"},\"potentialAction\":[{\"@type\":\"SearchAction\",\"target\":{\"@type\":\"EntryPoint\",\"urlTemplate\":\"https:\\\/\\\/www.eldiariodetucuman.com\\\/web\\\/?s={search_term_string}\"},\"query-input\":{\"@type\":\"PropertyValueSpecification\",\"valueRequired\":true,\"valueName\":\"search_term_string\"}}],\"inLanguage\":\"es\"},{\"@type\":\"Organization\",\"@id\":\"https:\\\/\\\/www.eldiariodetucuman.com\\\/web\\\/#organization\",\"name\":\"El Diario de Tucuman\",\"url\":\"https:\\\/\\\/www.eldiariodetucuman.com\\\/web\\\/\",\"logo\":{\"@type\":\"ImageObject\",\"inLanguage\":\"es\",\"@id\":\"https:\\\/\\\/www.eldiariodetucuman.com\\\/web\\\/#\\\/schema\\\/logo\\\/image\\\/\",\"url\":\"http:\\\/\\\/www.eldiariodetucuman.com\\\/web\\\/wp-content\\\/uploads\\\/2017\\\/12\\\/el-diario-de-tucuman.jpg\",\"contentUrl\":\"http:\\\/\\\/www.eldiariodetucuman.com\\\/web\\\/wp-content\\\/uploads\\\/2017\\\/12\\\/el-diario-de-tucuman.jpg\",\"width\":272,\"height\":92,\"caption\":\"El Diario de Tucuman\"},\"image\":{\"@id\":\"https:\\\/\\\/www.eldiariodetucuman.com\\\/web\\\/#\\\/schema\\\/logo\\\/image\\\/\"}},{\"@type\":\"Person\",\"@id\":\"https:\\\/\\\/www.eldiariodetucuman.com\\\/web\\\/#\\\/schema\\\/person\\\/9250197d75ab5483412e19678b121caa\",\"name\":\"admin\",\"image\":{\"@type\":\"ImageObject\",\"inLanguage\":\"es\",\"@id\":\"https:\\\/\\\/secure.gravatar.com\\\/avatar\\\/c44d117c2be811212c22cb481f6b8384b6873de103fbc49e7a03cc58d7dea4ac?s=96&d=mm&r=g\",\"url\":\"https:\\\/\\\/secure.gravatar.com\\\/avatar\\\/c44d117c2be811212c22cb481f6b8384b6873de103fbc49e7a03cc58d7dea4ac?s=96&d=mm&r=g\",\"contentUrl\":\"https:\\\/\\\/secure.gravatar.com\\\/avatar\\\/c44d117c2be811212c22cb481f6b8384b6873de103fbc49e7a03cc58d7dea4ac?s=96&d=mm&r=g\",\"caption\":\"admin\"},\"url\":\"https:\\\/\\\/www.eldiariodetucuman.com\\\/web\\\/author\\\/admin\\\/\"}]}<\/script>\n<!-- \/ Yoast SEO plugin. -->","yoast_head_json":{"title":"Triaca se va a Europa con sindicalistas - El Diario de Tucuman","robots":{"index":"index","follow":"follow","max-snippet":"max-snippet:-1","max-image-preview":"max-image-preview:large","max-video-preview":"max-video-preview:-1"},"canonical":"https:\/\/www.eldiariodetucuman.com\/web\/triaca-se-va-a-europa-con-sindicalistas\/","og_locale":"es_ES","og_type":"article","og_title":"Triaca se va a Europa con sindicalistas - El Diario de Tucuman","og_description":"Jorge Triaca se va esta noche de viaje a Espa\u00f1a, Alemania y Holanda junto un grupo de dirigentes sindicales. El objetivo es propiciar el intercambio de informaci\u00f3n y experiencias sobre modelos de di\u00e1logo social. Integran la comitiva los sindicalistas m\u00e1s cercanos al Gobierno, quienes no participaron de la protesta organizada por Hugo Moyano el 21 [&hellip;]","og_url":"https:\/\/www.eldiariodetucuman.com\/web\/triaca-se-va-a-europa-con-sindicalistas\/","og_site_name":"El Diario de Tucuman","article_published_time":"2018-02-27T14:43:05+00:00","article_modified_time":"2018-02-27T14:43:06+00:00","og_image":[{"width":960,"height":537,"url":"https:\/\/www.eldiariodetucuman.com\/web\/wp-content\/uploads\/2018\/02\/96106d3ba4d702c7d84be4cb82186984.jpeg","type":"image\/jpeg"}],"author":"admin","twitter_card":"summary_large_image","twitter_misc":{"Escrito por":"admin","Tiempo de lectura":"2 minutos"},"schema":{"@context":"https:\/\/schema.org","@graph":[{"@type":"Article","@id":"https:\/\/www.eldiariodetucuman.com\/web\/triaca-se-va-a-europa-con-sindicalistas\/#article","isPartOf":{"@id":"https:\/\/www.eldiariodetucuman.com\/web\/triaca-se-va-a-europa-con-sindicalistas\/"},"author":{"name":"admin","@id":"https:\/\/www.eldiariodetucuman.com\/web\/#\/schema\/person\/9250197d75ab5483412e19678b121caa"},"headline":"Triaca se va a Europa con sindicalistas","datePublished":"2018-02-27T14:43:05+00:00","dateModified":"2018-02-27T14:43:06+00:00","mainEntityOfPage":{"@id":"https:\/\/www.eldiariodetucuman.com\/web\/triaca-se-va-a-europa-con-sindicalistas\/"},"wordCount":401,"commentCount":0,"publisher":{"@id":"https:\/\/www.eldiariodetucuman.com\/web\/#organization"},"image":{"@id":"https:\/\/www.eldiariodetucuman.com\/web\/triaca-se-va-a-europa-con-sindicalistas\/#primaryimage"},"thumbnailUrl":"https:\/\/www.eldiariodetucuman.com\/web\/wp-content\/uploads\/2018\/02\/96106d3ba4d702c7d84be4cb82186984.jpeg","articleSection":["Portada"],"inLanguage":"es","potentialAction":[{"@type":"CommentAction","name":"Comment","target":["https:\/\/www.eldiariodetucuman.com\/web\/triaca-se-va-a-europa-con-sindicalistas\/#respond"]}]},{"@type":"WebPage","@id":"https:\/\/www.eldiariodetucuman.com\/web\/triaca-se-va-a-europa-con-sindicalistas\/","url":"https:\/\/www.eldiariodetucuman.com\/web\/triaca-se-va-a-europa-con-sindicalistas\/","name":"Triaca se va a Europa con sindicalistas - El Diario de Tucuman","isPartOf":{"@id":"https:\/\/www.eldiariodetucuman.com\/web\/#website"},"primaryImageOfPage":{"@id":"https:\/\/www.eldiariodetucuman.com\/web\/triaca-se-va-a-europa-con-sindicalistas\/#primaryimage"},"image":{"@id":"https:\/\/www.eldiariodetucuman.com\/web\/triaca-se-va-a-europa-con-sindicalistas\/#primaryimage"},"thumbnailUrl":"https:\/\/www.eldiariodetucuman.com\/web\/wp-content\/uploads\/2018\/02\/96106d3ba4d702c7d84be4cb82186984.jpeg","datePublished":"2018-02-27T14:43:05+00:00","dateModified":"2018-02-27T14:43:06+00:00","breadcrumb":{"@id":"https:\/\/www.eldiariodetucuman.com\/web\/triaca-se-va-a-europa-con-sindicalistas\/#breadcrumb"},"inLanguage":"es","potentialAction":[{"@type":"ReadAction","target":["https:\/\/www.eldiariodetucuman.com\/web\/triaca-se-va-a-europa-con-sindicalistas\/"]}]},{"@type":"ImageObject","inLanguage":"es","@id":"https:\/\/www.eldiariodetucuman.com\/web\/triaca-se-va-a-europa-con-sindicalistas\/#primaryimage","url":"https:\/\/www.eldiariodetucuman.com\/web\/wp-content\/uploads\/2018\/02\/96106d3ba4d702c7d84be4cb82186984.jpeg","contentUrl":"https:\/\/www.eldiariodetucuman.com\/web\/wp-content\/uploads\/2018\/02\/96106d3ba4d702c7d84be4cb82186984.jpeg","width":960,"height":537},{"@type":"BreadcrumbList","@id":"https:\/\/www.eldiariodetucuman.com\/web\/triaca-se-va-a-europa-con-sindicalistas\/#breadcrumb","itemListElement":[{"@type":"ListItem","position":1,"name":"Portada","item":"https:\/\/www.eldiariodetucuman.com\/web\/"},{"@type":"ListItem","position":2,"name":"Triaca se va a Europa con sindicalistas"}]},{"@type":"WebSite","@id":"https:\/\/www.eldiariodetucuman.com\/web\/#website","url":"https:\/\/www.eldiariodetucuman.com\/web\/","name":"El Diario de Tucuman","description":"Diario Tucuman - Informaci\u00f3n y noticias","publisher":{"@id":"https:\/\/www.eldiariodetucuman.com\/web\/#organization"},"potentialAction":[{"@type":"SearchAction","target":{"@type":"EntryPoint","urlTemplate":"https:\/\/www.eldiariodetucuman.com\/web\/?s={search_term_string}"},"query-input":{"@type":"PropertyValueSpecification","valueRequired":true,"valueName":"search_term_string"}}],"inLanguage":"es"},{"@type":"Organization","@id":"https:\/\/www.eldiariodetucuman.com\/web\/#organization","name":"El Diario de Tucuman","url":"https:\/\/www.eldiariodetucuman.com\/web\/","logo":{"@type":"ImageObject","inLanguage":"es","@id":"https:\/\/www.eldiariodetucuman.com\/web\/#\/schema\/logo\/image\/","url":"http:\/\/www.eldiariodetucuman.com\/web\/wp-content\/uploads\/2017\/12\/el-diario-de-tucuman.jpg","contentUrl":"http:\/\/www.eldiariodetucuman.com\/web\/wp-content\/uploads\/2017\/12\/el-diario-de-tucuman.jpg","width":272,"height":92,"caption":"El Diario de Tucuman"},"image":{"@id":"https:\/\/www.eldiariodetucuman.com\/web\/#\/schema\/logo\/image\/"}},{"@type":"Person","@id":"https:\/\/www.eldiariodetucuman.com\/web\/#\/schema\/person\/9250197d75ab5483412e19678b121caa","name":"admin","image":{"@type":"ImageObject","inLanguage":"es","@id":"https:\/\/secure.gravatar.com\/avatar\/c44d117c2be811212c22cb481f6b8384b6873de103fbc49e7a03cc58d7dea4ac?s=96&d=mm&r=g","url":"https:\/\/secure.gravatar.com\/avatar\/c44d117c2be811212c22cb481f6b8384b6873de103fbc49e7a03cc58d7dea4ac?s=96&d=mm&r=g","contentUrl":"https:\/\/secure.gravatar.com\/avatar\/c44d117c2be811212c22cb481f6b8384b6873de103fbc49e7a03cc58d7dea4ac?s=96&d=mm&r=g","caption":"admin"},"url":"https:\/\/www.eldiariodetucuman.com\/web\/author\/admin\/"}]}},"_links":{"self":[{"href":"https:\/\/www.eldiariodetucuman.com\/web\/wp-json\/wp\/v2\/posts\/5922","targetHints":{"allow":["GET"]}}],"collection":[{"href":"https:\/\/www.eldiariodetucuman.com\/web\/wp-json\/wp\/v2\/posts"}],"about":[{"href":"https:\/\/www.eldiariodetucuman.com\/web\/wp-json\/wp\/v2\/types\/post"}],"author":[{"embeddable":true,"href":"https:\/\/www.eldiariodetucuman.com\/web\/wp-json\/wp\/v2\/users\/1"}],"replies":[{"embeddable":true,"href":"https:\/\/www.eldiariodetucuman.com\/web\/wp-json\/wp\/v2\/comments?post=5922"}],"version-history":[{"count":1,"href":"https:\/\/www.eldiariodetucuman.com\/web\/wp-json\/wp\/v2\/posts\/5922\/revisions"}],"predecessor-version":[{"id":5924,"href":"https:\/\/www.eldiariodetucuman.com\/web\/wp-json\/wp\/v2\/posts\/5922\/revisions\/5924"}],"wp:featuredmedia":[{"embeddable":true,"href":"https:\/\/www.eldiariodetucuman.com\/web\/wp-json\/wp\/v2\/media\/5923"}],"wp:attachment":[{"href":"https:\/\/www.eldiariodetucuman.com\/web\/wp-json\/wp\/v2\/media?parent=5922"}],"wp:term":[{"taxonomy":"category","embeddable":true,"href":"https:\/\/www.eldiariodetucuman.com\/web\/wp-json\/wp\/v2\/categories?post=5922"},{"taxonomy":"post_tag","embeddable":true,"href":"https:\/\/www.eldiariodetucuman.com\/web\/wp-json\/wp\/v2\/tags?post=5922"}],"curies":[{"name":"wp","href":"https:\/\/api.w.org\/{rel}","templated":true}]}}