{"id":5919,"date":"2018-02-27T11:42:56","date_gmt":"2018-02-27T14:42:56","guid":{"rendered":"http:\/\/www.eldiariodetucuman.com\/web\/un-espaldarazo-a-caputo-no-dudo-de-su-integridad\/"},"modified":"2018-02-27T11:42:59","modified_gmt":"2018-02-27T14:42:59","slug":"un-espaldarazo-a-caputo-no-dudo-de-su-integridad","status":"publish","type":"post","link":"https:\/\/www.eldiariodetucuman.com\/web\/un-espaldarazo-a-caputo-no-dudo-de-su-integridad\/","title":{"rendered":"Un espaldarazo a Caputo: \u201cNo dudo de su integridad\u201d"},"content":{"rendered":"<div>\n<div readability=\"68.433523475208\">\n<p>Marcos Pe\u00f1a fue el hombre de Cambiemos designado para salir a respaldar al ministro de Finanzas, <a href=\"https:\/\/www.elintransigente.com\/noticias\/buscar\/?buscar=luis+caputo\">Luis Caputo<\/a>, a quien se se\u00f1ala por haber ocultado una cuenta off shore, que manejaba 250 millones de d\u00f3lares.\u00a0<\/p>\n<p>En ese sentido, el <a href=\"https:\/\/www.elintransigente.com\/noticias\/buscar\/?buscar=marcos+pe%C3%B1a\">jefe de Gabinete<\/a> brind\u00f3 anoche una entrevista televisiva y al ser consultado por Caputo y el esc\u00e1ndalo de los fondos en para\u00edsos fiscales, no dud\u00f3 en respaldar al titular de la cartera financiera.\u00a0<\/p>\n<p>\u201c<strong>Lo recontra banco<\/strong>. Si lo banco, es por algo. Lo conozco. Somos todos ciudadanos ante la ley, pero <strong>no tengo dudas de su integridad y de su capacidad<\/strong>. Es un orgullo para este pa\u00eds que Toto Caputo sea ministro. Es de las 10 o 15 personas m\u00e1s talentosas en las finanzas en todo el mundo. Jugaba la Champions League, no jugaba en la B, eh. Y <strong>dej\u00f3 todo para venir a jug\u00e1rsela por su pa\u00eds<\/strong>\u201d, afirm\u00f3, enf\u00e1tico, el jefe de ministros.\u00a0<\/p>\n<p>Y agreg\u00f3: \u201cLe discuten algo previo a su paso por la funci\u00f3n p\u00fablica, en donde \u00e9l tiene la plena convicci\u00f3n, como tambi\u00e9n la tenemos nosotros, de que sus papeles est\u00e1n bien declarados. <strong>Hemos tenido ministros que no pod\u00edan sumar dos m\u00e1s dos<\/strong>\u201d, se escud\u00f3 Pe\u00f1a.\u00a0<\/p>\n<p>Adem\u00e1s, la renuncia de <a href=\"https:\/\/www.elintransigente.com\/politica\/2018\/2\/19\/renuncio-el-funcionario-acusado-de-ocultar-una-cuenta-en-andorra-479322.html\">Valent\u00edn D\u00edaz Gilligan<\/a>, el funcionario que tambi\u00e9n habr\u00eda ocultado una cuenta de 1,2 millones de d\u00f3lares en Andorra, tambi\u00e9n fue un duro golpe para la gesti\u00f3n macrista que, una vez m\u00e1s, se ve envuelta en un conflicto de intereses.\u00a0<\/p>\n<p>\u201c<strong>No nos anticipemos con Valent\u00edn<\/strong>. Ahora sale una nota period\u00edstica, se hace un juicio sumario y se sentencia en menos de 48 horas. Tambi\u00e9n es una discusi\u00f3n sobre su pasado\u201d, defendi\u00f3 Pe\u00f1a, quebrando una lanza tambi\u00e9n por el ex subsecretario general de la Presidencia.\u00a0<\/p>\n<p>Durante la entrevista, Pe\u00f1a no evit\u00f3 referirse al l\u00edder del sindicato de Camioneros, <strong>Hugo Moyano<\/strong> de quien consider\u00f3 que \u201c<strong>le cuesta darse cuenta que el pa\u00eds cambi\u00f3<\/strong>\u201d.\u00a0<\/p>\n<p>\u201c<strong>La gente se hart\u00f3 de la mafia <\/strong>y de la prepotencia, y quiere laburar hacia delante. A \u00e9l le cuesta darse cuenta que el pa\u00eds cambi\u00f3. \u00c9l puede juntar gente, pero si lo llama la Justicia tendr\u00e1 que ir y presentarse, como lo hizo alguna vez el presidente. Si no cambiamos eso, no hay futuro. Nadie debe sentirse por encima del pa\u00eds\u201d, sentenci\u00f3 uno de los hombres fuertes de la gesti\u00f3n de Mauricio Macri.\u00a0<br \/>\n\u00a0<\/p>\n<\/div>\n<\/div>\n<p>Fuente: https:\/\/www.elintransigente.com\/politica\/2018\/2\/27\/un-espaldarazo-caputo-no-dudo-de-su-integridad-480194.html<\/p>\n","protected":false},"excerpt":{"rendered":"<p>Marcos Pe\u00f1a fue el hombre de Cambiemos designado para salir a respaldar al ministro de Finanzas, Luis Caputo, a quien se se\u00f1ala por haber ocultado una cuenta off shore, que manejaba 250 millones de d\u00f3lares.\u00a0 En ese sentido, el jefe de Gabinete brind\u00f3 anoche una entrevista televisiva y al ser consultado por Caputo y el [&hellip;]<\/p>\n","protected":false},"author":1,"featured_media":5920,"comment_status":"open","ping_status":"closed","sticky":false,"template":"","format":"standard","meta":{"footnotes":""},"categories":[1],"tags":[],"class_list":{"0":"post-5919","1":"post","2":"type-post","3":"status-publish","4":"format-standard","5":"has-post-thumbnail","7":"category-portada"},"yoast_head":"<!-- This site is optimized with the Yoast SEO plugin v27.5 - https:\/\/yoast.com\/product\/yoast-seo-wordpress\/ -->\n<title>Un espaldarazo a Caputo: \u201cNo dudo de su integridad\u201d - El Diario de Tucuman<\/title>\n<meta name=\"robots\" content=\"index, follow, max-snippet:-1, max-image-preview:large, max-video-preview:-1\" \/>\n<link rel=\"canonical\" href=\"https:\/\/www.eldiariodetucuman.com\/web\/un-espaldarazo-a-caputo-no-dudo-de-su-integridad\/\" \/>\n<meta property=\"og:locale\" content=\"es_ES\" \/>\n<meta property=\"og:type\" content=\"article\" \/>\n<meta property=\"og:title\" content=\"Un espaldarazo a Caputo: \u201cNo dudo de su integridad\u201d - El Diario de Tucuman\" \/>\n<meta property=\"og:description\" content=\"Marcos Pe\u00f1a fue el hombre de Cambiemos designado para salir a respaldar al ministro de Finanzas, Luis Caputo, a quien se se\u00f1ala por haber ocultado una cuenta off shore, que manejaba 250 millones de d\u00f3lares.\u00a0 En ese sentido, el jefe de Gabinete brind\u00f3 anoche una entrevista televisiva y al ser consultado por Caputo y el [&hellip;]\" \/>\n<meta property=\"og:url\" content=\"https:\/\/www.eldiariodetucuman.com\/web\/un-espaldarazo-a-caputo-no-dudo-de-su-integridad\/\" \/>\n<meta property=\"og:site_name\" content=\"El Diario de Tucuman\" \/>\n<meta property=\"article:published_time\" content=\"2018-02-27T14:42:56+00:00\" \/>\n<meta property=\"article:modified_time\" content=\"2018-02-27T14:42:59+00:00\" \/>\n<meta property=\"og:image\" content=\"https:\/\/www.eldiariodetucuman.com\/web\/wp-content\/uploads\/2018\/02\/4cd79dd28ab3702e2f0bf8aa922b23e3.jpeg\" \/>\n\t<meta property=\"og:image:width\" content=\"960\" \/>\n\t<meta property=\"og:image:height\" content=\"508\" \/>\n\t<meta property=\"og:image:type\" content=\"image\/jpeg\" \/>\n<meta name=\"author\" content=\"admin\" \/>\n<meta name=\"twitter:card\" content=\"summary_large_image\" \/>\n<meta name=\"twitter:label1\" content=\"Escrito por\" \/>\n\t<meta name=\"twitter:data1\" content=\"admin\" \/>\n\t<meta name=\"twitter:label2\" content=\"Tiempo de lectura\" \/>\n\t<meta name=\"twitter:data2\" content=\"2 minutos\" \/>\n<script type=\"application\/ld+json\" class=\"yoast-schema-graph\">{\"@context\":\"https:\\\/\\\/schema.org\",\"@graph\":[{\"@type\":\"Article\",\"@id\":\"https:\\\/\\\/www.eldiariodetucuman.com\\\/web\\\/un-espaldarazo-a-caputo-no-dudo-de-su-integridad\\\/#article\",\"isPartOf\":{\"@id\":\"https:\\\/\\\/www.eldiariodetucuman.com\\\/web\\\/un-espaldarazo-a-caputo-no-dudo-de-su-integridad\\\/\"},\"author\":{\"name\":\"admin\",\"@id\":\"https:\\\/\\\/www.eldiariodetucuman.com\\\/web\\\/#\\\/schema\\\/person\\\/9250197d75ab5483412e19678b121caa\"},\"headline\":\"Un espaldarazo a Caputo: \u201cNo dudo de su integridad\u201d\",\"datePublished\":\"2018-02-27T14:42:56+00:00\",\"dateModified\":\"2018-02-27T14:42:59+00:00\",\"mainEntityOfPage\":{\"@id\":\"https:\\\/\\\/www.eldiariodetucuman.com\\\/web\\\/un-espaldarazo-a-caputo-no-dudo-de-su-integridad\\\/\"},\"wordCount\":437,\"commentCount\":0,\"publisher\":{\"@id\":\"https:\\\/\\\/www.eldiariodetucuman.com\\\/web\\\/#organization\"},\"image\":{\"@id\":\"https:\\\/\\\/www.eldiariodetucuman.com\\\/web\\\/un-espaldarazo-a-caputo-no-dudo-de-su-integridad\\\/#primaryimage\"},\"thumbnailUrl\":\"https:\\\/\\\/www.eldiariodetucuman.com\\\/web\\\/wp-content\\\/uploads\\\/2018\\\/02\\\/4cd79dd28ab3702e2f0bf8aa922b23e3.jpeg\",\"articleSection\":[\"Portada\"],\"inLanguage\":\"es\",\"potentialAction\":[{\"@type\":\"CommentAction\",\"name\":\"Comment\",\"target\":[\"https:\\\/\\\/www.eldiariodetucuman.com\\\/web\\\/un-espaldarazo-a-caputo-no-dudo-de-su-integridad\\\/#respond\"]}]},{\"@type\":\"WebPage\",\"@id\":\"https:\\\/\\\/www.eldiariodetucuman.com\\\/web\\\/un-espaldarazo-a-caputo-no-dudo-de-su-integridad\\\/\",\"url\":\"https:\\\/\\\/www.eldiariodetucuman.com\\\/web\\\/un-espaldarazo-a-caputo-no-dudo-de-su-integridad\\\/\",\"name\":\"Un espaldarazo a Caputo: \u201cNo dudo de su integridad\u201d - El Diario de Tucuman\",\"isPartOf\":{\"@id\":\"https:\\\/\\\/www.eldiariodetucuman.com\\\/web\\\/#website\"},\"primaryImageOfPage\":{\"@id\":\"https:\\\/\\\/www.eldiariodetucuman.com\\\/web\\\/un-espaldarazo-a-caputo-no-dudo-de-su-integridad\\\/#primaryimage\"},\"image\":{\"@id\":\"https:\\\/\\\/www.eldiariodetucuman.com\\\/web\\\/un-espaldarazo-a-caputo-no-dudo-de-su-integridad\\\/#primaryimage\"},\"thumbnailUrl\":\"https:\\\/\\\/www.eldiariodetucuman.com\\\/web\\\/wp-content\\\/uploads\\\/2018\\\/02\\\/4cd79dd28ab3702e2f0bf8aa922b23e3.jpeg\",\"datePublished\":\"2018-02-27T14:42:56+00:00\",\"dateModified\":\"2018-02-27T14:42:59+00:00\",\"breadcrumb\":{\"@id\":\"https:\\\/\\\/www.eldiariodetucuman.com\\\/web\\\/un-espaldarazo-a-caputo-no-dudo-de-su-integridad\\\/#breadcrumb\"},\"inLanguage\":\"es\",\"potentialAction\":[{\"@type\":\"ReadAction\",\"target\":[\"https:\\\/\\\/www.eldiariodetucuman.com\\\/web\\\/un-espaldarazo-a-caputo-no-dudo-de-su-integridad\\\/\"]}]},{\"@type\":\"ImageObject\",\"inLanguage\":\"es\",\"@id\":\"https:\\\/\\\/www.eldiariodetucuman.com\\\/web\\\/un-espaldarazo-a-caputo-no-dudo-de-su-integridad\\\/#primaryimage\",\"url\":\"https:\\\/\\\/www.eldiariodetucuman.com\\\/web\\\/wp-content\\\/uploads\\\/2018\\\/02\\\/4cd79dd28ab3702e2f0bf8aa922b23e3.jpeg\",\"contentUrl\":\"https:\\\/\\\/www.eldiariodetucuman.com\\\/web\\\/wp-content\\\/uploads\\\/2018\\\/02\\\/4cd79dd28ab3702e2f0bf8aa922b23e3.jpeg\",\"width\":960,\"height\":508},{\"@type\":\"BreadcrumbList\",\"@id\":\"https:\\\/\\\/www.eldiariodetucuman.com\\\/web\\\/un-espaldarazo-a-caputo-no-dudo-de-su-integridad\\\/#breadcrumb\",\"itemListElement\":[{\"@type\":\"ListItem\",\"position\":1,\"name\":\"Portada\",\"item\":\"https:\\\/\\\/www.eldiariodetucuman.com\\\/web\\\/\"},{\"@type\":\"ListItem\",\"position\":2,\"name\":\"Un espaldarazo a Caputo: \u201cNo dudo de su integridad\u201d\"}]},{\"@type\":\"WebSite\",\"@id\":\"https:\\\/\\\/www.eldiariodetucuman.com\\\/web\\\/#website\",\"url\":\"https:\\\/\\\/www.eldiariodetucuman.com\\\/web\\\/\",\"name\":\"El Diario de Tucuman\",\"description\":\"Diario Tucuman - Informaci\u00f3n y noticias\",\"publisher\":{\"@id\":\"https:\\\/\\\/www.eldiariodetucuman.com\\\/web\\\/#organization\"},\"potentialAction\":[{\"@type\":\"SearchAction\",\"target\":{\"@type\":\"EntryPoint\",\"urlTemplate\":\"https:\\\/\\\/www.eldiariodetucuman.com\\\/web\\\/?s={search_term_string}\"},\"query-input\":{\"@type\":\"PropertyValueSpecification\",\"valueRequired\":true,\"valueName\":\"search_term_string\"}}],\"inLanguage\":\"es\"},{\"@type\":\"Organization\",\"@id\":\"https:\\\/\\\/www.eldiariodetucuman.com\\\/web\\\/#organization\",\"name\":\"El Diario de Tucuman\",\"url\":\"https:\\\/\\\/www.eldiariodetucuman.com\\\/web\\\/\",\"logo\":{\"@type\":\"ImageObject\",\"inLanguage\":\"es\",\"@id\":\"https:\\\/\\\/www.eldiariodetucuman.com\\\/web\\\/#\\\/schema\\\/logo\\\/image\\\/\",\"url\":\"http:\\\/\\\/www.eldiariodetucuman.com\\\/web\\\/wp-content\\\/uploads\\\/2017\\\/12\\\/el-diario-de-tucuman.jpg\",\"contentUrl\":\"http:\\\/\\\/www.eldiariodetucuman.com\\\/web\\\/wp-content\\\/uploads\\\/2017\\\/12\\\/el-diario-de-tucuman.jpg\",\"width\":272,\"height\":92,\"caption\":\"El Diario de Tucuman\"},\"image\":{\"@id\":\"https:\\\/\\\/www.eldiariodetucuman.com\\\/web\\\/#\\\/schema\\\/logo\\\/image\\\/\"}},{\"@type\":\"Person\",\"@id\":\"https:\\\/\\\/www.eldiariodetucuman.com\\\/web\\\/#\\\/schema\\\/person\\\/9250197d75ab5483412e19678b121caa\",\"name\":\"admin\",\"image\":{\"@type\":\"ImageObject\",\"inLanguage\":\"es\",\"@id\":\"https:\\\/\\\/secure.gravatar.com\\\/avatar\\\/c44d117c2be811212c22cb481f6b8384b6873de103fbc49e7a03cc58d7dea4ac?s=96&d=mm&r=g\",\"url\":\"https:\\\/\\\/secure.gravatar.com\\\/avatar\\\/c44d117c2be811212c22cb481f6b8384b6873de103fbc49e7a03cc58d7dea4ac?s=96&d=mm&r=g\",\"contentUrl\":\"https:\\\/\\\/secure.gravatar.com\\\/avatar\\\/c44d117c2be811212c22cb481f6b8384b6873de103fbc49e7a03cc58d7dea4ac?s=96&d=mm&r=g\",\"caption\":\"admin\"},\"url\":\"https:\\\/\\\/www.eldiariodetucuman.com\\\/web\\\/author\\\/admin\\\/\"}]}<\/script>\n<!-- \/ Yoast SEO plugin. -->","yoast_head_json":{"title":"Un espaldarazo a Caputo: \u201cNo dudo de su integridad\u201d - El Diario de Tucuman","robots":{"index":"index","follow":"follow","max-snippet":"max-snippet:-1","max-image-preview":"max-image-preview:large","max-video-preview":"max-video-preview:-1"},"canonical":"https:\/\/www.eldiariodetucuman.com\/web\/un-espaldarazo-a-caputo-no-dudo-de-su-integridad\/","og_locale":"es_ES","og_type":"article","og_title":"Un espaldarazo a Caputo: \u201cNo dudo de su integridad\u201d - El Diario de Tucuman","og_description":"Marcos Pe\u00f1a fue el hombre de Cambiemos designado para salir a respaldar al ministro de Finanzas, Luis Caputo, a quien se se\u00f1ala por haber ocultado una cuenta off shore, que manejaba 250 millones de d\u00f3lares.\u00a0 En ese sentido, el jefe de Gabinete brind\u00f3 anoche una entrevista televisiva y al ser consultado por Caputo y el [&hellip;]","og_url":"https:\/\/www.eldiariodetucuman.com\/web\/un-espaldarazo-a-caputo-no-dudo-de-su-integridad\/","og_site_name":"El Diario de Tucuman","article_published_time":"2018-02-27T14:42:56+00:00","article_modified_time":"2018-02-27T14:42:59+00:00","og_image":[{"width":960,"height":508,"url":"https:\/\/www.eldiariodetucuman.com\/web\/wp-content\/uploads\/2018\/02\/4cd79dd28ab3702e2f0bf8aa922b23e3.jpeg","type":"image\/jpeg"}],"author":"admin","twitter_card":"summary_large_image","twitter_misc":{"Escrito por":"admin","Tiempo de lectura":"2 minutos"},"schema":{"@context":"https:\/\/schema.org","@graph":[{"@type":"Article","@id":"https:\/\/www.eldiariodetucuman.com\/web\/un-espaldarazo-a-caputo-no-dudo-de-su-integridad\/#article","isPartOf":{"@id":"https:\/\/www.eldiariodetucuman.com\/web\/un-espaldarazo-a-caputo-no-dudo-de-su-integridad\/"},"author":{"name":"admin","@id":"https:\/\/www.eldiariodetucuman.com\/web\/#\/schema\/person\/9250197d75ab5483412e19678b121caa"},"headline":"Un espaldarazo a Caputo: \u201cNo dudo de su integridad\u201d","datePublished":"2018-02-27T14:42:56+00:00","dateModified":"2018-02-27T14:42:59+00:00","mainEntityOfPage":{"@id":"https:\/\/www.eldiariodetucuman.com\/web\/un-espaldarazo-a-caputo-no-dudo-de-su-integridad\/"},"wordCount":437,"commentCount":0,"publisher":{"@id":"https:\/\/www.eldiariodetucuman.com\/web\/#organization"},"image":{"@id":"https:\/\/www.eldiariodetucuman.com\/web\/un-espaldarazo-a-caputo-no-dudo-de-su-integridad\/#primaryimage"},"thumbnailUrl":"https:\/\/www.eldiariodetucuman.com\/web\/wp-content\/uploads\/2018\/02\/4cd79dd28ab3702e2f0bf8aa922b23e3.jpeg","articleSection":["Portada"],"inLanguage":"es","potentialAction":[{"@type":"CommentAction","name":"Comment","target":["https:\/\/www.eldiariodetucuman.com\/web\/un-espaldarazo-a-caputo-no-dudo-de-su-integridad\/#respond"]}]},{"@type":"WebPage","@id":"https:\/\/www.eldiariodetucuman.com\/web\/un-espaldarazo-a-caputo-no-dudo-de-su-integridad\/","url":"https:\/\/www.eldiariodetucuman.com\/web\/un-espaldarazo-a-caputo-no-dudo-de-su-integridad\/","name":"Un espaldarazo a Caputo: \u201cNo dudo de su integridad\u201d - El Diario de Tucuman","isPartOf":{"@id":"https:\/\/www.eldiariodetucuman.com\/web\/#website"},"primaryImageOfPage":{"@id":"https:\/\/www.eldiariodetucuman.com\/web\/un-espaldarazo-a-caputo-no-dudo-de-su-integridad\/#primaryimage"},"image":{"@id":"https:\/\/www.eldiariodetucuman.com\/web\/un-espaldarazo-a-caputo-no-dudo-de-su-integridad\/#primaryimage"},"thumbnailUrl":"https:\/\/www.eldiariodetucuman.com\/web\/wp-content\/uploads\/2018\/02\/4cd79dd28ab3702e2f0bf8aa922b23e3.jpeg","datePublished":"2018-02-27T14:42:56+00:00","dateModified":"2018-02-27T14:42:59+00:00","breadcrumb":{"@id":"https:\/\/www.eldiariodetucuman.com\/web\/un-espaldarazo-a-caputo-no-dudo-de-su-integridad\/#breadcrumb"},"inLanguage":"es","potentialAction":[{"@type":"ReadAction","target":["https:\/\/www.eldiariodetucuman.com\/web\/un-espaldarazo-a-caputo-no-dudo-de-su-integridad\/"]}]},{"@type":"ImageObject","inLanguage":"es","@id":"https:\/\/www.eldiariodetucuman.com\/web\/un-espaldarazo-a-caputo-no-dudo-de-su-integridad\/#primaryimage","url":"https:\/\/www.eldiariodetucuman.com\/web\/wp-content\/uploads\/2018\/02\/4cd79dd28ab3702e2f0bf8aa922b23e3.jpeg","contentUrl":"https:\/\/www.eldiariodetucuman.com\/web\/wp-content\/uploads\/2018\/02\/4cd79dd28ab3702e2f0bf8aa922b23e3.jpeg","width":960,"height":508},{"@type":"BreadcrumbList","@id":"https:\/\/www.eldiariodetucuman.com\/web\/un-espaldarazo-a-caputo-no-dudo-de-su-integridad\/#breadcrumb","itemListElement":[{"@type":"ListItem","position":1,"name":"Portada","item":"https:\/\/www.eldiariodetucuman.com\/web\/"},{"@type":"ListItem","position":2,"name":"Un espaldarazo a Caputo: \u201cNo dudo de su integridad\u201d"}]},{"@type":"WebSite","@id":"https:\/\/www.eldiariodetucuman.com\/web\/#website","url":"https:\/\/www.eldiariodetucuman.com\/web\/","name":"El Diario de Tucuman","description":"Diario Tucuman - Informaci\u00f3n y noticias","publisher":{"@id":"https:\/\/www.eldiariodetucuman.com\/web\/#organization"},"potentialAction":[{"@type":"SearchAction","target":{"@type":"EntryPoint","urlTemplate":"https:\/\/www.eldiariodetucuman.com\/web\/?s={search_term_string}"},"query-input":{"@type":"PropertyValueSpecification","valueRequired":true,"valueName":"search_term_string"}}],"inLanguage":"es"},{"@type":"Organization","@id":"https:\/\/www.eldiariodetucuman.com\/web\/#organization","name":"El Diario de Tucuman","url":"https:\/\/www.eldiariodetucuman.com\/web\/","logo":{"@type":"ImageObject","inLanguage":"es","@id":"https:\/\/www.eldiariodetucuman.com\/web\/#\/schema\/logo\/image\/","url":"http:\/\/www.eldiariodetucuman.com\/web\/wp-content\/uploads\/2017\/12\/el-diario-de-tucuman.jpg","contentUrl":"http:\/\/www.eldiariodetucuman.com\/web\/wp-content\/uploads\/2017\/12\/el-diario-de-tucuman.jpg","width":272,"height":92,"caption":"El Diario de Tucuman"},"image":{"@id":"https:\/\/www.eldiariodetucuman.com\/web\/#\/schema\/logo\/image\/"}},{"@type":"Person","@id":"https:\/\/www.eldiariodetucuman.com\/web\/#\/schema\/person\/9250197d75ab5483412e19678b121caa","name":"admin","image":{"@type":"ImageObject","inLanguage":"es","@id":"https:\/\/secure.gravatar.com\/avatar\/c44d117c2be811212c22cb481f6b8384b6873de103fbc49e7a03cc58d7dea4ac?s=96&d=mm&r=g","url":"https:\/\/secure.gravatar.com\/avatar\/c44d117c2be811212c22cb481f6b8384b6873de103fbc49e7a03cc58d7dea4ac?s=96&d=mm&r=g","contentUrl":"https:\/\/secure.gravatar.com\/avatar\/c44d117c2be811212c22cb481f6b8384b6873de103fbc49e7a03cc58d7dea4ac?s=96&d=mm&r=g","caption":"admin"},"url":"https:\/\/www.eldiariodetucuman.com\/web\/author\/admin\/"}]}},"_links":{"self":[{"href":"https:\/\/www.eldiariodetucuman.com\/web\/wp-json\/wp\/v2\/posts\/5919","targetHints":{"allow":["GET"]}}],"collection":[{"href":"https:\/\/www.eldiariodetucuman.com\/web\/wp-json\/wp\/v2\/posts"}],"about":[{"href":"https:\/\/www.eldiariodetucuman.com\/web\/wp-json\/wp\/v2\/types\/post"}],"author":[{"embeddable":true,"href":"https:\/\/www.eldiariodetucuman.com\/web\/wp-json\/wp\/v2\/users\/1"}],"replies":[{"embeddable":true,"href":"https:\/\/www.eldiariodetucuman.com\/web\/wp-json\/wp\/v2\/comments?post=5919"}],"version-history":[{"count":1,"href":"https:\/\/www.eldiariodetucuman.com\/web\/wp-json\/wp\/v2\/posts\/5919\/revisions"}],"predecessor-version":[{"id":5921,"href":"https:\/\/www.eldiariodetucuman.com\/web\/wp-json\/wp\/v2\/posts\/5919\/revisions\/5921"}],"wp:featuredmedia":[{"embeddable":true,"href":"https:\/\/www.eldiariodetucuman.com\/web\/wp-json\/wp\/v2\/media\/5920"}],"wp:attachment":[{"href":"https:\/\/www.eldiariodetucuman.com\/web\/wp-json\/wp\/v2\/media?parent=5919"}],"wp:term":[{"taxonomy":"category","embeddable":true,"href":"https:\/\/www.eldiariodetucuman.com\/web\/wp-json\/wp\/v2\/categories?post=5919"},{"taxonomy":"post_tag","embeddable":true,"href":"https:\/\/www.eldiariodetucuman.com\/web\/wp-json\/wp\/v2\/tags?post=5919"}],"curies":[{"name":"wp","href":"https:\/\/api.w.org\/{rel}","templated":true}]}}