{"id":5916,"date":"2018-02-27T00:08:44","date_gmt":"2018-02-27T03:08:44","guid":{"rendered":"http:\/\/www.eldiariodetucuman.com\/web\/amplian-las-instalaciones-de-la-escuela-maternal-municipal-de-monteros-2\/"},"modified":"2018-02-27T00:08:45","modified_gmt":"2018-02-27T03:08:45","slug":"amplian-las-instalaciones-de-la-escuela-maternal-municipal-de-monteros-2","status":"publish","type":"post","link":"https:\/\/www.eldiariodetucuman.com\/web\/amplian-las-instalaciones-de-la-escuela-maternal-municipal-de-monteros-2\/","title":{"rendered":"Ampl\u00edan las instalaciones de la Escuela Maternal Municipal de Monteros"},"content":{"rendered":"<div>\n<div readability=\"83\">\n<p>Ense\u00f1ar a construir, expresar, imaginar, jugar y vivir intensamente el despliegue de la infancia, es el objetivo de la Escuela Maternal municipal de Monteros. El espacio pedag\u00f3gico que recibe a cientos de ni\u00f1os desde 1984, actualmente se encuentra realizando obras de ampliaci\u00f3n para beneficio de la comunidad.<\/p>\n<p>El gobernador<strong> Juan Manzur<\/strong>, lleg\u00f3 este lunes por la ma\u00f1ana a las instalaciones donde supervis\u00f3 los trabajos realizados que estar\u00e1n finalizadas en un pocas semanas.<\/p>\n<p>La Escuela Maternal Municipal de Monteros fue inaugurada como una guarder\u00eda para hijos de empleados municipales. Con los a\u00f1os la demanda de la ciudad llevo a que las instalaciones sean ampliadas. Actualmente, cuenta con comedor propio y realiza el seguimiento a ni\u00f1os en situaci\u00f3n de vulnerabilidad de manera gratuita a trav\u00e9s de un gabinete psicopedag\u00f3gico, con psic\u00f3logos, fonoaudi\u00f3logos y trabajadoras sociales. Funciona en turnos ma\u00f1ana y tarde.<\/p>\n<p>\u201d<\/p>\n<p>\u201cA este jard\u00edn vienen m\u00e1s de 600 criaturas de entre 2 y 5 a\u00f1os. Con estas obras que hoy supervisamos se ampl\u00edan para 150 chicos m\u00e1s. Todo esto se mantiene con plata del municipio de Monteros\u201d, expres\u00f3 el Gobernador en rueda de prensa y agreg\u00f3 \u201cesto es una gran respuesta al pueblo que requer\u00eda m\u00e1s lugar y ya se dej\u00f3 prevista la construcci\u00f3n para el a\u00f1o que viene para que puedan venir 150 criaturas m\u00e1s\u201d.<\/p>\n<p>El vicegobernador, <strong>Osvaldo Jaldo<\/strong>, tambi\u00e9n visit\u00f3 las obras y expres\u00f3: \u201cLo importante es que en momento de complicaciones econ\u00f3micas en el pa\u00eds, vemos que en Tucum\u00e1n las obras no se detienen y menos las que tienen que ver con la educaci\u00f3n de nuestros ni\u00f1os\u201d.<\/p>\n<p>A su turno, el intendente afirm\u00f3 \u201cHemos tomado la decisi\u00f3n pol\u00edtica con el aval del Concejo Deliberante de la ciudad de abordar de forma inmediata estas obras para no dejar a ning\u00fan ni\u00f1o fuera de la escuela maternal\u201d.<\/p>\n<p><strong>Nuevos espacios<\/strong><\/p>\n<p>La ampliaci\u00f3n consistir\u00e1 en dos aulas nuevas para el establecimiento. As\u00ed lo confirm\u00f3<strong> Graciela Beatriz Aldonarte,<\/strong> directora de Educaci\u00f3n de la Municipalidad de Monteros y profesora de la escuela. \u201cSe va a crear una sala de 2 y 3 a\u00f1os turno ma\u00f1ana y turno tarde\u201d, cont\u00f3.<\/p>\n<p>\u201cSe amplia la planta porque esta es una escuela maternal que tiene ni\u00f1os de 2 a 5 a\u00f1os. Ahora vamos a tener cuatro salas de 2, cinco de 3, cuatro de 4 y cuatro de 5. Era un demanda social muy fuerte porque es la \u00fanica escuela de Monteros que tiene sala de 2\u201d, afirm\u00f3 Aldonarte.<\/p>\n<p>\u00a0<\/p>\n<\/div>\n<\/div>\n<p>Fuente: http:\/\/comunicaciontucuman.gob.ar\/2018\/02\/amplian-las-instalaciones-de-la-escuela-maternal-municipal-de-monteros\/<\/p>\n","protected":false},"excerpt":{"rendered":"<p>Ense\u00f1ar a construir, expresar, imaginar, jugar y vivir intensamente el despliegue de la infancia, es el objetivo de la Escuela Maternal municipal de Monteros. El espacio pedag\u00f3gico que recibe a cientos de ni\u00f1os desde 1984, actualmente se encuentra realizando obras de ampliaci\u00f3n para beneficio de la comunidad. El gobernador Juan Manzur, lleg\u00f3 este lunes por [&hellip;]<\/p>\n","protected":false},"author":1,"featured_media":5917,"comment_status":"open","ping_status":"closed","sticky":false,"template":"","format":"standard","meta":{"footnotes":""},"categories":[3],"tags":[],"class_list":{"0":"post-5916","1":"post","2":"type-post","3":"status-publish","4":"format-standard","5":"has-post-thumbnail","7":"category-politica"},"yoast_head":"<!-- This site is optimized with the Yoast SEO plugin v27.5 - https:\/\/yoast.com\/product\/yoast-seo-wordpress\/ -->\n<title>Ampl\u00edan las instalaciones de la Escuela Maternal Municipal de Monteros - El Diario de Tucuman<\/title>\n<meta name=\"robots\" content=\"index, follow, max-snippet:-1, max-image-preview:large, max-video-preview:-1\" \/>\n<link rel=\"canonical\" href=\"https:\/\/www.eldiariodetucuman.com\/web\/amplian-las-instalaciones-de-la-escuela-maternal-municipal-de-monteros-2\/\" \/>\n<meta property=\"og:locale\" content=\"es_ES\" \/>\n<meta property=\"og:type\" content=\"article\" \/>\n<meta property=\"og:title\" content=\"Ampl\u00edan las instalaciones de la Escuela Maternal Municipal de Monteros - El Diario de Tucuman\" \/>\n<meta property=\"og:description\" content=\"Ense\u00f1ar a construir, expresar, imaginar, jugar y vivir intensamente el despliegue de la infancia, es el objetivo de la Escuela Maternal municipal de Monteros. El espacio pedag\u00f3gico que recibe a cientos de ni\u00f1os desde 1984, actualmente se encuentra realizando obras de ampliaci\u00f3n para beneficio de la comunidad. El gobernador Juan Manzur, lleg\u00f3 este lunes por [&hellip;]\" \/>\n<meta property=\"og:url\" content=\"https:\/\/www.eldiariodetucuman.com\/web\/amplian-las-instalaciones-de-la-escuela-maternal-municipal-de-monteros-2\/\" \/>\n<meta property=\"og:site_name\" content=\"El Diario de Tucuman\" \/>\n<meta property=\"article:published_time\" content=\"2018-02-27T03:08:44+00:00\" \/>\n<meta property=\"article:modified_time\" content=\"2018-02-27T03:08:45+00:00\" \/>\n<meta property=\"og:image\" content=\"https:\/\/www.eldiariodetucuman.com\/web\/wp-content\/uploads\/2018\/02\/f4f3cec05dc32584f8f1fd139ca24e0e.jpeg\" \/>\n\t<meta property=\"og:image:width\" content=\"300\" \/>\n\t<meta property=\"og:image:height\" content=\"166\" \/>\n\t<meta property=\"og:image:type\" content=\"image\/jpeg\" \/>\n<meta name=\"author\" content=\"admin\" \/>\n<meta name=\"twitter:card\" content=\"summary_large_image\" \/>\n<meta name=\"twitter:label1\" content=\"Escrito por\" \/>\n\t<meta name=\"twitter:data1\" content=\"admin\" \/>\n\t<meta name=\"twitter:label2\" content=\"Tiempo de lectura\" \/>\n\t<meta name=\"twitter:data2\" content=\"2 minutos\" \/>\n<script type=\"application\/ld+json\" class=\"yoast-schema-graph\">{\"@context\":\"https:\\\/\\\/schema.org\",\"@graph\":[{\"@type\":\"Article\",\"@id\":\"https:\\\/\\\/www.eldiariodetucuman.com\\\/web\\\/amplian-las-instalaciones-de-la-escuela-maternal-municipal-de-monteros-2\\\/#article\",\"isPartOf\":{\"@id\":\"https:\\\/\\\/www.eldiariodetucuman.com\\\/web\\\/amplian-las-instalaciones-de-la-escuela-maternal-municipal-de-monteros-2\\\/\"},\"author\":{\"name\":\"admin\",\"@id\":\"https:\\\/\\\/www.eldiariodetucuman.com\\\/web\\\/#\\\/schema\\\/person\\\/9250197d75ab5483412e19678b121caa\"},\"headline\":\"Ampl\u00edan las instalaciones de la Escuela Maternal Municipal de Monteros\",\"datePublished\":\"2018-02-27T03:08:44+00:00\",\"dateModified\":\"2018-02-27T03:08:45+00:00\",\"mainEntityOfPage\":{\"@id\":\"https:\\\/\\\/www.eldiariodetucuman.com\\\/web\\\/amplian-las-instalaciones-de-la-escuela-maternal-municipal-de-monteros-2\\\/\"},\"wordCount\":443,\"commentCount\":0,\"publisher\":{\"@id\":\"https:\\\/\\\/www.eldiariodetucuman.com\\\/web\\\/#organization\"},\"image\":{\"@id\":\"https:\\\/\\\/www.eldiariodetucuman.com\\\/web\\\/amplian-las-instalaciones-de-la-escuela-maternal-municipal-de-monteros-2\\\/#primaryimage\"},\"thumbnailUrl\":\"https:\\\/\\\/www.eldiariodetucuman.com\\\/web\\\/wp-content\\\/uploads\\\/2018\\\/02\\\/f4f3cec05dc32584f8f1fd139ca24e0e.jpeg\",\"articleSection\":[\"Politica\"],\"inLanguage\":\"es\",\"potentialAction\":[{\"@type\":\"CommentAction\",\"name\":\"Comment\",\"target\":[\"https:\\\/\\\/www.eldiariodetucuman.com\\\/web\\\/amplian-las-instalaciones-de-la-escuela-maternal-municipal-de-monteros-2\\\/#respond\"]}]},{\"@type\":\"WebPage\",\"@id\":\"https:\\\/\\\/www.eldiariodetucuman.com\\\/web\\\/amplian-las-instalaciones-de-la-escuela-maternal-municipal-de-monteros-2\\\/\",\"url\":\"https:\\\/\\\/www.eldiariodetucuman.com\\\/web\\\/amplian-las-instalaciones-de-la-escuela-maternal-municipal-de-monteros-2\\\/\",\"name\":\"Ampl\u00edan las instalaciones de la Escuela Maternal Municipal de Monteros - El Diario de Tucuman\",\"isPartOf\":{\"@id\":\"https:\\\/\\\/www.eldiariodetucuman.com\\\/web\\\/#website\"},\"primaryImageOfPage\":{\"@id\":\"https:\\\/\\\/www.eldiariodetucuman.com\\\/web\\\/amplian-las-instalaciones-de-la-escuela-maternal-municipal-de-monteros-2\\\/#primaryimage\"},\"image\":{\"@id\":\"https:\\\/\\\/www.eldiariodetucuman.com\\\/web\\\/amplian-las-instalaciones-de-la-escuela-maternal-municipal-de-monteros-2\\\/#primaryimage\"},\"thumbnailUrl\":\"https:\\\/\\\/www.eldiariodetucuman.com\\\/web\\\/wp-content\\\/uploads\\\/2018\\\/02\\\/f4f3cec05dc32584f8f1fd139ca24e0e.jpeg\",\"datePublished\":\"2018-02-27T03:08:44+00:00\",\"dateModified\":\"2018-02-27T03:08:45+00:00\",\"breadcrumb\":{\"@id\":\"https:\\\/\\\/www.eldiariodetucuman.com\\\/web\\\/amplian-las-instalaciones-de-la-escuela-maternal-municipal-de-monteros-2\\\/#breadcrumb\"},\"inLanguage\":\"es\",\"potentialAction\":[{\"@type\":\"ReadAction\",\"target\":[\"https:\\\/\\\/www.eldiariodetucuman.com\\\/web\\\/amplian-las-instalaciones-de-la-escuela-maternal-municipal-de-monteros-2\\\/\"]}]},{\"@type\":\"ImageObject\",\"inLanguage\":\"es\",\"@id\":\"https:\\\/\\\/www.eldiariodetucuman.com\\\/web\\\/amplian-las-instalaciones-de-la-escuela-maternal-municipal-de-monteros-2\\\/#primaryimage\",\"url\":\"https:\\\/\\\/www.eldiariodetucuman.com\\\/web\\\/wp-content\\\/uploads\\\/2018\\\/02\\\/f4f3cec05dc32584f8f1fd139ca24e0e.jpeg\",\"contentUrl\":\"https:\\\/\\\/www.eldiariodetucuman.com\\\/web\\\/wp-content\\\/uploads\\\/2018\\\/02\\\/f4f3cec05dc32584f8f1fd139ca24e0e.jpeg\",\"width\":300,\"height\":166},{\"@type\":\"BreadcrumbList\",\"@id\":\"https:\\\/\\\/www.eldiariodetucuman.com\\\/web\\\/amplian-las-instalaciones-de-la-escuela-maternal-municipal-de-monteros-2\\\/#breadcrumb\",\"itemListElement\":[{\"@type\":\"ListItem\",\"position\":1,\"name\":\"Portada\",\"item\":\"https:\\\/\\\/www.eldiariodetucuman.com\\\/web\\\/\"},{\"@type\":\"ListItem\",\"position\":2,\"name\":\"Ampl\u00edan las instalaciones de la Escuela Maternal Municipal de Monteros\"}]},{\"@type\":\"WebSite\",\"@id\":\"https:\\\/\\\/www.eldiariodetucuman.com\\\/web\\\/#website\",\"url\":\"https:\\\/\\\/www.eldiariodetucuman.com\\\/web\\\/\",\"name\":\"El Diario de Tucuman\",\"description\":\"Diario Tucuman - Informaci\u00f3n y noticias\",\"publisher\":{\"@id\":\"https:\\\/\\\/www.eldiariodetucuman.com\\\/web\\\/#organization\"},\"potentialAction\":[{\"@type\":\"SearchAction\",\"target\":{\"@type\":\"EntryPoint\",\"urlTemplate\":\"https:\\\/\\\/www.eldiariodetucuman.com\\\/web\\\/?s={search_term_string}\"},\"query-input\":{\"@type\":\"PropertyValueSpecification\",\"valueRequired\":true,\"valueName\":\"search_term_string\"}}],\"inLanguage\":\"es\"},{\"@type\":\"Organization\",\"@id\":\"https:\\\/\\\/www.eldiariodetucuman.com\\\/web\\\/#organization\",\"name\":\"El Diario de Tucuman\",\"url\":\"https:\\\/\\\/www.eldiariodetucuman.com\\\/web\\\/\",\"logo\":{\"@type\":\"ImageObject\",\"inLanguage\":\"es\",\"@id\":\"https:\\\/\\\/www.eldiariodetucuman.com\\\/web\\\/#\\\/schema\\\/logo\\\/image\\\/\",\"url\":\"http:\\\/\\\/www.eldiariodetucuman.com\\\/web\\\/wp-content\\\/uploads\\\/2017\\\/12\\\/el-diario-de-tucuman.jpg\",\"contentUrl\":\"http:\\\/\\\/www.eldiariodetucuman.com\\\/web\\\/wp-content\\\/uploads\\\/2017\\\/12\\\/el-diario-de-tucuman.jpg\",\"width\":272,\"height\":92,\"caption\":\"El Diario de Tucuman\"},\"image\":{\"@id\":\"https:\\\/\\\/www.eldiariodetucuman.com\\\/web\\\/#\\\/schema\\\/logo\\\/image\\\/\"}},{\"@type\":\"Person\",\"@id\":\"https:\\\/\\\/www.eldiariodetucuman.com\\\/web\\\/#\\\/schema\\\/person\\\/9250197d75ab5483412e19678b121caa\",\"name\":\"admin\",\"image\":{\"@type\":\"ImageObject\",\"inLanguage\":\"es\",\"@id\":\"https:\\\/\\\/secure.gravatar.com\\\/avatar\\\/c44d117c2be811212c22cb481f6b8384b6873de103fbc49e7a03cc58d7dea4ac?s=96&d=mm&r=g\",\"url\":\"https:\\\/\\\/secure.gravatar.com\\\/avatar\\\/c44d117c2be811212c22cb481f6b8384b6873de103fbc49e7a03cc58d7dea4ac?s=96&d=mm&r=g\",\"contentUrl\":\"https:\\\/\\\/secure.gravatar.com\\\/avatar\\\/c44d117c2be811212c22cb481f6b8384b6873de103fbc49e7a03cc58d7dea4ac?s=96&d=mm&r=g\",\"caption\":\"admin\"},\"url\":\"https:\\\/\\\/www.eldiariodetucuman.com\\\/web\\\/author\\\/admin\\\/\"}]}<\/script>\n<!-- \/ Yoast SEO plugin. -->","yoast_head_json":{"title":"Ampl\u00edan las instalaciones de la Escuela Maternal Municipal de Monteros - El Diario de Tucuman","robots":{"index":"index","follow":"follow","max-snippet":"max-snippet:-1","max-image-preview":"max-image-preview:large","max-video-preview":"max-video-preview:-1"},"canonical":"https:\/\/www.eldiariodetucuman.com\/web\/amplian-las-instalaciones-de-la-escuela-maternal-municipal-de-monteros-2\/","og_locale":"es_ES","og_type":"article","og_title":"Ampl\u00edan las instalaciones de la Escuela Maternal Municipal de Monteros - El Diario de Tucuman","og_description":"Ense\u00f1ar a construir, expresar, imaginar, jugar y vivir intensamente el despliegue de la infancia, es el objetivo de la Escuela Maternal municipal de Monteros. El espacio pedag\u00f3gico que recibe a cientos de ni\u00f1os desde 1984, actualmente se encuentra realizando obras de ampliaci\u00f3n para beneficio de la comunidad. El gobernador Juan Manzur, lleg\u00f3 este lunes por [&hellip;]","og_url":"https:\/\/www.eldiariodetucuman.com\/web\/amplian-las-instalaciones-de-la-escuela-maternal-municipal-de-monteros-2\/","og_site_name":"El Diario de Tucuman","article_published_time":"2018-02-27T03:08:44+00:00","article_modified_time":"2018-02-27T03:08:45+00:00","og_image":[{"width":300,"height":166,"url":"https:\/\/www.eldiariodetucuman.com\/web\/wp-content\/uploads\/2018\/02\/f4f3cec05dc32584f8f1fd139ca24e0e.jpeg","type":"image\/jpeg"}],"author":"admin","twitter_card":"summary_large_image","twitter_misc":{"Escrito por":"admin","Tiempo de lectura":"2 minutos"},"schema":{"@context":"https:\/\/schema.org","@graph":[{"@type":"Article","@id":"https:\/\/www.eldiariodetucuman.com\/web\/amplian-las-instalaciones-de-la-escuela-maternal-municipal-de-monteros-2\/#article","isPartOf":{"@id":"https:\/\/www.eldiariodetucuman.com\/web\/amplian-las-instalaciones-de-la-escuela-maternal-municipal-de-monteros-2\/"},"author":{"name":"admin","@id":"https:\/\/www.eldiariodetucuman.com\/web\/#\/schema\/person\/9250197d75ab5483412e19678b121caa"},"headline":"Ampl\u00edan las instalaciones de la Escuela Maternal Municipal de Monteros","datePublished":"2018-02-27T03:08:44+00:00","dateModified":"2018-02-27T03:08:45+00:00","mainEntityOfPage":{"@id":"https:\/\/www.eldiariodetucuman.com\/web\/amplian-las-instalaciones-de-la-escuela-maternal-municipal-de-monteros-2\/"},"wordCount":443,"commentCount":0,"publisher":{"@id":"https:\/\/www.eldiariodetucuman.com\/web\/#organization"},"image":{"@id":"https:\/\/www.eldiariodetucuman.com\/web\/amplian-las-instalaciones-de-la-escuela-maternal-municipal-de-monteros-2\/#primaryimage"},"thumbnailUrl":"https:\/\/www.eldiariodetucuman.com\/web\/wp-content\/uploads\/2018\/02\/f4f3cec05dc32584f8f1fd139ca24e0e.jpeg","articleSection":["Politica"],"inLanguage":"es","potentialAction":[{"@type":"CommentAction","name":"Comment","target":["https:\/\/www.eldiariodetucuman.com\/web\/amplian-las-instalaciones-de-la-escuela-maternal-municipal-de-monteros-2\/#respond"]}]},{"@type":"WebPage","@id":"https:\/\/www.eldiariodetucuman.com\/web\/amplian-las-instalaciones-de-la-escuela-maternal-municipal-de-monteros-2\/","url":"https:\/\/www.eldiariodetucuman.com\/web\/amplian-las-instalaciones-de-la-escuela-maternal-municipal-de-monteros-2\/","name":"Ampl\u00edan las instalaciones de la Escuela Maternal Municipal de Monteros - El Diario de Tucuman","isPartOf":{"@id":"https:\/\/www.eldiariodetucuman.com\/web\/#website"},"primaryImageOfPage":{"@id":"https:\/\/www.eldiariodetucuman.com\/web\/amplian-las-instalaciones-de-la-escuela-maternal-municipal-de-monteros-2\/#primaryimage"},"image":{"@id":"https:\/\/www.eldiariodetucuman.com\/web\/amplian-las-instalaciones-de-la-escuela-maternal-municipal-de-monteros-2\/#primaryimage"},"thumbnailUrl":"https:\/\/www.eldiariodetucuman.com\/web\/wp-content\/uploads\/2018\/02\/f4f3cec05dc32584f8f1fd139ca24e0e.jpeg","datePublished":"2018-02-27T03:08:44+00:00","dateModified":"2018-02-27T03:08:45+00:00","breadcrumb":{"@id":"https:\/\/www.eldiariodetucuman.com\/web\/amplian-las-instalaciones-de-la-escuela-maternal-municipal-de-monteros-2\/#breadcrumb"},"inLanguage":"es","potentialAction":[{"@type":"ReadAction","target":["https:\/\/www.eldiariodetucuman.com\/web\/amplian-las-instalaciones-de-la-escuela-maternal-municipal-de-monteros-2\/"]}]},{"@type":"ImageObject","inLanguage":"es","@id":"https:\/\/www.eldiariodetucuman.com\/web\/amplian-las-instalaciones-de-la-escuela-maternal-municipal-de-monteros-2\/#primaryimage","url":"https:\/\/www.eldiariodetucuman.com\/web\/wp-content\/uploads\/2018\/02\/f4f3cec05dc32584f8f1fd139ca24e0e.jpeg","contentUrl":"https:\/\/www.eldiariodetucuman.com\/web\/wp-content\/uploads\/2018\/02\/f4f3cec05dc32584f8f1fd139ca24e0e.jpeg","width":300,"height":166},{"@type":"BreadcrumbList","@id":"https:\/\/www.eldiariodetucuman.com\/web\/amplian-las-instalaciones-de-la-escuela-maternal-municipal-de-monteros-2\/#breadcrumb","itemListElement":[{"@type":"ListItem","position":1,"name":"Portada","item":"https:\/\/www.eldiariodetucuman.com\/web\/"},{"@type":"ListItem","position":2,"name":"Ampl\u00edan las instalaciones de la Escuela Maternal Municipal de Monteros"}]},{"@type":"WebSite","@id":"https:\/\/www.eldiariodetucuman.com\/web\/#website","url":"https:\/\/www.eldiariodetucuman.com\/web\/","name":"El Diario de Tucuman","description":"Diario Tucuman - Informaci\u00f3n y noticias","publisher":{"@id":"https:\/\/www.eldiariodetucuman.com\/web\/#organization"},"potentialAction":[{"@type":"SearchAction","target":{"@type":"EntryPoint","urlTemplate":"https:\/\/www.eldiariodetucuman.com\/web\/?s={search_term_string}"},"query-input":{"@type":"PropertyValueSpecification","valueRequired":true,"valueName":"search_term_string"}}],"inLanguage":"es"},{"@type":"Organization","@id":"https:\/\/www.eldiariodetucuman.com\/web\/#organization","name":"El Diario de Tucuman","url":"https:\/\/www.eldiariodetucuman.com\/web\/","logo":{"@type":"ImageObject","inLanguage":"es","@id":"https:\/\/www.eldiariodetucuman.com\/web\/#\/schema\/logo\/image\/","url":"http:\/\/www.eldiariodetucuman.com\/web\/wp-content\/uploads\/2017\/12\/el-diario-de-tucuman.jpg","contentUrl":"http:\/\/www.eldiariodetucuman.com\/web\/wp-content\/uploads\/2017\/12\/el-diario-de-tucuman.jpg","width":272,"height":92,"caption":"El Diario de Tucuman"},"image":{"@id":"https:\/\/www.eldiariodetucuman.com\/web\/#\/schema\/logo\/image\/"}},{"@type":"Person","@id":"https:\/\/www.eldiariodetucuman.com\/web\/#\/schema\/person\/9250197d75ab5483412e19678b121caa","name":"admin","image":{"@type":"ImageObject","inLanguage":"es","@id":"https:\/\/secure.gravatar.com\/avatar\/c44d117c2be811212c22cb481f6b8384b6873de103fbc49e7a03cc58d7dea4ac?s=96&d=mm&r=g","url":"https:\/\/secure.gravatar.com\/avatar\/c44d117c2be811212c22cb481f6b8384b6873de103fbc49e7a03cc58d7dea4ac?s=96&d=mm&r=g","contentUrl":"https:\/\/secure.gravatar.com\/avatar\/c44d117c2be811212c22cb481f6b8384b6873de103fbc49e7a03cc58d7dea4ac?s=96&d=mm&r=g","caption":"admin"},"url":"https:\/\/www.eldiariodetucuman.com\/web\/author\/admin\/"}]}},"_links":{"self":[{"href":"https:\/\/www.eldiariodetucuman.com\/web\/wp-json\/wp\/v2\/posts\/5916","targetHints":{"allow":["GET"]}}],"collection":[{"href":"https:\/\/www.eldiariodetucuman.com\/web\/wp-json\/wp\/v2\/posts"}],"about":[{"href":"https:\/\/www.eldiariodetucuman.com\/web\/wp-json\/wp\/v2\/types\/post"}],"author":[{"embeddable":true,"href":"https:\/\/www.eldiariodetucuman.com\/web\/wp-json\/wp\/v2\/users\/1"}],"replies":[{"embeddable":true,"href":"https:\/\/www.eldiariodetucuman.com\/web\/wp-json\/wp\/v2\/comments?post=5916"}],"version-history":[{"count":1,"href":"https:\/\/www.eldiariodetucuman.com\/web\/wp-json\/wp\/v2\/posts\/5916\/revisions"}],"predecessor-version":[{"id":5918,"href":"https:\/\/www.eldiariodetucuman.com\/web\/wp-json\/wp\/v2\/posts\/5916\/revisions\/5918"}],"wp:featuredmedia":[{"embeddable":true,"href":"https:\/\/www.eldiariodetucuman.com\/web\/wp-json\/wp\/v2\/media\/5917"}],"wp:attachment":[{"href":"https:\/\/www.eldiariodetucuman.com\/web\/wp-json\/wp\/v2\/media?parent=5916"}],"wp:term":[{"taxonomy":"category","embeddable":true,"href":"https:\/\/www.eldiariodetucuman.com\/web\/wp-json\/wp\/v2\/categories?post=5916"},{"taxonomy":"post_tag","embeddable":true,"href":"https:\/\/www.eldiariodetucuman.com\/web\/wp-json\/wp\/v2\/tags?post=5916"}],"curies":[{"name":"wp","href":"https:\/\/api.w.org\/{rel}","templated":true}]}}