{"id":5913,"date":"2018-02-27T00:08:31","date_gmt":"2018-02-27T03:08:31","guid":{"rendered":"http:\/\/www.eldiariodetucuman.com\/web\/cooperativas-reactivan-la-construccion-de-viviendas-en-monteros\/"},"modified":"2018-02-27T00:08:32","modified_gmt":"2018-02-27T03:08:32","slug":"cooperativas-reactivan-la-construccion-de-viviendas-en-monteros","status":"publish","type":"post","link":"https:\/\/www.eldiariodetucuman.com\/web\/cooperativas-reactivan-la-construccion-de-viviendas-en-monteros\/","title":{"rendered":"Cooperativas reactivan la construcci\u00f3n de viviendas en Monteros"},"content":{"rendered":"<div>\n<div readability=\"65.5\">\n<p>El sue\u00f1o de la casa propia se cumplir\u00e1 en los pr\u00f3ximos meses para decenas de familias en Monteros. El gobernador, <strong>Juan Manzur,<\/strong> supervis\u00f3 este lunes la construcci\u00f3n de viviendas en el Barrio Municipal.<\/p>\n<p>Se trata de un programa de viviendas construidas por cooperativas, que tiempo atr\u00e1s hab\u00eda quedado paralizado. \u201cEstamos sumando esfuerzos para concluir las 20 primeras viviendas y seguir con el sue\u00f1o de la casa propia\u201d, expres\u00f3 el titular del PE.<\/p>\n<blockquote readability=\"8\">\n<p>Estas son experiencias que se repiten a lo largo y ancho de toda la provincia, que tienen que ver con mejorar la calidad de vida de nuestra gente\u201d, puntualiz\u00f3 el gobernador.<\/p>\n<\/blockquote>\n<blockquote class=\"mom_quote \"><p>El programa tiene dos etapas. Actualmente se construyen 20 casas y en los pr\u00f3ximos meses se construir\u00e1n 20 viviendas m\u00e1s.<\/p><\/blockquote>\n<p>\u201cSiempre decimos que todo lo que tiene que ver con obras dinamiza nuestra econom\u00eda y genera fuentes de trabajo. La caracter\u00edstica de esta obra es que va a ser ejecutada durante seis meses por cooperativas integradas por monterizos\u201d, subray\u00f3 el vicegobernador, <strong>Osvaldo Jaldo.<\/strong><\/p>\n<p><strong><a href=\"http:\/\/comunicaciontucuman.gob.ar\/wp-content\/uploads\/2018\/02\/CASAS-MONTEROS-LS.jpg\"><img loading=\"lazy\" decoding=\"async\" class=\"size-medium wp-image-155193 alignright\" src=\"http:\/\/comunicaciontucuman.gob.ar\/wp-content\/uploads\/2018\/02\/CASAS-MONTEROS-LS-300x166.jpg\" alt=\"CASAS-MONTEROS-LS\" width=\"300\" height=\"166\"><\/a><\/strong><\/p>\n<p>El intendente <strong>Francisco Serra<\/strong> tambi\u00e9n se refiri\u00f3 al tema y agreg\u00f3: \u201cHablamos de inclusi\u00f3n, nos permite revalorizar lo que tenemos en nuestra ciudad\u201d. Asimismo, augur\u00f3 finalizar las obras en 120 d\u00edas para arrancar de forma inmediata con la segunda fase.<\/p>\n<p>El titular del Instituto Provincial de Acci\u00f3n Cooperativa y Mutual (IPACyM), <strong>Regino Racedo,<\/strong> tambi\u00e9n estuvo presente en el recorrido y resalt\u00f3 el trabajo realizado por la intendencia para reactivar el programa. \u201cCon el trabajo que hizo la intendencia y el municipio de Monteros para reformular y reorganizar a las cooperativas, hoy ponemos en funcionamiento la construcci\u00f3n de este barrio. Celebramos la alegr\u00eda de la gente que va a ser beneficiaria de estas viviendas\u201d, cerr\u00f3.<\/p>\n<p>\u00a0<\/p>\n<p>\u00a0<\/p>\n<p>\u00a0<\/p>\n<p>\u00a0<\/p>\n<p>\u00a0<\/p>\n<\/div>\n<\/div>\n<p>Fuente: http:\/\/comunicaciontucuman.gob.ar\/2018\/02\/cooperativas-reactivan-la-construccion-de-viviendas-en-monteros\/<\/p>\n","protected":false},"excerpt":{"rendered":"<p>El sue\u00f1o de la casa propia se cumplir\u00e1 en los pr\u00f3ximos meses para decenas de familias en Monteros. El gobernador, Juan Manzur, supervis\u00f3 este lunes la construcci\u00f3n de viviendas en el Barrio Municipal. Se trata de un programa de viviendas construidas por cooperativas, que tiempo atr\u00e1s hab\u00eda quedado paralizado. \u201cEstamos sumando esfuerzos para concluir las [&hellip;]<\/p>\n","protected":false},"author":1,"featured_media":5914,"comment_status":"open","ping_status":"closed","sticky":false,"template":"","format":"standard","meta":{"footnotes":""},"categories":[3],"tags":[],"class_list":{"0":"post-5913","1":"post","2":"type-post","3":"status-publish","4":"format-standard","5":"has-post-thumbnail","7":"category-politica"},"yoast_head":"<!-- This site is optimized with the Yoast SEO plugin v27.5 - https:\/\/yoast.com\/product\/yoast-seo-wordpress\/ -->\n<title>Cooperativas reactivan la construcci\u00f3n de viviendas en Monteros - El Diario de Tucuman<\/title>\n<meta name=\"robots\" content=\"index, follow, max-snippet:-1, max-image-preview:large, max-video-preview:-1\" \/>\n<link rel=\"canonical\" href=\"https:\/\/www.eldiariodetucuman.com\/web\/cooperativas-reactivan-la-construccion-de-viviendas-en-monteros\/\" \/>\n<meta property=\"og:locale\" content=\"es_ES\" \/>\n<meta property=\"og:type\" content=\"article\" \/>\n<meta property=\"og:title\" content=\"Cooperativas reactivan la construcci\u00f3n de viviendas en Monteros - El Diario de Tucuman\" \/>\n<meta property=\"og:description\" content=\"El sue\u00f1o de la casa propia se cumplir\u00e1 en los pr\u00f3ximos meses para decenas de familias en Monteros. El gobernador, Juan Manzur, supervis\u00f3 este lunes la construcci\u00f3n de viviendas en el Barrio Municipal. Se trata de un programa de viviendas construidas por cooperativas, que tiempo atr\u00e1s hab\u00eda quedado paralizado. \u201cEstamos sumando esfuerzos para concluir las [&hellip;]\" \/>\n<meta property=\"og:url\" content=\"https:\/\/www.eldiariodetucuman.com\/web\/cooperativas-reactivan-la-construccion-de-viviendas-en-monteros\/\" \/>\n<meta property=\"og:site_name\" content=\"El Diario de Tucuman\" \/>\n<meta property=\"article:published_time\" content=\"2018-02-27T03:08:31+00:00\" \/>\n<meta property=\"article:modified_time\" content=\"2018-02-27T03:08:32+00:00\" \/>\n<meta property=\"og:image\" content=\"https:\/\/www.eldiariodetucuman.com\/web\/wp-content\/uploads\/2018\/02\/0d6cf43f6ed85bfcac1c7f69d43f3b42.jpeg\" \/>\n\t<meta property=\"og:image:width\" content=\"300\" \/>\n\t<meta property=\"og:image:height\" content=\"166\" \/>\n\t<meta property=\"og:image:type\" content=\"image\/jpeg\" \/>\n<meta name=\"author\" content=\"admin\" \/>\n<meta name=\"twitter:card\" content=\"summary_large_image\" \/>\n<meta name=\"twitter:label1\" content=\"Escrito por\" \/>\n\t<meta name=\"twitter:data1\" content=\"admin\" \/>\n\t<meta name=\"twitter:label2\" content=\"Tiempo de lectura\" \/>\n\t<meta name=\"twitter:data2\" content=\"2 minutos\" \/>\n<script type=\"application\/ld+json\" class=\"yoast-schema-graph\">{\"@context\":\"https:\\\/\\\/schema.org\",\"@graph\":[{\"@type\":\"Article\",\"@id\":\"https:\\\/\\\/www.eldiariodetucuman.com\\\/web\\\/cooperativas-reactivan-la-construccion-de-viviendas-en-monteros\\\/#article\",\"isPartOf\":{\"@id\":\"https:\\\/\\\/www.eldiariodetucuman.com\\\/web\\\/cooperativas-reactivan-la-construccion-de-viviendas-en-monteros\\\/\"},\"author\":{\"name\":\"admin\",\"@id\":\"https:\\\/\\\/www.eldiariodetucuman.com\\\/web\\\/#\\\/schema\\\/person\\\/9250197d75ab5483412e19678b121caa\"},\"headline\":\"Cooperativas reactivan la construcci\u00f3n de viviendas en Monteros\",\"datePublished\":\"2018-02-27T03:08:31+00:00\",\"dateModified\":\"2018-02-27T03:08:32+00:00\",\"mainEntityOfPage\":{\"@id\":\"https:\\\/\\\/www.eldiariodetucuman.com\\\/web\\\/cooperativas-reactivan-la-construccion-de-viviendas-en-monteros\\\/\"},\"wordCount\":309,\"commentCount\":0,\"publisher\":{\"@id\":\"https:\\\/\\\/www.eldiariodetucuman.com\\\/web\\\/#organization\"},\"image\":{\"@id\":\"https:\\\/\\\/www.eldiariodetucuman.com\\\/web\\\/cooperativas-reactivan-la-construccion-de-viviendas-en-monteros\\\/#primaryimage\"},\"thumbnailUrl\":\"https:\\\/\\\/www.eldiariodetucuman.com\\\/web\\\/wp-content\\\/uploads\\\/2018\\\/02\\\/0d6cf43f6ed85bfcac1c7f69d43f3b42.jpeg\",\"articleSection\":[\"Politica\"],\"inLanguage\":\"es\",\"potentialAction\":[{\"@type\":\"CommentAction\",\"name\":\"Comment\",\"target\":[\"https:\\\/\\\/www.eldiariodetucuman.com\\\/web\\\/cooperativas-reactivan-la-construccion-de-viviendas-en-monteros\\\/#respond\"]}]},{\"@type\":\"WebPage\",\"@id\":\"https:\\\/\\\/www.eldiariodetucuman.com\\\/web\\\/cooperativas-reactivan-la-construccion-de-viviendas-en-monteros\\\/\",\"url\":\"https:\\\/\\\/www.eldiariodetucuman.com\\\/web\\\/cooperativas-reactivan-la-construccion-de-viviendas-en-monteros\\\/\",\"name\":\"Cooperativas reactivan la construcci\u00f3n de viviendas en Monteros - El Diario de Tucuman\",\"isPartOf\":{\"@id\":\"https:\\\/\\\/www.eldiariodetucuman.com\\\/web\\\/#website\"},\"primaryImageOfPage\":{\"@id\":\"https:\\\/\\\/www.eldiariodetucuman.com\\\/web\\\/cooperativas-reactivan-la-construccion-de-viviendas-en-monteros\\\/#primaryimage\"},\"image\":{\"@id\":\"https:\\\/\\\/www.eldiariodetucuman.com\\\/web\\\/cooperativas-reactivan-la-construccion-de-viviendas-en-monteros\\\/#primaryimage\"},\"thumbnailUrl\":\"https:\\\/\\\/www.eldiariodetucuman.com\\\/web\\\/wp-content\\\/uploads\\\/2018\\\/02\\\/0d6cf43f6ed85bfcac1c7f69d43f3b42.jpeg\",\"datePublished\":\"2018-02-27T03:08:31+00:00\",\"dateModified\":\"2018-02-27T03:08:32+00:00\",\"breadcrumb\":{\"@id\":\"https:\\\/\\\/www.eldiariodetucuman.com\\\/web\\\/cooperativas-reactivan-la-construccion-de-viviendas-en-monteros\\\/#breadcrumb\"},\"inLanguage\":\"es\",\"potentialAction\":[{\"@type\":\"ReadAction\",\"target\":[\"https:\\\/\\\/www.eldiariodetucuman.com\\\/web\\\/cooperativas-reactivan-la-construccion-de-viviendas-en-monteros\\\/\"]}]},{\"@type\":\"ImageObject\",\"inLanguage\":\"es\",\"@id\":\"https:\\\/\\\/www.eldiariodetucuman.com\\\/web\\\/cooperativas-reactivan-la-construccion-de-viviendas-en-monteros\\\/#primaryimage\",\"url\":\"https:\\\/\\\/www.eldiariodetucuman.com\\\/web\\\/wp-content\\\/uploads\\\/2018\\\/02\\\/0d6cf43f6ed85bfcac1c7f69d43f3b42.jpeg\",\"contentUrl\":\"https:\\\/\\\/www.eldiariodetucuman.com\\\/web\\\/wp-content\\\/uploads\\\/2018\\\/02\\\/0d6cf43f6ed85bfcac1c7f69d43f3b42.jpeg\",\"width\":300,\"height\":166},{\"@type\":\"BreadcrumbList\",\"@id\":\"https:\\\/\\\/www.eldiariodetucuman.com\\\/web\\\/cooperativas-reactivan-la-construccion-de-viviendas-en-monteros\\\/#breadcrumb\",\"itemListElement\":[{\"@type\":\"ListItem\",\"position\":1,\"name\":\"Portada\",\"item\":\"https:\\\/\\\/www.eldiariodetucuman.com\\\/web\\\/\"},{\"@type\":\"ListItem\",\"position\":2,\"name\":\"Cooperativas reactivan la construcci\u00f3n de viviendas en Monteros\"}]},{\"@type\":\"WebSite\",\"@id\":\"https:\\\/\\\/www.eldiariodetucuman.com\\\/web\\\/#website\",\"url\":\"https:\\\/\\\/www.eldiariodetucuman.com\\\/web\\\/\",\"name\":\"El Diario de Tucuman\",\"description\":\"Diario Tucuman - Informaci\u00f3n y noticias\",\"publisher\":{\"@id\":\"https:\\\/\\\/www.eldiariodetucuman.com\\\/web\\\/#organization\"},\"potentialAction\":[{\"@type\":\"SearchAction\",\"target\":{\"@type\":\"EntryPoint\",\"urlTemplate\":\"https:\\\/\\\/www.eldiariodetucuman.com\\\/web\\\/?s={search_term_string}\"},\"query-input\":{\"@type\":\"PropertyValueSpecification\",\"valueRequired\":true,\"valueName\":\"search_term_string\"}}],\"inLanguage\":\"es\"},{\"@type\":\"Organization\",\"@id\":\"https:\\\/\\\/www.eldiariodetucuman.com\\\/web\\\/#organization\",\"name\":\"El Diario de Tucuman\",\"url\":\"https:\\\/\\\/www.eldiariodetucuman.com\\\/web\\\/\",\"logo\":{\"@type\":\"ImageObject\",\"inLanguage\":\"es\",\"@id\":\"https:\\\/\\\/www.eldiariodetucuman.com\\\/web\\\/#\\\/schema\\\/logo\\\/image\\\/\",\"url\":\"http:\\\/\\\/www.eldiariodetucuman.com\\\/web\\\/wp-content\\\/uploads\\\/2017\\\/12\\\/el-diario-de-tucuman.jpg\",\"contentUrl\":\"http:\\\/\\\/www.eldiariodetucuman.com\\\/web\\\/wp-content\\\/uploads\\\/2017\\\/12\\\/el-diario-de-tucuman.jpg\",\"width\":272,\"height\":92,\"caption\":\"El Diario de Tucuman\"},\"image\":{\"@id\":\"https:\\\/\\\/www.eldiariodetucuman.com\\\/web\\\/#\\\/schema\\\/logo\\\/image\\\/\"}},{\"@type\":\"Person\",\"@id\":\"https:\\\/\\\/www.eldiariodetucuman.com\\\/web\\\/#\\\/schema\\\/person\\\/9250197d75ab5483412e19678b121caa\",\"name\":\"admin\",\"image\":{\"@type\":\"ImageObject\",\"inLanguage\":\"es\",\"@id\":\"https:\\\/\\\/secure.gravatar.com\\\/avatar\\\/c44d117c2be811212c22cb481f6b8384b6873de103fbc49e7a03cc58d7dea4ac?s=96&d=mm&r=g\",\"url\":\"https:\\\/\\\/secure.gravatar.com\\\/avatar\\\/c44d117c2be811212c22cb481f6b8384b6873de103fbc49e7a03cc58d7dea4ac?s=96&d=mm&r=g\",\"contentUrl\":\"https:\\\/\\\/secure.gravatar.com\\\/avatar\\\/c44d117c2be811212c22cb481f6b8384b6873de103fbc49e7a03cc58d7dea4ac?s=96&d=mm&r=g\",\"caption\":\"admin\"},\"url\":\"https:\\\/\\\/www.eldiariodetucuman.com\\\/web\\\/author\\\/admin\\\/\"}]}<\/script>\n<!-- \/ Yoast SEO plugin. -->","yoast_head_json":{"title":"Cooperativas reactivan la construcci\u00f3n de viviendas en Monteros - El Diario de Tucuman","robots":{"index":"index","follow":"follow","max-snippet":"max-snippet:-1","max-image-preview":"max-image-preview:large","max-video-preview":"max-video-preview:-1"},"canonical":"https:\/\/www.eldiariodetucuman.com\/web\/cooperativas-reactivan-la-construccion-de-viviendas-en-monteros\/","og_locale":"es_ES","og_type":"article","og_title":"Cooperativas reactivan la construcci\u00f3n de viviendas en Monteros - El Diario de Tucuman","og_description":"El sue\u00f1o de la casa propia se cumplir\u00e1 en los pr\u00f3ximos meses para decenas de familias en Monteros. El gobernador, Juan Manzur, supervis\u00f3 este lunes la construcci\u00f3n de viviendas en el Barrio Municipal. Se trata de un programa de viviendas construidas por cooperativas, que tiempo atr\u00e1s hab\u00eda quedado paralizado. \u201cEstamos sumando esfuerzos para concluir las [&hellip;]","og_url":"https:\/\/www.eldiariodetucuman.com\/web\/cooperativas-reactivan-la-construccion-de-viviendas-en-monteros\/","og_site_name":"El Diario de Tucuman","article_published_time":"2018-02-27T03:08:31+00:00","article_modified_time":"2018-02-27T03:08:32+00:00","og_image":[{"width":300,"height":166,"url":"https:\/\/www.eldiariodetucuman.com\/web\/wp-content\/uploads\/2018\/02\/0d6cf43f6ed85bfcac1c7f69d43f3b42.jpeg","type":"image\/jpeg"}],"author":"admin","twitter_card":"summary_large_image","twitter_misc":{"Escrito por":"admin","Tiempo de lectura":"2 minutos"},"schema":{"@context":"https:\/\/schema.org","@graph":[{"@type":"Article","@id":"https:\/\/www.eldiariodetucuman.com\/web\/cooperativas-reactivan-la-construccion-de-viviendas-en-monteros\/#article","isPartOf":{"@id":"https:\/\/www.eldiariodetucuman.com\/web\/cooperativas-reactivan-la-construccion-de-viviendas-en-monteros\/"},"author":{"name":"admin","@id":"https:\/\/www.eldiariodetucuman.com\/web\/#\/schema\/person\/9250197d75ab5483412e19678b121caa"},"headline":"Cooperativas reactivan la construcci\u00f3n de viviendas en Monteros","datePublished":"2018-02-27T03:08:31+00:00","dateModified":"2018-02-27T03:08:32+00:00","mainEntityOfPage":{"@id":"https:\/\/www.eldiariodetucuman.com\/web\/cooperativas-reactivan-la-construccion-de-viviendas-en-monteros\/"},"wordCount":309,"commentCount":0,"publisher":{"@id":"https:\/\/www.eldiariodetucuman.com\/web\/#organization"},"image":{"@id":"https:\/\/www.eldiariodetucuman.com\/web\/cooperativas-reactivan-la-construccion-de-viviendas-en-monteros\/#primaryimage"},"thumbnailUrl":"https:\/\/www.eldiariodetucuman.com\/web\/wp-content\/uploads\/2018\/02\/0d6cf43f6ed85bfcac1c7f69d43f3b42.jpeg","articleSection":["Politica"],"inLanguage":"es","potentialAction":[{"@type":"CommentAction","name":"Comment","target":["https:\/\/www.eldiariodetucuman.com\/web\/cooperativas-reactivan-la-construccion-de-viviendas-en-monteros\/#respond"]}]},{"@type":"WebPage","@id":"https:\/\/www.eldiariodetucuman.com\/web\/cooperativas-reactivan-la-construccion-de-viviendas-en-monteros\/","url":"https:\/\/www.eldiariodetucuman.com\/web\/cooperativas-reactivan-la-construccion-de-viviendas-en-monteros\/","name":"Cooperativas reactivan la construcci\u00f3n de viviendas en Monteros - El Diario de Tucuman","isPartOf":{"@id":"https:\/\/www.eldiariodetucuman.com\/web\/#website"},"primaryImageOfPage":{"@id":"https:\/\/www.eldiariodetucuman.com\/web\/cooperativas-reactivan-la-construccion-de-viviendas-en-monteros\/#primaryimage"},"image":{"@id":"https:\/\/www.eldiariodetucuman.com\/web\/cooperativas-reactivan-la-construccion-de-viviendas-en-monteros\/#primaryimage"},"thumbnailUrl":"https:\/\/www.eldiariodetucuman.com\/web\/wp-content\/uploads\/2018\/02\/0d6cf43f6ed85bfcac1c7f69d43f3b42.jpeg","datePublished":"2018-02-27T03:08:31+00:00","dateModified":"2018-02-27T03:08:32+00:00","breadcrumb":{"@id":"https:\/\/www.eldiariodetucuman.com\/web\/cooperativas-reactivan-la-construccion-de-viviendas-en-monteros\/#breadcrumb"},"inLanguage":"es","potentialAction":[{"@type":"ReadAction","target":["https:\/\/www.eldiariodetucuman.com\/web\/cooperativas-reactivan-la-construccion-de-viviendas-en-monteros\/"]}]},{"@type":"ImageObject","inLanguage":"es","@id":"https:\/\/www.eldiariodetucuman.com\/web\/cooperativas-reactivan-la-construccion-de-viviendas-en-monteros\/#primaryimage","url":"https:\/\/www.eldiariodetucuman.com\/web\/wp-content\/uploads\/2018\/02\/0d6cf43f6ed85bfcac1c7f69d43f3b42.jpeg","contentUrl":"https:\/\/www.eldiariodetucuman.com\/web\/wp-content\/uploads\/2018\/02\/0d6cf43f6ed85bfcac1c7f69d43f3b42.jpeg","width":300,"height":166},{"@type":"BreadcrumbList","@id":"https:\/\/www.eldiariodetucuman.com\/web\/cooperativas-reactivan-la-construccion-de-viviendas-en-monteros\/#breadcrumb","itemListElement":[{"@type":"ListItem","position":1,"name":"Portada","item":"https:\/\/www.eldiariodetucuman.com\/web\/"},{"@type":"ListItem","position":2,"name":"Cooperativas reactivan la construcci\u00f3n de viviendas en Monteros"}]},{"@type":"WebSite","@id":"https:\/\/www.eldiariodetucuman.com\/web\/#website","url":"https:\/\/www.eldiariodetucuman.com\/web\/","name":"El Diario de Tucuman","description":"Diario Tucuman - Informaci\u00f3n y noticias","publisher":{"@id":"https:\/\/www.eldiariodetucuman.com\/web\/#organization"},"potentialAction":[{"@type":"SearchAction","target":{"@type":"EntryPoint","urlTemplate":"https:\/\/www.eldiariodetucuman.com\/web\/?s={search_term_string}"},"query-input":{"@type":"PropertyValueSpecification","valueRequired":true,"valueName":"search_term_string"}}],"inLanguage":"es"},{"@type":"Organization","@id":"https:\/\/www.eldiariodetucuman.com\/web\/#organization","name":"El Diario de Tucuman","url":"https:\/\/www.eldiariodetucuman.com\/web\/","logo":{"@type":"ImageObject","inLanguage":"es","@id":"https:\/\/www.eldiariodetucuman.com\/web\/#\/schema\/logo\/image\/","url":"http:\/\/www.eldiariodetucuman.com\/web\/wp-content\/uploads\/2017\/12\/el-diario-de-tucuman.jpg","contentUrl":"http:\/\/www.eldiariodetucuman.com\/web\/wp-content\/uploads\/2017\/12\/el-diario-de-tucuman.jpg","width":272,"height":92,"caption":"El Diario de Tucuman"},"image":{"@id":"https:\/\/www.eldiariodetucuman.com\/web\/#\/schema\/logo\/image\/"}},{"@type":"Person","@id":"https:\/\/www.eldiariodetucuman.com\/web\/#\/schema\/person\/9250197d75ab5483412e19678b121caa","name":"admin","image":{"@type":"ImageObject","inLanguage":"es","@id":"https:\/\/secure.gravatar.com\/avatar\/c44d117c2be811212c22cb481f6b8384b6873de103fbc49e7a03cc58d7dea4ac?s=96&d=mm&r=g","url":"https:\/\/secure.gravatar.com\/avatar\/c44d117c2be811212c22cb481f6b8384b6873de103fbc49e7a03cc58d7dea4ac?s=96&d=mm&r=g","contentUrl":"https:\/\/secure.gravatar.com\/avatar\/c44d117c2be811212c22cb481f6b8384b6873de103fbc49e7a03cc58d7dea4ac?s=96&d=mm&r=g","caption":"admin"},"url":"https:\/\/www.eldiariodetucuman.com\/web\/author\/admin\/"}]}},"_links":{"self":[{"href":"https:\/\/www.eldiariodetucuman.com\/web\/wp-json\/wp\/v2\/posts\/5913","targetHints":{"allow":["GET"]}}],"collection":[{"href":"https:\/\/www.eldiariodetucuman.com\/web\/wp-json\/wp\/v2\/posts"}],"about":[{"href":"https:\/\/www.eldiariodetucuman.com\/web\/wp-json\/wp\/v2\/types\/post"}],"author":[{"embeddable":true,"href":"https:\/\/www.eldiariodetucuman.com\/web\/wp-json\/wp\/v2\/users\/1"}],"replies":[{"embeddable":true,"href":"https:\/\/www.eldiariodetucuman.com\/web\/wp-json\/wp\/v2\/comments?post=5913"}],"version-history":[{"count":1,"href":"https:\/\/www.eldiariodetucuman.com\/web\/wp-json\/wp\/v2\/posts\/5913\/revisions"}],"predecessor-version":[{"id":5915,"href":"https:\/\/www.eldiariodetucuman.com\/web\/wp-json\/wp\/v2\/posts\/5913\/revisions\/5915"}],"wp:featuredmedia":[{"embeddable":true,"href":"https:\/\/www.eldiariodetucuman.com\/web\/wp-json\/wp\/v2\/media\/5914"}],"wp:attachment":[{"href":"https:\/\/www.eldiariodetucuman.com\/web\/wp-json\/wp\/v2\/media?parent=5913"}],"wp:term":[{"taxonomy":"category","embeddable":true,"href":"https:\/\/www.eldiariodetucuman.com\/web\/wp-json\/wp\/v2\/categories?post=5913"},{"taxonomy":"post_tag","embeddable":true,"href":"https:\/\/www.eldiariodetucuman.com\/web\/wp-json\/wp\/v2\/tags?post=5913"}],"curies":[{"name":"wp","href":"https:\/\/api.w.org\/{rel}","templated":true}]}}