{"id":5902,"date":"2018-02-26T12:57:00","date_gmt":"2018-02-26T15:57:00","guid":{"rendered":"http:\/\/www.eldiariodetucuman.com\/web\/mwc-2018-primer-encuentro-con-el-samsung-galaxy-s9\/"},"modified":"2018-02-26T12:57:00","modified_gmt":"2018-02-26T15:57:00","slug":"mwc-2018-primer-encuentro-con-el-samsung-galaxy-s9","status":"publish","type":"post","link":"https:\/\/www.eldiariodetucuman.com\/web\/mwc-2018-primer-encuentro-con-el-samsung-galaxy-s9\/","title":{"rendered":"MWC 2018: Primer encuentro con el Samsung Galaxy S9"},"content":{"rendered":"<div>\n<div id=\"cuerpo\">\n<figure class=\"XL caja-destacada epigrafe\" id=\"figure_2618161\" data-is=\"imagen\"><span title=\"Ampliar imagen\" class=\"icon-ampliar\"><\/span><br \/>\n                        <span title=\"Cerrar modal\" class=\"icon-cerrar\"><\/span><figcaption><epigrafe>El Galaxy S9 y S9 ahora difieren en algo m\u00e1s que el tama\u00f1o: las c\u00e1maras son distintas<\/epigrafe><\/figcaption><\/figure>\n<p class=\"capital\">BARCELONA.- Estuve jugando brevemente<br \/>\n<a class=\"link\" href=\"https:\/\/www.lanacion.com.ar\/2112054-asi-es-el-galaxy-s9-que-samsung-presento-en-el-mwc-2018\">con el Galaxy S9 que Samsung present\u00f3 ayer en esta ciudad<\/a>, como antesala al Congreso Mundial de M\u00f3viles que comienza hoy y termina el jueves (<br \/>\n<!-- TODO : Revisar HTML LN9 --><br \/>\n<a href=\"http:\/\/www.lanacion.com.ar\/y-donde-ya-hubo-anuncios-de-huawei-alcatel-lg-nokia-y-mas-t63575\" data-event=\"contentLinkClick\"><br \/>\ny donde ya hubo anuncios de Huawei, Alcatel, LG, Nokia y m\u00e1s<br \/>\n<\/a> ). Van aqu\u00ed unas impresiones sobre el tel\u00e9fono con el que la compa\u00f1\u00eda quiere subir la vara de lo que considera un smartphone de alta gama.<\/p>\n<p><!-- middle1 --><\/p>\n<p><!-- middle1 --><\/p>\n<p>En breve, para los que no quieren leer tanto: es un avance respecto del Galaxy S8, sobre todo por la c\u00e1mara, aunque no es una revoluci\u00f3n; falta probar la c\u00e1mara fuera de la sala de exposici\u00f3n para ver si cumple con lo que promete. En mayo llega al pa\u00eds.<\/p>\n<h2 class=\"subtitulo-1\" id=\"mismo-diseno\">\nMismo dise\u00f1o<br \/>\n<\/h2>\n<p>Primero, lo obvio: el<br \/>\n<!-- TODO : Revisar HTML LN9 --><br \/>\n<a href=\"http:\/\/www.lanacion.com.ar\/galaxy-s9-t63574\" data-event=\"contentLinkClick\"><br \/>\nGalaxy S9<br \/>\n<\/a>  es casi id\u00e9ntico a su antecesor. El dise\u00f1o est\u00e1 m\u00e1s pulido, sobre todo por la reubicaci\u00f3n del sensor de huellas digitales (ahora debajo de la c\u00e1mara, m\u00e1s f\u00e1cil de alcanzar con el \u00edndice, sobre todo en el S9+). La pantalla es la misma: mismo tama\u00f1o y resoluci\u00f3n, y -dentro de las limitaciones de juzgarlo en un rato en una sala de exposiciones con luces cambiantes- de la misma intensidad, aunque Samsung dice que mejor\u00f3 su visibilidad a la luz del sol. Habr\u00e1 que esperar a marzo (<br \/>\n<a class=\"link\" href=\"https:\/\/www.lanacion.com.ar\/2112110-cuando-llega-el-samsung-galaxy-s9-a-la-argentina\">o mayo, en la Argentina<\/a>) para comprobarlo.<\/p>\n<p><!-- middle1 --><\/p>\n<section class=\"listado ademas floatFix\" id=\"listadoAdemas\" data-is-block=\"true\" data-block-name=\"n_relacionadas-cuerpo\" data-diagramacion-id=\"0\"><\/section>\n<p>Sigue siendo un tel\u00e9fono hecho con dos paneles de vidrio unidos a una estructura de metal; sigue siendo un im\u00e1n para las huellas digitales, sigue siendo levemente resbaloso, sigue entrando con mucha comodidad en la mano (aunque es apenitas m\u00e1s grueso: 8,5 mm contra los 8 mm del Galaxy S8. Sobre todo el modelo de 5,8 pulgadas. El S9+ (6,2 pulgadas) es, inevitablemente, m\u00e1s grande, y para algunos resultar\u00e1 molesto, pero al menos ahora el sensor de huella dactilar est\u00e1 en un lugar m\u00e1s c\u00f3modo. Los cuatro colores elegidos por la compa\u00f1\u00eda son muy lindos, aunque eso, evidentemente, depende de cada uno.<\/p>\n<p><!-- middle1 --><\/p>\n<p><!-- middle1 --><\/p>\n<figure class=\"L epigrafe\" id=\"figure_2637901\" data-is=\"imagen\"><span title=\"Ampliar imagen\" class=\"icon-ampliar\"><\/span><br \/>\n                        <span title=\"Cerrar modal\" class=\"icon-cerrar\"><\/span><\/p>\n<p>                            <img decoding=\"async\" src=\"http:\/\/bucket1.glanacion.com\/anexos\/fotos\/01\/2637901w740.jpg\" alt=\"El nuevo dise\u00f1o trasero del Galaxy S9: la c\u00e1mara de apertura variable, el sensor de huellas digitales abajo, el monitor de ritmo card\u00edaco y presi\u00f3n al costado (y las huellas digitales inevitables, por todos lados)\"><figcaption><epigrafe>El nuevo dise\u00f1o trasero del Galaxy S9: la c\u00e1mara de apertura variable, el sensor de huellas digitales abajo, el monitor de ritmo card\u00edaco y presi\u00f3n al costado (y las huellas digitales inevitables, por todos lados)<\/epigrafe><span class=\"fuente\"> Fuente: LA NACION<\/span><br \/>\n                        <\/figcaption><\/figure>\n<p>El procesador interno es m\u00e1s poderoso, el S9+ tiene m\u00e1s RAM (6GB contra los 4GB  del S9 peque\u00f1o), pero eso ya no es notorio al momento de navegar por el equipo o cargar aplicaciones; la diferencia con la velocidad de carga del S8 es muy sutil. Y salvo que la compa\u00f1\u00eda haya logrado alg\u00fan avance desconocido, es probable que la autonom\u00eda sea la misma: tienen la bater\u00eda, de 3000 o 3500 mAh, seg\u00fan el modelo.<\/p>\n<p><!-- middle1 --><\/p>\n<p>El Galaxy S9 toma el sensor de iris del Galaxy S8 y lo combina con el reconocimiento facial normal bidimensional para ofrecer algo m\u00e1s veloz y un poco m\u00e1s seguro que su uso por separado (el sensor de iris es confiable, pero requiere elevar el tel\u00e9fono; el reconocimiento facial est\u00e1ndar puede vulnerarse con una foto). No es un sistema tan sofisticado como el del iPhone X, que hace un escaneo tridimensional del rostro del usuario (<br \/>\n<a class=\"link\" href=\"https:\/\/www.lanacion.com.ar\/2063306-android-tambien-tendra-su-face-id-para-identificar-al-usuario-por-su-cara-como-el-iphone-x\">que tendr\u00e1 su correlato en Android este a\u00f1o<\/a>), pero Samsung insiste en que su uso, combinado con la huella dactilar, es suficientemente seguro. No es tan pr\u00e1ctico como el Face ID de Apple; sospecho que la mayor\u00eda de los usuarios usar\u00e1 la huella dactilar y ya.<\/p>\n<p><!-- middle1 --><\/p>\n<p>El tel\u00e9fono mantiene el puerto de carga r\u00e1pida USB-C, carga inal\u00e1mbrica, el conector de audio anal\u00f3gico, y la posibilidad de expandir la memoria interna (64, 128 o 256 GB de almacenamiento) con una tarjeta microSD. Tambi\u00e9n sigue siendo resistente al agua y al polvo (IP68).<\/p>\n<p><!-- middle1 --><\/p>\n<h2 class=\"subtitulo-1\" id=\"parlantes-estereo\">\nParlantes est\u00e9reo<br \/>\n<\/h2>\n<p>\u00bfPero entonces es lo mismo que el Galaxy S8? Bueno, los parlantes est\u00e9reo son un avance; era dif\u00edcil juzgar su calidad en un ambiente tan ruidoso como una sala con mil personas hablando al un\u00edsono, pero se escuchaban bien. \u00bfMejor, peor que otros? No lo s\u00e9; pero el S8 tiene un \u00fanico parlante, as\u00ed que ah\u00ed tenemos una mejora. A la vez, son laterales, no frontales, as\u00ed que dependiendo de c\u00f3mo se agarre el tel\u00e9fono pueden quedar tapados.<\/p>\n<p>El gran cambio, sin duda, es la c\u00e1mara: el resto es una peque\u00f1a mejora sobre lo precedente. Que no est\u00e1 mal, es lo cl\u00e1sico para estos casos y obedece a lo bien resuelto que est\u00e1 el dise\u00f1o. Pero con el S9 llega otro cambio: la separaci\u00f3n entre el modelo peque\u00f1o, que ahora tiene una sola c\u00e1mara, y el grande, que ahora tiene dos.<\/p>\n<figure class=\"L epigrafe\" id=\"figure_2637902\" data-is=\"imagen\"><span title=\"Ampliar imagen\" class=\"icon-ampliar\"><\/span><br \/>\n                        <span title=\"Cerrar modal\" class=\"icon-cerrar\"><\/span><\/p>\n<p>                            <img decoding=\"async\" src=\"http:\/\/bucket1.glanacion.com\/anexos\/fotos\/02\/2637902w740.jpg\" alt=\"Uno de los parlantes est\u00e9reo del tel\u00e9fono; su ubicaci\u00f3n no impide que sea resistente al agua, pero tambi\u00e9n ser\u00e1 f\u00e1cil taparlo por error durante un videojuego, al tomar el equipo con las dos manos\"><figcaption><epigrafe>Uno de los parlantes est\u00e9reo del tel\u00e9fono; su ubicaci\u00f3n no impide que sea resistente al agua, pero tambi\u00e9n ser\u00e1 f\u00e1cil taparlo por error durante un videojuego, al tomar el equipo con las dos manos<\/epigrafe><\/figcaption><\/figure>\n<h2 class=\"subtitulo-1\" id=\"la-camara-de-apertura-variable\">\nLa c\u00e1mara de apertura variable<br \/>\n<\/h2>\n<p>La apertura variable de la c\u00e1mara principal que comparten ambos modelos (que permite pasar de una apertura de f\/1.5, la m\u00e1s baja del mercado, a una est\u00e1ndar f\/2.4) es la gran promesa del tel\u00e9fono. El S8 ya saca fotos excelentes, por lo que uno tiende a suponer que \u00e9stas deber\u00edan ser aun mejores. A la vez, para much\u00edsima gente, ser\u00e1 mejor negocio comprar un Galaxy S8 (que Samsung seguir\u00e1 vendiendo en la Argentina), ahorrar algo de dinero y tener, igual, una c\u00e1mara de bolsillo fant\u00e1stica.<\/p>\n<p>Para quien pueda pagarlo, la ventaja de la c\u00e1mara del S9 est\u00e1 -en teor\u00eda- en lograr mejores fotos de noche, y hacer que la c\u00e1mara tenga m\u00e1s margen de maniobra en ambientes muy iluminados. Recuerden, una mayor apertura de diafragma reduce la profundidad de campo (d\u00f3nde puede hacer foco la c\u00e1mara, d\u00f3nde queda fuera de foco). Como sea, no hab\u00eda forma de probarlo a conciencia en las demos durante la presentaci\u00f3n, as\u00ed que habr\u00e1 que esperar; las fotos que tom\u00e9 y mir\u00e9 despu\u00e9s se ve\u00edan muy bien, pero eso no dice mucho.<\/p>\n<p>Prob\u00e9 tambi\u00e9n la c\u00e1mara lenta (960 cuadros por segundo, como ofrece el Sony Xperia XZ Premium) y bastante bueno el sistema que detecta movimiento r\u00e1pido en alguna zona que est\u00e1 tomando la c\u00e1mara, para auto disparar el sistema (por si el camar\u00f3grafo no llega a reaccionar). Como en el caso de Sony, no son 960 cuadros al infinito, sino que toma un instante (menos de medio segundo), pero permite seguir grabando el video y sumar varios momentos de c\u00e1mara lenta intercalados en el mismo video.<\/p>\n<h2 class=\"subtitulo-1\" id=\"zoom-2x-y-emojis-personalizados\">\nZoom 2x y emojis personalizados<br \/>\n<\/h2>\n<p>El Galaxy S9+ agrega una lente secundaria con dos aumentos, lo mismo que ofrec\u00eda el Note8; esto sirve tambi\u00e9n para trabajar mejor las fotos con fondo desenfocado (bokeh) y agregarle un fondo diferente a un retrato, algo simp\u00e1tico pero que no hace magia: ni el Pixel 2 ni el iPhone X ni el Note8 logran, todav\u00eda, un recorte perfecto como permite una c\u00e1mara convencional, pero se acercan cada vez m\u00e1s.<\/p>\n<p>Otro agregado del Galaxy S9 est\u00e1 en los emojis animados,<br \/>\n<a class=\"link\" href=\"https:\/\/www.lanacion.com.ar\/2106152-como-tener-tu-animoji-aunque-no-tengas-el-iphone-x\">muy parecidos a los bitmoji<\/a>. Una respuesta a los animoji del iPhone X, sin duda, y con una ventaja y una desventaja. Lo malo: la simulaci\u00f3n de las expresiones, sobre todo de la boca cuando el emoji habla, es m\u00e1s limitada, menos natural. Lo bueno: estos dibujos animados se pueden usar como GIF en cualquier aplicaci\u00f3n. No ser\u00eda raro que Samsung lo extienda m\u00e1s adelante a otros modelos: usa la c\u00e1mara frontal para el registro del rostro.<\/p>\n<p><iframe loading=\"lazy\" allow=\"autoplay; encrypted-media\" allowfullscreen=\"\" frameborder=\"0\" height=\"360\" src=\"https:\/\/www.youtube.com\/embed\/3Hla9LsYfrg\" width=\"640\"><\/iframe>\n    <\/p>\n<h2 class=\"subtitulo-1\" id=\"presion-arterial-y-uso-como-pc\">\nPresi\u00f3n arterial y uso como PC<br \/>\n<\/h2>\n<p>Del resto del equipo queda por probar algo que me parece extraordinario:<br \/>\n<a class=\"link\" href=\"http:\/\/www.samsungmobilepress.com\/news\/samsung-and-ucsf-introduce-my-bp-lab,-a-smartphone-app-for-blood-pressure-and-stress-research\">el Galaxy S9 incluye un sensor de presi\u00f3n arterial<\/a>  (<br \/>\n<a class=\"link\" href=\"https:\/\/www.lanacion.com.ar\/2091825-en-el-futuro-el-celular-te-podra-decir-si-tenes-fiebre-o-la-presion-alta\">y no ser\u00e1 el \u00fanico<\/a>). Pero para usarlo falta una aplicaci\u00f3n que no estaba presente en los equipos disponibles en la sala de pruebas, pero que se publicar\u00e1 en marzo (con la salida del tel\u00e9fono). A prop\u00f3sito, el Galaxy S8 ya mide oxigenaci\u00f3n en sangre; esto es adicional.<\/p>\n<p>Jugu\u00e9 brevemente tambi\u00e9n con la nueva base DeX, que mantiene el concepto anterior (<br \/>\n<a class=\"link\" href=\"https:\/\/www.lanacion.com.ar\/2000906-samsung-dex-la-apuesta-para-que-el-galaxy-s8-funcione-como-una-pc-de-escritorio\">usar el tel\u00e9fono como una computadora de escritorio, con un monitor y un teclado<\/a>), pero que ahora permite usar la pantalla del tel\u00e9fono como un touchpad algo inc\u00f3modo, ya que entre la base y la propia altura del tel\u00e9fono queda bastante elevado. Igual se puede usar un mouse convencional.<\/p>\n<figure class=\"S floatFix\" id=\"figure_2637909\" data-is=\"imagen\"><!-- el bucket no es el correcto, solo tiene que traer el height--><\/p>\n<div>\n                            <span title=\"Ampliar imagen\" class=\"icon-ampliar\"><\/span><br \/>\n                            <span title=\"Cerrar modal\" class=\"icon-cerrar\"><\/span><br \/>\n                            <img decoding=\"async\" src=\"http:\/\/bucket3.glanacion.com\/anexos\/fotos\/09\/2637909w450.jpg\" alt=\"El dise\u00f1o del Galaxy S9 es el mismo que el del S8, con la pantalla de marcos reducidos, los bordes redondeados y el bot\u00f3n para activar Bixby\"><\/div><figcaption><epigrafe>El dise\u00f1o del Galaxy S9 es el mismo que el del S8, con la pantalla de marcos reducidos, los bordes redondeados y el bot\u00f3n para activar Bixby<\/epigrafe><\/figcaption><\/figure>\n<h2 class=\"subtitulo-1\" id=\"dos-alternativas-de-eleccion-y-una-incognita\">\nDos alternativas de elecci\u00f3n, y una inc\u00f3gnita<br \/>\n<\/h2>\n<p>La decisi\u00f3n de Samsung de diferenciar a los hermanos (el S9 y el S9+) es id\u00e9ntica a la que pone en pr\u00e1ctica Apple con el iPhone; esta postura, no obstante, implica una limitaci\u00f3n: comprar el modelo peque\u00f1o obliga a resignar RAM y la doble c\u00e1mara trasera. Quienes tengan un Galaxy S8 de 5,8 pulgadas y quieran mantenerse en ese tama\u00f1o son los que menos aliciente tendr\u00e1n para el cambio.<\/p>\n<p>S\u00ed, el Galaxy S9 es mejor que el S8. En todo. Pero (y esto no es nuevo, ni para Samsung ni para ninguna compa\u00f1\u00eda, en los \u00faltimos a\u00f1os) la mejora es incremental. A priori, se siente m\u00e1s grande el salto del S7 al S8, por el dise\u00f1o, que del S8 al S9, que es m\u00e1s un refinamiento. A la vez, esto significa que todo lo bueno del Galaxy S8 sigue presente, y se le agregan m\u00e1s cosas. Habr\u00e1 que esperar a ver el precio nacional (el internacional es similar al del S8: 720 d\u00f3lares en adelante) y las primeras rese\u00f1as que eval\u00faen la c\u00e1mara al aire libre, para darle un puntaje final.<\/p>\n<p>                <!-- firma autor --><\/p>\n<section class=\"listado ademas redaccion floatFix\" data-is-block=\"true\" data-block-name=\"n_relacionadas-pie\" data-diagramacion-id=\"0\">\n<p> ADEM\u00c1S <\/p>\n<div>\n<article title=\"\" class=\"nota floatFix\" data-id=\"2112110\" data-notaid=\"2112110\" data-source=\"editor\"><a class=\"figure\"><br \/>\n                                <img decoding=\"async\" src=\"http:\/\/bucket2.glanacion.com\/anexos\/fotos\/33\/2637733h82.jpg\"><\/a><\/p>\n<\/article>\n<\/div>\n<\/section>\n<p><!-- temas --><\/p>\n<div class=\"temas\">\n<h4>temas <b>en esta nota<\/b><\/h4>\n<p> <!-- ***NUEVO*** - caja like --><\/p>\n<p>\n    <span class=\"texto-like\"> \u00bfTe gust\u00f3 <b>esta nota?<\/b><\/span><br \/>\n    <span class=\"icon-me-gusta\"> <\/span>\n<\/p>\n<\/p><\/div>\n<\/p><\/div>\n<\/div>\n","protected":false},"excerpt":{"rendered":"<p>El Galaxy S9 y S9 ahora difieren en algo m\u00e1s que el tama\u00f1o: las c\u00e1maras son distintas BARCELONA.- Estuve jugando brevemente con el Galaxy S9 que Samsung present\u00f3 ayer en esta ciudad, como antesala al Congreso Mundial de M\u00f3viles que comienza hoy y termina el jueves ( y donde ya hubo anuncios de Huawei, Alcatel, [&hellip;]<\/p>\n","protected":false},"author":4,"featured_media":5903,"comment_status":"open","ping_status":"closed","sticky":false,"template":"","format":"standard","meta":{"footnotes":""},"categories":[154],"tags":[],"class_list":{"0":"post-5902","1":"post","2":"type-post","3":"status-publish","4":"format-standard","5":"has-post-thumbnail","7":"category-ciencia-y-tecnologia"},"yoast_head":"<!-- This site is optimized with the Yoast SEO plugin v27.5 - https:\/\/yoast.com\/product\/yoast-seo-wordpress\/ -->\n<title>MWC 2018: Primer encuentro con el Samsung Galaxy S9 - El Diario de Tucuman<\/title>\n<meta name=\"robots\" content=\"index, follow, max-snippet:-1, max-image-preview:large, max-video-preview:-1\" \/>\n<link rel=\"canonical\" href=\"https:\/\/www.eldiariodetucuman.com\/web\/mwc-2018-primer-encuentro-con-el-samsung-galaxy-s9\/\" \/>\n<meta property=\"og:locale\" content=\"es_ES\" \/>\n<meta property=\"og:type\" content=\"article\" \/>\n<meta property=\"og:title\" content=\"MWC 2018: Primer encuentro con el Samsung Galaxy S9 - El Diario de Tucuman\" \/>\n<meta property=\"og:description\" content=\"El Galaxy S9 y S9 ahora difieren en algo m\u00e1s que el tama\u00f1o: las c\u00e1maras son distintas BARCELONA.- Estuve jugando brevemente con el Galaxy S9 que Samsung present\u00f3 ayer en esta ciudad, como antesala al Congreso Mundial de M\u00f3viles que comienza hoy y termina el jueves ( y donde ya hubo anuncios de Huawei, Alcatel, [&hellip;]\" \/>\n<meta property=\"og:url\" content=\"https:\/\/www.eldiariodetucuman.com\/web\/mwc-2018-primer-encuentro-con-el-samsung-galaxy-s9\/\" \/>\n<meta property=\"og:site_name\" content=\"El Diario de Tucuman\" \/>\n<meta property=\"article:published_time\" content=\"2018-02-26T15:57:00+00:00\" \/>\n<meta property=\"og:image\" content=\"https:\/\/www.eldiariodetucuman.com\/web\/wp-content\/uploads\/2018\/02\/da61b40c512cc66178d87dd7b4221bc0.jpeg\" \/>\n\t<meta property=\"og:image:width\" content=\"1032\" \/>\n\t<meta property=\"og:image:height\" content=\"688\" \/>\n\t<meta property=\"og:image:type\" content=\"image\/jpeg\" \/>\n<meta name=\"author\" content=\"eldiario detucuman\" \/>\n<meta name=\"twitter:card\" content=\"summary_large_image\" \/>\n<meta name=\"twitter:label1\" content=\"Escrito por\" \/>\n\t<meta name=\"twitter:data1\" content=\"eldiario detucuman\" \/>\n\t<meta name=\"twitter:label2\" content=\"Tiempo de lectura\" \/>\n\t<meta name=\"twitter:data2\" content=\"9 minutos\" \/>\n<script type=\"application\/ld+json\" class=\"yoast-schema-graph\">{\"@context\":\"https:\\\/\\\/schema.org\",\"@graph\":[{\"@type\":\"Article\",\"@id\":\"https:\\\/\\\/www.eldiariodetucuman.com\\\/web\\\/mwc-2018-primer-encuentro-con-el-samsung-galaxy-s9\\\/#article\",\"isPartOf\":{\"@id\":\"https:\\\/\\\/www.eldiariodetucuman.com\\\/web\\\/mwc-2018-primer-encuentro-con-el-samsung-galaxy-s9\\\/\"},\"author\":{\"name\":\"eldiario detucuman\",\"@id\":\"https:\\\/\\\/www.eldiariodetucuman.com\\\/web\\\/#\\\/schema\\\/person\\\/6f95946e54fde848b878ffa4928071d5\"},\"headline\":\"MWC 2018: Primer encuentro con el Samsung Galaxy S9\",\"datePublished\":\"2018-02-26T15:57:00+00:00\",\"mainEntityOfPage\":{\"@id\":\"https:\\\/\\\/www.eldiariodetucuman.com\\\/web\\\/mwc-2018-primer-encuentro-con-el-samsung-galaxy-s9\\\/\"},\"wordCount\":1719,\"commentCount\":0,\"publisher\":{\"@id\":\"https:\\\/\\\/www.eldiariodetucuman.com\\\/web\\\/#organization\"},\"image\":{\"@id\":\"https:\\\/\\\/www.eldiariodetucuman.com\\\/web\\\/mwc-2018-primer-encuentro-con-el-samsung-galaxy-s9\\\/#primaryimage\"},\"thumbnailUrl\":\"https:\\\/\\\/www.eldiariodetucuman.com\\\/web\\\/wp-content\\\/uploads\\\/2018\\\/02\\\/da61b40c512cc66178d87dd7b4221bc0.jpeg\",\"articleSection\":[\"ciencia y tecnologia\"],\"inLanguage\":\"es\",\"potentialAction\":[{\"@type\":\"CommentAction\",\"name\":\"Comment\",\"target\":[\"https:\\\/\\\/www.eldiariodetucuman.com\\\/web\\\/mwc-2018-primer-encuentro-con-el-samsung-galaxy-s9\\\/#respond\"]}]},{\"@type\":\"WebPage\",\"@id\":\"https:\\\/\\\/www.eldiariodetucuman.com\\\/web\\\/mwc-2018-primer-encuentro-con-el-samsung-galaxy-s9\\\/\",\"url\":\"https:\\\/\\\/www.eldiariodetucuman.com\\\/web\\\/mwc-2018-primer-encuentro-con-el-samsung-galaxy-s9\\\/\",\"name\":\"MWC 2018: Primer encuentro con el Samsung Galaxy S9 - El Diario de Tucuman\",\"isPartOf\":{\"@id\":\"https:\\\/\\\/www.eldiariodetucuman.com\\\/web\\\/#website\"},\"primaryImageOfPage\":{\"@id\":\"https:\\\/\\\/www.eldiariodetucuman.com\\\/web\\\/mwc-2018-primer-encuentro-con-el-samsung-galaxy-s9\\\/#primaryimage\"},\"image\":{\"@id\":\"https:\\\/\\\/www.eldiariodetucuman.com\\\/web\\\/mwc-2018-primer-encuentro-con-el-samsung-galaxy-s9\\\/#primaryimage\"},\"thumbnailUrl\":\"https:\\\/\\\/www.eldiariodetucuman.com\\\/web\\\/wp-content\\\/uploads\\\/2018\\\/02\\\/da61b40c512cc66178d87dd7b4221bc0.jpeg\",\"datePublished\":\"2018-02-26T15:57:00+00:00\",\"breadcrumb\":{\"@id\":\"https:\\\/\\\/www.eldiariodetucuman.com\\\/web\\\/mwc-2018-primer-encuentro-con-el-samsung-galaxy-s9\\\/#breadcrumb\"},\"inLanguage\":\"es\",\"potentialAction\":[{\"@type\":\"ReadAction\",\"target\":[\"https:\\\/\\\/www.eldiariodetucuman.com\\\/web\\\/mwc-2018-primer-encuentro-con-el-samsung-galaxy-s9\\\/\"]}]},{\"@type\":\"ImageObject\",\"inLanguage\":\"es\",\"@id\":\"https:\\\/\\\/www.eldiariodetucuman.com\\\/web\\\/mwc-2018-primer-encuentro-con-el-samsung-galaxy-s9\\\/#primaryimage\",\"url\":\"https:\\\/\\\/www.eldiariodetucuman.com\\\/web\\\/wp-content\\\/uploads\\\/2018\\\/02\\\/da61b40c512cc66178d87dd7b4221bc0.jpeg\",\"contentUrl\":\"https:\\\/\\\/www.eldiariodetucuman.com\\\/web\\\/wp-content\\\/uploads\\\/2018\\\/02\\\/da61b40c512cc66178d87dd7b4221bc0.jpeg\",\"width\":1032,\"height\":688},{\"@type\":\"BreadcrumbList\",\"@id\":\"https:\\\/\\\/www.eldiariodetucuman.com\\\/web\\\/mwc-2018-primer-encuentro-con-el-samsung-galaxy-s9\\\/#breadcrumb\",\"itemListElement\":[{\"@type\":\"ListItem\",\"position\":1,\"name\":\"Portada\",\"item\":\"https:\\\/\\\/www.eldiariodetucuman.com\\\/web\\\/\"},{\"@type\":\"ListItem\",\"position\":2,\"name\":\"MWC 2018: Primer encuentro con el Samsung Galaxy S9\"}]},{\"@type\":\"WebSite\",\"@id\":\"https:\\\/\\\/www.eldiariodetucuman.com\\\/web\\\/#website\",\"url\":\"https:\\\/\\\/www.eldiariodetucuman.com\\\/web\\\/\",\"name\":\"El Diario de Tucuman\",\"description\":\"Diario Tucuman - Informaci\u00f3n y noticias\",\"publisher\":{\"@id\":\"https:\\\/\\\/www.eldiariodetucuman.com\\\/web\\\/#organization\"},\"potentialAction\":[{\"@type\":\"SearchAction\",\"target\":{\"@type\":\"EntryPoint\",\"urlTemplate\":\"https:\\\/\\\/www.eldiariodetucuman.com\\\/web\\\/?s={search_term_string}\"},\"query-input\":{\"@type\":\"PropertyValueSpecification\",\"valueRequired\":true,\"valueName\":\"search_term_string\"}}],\"inLanguage\":\"es\"},{\"@type\":\"Organization\",\"@id\":\"https:\\\/\\\/www.eldiariodetucuman.com\\\/web\\\/#organization\",\"name\":\"El Diario de Tucuman\",\"url\":\"https:\\\/\\\/www.eldiariodetucuman.com\\\/web\\\/\",\"logo\":{\"@type\":\"ImageObject\",\"inLanguage\":\"es\",\"@id\":\"https:\\\/\\\/www.eldiariodetucuman.com\\\/web\\\/#\\\/schema\\\/logo\\\/image\\\/\",\"url\":\"http:\\\/\\\/www.eldiariodetucuman.com\\\/web\\\/wp-content\\\/uploads\\\/2017\\\/12\\\/el-diario-de-tucuman.jpg\",\"contentUrl\":\"http:\\\/\\\/www.eldiariodetucuman.com\\\/web\\\/wp-content\\\/uploads\\\/2017\\\/12\\\/el-diario-de-tucuman.jpg\",\"width\":272,\"height\":92,\"caption\":\"El Diario de Tucuman\"},\"image\":{\"@id\":\"https:\\\/\\\/www.eldiariodetucuman.com\\\/web\\\/#\\\/schema\\\/logo\\\/image\\\/\"}},{\"@type\":\"Person\",\"@id\":\"https:\\\/\\\/www.eldiariodetucuman.com\\\/web\\\/#\\\/schema\\\/person\\\/6f95946e54fde848b878ffa4928071d5\",\"name\":\"eldiario detucuman\",\"image\":{\"@type\":\"ImageObject\",\"inLanguage\":\"es\",\"@id\":\"https:\\\/\\\/secure.gravatar.com\\\/avatar\\\/b6e1f89c5c4044c4962c8e6c20b1ca2cc99f549c965908afd4ec5308b3f51bfe?s=96&d=mm&r=g\",\"url\":\"https:\\\/\\\/secure.gravatar.com\\\/avatar\\\/b6e1f89c5c4044c4962c8e6c20b1ca2cc99f549c965908afd4ec5308b3f51bfe?s=96&d=mm&r=g\",\"contentUrl\":\"https:\\\/\\\/secure.gravatar.com\\\/avatar\\\/b6e1f89c5c4044c4962c8e6c20b1ca2cc99f549c965908afd4ec5308b3f51bfe?s=96&d=mm&r=g\",\"caption\":\"eldiario detucuman\"},\"url\":\"https:\\\/\\\/www.eldiariodetucuman.com\\\/web\\\/author\\\/eldiariodetucuman\\\/\"}]}<\/script>\n<!-- \/ Yoast SEO plugin. -->","yoast_head_json":{"title":"MWC 2018: Primer encuentro con el Samsung Galaxy S9 - El Diario de Tucuman","robots":{"index":"index","follow":"follow","max-snippet":"max-snippet:-1","max-image-preview":"max-image-preview:large","max-video-preview":"max-video-preview:-1"},"canonical":"https:\/\/www.eldiariodetucuman.com\/web\/mwc-2018-primer-encuentro-con-el-samsung-galaxy-s9\/","og_locale":"es_ES","og_type":"article","og_title":"MWC 2018: Primer encuentro con el Samsung Galaxy S9 - El Diario de Tucuman","og_description":"El Galaxy S9 y S9 ahora difieren en algo m\u00e1s que el tama\u00f1o: las c\u00e1maras son distintas BARCELONA.- Estuve jugando brevemente con el Galaxy S9 que Samsung present\u00f3 ayer en esta ciudad, como antesala al Congreso Mundial de M\u00f3viles que comienza hoy y termina el jueves ( y donde ya hubo anuncios de Huawei, Alcatel, [&hellip;]","og_url":"https:\/\/www.eldiariodetucuman.com\/web\/mwc-2018-primer-encuentro-con-el-samsung-galaxy-s9\/","og_site_name":"El Diario de Tucuman","article_published_time":"2018-02-26T15:57:00+00:00","og_image":[{"width":1032,"height":688,"url":"https:\/\/www.eldiariodetucuman.com\/web\/wp-content\/uploads\/2018\/02\/da61b40c512cc66178d87dd7b4221bc0.jpeg","type":"image\/jpeg"}],"author":"eldiario detucuman","twitter_card":"summary_large_image","twitter_misc":{"Escrito por":"eldiario detucuman","Tiempo de lectura":"9 minutos"},"schema":{"@context":"https:\/\/schema.org","@graph":[{"@type":"Article","@id":"https:\/\/www.eldiariodetucuman.com\/web\/mwc-2018-primer-encuentro-con-el-samsung-galaxy-s9\/#article","isPartOf":{"@id":"https:\/\/www.eldiariodetucuman.com\/web\/mwc-2018-primer-encuentro-con-el-samsung-galaxy-s9\/"},"author":{"name":"eldiario detucuman","@id":"https:\/\/www.eldiariodetucuman.com\/web\/#\/schema\/person\/6f95946e54fde848b878ffa4928071d5"},"headline":"MWC 2018: Primer encuentro con el Samsung Galaxy S9","datePublished":"2018-02-26T15:57:00+00:00","mainEntityOfPage":{"@id":"https:\/\/www.eldiariodetucuman.com\/web\/mwc-2018-primer-encuentro-con-el-samsung-galaxy-s9\/"},"wordCount":1719,"commentCount":0,"publisher":{"@id":"https:\/\/www.eldiariodetucuman.com\/web\/#organization"},"image":{"@id":"https:\/\/www.eldiariodetucuman.com\/web\/mwc-2018-primer-encuentro-con-el-samsung-galaxy-s9\/#primaryimage"},"thumbnailUrl":"https:\/\/www.eldiariodetucuman.com\/web\/wp-content\/uploads\/2018\/02\/da61b40c512cc66178d87dd7b4221bc0.jpeg","articleSection":["ciencia y tecnologia"],"inLanguage":"es","potentialAction":[{"@type":"CommentAction","name":"Comment","target":["https:\/\/www.eldiariodetucuman.com\/web\/mwc-2018-primer-encuentro-con-el-samsung-galaxy-s9\/#respond"]}]},{"@type":"WebPage","@id":"https:\/\/www.eldiariodetucuman.com\/web\/mwc-2018-primer-encuentro-con-el-samsung-galaxy-s9\/","url":"https:\/\/www.eldiariodetucuman.com\/web\/mwc-2018-primer-encuentro-con-el-samsung-galaxy-s9\/","name":"MWC 2018: Primer encuentro con el Samsung Galaxy S9 - El Diario de Tucuman","isPartOf":{"@id":"https:\/\/www.eldiariodetucuman.com\/web\/#website"},"primaryImageOfPage":{"@id":"https:\/\/www.eldiariodetucuman.com\/web\/mwc-2018-primer-encuentro-con-el-samsung-galaxy-s9\/#primaryimage"},"image":{"@id":"https:\/\/www.eldiariodetucuman.com\/web\/mwc-2018-primer-encuentro-con-el-samsung-galaxy-s9\/#primaryimage"},"thumbnailUrl":"https:\/\/www.eldiariodetucuman.com\/web\/wp-content\/uploads\/2018\/02\/da61b40c512cc66178d87dd7b4221bc0.jpeg","datePublished":"2018-02-26T15:57:00+00:00","breadcrumb":{"@id":"https:\/\/www.eldiariodetucuman.com\/web\/mwc-2018-primer-encuentro-con-el-samsung-galaxy-s9\/#breadcrumb"},"inLanguage":"es","potentialAction":[{"@type":"ReadAction","target":["https:\/\/www.eldiariodetucuman.com\/web\/mwc-2018-primer-encuentro-con-el-samsung-galaxy-s9\/"]}]},{"@type":"ImageObject","inLanguage":"es","@id":"https:\/\/www.eldiariodetucuman.com\/web\/mwc-2018-primer-encuentro-con-el-samsung-galaxy-s9\/#primaryimage","url":"https:\/\/www.eldiariodetucuman.com\/web\/wp-content\/uploads\/2018\/02\/da61b40c512cc66178d87dd7b4221bc0.jpeg","contentUrl":"https:\/\/www.eldiariodetucuman.com\/web\/wp-content\/uploads\/2018\/02\/da61b40c512cc66178d87dd7b4221bc0.jpeg","width":1032,"height":688},{"@type":"BreadcrumbList","@id":"https:\/\/www.eldiariodetucuman.com\/web\/mwc-2018-primer-encuentro-con-el-samsung-galaxy-s9\/#breadcrumb","itemListElement":[{"@type":"ListItem","position":1,"name":"Portada","item":"https:\/\/www.eldiariodetucuman.com\/web\/"},{"@type":"ListItem","position":2,"name":"MWC 2018: Primer encuentro con el Samsung Galaxy S9"}]},{"@type":"WebSite","@id":"https:\/\/www.eldiariodetucuman.com\/web\/#website","url":"https:\/\/www.eldiariodetucuman.com\/web\/","name":"El Diario de Tucuman","description":"Diario Tucuman - Informaci\u00f3n y noticias","publisher":{"@id":"https:\/\/www.eldiariodetucuman.com\/web\/#organization"},"potentialAction":[{"@type":"SearchAction","target":{"@type":"EntryPoint","urlTemplate":"https:\/\/www.eldiariodetucuman.com\/web\/?s={search_term_string}"},"query-input":{"@type":"PropertyValueSpecification","valueRequired":true,"valueName":"search_term_string"}}],"inLanguage":"es"},{"@type":"Organization","@id":"https:\/\/www.eldiariodetucuman.com\/web\/#organization","name":"El Diario de Tucuman","url":"https:\/\/www.eldiariodetucuman.com\/web\/","logo":{"@type":"ImageObject","inLanguage":"es","@id":"https:\/\/www.eldiariodetucuman.com\/web\/#\/schema\/logo\/image\/","url":"http:\/\/www.eldiariodetucuman.com\/web\/wp-content\/uploads\/2017\/12\/el-diario-de-tucuman.jpg","contentUrl":"http:\/\/www.eldiariodetucuman.com\/web\/wp-content\/uploads\/2017\/12\/el-diario-de-tucuman.jpg","width":272,"height":92,"caption":"El Diario de Tucuman"},"image":{"@id":"https:\/\/www.eldiariodetucuman.com\/web\/#\/schema\/logo\/image\/"}},{"@type":"Person","@id":"https:\/\/www.eldiariodetucuman.com\/web\/#\/schema\/person\/6f95946e54fde848b878ffa4928071d5","name":"eldiario detucuman","image":{"@type":"ImageObject","inLanguage":"es","@id":"https:\/\/secure.gravatar.com\/avatar\/b6e1f89c5c4044c4962c8e6c20b1ca2cc99f549c965908afd4ec5308b3f51bfe?s=96&d=mm&r=g","url":"https:\/\/secure.gravatar.com\/avatar\/b6e1f89c5c4044c4962c8e6c20b1ca2cc99f549c965908afd4ec5308b3f51bfe?s=96&d=mm&r=g","contentUrl":"https:\/\/secure.gravatar.com\/avatar\/b6e1f89c5c4044c4962c8e6c20b1ca2cc99f549c965908afd4ec5308b3f51bfe?s=96&d=mm&r=g","caption":"eldiario detucuman"},"url":"https:\/\/www.eldiariodetucuman.com\/web\/author\/eldiariodetucuman\/"}]}},"_links":{"self":[{"href":"https:\/\/www.eldiariodetucuman.com\/web\/wp-json\/wp\/v2\/posts\/5902","targetHints":{"allow":["GET"]}}],"collection":[{"href":"https:\/\/www.eldiariodetucuman.com\/web\/wp-json\/wp\/v2\/posts"}],"about":[{"href":"https:\/\/www.eldiariodetucuman.com\/web\/wp-json\/wp\/v2\/types\/post"}],"author":[{"embeddable":true,"href":"https:\/\/www.eldiariodetucuman.com\/web\/wp-json\/wp\/v2\/users\/4"}],"replies":[{"embeddable":true,"href":"https:\/\/www.eldiariodetucuman.com\/web\/wp-json\/wp\/v2\/comments?post=5902"}],"version-history":[{"count":0,"href":"https:\/\/www.eldiariodetucuman.com\/web\/wp-json\/wp\/v2\/posts\/5902\/revisions"}],"wp:featuredmedia":[{"embeddable":true,"href":"https:\/\/www.eldiariodetucuman.com\/web\/wp-json\/wp\/v2\/media\/5903"}],"wp:attachment":[{"href":"https:\/\/www.eldiariodetucuman.com\/web\/wp-json\/wp\/v2\/media?parent=5902"}],"wp:term":[{"taxonomy":"category","embeddable":true,"href":"https:\/\/www.eldiariodetucuman.com\/web\/wp-json\/wp\/v2\/categories?post=5902"},{"taxonomy":"post_tag","embeddable":true,"href":"https:\/\/www.eldiariodetucuman.com\/web\/wp-json\/wp\/v2\/tags?post=5902"}],"curies":[{"name":"wp","href":"https:\/\/api.w.org\/{rel}","templated":true}]}}