{"id":5900,"date":"2018-02-26T12:56:51","date_gmt":"2018-02-26T15:56:51","guid":{"rendered":"http:\/\/www.eldiariodetucuman.com\/web\/mwc-2018-nokia-apela-a-la-nostalgia-para-promocionar-su-linea-de-smartphones\/"},"modified":"2018-02-26T12:56:51","modified_gmt":"2018-02-26T15:56:51","slug":"mwc-2018-nokia-apela-a-la-nostalgia-para-promocionar-su-linea-de-smartphones","status":"publish","type":"post","link":"https:\/\/www.eldiariodetucuman.com\/web\/mwc-2018-nokia-apela-a-la-nostalgia-para-promocionar-su-linea-de-smartphones\/","title":{"rendered":"MWC 2018: Nokia apela a la nostalgia para promocionar su l\u00ednea de smartphones"},"content":{"rendered":"<div>\n<div id=\"cuerpo\">\n<figure class=\"XL caja-destacada epigrafe\" id=\"figure_2638036\" data-is=\"imagen\"><span title=\"Ampliar imagen\" class=\"icon-ampliar\"><\/span><br \/>\n                        <span title=\"Cerrar modal\" class=\"icon-cerrar\"><\/span><figcaption><epigrafe>Todos los dispositivos presentados por HMD para actualizar la familia Nokia de tel\u00e9fonos y celulares<\/epigrafe><\/figcaption><\/figure>\n<p class=\"capital\">BARCELONA.- El a\u00f1o pasado le sali\u00f3 muy bien:<br \/>\n<a class=\"link\" href=\"https:\/\/www.lanacion.com.ar\/1988170-nokia-vuelve-al-mwc-2017-con-3-modelos-android-y-una-reedicion-del-clasico-3310\">con la presentaci\u00f3n de una versi\u00f3n remozada del m\u00edtico Nokia 3310<\/a>, la finlandesa HMD (due\u00f1a de la marca Nokia para celulares) logr\u00f3 ser el centro de atenci\u00f3n del<br \/>\n<!-- TODO : Revisar HTML LN9 --><br \/>\n<a href=\"http:\/\/www.lanacion.com.ar\/congreso-mundial-de-moviles-t63575\" data-event=\"contentLinkClick\"><br \/>\nCongreso Mundial de M\u00f3viles<br \/>\n<\/a> . Lo necesitaba: era el relanzamiento de la marca despu\u00e9s de la debacle de Microsoft y buscaba la mayor atenci\u00f3n posible. Y lo logr\u00f3 con creces: vendi\u00f3 unos 70 millones de tel\u00e9fonos y 10 millones de smartphones.<\/p>\n<p><!-- middle1 --><\/p>\n<p><!-- middle1 --><\/p>\n<p>En la edici\u00f3n de este a\u00f1o apel\u00f3 al mismo gui\u00f3n, con otro m\u00f3vil: el 8110, el tel\u00e9fono banana con tapa deslizante que usa Neo en The Matrix hace casi dos d\u00e9cadas. Como el del a\u00f1o pasado, no es un smartphone: es un tel\u00e9fono convencional, aunque \u00e9ste tiene 4G, Facebook, Twitter, cliente de mail y hasta Google Maps; tambi\u00e9n puede usarse como hotspot para compartir 4G con otros dispositivos v\u00eda Wi-Fi.<\/p>\n<p><!-- middle1 --><\/p>\n<section class=\"listado ademas floatFix\" id=\"listadoAdemas\" data-is-block=\"true\" data-block-name=\"n_relacionadas-cuerpo\" data-diagramacion-id=\"0\"><\/section>\n<p>Est\u00e1 disponible en un amarillo muy Nokia o en gris oscuro. Saldr\u00e1 a la venta en abril a 79 euros, un precio que es m\u00e1s para nost\u00e1lgicos que otra cosa: viene con el juego de la viborita. Un dato al pasar: corre una versi\u00f3n modificada de Firefox OS y tiene una autonom\u00eda digna de su estirpe: 25 d\u00edas en espera.<\/p>\n<p><!-- middle1 --><\/p>\n<p><!-- middle1 --><\/p>\n<figure class=\"L epigrafe\" id=\"figure_2638050\" data-is=\"imagen\"><span title=\"Ampliar imagen\" class=\"icon-ampliar\"><\/span><br \/>\n                        <span title=\"Cerrar modal\" class=\"icon-cerrar\"><\/span><\/p>\n<p>                            <img decoding=\"async\" src=\"http:\/\/bucket1.glanacion.com\/anexos\/fotos\/50\/2638050w740.jpg\" alt=\"El Nokia 8110 en versi\u00f3n 4G\"><figcaption><epigrafe>El Nokia 8110 en versi\u00f3n 4G<\/epigrafe><\/figcaption><\/figure>\n<h2 class=\"subtitulo-1\" id=\"los-smartphones-con-android-one\">\nLos smartphones, con Android One<br \/>\n<\/h2>\n<p>En lo que refiere a los smartphones, HMD apost\u00f3 por mantener los conceptos que defini\u00f3 el a\u00f1o pasado: una sociedad con Carl Zeiss, hist\u00f3rico socio de Nokia, para la parte de fotograf\u00eda, y un Android puro y actualizado (la compa\u00f1\u00eda se vanagloria de haber actualizado todos los equipos a Oreo, antes que la enorme mayor\u00eda de los dem\u00e1s fabricantes). Ahora le dio una vuelta de tuerca: tres de los tel\u00e9fonos que mostr\u00f3 son parte de Android One, el programa de Google que naci\u00f3 a mediados del a\u00f1o pasado y que es una suerte de sucesor de los Nexus: una plataforma de software pura, avalada y gestionada por Google, lo que acelera la disponibilidad de las actualizaciones.<\/p>\n<p><!-- middle1 --><\/p>\n<p>El tope de l\u00ednea es el Nokia 8 Sirocco; tiene una pantalla de 5,5 pulgadas Super AMOLED con formato 18:9 (2880 x 1440 pixeles), un Snapdragon 835 -es decir, el tope de l\u00ednea del a\u00f1o pasado-, 6 GB de RAM, doble c\u00e1mara trasera con lentes Carl Zeiss (lo que no necesariamente asegura una calidad de imagen superlativa, porque hoy mucho pasa por el software, pero sin duda ayuda) con un sensor principal de 12 megapixeles (con apertura f\/1.75) y uno secundario, con zoom 2x, de 13 megapixeles; 128 GB de almacenamiento interno (UFS 2.1), y una bater\u00eda de 3260 mAh. Tiene tambi\u00e9n sensor de huellas digitales, un cuerpo hecho en aluminio y conector USB-C. El equipo es el m\u00e1s caro de la compa\u00f1\u00eda: unos 750 euros cuando est\u00e9 disponible en abril pr\u00f3ximo, un precio que lo ubica en el mismo rango que el Galaxy S9 de Samsung.<\/p>\n<p><!-- middle1 --><\/p>\n<figure class=\"L epigrafe\" id=\"figure_2638047\" data-is=\"imagen\"><span title=\"Ampliar imagen\" class=\"icon-ampliar\"><\/span><br \/>\n                        <span title=\"Cerrar modal\" class=\"icon-cerrar\"><\/span><\/p>\n<p>                            <img decoding=\"async\" src=\"http:\/\/bucket3.glanacion.com\/anexos\/fotos\/47\/2638047w740.jpg\" alt=\"Un Nokia 8 Sirocco, el tope de l\u00ednea de la compa\u00f1\u00eda\"><figcaption><epigrafe>Un Nokia 8 Sirocco, el tope de l\u00ednea de la compa\u00f1\u00eda<\/epigrafe><\/figcaption><\/figure>\n<p>Lo sigue el Nokia 7 Plus, un equipo con una pantalla de 6 pulgadas y marcos reducidos, resoluci\u00f3n FullHD+, chip Qualcomm Snapdragon 660, 4 o 6 GB de RAM, 64 GB de almacenamiento, doble c\u00e1mara trasera con un mismo concepto que el Nokia 8, con una c\u00e1mara principal de 12 megapixeles (f\/1.7) y una c\u00e1mara secundaria con zoom de dos aumentos, para acercamientos y para lograr efecos de desenfoque del fondo en una foto. El equipo tiene una bater\u00eda de 3450 mAh, lector de huellas en la espalda y expansi\u00f3n para tarjetas microSD. Apunta a la gama media con un precio de 400 euros, tambi\u00e9n disponible en abril y con Android One.<\/p>\n<p><!-- middle1 --><\/p>\n<figure class=\"L epigrafe\" id=\"figure_2638049\" data-is=\"imagen\"><span title=\"Ampliar imagen\" class=\"icon-ampliar\"><\/span><br \/>\n                        <span title=\"Cerrar modal\" class=\"icon-cerrar\"><\/span><\/p>\n<p>                            <img decoding=\"async\" src=\"http:\/\/bucket3.glanacion.com\/anexos\/fotos\/49\/2638049w740.jpg\" alt=\"Un Nokia 7, con doble c\u00e1mara trasera\"><figcaption><epigrafe>Un Nokia 7, con doble c\u00e1mara trasera<\/epigrafe><\/figcaption><\/figure>\n<p>Luego llega el caballito de batalla, el Nokia 6 2018: Android One, hecho en un \u00fanico bloque de aluminio, pantalla de 5,5 pulgadas FullHD, 4 GB de RAM, c\u00e1mara de 16 megapixeles (f\/2.0), bater\u00eda de 3000 mAh, sensor de huellas digitales y conector USB-C. El precio internacional ser\u00e1 de menos de 200 euros.<\/p>\n<figure class=\"L epigrafe\" id=\"figure_2638039\" data-is=\"imagen\"><span title=\"Ampliar imagen\" class=\"icon-ampliar\"><\/span><br \/>\n                        <span title=\"Cerrar modal\" class=\"icon-cerrar\"><\/span><\/p>\n<p>                            <img decoding=\"async\" src=\"http:\/\/bucket3.glanacion.com\/anexos\/fotos\/39\/2638039w740.jpg\" alt=\"Un Nokia 6 edici\u00f3n 2018\"><figcaption><epigrafe>Un Nokia 6 edici\u00f3n 2018<\/epigrafe><\/figcaption><\/figure>\n<p>Al igual que Alcatel en este MWC 2018, HMD present\u00f3 un tel\u00e9fono con Android Go, la versi\u00f3n de Android con la que Google quiere llegar al segmento m\u00e1s econ\u00f3mico del mercado; el sistema operativo fue modificado para reducir todo lo que sea posible el impacto que puede tener sobre el procesador, y asegurar un rendimiento decente; Google, adem\u00e1s, se ocupa de las actualizaciones. El Nokia 1 tiene un chip Mediatek de 4 n\u00facleos, 1 GB de RAM, 8 GB de almacenamiento, una c\u00e1mara de 5 megapixeles, bater\u00eda de 2150 mAh, Android Go 8.1 y un precio de 85 euros.<\/p>\n<figure class=\"L epigrafe\" id=\"figure_2638043\" data-is=\"imagen\"><span title=\"Ampliar imagen\" class=\"icon-ampliar\"><\/span><br \/>\n                        <span title=\"Cerrar modal\" class=\"icon-cerrar\"><\/span><\/p>\n<p>                            <img decoding=\"async\" src=\"http:\/\/bucket2.glanacion.com\/anexos\/fotos\/43\/2638043w740.jpg\" alt=\"Un Nokia 1 con Android Go, una versi\u00f3n reducida del Android convencional\"><figcaption><epigrafe>Un Nokia 1 con Android Go, una versi\u00f3n reducida del Android convencional<\/epigrafe><\/figcaption><\/figure>\n<p>                <!-- firma autor --><\/p>\n<p>                <!-- temas --><\/p>\n<div class=\"temas\">\n<h4>temas <b>en esta nota<\/b><\/h4>\n<p> <!-- ***NUEVO*** - caja like --><\/p>\n<p>\n    <span class=\"texto-like\"> \u00bfTe gust\u00f3 <b>esta nota?<\/b><\/span><br \/>\n    <span class=\"icon-me-gusta\"> <\/span>\n<\/p>\n<\/p><\/div>\n<\/p><\/div>\n<\/div>\n","protected":false},"excerpt":{"rendered":"<p>Todos los dispositivos presentados por HMD para actualizar la familia Nokia de tel\u00e9fonos y celulares BARCELONA.- El a\u00f1o pasado le sali\u00f3 muy bien: con la presentaci\u00f3n de una versi\u00f3n remozada del m\u00edtico Nokia 3310, la finlandesa HMD (due\u00f1a de la marca Nokia para celulares) logr\u00f3 ser el centro de atenci\u00f3n del Congreso Mundial de M\u00f3viles [&hellip;]<\/p>\n","protected":false},"author":4,"featured_media":5901,"comment_status":"open","ping_status":"closed","sticky":false,"template":"","format":"standard","meta":{"footnotes":""},"categories":[154],"tags":[],"class_list":{"0":"post-5900","1":"post","2":"type-post","3":"status-publish","4":"format-standard","5":"has-post-thumbnail","7":"category-ciencia-y-tecnologia"},"yoast_head":"<!-- This site is optimized with the Yoast SEO plugin v27.5 - https:\/\/yoast.com\/product\/yoast-seo-wordpress\/ -->\n<title>MWC 2018: Nokia apela a la nostalgia para promocionar su l\u00ednea de smartphones - El Diario de Tucuman<\/title>\n<meta name=\"robots\" content=\"index, follow, max-snippet:-1, max-image-preview:large, max-video-preview:-1\" \/>\n<link rel=\"canonical\" href=\"https:\/\/www.eldiariodetucuman.com\/web\/mwc-2018-nokia-apela-a-la-nostalgia-para-promocionar-su-linea-de-smartphones\/\" \/>\n<meta property=\"og:locale\" content=\"es_ES\" \/>\n<meta property=\"og:type\" content=\"article\" \/>\n<meta property=\"og:title\" content=\"MWC 2018: Nokia apela a la nostalgia para promocionar su l\u00ednea de smartphones - El Diario de Tucuman\" \/>\n<meta property=\"og:description\" content=\"Todos los dispositivos presentados por HMD para actualizar la familia Nokia de tel\u00e9fonos y celulares BARCELONA.- El a\u00f1o pasado le sali\u00f3 muy bien: con la presentaci\u00f3n de una versi\u00f3n remozada del m\u00edtico Nokia 3310, la finlandesa HMD (due\u00f1a de la marca Nokia para celulares) logr\u00f3 ser el centro de atenci\u00f3n del Congreso Mundial de M\u00f3viles [&hellip;]\" \/>\n<meta property=\"og:url\" content=\"https:\/\/www.eldiariodetucuman.com\/web\/mwc-2018-nokia-apela-a-la-nostalgia-para-promocionar-su-linea-de-smartphones\/\" \/>\n<meta property=\"og:site_name\" content=\"El Diario de Tucuman\" \/>\n<meta property=\"article:published_time\" content=\"2018-02-26T15:56:51+00:00\" \/>\n<meta property=\"og:image\" content=\"https:\/\/www.eldiariodetucuman.com\/web\/wp-content\/uploads\/2018\/02\/da9deb786f9a1987c52f6e6cf2b77724.jpeg\" \/>\n\t<meta property=\"og:image:width\" content=\"1032\" \/>\n\t<meta property=\"og:image:height\" content=\"688\" \/>\n\t<meta property=\"og:image:type\" content=\"image\/jpeg\" \/>\n<meta name=\"author\" content=\"eldiario detucuman\" \/>\n<meta name=\"twitter:card\" content=\"summary_large_image\" \/>\n<meta name=\"twitter:label1\" content=\"Escrito por\" \/>\n\t<meta name=\"twitter:data1\" content=\"eldiario detucuman\" \/>\n\t<meta name=\"twitter:label2\" content=\"Tiempo de lectura\" \/>\n\t<meta name=\"twitter:data2\" content=\"4 minutos\" \/>\n<script type=\"application\/ld+json\" class=\"yoast-schema-graph\">{\"@context\":\"https:\\\/\\\/schema.org\",\"@graph\":[{\"@type\":\"Article\",\"@id\":\"https:\\\/\\\/www.eldiariodetucuman.com\\\/web\\\/mwc-2018-nokia-apela-a-la-nostalgia-para-promocionar-su-linea-de-smartphones\\\/#article\",\"isPartOf\":{\"@id\":\"https:\\\/\\\/www.eldiariodetucuman.com\\\/web\\\/mwc-2018-nokia-apela-a-la-nostalgia-para-promocionar-su-linea-de-smartphones\\\/\"},\"author\":{\"name\":\"eldiario detucuman\",\"@id\":\"https:\\\/\\\/www.eldiariodetucuman.com\\\/web\\\/#\\\/schema\\\/person\\\/6f95946e54fde848b878ffa4928071d5\"},\"headline\":\"MWC 2018: Nokia apela a la nostalgia para promocionar su l\u00ednea de smartphones\",\"datePublished\":\"2018-02-26T15:56:51+00:00\",\"mainEntityOfPage\":{\"@id\":\"https:\\\/\\\/www.eldiariodetucuman.com\\\/web\\\/mwc-2018-nokia-apela-a-la-nostalgia-para-promocionar-su-linea-de-smartphones\\\/\"},\"wordCount\":831,\"commentCount\":0,\"publisher\":{\"@id\":\"https:\\\/\\\/www.eldiariodetucuman.com\\\/web\\\/#organization\"},\"image\":{\"@id\":\"https:\\\/\\\/www.eldiariodetucuman.com\\\/web\\\/mwc-2018-nokia-apela-a-la-nostalgia-para-promocionar-su-linea-de-smartphones\\\/#primaryimage\"},\"thumbnailUrl\":\"https:\\\/\\\/www.eldiariodetucuman.com\\\/web\\\/wp-content\\\/uploads\\\/2018\\\/02\\\/da9deb786f9a1987c52f6e6cf2b77724.jpeg\",\"articleSection\":[\"ciencia y tecnologia\"],\"inLanguage\":\"es\",\"potentialAction\":[{\"@type\":\"CommentAction\",\"name\":\"Comment\",\"target\":[\"https:\\\/\\\/www.eldiariodetucuman.com\\\/web\\\/mwc-2018-nokia-apela-a-la-nostalgia-para-promocionar-su-linea-de-smartphones\\\/#respond\"]}]},{\"@type\":\"WebPage\",\"@id\":\"https:\\\/\\\/www.eldiariodetucuman.com\\\/web\\\/mwc-2018-nokia-apela-a-la-nostalgia-para-promocionar-su-linea-de-smartphones\\\/\",\"url\":\"https:\\\/\\\/www.eldiariodetucuman.com\\\/web\\\/mwc-2018-nokia-apela-a-la-nostalgia-para-promocionar-su-linea-de-smartphones\\\/\",\"name\":\"MWC 2018: Nokia apela a la nostalgia para promocionar su l\u00ednea de smartphones - El Diario de Tucuman\",\"isPartOf\":{\"@id\":\"https:\\\/\\\/www.eldiariodetucuman.com\\\/web\\\/#website\"},\"primaryImageOfPage\":{\"@id\":\"https:\\\/\\\/www.eldiariodetucuman.com\\\/web\\\/mwc-2018-nokia-apela-a-la-nostalgia-para-promocionar-su-linea-de-smartphones\\\/#primaryimage\"},\"image\":{\"@id\":\"https:\\\/\\\/www.eldiariodetucuman.com\\\/web\\\/mwc-2018-nokia-apela-a-la-nostalgia-para-promocionar-su-linea-de-smartphones\\\/#primaryimage\"},\"thumbnailUrl\":\"https:\\\/\\\/www.eldiariodetucuman.com\\\/web\\\/wp-content\\\/uploads\\\/2018\\\/02\\\/da9deb786f9a1987c52f6e6cf2b77724.jpeg\",\"datePublished\":\"2018-02-26T15:56:51+00:00\",\"breadcrumb\":{\"@id\":\"https:\\\/\\\/www.eldiariodetucuman.com\\\/web\\\/mwc-2018-nokia-apela-a-la-nostalgia-para-promocionar-su-linea-de-smartphones\\\/#breadcrumb\"},\"inLanguage\":\"es\",\"potentialAction\":[{\"@type\":\"ReadAction\",\"target\":[\"https:\\\/\\\/www.eldiariodetucuman.com\\\/web\\\/mwc-2018-nokia-apela-a-la-nostalgia-para-promocionar-su-linea-de-smartphones\\\/\"]}]},{\"@type\":\"ImageObject\",\"inLanguage\":\"es\",\"@id\":\"https:\\\/\\\/www.eldiariodetucuman.com\\\/web\\\/mwc-2018-nokia-apela-a-la-nostalgia-para-promocionar-su-linea-de-smartphones\\\/#primaryimage\",\"url\":\"https:\\\/\\\/www.eldiariodetucuman.com\\\/web\\\/wp-content\\\/uploads\\\/2018\\\/02\\\/da9deb786f9a1987c52f6e6cf2b77724.jpeg\",\"contentUrl\":\"https:\\\/\\\/www.eldiariodetucuman.com\\\/web\\\/wp-content\\\/uploads\\\/2018\\\/02\\\/da9deb786f9a1987c52f6e6cf2b77724.jpeg\",\"width\":1032,\"height\":688},{\"@type\":\"BreadcrumbList\",\"@id\":\"https:\\\/\\\/www.eldiariodetucuman.com\\\/web\\\/mwc-2018-nokia-apela-a-la-nostalgia-para-promocionar-su-linea-de-smartphones\\\/#breadcrumb\",\"itemListElement\":[{\"@type\":\"ListItem\",\"position\":1,\"name\":\"Portada\",\"item\":\"https:\\\/\\\/www.eldiariodetucuman.com\\\/web\\\/\"},{\"@type\":\"ListItem\",\"position\":2,\"name\":\"MWC 2018: Nokia apela a la nostalgia para promocionar su l\u00ednea de smartphones\"}]},{\"@type\":\"WebSite\",\"@id\":\"https:\\\/\\\/www.eldiariodetucuman.com\\\/web\\\/#website\",\"url\":\"https:\\\/\\\/www.eldiariodetucuman.com\\\/web\\\/\",\"name\":\"El Diario de Tucuman\",\"description\":\"Diario Tucuman - Informaci\u00f3n y noticias\",\"publisher\":{\"@id\":\"https:\\\/\\\/www.eldiariodetucuman.com\\\/web\\\/#organization\"},\"potentialAction\":[{\"@type\":\"SearchAction\",\"target\":{\"@type\":\"EntryPoint\",\"urlTemplate\":\"https:\\\/\\\/www.eldiariodetucuman.com\\\/web\\\/?s={search_term_string}\"},\"query-input\":{\"@type\":\"PropertyValueSpecification\",\"valueRequired\":true,\"valueName\":\"search_term_string\"}}],\"inLanguage\":\"es\"},{\"@type\":\"Organization\",\"@id\":\"https:\\\/\\\/www.eldiariodetucuman.com\\\/web\\\/#organization\",\"name\":\"El Diario de Tucuman\",\"url\":\"https:\\\/\\\/www.eldiariodetucuman.com\\\/web\\\/\",\"logo\":{\"@type\":\"ImageObject\",\"inLanguage\":\"es\",\"@id\":\"https:\\\/\\\/www.eldiariodetucuman.com\\\/web\\\/#\\\/schema\\\/logo\\\/image\\\/\",\"url\":\"http:\\\/\\\/www.eldiariodetucuman.com\\\/web\\\/wp-content\\\/uploads\\\/2017\\\/12\\\/el-diario-de-tucuman.jpg\",\"contentUrl\":\"http:\\\/\\\/www.eldiariodetucuman.com\\\/web\\\/wp-content\\\/uploads\\\/2017\\\/12\\\/el-diario-de-tucuman.jpg\",\"width\":272,\"height\":92,\"caption\":\"El Diario de Tucuman\"},\"image\":{\"@id\":\"https:\\\/\\\/www.eldiariodetucuman.com\\\/web\\\/#\\\/schema\\\/logo\\\/image\\\/\"}},{\"@type\":\"Person\",\"@id\":\"https:\\\/\\\/www.eldiariodetucuman.com\\\/web\\\/#\\\/schema\\\/person\\\/6f95946e54fde848b878ffa4928071d5\",\"name\":\"eldiario detucuman\",\"image\":{\"@type\":\"ImageObject\",\"inLanguage\":\"es\",\"@id\":\"https:\\\/\\\/secure.gravatar.com\\\/avatar\\\/b6e1f89c5c4044c4962c8e6c20b1ca2cc99f549c965908afd4ec5308b3f51bfe?s=96&d=mm&r=g\",\"url\":\"https:\\\/\\\/secure.gravatar.com\\\/avatar\\\/b6e1f89c5c4044c4962c8e6c20b1ca2cc99f549c965908afd4ec5308b3f51bfe?s=96&d=mm&r=g\",\"contentUrl\":\"https:\\\/\\\/secure.gravatar.com\\\/avatar\\\/b6e1f89c5c4044c4962c8e6c20b1ca2cc99f549c965908afd4ec5308b3f51bfe?s=96&d=mm&r=g\",\"caption\":\"eldiario detucuman\"},\"url\":\"https:\\\/\\\/www.eldiariodetucuman.com\\\/web\\\/author\\\/eldiariodetucuman\\\/\"}]}<\/script>\n<!-- \/ Yoast SEO plugin. -->","yoast_head_json":{"title":"MWC 2018: Nokia apela a la nostalgia para promocionar su l\u00ednea de smartphones - El Diario de Tucuman","robots":{"index":"index","follow":"follow","max-snippet":"max-snippet:-1","max-image-preview":"max-image-preview:large","max-video-preview":"max-video-preview:-1"},"canonical":"https:\/\/www.eldiariodetucuman.com\/web\/mwc-2018-nokia-apela-a-la-nostalgia-para-promocionar-su-linea-de-smartphones\/","og_locale":"es_ES","og_type":"article","og_title":"MWC 2018: Nokia apela a la nostalgia para promocionar su l\u00ednea de smartphones - El Diario de Tucuman","og_description":"Todos los dispositivos presentados por HMD para actualizar la familia Nokia de tel\u00e9fonos y celulares BARCELONA.- El a\u00f1o pasado le sali\u00f3 muy bien: con la presentaci\u00f3n de una versi\u00f3n remozada del m\u00edtico Nokia 3310, la finlandesa HMD (due\u00f1a de la marca Nokia para celulares) logr\u00f3 ser el centro de atenci\u00f3n del Congreso Mundial de M\u00f3viles [&hellip;]","og_url":"https:\/\/www.eldiariodetucuman.com\/web\/mwc-2018-nokia-apela-a-la-nostalgia-para-promocionar-su-linea-de-smartphones\/","og_site_name":"El Diario de Tucuman","article_published_time":"2018-02-26T15:56:51+00:00","og_image":[{"width":1032,"height":688,"url":"https:\/\/www.eldiariodetucuman.com\/web\/wp-content\/uploads\/2018\/02\/da9deb786f9a1987c52f6e6cf2b77724.jpeg","type":"image\/jpeg"}],"author":"eldiario detucuman","twitter_card":"summary_large_image","twitter_misc":{"Escrito por":"eldiario detucuman","Tiempo de lectura":"4 minutos"},"schema":{"@context":"https:\/\/schema.org","@graph":[{"@type":"Article","@id":"https:\/\/www.eldiariodetucuman.com\/web\/mwc-2018-nokia-apela-a-la-nostalgia-para-promocionar-su-linea-de-smartphones\/#article","isPartOf":{"@id":"https:\/\/www.eldiariodetucuman.com\/web\/mwc-2018-nokia-apela-a-la-nostalgia-para-promocionar-su-linea-de-smartphones\/"},"author":{"name":"eldiario detucuman","@id":"https:\/\/www.eldiariodetucuman.com\/web\/#\/schema\/person\/6f95946e54fde848b878ffa4928071d5"},"headline":"MWC 2018: Nokia apela a la nostalgia para promocionar su l\u00ednea de smartphones","datePublished":"2018-02-26T15:56:51+00:00","mainEntityOfPage":{"@id":"https:\/\/www.eldiariodetucuman.com\/web\/mwc-2018-nokia-apela-a-la-nostalgia-para-promocionar-su-linea-de-smartphones\/"},"wordCount":831,"commentCount":0,"publisher":{"@id":"https:\/\/www.eldiariodetucuman.com\/web\/#organization"},"image":{"@id":"https:\/\/www.eldiariodetucuman.com\/web\/mwc-2018-nokia-apela-a-la-nostalgia-para-promocionar-su-linea-de-smartphones\/#primaryimage"},"thumbnailUrl":"https:\/\/www.eldiariodetucuman.com\/web\/wp-content\/uploads\/2018\/02\/da9deb786f9a1987c52f6e6cf2b77724.jpeg","articleSection":["ciencia y tecnologia"],"inLanguage":"es","potentialAction":[{"@type":"CommentAction","name":"Comment","target":["https:\/\/www.eldiariodetucuman.com\/web\/mwc-2018-nokia-apela-a-la-nostalgia-para-promocionar-su-linea-de-smartphones\/#respond"]}]},{"@type":"WebPage","@id":"https:\/\/www.eldiariodetucuman.com\/web\/mwc-2018-nokia-apela-a-la-nostalgia-para-promocionar-su-linea-de-smartphones\/","url":"https:\/\/www.eldiariodetucuman.com\/web\/mwc-2018-nokia-apela-a-la-nostalgia-para-promocionar-su-linea-de-smartphones\/","name":"MWC 2018: Nokia apela a la nostalgia para promocionar su l\u00ednea de smartphones - El Diario de Tucuman","isPartOf":{"@id":"https:\/\/www.eldiariodetucuman.com\/web\/#website"},"primaryImageOfPage":{"@id":"https:\/\/www.eldiariodetucuman.com\/web\/mwc-2018-nokia-apela-a-la-nostalgia-para-promocionar-su-linea-de-smartphones\/#primaryimage"},"image":{"@id":"https:\/\/www.eldiariodetucuman.com\/web\/mwc-2018-nokia-apela-a-la-nostalgia-para-promocionar-su-linea-de-smartphones\/#primaryimage"},"thumbnailUrl":"https:\/\/www.eldiariodetucuman.com\/web\/wp-content\/uploads\/2018\/02\/da9deb786f9a1987c52f6e6cf2b77724.jpeg","datePublished":"2018-02-26T15:56:51+00:00","breadcrumb":{"@id":"https:\/\/www.eldiariodetucuman.com\/web\/mwc-2018-nokia-apela-a-la-nostalgia-para-promocionar-su-linea-de-smartphones\/#breadcrumb"},"inLanguage":"es","potentialAction":[{"@type":"ReadAction","target":["https:\/\/www.eldiariodetucuman.com\/web\/mwc-2018-nokia-apela-a-la-nostalgia-para-promocionar-su-linea-de-smartphones\/"]}]},{"@type":"ImageObject","inLanguage":"es","@id":"https:\/\/www.eldiariodetucuman.com\/web\/mwc-2018-nokia-apela-a-la-nostalgia-para-promocionar-su-linea-de-smartphones\/#primaryimage","url":"https:\/\/www.eldiariodetucuman.com\/web\/wp-content\/uploads\/2018\/02\/da9deb786f9a1987c52f6e6cf2b77724.jpeg","contentUrl":"https:\/\/www.eldiariodetucuman.com\/web\/wp-content\/uploads\/2018\/02\/da9deb786f9a1987c52f6e6cf2b77724.jpeg","width":1032,"height":688},{"@type":"BreadcrumbList","@id":"https:\/\/www.eldiariodetucuman.com\/web\/mwc-2018-nokia-apela-a-la-nostalgia-para-promocionar-su-linea-de-smartphones\/#breadcrumb","itemListElement":[{"@type":"ListItem","position":1,"name":"Portada","item":"https:\/\/www.eldiariodetucuman.com\/web\/"},{"@type":"ListItem","position":2,"name":"MWC 2018: Nokia apela a la nostalgia para promocionar su l\u00ednea de smartphones"}]},{"@type":"WebSite","@id":"https:\/\/www.eldiariodetucuman.com\/web\/#website","url":"https:\/\/www.eldiariodetucuman.com\/web\/","name":"El Diario de Tucuman","description":"Diario Tucuman - Informaci\u00f3n y noticias","publisher":{"@id":"https:\/\/www.eldiariodetucuman.com\/web\/#organization"},"potentialAction":[{"@type":"SearchAction","target":{"@type":"EntryPoint","urlTemplate":"https:\/\/www.eldiariodetucuman.com\/web\/?s={search_term_string}"},"query-input":{"@type":"PropertyValueSpecification","valueRequired":true,"valueName":"search_term_string"}}],"inLanguage":"es"},{"@type":"Organization","@id":"https:\/\/www.eldiariodetucuman.com\/web\/#organization","name":"El Diario de Tucuman","url":"https:\/\/www.eldiariodetucuman.com\/web\/","logo":{"@type":"ImageObject","inLanguage":"es","@id":"https:\/\/www.eldiariodetucuman.com\/web\/#\/schema\/logo\/image\/","url":"http:\/\/www.eldiariodetucuman.com\/web\/wp-content\/uploads\/2017\/12\/el-diario-de-tucuman.jpg","contentUrl":"http:\/\/www.eldiariodetucuman.com\/web\/wp-content\/uploads\/2017\/12\/el-diario-de-tucuman.jpg","width":272,"height":92,"caption":"El Diario de Tucuman"},"image":{"@id":"https:\/\/www.eldiariodetucuman.com\/web\/#\/schema\/logo\/image\/"}},{"@type":"Person","@id":"https:\/\/www.eldiariodetucuman.com\/web\/#\/schema\/person\/6f95946e54fde848b878ffa4928071d5","name":"eldiario detucuman","image":{"@type":"ImageObject","inLanguage":"es","@id":"https:\/\/secure.gravatar.com\/avatar\/b6e1f89c5c4044c4962c8e6c20b1ca2cc99f549c965908afd4ec5308b3f51bfe?s=96&d=mm&r=g","url":"https:\/\/secure.gravatar.com\/avatar\/b6e1f89c5c4044c4962c8e6c20b1ca2cc99f549c965908afd4ec5308b3f51bfe?s=96&d=mm&r=g","contentUrl":"https:\/\/secure.gravatar.com\/avatar\/b6e1f89c5c4044c4962c8e6c20b1ca2cc99f549c965908afd4ec5308b3f51bfe?s=96&d=mm&r=g","caption":"eldiario detucuman"},"url":"https:\/\/www.eldiariodetucuman.com\/web\/author\/eldiariodetucuman\/"}]}},"_links":{"self":[{"href":"https:\/\/www.eldiariodetucuman.com\/web\/wp-json\/wp\/v2\/posts\/5900","targetHints":{"allow":["GET"]}}],"collection":[{"href":"https:\/\/www.eldiariodetucuman.com\/web\/wp-json\/wp\/v2\/posts"}],"about":[{"href":"https:\/\/www.eldiariodetucuman.com\/web\/wp-json\/wp\/v2\/types\/post"}],"author":[{"embeddable":true,"href":"https:\/\/www.eldiariodetucuman.com\/web\/wp-json\/wp\/v2\/users\/4"}],"replies":[{"embeddable":true,"href":"https:\/\/www.eldiariodetucuman.com\/web\/wp-json\/wp\/v2\/comments?post=5900"}],"version-history":[{"count":0,"href":"https:\/\/www.eldiariodetucuman.com\/web\/wp-json\/wp\/v2\/posts\/5900\/revisions"}],"wp:featuredmedia":[{"embeddable":true,"href":"https:\/\/www.eldiariodetucuman.com\/web\/wp-json\/wp\/v2\/media\/5901"}],"wp:attachment":[{"href":"https:\/\/www.eldiariodetucuman.com\/web\/wp-json\/wp\/v2\/media?parent=5900"}],"wp:term":[{"taxonomy":"category","embeddable":true,"href":"https:\/\/www.eldiariodetucuman.com\/web\/wp-json\/wp\/v2\/categories?post=5900"},{"taxonomy":"post_tag","embeddable":true,"href":"https:\/\/www.eldiariodetucuman.com\/web\/wp-json\/wp\/v2\/tags?post=5900"}],"curies":[{"name":"wp","href":"https:\/\/api.w.org\/{rel}","templated":true}]}}