{"id":5899,"date":"2018-02-26T12:50:43","date_gmt":"2018-02-26T15:50:43","guid":{"rendered":"http:\/\/www.eldiariodetucuman.com\/web\/declaran-emergencia-social-en-brasil-por-inmigracion-venezolana\/"},"modified":"2018-02-26T12:50:43","modified_gmt":"2018-02-26T15:50:43","slug":"declaran-emergencia-social-en-brasil-por-inmigracion-venezolana","status":"publish","type":"post","link":"https:\/\/www.eldiariodetucuman.com\/web\/declaran-emergencia-social-en-brasil-por-inmigracion-venezolana\/","title":{"rendered":"Declaran emergencia social en Brasil por inmigraci\u00f3n venezolana"},"content":{"rendered":"<div>\n<div itemprop=\"articleBody\" readability=\"96.995049504951\">\n<div>\n<figure class=\"image\"><img decoding=\"async\" alt=\"\" data-height=\"422\" data-size=\"w:1014,h:575\" data-width=\"745\" hspace=\"5\" src=\"https:\/\/www.cronica.com.ar\/export\/sites\/cronica\/img\/2018\/02\/24\/ven_crop1519511126475.jpg_344123159.jpg\" title=\"\" vspace=\"5\"><figcaption>Refugio de venezolanos en Boa Vista.<\/figcaption><\/figure>\n<\/div>\n<p>La alcald\u00eda de la ciudad de Boa Vista, capital del norte\u00f1o estado de Roraima en   <a href=\"https:\/\/www.cronica.com.ar\/tags\/Brasil\">Brasil<\/a>, decret\u00f3 el \u00a0estado de emergencia social debido a la gran afluencia de inmigrantes de   <a href=\"https:\/\/www.cronica.com.ar\/tags\/Venezuela\">Venezuela<\/a> que llegan a diario a la ciudad, informaron\u00a0medio locales.<\/p>\n<p>El decreto en cuesti\u00f3n fue firmado por la alcaldesa de la ciudad, <strong>Teresa Surita<\/strong>, con vigencia por 180 d\u00edas, y dej\u00f3 en estado de alerta \u00a0a todas las secretar\u00edas de gobierno, en especial a la de Gesti\u00f3n Social.<\/p>\n<p><em>\u00abTenemos una ciudad organizada que vive un momento de crisis sin precedentes. No podemos cerrar los ojos ante personas que viven en la calle, principalmente los ni\u00f1os, expuestos a condiciones inhumanas, de enfermedades y prostituci\u00f3n. Estamos realizando acciones para atender a las personas de forma digna\u00bb,<\/em> cit\u00f3 el peri\u00f3dico <em>Folha<\/em> de Boa Vista a la alcaldesa Surita.<\/p>\n<p>En Boa Vista, seg\u00fan las informaciones del propio gobierno municipal, residen actualmente 40.000 venezolanos, lo que equivale a m\u00e1s de un 10% de la poblaci\u00f3n total de la ciudad, que es de 330.000 habitantes.<\/p>\n<p>Por su parte, seg\u00fan inform\u00f3 la Polic\u00eda Federal brasile\u00f1a (PF) en 2017 ingresaron a   <a href=\"https:\/\/www.cronica.com.ar\/tags\/Brasil\">Brasil<\/a> 70.000 venezolanos por la frontera de Roraima, mientras que en lo que va de este a\u00f1o ya lo hicieron otros 18.000 en ese mismo estado, inform\u00f3 la agencia de noticias DPA.<\/p>\n<p>Asimismo, el gobierno de Boa Vista estima que alrededor de 800 venezolanos llegan a diario al estado, fronterizo con   <a href=\"https:\/\/www.cronica.com.ar\/tags\/Venezuela\">Venezuela<\/a>, que escapan de la severa crisis econ\u00f3mica y pol\u00edtica que \u00a0afecta a \u00e9se pa\u00eds.<\/p>\n<p>Debido a la gravedad de la situaci\u00f3n, la gobernadora de Roraima, <strong>Suely Campos<\/strong>, confirm\u00f3 este viernes\u00a0que inmigrantes venezolanos ser\u00e1n trasladados desde el pr\u00f3ximo martes desde el citado estado a otras regiones de   <a href=\"https:\/\/www.cronica.com.ar\/tags\/Brasil\">Brasil<\/a>.<\/p>\n<p>De acuerdo con la explicaci\u00f3n de Campos, los inmigrantes elegidos, que actualmente viven en refugios abiertos por el Estado, ir\u00e1n a los estados de Amazonas, tambi\u00e9n en el norte del pa\u00eds, y a Sao Paulo, en la regi\u00f3n sureste del pa\u00eds.\u00a0<\/p>\n<p><a href=\"https:\/\/www.cronica.com.ar\/tags\/Venezuela\">Venezuela<\/a> vive una crisis econ\u00f3mica y pol\u00edtica, agudizada por un desabastecimiento de alimentos y medicamentos, que est\u00e1 provocando un importante \u00e9xodo de sus habitantes a varios pa\u00edses de Suram\u00e9rica.<\/p>\n<\/div>\n<\/div>\n","protected":false},"excerpt":{"rendered":"<p>Refugio de venezolanos en Boa Vista. La alcald\u00eda de la ciudad de Boa Vista, capital del norte\u00f1o estado de Roraima en Brasil, decret\u00f3 el \u00a0estado de emergencia social debido a la gran afluencia de inmigrantes de Venezuela que llegan a diario a la ciudad, informaron\u00a0medio locales. El decreto en cuesti\u00f3n fue firmado por la alcaldesa [&hellip;]<\/p>\n","protected":false},"author":4,"featured_media":0,"comment_status":"open","ping_status":"closed","sticky":false,"template":"","format":"standard","meta":{"footnotes":""},"categories":[194],"tags":[],"class_list":{"0":"post-5899","1":"post","2":"type-post","3":"status-publish","4":"format-standard","6":"category-internacionales"},"yoast_head":"<!-- This site is optimized with the Yoast SEO plugin v27.5 - https:\/\/yoast.com\/product\/yoast-seo-wordpress\/ -->\n<title>Declaran emergencia social en Brasil por inmigraci\u00f3n venezolana - El Diario de Tucuman<\/title>\n<meta name=\"robots\" content=\"index, follow, max-snippet:-1, max-image-preview:large, max-video-preview:-1\" \/>\n<link rel=\"canonical\" href=\"https:\/\/www.eldiariodetucuman.com\/web\/declaran-emergencia-social-en-brasil-por-inmigracion-venezolana\/\" \/>\n<meta property=\"og:locale\" content=\"es_ES\" \/>\n<meta property=\"og:type\" content=\"article\" \/>\n<meta property=\"og:title\" content=\"Declaran emergencia social en Brasil por inmigraci\u00f3n venezolana - El Diario de Tucuman\" \/>\n<meta property=\"og:description\" content=\"Refugio de venezolanos en Boa Vista. La alcald\u00eda de la ciudad de Boa Vista, capital del norte\u00f1o estado de Roraima en Brasil, decret\u00f3 el \u00a0estado de emergencia social debido a la gran afluencia de inmigrantes de Venezuela que llegan a diario a la ciudad, informaron\u00a0medio locales. El decreto en cuesti\u00f3n fue firmado por la alcaldesa [&hellip;]\" \/>\n<meta property=\"og:url\" content=\"https:\/\/www.eldiariodetucuman.com\/web\/declaran-emergencia-social-en-brasil-por-inmigracion-venezolana\/\" \/>\n<meta property=\"og:site_name\" content=\"El Diario de Tucuman\" \/>\n<meta property=\"article:published_time\" content=\"2018-02-26T15:50:43+00:00\" \/>\n<meta property=\"og:image\" content=\"https:\/\/www.cronica.com.ar\/export\/sites\/cronica\/img\/2018\/02\/24\/ven_crop1519511126475.jpg_344123159.jpg\" \/>\n<meta name=\"author\" content=\"eldiario detucuman\" \/>\n<meta name=\"twitter:card\" content=\"summary_large_image\" \/>\n<meta name=\"twitter:label1\" content=\"Escrito por\" \/>\n\t<meta name=\"twitter:data1\" content=\"eldiario detucuman\" \/>\n\t<meta name=\"twitter:label2\" content=\"Tiempo de lectura\" \/>\n\t<meta name=\"twitter:data2\" content=\"2 minutos\" \/>\n<script type=\"application\/ld+json\" class=\"yoast-schema-graph\">{\"@context\":\"https:\\\/\\\/schema.org\",\"@graph\":[{\"@type\":\"Article\",\"@id\":\"https:\\\/\\\/www.eldiariodetucuman.com\\\/web\\\/declaran-emergencia-social-en-brasil-por-inmigracion-venezolana\\\/#article\",\"isPartOf\":{\"@id\":\"https:\\\/\\\/www.eldiariodetucuman.com\\\/web\\\/declaran-emergencia-social-en-brasil-por-inmigracion-venezolana\\\/\"},\"author\":{\"name\":\"eldiario detucuman\",\"@id\":\"https:\\\/\\\/www.eldiariodetucuman.com\\\/web\\\/#\\\/schema\\\/person\\\/6f95946e54fde848b878ffa4928071d5\"},\"headline\":\"Declaran emergencia social en Brasil por inmigraci\u00f3n venezolana\",\"datePublished\":\"2018-02-26T15:50:43+00:00\",\"mainEntityOfPage\":{\"@id\":\"https:\\\/\\\/www.eldiariodetucuman.com\\\/web\\\/declaran-emergencia-social-en-brasil-por-inmigracion-venezolana\\\/\"},\"wordCount\":393,\"commentCount\":0,\"publisher\":{\"@id\":\"https:\\\/\\\/www.eldiariodetucuman.com\\\/web\\\/#organization\"},\"image\":{\"@id\":\"https:\\\/\\\/www.eldiariodetucuman.com\\\/web\\\/declaran-emergencia-social-en-brasil-por-inmigracion-venezolana\\\/#primaryimage\"},\"thumbnailUrl\":\"https:\\\/\\\/www.cronica.com.ar\\\/export\\\/sites\\\/cronica\\\/img\\\/2018\\\/02\\\/24\\\/ven_crop1519511126475.jpg_344123159.jpg\",\"articleSection\":[\"Internacionales\"],\"inLanguage\":\"es\",\"potentialAction\":[{\"@type\":\"CommentAction\",\"name\":\"Comment\",\"target\":[\"https:\\\/\\\/www.eldiariodetucuman.com\\\/web\\\/declaran-emergencia-social-en-brasil-por-inmigracion-venezolana\\\/#respond\"]}]},{\"@type\":\"WebPage\",\"@id\":\"https:\\\/\\\/www.eldiariodetucuman.com\\\/web\\\/declaran-emergencia-social-en-brasil-por-inmigracion-venezolana\\\/\",\"url\":\"https:\\\/\\\/www.eldiariodetucuman.com\\\/web\\\/declaran-emergencia-social-en-brasil-por-inmigracion-venezolana\\\/\",\"name\":\"Declaran emergencia social en Brasil por inmigraci\u00f3n venezolana - El Diario de Tucuman\",\"isPartOf\":{\"@id\":\"https:\\\/\\\/www.eldiariodetucuman.com\\\/web\\\/#website\"},\"primaryImageOfPage\":{\"@id\":\"https:\\\/\\\/www.eldiariodetucuman.com\\\/web\\\/declaran-emergencia-social-en-brasil-por-inmigracion-venezolana\\\/#primaryimage\"},\"image\":{\"@id\":\"https:\\\/\\\/www.eldiariodetucuman.com\\\/web\\\/declaran-emergencia-social-en-brasil-por-inmigracion-venezolana\\\/#primaryimage\"},\"thumbnailUrl\":\"https:\\\/\\\/www.cronica.com.ar\\\/export\\\/sites\\\/cronica\\\/img\\\/2018\\\/02\\\/24\\\/ven_crop1519511126475.jpg_344123159.jpg\",\"datePublished\":\"2018-02-26T15:50:43+00:00\",\"breadcrumb\":{\"@id\":\"https:\\\/\\\/www.eldiariodetucuman.com\\\/web\\\/declaran-emergencia-social-en-brasil-por-inmigracion-venezolana\\\/#breadcrumb\"},\"inLanguage\":\"es\",\"potentialAction\":[{\"@type\":\"ReadAction\",\"target\":[\"https:\\\/\\\/www.eldiariodetucuman.com\\\/web\\\/declaran-emergencia-social-en-brasil-por-inmigracion-venezolana\\\/\"]}]},{\"@type\":\"ImageObject\",\"inLanguage\":\"es\",\"@id\":\"https:\\\/\\\/www.eldiariodetucuman.com\\\/web\\\/declaran-emergencia-social-en-brasil-por-inmigracion-venezolana\\\/#primaryimage\",\"url\":\"https:\\\/\\\/www.cronica.com.ar\\\/export\\\/sites\\\/cronica\\\/img\\\/2018\\\/02\\\/24\\\/ven_crop1519511126475.jpg_344123159.jpg\",\"contentUrl\":\"https:\\\/\\\/www.cronica.com.ar\\\/export\\\/sites\\\/cronica\\\/img\\\/2018\\\/02\\\/24\\\/ven_crop1519511126475.jpg_344123159.jpg\"},{\"@type\":\"BreadcrumbList\",\"@id\":\"https:\\\/\\\/www.eldiariodetucuman.com\\\/web\\\/declaran-emergencia-social-en-brasil-por-inmigracion-venezolana\\\/#breadcrumb\",\"itemListElement\":[{\"@type\":\"ListItem\",\"position\":1,\"name\":\"Portada\",\"item\":\"https:\\\/\\\/www.eldiariodetucuman.com\\\/web\\\/\"},{\"@type\":\"ListItem\",\"position\":2,\"name\":\"Declaran emergencia social en Brasil por inmigraci\u00f3n venezolana\"}]},{\"@type\":\"WebSite\",\"@id\":\"https:\\\/\\\/www.eldiariodetucuman.com\\\/web\\\/#website\",\"url\":\"https:\\\/\\\/www.eldiariodetucuman.com\\\/web\\\/\",\"name\":\"El Diario de Tucuman\",\"description\":\"Diario Tucuman - Informaci\u00f3n y noticias\",\"publisher\":{\"@id\":\"https:\\\/\\\/www.eldiariodetucuman.com\\\/web\\\/#organization\"},\"potentialAction\":[{\"@type\":\"SearchAction\",\"target\":{\"@type\":\"EntryPoint\",\"urlTemplate\":\"https:\\\/\\\/www.eldiariodetucuman.com\\\/web\\\/?s={search_term_string}\"},\"query-input\":{\"@type\":\"PropertyValueSpecification\",\"valueRequired\":true,\"valueName\":\"search_term_string\"}}],\"inLanguage\":\"es\"},{\"@type\":\"Organization\",\"@id\":\"https:\\\/\\\/www.eldiariodetucuman.com\\\/web\\\/#organization\",\"name\":\"El Diario de Tucuman\",\"url\":\"https:\\\/\\\/www.eldiariodetucuman.com\\\/web\\\/\",\"logo\":{\"@type\":\"ImageObject\",\"inLanguage\":\"es\",\"@id\":\"https:\\\/\\\/www.eldiariodetucuman.com\\\/web\\\/#\\\/schema\\\/logo\\\/image\\\/\",\"url\":\"http:\\\/\\\/www.eldiariodetucuman.com\\\/web\\\/wp-content\\\/uploads\\\/2017\\\/12\\\/el-diario-de-tucuman.jpg\",\"contentUrl\":\"http:\\\/\\\/www.eldiariodetucuman.com\\\/web\\\/wp-content\\\/uploads\\\/2017\\\/12\\\/el-diario-de-tucuman.jpg\",\"width\":272,\"height\":92,\"caption\":\"El Diario de Tucuman\"},\"image\":{\"@id\":\"https:\\\/\\\/www.eldiariodetucuman.com\\\/web\\\/#\\\/schema\\\/logo\\\/image\\\/\"}},{\"@type\":\"Person\",\"@id\":\"https:\\\/\\\/www.eldiariodetucuman.com\\\/web\\\/#\\\/schema\\\/person\\\/6f95946e54fde848b878ffa4928071d5\",\"name\":\"eldiario detucuman\",\"image\":{\"@type\":\"ImageObject\",\"inLanguage\":\"es\",\"@id\":\"https:\\\/\\\/secure.gravatar.com\\\/avatar\\\/b6e1f89c5c4044c4962c8e6c20b1ca2cc99f549c965908afd4ec5308b3f51bfe?s=96&d=mm&r=g\",\"url\":\"https:\\\/\\\/secure.gravatar.com\\\/avatar\\\/b6e1f89c5c4044c4962c8e6c20b1ca2cc99f549c965908afd4ec5308b3f51bfe?s=96&d=mm&r=g\",\"contentUrl\":\"https:\\\/\\\/secure.gravatar.com\\\/avatar\\\/b6e1f89c5c4044c4962c8e6c20b1ca2cc99f549c965908afd4ec5308b3f51bfe?s=96&d=mm&r=g\",\"caption\":\"eldiario detucuman\"},\"url\":\"https:\\\/\\\/www.eldiariodetucuman.com\\\/web\\\/author\\\/eldiariodetucuman\\\/\"}]}<\/script>\n<!-- \/ Yoast SEO plugin. -->","yoast_head_json":{"title":"Declaran emergencia social en Brasil por inmigraci\u00f3n venezolana - El Diario de Tucuman","robots":{"index":"index","follow":"follow","max-snippet":"max-snippet:-1","max-image-preview":"max-image-preview:large","max-video-preview":"max-video-preview:-1"},"canonical":"https:\/\/www.eldiariodetucuman.com\/web\/declaran-emergencia-social-en-brasil-por-inmigracion-venezolana\/","og_locale":"es_ES","og_type":"article","og_title":"Declaran emergencia social en Brasil por inmigraci\u00f3n venezolana - El Diario de Tucuman","og_description":"Refugio de venezolanos en Boa Vista. La alcald\u00eda de la ciudad de Boa Vista, capital del norte\u00f1o estado de Roraima en Brasil, decret\u00f3 el \u00a0estado de emergencia social debido a la gran afluencia de inmigrantes de Venezuela que llegan a diario a la ciudad, informaron\u00a0medio locales. El decreto en cuesti\u00f3n fue firmado por la alcaldesa [&hellip;]","og_url":"https:\/\/www.eldiariodetucuman.com\/web\/declaran-emergencia-social-en-brasil-por-inmigracion-venezolana\/","og_site_name":"El Diario de Tucuman","article_published_time":"2018-02-26T15:50:43+00:00","og_image":[{"url":"https:\/\/www.cronica.com.ar\/export\/sites\/cronica\/img\/2018\/02\/24\/ven_crop1519511126475.jpg_344123159.jpg","type":"","width":"","height":""}],"author":"eldiario detucuman","twitter_card":"summary_large_image","twitter_misc":{"Escrito por":"eldiario detucuman","Tiempo de lectura":"2 minutos"},"schema":{"@context":"https:\/\/schema.org","@graph":[{"@type":"Article","@id":"https:\/\/www.eldiariodetucuman.com\/web\/declaran-emergencia-social-en-brasil-por-inmigracion-venezolana\/#article","isPartOf":{"@id":"https:\/\/www.eldiariodetucuman.com\/web\/declaran-emergencia-social-en-brasil-por-inmigracion-venezolana\/"},"author":{"name":"eldiario detucuman","@id":"https:\/\/www.eldiariodetucuman.com\/web\/#\/schema\/person\/6f95946e54fde848b878ffa4928071d5"},"headline":"Declaran emergencia social en Brasil por inmigraci\u00f3n venezolana","datePublished":"2018-02-26T15:50:43+00:00","mainEntityOfPage":{"@id":"https:\/\/www.eldiariodetucuman.com\/web\/declaran-emergencia-social-en-brasil-por-inmigracion-venezolana\/"},"wordCount":393,"commentCount":0,"publisher":{"@id":"https:\/\/www.eldiariodetucuman.com\/web\/#organization"},"image":{"@id":"https:\/\/www.eldiariodetucuman.com\/web\/declaran-emergencia-social-en-brasil-por-inmigracion-venezolana\/#primaryimage"},"thumbnailUrl":"https:\/\/www.cronica.com.ar\/export\/sites\/cronica\/img\/2018\/02\/24\/ven_crop1519511126475.jpg_344123159.jpg","articleSection":["Internacionales"],"inLanguage":"es","potentialAction":[{"@type":"CommentAction","name":"Comment","target":["https:\/\/www.eldiariodetucuman.com\/web\/declaran-emergencia-social-en-brasil-por-inmigracion-venezolana\/#respond"]}]},{"@type":"WebPage","@id":"https:\/\/www.eldiariodetucuman.com\/web\/declaran-emergencia-social-en-brasil-por-inmigracion-venezolana\/","url":"https:\/\/www.eldiariodetucuman.com\/web\/declaran-emergencia-social-en-brasil-por-inmigracion-venezolana\/","name":"Declaran emergencia social en Brasil por inmigraci\u00f3n venezolana - El Diario de Tucuman","isPartOf":{"@id":"https:\/\/www.eldiariodetucuman.com\/web\/#website"},"primaryImageOfPage":{"@id":"https:\/\/www.eldiariodetucuman.com\/web\/declaran-emergencia-social-en-brasil-por-inmigracion-venezolana\/#primaryimage"},"image":{"@id":"https:\/\/www.eldiariodetucuman.com\/web\/declaran-emergencia-social-en-brasil-por-inmigracion-venezolana\/#primaryimage"},"thumbnailUrl":"https:\/\/www.cronica.com.ar\/export\/sites\/cronica\/img\/2018\/02\/24\/ven_crop1519511126475.jpg_344123159.jpg","datePublished":"2018-02-26T15:50:43+00:00","breadcrumb":{"@id":"https:\/\/www.eldiariodetucuman.com\/web\/declaran-emergencia-social-en-brasil-por-inmigracion-venezolana\/#breadcrumb"},"inLanguage":"es","potentialAction":[{"@type":"ReadAction","target":["https:\/\/www.eldiariodetucuman.com\/web\/declaran-emergencia-social-en-brasil-por-inmigracion-venezolana\/"]}]},{"@type":"ImageObject","inLanguage":"es","@id":"https:\/\/www.eldiariodetucuman.com\/web\/declaran-emergencia-social-en-brasil-por-inmigracion-venezolana\/#primaryimage","url":"https:\/\/www.cronica.com.ar\/export\/sites\/cronica\/img\/2018\/02\/24\/ven_crop1519511126475.jpg_344123159.jpg","contentUrl":"https:\/\/www.cronica.com.ar\/export\/sites\/cronica\/img\/2018\/02\/24\/ven_crop1519511126475.jpg_344123159.jpg"},{"@type":"BreadcrumbList","@id":"https:\/\/www.eldiariodetucuman.com\/web\/declaran-emergencia-social-en-brasil-por-inmigracion-venezolana\/#breadcrumb","itemListElement":[{"@type":"ListItem","position":1,"name":"Portada","item":"https:\/\/www.eldiariodetucuman.com\/web\/"},{"@type":"ListItem","position":2,"name":"Declaran emergencia social en Brasil por inmigraci\u00f3n venezolana"}]},{"@type":"WebSite","@id":"https:\/\/www.eldiariodetucuman.com\/web\/#website","url":"https:\/\/www.eldiariodetucuman.com\/web\/","name":"El Diario de Tucuman","description":"Diario Tucuman - Informaci\u00f3n y noticias","publisher":{"@id":"https:\/\/www.eldiariodetucuman.com\/web\/#organization"},"potentialAction":[{"@type":"SearchAction","target":{"@type":"EntryPoint","urlTemplate":"https:\/\/www.eldiariodetucuman.com\/web\/?s={search_term_string}"},"query-input":{"@type":"PropertyValueSpecification","valueRequired":true,"valueName":"search_term_string"}}],"inLanguage":"es"},{"@type":"Organization","@id":"https:\/\/www.eldiariodetucuman.com\/web\/#organization","name":"El Diario de Tucuman","url":"https:\/\/www.eldiariodetucuman.com\/web\/","logo":{"@type":"ImageObject","inLanguage":"es","@id":"https:\/\/www.eldiariodetucuman.com\/web\/#\/schema\/logo\/image\/","url":"http:\/\/www.eldiariodetucuman.com\/web\/wp-content\/uploads\/2017\/12\/el-diario-de-tucuman.jpg","contentUrl":"http:\/\/www.eldiariodetucuman.com\/web\/wp-content\/uploads\/2017\/12\/el-diario-de-tucuman.jpg","width":272,"height":92,"caption":"El Diario de Tucuman"},"image":{"@id":"https:\/\/www.eldiariodetucuman.com\/web\/#\/schema\/logo\/image\/"}},{"@type":"Person","@id":"https:\/\/www.eldiariodetucuman.com\/web\/#\/schema\/person\/6f95946e54fde848b878ffa4928071d5","name":"eldiario detucuman","image":{"@type":"ImageObject","inLanguage":"es","@id":"https:\/\/secure.gravatar.com\/avatar\/b6e1f89c5c4044c4962c8e6c20b1ca2cc99f549c965908afd4ec5308b3f51bfe?s=96&d=mm&r=g","url":"https:\/\/secure.gravatar.com\/avatar\/b6e1f89c5c4044c4962c8e6c20b1ca2cc99f549c965908afd4ec5308b3f51bfe?s=96&d=mm&r=g","contentUrl":"https:\/\/secure.gravatar.com\/avatar\/b6e1f89c5c4044c4962c8e6c20b1ca2cc99f549c965908afd4ec5308b3f51bfe?s=96&d=mm&r=g","caption":"eldiario detucuman"},"url":"https:\/\/www.eldiariodetucuman.com\/web\/author\/eldiariodetucuman\/"}]}},"_links":{"self":[{"href":"https:\/\/www.eldiariodetucuman.com\/web\/wp-json\/wp\/v2\/posts\/5899","targetHints":{"allow":["GET"]}}],"collection":[{"href":"https:\/\/www.eldiariodetucuman.com\/web\/wp-json\/wp\/v2\/posts"}],"about":[{"href":"https:\/\/www.eldiariodetucuman.com\/web\/wp-json\/wp\/v2\/types\/post"}],"author":[{"embeddable":true,"href":"https:\/\/www.eldiariodetucuman.com\/web\/wp-json\/wp\/v2\/users\/4"}],"replies":[{"embeddable":true,"href":"https:\/\/www.eldiariodetucuman.com\/web\/wp-json\/wp\/v2\/comments?post=5899"}],"version-history":[{"count":0,"href":"https:\/\/www.eldiariodetucuman.com\/web\/wp-json\/wp\/v2\/posts\/5899\/revisions"}],"wp:attachment":[{"href":"https:\/\/www.eldiariodetucuman.com\/web\/wp-json\/wp\/v2\/media?parent=5899"}],"wp:term":[{"taxonomy":"category","embeddable":true,"href":"https:\/\/www.eldiariodetucuman.com\/web\/wp-json\/wp\/v2\/categories?post=5899"},{"taxonomy":"post_tag","embeddable":true,"href":"https:\/\/www.eldiariodetucuman.com\/web\/wp-json\/wp\/v2\/tags?post=5899"}],"curies":[{"name":"wp","href":"https:\/\/api.w.org\/{rel}","templated":true}]}}