{"id":5894,"date":"2018-02-26T12:39:36","date_gmt":"2018-02-26T15:39:36","guid":{"rendered":"http:\/\/www.eldiariodetucuman.com\/web\/emilio-persico-el-gobierno-pretende-que-no-haya-mas-planes-de-trabajo\/"},"modified":"2018-02-26T12:39:38","modified_gmt":"2018-02-26T15:39:38","slug":"emilio-persico-el-gobierno-pretende-que-no-haya-mas-planes-de-trabajo","status":"publish","type":"post","link":"https:\/\/www.eldiariodetucuman.com\/web\/emilio-persico-el-gobierno-pretende-que-no-haya-mas-planes-de-trabajo\/","title":{"rendered":"Emilio P\u00e9rsico: \u00abEl Gobierno pretende que no haya m\u00e1s planes de trabajo\u00bb"},"content":{"rendered":"<div>\n<div readability=\"40.197942185203\">\n<p>Emilio P\u00e9rsico, l\u00edder del Movimiento Evita, denunci\u00f3 que el Gobierno \u201cpretende que no haya m\u00e1s planes de trabajo; que sean todos los planes de capacitaci\u00f3n. Es decir, que los compa\u00f1eros no trabajen, hagan un curso de dos o tres horas diarias, cuatro meses, y despu\u00e9s no hagan nada\u201d.<\/p>\n<p>Durante una entrevista en <a href=\"http:\/\/www.continental.com.ar\/amp\/nota.aspx?id=3716043&#038;__twitter_impression=true\">el programa \u201cLa mirada despierta\u201d<\/a> el lunes 26 de febrero de 2018, P\u00e9rsico indic\u00f3 que \u201cel problema con el Gobierno es filos\u00f3fico. <strong>Ellos creen que el Estado no tiene que generar trabajo sino que tiene que generarle a los compa\u00f1eros empleabilidad y a los empresarios oportunidad. Esa es la discusi\u00f3n de fondo<\/strong>\u201d.<\/p>\n<p>Cuestionado acerca de la formaci\u00f3n educativa, P\u00e9rsico se\u00f1al\u00f3 que \u201cten\u00edamos 5000 (inscritos en el programa) FinEs. <strong>El gobierno desarticul\u00f3 tambi\u00e9n los FinEs<\/strong>\u201d, en referencia al plan orientado a personas de mayores de 18 a\u00f1os que deseen culminar estudios primarios y secundarios de manera semipresencial. En relaci\u00f3n con la cantidad de cursantes del proceso de formaci\u00f3n, P\u00e9rsico reconoci\u00f3 que \u201cmuchos compa\u00f1eros se inscrib\u00edan y fue dif\u00edcil hacerlos terminar\u201d.<\/p>\n<aside class=\"htmlinline \"><ins class=\"adsbygoogle\" data-ad-format=\"fluid\" data-ad-layout=\"in-article\" data-ad-client=\"ca-pub-7781556717282971\" data-ad-slot=\"9383133609\"><\/ins><br \/>\n<\/aside>\n<p>Consultado por Nelson Castro acerca de el porqu\u00e9 de lo anterior, el l\u00edder social indic\u00f3 que \u201c<strong>hay un sector que como que baj\u00f3 los brazos y cuesta hacerlo trabajar y cuesta hacerlo estudiar<\/strong>. Y si el compa\u00f1ero no ve en eso que tiene una salida a la larga de su situaci\u00f3n, m\u00e1s le cuesta\u201d. P\u00e9rsico agreg\u00f3 que \u201cnosotros queremos que los compa\u00f1eros terminen la secundaria, pero aparte que trabajen\u201d.<\/p>\n<p>Estas declaraciones se producen en un contexto en el que se anuncia que el gobierno \u201cprepara un cambio radical en los planes sociales\u201d, <a href=\"https:\/\/www.clarin.com\/politica\/giro-inedito-planes-sociales-gobierno-quiere-beneficiarios-terminen-estudios_0_BJ6Uztxuf.html\">de acuerdo con informaci\u00f3n del periodista Ignacio Ortelli<\/a>. Ortelli tambi\u00e9n refleja en su trabajo publicado en el diario Clar\u00edn que desde el Gobierno indican que la decisi\u00f3n se ven\u00eda estudiando desde hace meses y que no tiene relaci\u00f3n con la participaci\u00f3n de <a href=\"https:\/\/www.elintransigente.com\/politica\/2018\/2\/21\/si-no-hay-respuestas-despues-de-la-marcha-tenemos-que-ir-un-paro-nacional-479557.html\">las organizaciones en la movilizaci\u00f3n<\/a> convocada el pasado mi\u00e9rcoles 21 de febrero por Hugo Moyano.<br \/>\n\u00a0<\/p>\n<\/div>\n<\/div>\n<p>Fuente: https:\/\/www.elintransigente.com\/politica\/2018\/2\/26\/emilio-persico-el-gobierno-pretende-que-no-haya-mas-planes-de-trabajo-480057.html<\/p>\n","protected":false},"excerpt":{"rendered":"<p>Emilio P\u00e9rsico, l\u00edder del Movimiento Evita, denunci\u00f3 que el Gobierno \u201cpretende que no haya m\u00e1s planes de trabajo; que sean todos los planes de capacitaci\u00f3n. Es decir, que los compa\u00f1eros no trabajen, hagan un curso de dos o tres horas diarias, cuatro meses, y despu\u00e9s no hagan nada\u201d. Durante una entrevista en el programa \u201cLa [&hellip;]<\/p>\n","protected":false},"author":1,"featured_media":5895,"comment_status":"open","ping_status":"closed","sticky":false,"template":"","format":"standard","meta":{"footnotes":""},"categories":[1],"tags":[],"class_list":{"0":"post-5894","1":"post","2":"type-post","3":"status-publish","4":"format-standard","5":"has-post-thumbnail","7":"category-portada"},"yoast_head":"<!-- This site is optimized with the Yoast SEO plugin v27.5 - https:\/\/yoast.com\/product\/yoast-seo-wordpress\/ -->\n<title>Emilio P\u00e9rsico: &quot;El Gobierno pretende que no haya m\u00e1s planes de trabajo&quot; - El Diario de Tucuman<\/title>\n<meta name=\"robots\" content=\"index, follow, max-snippet:-1, max-image-preview:large, max-video-preview:-1\" \/>\n<link rel=\"canonical\" href=\"https:\/\/www.eldiariodetucuman.com\/web\/emilio-persico-el-gobierno-pretende-que-no-haya-mas-planes-de-trabajo\/\" \/>\n<meta property=\"og:locale\" content=\"es_ES\" \/>\n<meta property=\"og:type\" content=\"article\" \/>\n<meta property=\"og:title\" content=\"Emilio P\u00e9rsico: &quot;El Gobierno pretende que no haya m\u00e1s planes de trabajo&quot; - El Diario de Tucuman\" \/>\n<meta property=\"og:description\" content=\"Emilio P\u00e9rsico, l\u00edder del Movimiento Evita, denunci\u00f3 que el Gobierno \u201cpretende que no haya m\u00e1s planes de trabajo; que sean todos los planes de capacitaci\u00f3n. Es decir, que los compa\u00f1eros no trabajen, hagan un curso de dos o tres horas diarias, cuatro meses, y despu\u00e9s no hagan nada\u201d. Durante una entrevista en el programa \u201cLa [&hellip;]\" \/>\n<meta property=\"og:url\" content=\"https:\/\/www.eldiariodetucuman.com\/web\/emilio-persico-el-gobierno-pretende-que-no-haya-mas-planes-de-trabajo\/\" \/>\n<meta property=\"og:site_name\" content=\"El Diario de Tucuman\" \/>\n<meta property=\"article:published_time\" content=\"2018-02-26T15:39:36+00:00\" \/>\n<meta property=\"article:modified_time\" content=\"2018-02-26T15:39:38+00:00\" \/>\n<meta property=\"og:image\" content=\"https:\/\/www.eldiariodetucuman.com\/web\/wp-content\/uploads\/2018\/02\/2f5d904f6cafae3bfadc4da780eeefb1.jpeg\" \/>\n\t<meta property=\"og:image:width\" content=\"960\" \/>\n\t<meta property=\"og:image:height\" content=\"523\" \/>\n\t<meta property=\"og:image:type\" content=\"image\/jpeg\" \/>\n<meta name=\"author\" content=\"admin\" \/>\n<meta name=\"twitter:card\" content=\"summary_large_image\" \/>\n<meta name=\"twitter:label1\" content=\"Escrito por\" \/>\n\t<meta name=\"twitter:data1\" content=\"admin\" \/>\n\t<meta name=\"twitter:label2\" content=\"Tiempo de lectura\" \/>\n\t<meta name=\"twitter:data2\" content=\"2 minutos\" \/>\n<script type=\"application\/ld+json\" class=\"yoast-schema-graph\">{\"@context\":\"https:\\\/\\\/schema.org\",\"@graph\":[{\"@type\":\"Article\",\"@id\":\"https:\\\/\\\/www.eldiariodetucuman.com\\\/web\\\/emilio-persico-el-gobierno-pretende-que-no-haya-mas-planes-de-trabajo\\\/#article\",\"isPartOf\":{\"@id\":\"https:\\\/\\\/www.eldiariodetucuman.com\\\/web\\\/emilio-persico-el-gobierno-pretende-que-no-haya-mas-planes-de-trabajo\\\/\"},\"author\":{\"name\":\"admin\",\"@id\":\"https:\\\/\\\/www.eldiariodetucuman.com\\\/web\\\/#\\\/schema\\\/person\\\/9250197d75ab5483412e19678b121caa\"},\"headline\":\"Emilio P\u00e9rsico: \u00abEl Gobierno pretende que no haya m\u00e1s planes de trabajo\u00bb\",\"datePublished\":\"2018-02-26T15:39:36+00:00\",\"dateModified\":\"2018-02-26T15:39:38+00:00\",\"mainEntityOfPage\":{\"@id\":\"https:\\\/\\\/www.eldiariodetucuman.com\\\/web\\\/emilio-persico-el-gobierno-pretende-que-no-haya-mas-planes-de-trabajo\\\/\"},\"wordCount\":374,\"commentCount\":0,\"publisher\":{\"@id\":\"https:\\\/\\\/www.eldiariodetucuman.com\\\/web\\\/#organization\"},\"image\":{\"@id\":\"https:\\\/\\\/www.eldiariodetucuman.com\\\/web\\\/emilio-persico-el-gobierno-pretende-que-no-haya-mas-planes-de-trabajo\\\/#primaryimage\"},\"thumbnailUrl\":\"https:\\\/\\\/www.eldiariodetucuman.com\\\/web\\\/wp-content\\\/uploads\\\/2018\\\/02\\\/2f5d904f6cafae3bfadc4da780eeefb1.jpeg\",\"articleSection\":[\"Portada\"],\"inLanguage\":\"es\",\"potentialAction\":[{\"@type\":\"CommentAction\",\"name\":\"Comment\",\"target\":[\"https:\\\/\\\/www.eldiariodetucuman.com\\\/web\\\/emilio-persico-el-gobierno-pretende-que-no-haya-mas-planes-de-trabajo\\\/#respond\"]}]},{\"@type\":\"WebPage\",\"@id\":\"https:\\\/\\\/www.eldiariodetucuman.com\\\/web\\\/emilio-persico-el-gobierno-pretende-que-no-haya-mas-planes-de-trabajo\\\/\",\"url\":\"https:\\\/\\\/www.eldiariodetucuman.com\\\/web\\\/emilio-persico-el-gobierno-pretende-que-no-haya-mas-planes-de-trabajo\\\/\",\"name\":\"Emilio P\u00e9rsico: \\\"El Gobierno pretende que no haya m\u00e1s planes de trabajo\\\" - El Diario de Tucuman\",\"isPartOf\":{\"@id\":\"https:\\\/\\\/www.eldiariodetucuman.com\\\/web\\\/#website\"},\"primaryImageOfPage\":{\"@id\":\"https:\\\/\\\/www.eldiariodetucuman.com\\\/web\\\/emilio-persico-el-gobierno-pretende-que-no-haya-mas-planes-de-trabajo\\\/#primaryimage\"},\"image\":{\"@id\":\"https:\\\/\\\/www.eldiariodetucuman.com\\\/web\\\/emilio-persico-el-gobierno-pretende-que-no-haya-mas-planes-de-trabajo\\\/#primaryimage\"},\"thumbnailUrl\":\"https:\\\/\\\/www.eldiariodetucuman.com\\\/web\\\/wp-content\\\/uploads\\\/2018\\\/02\\\/2f5d904f6cafae3bfadc4da780eeefb1.jpeg\",\"datePublished\":\"2018-02-26T15:39:36+00:00\",\"dateModified\":\"2018-02-26T15:39:38+00:00\",\"breadcrumb\":{\"@id\":\"https:\\\/\\\/www.eldiariodetucuman.com\\\/web\\\/emilio-persico-el-gobierno-pretende-que-no-haya-mas-planes-de-trabajo\\\/#breadcrumb\"},\"inLanguage\":\"es\",\"potentialAction\":[{\"@type\":\"ReadAction\",\"target\":[\"https:\\\/\\\/www.eldiariodetucuman.com\\\/web\\\/emilio-persico-el-gobierno-pretende-que-no-haya-mas-planes-de-trabajo\\\/\"]}]},{\"@type\":\"ImageObject\",\"inLanguage\":\"es\",\"@id\":\"https:\\\/\\\/www.eldiariodetucuman.com\\\/web\\\/emilio-persico-el-gobierno-pretende-que-no-haya-mas-planes-de-trabajo\\\/#primaryimage\",\"url\":\"https:\\\/\\\/www.eldiariodetucuman.com\\\/web\\\/wp-content\\\/uploads\\\/2018\\\/02\\\/2f5d904f6cafae3bfadc4da780eeefb1.jpeg\",\"contentUrl\":\"https:\\\/\\\/www.eldiariodetucuman.com\\\/web\\\/wp-content\\\/uploads\\\/2018\\\/02\\\/2f5d904f6cafae3bfadc4da780eeefb1.jpeg\",\"width\":960,\"height\":523},{\"@type\":\"BreadcrumbList\",\"@id\":\"https:\\\/\\\/www.eldiariodetucuman.com\\\/web\\\/emilio-persico-el-gobierno-pretende-que-no-haya-mas-planes-de-trabajo\\\/#breadcrumb\",\"itemListElement\":[{\"@type\":\"ListItem\",\"position\":1,\"name\":\"Portada\",\"item\":\"https:\\\/\\\/www.eldiariodetucuman.com\\\/web\\\/\"},{\"@type\":\"ListItem\",\"position\":2,\"name\":\"Emilio P\u00e9rsico: \u00abEl Gobierno pretende que no haya m\u00e1s planes de trabajo\u00bb\"}]},{\"@type\":\"WebSite\",\"@id\":\"https:\\\/\\\/www.eldiariodetucuman.com\\\/web\\\/#website\",\"url\":\"https:\\\/\\\/www.eldiariodetucuman.com\\\/web\\\/\",\"name\":\"El Diario de Tucuman\",\"description\":\"Diario Tucuman - Informaci\u00f3n y noticias\",\"publisher\":{\"@id\":\"https:\\\/\\\/www.eldiariodetucuman.com\\\/web\\\/#organization\"},\"potentialAction\":[{\"@type\":\"SearchAction\",\"target\":{\"@type\":\"EntryPoint\",\"urlTemplate\":\"https:\\\/\\\/www.eldiariodetucuman.com\\\/web\\\/?s={search_term_string}\"},\"query-input\":{\"@type\":\"PropertyValueSpecification\",\"valueRequired\":true,\"valueName\":\"search_term_string\"}}],\"inLanguage\":\"es\"},{\"@type\":\"Organization\",\"@id\":\"https:\\\/\\\/www.eldiariodetucuman.com\\\/web\\\/#organization\",\"name\":\"El Diario de Tucuman\",\"url\":\"https:\\\/\\\/www.eldiariodetucuman.com\\\/web\\\/\",\"logo\":{\"@type\":\"ImageObject\",\"inLanguage\":\"es\",\"@id\":\"https:\\\/\\\/www.eldiariodetucuman.com\\\/web\\\/#\\\/schema\\\/logo\\\/image\\\/\",\"url\":\"http:\\\/\\\/www.eldiariodetucuman.com\\\/web\\\/wp-content\\\/uploads\\\/2017\\\/12\\\/el-diario-de-tucuman.jpg\",\"contentUrl\":\"http:\\\/\\\/www.eldiariodetucuman.com\\\/web\\\/wp-content\\\/uploads\\\/2017\\\/12\\\/el-diario-de-tucuman.jpg\",\"width\":272,\"height\":92,\"caption\":\"El Diario de Tucuman\"},\"image\":{\"@id\":\"https:\\\/\\\/www.eldiariodetucuman.com\\\/web\\\/#\\\/schema\\\/logo\\\/image\\\/\"}},{\"@type\":\"Person\",\"@id\":\"https:\\\/\\\/www.eldiariodetucuman.com\\\/web\\\/#\\\/schema\\\/person\\\/9250197d75ab5483412e19678b121caa\",\"name\":\"admin\",\"image\":{\"@type\":\"ImageObject\",\"inLanguage\":\"es\",\"@id\":\"https:\\\/\\\/secure.gravatar.com\\\/avatar\\\/c44d117c2be811212c22cb481f6b8384b6873de103fbc49e7a03cc58d7dea4ac?s=96&d=mm&r=g\",\"url\":\"https:\\\/\\\/secure.gravatar.com\\\/avatar\\\/c44d117c2be811212c22cb481f6b8384b6873de103fbc49e7a03cc58d7dea4ac?s=96&d=mm&r=g\",\"contentUrl\":\"https:\\\/\\\/secure.gravatar.com\\\/avatar\\\/c44d117c2be811212c22cb481f6b8384b6873de103fbc49e7a03cc58d7dea4ac?s=96&d=mm&r=g\",\"caption\":\"admin\"},\"url\":\"https:\\\/\\\/www.eldiariodetucuman.com\\\/web\\\/author\\\/admin\\\/\"}]}<\/script>\n<!-- \/ Yoast SEO plugin. -->","yoast_head_json":{"title":"Emilio P\u00e9rsico: \"El Gobierno pretende que no haya m\u00e1s planes de trabajo\" - El Diario de Tucuman","robots":{"index":"index","follow":"follow","max-snippet":"max-snippet:-1","max-image-preview":"max-image-preview:large","max-video-preview":"max-video-preview:-1"},"canonical":"https:\/\/www.eldiariodetucuman.com\/web\/emilio-persico-el-gobierno-pretende-que-no-haya-mas-planes-de-trabajo\/","og_locale":"es_ES","og_type":"article","og_title":"Emilio P\u00e9rsico: \"El Gobierno pretende que no haya m\u00e1s planes de trabajo\" - El Diario de Tucuman","og_description":"Emilio P\u00e9rsico, l\u00edder del Movimiento Evita, denunci\u00f3 que el Gobierno \u201cpretende que no haya m\u00e1s planes de trabajo; que sean todos los planes de capacitaci\u00f3n. Es decir, que los compa\u00f1eros no trabajen, hagan un curso de dos o tres horas diarias, cuatro meses, y despu\u00e9s no hagan nada\u201d. Durante una entrevista en el programa \u201cLa [&hellip;]","og_url":"https:\/\/www.eldiariodetucuman.com\/web\/emilio-persico-el-gobierno-pretende-que-no-haya-mas-planes-de-trabajo\/","og_site_name":"El Diario de Tucuman","article_published_time":"2018-02-26T15:39:36+00:00","article_modified_time":"2018-02-26T15:39:38+00:00","og_image":[{"width":960,"height":523,"url":"https:\/\/www.eldiariodetucuman.com\/web\/wp-content\/uploads\/2018\/02\/2f5d904f6cafae3bfadc4da780eeefb1.jpeg","type":"image\/jpeg"}],"author":"admin","twitter_card":"summary_large_image","twitter_misc":{"Escrito por":"admin","Tiempo de lectura":"2 minutos"},"schema":{"@context":"https:\/\/schema.org","@graph":[{"@type":"Article","@id":"https:\/\/www.eldiariodetucuman.com\/web\/emilio-persico-el-gobierno-pretende-que-no-haya-mas-planes-de-trabajo\/#article","isPartOf":{"@id":"https:\/\/www.eldiariodetucuman.com\/web\/emilio-persico-el-gobierno-pretende-que-no-haya-mas-planes-de-trabajo\/"},"author":{"name":"admin","@id":"https:\/\/www.eldiariodetucuman.com\/web\/#\/schema\/person\/9250197d75ab5483412e19678b121caa"},"headline":"Emilio P\u00e9rsico: \u00abEl Gobierno pretende que no haya m\u00e1s planes de trabajo\u00bb","datePublished":"2018-02-26T15:39:36+00:00","dateModified":"2018-02-26T15:39:38+00:00","mainEntityOfPage":{"@id":"https:\/\/www.eldiariodetucuman.com\/web\/emilio-persico-el-gobierno-pretende-que-no-haya-mas-planes-de-trabajo\/"},"wordCount":374,"commentCount":0,"publisher":{"@id":"https:\/\/www.eldiariodetucuman.com\/web\/#organization"},"image":{"@id":"https:\/\/www.eldiariodetucuman.com\/web\/emilio-persico-el-gobierno-pretende-que-no-haya-mas-planes-de-trabajo\/#primaryimage"},"thumbnailUrl":"https:\/\/www.eldiariodetucuman.com\/web\/wp-content\/uploads\/2018\/02\/2f5d904f6cafae3bfadc4da780eeefb1.jpeg","articleSection":["Portada"],"inLanguage":"es","potentialAction":[{"@type":"CommentAction","name":"Comment","target":["https:\/\/www.eldiariodetucuman.com\/web\/emilio-persico-el-gobierno-pretende-que-no-haya-mas-planes-de-trabajo\/#respond"]}]},{"@type":"WebPage","@id":"https:\/\/www.eldiariodetucuman.com\/web\/emilio-persico-el-gobierno-pretende-que-no-haya-mas-planes-de-trabajo\/","url":"https:\/\/www.eldiariodetucuman.com\/web\/emilio-persico-el-gobierno-pretende-que-no-haya-mas-planes-de-trabajo\/","name":"Emilio P\u00e9rsico: \"El Gobierno pretende que no haya m\u00e1s planes de trabajo\" - El Diario de Tucuman","isPartOf":{"@id":"https:\/\/www.eldiariodetucuman.com\/web\/#website"},"primaryImageOfPage":{"@id":"https:\/\/www.eldiariodetucuman.com\/web\/emilio-persico-el-gobierno-pretende-que-no-haya-mas-planes-de-trabajo\/#primaryimage"},"image":{"@id":"https:\/\/www.eldiariodetucuman.com\/web\/emilio-persico-el-gobierno-pretende-que-no-haya-mas-planes-de-trabajo\/#primaryimage"},"thumbnailUrl":"https:\/\/www.eldiariodetucuman.com\/web\/wp-content\/uploads\/2018\/02\/2f5d904f6cafae3bfadc4da780eeefb1.jpeg","datePublished":"2018-02-26T15:39:36+00:00","dateModified":"2018-02-26T15:39:38+00:00","breadcrumb":{"@id":"https:\/\/www.eldiariodetucuman.com\/web\/emilio-persico-el-gobierno-pretende-que-no-haya-mas-planes-de-trabajo\/#breadcrumb"},"inLanguage":"es","potentialAction":[{"@type":"ReadAction","target":["https:\/\/www.eldiariodetucuman.com\/web\/emilio-persico-el-gobierno-pretende-que-no-haya-mas-planes-de-trabajo\/"]}]},{"@type":"ImageObject","inLanguage":"es","@id":"https:\/\/www.eldiariodetucuman.com\/web\/emilio-persico-el-gobierno-pretende-que-no-haya-mas-planes-de-trabajo\/#primaryimage","url":"https:\/\/www.eldiariodetucuman.com\/web\/wp-content\/uploads\/2018\/02\/2f5d904f6cafae3bfadc4da780eeefb1.jpeg","contentUrl":"https:\/\/www.eldiariodetucuman.com\/web\/wp-content\/uploads\/2018\/02\/2f5d904f6cafae3bfadc4da780eeefb1.jpeg","width":960,"height":523},{"@type":"BreadcrumbList","@id":"https:\/\/www.eldiariodetucuman.com\/web\/emilio-persico-el-gobierno-pretende-que-no-haya-mas-planes-de-trabajo\/#breadcrumb","itemListElement":[{"@type":"ListItem","position":1,"name":"Portada","item":"https:\/\/www.eldiariodetucuman.com\/web\/"},{"@type":"ListItem","position":2,"name":"Emilio P\u00e9rsico: \u00abEl Gobierno pretende que no haya m\u00e1s planes de trabajo\u00bb"}]},{"@type":"WebSite","@id":"https:\/\/www.eldiariodetucuman.com\/web\/#website","url":"https:\/\/www.eldiariodetucuman.com\/web\/","name":"El Diario de Tucuman","description":"Diario Tucuman - Informaci\u00f3n y noticias","publisher":{"@id":"https:\/\/www.eldiariodetucuman.com\/web\/#organization"},"potentialAction":[{"@type":"SearchAction","target":{"@type":"EntryPoint","urlTemplate":"https:\/\/www.eldiariodetucuman.com\/web\/?s={search_term_string}"},"query-input":{"@type":"PropertyValueSpecification","valueRequired":true,"valueName":"search_term_string"}}],"inLanguage":"es"},{"@type":"Organization","@id":"https:\/\/www.eldiariodetucuman.com\/web\/#organization","name":"El Diario de Tucuman","url":"https:\/\/www.eldiariodetucuman.com\/web\/","logo":{"@type":"ImageObject","inLanguage":"es","@id":"https:\/\/www.eldiariodetucuman.com\/web\/#\/schema\/logo\/image\/","url":"http:\/\/www.eldiariodetucuman.com\/web\/wp-content\/uploads\/2017\/12\/el-diario-de-tucuman.jpg","contentUrl":"http:\/\/www.eldiariodetucuman.com\/web\/wp-content\/uploads\/2017\/12\/el-diario-de-tucuman.jpg","width":272,"height":92,"caption":"El Diario de Tucuman"},"image":{"@id":"https:\/\/www.eldiariodetucuman.com\/web\/#\/schema\/logo\/image\/"}},{"@type":"Person","@id":"https:\/\/www.eldiariodetucuman.com\/web\/#\/schema\/person\/9250197d75ab5483412e19678b121caa","name":"admin","image":{"@type":"ImageObject","inLanguage":"es","@id":"https:\/\/secure.gravatar.com\/avatar\/c44d117c2be811212c22cb481f6b8384b6873de103fbc49e7a03cc58d7dea4ac?s=96&d=mm&r=g","url":"https:\/\/secure.gravatar.com\/avatar\/c44d117c2be811212c22cb481f6b8384b6873de103fbc49e7a03cc58d7dea4ac?s=96&d=mm&r=g","contentUrl":"https:\/\/secure.gravatar.com\/avatar\/c44d117c2be811212c22cb481f6b8384b6873de103fbc49e7a03cc58d7dea4ac?s=96&d=mm&r=g","caption":"admin"},"url":"https:\/\/www.eldiariodetucuman.com\/web\/author\/admin\/"}]}},"_links":{"self":[{"href":"https:\/\/www.eldiariodetucuman.com\/web\/wp-json\/wp\/v2\/posts\/5894","targetHints":{"allow":["GET"]}}],"collection":[{"href":"https:\/\/www.eldiariodetucuman.com\/web\/wp-json\/wp\/v2\/posts"}],"about":[{"href":"https:\/\/www.eldiariodetucuman.com\/web\/wp-json\/wp\/v2\/types\/post"}],"author":[{"embeddable":true,"href":"https:\/\/www.eldiariodetucuman.com\/web\/wp-json\/wp\/v2\/users\/1"}],"replies":[{"embeddable":true,"href":"https:\/\/www.eldiariodetucuman.com\/web\/wp-json\/wp\/v2\/comments?post=5894"}],"version-history":[{"count":1,"href":"https:\/\/www.eldiariodetucuman.com\/web\/wp-json\/wp\/v2\/posts\/5894\/revisions"}],"predecessor-version":[{"id":5896,"href":"https:\/\/www.eldiariodetucuman.com\/web\/wp-json\/wp\/v2\/posts\/5894\/revisions\/5896"}],"wp:featuredmedia":[{"embeddable":true,"href":"https:\/\/www.eldiariodetucuman.com\/web\/wp-json\/wp\/v2\/media\/5895"}],"wp:attachment":[{"href":"https:\/\/www.eldiariodetucuman.com\/web\/wp-json\/wp\/v2\/media?parent=5894"}],"wp:term":[{"taxonomy":"category","embeddable":true,"href":"https:\/\/www.eldiariodetucuman.com\/web\/wp-json\/wp\/v2\/categories?post=5894"},{"taxonomy":"post_tag","embeddable":true,"href":"https:\/\/www.eldiariodetucuman.com\/web\/wp-json\/wp\/v2\/tags?post=5894"}],"curies":[{"name":"wp","href":"https:\/\/api.w.org\/{rel}","templated":true}]}}