{"id":5891,"date":"2018-02-26T12:39:27","date_gmt":"2018-02-26T15:39:27","guid":{"rendered":"http:\/\/www.eldiariodetucuman.com\/web\/la-canasta-escolar-subio-un-28-respecto-del-ano-anterior-segun-indica-un-estudio\/"},"modified":"2018-02-26T12:39:29","modified_gmt":"2018-02-26T15:39:29","slug":"la-canasta-escolar-subio-un-28-respecto-del-ano-anterior-segun-indica-un-estudio","status":"publish","type":"post","link":"https:\/\/www.eldiariodetucuman.com\/web\/la-canasta-escolar-subio-un-28-respecto-del-ano-anterior-segun-indica-un-estudio\/","title":{"rendered":"La canasta escolar subi\u00f3 un 28% respecto del a\u00f1o anterior, seg\u00fan indica un estudio"},"content":{"rendered":"<div>\n<div readability=\"76.802094240838\">\n<p>A pocos d\u00edas de comenzar las clases, los padres se encuentran con que <strong>los principales art\u00edculos de librer\u00eda e indumentaria que componen la canasta escolar, aumentaron un 28%<\/strong> en comparaci\u00f3n a los precios que el a\u00f1o pasado registraba la <a href=\"https:\/\/www.elintransigente.com\/politica\/2018\/2\/26\/manana-se-reunen-los-docentes-bonaerenses-el-miercoles-los-portenos-480051.html\">Provincia de Buenos Aires<\/a>.\u00a0<\/p>\n<p>Los datos, que son arrojados por un estudio de la Defensor\u00eda del Pueblo Bonaerense y que se obtuvieron por un estudio que el organismo llev\u00f3 a cabo en 23 municipios sobre los 27 productos m\u00e1s solicitados para <a href=\"https:\/\/www.elintransigente.com\/politica\/2018\/2\/25\/suteba-le-exigio-vidal-acciones-concretas-480004.html\">arrancar las clases<\/a>, indican que una familia tipo, con dos hijos, requiere <strong>desembolsar casi cuatro mil pesos para adquirir lo m\u00e1s imprescindible: mochilas, \u00fatiles, guardapolvos y dos pares de zapatillas.<\/strong><\/p>\n<p>En ese sentido, Guido Lorenzino, Defensor del Pueblo de la Provincia de Buenos Aires, se\u00f1al\u00f3 en reciente declaraciones que observar \u00abque la canasta b\u00e1sica tenga esta suba en un a\u00f1o no s\u00f3lo supera las previsiones oficiales sobre la inflaci\u00f3n, sino que tambi\u00e9n golpea el bolsillo de las familias que hace dos a\u00f1os no paran de sufrir aumentos en todos los servicios y en la mayor\u00eda de productos para cubrir sus necesidades b\u00e1sicas\u00bb.<\/p>\n<aside class=\"htmlinline \"><ins class=\"adsbygoogle\" data-ad-format=\"fluid\" data-ad-layout=\"in-article\" data-ad-client=\"ca-pub-7781556717282971\" data-ad-slot=\"9383133609\"><\/ins><br \/>\n<\/aside>\n<p>\u00a0<\/p>\n<p><strong>Aumentos en los \u00fatiles<\/strong><\/p>\n<p>De esa extensa\u00a0indagaci\u00f3n se desprende que los cuadernos forrados de 48 hojas y universitarios de 80 hojas, aumentaron un 35%; los art\u00edculos de geometr\u00eda, entre las que se encuentran reglas y comp\u00e1s, se dispararon entre 34 a 45%; los art\u00edculos para las clases de dibujo, las subas oscilan entre 30 al 38%.<\/p>\n<p>Adem\u00e1s, seg\u00fan detalla el relevamiento, si se tienen en cuenta por ejemplo: tres cuadernos forrados de 48 hojas, tapa dura; l\u00e1pices de colores madera por 6 unidades; fibra escolar por 6 unidades; lapicera azul, negro, verde y rojo; l\u00e1piz grafito negro; goma para l\u00e1piz econ\u00f3mica; goma para tinta\/l\u00e1piz; adhesivo vin\u00edlico de 30 gramos; escuadra, regla y transportador; sacapuntas de pl\u00e1stico; temperas por 8 unidades; carpeta de dibujo y repuesto de hojas, <strong>armar una mochila este a\u00f1o rondar\u00eda los 1.141 pesos.\u00a0<\/strong><\/p>\n<p>\u00a0<\/p>\n<p><strong>Los costos en\u00a0la indumentaria<\/strong><\/p>\n<p>Aunque los costos siguen subiendo, si se tiene en cuenta la renovaci\u00f3n de indumentaria. En relaci\u00f3n a eso, el an\u00e1lisis se\u00f1ala que un guardapolvo blanco de primera marca talle 10 aument\u00f3 21%, cuesta 388 pesos aproximadamente. Aunque los montos var\u00edan seg\u00fan la zona.\u00a0<\/p>\n<p>En tanto, los conjuntos de gimnasia se consiguen a 798 pesos, siendo conformado el equipo deportivo por un buzo azul marino ($320), remera blanca ($169), y un pantal\u00f3n de jogging ($309). Los precios tambi\u00e9n cambian de acuerdo al colegio, ya que en escuelas religiosas, el equipo se puede conseguir a 1.335 pesos.\u00a0<\/p>\n<p>Para aquellos que adem\u00e1s deben sumar calzado, los n\u00fameros ascienden m\u00e1s: las zapatillas l\u00ednea colegial talle 27-23, var\u00edan entre 300 y 700 pesos. <strong>Claro que siempre se tiene en cuanta la calidad del producto y la zona en donde se comercializan<\/strong>.\u00a0<br \/>\n\u00a0<\/p>\n<\/div>\n<\/div>\n<p>Fuente: https:\/\/www.elintransigente.com\/politica\/2018\/2\/26\/la-canasta-escolar-subio-un-28-respecto-del-ano-anterior-segun-indica-un-estudio-480067.html<\/p>\n","protected":false},"excerpt":{"rendered":"<p>A pocos d\u00edas de comenzar las clases, los padres se encuentran con que los principales art\u00edculos de librer\u00eda e indumentaria que componen la canasta escolar, aumentaron un 28% en comparaci\u00f3n a los precios que el a\u00f1o pasado registraba la Provincia de Buenos Aires.\u00a0 Los datos, que son arrojados por un estudio de la Defensor\u00eda del [&hellip;]<\/p>\n","protected":false},"author":1,"featured_media":5892,"comment_status":"open","ping_status":"closed","sticky":false,"template":"","format":"standard","meta":{"footnotes":""},"categories":[1],"tags":[],"class_list":{"0":"post-5891","1":"post","2":"type-post","3":"status-publish","4":"format-standard","5":"has-post-thumbnail","7":"category-portada"},"yoast_head":"<!-- This site is optimized with the Yoast SEO plugin v27.5 - https:\/\/yoast.com\/product\/yoast-seo-wordpress\/ -->\n<title>La canasta escolar subi\u00f3 un 28% respecto del a\u00f1o anterior, seg\u00fan indica un estudio - El Diario de Tucuman<\/title>\n<meta name=\"robots\" content=\"index, follow, max-snippet:-1, max-image-preview:large, max-video-preview:-1\" \/>\n<link rel=\"canonical\" href=\"https:\/\/www.eldiariodetucuman.com\/web\/la-canasta-escolar-subio-un-28-respecto-del-ano-anterior-segun-indica-un-estudio\/\" \/>\n<meta property=\"og:locale\" content=\"es_ES\" \/>\n<meta property=\"og:type\" content=\"article\" \/>\n<meta property=\"og:title\" content=\"La canasta escolar subi\u00f3 un 28% respecto del a\u00f1o anterior, seg\u00fan indica un estudio - El Diario de Tucuman\" \/>\n<meta property=\"og:description\" content=\"A pocos d\u00edas de comenzar las clases, los padres se encuentran con que los principales art\u00edculos de librer\u00eda e indumentaria que componen la canasta escolar, aumentaron un 28% en comparaci\u00f3n a los precios que el a\u00f1o pasado registraba la Provincia de Buenos Aires.\u00a0 Los datos, que son arrojados por un estudio de la Defensor\u00eda del [&hellip;]\" \/>\n<meta property=\"og:url\" content=\"https:\/\/www.eldiariodetucuman.com\/web\/la-canasta-escolar-subio-un-28-respecto-del-ano-anterior-segun-indica-un-estudio\/\" \/>\n<meta property=\"og:site_name\" content=\"El Diario de Tucuman\" \/>\n<meta property=\"article:published_time\" content=\"2018-02-26T15:39:27+00:00\" \/>\n<meta property=\"article:modified_time\" content=\"2018-02-26T15:39:29+00:00\" \/>\n<meta property=\"og:image\" content=\"https:\/\/www.eldiariodetucuman.com\/web\/wp-content\/uploads\/2018\/02\/008ba111af83814bd6744354c19f8286.jpeg\" \/>\n\t<meta property=\"og:image:width\" content=\"960\" \/>\n\t<meta property=\"og:image:height\" content=\"720\" \/>\n\t<meta property=\"og:image:type\" content=\"image\/jpeg\" \/>\n<meta name=\"author\" content=\"admin\" \/>\n<meta name=\"twitter:card\" content=\"summary_large_image\" \/>\n<meta name=\"twitter:label1\" content=\"Escrito por\" \/>\n\t<meta name=\"twitter:data1\" content=\"admin\" \/>\n\t<meta name=\"twitter:label2\" content=\"Tiempo de lectura\" \/>\n\t<meta name=\"twitter:data2\" content=\"2 minutos\" \/>\n<script type=\"application\/ld+json\" class=\"yoast-schema-graph\">{\"@context\":\"https:\\\/\\\/schema.org\",\"@graph\":[{\"@type\":\"Article\",\"@id\":\"https:\\\/\\\/www.eldiariodetucuman.com\\\/web\\\/la-canasta-escolar-subio-un-28-respecto-del-ano-anterior-segun-indica-un-estudio\\\/#article\",\"isPartOf\":{\"@id\":\"https:\\\/\\\/www.eldiariodetucuman.com\\\/web\\\/la-canasta-escolar-subio-un-28-respecto-del-ano-anterior-segun-indica-un-estudio\\\/\"},\"author\":{\"name\":\"admin\",\"@id\":\"https:\\\/\\\/www.eldiariodetucuman.com\\\/web\\\/#\\\/schema\\\/person\\\/9250197d75ab5483412e19678b121caa\"},\"headline\":\"La canasta escolar subi\u00f3 un 28% respecto del a\u00f1o anterior, seg\u00fan indica un estudio\",\"datePublished\":\"2018-02-26T15:39:27+00:00\",\"dateModified\":\"2018-02-26T15:39:29+00:00\",\"mainEntityOfPage\":{\"@id\":\"https:\\\/\\\/www.eldiariodetucuman.com\\\/web\\\/la-canasta-escolar-subio-un-28-respecto-del-ano-anterior-segun-indica-un-estudio\\\/\"},\"wordCount\":505,\"commentCount\":0,\"publisher\":{\"@id\":\"https:\\\/\\\/www.eldiariodetucuman.com\\\/web\\\/#organization\"},\"image\":{\"@id\":\"https:\\\/\\\/www.eldiariodetucuman.com\\\/web\\\/la-canasta-escolar-subio-un-28-respecto-del-ano-anterior-segun-indica-un-estudio\\\/#primaryimage\"},\"thumbnailUrl\":\"https:\\\/\\\/www.eldiariodetucuman.com\\\/web\\\/wp-content\\\/uploads\\\/2018\\\/02\\\/008ba111af83814bd6744354c19f8286.jpeg\",\"articleSection\":[\"Portada\"],\"inLanguage\":\"es\",\"potentialAction\":[{\"@type\":\"CommentAction\",\"name\":\"Comment\",\"target\":[\"https:\\\/\\\/www.eldiariodetucuman.com\\\/web\\\/la-canasta-escolar-subio-un-28-respecto-del-ano-anterior-segun-indica-un-estudio\\\/#respond\"]}]},{\"@type\":\"WebPage\",\"@id\":\"https:\\\/\\\/www.eldiariodetucuman.com\\\/web\\\/la-canasta-escolar-subio-un-28-respecto-del-ano-anterior-segun-indica-un-estudio\\\/\",\"url\":\"https:\\\/\\\/www.eldiariodetucuman.com\\\/web\\\/la-canasta-escolar-subio-un-28-respecto-del-ano-anterior-segun-indica-un-estudio\\\/\",\"name\":\"La canasta escolar subi\u00f3 un 28% respecto del a\u00f1o anterior, seg\u00fan indica un estudio - El Diario de Tucuman\",\"isPartOf\":{\"@id\":\"https:\\\/\\\/www.eldiariodetucuman.com\\\/web\\\/#website\"},\"primaryImageOfPage\":{\"@id\":\"https:\\\/\\\/www.eldiariodetucuman.com\\\/web\\\/la-canasta-escolar-subio-un-28-respecto-del-ano-anterior-segun-indica-un-estudio\\\/#primaryimage\"},\"image\":{\"@id\":\"https:\\\/\\\/www.eldiariodetucuman.com\\\/web\\\/la-canasta-escolar-subio-un-28-respecto-del-ano-anterior-segun-indica-un-estudio\\\/#primaryimage\"},\"thumbnailUrl\":\"https:\\\/\\\/www.eldiariodetucuman.com\\\/web\\\/wp-content\\\/uploads\\\/2018\\\/02\\\/008ba111af83814bd6744354c19f8286.jpeg\",\"datePublished\":\"2018-02-26T15:39:27+00:00\",\"dateModified\":\"2018-02-26T15:39:29+00:00\",\"breadcrumb\":{\"@id\":\"https:\\\/\\\/www.eldiariodetucuman.com\\\/web\\\/la-canasta-escolar-subio-un-28-respecto-del-ano-anterior-segun-indica-un-estudio\\\/#breadcrumb\"},\"inLanguage\":\"es\",\"potentialAction\":[{\"@type\":\"ReadAction\",\"target\":[\"https:\\\/\\\/www.eldiariodetucuman.com\\\/web\\\/la-canasta-escolar-subio-un-28-respecto-del-ano-anterior-segun-indica-un-estudio\\\/\"]}]},{\"@type\":\"ImageObject\",\"inLanguage\":\"es\",\"@id\":\"https:\\\/\\\/www.eldiariodetucuman.com\\\/web\\\/la-canasta-escolar-subio-un-28-respecto-del-ano-anterior-segun-indica-un-estudio\\\/#primaryimage\",\"url\":\"https:\\\/\\\/www.eldiariodetucuman.com\\\/web\\\/wp-content\\\/uploads\\\/2018\\\/02\\\/008ba111af83814bd6744354c19f8286.jpeg\",\"contentUrl\":\"https:\\\/\\\/www.eldiariodetucuman.com\\\/web\\\/wp-content\\\/uploads\\\/2018\\\/02\\\/008ba111af83814bd6744354c19f8286.jpeg\",\"width\":960,\"height\":720},{\"@type\":\"BreadcrumbList\",\"@id\":\"https:\\\/\\\/www.eldiariodetucuman.com\\\/web\\\/la-canasta-escolar-subio-un-28-respecto-del-ano-anterior-segun-indica-un-estudio\\\/#breadcrumb\",\"itemListElement\":[{\"@type\":\"ListItem\",\"position\":1,\"name\":\"Portada\",\"item\":\"https:\\\/\\\/www.eldiariodetucuman.com\\\/web\\\/\"},{\"@type\":\"ListItem\",\"position\":2,\"name\":\"La canasta escolar subi\u00f3 un 28% respecto del a\u00f1o anterior, seg\u00fan indica un estudio\"}]},{\"@type\":\"WebSite\",\"@id\":\"https:\\\/\\\/www.eldiariodetucuman.com\\\/web\\\/#website\",\"url\":\"https:\\\/\\\/www.eldiariodetucuman.com\\\/web\\\/\",\"name\":\"El Diario de Tucuman\",\"description\":\"Diario Tucuman - Informaci\u00f3n y noticias\",\"publisher\":{\"@id\":\"https:\\\/\\\/www.eldiariodetucuman.com\\\/web\\\/#organization\"},\"potentialAction\":[{\"@type\":\"SearchAction\",\"target\":{\"@type\":\"EntryPoint\",\"urlTemplate\":\"https:\\\/\\\/www.eldiariodetucuman.com\\\/web\\\/?s={search_term_string}\"},\"query-input\":{\"@type\":\"PropertyValueSpecification\",\"valueRequired\":true,\"valueName\":\"search_term_string\"}}],\"inLanguage\":\"es\"},{\"@type\":\"Organization\",\"@id\":\"https:\\\/\\\/www.eldiariodetucuman.com\\\/web\\\/#organization\",\"name\":\"El Diario de Tucuman\",\"url\":\"https:\\\/\\\/www.eldiariodetucuman.com\\\/web\\\/\",\"logo\":{\"@type\":\"ImageObject\",\"inLanguage\":\"es\",\"@id\":\"https:\\\/\\\/www.eldiariodetucuman.com\\\/web\\\/#\\\/schema\\\/logo\\\/image\\\/\",\"url\":\"http:\\\/\\\/www.eldiariodetucuman.com\\\/web\\\/wp-content\\\/uploads\\\/2017\\\/12\\\/el-diario-de-tucuman.jpg\",\"contentUrl\":\"http:\\\/\\\/www.eldiariodetucuman.com\\\/web\\\/wp-content\\\/uploads\\\/2017\\\/12\\\/el-diario-de-tucuman.jpg\",\"width\":272,\"height\":92,\"caption\":\"El Diario de Tucuman\"},\"image\":{\"@id\":\"https:\\\/\\\/www.eldiariodetucuman.com\\\/web\\\/#\\\/schema\\\/logo\\\/image\\\/\"}},{\"@type\":\"Person\",\"@id\":\"https:\\\/\\\/www.eldiariodetucuman.com\\\/web\\\/#\\\/schema\\\/person\\\/9250197d75ab5483412e19678b121caa\",\"name\":\"admin\",\"image\":{\"@type\":\"ImageObject\",\"inLanguage\":\"es\",\"@id\":\"https:\\\/\\\/secure.gravatar.com\\\/avatar\\\/c44d117c2be811212c22cb481f6b8384b6873de103fbc49e7a03cc58d7dea4ac?s=96&d=mm&r=g\",\"url\":\"https:\\\/\\\/secure.gravatar.com\\\/avatar\\\/c44d117c2be811212c22cb481f6b8384b6873de103fbc49e7a03cc58d7dea4ac?s=96&d=mm&r=g\",\"contentUrl\":\"https:\\\/\\\/secure.gravatar.com\\\/avatar\\\/c44d117c2be811212c22cb481f6b8384b6873de103fbc49e7a03cc58d7dea4ac?s=96&d=mm&r=g\",\"caption\":\"admin\"},\"url\":\"https:\\\/\\\/www.eldiariodetucuman.com\\\/web\\\/author\\\/admin\\\/\"}]}<\/script>\n<!-- \/ Yoast SEO plugin. -->","yoast_head_json":{"title":"La canasta escolar subi\u00f3 un 28% respecto del a\u00f1o anterior, seg\u00fan indica un estudio - El Diario de Tucuman","robots":{"index":"index","follow":"follow","max-snippet":"max-snippet:-1","max-image-preview":"max-image-preview:large","max-video-preview":"max-video-preview:-1"},"canonical":"https:\/\/www.eldiariodetucuman.com\/web\/la-canasta-escolar-subio-un-28-respecto-del-ano-anterior-segun-indica-un-estudio\/","og_locale":"es_ES","og_type":"article","og_title":"La canasta escolar subi\u00f3 un 28% respecto del a\u00f1o anterior, seg\u00fan indica un estudio - El Diario de Tucuman","og_description":"A pocos d\u00edas de comenzar las clases, los padres se encuentran con que los principales art\u00edculos de librer\u00eda e indumentaria que componen la canasta escolar, aumentaron un 28% en comparaci\u00f3n a los precios que el a\u00f1o pasado registraba la Provincia de Buenos Aires.\u00a0 Los datos, que son arrojados por un estudio de la Defensor\u00eda del [&hellip;]","og_url":"https:\/\/www.eldiariodetucuman.com\/web\/la-canasta-escolar-subio-un-28-respecto-del-ano-anterior-segun-indica-un-estudio\/","og_site_name":"El Diario de Tucuman","article_published_time":"2018-02-26T15:39:27+00:00","article_modified_time":"2018-02-26T15:39:29+00:00","og_image":[{"width":960,"height":720,"url":"https:\/\/www.eldiariodetucuman.com\/web\/wp-content\/uploads\/2018\/02\/008ba111af83814bd6744354c19f8286.jpeg","type":"image\/jpeg"}],"author":"admin","twitter_card":"summary_large_image","twitter_misc":{"Escrito por":"admin","Tiempo de lectura":"2 minutos"},"schema":{"@context":"https:\/\/schema.org","@graph":[{"@type":"Article","@id":"https:\/\/www.eldiariodetucuman.com\/web\/la-canasta-escolar-subio-un-28-respecto-del-ano-anterior-segun-indica-un-estudio\/#article","isPartOf":{"@id":"https:\/\/www.eldiariodetucuman.com\/web\/la-canasta-escolar-subio-un-28-respecto-del-ano-anterior-segun-indica-un-estudio\/"},"author":{"name":"admin","@id":"https:\/\/www.eldiariodetucuman.com\/web\/#\/schema\/person\/9250197d75ab5483412e19678b121caa"},"headline":"La canasta escolar subi\u00f3 un 28% respecto del a\u00f1o anterior, seg\u00fan indica un estudio","datePublished":"2018-02-26T15:39:27+00:00","dateModified":"2018-02-26T15:39:29+00:00","mainEntityOfPage":{"@id":"https:\/\/www.eldiariodetucuman.com\/web\/la-canasta-escolar-subio-un-28-respecto-del-ano-anterior-segun-indica-un-estudio\/"},"wordCount":505,"commentCount":0,"publisher":{"@id":"https:\/\/www.eldiariodetucuman.com\/web\/#organization"},"image":{"@id":"https:\/\/www.eldiariodetucuman.com\/web\/la-canasta-escolar-subio-un-28-respecto-del-ano-anterior-segun-indica-un-estudio\/#primaryimage"},"thumbnailUrl":"https:\/\/www.eldiariodetucuman.com\/web\/wp-content\/uploads\/2018\/02\/008ba111af83814bd6744354c19f8286.jpeg","articleSection":["Portada"],"inLanguage":"es","potentialAction":[{"@type":"CommentAction","name":"Comment","target":["https:\/\/www.eldiariodetucuman.com\/web\/la-canasta-escolar-subio-un-28-respecto-del-ano-anterior-segun-indica-un-estudio\/#respond"]}]},{"@type":"WebPage","@id":"https:\/\/www.eldiariodetucuman.com\/web\/la-canasta-escolar-subio-un-28-respecto-del-ano-anterior-segun-indica-un-estudio\/","url":"https:\/\/www.eldiariodetucuman.com\/web\/la-canasta-escolar-subio-un-28-respecto-del-ano-anterior-segun-indica-un-estudio\/","name":"La canasta escolar subi\u00f3 un 28% respecto del a\u00f1o anterior, seg\u00fan indica un estudio - El Diario de Tucuman","isPartOf":{"@id":"https:\/\/www.eldiariodetucuman.com\/web\/#website"},"primaryImageOfPage":{"@id":"https:\/\/www.eldiariodetucuman.com\/web\/la-canasta-escolar-subio-un-28-respecto-del-ano-anterior-segun-indica-un-estudio\/#primaryimage"},"image":{"@id":"https:\/\/www.eldiariodetucuman.com\/web\/la-canasta-escolar-subio-un-28-respecto-del-ano-anterior-segun-indica-un-estudio\/#primaryimage"},"thumbnailUrl":"https:\/\/www.eldiariodetucuman.com\/web\/wp-content\/uploads\/2018\/02\/008ba111af83814bd6744354c19f8286.jpeg","datePublished":"2018-02-26T15:39:27+00:00","dateModified":"2018-02-26T15:39:29+00:00","breadcrumb":{"@id":"https:\/\/www.eldiariodetucuman.com\/web\/la-canasta-escolar-subio-un-28-respecto-del-ano-anterior-segun-indica-un-estudio\/#breadcrumb"},"inLanguage":"es","potentialAction":[{"@type":"ReadAction","target":["https:\/\/www.eldiariodetucuman.com\/web\/la-canasta-escolar-subio-un-28-respecto-del-ano-anterior-segun-indica-un-estudio\/"]}]},{"@type":"ImageObject","inLanguage":"es","@id":"https:\/\/www.eldiariodetucuman.com\/web\/la-canasta-escolar-subio-un-28-respecto-del-ano-anterior-segun-indica-un-estudio\/#primaryimage","url":"https:\/\/www.eldiariodetucuman.com\/web\/wp-content\/uploads\/2018\/02\/008ba111af83814bd6744354c19f8286.jpeg","contentUrl":"https:\/\/www.eldiariodetucuman.com\/web\/wp-content\/uploads\/2018\/02\/008ba111af83814bd6744354c19f8286.jpeg","width":960,"height":720},{"@type":"BreadcrumbList","@id":"https:\/\/www.eldiariodetucuman.com\/web\/la-canasta-escolar-subio-un-28-respecto-del-ano-anterior-segun-indica-un-estudio\/#breadcrumb","itemListElement":[{"@type":"ListItem","position":1,"name":"Portada","item":"https:\/\/www.eldiariodetucuman.com\/web\/"},{"@type":"ListItem","position":2,"name":"La canasta escolar subi\u00f3 un 28% respecto del a\u00f1o anterior, seg\u00fan indica un estudio"}]},{"@type":"WebSite","@id":"https:\/\/www.eldiariodetucuman.com\/web\/#website","url":"https:\/\/www.eldiariodetucuman.com\/web\/","name":"El Diario de Tucuman","description":"Diario Tucuman - Informaci\u00f3n y noticias","publisher":{"@id":"https:\/\/www.eldiariodetucuman.com\/web\/#organization"},"potentialAction":[{"@type":"SearchAction","target":{"@type":"EntryPoint","urlTemplate":"https:\/\/www.eldiariodetucuman.com\/web\/?s={search_term_string}"},"query-input":{"@type":"PropertyValueSpecification","valueRequired":true,"valueName":"search_term_string"}}],"inLanguage":"es"},{"@type":"Organization","@id":"https:\/\/www.eldiariodetucuman.com\/web\/#organization","name":"El Diario de Tucuman","url":"https:\/\/www.eldiariodetucuman.com\/web\/","logo":{"@type":"ImageObject","inLanguage":"es","@id":"https:\/\/www.eldiariodetucuman.com\/web\/#\/schema\/logo\/image\/","url":"http:\/\/www.eldiariodetucuman.com\/web\/wp-content\/uploads\/2017\/12\/el-diario-de-tucuman.jpg","contentUrl":"http:\/\/www.eldiariodetucuman.com\/web\/wp-content\/uploads\/2017\/12\/el-diario-de-tucuman.jpg","width":272,"height":92,"caption":"El Diario de Tucuman"},"image":{"@id":"https:\/\/www.eldiariodetucuman.com\/web\/#\/schema\/logo\/image\/"}},{"@type":"Person","@id":"https:\/\/www.eldiariodetucuman.com\/web\/#\/schema\/person\/9250197d75ab5483412e19678b121caa","name":"admin","image":{"@type":"ImageObject","inLanguage":"es","@id":"https:\/\/secure.gravatar.com\/avatar\/c44d117c2be811212c22cb481f6b8384b6873de103fbc49e7a03cc58d7dea4ac?s=96&d=mm&r=g","url":"https:\/\/secure.gravatar.com\/avatar\/c44d117c2be811212c22cb481f6b8384b6873de103fbc49e7a03cc58d7dea4ac?s=96&d=mm&r=g","contentUrl":"https:\/\/secure.gravatar.com\/avatar\/c44d117c2be811212c22cb481f6b8384b6873de103fbc49e7a03cc58d7dea4ac?s=96&d=mm&r=g","caption":"admin"},"url":"https:\/\/www.eldiariodetucuman.com\/web\/author\/admin\/"}]}},"_links":{"self":[{"href":"https:\/\/www.eldiariodetucuman.com\/web\/wp-json\/wp\/v2\/posts\/5891","targetHints":{"allow":["GET"]}}],"collection":[{"href":"https:\/\/www.eldiariodetucuman.com\/web\/wp-json\/wp\/v2\/posts"}],"about":[{"href":"https:\/\/www.eldiariodetucuman.com\/web\/wp-json\/wp\/v2\/types\/post"}],"author":[{"embeddable":true,"href":"https:\/\/www.eldiariodetucuman.com\/web\/wp-json\/wp\/v2\/users\/1"}],"replies":[{"embeddable":true,"href":"https:\/\/www.eldiariodetucuman.com\/web\/wp-json\/wp\/v2\/comments?post=5891"}],"version-history":[{"count":1,"href":"https:\/\/www.eldiariodetucuman.com\/web\/wp-json\/wp\/v2\/posts\/5891\/revisions"}],"predecessor-version":[{"id":5893,"href":"https:\/\/www.eldiariodetucuman.com\/web\/wp-json\/wp\/v2\/posts\/5891\/revisions\/5893"}],"wp:featuredmedia":[{"embeddable":true,"href":"https:\/\/www.eldiariodetucuman.com\/web\/wp-json\/wp\/v2\/media\/5892"}],"wp:attachment":[{"href":"https:\/\/www.eldiariodetucuman.com\/web\/wp-json\/wp\/v2\/media?parent=5891"}],"wp:term":[{"taxonomy":"category","embeddable":true,"href":"https:\/\/www.eldiariodetucuman.com\/web\/wp-json\/wp\/v2\/categories?post=5891"},{"taxonomy":"post_tag","embeddable":true,"href":"https:\/\/www.eldiariodetucuman.com\/web\/wp-json\/wp\/v2\/tags?post=5891"}],"curies":[{"name":"wp","href":"https:\/\/api.w.org\/{rel}","templated":true}]}}