{"id":5888,"date":"2018-02-26T12:14:58","date_gmt":"2018-02-26T15:14:58","guid":{"rendered":"http:\/\/www.eldiariodetucuman.com\/web\/alperovich-y-otros-funcionarios-deberan-declarar-en-el-juicio-por-paulina-lebbos-2\/"},"modified":"2018-02-26T12:15:01","modified_gmt":"2018-02-26T15:15:01","slug":"alperovich-y-otros-funcionarios-deberan-declarar-en-el-juicio-por-paulina-lebbos-2","status":"publish","type":"post","link":"https:\/\/www.eldiariodetucuman.com\/web\/alperovich-y-otros-funcionarios-deberan-declarar-en-el-juicio-por-paulina-lebbos-2\/","title":{"rendered":"Alperovich y otros funcionarios deber\u00e1n declarar en el juicio por Paulina Lebbos"},"content":{"rendered":"<div>\n<div readability=\"77\">\n<p>El ex gobernador <b>Jos\u00e9 Alperovich<\/b> y otros funcionarios deber\u00e1n declarar en el juicio que se lleva adelante para esclarecer el crimen de <b>Paulina Lebbos<\/b>. Cuando se cumplen exactamente 12 a\u00f1os de la desaparici\u00f3n de la joven, el tribunal resolvi\u00f3 que el actual senador -en su car\u00e1cter de testigo- comparezca en la audiencia en caso de repreguntas o de aclaratorias de su testimonio por escrito.<\/p>\n<p>La Sala III de la C\u00e1mara Penal, integrada por <b>Carlos Caramuti<\/b>, <b>Dante Ib\u00e1\u00f1ez<\/b> y <b>Rafael Macoritto<\/b>, argument\u00f3 que \u00abpara el caso que las partes manifiesten la necesidad de realizar preguntas aclaratorias o suplir eventuales omisiones en las respuestas dadas, que los testigos deber\u00e1n comparecer a la audiencia de debate el d\u00eda y hora que oportunamente se fije a ese efecto\u00bb.<\/p>\n<p>El tribunal hab\u00eda resulto a en enero que los funcionarios pudieran testificar por escrito, aunque hab\u00eda dej\u00f3 abierta la posibilidad de sean llamados en caso de necesidad para algunas de las audiencias.<\/p>\n<p>Alperovich, actual senador nacional; el ministro Fiscal <b>Edmundo Jim\u00e9nez<\/b>; los fiscales <b>Alejandro Noguera<\/b> y <b>Adriana Reinoso Cuello<\/b>, y el actual ministro de Seguridad provincial, <b>Claudio Maley<\/b>, hab\u00edan sido ofrecidos como testigos por la querella, la defensa del co-imputado <b>Eduardo Di Lella<\/b>, y por otro co-imputado, <b>Nicol\u00e1s Barrera<\/b>.<\/p>\n<p>El senador nacional Alperovich, era gobernador de la provincia cuando ocurri\u00f3 el caso; Alejandro Noguera, fue el primer fiscal de la causa y Reinoso Cuello, a cargo de la Fiscal\u00eda VI, estaba de turno cuando se produjo el hallazgo del cuerpo de la joven.<\/p>\n<p>Paulina desapareci\u00f3 el 25 de febrero de 2006, despu\u00e9s de haber ido a bailar junto a un grupo de amigos. Su cuerpo fue encontrado el 11 de marzo a la vera de la ruta 301. El caso fue investigado por los fiscales Noguera (fue separado de la causa), Carlos Albaca (est\u00e1 a un paso de ser enjuiciado por su trabajo) y Diego L\u00f3pez \u00c1vila (que termin\u00f3 pidiendo la elevaci\u00f3n a juicio).<\/p>\n<\/p><\/div>\n<\/div>\n<p>Fuente: http:\/\/www.lagaceta.com.ar\/nota\/762532\/actualidad\/alperovich-otros-funcionarios-deberan-declarar-juicio-paulina-lebbos.html<\/p>\n","protected":false},"excerpt":{"rendered":"<p>El ex gobernador Jos\u00e9 Alperovich y otros funcionarios deber\u00e1n declarar en el juicio que se lleva adelante para esclarecer el crimen de Paulina Lebbos. Cuando se cumplen exactamente 12 a\u00f1os de la desaparici\u00f3n de la joven, el tribunal resolvi\u00f3 que el actual senador -en su car\u00e1cter de testigo- comparezca en la audiencia en caso de [&hellip;]<\/p>\n","protected":false},"author":1,"featured_media":5889,"comment_status":"open","ping_status":"closed","sticky":false,"template":"","format":"standard","meta":{"footnotes":""},"categories":[1],"tags":[],"class_list":{"0":"post-5888","1":"post","2":"type-post","3":"status-publish","4":"format-standard","5":"has-post-thumbnail","7":"category-portada"},"yoast_head":"<!-- This site is optimized with the Yoast SEO plugin v27.5 - https:\/\/yoast.com\/product\/yoast-seo-wordpress\/ -->\n<title>Alperovich y otros funcionarios deber\u00e1n declarar en el juicio por Paulina Lebbos - El Diario de Tucuman<\/title>\n<meta name=\"robots\" content=\"index, follow, max-snippet:-1, max-image-preview:large, max-video-preview:-1\" \/>\n<link rel=\"canonical\" href=\"https:\/\/www.eldiariodetucuman.com\/web\/alperovich-y-otros-funcionarios-deberan-declarar-en-el-juicio-por-paulina-lebbos-2\/\" \/>\n<meta property=\"og:locale\" content=\"es_ES\" \/>\n<meta property=\"og:type\" content=\"article\" \/>\n<meta property=\"og:title\" content=\"Alperovich y otros funcionarios deber\u00e1n declarar en el juicio por Paulina Lebbos - El Diario de Tucuman\" \/>\n<meta property=\"og:description\" content=\"El ex gobernador Jos\u00e9 Alperovich y otros funcionarios deber\u00e1n declarar en el juicio que se lleva adelante para esclarecer el crimen de Paulina Lebbos. Cuando se cumplen exactamente 12 a\u00f1os de la desaparici\u00f3n de la joven, el tribunal resolvi\u00f3 que el actual senador -en su car\u00e1cter de testigo- comparezca en la audiencia en caso de [&hellip;]\" \/>\n<meta property=\"og:url\" content=\"https:\/\/www.eldiariodetucuman.com\/web\/alperovich-y-otros-funcionarios-deberan-declarar-en-el-juicio-por-paulina-lebbos-2\/\" \/>\n<meta property=\"og:site_name\" content=\"El Diario de Tucuman\" \/>\n<meta property=\"article:published_time\" content=\"2018-02-26T15:14:58+00:00\" \/>\n<meta property=\"article:modified_time\" content=\"2018-02-26T15:15:01+00:00\" \/>\n<meta property=\"og:image\" content=\"https:\/\/www.eldiariodetucuman.com\/web\/wp-content\/uploads\/2018\/02\/8484dae2e83db6ed4f01c69a13b6b82e.jpeg\" \/>\n\t<meta property=\"og:image:width\" content=\"1500\" \/>\n\t<meta property=\"og:image:height\" content=\"850\" \/>\n\t<meta property=\"og:image:type\" content=\"image\/jpeg\" \/>\n<meta name=\"author\" content=\"admin\" \/>\n<meta name=\"twitter:card\" content=\"summary_large_image\" \/>\n<meta name=\"twitter:label1\" content=\"Escrito por\" \/>\n\t<meta name=\"twitter:data1\" content=\"admin\" \/>\n\t<meta name=\"twitter:label2\" content=\"Tiempo de lectura\" \/>\n\t<meta name=\"twitter:data2\" content=\"2 minutos\" \/>\n<script type=\"application\/ld+json\" class=\"yoast-schema-graph\">{\"@context\":\"https:\\\/\\\/schema.org\",\"@graph\":[{\"@type\":\"Article\",\"@id\":\"https:\\\/\\\/www.eldiariodetucuman.com\\\/web\\\/alperovich-y-otros-funcionarios-deberan-declarar-en-el-juicio-por-paulina-lebbos-2\\\/#article\",\"isPartOf\":{\"@id\":\"https:\\\/\\\/www.eldiariodetucuman.com\\\/web\\\/alperovich-y-otros-funcionarios-deberan-declarar-en-el-juicio-por-paulina-lebbos-2\\\/\"},\"author\":{\"name\":\"admin\",\"@id\":\"https:\\\/\\\/www.eldiariodetucuman.com\\\/web\\\/#\\\/schema\\\/person\\\/9250197d75ab5483412e19678b121caa\"},\"headline\":\"Alperovich y otros funcionarios deber\u00e1n declarar en el juicio por Paulina Lebbos\",\"datePublished\":\"2018-02-26T15:14:58+00:00\",\"dateModified\":\"2018-02-26T15:15:01+00:00\",\"mainEntityOfPage\":{\"@id\":\"https:\\\/\\\/www.eldiariodetucuman.com\\\/web\\\/alperovich-y-otros-funcionarios-deberan-declarar-en-el-juicio-por-paulina-lebbos-2\\\/\"},\"wordCount\":353,\"commentCount\":0,\"publisher\":{\"@id\":\"https:\\\/\\\/www.eldiariodetucuman.com\\\/web\\\/#organization\"},\"image\":{\"@id\":\"https:\\\/\\\/www.eldiariodetucuman.com\\\/web\\\/alperovich-y-otros-funcionarios-deberan-declarar-en-el-juicio-por-paulina-lebbos-2\\\/#primaryimage\"},\"thumbnailUrl\":\"https:\\\/\\\/www.eldiariodetucuman.com\\\/web\\\/wp-content\\\/uploads\\\/2018\\\/02\\\/8484dae2e83db6ed4f01c69a13b6b82e.jpeg\",\"articleSection\":[\"Portada\"],\"inLanguage\":\"es\",\"potentialAction\":[{\"@type\":\"CommentAction\",\"name\":\"Comment\",\"target\":[\"https:\\\/\\\/www.eldiariodetucuman.com\\\/web\\\/alperovich-y-otros-funcionarios-deberan-declarar-en-el-juicio-por-paulina-lebbos-2\\\/#respond\"]}]},{\"@type\":\"WebPage\",\"@id\":\"https:\\\/\\\/www.eldiariodetucuman.com\\\/web\\\/alperovich-y-otros-funcionarios-deberan-declarar-en-el-juicio-por-paulina-lebbos-2\\\/\",\"url\":\"https:\\\/\\\/www.eldiariodetucuman.com\\\/web\\\/alperovich-y-otros-funcionarios-deberan-declarar-en-el-juicio-por-paulina-lebbos-2\\\/\",\"name\":\"Alperovich y otros funcionarios deber\u00e1n declarar en el juicio por Paulina Lebbos - El Diario de Tucuman\",\"isPartOf\":{\"@id\":\"https:\\\/\\\/www.eldiariodetucuman.com\\\/web\\\/#website\"},\"primaryImageOfPage\":{\"@id\":\"https:\\\/\\\/www.eldiariodetucuman.com\\\/web\\\/alperovich-y-otros-funcionarios-deberan-declarar-en-el-juicio-por-paulina-lebbos-2\\\/#primaryimage\"},\"image\":{\"@id\":\"https:\\\/\\\/www.eldiariodetucuman.com\\\/web\\\/alperovich-y-otros-funcionarios-deberan-declarar-en-el-juicio-por-paulina-lebbos-2\\\/#primaryimage\"},\"thumbnailUrl\":\"https:\\\/\\\/www.eldiariodetucuman.com\\\/web\\\/wp-content\\\/uploads\\\/2018\\\/02\\\/8484dae2e83db6ed4f01c69a13b6b82e.jpeg\",\"datePublished\":\"2018-02-26T15:14:58+00:00\",\"dateModified\":\"2018-02-26T15:15:01+00:00\",\"breadcrumb\":{\"@id\":\"https:\\\/\\\/www.eldiariodetucuman.com\\\/web\\\/alperovich-y-otros-funcionarios-deberan-declarar-en-el-juicio-por-paulina-lebbos-2\\\/#breadcrumb\"},\"inLanguage\":\"es\",\"potentialAction\":[{\"@type\":\"ReadAction\",\"target\":[\"https:\\\/\\\/www.eldiariodetucuman.com\\\/web\\\/alperovich-y-otros-funcionarios-deberan-declarar-en-el-juicio-por-paulina-lebbos-2\\\/\"]}]},{\"@type\":\"ImageObject\",\"inLanguage\":\"es\",\"@id\":\"https:\\\/\\\/www.eldiariodetucuman.com\\\/web\\\/alperovich-y-otros-funcionarios-deberan-declarar-en-el-juicio-por-paulina-lebbos-2\\\/#primaryimage\",\"url\":\"https:\\\/\\\/www.eldiariodetucuman.com\\\/web\\\/wp-content\\\/uploads\\\/2018\\\/02\\\/8484dae2e83db6ed4f01c69a13b6b82e.jpeg\",\"contentUrl\":\"https:\\\/\\\/www.eldiariodetucuman.com\\\/web\\\/wp-content\\\/uploads\\\/2018\\\/02\\\/8484dae2e83db6ed4f01c69a13b6b82e.jpeg\",\"width\":1500,\"height\":850},{\"@type\":\"BreadcrumbList\",\"@id\":\"https:\\\/\\\/www.eldiariodetucuman.com\\\/web\\\/alperovich-y-otros-funcionarios-deberan-declarar-en-el-juicio-por-paulina-lebbos-2\\\/#breadcrumb\",\"itemListElement\":[{\"@type\":\"ListItem\",\"position\":1,\"name\":\"Portada\",\"item\":\"https:\\\/\\\/www.eldiariodetucuman.com\\\/web\\\/\"},{\"@type\":\"ListItem\",\"position\":2,\"name\":\"Alperovich y otros funcionarios deber\u00e1n declarar en el juicio por Paulina Lebbos\"}]},{\"@type\":\"WebSite\",\"@id\":\"https:\\\/\\\/www.eldiariodetucuman.com\\\/web\\\/#website\",\"url\":\"https:\\\/\\\/www.eldiariodetucuman.com\\\/web\\\/\",\"name\":\"El Diario de Tucuman\",\"description\":\"Diario Tucuman - Informaci\u00f3n y noticias\",\"publisher\":{\"@id\":\"https:\\\/\\\/www.eldiariodetucuman.com\\\/web\\\/#organization\"},\"potentialAction\":[{\"@type\":\"SearchAction\",\"target\":{\"@type\":\"EntryPoint\",\"urlTemplate\":\"https:\\\/\\\/www.eldiariodetucuman.com\\\/web\\\/?s={search_term_string}\"},\"query-input\":{\"@type\":\"PropertyValueSpecification\",\"valueRequired\":true,\"valueName\":\"search_term_string\"}}],\"inLanguage\":\"es\"},{\"@type\":\"Organization\",\"@id\":\"https:\\\/\\\/www.eldiariodetucuman.com\\\/web\\\/#organization\",\"name\":\"El Diario de Tucuman\",\"url\":\"https:\\\/\\\/www.eldiariodetucuman.com\\\/web\\\/\",\"logo\":{\"@type\":\"ImageObject\",\"inLanguage\":\"es\",\"@id\":\"https:\\\/\\\/www.eldiariodetucuman.com\\\/web\\\/#\\\/schema\\\/logo\\\/image\\\/\",\"url\":\"http:\\\/\\\/www.eldiariodetucuman.com\\\/web\\\/wp-content\\\/uploads\\\/2017\\\/12\\\/el-diario-de-tucuman.jpg\",\"contentUrl\":\"http:\\\/\\\/www.eldiariodetucuman.com\\\/web\\\/wp-content\\\/uploads\\\/2017\\\/12\\\/el-diario-de-tucuman.jpg\",\"width\":272,\"height\":92,\"caption\":\"El Diario de Tucuman\"},\"image\":{\"@id\":\"https:\\\/\\\/www.eldiariodetucuman.com\\\/web\\\/#\\\/schema\\\/logo\\\/image\\\/\"}},{\"@type\":\"Person\",\"@id\":\"https:\\\/\\\/www.eldiariodetucuman.com\\\/web\\\/#\\\/schema\\\/person\\\/9250197d75ab5483412e19678b121caa\",\"name\":\"admin\",\"image\":{\"@type\":\"ImageObject\",\"inLanguage\":\"es\",\"@id\":\"https:\\\/\\\/secure.gravatar.com\\\/avatar\\\/c44d117c2be811212c22cb481f6b8384b6873de103fbc49e7a03cc58d7dea4ac?s=96&d=mm&r=g\",\"url\":\"https:\\\/\\\/secure.gravatar.com\\\/avatar\\\/c44d117c2be811212c22cb481f6b8384b6873de103fbc49e7a03cc58d7dea4ac?s=96&d=mm&r=g\",\"contentUrl\":\"https:\\\/\\\/secure.gravatar.com\\\/avatar\\\/c44d117c2be811212c22cb481f6b8384b6873de103fbc49e7a03cc58d7dea4ac?s=96&d=mm&r=g\",\"caption\":\"admin\"},\"url\":\"https:\\\/\\\/www.eldiariodetucuman.com\\\/web\\\/author\\\/admin\\\/\"}]}<\/script>\n<!-- \/ Yoast SEO plugin. -->","yoast_head_json":{"title":"Alperovich y otros funcionarios deber\u00e1n declarar en el juicio por Paulina Lebbos - El Diario de Tucuman","robots":{"index":"index","follow":"follow","max-snippet":"max-snippet:-1","max-image-preview":"max-image-preview:large","max-video-preview":"max-video-preview:-1"},"canonical":"https:\/\/www.eldiariodetucuman.com\/web\/alperovich-y-otros-funcionarios-deberan-declarar-en-el-juicio-por-paulina-lebbos-2\/","og_locale":"es_ES","og_type":"article","og_title":"Alperovich y otros funcionarios deber\u00e1n declarar en el juicio por Paulina Lebbos - El Diario de Tucuman","og_description":"El ex gobernador Jos\u00e9 Alperovich y otros funcionarios deber\u00e1n declarar en el juicio que se lleva adelante para esclarecer el crimen de Paulina Lebbos. Cuando se cumplen exactamente 12 a\u00f1os de la desaparici\u00f3n de la joven, el tribunal resolvi\u00f3 que el actual senador -en su car\u00e1cter de testigo- comparezca en la audiencia en caso de [&hellip;]","og_url":"https:\/\/www.eldiariodetucuman.com\/web\/alperovich-y-otros-funcionarios-deberan-declarar-en-el-juicio-por-paulina-lebbos-2\/","og_site_name":"El Diario de Tucuman","article_published_time":"2018-02-26T15:14:58+00:00","article_modified_time":"2018-02-26T15:15:01+00:00","og_image":[{"width":1500,"height":850,"url":"https:\/\/www.eldiariodetucuman.com\/web\/wp-content\/uploads\/2018\/02\/8484dae2e83db6ed4f01c69a13b6b82e.jpeg","type":"image\/jpeg"}],"author":"admin","twitter_card":"summary_large_image","twitter_misc":{"Escrito por":"admin","Tiempo de lectura":"2 minutos"},"schema":{"@context":"https:\/\/schema.org","@graph":[{"@type":"Article","@id":"https:\/\/www.eldiariodetucuman.com\/web\/alperovich-y-otros-funcionarios-deberan-declarar-en-el-juicio-por-paulina-lebbos-2\/#article","isPartOf":{"@id":"https:\/\/www.eldiariodetucuman.com\/web\/alperovich-y-otros-funcionarios-deberan-declarar-en-el-juicio-por-paulina-lebbos-2\/"},"author":{"name":"admin","@id":"https:\/\/www.eldiariodetucuman.com\/web\/#\/schema\/person\/9250197d75ab5483412e19678b121caa"},"headline":"Alperovich y otros funcionarios deber\u00e1n declarar en el juicio por Paulina Lebbos","datePublished":"2018-02-26T15:14:58+00:00","dateModified":"2018-02-26T15:15:01+00:00","mainEntityOfPage":{"@id":"https:\/\/www.eldiariodetucuman.com\/web\/alperovich-y-otros-funcionarios-deberan-declarar-en-el-juicio-por-paulina-lebbos-2\/"},"wordCount":353,"commentCount":0,"publisher":{"@id":"https:\/\/www.eldiariodetucuman.com\/web\/#organization"},"image":{"@id":"https:\/\/www.eldiariodetucuman.com\/web\/alperovich-y-otros-funcionarios-deberan-declarar-en-el-juicio-por-paulina-lebbos-2\/#primaryimage"},"thumbnailUrl":"https:\/\/www.eldiariodetucuman.com\/web\/wp-content\/uploads\/2018\/02\/8484dae2e83db6ed4f01c69a13b6b82e.jpeg","articleSection":["Portada"],"inLanguage":"es","potentialAction":[{"@type":"CommentAction","name":"Comment","target":["https:\/\/www.eldiariodetucuman.com\/web\/alperovich-y-otros-funcionarios-deberan-declarar-en-el-juicio-por-paulina-lebbos-2\/#respond"]}]},{"@type":"WebPage","@id":"https:\/\/www.eldiariodetucuman.com\/web\/alperovich-y-otros-funcionarios-deberan-declarar-en-el-juicio-por-paulina-lebbos-2\/","url":"https:\/\/www.eldiariodetucuman.com\/web\/alperovich-y-otros-funcionarios-deberan-declarar-en-el-juicio-por-paulina-lebbos-2\/","name":"Alperovich y otros funcionarios deber\u00e1n declarar en el juicio por Paulina Lebbos - El Diario de Tucuman","isPartOf":{"@id":"https:\/\/www.eldiariodetucuman.com\/web\/#website"},"primaryImageOfPage":{"@id":"https:\/\/www.eldiariodetucuman.com\/web\/alperovich-y-otros-funcionarios-deberan-declarar-en-el-juicio-por-paulina-lebbos-2\/#primaryimage"},"image":{"@id":"https:\/\/www.eldiariodetucuman.com\/web\/alperovich-y-otros-funcionarios-deberan-declarar-en-el-juicio-por-paulina-lebbos-2\/#primaryimage"},"thumbnailUrl":"https:\/\/www.eldiariodetucuman.com\/web\/wp-content\/uploads\/2018\/02\/8484dae2e83db6ed4f01c69a13b6b82e.jpeg","datePublished":"2018-02-26T15:14:58+00:00","dateModified":"2018-02-26T15:15:01+00:00","breadcrumb":{"@id":"https:\/\/www.eldiariodetucuman.com\/web\/alperovich-y-otros-funcionarios-deberan-declarar-en-el-juicio-por-paulina-lebbos-2\/#breadcrumb"},"inLanguage":"es","potentialAction":[{"@type":"ReadAction","target":["https:\/\/www.eldiariodetucuman.com\/web\/alperovich-y-otros-funcionarios-deberan-declarar-en-el-juicio-por-paulina-lebbos-2\/"]}]},{"@type":"ImageObject","inLanguage":"es","@id":"https:\/\/www.eldiariodetucuman.com\/web\/alperovich-y-otros-funcionarios-deberan-declarar-en-el-juicio-por-paulina-lebbos-2\/#primaryimage","url":"https:\/\/www.eldiariodetucuman.com\/web\/wp-content\/uploads\/2018\/02\/8484dae2e83db6ed4f01c69a13b6b82e.jpeg","contentUrl":"https:\/\/www.eldiariodetucuman.com\/web\/wp-content\/uploads\/2018\/02\/8484dae2e83db6ed4f01c69a13b6b82e.jpeg","width":1500,"height":850},{"@type":"BreadcrumbList","@id":"https:\/\/www.eldiariodetucuman.com\/web\/alperovich-y-otros-funcionarios-deberan-declarar-en-el-juicio-por-paulina-lebbos-2\/#breadcrumb","itemListElement":[{"@type":"ListItem","position":1,"name":"Portada","item":"https:\/\/www.eldiariodetucuman.com\/web\/"},{"@type":"ListItem","position":2,"name":"Alperovich y otros funcionarios deber\u00e1n declarar en el juicio por Paulina Lebbos"}]},{"@type":"WebSite","@id":"https:\/\/www.eldiariodetucuman.com\/web\/#website","url":"https:\/\/www.eldiariodetucuman.com\/web\/","name":"El Diario de Tucuman","description":"Diario Tucuman - Informaci\u00f3n y noticias","publisher":{"@id":"https:\/\/www.eldiariodetucuman.com\/web\/#organization"},"potentialAction":[{"@type":"SearchAction","target":{"@type":"EntryPoint","urlTemplate":"https:\/\/www.eldiariodetucuman.com\/web\/?s={search_term_string}"},"query-input":{"@type":"PropertyValueSpecification","valueRequired":true,"valueName":"search_term_string"}}],"inLanguage":"es"},{"@type":"Organization","@id":"https:\/\/www.eldiariodetucuman.com\/web\/#organization","name":"El Diario de Tucuman","url":"https:\/\/www.eldiariodetucuman.com\/web\/","logo":{"@type":"ImageObject","inLanguage":"es","@id":"https:\/\/www.eldiariodetucuman.com\/web\/#\/schema\/logo\/image\/","url":"http:\/\/www.eldiariodetucuman.com\/web\/wp-content\/uploads\/2017\/12\/el-diario-de-tucuman.jpg","contentUrl":"http:\/\/www.eldiariodetucuman.com\/web\/wp-content\/uploads\/2017\/12\/el-diario-de-tucuman.jpg","width":272,"height":92,"caption":"El Diario de Tucuman"},"image":{"@id":"https:\/\/www.eldiariodetucuman.com\/web\/#\/schema\/logo\/image\/"}},{"@type":"Person","@id":"https:\/\/www.eldiariodetucuman.com\/web\/#\/schema\/person\/9250197d75ab5483412e19678b121caa","name":"admin","image":{"@type":"ImageObject","inLanguage":"es","@id":"https:\/\/secure.gravatar.com\/avatar\/c44d117c2be811212c22cb481f6b8384b6873de103fbc49e7a03cc58d7dea4ac?s=96&d=mm&r=g","url":"https:\/\/secure.gravatar.com\/avatar\/c44d117c2be811212c22cb481f6b8384b6873de103fbc49e7a03cc58d7dea4ac?s=96&d=mm&r=g","contentUrl":"https:\/\/secure.gravatar.com\/avatar\/c44d117c2be811212c22cb481f6b8384b6873de103fbc49e7a03cc58d7dea4ac?s=96&d=mm&r=g","caption":"admin"},"url":"https:\/\/www.eldiariodetucuman.com\/web\/author\/admin\/"}]}},"_links":{"self":[{"href":"https:\/\/www.eldiariodetucuman.com\/web\/wp-json\/wp\/v2\/posts\/5888","targetHints":{"allow":["GET"]}}],"collection":[{"href":"https:\/\/www.eldiariodetucuman.com\/web\/wp-json\/wp\/v2\/posts"}],"about":[{"href":"https:\/\/www.eldiariodetucuman.com\/web\/wp-json\/wp\/v2\/types\/post"}],"author":[{"embeddable":true,"href":"https:\/\/www.eldiariodetucuman.com\/web\/wp-json\/wp\/v2\/users\/1"}],"replies":[{"embeddable":true,"href":"https:\/\/www.eldiariodetucuman.com\/web\/wp-json\/wp\/v2\/comments?post=5888"}],"version-history":[{"count":1,"href":"https:\/\/www.eldiariodetucuman.com\/web\/wp-json\/wp\/v2\/posts\/5888\/revisions"}],"predecessor-version":[{"id":5890,"href":"https:\/\/www.eldiariodetucuman.com\/web\/wp-json\/wp\/v2\/posts\/5888\/revisions\/5890"}],"wp:featuredmedia":[{"embeddable":true,"href":"https:\/\/www.eldiariodetucuman.com\/web\/wp-json\/wp\/v2\/media\/5889"}],"wp:attachment":[{"href":"https:\/\/www.eldiariodetucuman.com\/web\/wp-json\/wp\/v2\/media?parent=5888"}],"wp:term":[{"taxonomy":"category","embeddable":true,"href":"https:\/\/www.eldiariodetucuman.com\/web\/wp-json\/wp\/v2\/categories?post=5888"},{"taxonomy":"post_tag","embeddable":true,"href":"https:\/\/www.eldiariodetucuman.com\/web\/wp-json\/wp\/v2\/tags?post=5888"}],"curies":[{"name":"wp","href":"https:\/\/api.w.org\/{rel}","templated":true}]}}