{"id":5885,"date":"2018-02-26T12:08:15","date_gmt":"2018-02-26T15:08:15","guid":{"rendered":"http:\/\/www.eldiariodetucuman.com\/web\/con-muestras-artisticas-finalizaron-los-talleres-de-verano-2\/"},"modified":"2018-02-26T12:08:16","modified_gmt":"2018-02-26T15:08:16","slug":"con-muestras-artisticas-finalizaron-los-talleres-de-verano-2","status":"publish","type":"post","link":"https:\/\/www.eldiariodetucuman.com\/web\/con-muestras-artisticas-finalizaron-los-talleres-de-verano-2\/","title":{"rendered":"Con muestras art\u00edsticas, finalizaron los talleres de verano"},"content":{"rendered":"<div>\n<div readability=\"75\">\n<p>Con una fiesta colmada de ni\u00f1os, m\u00fasica y baile, se llev\u00f3 a cabo el cierre provincial de los talleres de verano en Complejo Belgrano. El vicegobernador, a cargo del Poder Ejecutivo, <strong>Osvaldo Jaldo, <\/strong>particip\u00f3 del evento y recorri\u00f3 las exposiciones de los trabajos realizados durante los talleres.<\/p>\n<blockquote class=\"mom_quote \"><p>Los tucumanos que no tuvieron la oportunidad de salir de vacaciones tuvieron\u00a0a diferentes actividades como\u00a0alternativa para disfrutar de un verano diferente en la provincia. Las ofertas durante el arranque del a\u00f1o incluyeron deporte, baile y expresi\u00f3n corporal, adem\u00e1s de teatro y cine debate.<\/p><\/blockquote>\n<p>\u00a0<\/p>\n<p><iframe loading=\"lazy\" width=\"650\" height=\"315\" src=\"http:\/\/www.youtube.com\/embed\/8ooOHIn9ikU\"><\/iframe><\/p>\n<p>\u00a0<\/p>\n<p>\u00a0<\/p>\n<p><a href=\"http:\/\/comunicaciontucuman.gob.ar\/wp-content\/uploads\/2018\/02\/ninos-chicos-baile-LS-3.jpg\"><img loading=\"lazy\" decoding=\"async\" class=\"size-medium wp-image-154993 alignright\" src=\"http:\/\/comunicaciontucuman.gob.ar\/wp-content\/uploads\/2018\/02\/ninos-chicos-baile-LS-3-300x166.jpg\" alt=\"ninos-chicos-baile-LS-3\" width=\"300\" height=\"166\"><\/a><\/p>\n<p>\u201cEn enero y febrero, hemos tratado que como los chicos no tienen que concurrir a las escuelas, darles entretenimiento, que tienen que ver con lo social, lo cultural, lo deportivo\u201d, expres\u00f3 Jaldo.<\/p>\n<p>En este sentido, el vicegobernador anhel\u00f3 un normal inicio de clases en la primera semana de marzo. \u201cTenemos mucha expectativa que los chicos puedan volver a la escuela la semana que viene\u201d, manifest\u00f3.<\/p>\n<p>El ministro de Desarrollo Social<strong>, Gabriel Yedlin<\/strong>, tambi\u00e9n asisti\u00f3 al cierre que congreg\u00f3 a 22 de las 100 localidades que participaron de los talleres.\u00a0\u201cEstamos felices de lo que pudimos generar en el verano desde el Gobierno de la Provincia. Entre el ministerio de Desarrollo Social, Educaci\u00f3n, los intendentes, generamos un abanico de ofertas para cuidar a los chicos m\u00e1s humildes en las vacaciones\u201d y agreg\u00f3 \u201cpretend\u00edamos que todos los chicos puedan tener un verano cuidado y divertido\u201d.<\/p>\n<p>A su turno, el secretario de Articulaci\u00f3n Territorial y Gesti\u00f3n Local, <strong>Francisco Navarro<\/strong>,\u00a0coment\u00f3:\u00a0\u201cEste verano 10.000 chicos en 100 localidades distintas disfrutaron de esto\u201d. Adem\u00e1s, el funcionario se refiri\u00f3 al cierre de comedores escolares: \u201cCon el inicio de clases, cerramos los comedores que permanecieron abiertos durante todo el verano. Fueran 350\u00a0 escuelas a lo largo y a lo ancho de la provincia que contuvieron a m\u00e1s de 40.000 chicos. Cerramos un verano con mucha alegr\u00eda\u201d.<\/p>\n<p>\u00a0<\/p>\n<\/div>\n<\/div>\n<p>Fuente: http:\/\/comunicaciontucuman.gob.ar\/2018\/02\/con-muestras-artisticas-finalizaron-los-talleres-de-verano\/<\/p>\n","protected":false},"excerpt":{"rendered":"<p>Con una fiesta colmada de ni\u00f1os, m\u00fasica y baile, se llev\u00f3 a cabo el cierre provincial de los talleres de verano en Complejo Belgrano. El vicegobernador, a cargo del Poder Ejecutivo, Osvaldo Jaldo, particip\u00f3 del evento y recorri\u00f3 las exposiciones de los trabajos realizados durante los talleres. Los tucumanos que no tuvieron la oportunidad de [&hellip;]<\/p>\n","protected":false},"author":1,"featured_media":5886,"comment_status":"open","ping_status":"closed","sticky":false,"template":"","format":"standard","meta":{"footnotes":""},"categories":[3],"tags":[],"class_list":{"0":"post-5885","1":"post","2":"type-post","3":"status-publish","4":"format-standard","5":"has-post-thumbnail","7":"category-politica"},"yoast_head":"<!-- This site is optimized with the Yoast SEO plugin v27.5 - https:\/\/yoast.com\/product\/yoast-seo-wordpress\/ -->\n<title>Con muestras art\u00edsticas, finalizaron los talleres de verano - El Diario de Tucuman<\/title>\n<meta name=\"robots\" content=\"index, follow, max-snippet:-1, max-image-preview:large, max-video-preview:-1\" \/>\n<link rel=\"canonical\" href=\"https:\/\/www.eldiariodetucuman.com\/web\/con-muestras-artisticas-finalizaron-los-talleres-de-verano-2\/\" \/>\n<meta property=\"og:locale\" content=\"es_ES\" \/>\n<meta property=\"og:type\" content=\"article\" \/>\n<meta property=\"og:title\" content=\"Con muestras art\u00edsticas, finalizaron los talleres de verano - El Diario de Tucuman\" \/>\n<meta property=\"og:description\" content=\"Con una fiesta colmada de ni\u00f1os, m\u00fasica y baile, se llev\u00f3 a cabo el cierre provincial de los talleres de verano en Complejo Belgrano. El vicegobernador, a cargo del Poder Ejecutivo, Osvaldo Jaldo, particip\u00f3 del evento y recorri\u00f3 las exposiciones de los trabajos realizados durante los talleres. Los tucumanos que no tuvieron la oportunidad de [&hellip;]\" \/>\n<meta property=\"og:url\" content=\"https:\/\/www.eldiariodetucuman.com\/web\/con-muestras-artisticas-finalizaron-los-talleres-de-verano-2\/\" \/>\n<meta property=\"og:site_name\" content=\"El Diario de Tucuman\" \/>\n<meta property=\"article:published_time\" content=\"2018-02-26T15:08:15+00:00\" \/>\n<meta property=\"article:modified_time\" content=\"2018-02-26T15:08:16+00:00\" \/>\n<meta property=\"og:image\" content=\"https:\/\/www.eldiariodetucuman.com\/web\/wp-content\/uploads\/2018\/02\/216e825842c2c5773bda5c4bfa7e7f2c.jpeg\" \/>\n\t<meta property=\"og:image:width\" content=\"300\" \/>\n\t<meta property=\"og:image:height\" content=\"166\" \/>\n\t<meta property=\"og:image:type\" content=\"image\/jpeg\" \/>\n<meta name=\"author\" content=\"admin\" \/>\n<meta name=\"twitter:card\" content=\"summary_large_image\" \/>\n<meta name=\"twitter:label1\" content=\"Escrito por\" \/>\n\t<meta name=\"twitter:data1\" content=\"admin\" \/>\n\t<meta name=\"twitter:label2\" content=\"Tiempo de lectura\" \/>\n\t<meta name=\"twitter:data2\" content=\"2 minutos\" \/>\n<script type=\"application\/ld+json\" class=\"yoast-schema-graph\">{\"@context\":\"https:\\\/\\\/schema.org\",\"@graph\":[{\"@type\":\"Article\",\"@id\":\"https:\\\/\\\/www.eldiariodetucuman.com\\\/web\\\/con-muestras-artisticas-finalizaron-los-talleres-de-verano-2\\\/#article\",\"isPartOf\":{\"@id\":\"https:\\\/\\\/www.eldiariodetucuman.com\\\/web\\\/con-muestras-artisticas-finalizaron-los-talleres-de-verano-2\\\/\"},\"author\":{\"name\":\"admin\",\"@id\":\"https:\\\/\\\/www.eldiariodetucuman.com\\\/web\\\/#\\\/schema\\\/person\\\/9250197d75ab5483412e19678b121caa\"},\"headline\":\"Con muestras art\u00edsticas, finalizaron los talleres de verano\",\"datePublished\":\"2018-02-26T15:08:15+00:00\",\"dateModified\":\"2018-02-26T15:08:16+00:00\",\"mainEntityOfPage\":{\"@id\":\"https:\\\/\\\/www.eldiariodetucuman.com\\\/web\\\/con-muestras-artisticas-finalizaron-los-talleres-de-verano-2\\\/\"},\"wordCount\":334,\"commentCount\":0,\"publisher\":{\"@id\":\"https:\\\/\\\/www.eldiariodetucuman.com\\\/web\\\/#organization\"},\"image\":{\"@id\":\"https:\\\/\\\/www.eldiariodetucuman.com\\\/web\\\/con-muestras-artisticas-finalizaron-los-talleres-de-verano-2\\\/#primaryimage\"},\"thumbnailUrl\":\"https:\\\/\\\/www.eldiariodetucuman.com\\\/web\\\/wp-content\\\/uploads\\\/2018\\\/02\\\/216e825842c2c5773bda5c4bfa7e7f2c.jpeg\",\"articleSection\":[\"Politica\"],\"inLanguage\":\"es\",\"potentialAction\":[{\"@type\":\"CommentAction\",\"name\":\"Comment\",\"target\":[\"https:\\\/\\\/www.eldiariodetucuman.com\\\/web\\\/con-muestras-artisticas-finalizaron-los-talleres-de-verano-2\\\/#respond\"]}]},{\"@type\":\"WebPage\",\"@id\":\"https:\\\/\\\/www.eldiariodetucuman.com\\\/web\\\/con-muestras-artisticas-finalizaron-los-talleres-de-verano-2\\\/\",\"url\":\"https:\\\/\\\/www.eldiariodetucuman.com\\\/web\\\/con-muestras-artisticas-finalizaron-los-talleres-de-verano-2\\\/\",\"name\":\"Con muestras art\u00edsticas, finalizaron los talleres de verano - El Diario de Tucuman\",\"isPartOf\":{\"@id\":\"https:\\\/\\\/www.eldiariodetucuman.com\\\/web\\\/#website\"},\"primaryImageOfPage\":{\"@id\":\"https:\\\/\\\/www.eldiariodetucuman.com\\\/web\\\/con-muestras-artisticas-finalizaron-los-talleres-de-verano-2\\\/#primaryimage\"},\"image\":{\"@id\":\"https:\\\/\\\/www.eldiariodetucuman.com\\\/web\\\/con-muestras-artisticas-finalizaron-los-talleres-de-verano-2\\\/#primaryimage\"},\"thumbnailUrl\":\"https:\\\/\\\/www.eldiariodetucuman.com\\\/web\\\/wp-content\\\/uploads\\\/2018\\\/02\\\/216e825842c2c5773bda5c4bfa7e7f2c.jpeg\",\"datePublished\":\"2018-02-26T15:08:15+00:00\",\"dateModified\":\"2018-02-26T15:08:16+00:00\",\"breadcrumb\":{\"@id\":\"https:\\\/\\\/www.eldiariodetucuman.com\\\/web\\\/con-muestras-artisticas-finalizaron-los-talleres-de-verano-2\\\/#breadcrumb\"},\"inLanguage\":\"es\",\"potentialAction\":[{\"@type\":\"ReadAction\",\"target\":[\"https:\\\/\\\/www.eldiariodetucuman.com\\\/web\\\/con-muestras-artisticas-finalizaron-los-talleres-de-verano-2\\\/\"]}]},{\"@type\":\"ImageObject\",\"inLanguage\":\"es\",\"@id\":\"https:\\\/\\\/www.eldiariodetucuman.com\\\/web\\\/con-muestras-artisticas-finalizaron-los-talleres-de-verano-2\\\/#primaryimage\",\"url\":\"https:\\\/\\\/www.eldiariodetucuman.com\\\/web\\\/wp-content\\\/uploads\\\/2018\\\/02\\\/216e825842c2c5773bda5c4bfa7e7f2c.jpeg\",\"contentUrl\":\"https:\\\/\\\/www.eldiariodetucuman.com\\\/web\\\/wp-content\\\/uploads\\\/2018\\\/02\\\/216e825842c2c5773bda5c4bfa7e7f2c.jpeg\",\"width\":300,\"height\":166},{\"@type\":\"BreadcrumbList\",\"@id\":\"https:\\\/\\\/www.eldiariodetucuman.com\\\/web\\\/con-muestras-artisticas-finalizaron-los-talleres-de-verano-2\\\/#breadcrumb\",\"itemListElement\":[{\"@type\":\"ListItem\",\"position\":1,\"name\":\"Portada\",\"item\":\"https:\\\/\\\/www.eldiariodetucuman.com\\\/web\\\/\"},{\"@type\":\"ListItem\",\"position\":2,\"name\":\"Con muestras art\u00edsticas, finalizaron los talleres de verano\"}]},{\"@type\":\"WebSite\",\"@id\":\"https:\\\/\\\/www.eldiariodetucuman.com\\\/web\\\/#website\",\"url\":\"https:\\\/\\\/www.eldiariodetucuman.com\\\/web\\\/\",\"name\":\"El Diario de Tucuman\",\"description\":\"Diario Tucuman - Informaci\u00f3n y noticias\",\"publisher\":{\"@id\":\"https:\\\/\\\/www.eldiariodetucuman.com\\\/web\\\/#organization\"},\"potentialAction\":[{\"@type\":\"SearchAction\",\"target\":{\"@type\":\"EntryPoint\",\"urlTemplate\":\"https:\\\/\\\/www.eldiariodetucuman.com\\\/web\\\/?s={search_term_string}\"},\"query-input\":{\"@type\":\"PropertyValueSpecification\",\"valueRequired\":true,\"valueName\":\"search_term_string\"}}],\"inLanguage\":\"es\"},{\"@type\":\"Organization\",\"@id\":\"https:\\\/\\\/www.eldiariodetucuman.com\\\/web\\\/#organization\",\"name\":\"El Diario de Tucuman\",\"url\":\"https:\\\/\\\/www.eldiariodetucuman.com\\\/web\\\/\",\"logo\":{\"@type\":\"ImageObject\",\"inLanguage\":\"es\",\"@id\":\"https:\\\/\\\/www.eldiariodetucuman.com\\\/web\\\/#\\\/schema\\\/logo\\\/image\\\/\",\"url\":\"http:\\\/\\\/www.eldiariodetucuman.com\\\/web\\\/wp-content\\\/uploads\\\/2017\\\/12\\\/el-diario-de-tucuman.jpg\",\"contentUrl\":\"http:\\\/\\\/www.eldiariodetucuman.com\\\/web\\\/wp-content\\\/uploads\\\/2017\\\/12\\\/el-diario-de-tucuman.jpg\",\"width\":272,\"height\":92,\"caption\":\"El Diario de Tucuman\"},\"image\":{\"@id\":\"https:\\\/\\\/www.eldiariodetucuman.com\\\/web\\\/#\\\/schema\\\/logo\\\/image\\\/\"}},{\"@type\":\"Person\",\"@id\":\"https:\\\/\\\/www.eldiariodetucuman.com\\\/web\\\/#\\\/schema\\\/person\\\/9250197d75ab5483412e19678b121caa\",\"name\":\"admin\",\"image\":{\"@type\":\"ImageObject\",\"inLanguage\":\"es\",\"@id\":\"https:\\\/\\\/secure.gravatar.com\\\/avatar\\\/c44d117c2be811212c22cb481f6b8384b6873de103fbc49e7a03cc58d7dea4ac?s=96&d=mm&r=g\",\"url\":\"https:\\\/\\\/secure.gravatar.com\\\/avatar\\\/c44d117c2be811212c22cb481f6b8384b6873de103fbc49e7a03cc58d7dea4ac?s=96&d=mm&r=g\",\"contentUrl\":\"https:\\\/\\\/secure.gravatar.com\\\/avatar\\\/c44d117c2be811212c22cb481f6b8384b6873de103fbc49e7a03cc58d7dea4ac?s=96&d=mm&r=g\",\"caption\":\"admin\"},\"url\":\"https:\\\/\\\/www.eldiariodetucuman.com\\\/web\\\/author\\\/admin\\\/\"}]}<\/script>\n<!-- \/ Yoast SEO plugin. -->","yoast_head_json":{"title":"Con muestras art\u00edsticas, finalizaron los talleres de verano - El Diario de Tucuman","robots":{"index":"index","follow":"follow","max-snippet":"max-snippet:-1","max-image-preview":"max-image-preview:large","max-video-preview":"max-video-preview:-1"},"canonical":"https:\/\/www.eldiariodetucuman.com\/web\/con-muestras-artisticas-finalizaron-los-talleres-de-verano-2\/","og_locale":"es_ES","og_type":"article","og_title":"Con muestras art\u00edsticas, finalizaron los talleres de verano - El Diario de Tucuman","og_description":"Con una fiesta colmada de ni\u00f1os, m\u00fasica y baile, se llev\u00f3 a cabo el cierre provincial de los talleres de verano en Complejo Belgrano. El vicegobernador, a cargo del Poder Ejecutivo, Osvaldo Jaldo, particip\u00f3 del evento y recorri\u00f3 las exposiciones de los trabajos realizados durante los talleres. Los tucumanos que no tuvieron la oportunidad de [&hellip;]","og_url":"https:\/\/www.eldiariodetucuman.com\/web\/con-muestras-artisticas-finalizaron-los-talleres-de-verano-2\/","og_site_name":"El Diario de Tucuman","article_published_time":"2018-02-26T15:08:15+00:00","article_modified_time":"2018-02-26T15:08:16+00:00","og_image":[{"width":300,"height":166,"url":"https:\/\/www.eldiariodetucuman.com\/web\/wp-content\/uploads\/2018\/02\/216e825842c2c5773bda5c4bfa7e7f2c.jpeg","type":"image\/jpeg"}],"author":"admin","twitter_card":"summary_large_image","twitter_misc":{"Escrito por":"admin","Tiempo de lectura":"2 minutos"},"schema":{"@context":"https:\/\/schema.org","@graph":[{"@type":"Article","@id":"https:\/\/www.eldiariodetucuman.com\/web\/con-muestras-artisticas-finalizaron-los-talleres-de-verano-2\/#article","isPartOf":{"@id":"https:\/\/www.eldiariodetucuman.com\/web\/con-muestras-artisticas-finalizaron-los-talleres-de-verano-2\/"},"author":{"name":"admin","@id":"https:\/\/www.eldiariodetucuman.com\/web\/#\/schema\/person\/9250197d75ab5483412e19678b121caa"},"headline":"Con muestras art\u00edsticas, finalizaron los talleres de verano","datePublished":"2018-02-26T15:08:15+00:00","dateModified":"2018-02-26T15:08:16+00:00","mainEntityOfPage":{"@id":"https:\/\/www.eldiariodetucuman.com\/web\/con-muestras-artisticas-finalizaron-los-talleres-de-verano-2\/"},"wordCount":334,"commentCount":0,"publisher":{"@id":"https:\/\/www.eldiariodetucuman.com\/web\/#organization"},"image":{"@id":"https:\/\/www.eldiariodetucuman.com\/web\/con-muestras-artisticas-finalizaron-los-talleres-de-verano-2\/#primaryimage"},"thumbnailUrl":"https:\/\/www.eldiariodetucuman.com\/web\/wp-content\/uploads\/2018\/02\/216e825842c2c5773bda5c4bfa7e7f2c.jpeg","articleSection":["Politica"],"inLanguage":"es","potentialAction":[{"@type":"CommentAction","name":"Comment","target":["https:\/\/www.eldiariodetucuman.com\/web\/con-muestras-artisticas-finalizaron-los-talleres-de-verano-2\/#respond"]}]},{"@type":"WebPage","@id":"https:\/\/www.eldiariodetucuman.com\/web\/con-muestras-artisticas-finalizaron-los-talleres-de-verano-2\/","url":"https:\/\/www.eldiariodetucuman.com\/web\/con-muestras-artisticas-finalizaron-los-talleres-de-verano-2\/","name":"Con muestras art\u00edsticas, finalizaron los talleres de verano - El Diario de Tucuman","isPartOf":{"@id":"https:\/\/www.eldiariodetucuman.com\/web\/#website"},"primaryImageOfPage":{"@id":"https:\/\/www.eldiariodetucuman.com\/web\/con-muestras-artisticas-finalizaron-los-talleres-de-verano-2\/#primaryimage"},"image":{"@id":"https:\/\/www.eldiariodetucuman.com\/web\/con-muestras-artisticas-finalizaron-los-talleres-de-verano-2\/#primaryimage"},"thumbnailUrl":"https:\/\/www.eldiariodetucuman.com\/web\/wp-content\/uploads\/2018\/02\/216e825842c2c5773bda5c4bfa7e7f2c.jpeg","datePublished":"2018-02-26T15:08:15+00:00","dateModified":"2018-02-26T15:08:16+00:00","breadcrumb":{"@id":"https:\/\/www.eldiariodetucuman.com\/web\/con-muestras-artisticas-finalizaron-los-talleres-de-verano-2\/#breadcrumb"},"inLanguage":"es","potentialAction":[{"@type":"ReadAction","target":["https:\/\/www.eldiariodetucuman.com\/web\/con-muestras-artisticas-finalizaron-los-talleres-de-verano-2\/"]}]},{"@type":"ImageObject","inLanguage":"es","@id":"https:\/\/www.eldiariodetucuman.com\/web\/con-muestras-artisticas-finalizaron-los-talleres-de-verano-2\/#primaryimage","url":"https:\/\/www.eldiariodetucuman.com\/web\/wp-content\/uploads\/2018\/02\/216e825842c2c5773bda5c4bfa7e7f2c.jpeg","contentUrl":"https:\/\/www.eldiariodetucuman.com\/web\/wp-content\/uploads\/2018\/02\/216e825842c2c5773bda5c4bfa7e7f2c.jpeg","width":300,"height":166},{"@type":"BreadcrumbList","@id":"https:\/\/www.eldiariodetucuman.com\/web\/con-muestras-artisticas-finalizaron-los-talleres-de-verano-2\/#breadcrumb","itemListElement":[{"@type":"ListItem","position":1,"name":"Portada","item":"https:\/\/www.eldiariodetucuman.com\/web\/"},{"@type":"ListItem","position":2,"name":"Con muestras art\u00edsticas, finalizaron los talleres de verano"}]},{"@type":"WebSite","@id":"https:\/\/www.eldiariodetucuman.com\/web\/#website","url":"https:\/\/www.eldiariodetucuman.com\/web\/","name":"El Diario de Tucuman","description":"Diario Tucuman - Informaci\u00f3n y noticias","publisher":{"@id":"https:\/\/www.eldiariodetucuman.com\/web\/#organization"},"potentialAction":[{"@type":"SearchAction","target":{"@type":"EntryPoint","urlTemplate":"https:\/\/www.eldiariodetucuman.com\/web\/?s={search_term_string}"},"query-input":{"@type":"PropertyValueSpecification","valueRequired":true,"valueName":"search_term_string"}}],"inLanguage":"es"},{"@type":"Organization","@id":"https:\/\/www.eldiariodetucuman.com\/web\/#organization","name":"El Diario de Tucuman","url":"https:\/\/www.eldiariodetucuman.com\/web\/","logo":{"@type":"ImageObject","inLanguage":"es","@id":"https:\/\/www.eldiariodetucuman.com\/web\/#\/schema\/logo\/image\/","url":"http:\/\/www.eldiariodetucuman.com\/web\/wp-content\/uploads\/2017\/12\/el-diario-de-tucuman.jpg","contentUrl":"http:\/\/www.eldiariodetucuman.com\/web\/wp-content\/uploads\/2017\/12\/el-diario-de-tucuman.jpg","width":272,"height":92,"caption":"El Diario de Tucuman"},"image":{"@id":"https:\/\/www.eldiariodetucuman.com\/web\/#\/schema\/logo\/image\/"}},{"@type":"Person","@id":"https:\/\/www.eldiariodetucuman.com\/web\/#\/schema\/person\/9250197d75ab5483412e19678b121caa","name":"admin","image":{"@type":"ImageObject","inLanguage":"es","@id":"https:\/\/secure.gravatar.com\/avatar\/c44d117c2be811212c22cb481f6b8384b6873de103fbc49e7a03cc58d7dea4ac?s=96&d=mm&r=g","url":"https:\/\/secure.gravatar.com\/avatar\/c44d117c2be811212c22cb481f6b8384b6873de103fbc49e7a03cc58d7dea4ac?s=96&d=mm&r=g","contentUrl":"https:\/\/secure.gravatar.com\/avatar\/c44d117c2be811212c22cb481f6b8384b6873de103fbc49e7a03cc58d7dea4ac?s=96&d=mm&r=g","caption":"admin"},"url":"https:\/\/www.eldiariodetucuman.com\/web\/author\/admin\/"}]}},"_links":{"self":[{"href":"https:\/\/www.eldiariodetucuman.com\/web\/wp-json\/wp\/v2\/posts\/5885","targetHints":{"allow":["GET"]}}],"collection":[{"href":"https:\/\/www.eldiariodetucuman.com\/web\/wp-json\/wp\/v2\/posts"}],"about":[{"href":"https:\/\/www.eldiariodetucuman.com\/web\/wp-json\/wp\/v2\/types\/post"}],"author":[{"embeddable":true,"href":"https:\/\/www.eldiariodetucuman.com\/web\/wp-json\/wp\/v2\/users\/1"}],"replies":[{"embeddable":true,"href":"https:\/\/www.eldiariodetucuman.com\/web\/wp-json\/wp\/v2\/comments?post=5885"}],"version-history":[{"count":1,"href":"https:\/\/www.eldiariodetucuman.com\/web\/wp-json\/wp\/v2\/posts\/5885\/revisions"}],"predecessor-version":[{"id":5887,"href":"https:\/\/www.eldiariodetucuman.com\/web\/wp-json\/wp\/v2\/posts\/5885\/revisions\/5887"}],"wp:featuredmedia":[{"embeddable":true,"href":"https:\/\/www.eldiariodetucuman.com\/web\/wp-json\/wp\/v2\/media\/5886"}],"wp:attachment":[{"href":"https:\/\/www.eldiariodetucuman.com\/web\/wp-json\/wp\/v2\/media?parent=5885"}],"wp:term":[{"taxonomy":"category","embeddable":true,"href":"https:\/\/www.eldiariodetucuman.com\/web\/wp-json\/wp\/v2\/categories?post=5885"},{"taxonomy":"post_tag","embeddable":true,"href":"https:\/\/www.eldiariodetucuman.com\/web\/wp-json\/wp\/v2\/tags?post=5885"}],"curies":[{"name":"wp","href":"https:\/\/api.w.org\/{rel}","templated":true}]}}