{"id":5882,"date":"2018-02-26T12:08:06","date_gmt":"2018-02-26T15:08:06","guid":{"rendered":"http:\/\/www.eldiariodetucuman.com\/web\/la-colonia-de-vacaciones-de-simoca-contuvo-a-140-ninos-2\/"},"modified":"2018-02-26T12:08:07","modified_gmt":"2018-02-26T15:08:07","slug":"la-colonia-de-vacaciones-de-simoca-contuvo-a-140-ninos-2","status":"publish","type":"post","link":"https:\/\/www.eldiariodetucuman.com\/web\/la-colonia-de-vacaciones-de-simoca-contuvo-a-140-ninos-2\/","title":{"rendered":"La Colonia de Vacaciones de Simoca contuvo a 140 ni\u00f1os"},"content":{"rendered":"<div>\n<div readability=\"74\">\n<p>Pasado el verano y pr\u00f3ximo al inicio de clases, ni\u00f1os y j\u00f3venes de Simoca participaron de la finalizaci\u00f3n de la Colonia de Vacaciones Municipal, llevada a cabo en el balneario de la ciudad desde los primeros d\u00edas de enero. All\u00ed se desarroll\u00f3 un acto presidido por el vicegobernador a cargo del Poder Ejecutivo, <strong>Osvaldo Jaldo<\/strong>, que destac\u00f3 la importancia de inculcar en los chicos el valor de los juegos, el trabajo en equipo y el deporte.<\/p>\n<p><iframe loading=\"lazy\" width=\"650\" height=\"315\" src=\"http:\/\/www.youtube.com\/embed\/dZDZGjGYWP8\"><\/iframe><\/p>\n<p>\u00a0<\/p>\n<p>\u00a0<\/p>\n<p><strong>Durante la temporada de verano, m\u00e1s de 140 peque\u00f1os participaron de actividades recreativas y tomaron clases de nataci\u00f3n. Adem\u00e1s, se les sirvi\u00f3 refrigerios y recibieron controles integrales de salud. Todos los servicios fueron gratuitos.<\/strong><\/p>\n<blockquote readability=\"13\">\n<p>Hemos venido a acompa\u00f1ar el cierre de la temporada de la escuelita de verano que durante enero y febrero alberg\u00f3 a muchos ni\u00f1os simoque\u00f1os que tuvieron la posibilidad de disfrutar esta pileta de lujo, en una zona natural, con arboleda, con sombra, con un predio que lo ha recuperado la municipalidad\u201d, expres\u00f3 el vicegobernador.<\/p>\n<\/blockquote>\n<p>Con el inicio de marzo cada vez m\u00e1s cerca, Jaldo resalt\u00f3 la vuelta de los chicos al aula. \u201cA lo largo y a lo ancho de la provincia hemos llevado actividades para entretener a nuestros ni\u00f1os durante el verano. Pero a partir de marzo ya hay que hablar de volver a la escuela y estudiar\u201d, manifest\u00f3.<\/p>\n<p><a href=\"http:\/\/comunicaciontucuman.gob.ar\/wp-content\/uploads\/2018\/02\/WhatsApp-Image-2018-02-23-at-11.53.36.jpeg\"><img loading=\"lazy\" decoding=\"async\" class=\"size-medium wp-image-155037 alignright\" src=\"http:\/\/comunicaciontucuman.gob.ar\/wp-content\/uploads\/2018\/02\/WhatsApp-Image-2018-02-23-at-11.53.36-300x166.jpeg\" alt=\"WhatsApp Image 2018-02-23 at 11.53.36\" width=\"300\" height=\"166\"><\/a><\/p>\n<p>A su turno, el intendente <strong>Marcelo Herrera<\/strong> expres\u00f3: \u201cpor tercer a\u00f1o consecutivo esta colonia de vacaciones fue un \u00e9xito. Este a\u00f1o alberg\u00f3 a 140 ni\u00f1os durante todo el verano que no solo ven\u00edan a la pileta a aprender nataci\u00f3n, sino que ten\u00edan voley, f\u00fatbol, tenis, adem\u00e1s del refrigerio que recib\u00edan por la ma\u00f1ana y de los juegos y los campamentos realizados\u201d.<\/p>\n<p>Este viernes tambi\u00e9n quedaron inaugurada las tres cascadas que adornan el balneario. \u201cHoy inauguramos las cascadas, \u00fanicas en la provincia que va a convertir a esto en el mejor balneario de\u00a0Tucum\u00e1n\u201d, celebr\u00f3 Herrera.<\/p>\n<blockquote class=\"mom_quote \"><p>El balneario continuar\u00e1 abierto hasta que terminen los calores tucumanos. As\u00ed lo confirm\u00f3 el intendente quien invit\u00f3 a la gente a acercarse y disfrutar de las piletas, como as\u00ed tambi\u00e9n de los asadores y las sombras del parque, de manera gratuita.<\/p><\/blockquote>\n<p>\u00a0<\/p>\n<\/div>\n<\/div>\n<p>Fuente: http:\/\/comunicaciontucuman.gob.ar\/2018\/02\/la-colonia-de-vacaciones-de-simoca-contuvo-a-100-ninos\/<\/p>\n","protected":false},"excerpt":{"rendered":"<p>Pasado el verano y pr\u00f3ximo al inicio de clases, ni\u00f1os y j\u00f3venes de Simoca participaron de la finalizaci\u00f3n de la Colonia de Vacaciones Municipal, llevada a cabo en el balneario de la ciudad desde los primeros d\u00edas de enero. All\u00ed se desarroll\u00f3 un acto presidido por el vicegobernador a cargo del Poder Ejecutivo, Osvaldo Jaldo, [&hellip;]<\/p>\n","protected":false},"author":1,"featured_media":5883,"comment_status":"open","ping_status":"closed","sticky":false,"template":"","format":"standard","meta":{"footnotes":""},"categories":[3],"tags":[],"class_list":{"0":"post-5882","1":"post","2":"type-post","3":"status-publish","4":"format-standard","5":"has-post-thumbnail","7":"category-politica"},"yoast_head":"<!-- This site is optimized with the Yoast SEO plugin v27.5 - https:\/\/yoast.com\/product\/yoast-seo-wordpress\/ -->\n<title>La Colonia de Vacaciones de Simoca contuvo a 140 ni\u00f1os - El Diario de Tucuman<\/title>\n<meta name=\"robots\" content=\"index, follow, max-snippet:-1, max-image-preview:large, max-video-preview:-1\" \/>\n<link rel=\"canonical\" href=\"https:\/\/www.eldiariodetucuman.com\/web\/la-colonia-de-vacaciones-de-simoca-contuvo-a-140-ninos-2\/\" \/>\n<meta property=\"og:locale\" content=\"es_ES\" \/>\n<meta property=\"og:type\" content=\"article\" \/>\n<meta property=\"og:title\" content=\"La Colonia de Vacaciones de Simoca contuvo a 140 ni\u00f1os - El Diario de Tucuman\" \/>\n<meta property=\"og:description\" content=\"Pasado el verano y pr\u00f3ximo al inicio de clases, ni\u00f1os y j\u00f3venes de Simoca participaron de la finalizaci\u00f3n de la Colonia de Vacaciones Municipal, llevada a cabo en el balneario de la ciudad desde los primeros d\u00edas de enero. All\u00ed se desarroll\u00f3 un acto presidido por el vicegobernador a cargo del Poder Ejecutivo, Osvaldo Jaldo, [&hellip;]\" \/>\n<meta property=\"og:url\" content=\"https:\/\/www.eldiariodetucuman.com\/web\/la-colonia-de-vacaciones-de-simoca-contuvo-a-140-ninos-2\/\" \/>\n<meta property=\"og:site_name\" content=\"El Diario de Tucuman\" \/>\n<meta property=\"article:published_time\" content=\"2018-02-26T15:08:06+00:00\" \/>\n<meta property=\"article:modified_time\" content=\"2018-02-26T15:08:07+00:00\" \/>\n<meta property=\"og:image\" content=\"https:\/\/www.eldiariodetucuman.com\/web\/wp-content\/uploads\/2018\/02\/f8da70937bbd0f5620f2fdd5e46eca17.jpeg\" \/>\n\t<meta property=\"og:image:width\" content=\"300\" \/>\n\t<meta property=\"og:image:height\" content=\"166\" \/>\n\t<meta property=\"og:image:type\" content=\"image\/jpeg\" \/>\n<meta name=\"author\" content=\"admin\" \/>\n<meta name=\"twitter:card\" content=\"summary_large_image\" \/>\n<meta name=\"twitter:label1\" content=\"Escrito por\" \/>\n\t<meta name=\"twitter:data1\" content=\"admin\" \/>\n\t<meta name=\"twitter:label2\" content=\"Tiempo de lectura\" \/>\n\t<meta name=\"twitter:data2\" content=\"2 minutos\" \/>\n<script type=\"application\/ld+json\" class=\"yoast-schema-graph\">{\"@context\":\"https:\\\/\\\/schema.org\",\"@graph\":[{\"@type\":\"Article\",\"@id\":\"https:\\\/\\\/www.eldiariodetucuman.com\\\/web\\\/la-colonia-de-vacaciones-de-simoca-contuvo-a-140-ninos-2\\\/#article\",\"isPartOf\":{\"@id\":\"https:\\\/\\\/www.eldiariodetucuman.com\\\/web\\\/la-colonia-de-vacaciones-de-simoca-contuvo-a-140-ninos-2\\\/\"},\"author\":{\"name\":\"admin\",\"@id\":\"https:\\\/\\\/www.eldiariodetucuman.com\\\/web\\\/#\\\/schema\\\/person\\\/9250197d75ab5483412e19678b121caa\"},\"headline\":\"La Colonia de Vacaciones de Simoca contuvo a 140 ni\u00f1os\",\"datePublished\":\"2018-02-26T15:08:06+00:00\",\"dateModified\":\"2018-02-26T15:08:07+00:00\",\"mainEntityOfPage\":{\"@id\":\"https:\\\/\\\/www.eldiariodetucuman.com\\\/web\\\/la-colonia-de-vacaciones-de-simoca-contuvo-a-140-ninos-2\\\/\"},\"wordCount\":398,\"commentCount\":0,\"publisher\":{\"@id\":\"https:\\\/\\\/www.eldiariodetucuman.com\\\/web\\\/#organization\"},\"image\":{\"@id\":\"https:\\\/\\\/www.eldiariodetucuman.com\\\/web\\\/la-colonia-de-vacaciones-de-simoca-contuvo-a-140-ninos-2\\\/#primaryimage\"},\"thumbnailUrl\":\"https:\\\/\\\/www.eldiariodetucuman.com\\\/web\\\/wp-content\\\/uploads\\\/2018\\\/02\\\/f8da70937bbd0f5620f2fdd5e46eca17.jpeg\",\"articleSection\":[\"Politica\"],\"inLanguage\":\"es\",\"potentialAction\":[{\"@type\":\"CommentAction\",\"name\":\"Comment\",\"target\":[\"https:\\\/\\\/www.eldiariodetucuman.com\\\/web\\\/la-colonia-de-vacaciones-de-simoca-contuvo-a-140-ninos-2\\\/#respond\"]}]},{\"@type\":\"WebPage\",\"@id\":\"https:\\\/\\\/www.eldiariodetucuman.com\\\/web\\\/la-colonia-de-vacaciones-de-simoca-contuvo-a-140-ninos-2\\\/\",\"url\":\"https:\\\/\\\/www.eldiariodetucuman.com\\\/web\\\/la-colonia-de-vacaciones-de-simoca-contuvo-a-140-ninos-2\\\/\",\"name\":\"La Colonia de Vacaciones de Simoca contuvo a 140 ni\u00f1os - El Diario de Tucuman\",\"isPartOf\":{\"@id\":\"https:\\\/\\\/www.eldiariodetucuman.com\\\/web\\\/#website\"},\"primaryImageOfPage\":{\"@id\":\"https:\\\/\\\/www.eldiariodetucuman.com\\\/web\\\/la-colonia-de-vacaciones-de-simoca-contuvo-a-140-ninos-2\\\/#primaryimage\"},\"image\":{\"@id\":\"https:\\\/\\\/www.eldiariodetucuman.com\\\/web\\\/la-colonia-de-vacaciones-de-simoca-contuvo-a-140-ninos-2\\\/#primaryimage\"},\"thumbnailUrl\":\"https:\\\/\\\/www.eldiariodetucuman.com\\\/web\\\/wp-content\\\/uploads\\\/2018\\\/02\\\/f8da70937bbd0f5620f2fdd5e46eca17.jpeg\",\"datePublished\":\"2018-02-26T15:08:06+00:00\",\"dateModified\":\"2018-02-26T15:08:07+00:00\",\"breadcrumb\":{\"@id\":\"https:\\\/\\\/www.eldiariodetucuman.com\\\/web\\\/la-colonia-de-vacaciones-de-simoca-contuvo-a-140-ninos-2\\\/#breadcrumb\"},\"inLanguage\":\"es\",\"potentialAction\":[{\"@type\":\"ReadAction\",\"target\":[\"https:\\\/\\\/www.eldiariodetucuman.com\\\/web\\\/la-colonia-de-vacaciones-de-simoca-contuvo-a-140-ninos-2\\\/\"]}]},{\"@type\":\"ImageObject\",\"inLanguage\":\"es\",\"@id\":\"https:\\\/\\\/www.eldiariodetucuman.com\\\/web\\\/la-colonia-de-vacaciones-de-simoca-contuvo-a-140-ninos-2\\\/#primaryimage\",\"url\":\"https:\\\/\\\/www.eldiariodetucuman.com\\\/web\\\/wp-content\\\/uploads\\\/2018\\\/02\\\/f8da70937bbd0f5620f2fdd5e46eca17.jpeg\",\"contentUrl\":\"https:\\\/\\\/www.eldiariodetucuman.com\\\/web\\\/wp-content\\\/uploads\\\/2018\\\/02\\\/f8da70937bbd0f5620f2fdd5e46eca17.jpeg\",\"width\":300,\"height\":166},{\"@type\":\"BreadcrumbList\",\"@id\":\"https:\\\/\\\/www.eldiariodetucuman.com\\\/web\\\/la-colonia-de-vacaciones-de-simoca-contuvo-a-140-ninos-2\\\/#breadcrumb\",\"itemListElement\":[{\"@type\":\"ListItem\",\"position\":1,\"name\":\"Portada\",\"item\":\"https:\\\/\\\/www.eldiariodetucuman.com\\\/web\\\/\"},{\"@type\":\"ListItem\",\"position\":2,\"name\":\"La Colonia de Vacaciones de Simoca contuvo a 140 ni\u00f1os\"}]},{\"@type\":\"WebSite\",\"@id\":\"https:\\\/\\\/www.eldiariodetucuman.com\\\/web\\\/#website\",\"url\":\"https:\\\/\\\/www.eldiariodetucuman.com\\\/web\\\/\",\"name\":\"El Diario de Tucuman\",\"description\":\"Diario Tucuman - Informaci\u00f3n y noticias\",\"publisher\":{\"@id\":\"https:\\\/\\\/www.eldiariodetucuman.com\\\/web\\\/#organization\"},\"potentialAction\":[{\"@type\":\"SearchAction\",\"target\":{\"@type\":\"EntryPoint\",\"urlTemplate\":\"https:\\\/\\\/www.eldiariodetucuman.com\\\/web\\\/?s={search_term_string}\"},\"query-input\":{\"@type\":\"PropertyValueSpecification\",\"valueRequired\":true,\"valueName\":\"search_term_string\"}}],\"inLanguage\":\"es\"},{\"@type\":\"Organization\",\"@id\":\"https:\\\/\\\/www.eldiariodetucuman.com\\\/web\\\/#organization\",\"name\":\"El Diario de Tucuman\",\"url\":\"https:\\\/\\\/www.eldiariodetucuman.com\\\/web\\\/\",\"logo\":{\"@type\":\"ImageObject\",\"inLanguage\":\"es\",\"@id\":\"https:\\\/\\\/www.eldiariodetucuman.com\\\/web\\\/#\\\/schema\\\/logo\\\/image\\\/\",\"url\":\"http:\\\/\\\/www.eldiariodetucuman.com\\\/web\\\/wp-content\\\/uploads\\\/2017\\\/12\\\/el-diario-de-tucuman.jpg\",\"contentUrl\":\"http:\\\/\\\/www.eldiariodetucuman.com\\\/web\\\/wp-content\\\/uploads\\\/2017\\\/12\\\/el-diario-de-tucuman.jpg\",\"width\":272,\"height\":92,\"caption\":\"El Diario de Tucuman\"},\"image\":{\"@id\":\"https:\\\/\\\/www.eldiariodetucuman.com\\\/web\\\/#\\\/schema\\\/logo\\\/image\\\/\"}},{\"@type\":\"Person\",\"@id\":\"https:\\\/\\\/www.eldiariodetucuman.com\\\/web\\\/#\\\/schema\\\/person\\\/9250197d75ab5483412e19678b121caa\",\"name\":\"admin\",\"image\":{\"@type\":\"ImageObject\",\"inLanguage\":\"es\",\"@id\":\"https:\\\/\\\/secure.gravatar.com\\\/avatar\\\/c44d117c2be811212c22cb481f6b8384b6873de103fbc49e7a03cc58d7dea4ac?s=96&d=mm&r=g\",\"url\":\"https:\\\/\\\/secure.gravatar.com\\\/avatar\\\/c44d117c2be811212c22cb481f6b8384b6873de103fbc49e7a03cc58d7dea4ac?s=96&d=mm&r=g\",\"contentUrl\":\"https:\\\/\\\/secure.gravatar.com\\\/avatar\\\/c44d117c2be811212c22cb481f6b8384b6873de103fbc49e7a03cc58d7dea4ac?s=96&d=mm&r=g\",\"caption\":\"admin\"},\"url\":\"https:\\\/\\\/www.eldiariodetucuman.com\\\/web\\\/author\\\/admin\\\/\"}]}<\/script>\n<!-- \/ Yoast SEO plugin. -->","yoast_head_json":{"title":"La Colonia de Vacaciones de Simoca contuvo a 140 ni\u00f1os - El Diario de Tucuman","robots":{"index":"index","follow":"follow","max-snippet":"max-snippet:-1","max-image-preview":"max-image-preview:large","max-video-preview":"max-video-preview:-1"},"canonical":"https:\/\/www.eldiariodetucuman.com\/web\/la-colonia-de-vacaciones-de-simoca-contuvo-a-140-ninos-2\/","og_locale":"es_ES","og_type":"article","og_title":"La Colonia de Vacaciones de Simoca contuvo a 140 ni\u00f1os - El Diario de Tucuman","og_description":"Pasado el verano y pr\u00f3ximo al inicio de clases, ni\u00f1os y j\u00f3venes de Simoca participaron de la finalizaci\u00f3n de la Colonia de Vacaciones Municipal, llevada a cabo en el balneario de la ciudad desde los primeros d\u00edas de enero. All\u00ed se desarroll\u00f3 un acto presidido por el vicegobernador a cargo del Poder Ejecutivo, Osvaldo Jaldo, [&hellip;]","og_url":"https:\/\/www.eldiariodetucuman.com\/web\/la-colonia-de-vacaciones-de-simoca-contuvo-a-140-ninos-2\/","og_site_name":"El Diario de Tucuman","article_published_time":"2018-02-26T15:08:06+00:00","article_modified_time":"2018-02-26T15:08:07+00:00","og_image":[{"width":300,"height":166,"url":"https:\/\/www.eldiariodetucuman.com\/web\/wp-content\/uploads\/2018\/02\/f8da70937bbd0f5620f2fdd5e46eca17.jpeg","type":"image\/jpeg"}],"author":"admin","twitter_card":"summary_large_image","twitter_misc":{"Escrito por":"admin","Tiempo de lectura":"2 minutos"},"schema":{"@context":"https:\/\/schema.org","@graph":[{"@type":"Article","@id":"https:\/\/www.eldiariodetucuman.com\/web\/la-colonia-de-vacaciones-de-simoca-contuvo-a-140-ninos-2\/#article","isPartOf":{"@id":"https:\/\/www.eldiariodetucuman.com\/web\/la-colonia-de-vacaciones-de-simoca-contuvo-a-140-ninos-2\/"},"author":{"name":"admin","@id":"https:\/\/www.eldiariodetucuman.com\/web\/#\/schema\/person\/9250197d75ab5483412e19678b121caa"},"headline":"La Colonia de Vacaciones de Simoca contuvo a 140 ni\u00f1os","datePublished":"2018-02-26T15:08:06+00:00","dateModified":"2018-02-26T15:08:07+00:00","mainEntityOfPage":{"@id":"https:\/\/www.eldiariodetucuman.com\/web\/la-colonia-de-vacaciones-de-simoca-contuvo-a-140-ninos-2\/"},"wordCount":398,"commentCount":0,"publisher":{"@id":"https:\/\/www.eldiariodetucuman.com\/web\/#organization"},"image":{"@id":"https:\/\/www.eldiariodetucuman.com\/web\/la-colonia-de-vacaciones-de-simoca-contuvo-a-140-ninos-2\/#primaryimage"},"thumbnailUrl":"https:\/\/www.eldiariodetucuman.com\/web\/wp-content\/uploads\/2018\/02\/f8da70937bbd0f5620f2fdd5e46eca17.jpeg","articleSection":["Politica"],"inLanguage":"es","potentialAction":[{"@type":"CommentAction","name":"Comment","target":["https:\/\/www.eldiariodetucuman.com\/web\/la-colonia-de-vacaciones-de-simoca-contuvo-a-140-ninos-2\/#respond"]}]},{"@type":"WebPage","@id":"https:\/\/www.eldiariodetucuman.com\/web\/la-colonia-de-vacaciones-de-simoca-contuvo-a-140-ninos-2\/","url":"https:\/\/www.eldiariodetucuman.com\/web\/la-colonia-de-vacaciones-de-simoca-contuvo-a-140-ninos-2\/","name":"La Colonia de Vacaciones de Simoca contuvo a 140 ni\u00f1os - El Diario de Tucuman","isPartOf":{"@id":"https:\/\/www.eldiariodetucuman.com\/web\/#website"},"primaryImageOfPage":{"@id":"https:\/\/www.eldiariodetucuman.com\/web\/la-colonia-de-vacaciones-de-simoca-contuvo-a-140-ninos-2\/#primaryimage"},"image":{"@id":"https:\/\/www.eldiariodetucuman.com\/web\/la-colonia-de-vacaciones-de-simoca-contuvo-a-140-ninos-2\/#primaryimage"},"thumbnailUrl":"https:\/\/www.eldiariodetucuman.com\/web\/wp-content\/uploads\/2018\/02\/f8da70937bbd0f5620f2fdd5e46eca17.jpeg","datePublished":"2018-02-26T15:08:06+00:00","dateModified":"2018-02-26T15:08:07+00:00","breadcrumb":{"@id":"https:\/\/www.eldiariodetucuman.com\/web\/la-colonia-de-vacaciones-de-simoca-contuvo-a-140-ninos-2\/#breadcrumb"},"inLanguage":"es","potentialAction":[{"@type":"ReadAction","target":["https:\/\/www.eldiariodetucuman.com\/web\/la-colonia-de-vacaciones-de-simoca-contuvo-a-140-ninos-2\/"]}]},{"@type":"ImageObject","inLanguage":"es","@id":"https:\/\/www.eldiariodetucuman.com\/web\/la-colonia-de-vacaciones-de-simoca-contuvo-a-140-ninos-2\/#primaryimage","url":"https:\/\/www.eldiariodetucuman.com\/web\/wp-content\/uploads\/2018\/02\/f8da70937bbd0f5620f2fdd5e46eca17.jpeg","contentUrl":"https:\/\/www.eldiariodetucuman.com\/web\/wp-content\/uploads\/2018\/02\/f8da70937bbd0f5620f2fdd5e46eca17.jpeg","width":300,"height":166},{"@type":"BreadcrumbList","@id":"https:\/\/www.eldiariodetucuman.com\/web\/la-colonia-de-vacaciones-de-simoca-contuvo-a-140-ninos-2\/#breadcrumb","itemListElement":[{"@type":"ListItem","position":1,"name":"Portada","item":"https:\/\/www.eldiariodetucuman.com\/web\/"},{"@type":"ListItem","position":2,"name":"La Colonia de Vacaciones de Simoca contuvo a 140 ni\u00f1os"}]},{"@type":"WebSite","@id":"https:\/\/www.eldiariodetucuman.com\/web\/#website","url":"https:\/\/www.eldiariodetucuman.com\/web\/","name":"El Diario de Tucuman","description":"Diario Tucuman - Informaci\u00f3n y noticias","publisher":{"@id":"https:\/\/www.eldiariodetucuman.com\/web\/#organization"},"potentialAction":[{"@type":"SearchAction","target":{"@type":"EntryPoint","urlTemplate":"https:\/\/www.eldiariodetucuman.com\/web\/?s={search_term_string}"},"query-input":{"@type":"PropertyValueSpecification","valueRequired":true,"valueName":"search_term_string"}}],"inLanguage":"es"},{"@type":"Organization","@id":"https:\/\/www.eldiariodetucuman.com\/web\/#organization","name":"El Diario de Tucuman","url":"https:\/\/www.eldiariodetucuman.com\/web\/","logo":{"@type":"ImageObject","inLanguage":"es","@id":"https:\/\/www.eldiariodetucuman.com\/web\/#\/schema\/logo\/image\/","url":"http:\/\/www.eldiariodetucuman.com\/web\/wp-content\/uploads\/2017\/12\/el-diario-de-tucuman.jpg","contentUrl":"http:\/\/www.eldiariodetucuman.com\/web\/wp-content\/uploads\/2017\/12\/el-diario-de-tucuman.jpg","width":272,"height":92,"caption":"El Diario de Tucuman"},"image":{"@id":"https:\/\/www.eldiariodetucuman.com\/web\/#\/schema\/logo\/image\/"}},{"@type":"Person","@id":"https:\/\/www.eldiariodetucuman.com\/web\/#\/schema\/person\/9250197d75ab5483412e19678b121caa","name":"admin","image":{"@type":"ImageObject","inLanguage":"es","@id":"https:\/\/secure.gravatar.com\/avatar\/c44d117c2be811212c22cb481f6b8384b6873de103fbc49e7a03cc58d7dea4ac?s=96&d=mm&r=g","url":"https:\/\/secure.gravatar.com\/avatar\/c44d117c2be811212c22cb481f6b8384b6873de103fbc49e7a03cc58d7dea4ac?s=96&d=mm&r=g","contentUrl":"https:\/\/secure.gravatar.com\/avatar\/c44d117c2be811212c22cb481f6b8384b6873de103fbc49e7a03cc58d7dea4ac?s=96&d=mm&r=g","caption":"admin"},"url":"https:\/\/www.eldiariodetucuman.com\/web\/author\/admin\/"}]}},"_links":{"self":[{"href":"https:\/\/www.eldiariodetucuman.com\/web\/wp-json\/wp\/v2\/posts\/5882","targetHints":{"allow":["GET"]}}],"collection":[{"href":"https:\/\/www.eldiariodetucuman.com\/web\/wp-json\/wp\/v2\/posts"}],"about":[{"href":"https:\/\/www.eldiariodetucuman.com\/web\/wp-json\/wp\/v2\/types\/post"}],"author":[{"embeddable":true,"href":"https:\/\/www.eldiariodetucuman.com\/web\/wp-json\/wp\/v2\/users\/1"}],"replies":[{"embeddable":true,"href":"https:\/\/www.eldiariodetucuman.com\/web\/wp-json\/wp\/v2\/comments?post=5882"}],"version-history":[{"count":1,"href":"https:\/\/www.eldiariodetucuman.com\/web\/wp-json\/wp\/v2\/posts\/5882\/revisions"}],"predecessor-version":[{"id":5884,"href":"https:\/\/www.eldiariodetucuman.com\/web\/wp-json\/wp\/v2\/posts\/5882\/revisions\/5884"}],"wp:featuredmedia":[{"embeddable":true,"href":"https:\/\/www.eldiariodetucuman.com\/web\/wp-json\/wp\/v2\/media\/5883"}],"wp:attachment":[{"href":"https:\/\/www.eldiariodetucuman.com\/web\/wp-json\/wp\/v2\/media?parent=5882"}],"wp:term":[{"taxonomy":"category","embeddable":true,"href":"https:\/\/www.eldiariodetucuman.com\/web\/wp-json\/wp\/v2\/categories?post=5882"},{"taxonomy":"post_tag","embeddable":true,"href":"https:\/\/www.eldiariodetucuman.com\/web\/wp-json\/wp\/v2\/tags?post=5882"}],"curies":[{"name":"wp","href":"https:\/\/api.w.org\/{rel}","templated":true}]}}