{"id":5873,"date":"2018-02-26T12:00:43","date_gmt":"2018-02-26T15:00:43","guid":{"rendered":"http:\/\/www.eldiariodetucuman.com\/web\/alperovich-y-otros-funcionarios-deberan-declarar-en-el-juicio-por-paulina-lebbos\/"},"modified":"2018-02-26T12:00:47","modified_gmt":"2018-02-26T15:00:47","slug":"alperovich-y-otros-funcionarios-deberan-declarar-en-el-juicio-por-paulina-lebbos","status":"publish","type":"post","link":"https:\/\/www.eldiariodetucuman.com\/web\/alperovich-y-otros-funcionarios-deberan-declarar-en-el-juicio-por-paulina-lebbos\/","title":{"rendered":"Alperovich y otros funcionarios deber\u00e1n declarar en el juicio por Paulina Lebbos"},"content":{"rendered":"<div>\n<div readability=\"45\">\n<p>El ex gobernador <b>Jos\u00e9 Alperovich<\/b> y otros funcionarios deber\u00e1n declarar en el juicio que se lleva adelante para esclarecer el crimen de <b>Paulina Lebbos<\/b>. Cuando se cumplen exactamente 12 a\u00f1os de la desaparici\u00f3n de la joven, el tribunal resolvi\u00f3 que el actual senador -en su car\u00e1cter de testigo- comparezca en la audiencia y no por escrito, como se hab\u00eda planteado de manera inicial.<\/p>\n<p>La resoluci\u00f3n del tribunal, conformado por <b>Carlos Caramuti<\/b>, <b>Rafael Macoritto<\/b> y <b>Dante Ib\u00e1\u00f1ez<\/b>, alcanza tambi\u00e9n al ministro Fiscal <b>Edmundo Jim\u00e9nez<\/b>; a los fiscales <b>Alejandro Noguera<\/b> y <b>Adriana Reinoso Cuello<\/b>; y al actual ministro de Seguridad, <b>Claudio Maley<\/b>.<\/p>\n<p>Nota en desarrollo\u2026<\/p>\n<p><br mce_bogus=\"1\"><\/div>\n<\/div>\n<p>Fuente: http:\/\/www.lagaceta.com.ar\/nota\/762532\/actualidad\/alperovich-otros-funcionarios-deberan-declarar-juicio-paulina-lebbos.html<\/p>\n","protected":false},"excerpt":{"rendered":"<p>El ex gobernador Jos\u00e9 Alperovich y otros funcionarios deber\u00e1n declarar en el juicio que se lleva adelante para esclarecer el crimen de Paulina Lebbos. Cuando se cumplen exactamente 12 a\u00f1os de la desaparici\u00f3n de la joven, el tribunal resolvi\u00f3 que el actual senador -en su car\u00e1cter de testigo- comparezca en la audiencia y no por [&hellip;]<\/p>\n","protected":false},"author":1,"featured_media":5874,"comment_status":"open","ping_status":"closed","sticky":false,"template":"","format":"standard","meta":{"footnotes":""},"categories":[1],"tags":[],"class_list":{"0":"post-5873","1":"post","2":"type-post","3":"status-publish","4":"format-standard","5":"has-post-thumbnail","7":"category-portada"},"yoast_head":"<!-- This site is optimized with the Yoast SEO plugin v27.5 - https:\/\/yoast.com\/product\/yoast-seo-wordpress\/ -->\n<title>Alperovich y otros funcionarios deber\u00e1n declarar en el juicio por Paulina Lebbos - El Diario de Tucuman<\/title>\n<meta name=\"robots\" content=\"index, follow, max-snippet:-1, max-image-preview:large, max-video-preview:-1\" \/>\n<link rel=\"canonical\" href=\"https:\/\/www.eldiariodetucuman.com\/web\/alperovich-y-otros-funcionarios-deberan-declarar-en-el-juicio-por-paulina-lebbos\/\" \/>\n<meta property=\"og:locale\" content=\"es_ES\" \/>\n<meta property=\"og:type\" content=\"article\" \/>\n<meta property=\"og:title\" content=\"Alperovich y otros funcionarios deber\u00e1n declarar en el juicio por Paulina Lebbos - El Diario de Tucuman\" \/>\n<meta property=\"og:description\" content=\"El ex gobernador Jos\u00e9 Alperovich y otros funcionarios deber\u00e1n declarar en el juicio que se lleva adelante para esclarecer el crimen de Paulina Lebbos. Cuando se cumplen exactamente 12 a\u00f1os de la desaparici\u00f3n de la joven, el tribunal resolvi\u00f3 que el actual senador -en su car\u00e1cter de testigo- comparezca en la audiencia y no por [&hellip;]\" \/>\n<meta property=\"og:url\" content=\"https:\/\/www.eldiariodetucuman.com\/web\/alperovich-y-otros-funcionarios-deberan-declarar-en-el-juicio-por-paulina-lebbos\/\" \/>\n<meta property=\"og:site_name\" content=\"El Diario de Tucuman\" \/>\n<meta property=\"article:published_time\" content=\"2018-02-26T15:00:43+00:00\" \/>\n<meta property=\"article:modified_time\" content=\"2018-02-26T15:00:47+00:00\" \/>\n<meta property=\"og:image\" content=\"https:\/\/www.eldiariodetucuman.com\/web\/wp-content\/uploads\/2018\/02\/8484dae2e83db6ed4f01c69a13b6b82e.jpeg\" \/>\n\t<meta property=\"og:image:width\" content=\"1500\" \/>\n\t<meta property=\"og:image:height\" content=\"850\" \/>\n\t<meta property=\"og:image:type\" content=\"image\/jpeg\" \/>\n<meta name=\"author\" content=\"admin\" \/>\n<meta name=\"twitter:card\" content=\"summary_large_image\" \/>\n<meta name=\"twitter:label1\" content=\"Escrito por\" \/>\n\t<meta name=\"twitter:data1\" content=\"admin\" \/>\n\t<meta name=\"twitter:label2\" content=\"Tiempo de lectura\" \/>\n\t<meta name=\"twitter:data2\" content=\"1 minuto\" \/>\n<script type=\"application\/ld+json\" class=\"yoast-schema-graph\">{\"@context\":\"https:\\\/\\\/schema.org\",\"@graph\":[{\"@type\":\"Article\",\"@id\":\"https:\\\/\\\/www.eldiariodetucuman.com\\\/web\\\/alperovich-y-otros-funcionarios-deberan-declarar-en-el-juicio-por-paulina-lebbos\\\/#article\",\"isPartOf\":{\"@id\":\"https:\\\/\\\/www.eldiariodetucuman.com\\\/web\\\/alperovich-y-otros-funcionarios-deberan-declarar-en-el-juicio-por-paulina-lebbos\\\/\"},\"author\":{\"name\":\"admin\",\"@id\":\"https:\\\/\\\/www.eldiariodetucuman.com\\\/web\\\/#\\\/schema\\\/person\\\/9250197d75ab5483412e19678b121caa\"},\"headline\":\"Alperovich y otros funcionarios deber\u00e1n declarar en el juicio por Paulina Lebbos\",\"datePublished\":\"2018-02-26T15:00:43+00:00\",\"dateModified\":\"2018-02-26T15:00:47+00:00\",\"mainEntityOfPage\":{\"@id\":\"https:\\\/\\\/www.eldiariodetucuman.com\\\/web\\\/alperovich-y-otros-funcionarios-deberan-declarar-en-el-juicio-por-paulina-lebbos\\\/\"},\"wordCount\":134,\"commentCount\":0,\"publisher\":{\"@id\":\"https:\\\/\\\/www.eldiariodetucuman.com\\\/web\\\/#organization\"},\"image\":{\"@id\":\"https:\\\/\\\/www.eldiariodetucuman.com\\\/web\\\/alperovich-y-otros-funcionarios-deberan-declarar-en-el-juicio-por-paulina-lebbos\\\/#primaryimage\"},\"thumbnailUrl\":\"https:\\\/\\\/www.eldiariodetucuman.com\\\/web\\\/wp-content\\\/uploads\\\/2018\\\/02\\\/8484dae2e83db6ed4f01c69a13b6b82e.jpeg\",\"articleSection\":[\"Portada\"],\"inLanguage\":\"es\",\"potentialAction\":[{\"@type\":\"CommentAction\",\"name\":\"Comment\",\"target\":[\"https:\\\/\\\/www.eldiariodetucuman.com\\\/web\\\/alperovich-y-otros-funcionarios-deberan-declarar-en-el-juicio-por-paulina-lebbos\\\/#respond\"]}]},{\"@type\":\"WebPage\",\"@id\":\"https:\\\/\\\/www.eldiariodetucuman.com\\\/web\\\/alperovich-y-otros-funcionarios-deberan-declarar-en-el-juicio-por-paulina-lebbos\\\/\",\"url\":\"https:\\\/\\\/www.eldiariodetucuman.com\\\/web\\\/alperovich-y-otros-funcionarios-deberan-declarar-en-el-juicio-por-paulina-lebbos\\\/\",\"name\":\"Alperovich y otros funcionarios deber\u00e1n declarar en el juicio por Paulina Lebbos - El Diario de Tucuman\",\"isPartOf\":{\"@id\":\"https:\\\/\\\/www.eldiariodetucuman.com\\\/web\\\/#website\"},\"primaryImageOfPage\":{\"@id\":\"https:\\\/\\\/www.eldiariodetucuman.com\\\/web\\\/alperovich-y-otros-funcionarios-deberan-declarar-en-el-juicio-por-paulina-lebbos\\\/#primaryimage\"},\"image\":{\"@id\":\"https:\\\/\\\/www.eldiariodetucuman.com\\\/web\\\/alperovich-y-otros-funcionarios-deberan-declarar-en-el-juicio-por-paulina-lebbos\\\/#primaryimage\"},\"thumbnailUrl\":\"https:\\\/\\\/www.eldiariodetucuman.com\\\/web\\\/wp-content\\\/uploads\\\/2018\\\/02\\\/8484dae2e83db6ed4f01c69a13b6b82e.jpeg\",\"datePublished\":\"2018-02-26T15:00:43+00:00\",\"dateModified\":\"2018-02-26T15:00:47+00:00\",\"breadcrumb\":{\"@id\":\"https:\\\/\\\/www.eldiariodetucuman.com\\\/web\\\/alperovich-y-otros-funcionarios-deberan-declarar-en-el-juicio-por-paulina-lebbos\\\/#breadcrumb\"},\"inLanguage\":\"es\",\"potentialAction\":[{\"@type\":\"ReadAction\",\"target\":[\"https:\\\/\\\/www.eldiariodetucuman.com\\\/web\\\/alperovich-y-otros-funcionarios-deberan-declarar-en-el-juicio-por-paulina-lebbos\\\/\"]}]},{\"@type\":\"ImageObject\",\"inLanguage\":\"es\",\"@id\":\"https:\\\/\\\/www.eldiariodetucuman.com\\\/web\\\/alperovich-y-otros-funcionarios-deberan-declarar-en-el-juicio-por-paulina-lebbos\\\/#primaryimage\",\"url\":\"https:\\\/\\\/www.eldiariodetucuman.com\\\/web\\\/wp-content\\\/uploads\\\/2018\\\/02\\\/8484dae2e83db6ed4f01c69a13b6b82e.jpeg\",\"contentUrl\":\"https:\\\/\\\/www.eldiariodetucuman.com\\\/web\\\/wp-content\\\/uploads\\\/2018\\\/02\\\/8484dae2e83db6ed4f01c69a13b6b82e.jpeg\",\"width\":1500,\"height\":850},{\"@type\":\"BreadcrumbList\",\"@id\":\"https:\\\/\\\/www.eldiariodetucuman.com\\\/web\\\/alperovich-y-otros-funcionarios-deberan-declarar-en-el-juicio-por-paulina-lebbos\\\/#breadcrumb\",\"itemListElement\":[{\"@type\":\"ListItem\",\"position\":1,\"name\":\"Portada\",\"item\":\"https:\\\/\\\/www.eldiariodetucuman.com\\\/web\\\/\"},{\"@type\":\"ListItem\",\"position\":2,\"name\":\"Alperovich y otros funcionarios deber\u00e1n declarar en el juicio por Paulina Lebbos\"}]},{\"@type\":\"WebSite\",\"@id\":\"https:\\\/\\\/www.eldiariodetucuman.com\\\/web\\\/#website\",\"url\":\"https:\\\/\\\/www.eldiariodetucuman.com\\\/web\\\/\",\"name\":\"El Diario de Tucuman\",\"description\":\"Diario Tucuman - Informaci\u00f3n y noticias\",\"publisher\":{\"@id\":\"https:\\\/\\\/www.eldiariodetucuman.com\\\/web\\\/#organization\"},\"potentialAction\":[{\"@type\":\"SearchAction\",\"target\":{\"@type\":\"EntryPoint\",\"urlTemplate\":\"https:\\\/\\\/www.eldiariodetucuman.com\\\/web\\\/?s={search_term_string}\"},\"query-input\":{\"@type\":\"PropertyValueSpecification\",\"valueRequired\":true,\"valueName\":\"search_term_string\"}}],\"inLanguage\":\"es\"},{\"@type\":\"Organization\",\"@id\":\"https:\\\/\\\/www.eldiariodetucuman.com\\\/web\\\/#organization\",\"name\":\"El Diario de Tucuman\",\"url\":\"https:\\\/\\\/www.eldiariodetucuman.com\\\/web\\\/\",\"logo\":{\"@type\":\"ImageObject\",\"inLanguage\":\"es\",\"@id\":\"https:\\\/\\\/www.eldiariodetucuman.com\\\/web\\\/#\\\/schema\\\/logo\\\/image\\\/\",\"url\":\"http:\\\/\\\/www.eldiariodetucuman.com\\\/web\\\/wp-content\\\/uploads\\\/2017\\\/12\\\/el-diario-de-tucuman.jpg\",\"contentUrl\":\"http:\\\/\\\/www.eldiariodetucuman.com\\\/web\\\/wp-content\\\/uploads\\\/2017\\\/12\\\/el-diario-de-tucuman.jpg\",\"width\":272,\"height\":92,\"caption\":\"El Diario de Tucuman\"},\"image\":{\"@id\":\"https:\\\/\\\/www.eldiariodetucuman.com\\\/web\\\/#\\\/schema\\\/logo\\\/image\\\/\"}},{\"@type\":\"Person\",\"@id\":\"https:\\\/\\\/www.eldiariodetucuman.com\\\/web\\\/#\\\/schema\\\/person\\\/9250197d75ab5483412e19678b121caa\",\"name\":\"admin\",\"image\":{\"@type\":\"ImageObject\",\"inLanguage\":\"es\",\"@id\":\"https:\\\/\\\/secure.gravatar.com\\\/avatar\\\/c44d117c2be811212c22cb481f6b8384b6873de103fbc49e7a03cc58d7dea4ac?s=96&d=mm&r=g\",\"url\":\"https:\\\/\\\/secure.gravatar.com\\\/avatar\\\/c44d117c2be811212c22cb481f6b8384b6873de103fbc49e7a03cc58d7dea4ac?s=96&d=mm&r=g\",\"contentUrl\":\"https:\\\/\\\/secure.gravatar.com\\\/avatar\\\/c44d117c2be811212c22cb481f6b8384b6873de103fbc49e7a03cc58d7dea4ac?s=96&d=mm&r=g\",\"caption\":\"admin\"},\"url\":\"https:\\\/\\\/www.eldiariodetucuman.com\\\/web\\\/author\\\/admin\\\/\"}]}<\/script>\n<!-- \/ Yoast SEO plugin. -->","yoast_head_json":{"title":"Alperovich y otros funcionarios deber\u00e1n declarar en el juicio por Paulina Lebbos - El Diario de Tucuman","robots":{"index":"index","follow":"follow","max-snippet":"max-snippet:-1","max-image-preview":"max-image-preview:large","max-video-preview":"max-video-preview:-1"},"canonical":"https:\/\/www.eldiariodetucuman.com\/web\/alperovich-y-otros-funcionarios-deberan-declarar-en-el-juicio-por-paulina-lebbos\/","og_locale":"es_ES","og_type":"article","og_title":"Alperovich y otros funcionarios deber\u00e1n declarar en el juicio por Paulina Lebbos - El Diario de Tucuman","og_description":"El ex gobernador Jos\u00e9 Alperovich y otros funcionarios deber\u00e1n declarar en el juicio que se lleva adelante para esclarecer el crimen de Paulina Lebbos. Cuando se cumplen exactamente 12 a\u00f1os de la desaparici\u00f3n de la joven, el tribunal resolvi\u00f3 que el actual senador -en su car\u00e1cter de testigo- comparezca en la audiencia y no por [&hellip;]","og_url":"https:\/\/www.eldiariodetucuman.com\/web\/alperovich-y-otros-funcionarios-deberan-declarar-en-el-juicio-por-paulina-lebbos\/","og_site_name":"El Diario de Tucuman","article_published_time":"2018-02-26T15:00:43+00:00","article_modified_time":"2018-02-26T15:00:47+00:00","og_image":[{"width":1500,"height":850,"url":"https:\/\/www.eldiariodetucuman.com\/web\/wp-content\/uploads\/2018\/02\/8484dae2e83db6ed4f01c69a13b6b82e.jpeg","type":"image\/jpeg"}],"author":"admin","twitter_card":"summary_large_image","twitter_misc":{"Escrito por":"admin","Tiempo de lectura":"1 minuto"},"schema":{"@context":"https:\/\/schema.org","@graph":[{"@type":"Article","@id":"https:\/\/www.eldiariodetucuman.com\/web\/alperovich-y-otros-funcionarios-deberan-declarar-en-el-juicio-por-paulina-lebbos\/#article","isPartOf":{"@id":"https:\/\/www.eldiariodetucuman.com\/web\/alperovich-y-otros-funcionarios-deberan-declarar-en-el-juicio-por-paulina-lebbos\/"},"author":{"name":"admin","@id":"https:\/\/www.eldiariodetucuman.com\/web\/#\/schema\/person\/9250197d75ab5483412e19678b121caa"},"headline":"Alperovich y otros funcionarios deber\u00e1n declarar en el juicio por Paulina Lebbos","datePublished":"2018-02-26T15:00:43+00:00","dateModified":"2018-02-26T15:00:47+00:00","mainEntityOfPage":{"@id":"https:\/\/www.eldiariodetucuman.com\/web\/alperovich-y-otros-funcionarios-deberan-declarar-en-el-juicio-por-paulina-lebbos\/"},"wordCount":134,"commentCount":0,"publisher":{"@id":"https:\/\/www.eldiariodetucuman.com\/web\/#organization"},"image":{"@id":"https:\/\/www.eldiariodetucuman.com\/web\/alperovich-y-otros-funcionarios-deberan-declarar-en-el-juicio-por-paulina-lebbos\/#primaryimage"},"thumbnailUrl":"https:\/\/www.eldiariodetucuman.com\/web\/wp-content\/uploads\/2018\/02\/8484dae2e83db6ed4f01c69a13b6b82e.jpeg","articleSection":["Portada"],"inLanguage":"es","potentialAction":[{"@type":"CommentAction","name":"Comment","target":["https:\/\/www.eldiariodetucuman.com\/web\/alperovich-y-otros-funcionarios-deberan-declarar-en-el-juicio-por-paulina-lebbos\/#respond"]}]},{"@type":"WebPage","@id":"https:\/\/www.eldiariodetucuman.com\/web\/alperovich-y-otros-funcionarios-deberan-declarar-en-el-juicio-por-paulina-lebbos\/","url":"https:\/\/www.eldiariodetucuman.com\/web\/alperovich-y-otros-funcionarios-deberan-declarar-en-el-juicio-por-paulina-lebbos\/","name":"Alperovich y otros funcionarios deber\u00e1n declarar en el juicio por Paulina Lebbos - El Diario de Tucuman","isPartOf":{"@id":"https:\/\/www.eldiariodetucuman.com\/web\/#website"},"primaryImageOfPage":{"@id":"https:\/\/www.eldiariodetucuman.com\/web\/alperovich-y-otros-funcionarios-deberan-declarar-en-el-juicio-por-paulina-lebbos\/#primaryimage"},"image":{"@id":"https:\/\/www.eldiariodetucuman.com\/web\/alperovich-y-otros-funcionarios-deberan-declarar-en-el-juicio-por-paulina-lebbos\/#primaryimage"},"thumbnailUrl":"https:\/\/www.eldiariodetucuman.com\/web\/wp-content\/uploads\/2018\/02\/8484dae2e83db6ed4f01c69a13b6b82e.jpeg","datePublished":"2018-02-26T15:00:43+00:00","dateModified":"2018-02-26T15:00:47+00:00","breadcrumb":{"@id":"https:\/\/www.eldiariodetucuman.com\/web\/alperovich-y-otros-funcionarios-deberan-declarar-en-el-juicio-por-paulina-lebbos\/#breadcrumb"},"inLanguage":"es","potentialAction":[{"@type":"ReadAction","target":["https:\/\/www.eldiariodetucuman.com\/web\/alperovich-y-otros-funcionarios-deberan-declarar-en-el-juicio-por-paulina-lebbos\/"]}]},{"@type":"ImageObject","inLanguage":"es","@id":"https:\/\/www.eldiariodetucuman.com\/web\/alperovich-y-otros-funcionarios-deberan-declarar-en-el-juicio-por-paulina-lebbos\/#primaryimage","url":"https:\/\/www.eldiariodetucuman.com\/web\/wp-content\/uploads\/2018\/02\/8484dae2e83db6ed4f01c69a13b6b82e.jpeg","contentUrl":"https:\/\/www.eldiariodetucuman.com\/web\/wp-content\/uploads\/2018\/02\/8484dae2e83db6ed4f01c69a13b6b82e.jpeg","width":1500,"height":850},{"@type":"BreadcrumbList","@id":"https:\/\/www.eldiariodetucuman.com\/web\/alperovich-y-otros-funcionarios-deberan-declarar-en-el-juicio-por-paulina-lebbos\/#breadcrumb","itemListElement":[{"@type":"ListItem","position":1,"name":"Portada","item":"https:\/\/www.eldiariodetucuman.com\/web\/"},{"@type":"ListItem","position":2,"name":"Alperovich y otros funcionarios deber\u00e1n declarar en el juicio por Paulina Lebbos"}]},{"@type":"WebSite","@id":"https:\/\/www.eldiariodetucuman.com\/web\/#website","url":"https:\/\/www.eldiariodetucuman.com\/web\/","name":"El Diario de Tucuman","description":"Diario Tucuman - Informaci\u00f3n y noticias","publisher":{"@id":"https:\/\/www.eldiariodetucuman.com\/web\/#organization"},"potentialAction":[{"@type":"SearchAction","target":{"@type":"EntryPoint","urlTemplate":"https:\/\/www.eldiariodetucuman.com\/web\/?s={search_term_string}"},"query-input":{"@type":"PropertyValueSpecification","valueRequired":true,"valueName":"search_term_string"}}],"inLanguage":"es"},{"@type":"Organization","@id":"https:\/\/www.eldiariodetucuman.com\/web\/#organization","name":"El Diario de Tucuman","url":"https:\/\/www.eldiariodetucuman.com\/web\/","logo":{"@type":"ImageObject","inLanguage":"es","@id":"https:\/\/www.eldiariodetucuman.com\/web\/#\/schema\/logo\/image\/","url":"http:\/\/www.eldiariodetucuman.com\/web\/wp-content\/uploads\/2017\/12\/el-diario-de-tucuman.jpg","contentUrl":"http:\/\/www.eldiariodetucuman.com\/web\/wp-content\/uploads\/2017\/12\/el-diario-de-tucuman.jpg","width":272,"height":92,"caption":"El Diario de Tucuman"},"image":{"@id":"https:\/\/www.eldiariodetucuman.com\/web\/#\/schema\/logo\/image\/"}},{"@type":"Person","@id":"https:\/\/www.eldiariodetucuman.com\/web\/#\/schema\/person\/9250197d75ab5483412e19678b121caa","name":"admin","image":{"@type":"ImageObject","inLanguage":"es","@id":"https:\/\/secure.gravatar.com\/avatar\/c44d117c2be811212c22cb481f6b8384b6873de103fbc49e7a03cc58d7dea4ac?s=96&d=mm&r=g","url":"https:\/\/secure.gravatar.com\/avatar\/c44d117c2be811212c22cb481f6b8384b6873de103fbc49e7a03cc58d7dea4ac?s=96&d=mm&r=g","contentUrl":"https:\/\/secure.gravatar.com\/avatar\/c44d117c2be811212c22cb481f6b8384b6873de103fbc49e7a03cc58d7dea4ac?s=96&d=mm&r=g","caption":"admin"},"url":"https:\/\/www.eldiariodetucuman.com\/web\/author\/admin\/"}]}},"_links":{"self":[{"href":"https:\/\/www.eldiariodetucuman.com\/web\/wp-json\/wp\/v2\/posts\/5873","targetHints":{"allow":["GET"]}}],"collection":[{"href":"https:\/\/www.eldiariodetucuman.com\/web\/wp-json\/wp\/v2\/posts"}],"about":[{"href":"https:\/\/www.eldiariodetucuman.com\/web\/wp-json\/wp\/v2\/types\/post"}],"author":[{"embeddable":true,"href":"https:\/\/www.eldiariodetucuman.com\/web\/wp-json\/wp\/v2\/users\/1"}],"replies":[{"embeddable":true,"href":"https:\/\/www.eldiariodetucuman.com\/web\/wp-json\/wp\/v2\/comments?post=5873"}],"version-history":[{"count":1,"href":"https:\/\/www.eldiariodetucuman.com\/web\/wp-json\/wp\/v2\/posts\/5873\/revisions"}],"predecessor-version":[{"id":5875,"href":"https:\/\/www.eldiariodetucuman.com\/web\/wp-json\/wp\/v2\/posts\/5873\/revisions\/5875"}],"wp:featuredmedia":[{"embeddable":true,"href":"https:\/\/www.eldiariodetucuman.com\/web\/wp-json\/wp\/v2\/media\/5874"}],"wp:attachment":[{"href":"https:\/\/www.eldiariodetucuman.com\/web\/wp-json\/wp\/v2\/media?parent=5873"}],"wp:term":[{"taxonomy":"category","embeddable":true,"href":"https:\/\/www.eldiariodetucuman.com\/web\/wp-json\/wp\/v2\/categories?post=5873"},{"taxonomy":"post_tag","embeddable":true,"href":"https:\/\/www.eldiariodetucuman.com\/web\/wp-json\/wp\/v2\/tags?post=5873"}],"curies":[{"name":"wp","href":"https:\/\/api.w.org\/{rel}","templated":true}]}}