{"id":5870,"date":"2018-02-26T12:00:34","date_gmt":"2018-02-26T15:00:34","guid":{"rendered":"http:\/\/www.eldiariodetucuman.com\/web\/video-luis-fonsi-canto-despacito-junto-a-la-sinfonica-en-el-teatro-colon\/"},"modified":"2018-02-26T12:00:37","modified_gmt":"2018-02-26T15:00:37","slug":"video-luis-fonsi-canto-despacito-junto-a-la-sinfonica-en-el-teatro-colon","status":"publish","type":"post","link":"https:\/\/www.eldiariodetucuman.com\/web\/video-luis-fonsi-canto-despacito-junto-a-la-sinfonica-en-el-teatro-colon\/","title":{"rendered":"Video: Luis Fonsi cant\u00f3 \u00abDespacito\u00bb junto a la sinf\u00f3nica en el Teatro Col\u00f3n"},"content":{"rendered":"<div>\n<div readability=\"85\">\n<p>El hit \u00abDespacito\u00bb lleg\u00f3 al Teatro Col\u00f3n de Buenos Aires, uno de los m\u00e1s prestigiosos coliseos latinoamericanos, con una versi\u00f3n sinf\u00f3nica entonada por el puertorrique\u00f1o <b>Luis Fonsi<\/b> acompa\u00f1ado por una gran orquesta.<\/p>\n<p>Violines y contrabajos dieron un marco distinto al \u00e9xito de Fonsi que recorri\u00f3 el mundo y llev\u00f3 un furor poco habitual al Teatro Col\u00f3n, colmado por unos 2.600 fan\u00e1ticos del puertorrique\u00f1o que, respetando el elegante c\u00f3digo de vestimenta del coliseo, colmaron el lugar.<\/p>\n<p>Con elegante traje negro, al igual que quienes lo acompa\u00f1aron con coros, Fonsi se present\u00f3 junto a una orquesta sinf\u00f3nica a cargo de <b>Edgar Ferrer<\/b> y <b>Serdar Geldymuradov<\/b> como concertino.<\/p>\n<p class=\"style frase\">Tambi\u00e9n enton\u00f3 uno de sus \u00faltimos hits, \u00ab\u00c9chame la culpa\u00bb, que grab\u00f3 a d\u00fao con la estadounidense Demi Lovato. No obstante, en el Col\u00f3n fue reemplazada por la argentina <b>Tini Stoessel<\/b>, la ex protagonista de \u00abVioletta\u00bb.<\/p>\n<p>Fonsi recorri\u00f3 todos sus \u00e9xitos, desde \u00abNo me doy por vencido\u00bb hasta \u00abAqu\u00ed estoy yo\u00bb. En los bises, el p\u00fablico le pidi\u00f3 \u00abSe supone\u00bb. Pero como la orquesta no hab\u00eda preparado la versi\u00f3n sinf\u00f3nica del tema, Fonsi la cant\u00f3 a capella, en un momento especial de cierre de la velada.<\/p>\n<p>El puertorrique\u00f1o se present\u00f3 en el marco del festival \u00ab\u00danicos\u00bb, que a lo largo de febrero y principio de marzo lleva a m\u00fasicos de todos los g\u00e9neros al prestigioso coliseo, entre ellos el espa\u00f1ol <b>Joan Manuel Serrat<\/b>, <b>Il Divo<\/b> y el DJ <b>Hern\u00e1n Catt\u00e1neo<\/b>.<\/p>\n<p class=\"style frase\">Una de las noches estuvo dedicada a \u00abElegidas Argentinas\u00bb, en la que participaron <b>Luc\u00eda Gal\u00e1n<\/b> (de Pimpinela), <b>Lali Esp\u00f3sito<\/b>, Stoessel y  <b>Marcela Morelo<\/b>, entre otras; y otra a las \u00abElegidas Espa\u00f1olas\u00bb, en la que cantaron <b>Vanesa Mart\u00edn<\/b>, <b>Mal\u00fa<\/b>, <b>Pastora Soler<\/b>, <b>India Mart\u00ednez<\/b> y <b>Marta S\u00e1nchez<\/b>.<\/p>\n<p>El festival incluy\u00f3 asimismo presentaciones de los artistas al aire libre y de forma gratuita.<\/p>\n<\/p><\/div>\n<\/div>\n<p>Fuente: http:\/\/www.lagaceta.com.ar\/nota\/762529\/espectaculos\/video-luis-fonsi-canto-despacito-junto-sinfonica-teatro-colon.html<\/p>\n","protected":false},"excerpt":{"rendered":"<p>El hit \u00abDespacito\u00bb lleg\u00f3 al Teatro Col\u00f3n de Buenos Aires, uno de los m\u00e1s prestigiosos coliseos latinoamericanos, con una versi\u00f3n sinf\u00f3nica entonada por el puertorrique\u00f1o Luis Fonsi acompa\u00f1ado por una gran orquesta. Violines y contrabajos dieron un marco distinto al \u00e9xito de Fonsi que recorri\u00f3 el mundo y llev\u00f3 un furor poco habitual al Teatro [&hellip;]<\/p>\n","protected":false},"author":1,"featured_media":5871,"comment_status":"open","ping_status":"closed","sticky":false,"template":"","format":"standard","meta":{"footnotes":""},"categories":[1],"tags":[],"class_list":{"0":"post-5870","1":"post","2":"type-post","3":"status-publish","4":"format-standard","5":"has-post-thumbnail","7":"category-portada"},"yoast_head":"<!-- This site is optimized with the Yoast SEO plugin v27.5 - https:\/\/yoast.com\/product\/yoast-seo-wordpress\/ -->\n<title>Video: Luis Fonsi cant\u00f3 &quot;Despacito&quot; junto a la sinf\u00f3nica en el Teatro Col\u00f3n - El Diario de Tucuman<\/title>\n<meta name=\"robots\" content=\"index, follow, max-snippet:-1, max-image-preview:large, max-video-preview:-1\" \/>\n<link rel=\"canonical\" href=\"https:\/\/www.eldiariodetucuman.com\/web\/video-luis-fonsi-canto-despacito-junto-a-la-sinfonica-en-el-teatro-colon\/\" \/>\n<meta property=\"og:locale\" content=\"es_ES\" \/>\n<meta property=\"og:type\" content=\"article\" \/>\n<meta property=\"og:title\" content=\"Video: Luis Fonsi cant\u00f3 &quot;Despacito&quot; junto a la sinf\u00f3nica en el Teatro Col\u00f3n - El Diario de Tucuman\" \/>\n<meta property=\"og:description\" content=\"El hit \u00abDespacito\u00bb lleg\u00f3 al Teatro Col\u00f3n de Buenos Aires, uno de los m\u00e1s prestigiosos coliseos latinoamericanos, con una versi\u00f3n sinf\u00f3nica entonada por el puertorrique\u00f1o Luis Fonsi acompa\u00f1ado por una gran orquesta. Violines y contrabajos dieron un marco distinto al \u00e9xito de Fonsi que recorri\u00f3 el mundo y llev\u00f3 un furor poco habitual al Teatro [&hellip;]\" \/>\n<meta property=\"og:url\" content=\"https:\/\/www.eldiariodetucuman.com\/web\/video-luis-fonsi-canto-despacito-junto-a-la-sinfonica-en-el-teatro-colon\/\" \/>\n<meta property=\"og:site_name\" content=\"El Diario de Tucuman\" \/>\n<meta property=\"article:published_time\" content=\"2018-02-26T15:00:34+00:00\" \/>\n<meta property=\"article:modified_time\" content=\"2018-02-26T15:00:37+00:00\" \/>\n<meta property=\"og:image\" content=\"https:\/\/www.eldiariodetucuman.com\/web\/wp-content\/uploads\/2018\/02\/00e2eeaecbb729ce0907b53104c96ba3.jpeg\" \/>\n\t<meta property=\"og:image:width\" content=\"1500\" \/>\n\t<meta property=\"og:image:height\" content=\"850\" \/>\n\t<meta property=\"og:image:type\" content=\"image\/jpeg\" \/>\n<meta name=\"author\" content=\"admin\" \/>\n<meta name=\"twitter:card\" content=\"summary_large_image\" \/>\n<meta name=\"twitter:label1\" content=\"Escrito por\" \/>\n\t<meta name=\"twitter:data1\" content=\"admin\" \/>\n\t<meta name=\"twitter:label2\" content=\"Tiempo de lectura\" \/>\n\t<meta name=\"twitter:data2\" content=\"2 minutos\" \/>\n<script type=\"application\/ld+json\" class=\"yoast-schema-graph\">{\"@context\":\"https:\\\/\\\/schema.org\",\"@graph\":[{\"@type\":\"Article\",\"@id\":\"https:\\\/\\\/www.eldiariodetucuman.com\\\/web\\\/video-luis-fonsi-canto-despacito-junto-a-la-sinfonica-en-el-teatro-colon\\\/#article\",\"isPartOf\":{\"@id\":\"https:\\\/\\\/www.eldiariodetucuman.com\\\/web\\\/video-luis-fonsi-canto-despacito-junto-a-la-sinfonica-en-el-teatro-colon\\\/\"},\"author\":{\"name\":\"admin\",\"@id\":\"https:\\\/\\\/www.eldiariodetucuman.com\\\/web\\\/#\\\/schema\\\/person\\\/9250197d75ab5483412e19678b121caa\"},\"headline\":\"Video: Luis Fonsi cant\u00f3 \u00abDespacito\u00bb junto a la sinf\u00f3nica en el Teatro Col\u00f3n\",\"datePublished\":\"2018-02-26T15:00:34+00:00\",\"dateModified\":\"2018-02-26T15:00:37+00:00\",\"mainEntityOfPage\":{\"@id\":\"https:\\\/\\\/www.eldiariodetucuman.com\\\/web\\\/video-luis-fonsi-canto-despacito-junto-a-la-sinfonica-en-el-teatro-colon\\\/\"},\"wordCount\":351,\"commentCount\":0,\"publisher\":{\"@id\":\"https:\\\/\\\/www.eldiariodetucuman.com\\\/web\\\/#organization\"},\"image\":{\"@id\":\"https:\\\/\\\/www.eldiariodetucuman.com\\\/web\\\/video-luis-fonsi-canto-despacito-junto-a-la-sinfonica-en-el-teatro-colon\\\/#primaryimage\"},\"thumbnailUrl\":\"https:\\\/\\\/www.eldiariodetucuman.com\\\/web\\\/wp-content\\\/uploads\\\/2018\\\/02\\\/00e2eeaecbb729ce0907b53104c96ba3.jpeg\",\"articleSection\":[\"Portada\"],\"inLanguage\":\"es\",\"potentialAction\":[{\"@type\":\"CommentAction\",\"name\":\"Comment\",\"target\":[\"https:\\\/\\\/www.eldiariodetucuman.com\\\/web\\\/video-luis-fonsi-canto-despacito-junto-a-la-sinfonica-en-el-teatro-colon\\\/#respond\"]}]},{\"@type\":\"WebPage\",\"@id\":\"https:\\\/\\\/www.eldiariodetucuman.com\\\/web\\\/video-luis-fonsi-canto-despacito-junto-a-la-sinfonica-en-el-teatro-colon\\\/\",\"url\":\"https:\\\/\\\/www.eldiariodetucuman.com\\\/web\\\/video-luis-fonsi-canto-despacito-junto-a-la-sinfonica-en-el-teatro-colon\\\/\",\"name\":\"Video: Luis Fonsi cant\u00f3 \\\"Despacito\\\" junto a la sinf\u00f3nica en el Teatro Col\u00f3n - El Diario de Tucuman\",\"isPartOf\":{\"@id\":\"https:\\\/\\\/www.eldiariodetucuman.com\\\/web\\\/#website\"},\"primaryImageOfPage\":{\"@id\":\"https:\\\/\\\/www.eldiariodetucuman.com\\\/web\\\/video-luis-fonsi-canto-despacito-junto-a-la-sinfonica-en-el-teatro-colon\\\/#primaryimage\"},\"image\":{\"@id\":\"https:\\\/\\\/www.eldiariodetucuman.com\\\/web\\\/video-luis-fonsi-canto-despacito-junto-a-la-sinfonica-en-el-teatro-colon\\\/#primaryimage\"},\"thumbnailUrl\":\"https:\\\/\\\/www.eldiariodetucuman.com\\\/web\\\/wp-content\\\/uploads\\\/2018\\\/02\\\/00e2eeaecbb729ce0907b53104c96ba3.jpeg\",\"datePublished\":\"2018-02-26T15:00:34+00:00\",\"dateModified\":\"2018-02-26T15:00:37+00:00\",\"breadcrumb\":{\"@id\":\"https:\\\/\\\/www.eldiariodetucuman.com\\\/web\\\/video-luis-fonsi-canto-despacito-junto-a-la-sinfonica-en-el-teatro-colon\\\/#breadcrumb\"},\"inLanguage\":\"es\",\"potentialAction\":[{\"@type\":\"ReadAction\",\"target\":[\"https:\\\/\\\/www.eldiariodetucuman.com\\\/web\\\/video-luis-fonsi-canto-despacito-junto-a-la-sinfonica-en-el-teatro-colon\\\/\"]}]},{\"@type\":\"ImageObject\",\"inLanguage\":\"es\",\"@id\":\"https:\\\/\\\/www.eldiariodetucuman.com\\\/web\\\/video-luis-fonsi-canto-despacito-junto-a-la-sinfonica-en-el-teatro-colon\\\/#primaryimage\",\"url\":\"https:\\\/\\\/www.eldiariodetucuman.com\\\/web\\\/wp-content\\\/uploads\\\/2018\\\/02\\\/00e2eeaecbb729ce0907b53104c96ba3.jpeg\",\"contentUrl\":\"https:\\\/\\\/www.eldiariodetucuman.com\\\/web\\\/wp-content\\\/uploads\\\/2018\\\/02\\\/00e2eeaecbb729ce0907b53104c96ba3.jpeg\",\"width\":1500,\"height\":850},{\"@type\":\"BreadcrumbList\",\"@id\":\"https:\\\/\\\/www.eldiariodetucuman.com\\\/web\\\/video-luis-fonsi-canto-despacito-junto-a-la-sinfonica-en-el-teatro-colon\\\/#breadcrumb\",\"itemListElement\":[{\"@type\":\"ListItem\",\"position\":1,\"name\":\"Portada\",\"item\":\"https:\\\/\\\/www.eldiariodetucuman.com\\\/web\\\/\"},{\"@type\":\"ListItem\",\"position\":2,\"name\":\"Video: Luis Fonsi cant\u00f3 \u00abDespacito\u00bb junto a la sinf\u00f3nica en el Teatro Col\u00f3n\"}]},{\"@type\":\"WebSite\",\"@id\":\"https:\\\/\\\/www.eldiariodetucuman.com\\\/web\\\/#website\",\"url\":\"https:\\\/\\\/www.eldiariodetucuman.com\\\/web\\\/\",\"name\":\"El Diario de Tucuman\",\"description\":\"Diario Tucuman - Informaci\u00f3n y noticias\",\"publisher\":{\"@id\":\"https:\\\/\\\/www.eldiariodetucuman.com\\\/web\\\/#organization\"},\"potentialAction\":[{\"@type\":\"SearchAction\",\"target\":{\"@type\":\"EntryPoint\",\"urlTemplate\":\"https:\\\/\\\/www.eldiariodetucuman.com\\\/web\\\/?s={search_term_string}\"},\"query-input\":{\"@type\":\"PropertyValueSpecification\",\"valueRequired\":true,\"valueName\":\"search_term_string\"}}],\"inLanguage\":\"es\"},{\"@type\":\"Organization\",\"@id\":\"https:\\\/\\\/www.eldiariodetucuman.com\\\/web\\\/#organization\",\"name\":\"El Diario de Tucuman\",\"url\":\"https:\\\/\\\/www.eldiariodetucuman.com\\\/web\\\/\",\"logo\":{\"@type\":\"ImageObject\",\"inLanguage\":\"es\",\"@id\":\"https:\\\/\\\/www.eldiariodetucuman.com\\\/web\\\/#\\\/schema\\\/logo\\\/image\\\/\",\"url\":\"http:\\\/\\\/www.eldiariodetucuman.com\\\/web\\\/wp-content\\\/uploads\\\/2017\\\/12\\\/el-diario-de-tucuman.jpg\",\"contentUrl\":\"http:\\\/\\\/www.eldiariodetucuman.com\\\/web\\\/wp-content\\\/uploads\\\/2017\\\/12\\\/el-diario-de-tucuman.jpg\",\"width\":272,\"height\":92,\"caption\":\"El Diario de Tucuman\"},\"image\":{\"@id\":\"https:\\\/\\\/www.eldiariodetucuman.com\\\/web\\\/#\\\/schema\\\/logo\\\/image\\\/\"}},{\"@type\":\"Person\",\"@id\":\"https:\\\/\\\/www.eldiariodetucuman.com\\\/web\\\/#\\\/schema\\\/person\\\/9250197d75ab5483412e19678b121caa\",\"name\":\"admin\",\"image\":{\"@type\":\"ImageObject\",\"inLanguage\":\"es\",\"@id\":\"https:\\\/\\\/secure.gravatar.com\\\/avatar\\\/c44d117c2be811212c22cb481f6b8384b6873de103fbc49e7a03cc58d7dea4ac?s=96&d=mm&r=g\",\"url\":\"https:\\\/\\\/secure.gravatar.com\\\/avatar\\\/c44d117c2be811212c22cb481f6b8384b6873de103fbc49e7a03cc58d7dea4ac?s=96&d=mm&r=g\",\"contentUrl\":\"https:\\\/\\\/secure.gravatar.com\\\/avatar\\\/c44d117c2be811212c22cb481f6b8384b6873de103fbc49e7a03cc58d7dea4ac?s=96&d=mm&r=g\",\"caption\":\"admin\"},\"url\":\"https:\\\/\\\/www.eldiariodetucuman.com\\\/web\\\/author\\\/admin\\\/\"}]}<\/script>\n<!-- \/ Yoast SEO plugin. -->","yoast_head_json":{"title":"Video: Luis Fonsi cant\u00f3 \"Despacito\" junto a la sinf\u00f3nica en el Teatro Col\u00f3n - El Diario de Tucuman","robots":{"index":"index","follow":"follow","max-snippet":"max-snippet:-1","max-image-preview":"max-image-preview:large","max-video-preview":"max-video-preview:-1"},"canonical":"https:\/\/www.eldiariodetucuman.com\/web\/video-luis-fonsi-canto-despacito-junto-a-la-sinfonica-en-el-teatro-colon\/","og_locale":"es_ES","og_type":"article","og_title":"Video: Luis Fonsi cant\u00f3 \"Despacito\" junto a la sinf\u00f3nica en el Teatro Col\u00f3n - El Diario de Tucuman","og_description":"El hit \u00abDespacito\u00bb lleg\u00f3 al Teatro Col\u00f3n de Buenos Aires, uno de los m\u00e1s prestigiosos coliseos latinoamericanos, con una versi\u00f3n sinf\u00f3nica entonada por el puertorrique\u00f1o Luis Fonsi acompa\u00f1ado por una gran orquesta. Violines y contrabajos dieron un marco distinto al \u00e9xito de Fonsi que recorri\u00f3 el mundo y llev\u00f3 un furor poco habitual al Teatro [&hellip;]","og_url":"https:\/\/www.eldiariodetucuman.com\/web\/video-luis-fonsi-canto-despacito-junto-a-la-sinfonica-en-el-teatro-colon\/","og_site_name":"El Diario de Tucuman","article_published_time":"2018-02-26T15:00:34+00:00","article_modified_time":"2018-02-26T15:00:37+00:00","og_image":[{"width":1500,"height":850,"url":"https:\/\/www.eldiariodetucuman.com\/web\/wp-content\/uploads\/2018\/02\/00e2eeaecbb729ce0907b53104c96ba3.jpeg","type":"image\/jpeg"}],"author":"admin","twitter_card":"summary_large_image","twitter_misc":{"Escrito por":"admin","Tiempo de lectura":"2 minutos"},"schema":{"@context":"https:\/\/schema.org","@graph":[{"@type":"Article","@id":"https:\/\/www.eldiariodetucuman.com\/web\/video-luis-fonsi-canto-despacito-junto-a-la-sinfonica-en-el-teatro-colon\/#article","isPartOf":{"@id":"https:\/\/www.eldiariodetucuman.com\/web\/video-luis-fonsi-canto-despacito-junto-a-la-sinfonica-en-el-teatro-colon\/"},"author":{"name":"admin","@id":"https:\/\/www.eldiariodetucuman.com\/web\/#\/schema\/person\/9250197d75ab5483412e19678b121caa"},"headline":"Video: Luis Fonsi cant\u00f3 \u00abDespacito\u00bb junto a la sinf\u00f3nica en el Teatro Col\u00f3n","datePublished":"2018-02-26T15:00:34+00:00","dateModified":"2018-02-26T15:00:37+00:00","mainEntityOfPage":{"@id":"https:\/\/www.eldiariodetucuman.com\/web\/video-luis-fonsi-canto-despacito-junto-a-la-sinfonica-en-el-teatro-colon\/"},"wordCount":351,"commentCount":0,"publisher":{"@id":"https:\/\/www.eldiariodetucuman.com\/web\/#organization"},"image":{"@id":"https:\/\/www.eldiariodetucuman.com\/web\/video-luis-fonsi-canto-despacito-junto-a-la-sinfonica-en-el-teatro-colon\/#primaryimage"},"thumbnailUrl":"https:\/\/www.eldiariodetucuman.com\/web\/wp-content\/uploads\/2018\/02\/00e2eeaecbb729ce0907b53104c96ba3.jpeg","articleSection":["Portada"],"inLanguage":"es","potentialAction":[{"@type":"CommentAction","name":"Comment","target":["https:\/\/www.eldiariodetucuman.com\/web\/video-luis-fonsi-canto-despacito-junto-a-la-sinfonica-en-el-teatro-colon\/#respond"]}]},{"@type":"WebPage","@id":"https:\/\/www.eldiariodetucuman.com\/web\/video-luis-fonsi-canto-despacito-junto-a-la-sinfonica-en-el-teatro-colon\/","url":"https:\/\/www.eldiariodetucuman.com\/web\/video-luis-fonsi-canto-despacito-junto-a-la-sinfonica-en-el-teatro-colon\/","name":"Video: Luis Fonsi cant\u00f3 \"Despacito\" junto a la sinf\u00f3nica en el Teatro Col\u00f3n - El Diario de Tucuman","isPartOf":{"@id":"https:\/\/www.eldiariodetucuman.com\/web\/#website"},"primaryImageOfPage":{"@id":"https:\/\/www.eldiariodetucuman.com\/web\/video-luis-fonsi-canto-despacito-junto-a-la-sinfonica-en-el-teatro-colon\/#primaryimage"},"image":{"@id":"https:\/\/www.eldiariodetucuman.com\/web\/video-luis-fonsi-canto-despacito-junto-a-la-sinfonica-en-el-teatro-colon\/#primaryimage"},"thumbnailUrl":"https:\/\/www.eldiariodetucuman.com\/web\/wp-content\/uploads\/2018\/02\/00e2eeaecbb729ce0907b53104c96ba3.jpeg","datePublished":"2018-02-26T15:00:34+00:00","dateModified":"2018-02-26T15:00:37+00:00","breadcrumb":{"@id":"https:\/\/www.eldiariodetucuman.com\/web\/video-luis-fonsi-canto-despacito-junto-a-la-sinfonica-en-el-teatro-colon\/#breadcrumb"},"inLanguage":"es","potentialAction":[{"@type":"ReadAction","target":["https:\/\/www.eldiariodetucuman.com\/web\/video-luis-fonsi-canto-despacito-junto-a-la-sinfonica-en-el-teatro-colon\/"]}]},{"@type":"ImageObject","inLanguage":"es","@id":"https:\/\/www.eldiariodetucuman.com\/web\/video-luis-fonsi-canto-despacito-junto-a-la-sinfonica-en-el-teatro-colon\/#primaryimage","url":"https:\/\/www.eldiariodetucuman.com\/web\/wp-content\/uploads\/2018\/02\/00e2eeaecbb729ce0907b53104c96ba3.jpeg","contentUrl":"https:\/\/www.eldiariodetucuman.com\/web\/wp-content\/uploads\/2018\/02\/00e2eeaecbb729ce0907b53104c96ba3.jpeg","width":1500,"height":850},{"@type":"BreadcrumbList","@id":"https:\/\/www.eldiariodetucuman.com\/web\/video-luis-fonsi-canto-despacito-junto-a-la-sinfonica-en-el-teatro-colon\/#breadcrumb","itemListElement":[{"@type":"ListItem","position":1,"name":"Portada","item":"https:\/\/www.eldiariodetucuman.com\/web\/"},{"@type":"ListItem","position":2,"name":"Video: Luis Fonsi cant\u00f3 \u00abDespacito\u00bb junto a la sinf\u00f3nica en el Teatro Col\u00f3n"}]},{"@type":"WebSite","@id":"https:\/\/www.eldiariodetucuman.com\/web\/#website","url":"https:\/\/www.eldiariodetucuman.com\/web\/","name":"El Diario de Tucuman","description":"Diario Tucuman - Informaci\u00f3n y noticias","publisher":{"@id":"https:\/\/www.eldiariodetucuman.com\/web\/#organization"},"potentialAction":[{"@type":"SearchAction","target":{"@type":"EntryPoint","urlTemplate":"https:\/\/www.eldiariodetucuman.com\/web\/?s={search_term_string}"},"query-input":{"@type":"PropertyValueSpecification","valueRequired":true,"valueName":"search_term_string"}}],"inLanguage":"es"},{"@type":"Organization","@id":"https:\/\/www.eldiariodetucuman.com\/web\/#organization","name":"El Diario de Tucuman","url":"https:\/\/www.eldiariodetucuman.com\/web\/","logo":{"@type":"ImageObject","inLanguage":"es","@id":"https:\/\/www.eldiariodetucuman.com\/web\/#\/schema\/logo\/image\/","url":"http:\/\/www.eldiariodetucuman.com\/web\/wp-content\/uploads\/2017\/12\/el-diario-de-tucuman.jpg","contentUrl":"http:\/\/www.eldiariodetucuman.com\/web\/wp-content\/uploads\/2017\/12\/el-diario-de-tucuman.jpg","width":272,"height":92,"caption":"El Diario de Tucuman"},"image":{"@id":"https:\/\/www.eldiariodetucuman.com\/web\/#\/schema\/logo\/image\/"}},{"@type":"Person","@id":"https:\/\/www.eldiariodetucuman.com\/web\/#\/schema\/person\/9250197d75ab5483412e19678b121caa","name":"admin","image":{"@type":"ImageObject","inLanguage":"es","@id":"https:\/\/secure.gravatar.com\/avatar\/c44d117c2be811212c22cb481f6b8384b6873de103fbc49e7a03cc58d7dea4ac?s=96&d=mm&r=g","url":"https:\/\/secure.gravatar.com\/avatar\/c44d117c2be811212c22cb481f6b8384b6873de103fbc49e7a03cc58d7dea4ac?s=96&d=mm&r=g","contentUrl":"https:\/\/secure.gravatar.com\/avatar\/c44d117c2be811212c22cb481f6b8384b6873de103fbc49e7a03cc58d7dea4ac?s=96&d=mm&r=g","caption":"admin"},"url":"https:\/\/www.eldiariodetucuman.com\/web\/author\/admin\/"}]}},"_links":{"self":[{"href":"https:\/\/www.eldiariodetucuman.com\/web\/wp-json\/wp\/v2\/posts\/5870","targetHints":{"allow":["GET"]}}],"collection":[{"href":"https:\/\/www.eldiariodetucuman.com\/web\/wp-json\/wp\/v2\/posts"}],"about":[{"href":"https:\/\/www.eldiariodetucuman.com\/web\/wp-json\/wp\/v2\/types\/post"}],"author":[{"embeddable":true,"href":"https:\/\/www.eldiariodetucuman.com\/web\/wp-json\/wp\/v2\/users\/1"}],"replies":[{"embeddable":true,"href":"https:\/\/www.eldiariodetucuman.com\/web\/wp-json\/wp\/v2\/comments?post=5870"}],"version-history":[{"count":1,"href":"https:\/\/www.eldiariodetucuman.com\/web\/wp-json\/wp\/v2\/posts\/5870\/revisions"}],"predecessor-version":[{"id":5872,"href":"https:\/\/www.eldiariodetucuman.com\/web\/wp-json\/wp\/v2\/posts\/5870\/revisions\/5872"}],"wp:featuredmedia":[{"embeddable":true,"href":"https:\/\/www.eldiariodetucuman.com\/web\/wp-json\/wp\/v2\/media\/5871"}],"wp:attachment":[{"href":"https:\/\/www.eldiariodetucuman.com\/web\/wp-json\/wp\/v2\/media?parent=5870"}],"wp:term":[{"taxonomy":"category","embeddable":true,"href":"https:\/\/www.eldiariodetucuman.com\/web\/wp-json\/wp\/v2\/categories?post=5870"},{"taxonomy":"post_tag","embeddable":true,"href":"https:\/\/www.eldiariodetucuman.com\/web\/wp-json\/wp\/v2\/tags?post=5870"}],"curies":[{"name":"wp","href":"https:\/\/api.w.org\/{rel}","templated":true}]}}