{"id":5861,"date":"2018-02-26T11:42:02","date_gmt":"2018-02-26T14:42:02","guid":{"rendered":"http:\/\/www.eldiariodetucuman.com\/web\/de-vido-tiene-una-causa-pero-no-tiene-por-que-estar-preso\/"},"modified":"2018-02-26T11:42:04","modified_gmt":"2018-02-26T14:42:04","slug":"de-vido-tiene-una-causa-pero-no-tiene-por-que-estar-preso","status":"publish","type":"post","link":"https:\/\/www.eldiariodetucuman.com\/web\/de-vido-tiene-una-causa-pero-no-tiene-por-que-estar-preso\/","title":{"rendered":"\u201cDe Vido tiene una causa, pero no tiene por qu\u00e9 estar preso\u201d"},"content":{"rendered":"<div>\n<div readability=\"57.045140732873\">\n<p>Ante la detenci\u00f3n de los ex funcionarios kirchneristas acusados por corrupci\u00f3n, la presidenta de Abuelas de Plaza de Mayo, <a href=\"https:\/\/www.elintransigente.com\/noticias\/buscar\/?buscar=Estela+de+Carlotto\">Estela de Carlotto<\/a>, realiz\u00f3 una f\u00e9rrea defensa y sostuvo que \u201cdesde el Presidente para abajo\u201d deber\u00edan estar todos presos.\u00a0<\/p>\n<p>En relaci\u00f3n al exministro de Planificaci\u00f3n <a href=\"https:\/\/www.elintransigente.com\/noticias\/buscar\/?buscar=de+vido\">Julio De Vido<\/a>, que se encuentra detenido en Ezeiza, consider\u00f3 que \u201c<strong>no tiene porqu\u00e9 estar preso<\/strong>\u201d. \u201cDe Vido tiene una causa pero no tiene por qu\u00e9 estar preso, porque sino<strong> todos los denunciados deber\u00edan estar detenidos, desde el Presidente para abajo<\/strong>\u201d, sostuvo Carlotto.\u00a0<\/p>\n<p>Adem\u00e1s, reiter\u00f3 su apoyo a la gesti\u00f3n de la ex presidenta argentina Cristina Fern\u00e1ndez de Kirchner y denunci\u00f3 que se la intenta \u201cdenigrar\u201d con el principal objetivo de \u201cmeterla presa\u201d.\u00a0<\/p>\n<p>\u201c<strong>A Cristina la banco con sus defectos y sus virtudes<\/strong>, ella hizo much\u00edsimo\u00bb, manifest\u00f3 la referente en Derechos Humanos, durante una entrevista concedida al programa televisivo conducido por el periodista Luis Novaresio.\u00a0<\/p>\n<p>Y remarc\u00f3: \u201cAhora se la quiere denigrar, meter presa; tienen como una obsesi\u00f3n. <strong>Es una mujer que<\/strong> hizo mucho bien; habr\u00e1 tenido sus errores, pero <strong>hizo cosas admirables<\/strong> y nos sentimos bien en esa \u00e9poca\u201d.\u00a0<\/p>\n<p>En tanto, al ser consultada sobre si las integrantes de la organizaci\u00f3n se sintieron \u201cusadas\u201d por el kirchnerismo, Carlotto fue tajante: \u201cSi nosotras fuimos utilizadas por el gobierno anterior, en absoluto; yo <strong>creo en la honestidad de N\u00e9stor y de Cristina a ultranza<\/strong>\u201d.\u00a0<\/p>\n<p>Por otro lado, no evit\u00f3 referirse a los otros \u201cpresos pol\u00edticos\u201d, tal como los considera la oposici\u00f3n al macrismo y volvi\u00f3 a defender p\u00fablicamente a Carlos Zannini y a Milagro Sala.\u00a0<\/p>\n<p>\u201cCarlos Zannini es un tipo del que no tienen nada para decir que hizo mal, no le encuentran nada, y ni hablar de Milagro Sala. Nadie dice nada por L\u00f3pez, yo no le defiendo\u201d, concluy\u00f3.\u00a0<br \/>\n\u00a0<\/p>\n<\/div>\n<\/div>\n<p>Fuente: https:\/\/www.elintransigente.com\/politica\/2018\/2\/26\/de-vido-tiene-una-causa-pero-no-tiene-por-que-estar-preso-480055.html<\/p>\n","protected":false},"excerpt":{"rendered":"<p>Ante la detenci\u00f3n de los ex funcionarios kirchneristas acusados por corrupci\u00f3n, la presidenta de Abuelas de Plaza de Mayo, Estela de Carlotto, realiz\u00f3 una f\u00e9rrea defensa y sostuvo que \u201cdesde el Presidente para abajo\u201d deber\u00edan estar todos presos.\u00a0 En relaci\u00f3n al exministro de Planificaci\u00f3n Julio De Vido, que se encuentra detenido en Ezeiza, consider\u00f3 que [&hellip;]<\/p>\n","protected":false},"author":1,"featured_media":5862,"comment_status":"open","ping_status":"closed","sticky":false,"template":"","format":"standard","meta":{"footnotes":""},"categories":[1],"tags":[],"class_list":{"0":"post-5861","1":"post","2":"type-post","3":"status-publish","4":"format-standard","5":"has-post-thumbnail","7":"category-portada"},"yoast_head":"<!-- This site is optimized with the Yoast SEO plugin v27.5 - https:\/\/yoast.com\/product\/yoast-seo-wordpress\/ -->\n<title>\u201cDe Vido tiene una causa, pero no tiene por qu\u00e9 estar preso\u201d - El Diario de Tucuman<\/title>\n<meta name=\"robots\" content=\"index, follow, max-snippet:-1, max-image-preview:large, max-video-preview:-1\" \/>\n<link rel=\"canonical\" href=\"https:\/\/www.eldiariodetucuman.com\/web\/de-vido-tiene-una-causa-pero-no-tiene-por-que-estar-preso\/\" \/>\n<meta property=\"og:locale\" content=\"es_ES\" \/>\n<meta property=\"og:type\" content=\"article\" \/>\n<meta property=\"og:title\" content=\"\u201cDe Vido tiene una causa, pero no tiene por qu\u00e9 estar preso\u201d - El Diario de Tucuman\" \/>\n<meta property=\"og:description\" content=\"Ante la detenci\u00f3n de los ex funcionarios kirchneristas acusados por corrupci\u00f3n, la presidenta de Abuelas de Plaza de Mayo, Estela de Carlotto, realiz\u00f3 una f\u00e9rrea defensa y sostuvo que \u201cdesde el Presidente para abajo\u201d deber\u00edan estar todos presos.\u00a0 En relaci\u00f3n al exministro de Planificaci\u00f3n Julio De Vido, que se encuentra detenido en Ezeiza, consider\u00f3 que [&hellip;]\" \/>\n<meta property=\"og:url\" content=\"https:\/\/www.eldiariodetucuman.com\/web\/de-vido-tiene-una-causa-pero-no-tiene-por-que-estar-preso\/\" \/>\n<meta property=\"og:site_name\" content=\"El Diario de Tucuman\" \/>\n<meta property=\"article:published_time\" content=\"2018-02-26T14:42:02+00:00\" \/>\n<meta property=\"article:modified_time\" content=\"2018-02-26T14:42:04+00:00\" \/>\n<meta property=\"og:image\" content=\"https:\/\/www.eldiariodetucuman.com\/web\/wp-content\/uploads\/2018\/02\/8ce4a9ea4a712f0bb1e9e1b07be62832.jpeg\" \/>\n\t<meta property=\"og:image:width\" content=\"960\" \/>\n\t<meta property=\"og:image:height\" content=\"659\" \/>\n\t<meta property=\"og:image:type\" content=\"image\/jpeg\" \/>\n<meta name=\"author\" content=\"admin\" \/>\n<meta name=\"twitter:card\" content=\"summary_large_image\" \/>\n<meta name=\"twitter:label1\" content=\"Escrito por\" \/>\n\t<meta name=\"twitter:data1\" content=\"admin\" \/>\n\t<meta name=\"twitter:label2\" content=\"Tiempo de lectura\" \/>\n\t<meta name=\"twitter:data2\" content=\"2 minutos\" \/>\n<script type=\"application\/ld+json\" class=\"yoast-schema-graph\">{\"@context\":\"https:\\\/\\\/schema.org\",\"@graph\":[{\"@type\":\"Article\",\"@id\":\"https:\\\/\\\/www.eldiariodetucuman.com\\\/web\\\/de-vido-tiene-una-causa-pero-no-tiene-por-que-estar-preso\\\/#article\",\"isPartOf\":{\"@id\":\"https:\\\/\\\/www.eldiariodetucuman.com\\\/web\\\/de-vido-tiene-una-causa-pero-no-tiene-por-que-estar-preso\\\/\"},\"author\":{\"name\":\"admin\",\"@id\":\"https:\\\/\\\/www.eldiariodetucuman.com\\\/web\\\/#\\\/schema\\\/person\\\/9250197d75ab5483412e19678b121caa\"},\"headline\":\"\u201cDe Vido tiene una causa, pero no tiene por qu\u00e9 estar preso\u201d\",\"datePublished\":\"2018-02-26T14:42:02+00:00\",\"dateModified\":\"2018-02-26T14:42:04+00:00\",\"mainEntityOfPage\":{\"@id\":\"https:\\\/\\\/www.eldiariodetucuman.com\\\/web\\\/de-vido-tiene-una-causa-pero-no-tiene-por-que-estar-preso\\\/\"},\"wordCount\":331,\"commentCount\":0,\"publisher\":{\"@id\":\"https:\\\/\\\/www.eldiariodetucuman.com\\\/web\\\/#organization\"},\"image\":{\"@id\":\"https:\\\/\\\/www.eldiariodetucuman.com\\\/web\\\/de-vido-tiene-una-causa-pero-no-tiene-por-que-estar-preso\\\/#primaryimage\"},\"thumbnailUrl\":\"https:\\\/\\\/www.eldiariodetucuman.com\\\/web\\\/wp-content\\\/uploads\\\/2018\\\/02\\\/8ce4a9ea4a712f0bb1e9e1b07be62832.jpeg\",\"articleSection\":[\"Portada\"],\"inLanguage\":\"es\",\"potentialAction\":[{\"@type\":\"CommentAction\",\"name\":\"Comment\",\"target\":[\"https:\\\/\\\/www.eldiariodetucuman.com\\\/web\\\/de-vido-tiene-una-causa-pero-no-tiene-por-que-estar-preso\\\/#respond\"]}]},{\"@type\":\"WebPage\",\"@id\":\"https:\\\/\\\/www.eldiariodetucuman.com\\\/web\\\/de-vido-tiene-una-causa-pero-no-tiene-por-que-estar-preso\\\/\",\"url\":\"https:\\\/\\\/www.eldiariodetucuman.com\\\/web\\\/de-vido-tiene-una-causa-pero-no-tiene-por-que-estar-preso\\\/\",\"name\":\"\u201cDe Vido tiene una causa, pero no tiene por qu\u00e9 estar preso\u201d - El Diario de Tucuman\",\"isPartOf\":{\"@id\":\"https:\\\/\\\/www.eldiariodetucuman.com\\\/web\\\/#website\"},\"primaryImageOfPage\":{\"@id\":\"https:\\\/\\\/www.eldiariodetucuman.com\\\/web\\\/de-vido-tiene-una-causa-pero-no-tiene-por-que-estar-preso\\\/#primaryimage\"},\"image\":{\"@id\":\"https:\\\/\\\/www.eldiariodetucuman.com\\\/web\\\/de-vido-tiene-una-causa-pero-no-tiene-por-que-estar-preso\\\/#primaryimage\"},\"thumbnailUrl\":\"https:\\\/\\\/www.eldiariodetucuman.com\\\/web\\\/wp-content\\\/uploads\\\/2018\\\/02\\\/8ce4a9ea4a712f0bb1e9e1b07be62832.jpeg\",\"datePublished\":\"2018-02-26T14:42:02+00:00\",\"dateModified\":\"2018-02-26T14:42:04+00:00\",\"breadcrumb\":{\"@id\":\"https:\\\/\\\/www.eldiariodetucuman.com\\\/web\\\/de-vido-tiene-una-causa-pero-no-tiene-por-que-estar-preso\\\/#breadcrumb\"},\"inLanguage\":\"es\",\"potentialAction\":[{\"@type\":\"ReadAction\",\"target\":[\"https:\\\/\\\/www.eldiariodetucuman.com\\\/web\\\/de-vido-tiene-una-causa-pero-no-tiene-por-que-estar-preso\\\/\"]}]},{\"@type\":\"ImageObject\",\"inLanguage\":\"es\",\"@id\":\"https:\\\/\\\/www.eldiariodetucuman.com\\\/web\\\/de-vido-tiene-una-causa-pero-no-tiene-por-que-estar-preso\\\/#primaryimage\",\"url\":\"https:\\\/\\\/www.eldiariodetucuman.com\\\/web\\\/wp-content\\\/uploads\\\/2018\\\/02\\\/8ce4a9ea4a712f0bb1e9e1b07be62832.jpeg\",\"contentUrl\":\"https:\\\/\\\/www.eldiariodetucuman.com\\\/web\\\/wp-content\\\/uploads\\\/2018\\\/02\\\/8ce4a9ea4a712f0bb1e9e1b07be62832.jpeg\",\"width\":960,\"height\":659},{\"@type\":\"BreadcrumbList\",\"@id\":\"https:\\\/\\\/www.eldiariodetucuman.com\\\/web\\\/de-vido-tiene-una-causa-pero-no-tiene-por-que-estar-preso\\\/#breadcrumb\",\"itemListElement\":[{\"@type\":\"ListItem\",\"position\":1,\"name\":\"Portada\",\"item\":\"https:\\\/\\\/www.eldiariodetucuman.com\\\/web\\\/\"},{\"@type\":\"ListItem\",\"position\":2,\"name\":\"\u201cDe Vido tiene una causa, pero no tiene por qu\u00e9 estar preso\u201d\"}]},{\"@type\":\"WebSite\",\"@id\":\"https:\\\/\\\/www.eldiariodetucuman.com\\\/web\\\/#website\",\"url\":\"https:\\\/\\\/www.eldiariodetucuman.com\\\/web\\\/\",\"name\":\"El Diario de Tucuman\",\"description\":\"Diario Tucuman - Informaci\u00f3n y noticias\",\"publisher\":{\"@id\":\"https:\\\/\\\/www.eldiariodetucuman.com\\\/web\\\/#organization\"},\"potentialAction\":[{\"@type\":\"SearchAction\",\"target\":{\"@type\":\"EntryPoint\",\"urlTemplate\":\"https:\\\/\\\/www.eldiariodetucuman.com\\\/web\\\/?s={search_term_string}\"},\"query-input\":{\"@type\":\"PropertyValueSpecification\",\"valueRequired\":true,\"valueName\":\"search_term_string\"}}],\"inLanguage\":\"es\"},{\"@type\":\"Organization\",\"@id\":\"https:\\\/\\\/www.eldiariodetucuman.com\\\/web\\\/#organization\",\"name\":\"El Diario de Tucuman\",\"url\":\"https:\\\/\\\/www.eldiariodetucuman.com\\\/web\\\/\",\"logo\":{\"@type\":\"ImageObject\",\"inLanguage\":\"es\",\"@id\":\"https:\\\/\\\/www.eldiariodetucuman.com\\\/web\\\/#\\\/schema\\\/logo\\\/image\\\/\",\"url\":\"http:\\\/\\\/www.eldiariodetucuman.com\\\/web\\\/wp-content\\\/uploads\\\/2017\\\/12\\\/el-diario-de-tucuman.jpg\",\"contentUrl\":\"http:\\\/\\\/www.eldiariodetucuman.com\\\/web\\\/wp-content\\\/uploads\\\/2017\\\/12\\\/el-diario-de-tucuman.jpg\",\"width\":272,\"height\":92,\"caption\":\"El Diario de Tucuman\"},\"image\":{\"@id\":\"https:\\\/\\\/www.eldiariodetucuman.com\\\/web\\\/#\\\/schema\\\/logo\\\/image\\\/\"}},{\"@type\":\"Person\",\"@id\":\"https:\\\/\\\/www.eldiariodetucuman.com\\\/web\\\/#\\\/schema\\\/person\\\/9250197d75ab5483412e19678b121caa\",\"name\":\"admin\",\"image\":{\"@type\":\"ImageObject\",\"inLanguage\":\"es\",\"@id\":\"https:\\\/\\\/secure.gravatar.com\\\/avatar\\\/c44d117c2be811212c22cb481f6b8384b6873de103fbc49e7a03cc58d7dea4ac?s=96&d=mm&r=g\",\"url\":\"https:\\\/\\\/secure.gravatar.com\\\/avatar\\\/c44d117c2be811212c22cb481f6b8384b6873de103fbc49e7a03cc58d7dea4ac?s=96&d=mm&r=g\",\"contentUrl\":\"https:\\\/\\\/secure.gravatar.com\\\/avatar\\\/c44d117c2be811212c22cb481f6b8384b6873de103fbc49e7a03cc58d7dea4ac?s=96&d=mm&r=g\",\"caption\":\"admin\"},\"url\":\"https:\\\/\\\/www.eldiariodetucuman.com\\\/web\\\/author\\\/admin\\\/\"}]}<\/script>\n<!-- \/ Yoast SEO plugin. -->","yoast_head_json":{"title":"\u201cDe Vido tiene una causa, pero no tiene por qu\u00e9 estar preso\u201d - El Diario de Tucuman","robots":{"index":"index","follow":"follow","max-snippet":"max-snippet:-1","max-image-preview":"max-image-preview:large","max-video-preview":"max-video-preview:-1"},"canonical":"https:\/\/www.eldiariodetucuman.com\/web\/de-vido-tiene-una-causa-pero-no-tiene-por-que-estar-preso\/","og_locale":"es_ES","og_type":"article","og_title":"\u201cDe Vido tiene una causa, pero no tiene por qu\u00e9 estar preso\u201d - El Diario de Tucuman","og_description":"Ante la detenci\u00f3n de los ex funcionarios kirchneristas acusados por corrupci\u00f3n, la presidenta de Abuelas de Plaza de Mayo, Estela de Carlotto, realiz\u00f3 una f\u00e9rrea defensa y sostuvo que \u201cdesde el Presidente para abajo\u201d deber\u00edan estar todos presos.\u00a0 En relaci\u00f3n al exministro de Planificaci\u00f3n Julio De Vido, que se encuentra detenido en Ezeiza, consider\u00f3 que [&hellip;]","og_url":"https:\/\/www.eldiariodetucuman.com\/web\/de-vido-tiene-una-causa-pero-no-tiene-por-que-estar-preso\/","og_site_name":"El Diario de Tucuman","article_published_time":"2018-02-26T14:42:02+00:00","article_modified_time":"2018-02-26T14:42:04+00:00","og_image":[{"width":960,"height":659,"url":"https:\/\/www.eldiariodetucuman.com\/web\/wp-content\/uploads\/2018\/02\/8ce4a9ea4a712f0bb1e9e1b07be62832.jpeg","type":"image\/jpeg"}],"author":"admin","twitter_card":"summary_large_image","twitter_misc":{"Escrito por":"admin","Tiempo de lectura":"2 minutos"},"schema":{"@context":"https:\/\/schema.org","@graph":[{"@type":"Article","@id":"https:\/\/www.eldiariodetucuman.com\/web\/de-vido-tiene-una-causa-pero-no-tiene-por-que-estar-preso\/#article","isPartOf":{"@id":"https:\/\/www.eldiariodetucuman.com\/web\/de-vido-tiene-una-causa-pero-no-tiene-por-que-estar-preso\/"},"author":{"name":"admin","@id":"https:\/\/www.eldiariodetucuman.com\/web\/#\/schema\/person\/9250197d75ab5483412e19678b121caa"},"headline":"\u201cDe Vido tiene una causa, pero no tiene por qu\u00e9 estar preso\u201d","datePublished":"2018-02-26T14:42:02+00:00","dateModified":"2018-02-26T14:42:04+00:00","mainEntityOfPage":{"@id":"https:\/\/www.eldiariodetucuman.com\/web\/de-vido-tiene-una-causa-pero-no-tiene-por-que-estar-preso\/"},"wordCount":331,"commentCount":0,"publisher":{"@id":"https:\/\/www.eldiariodetucuman.com\/web\/#organization"},"image":{"@id":"https:\/\/www.eldiariodetucuman.com\/web\/de-vido-tiene-una-causa-pero-no-tiene-por-que-estar-preso\/#primaryimage"},"thumbnailUrl":"https:\/\/www.eldiariodetucuman.com\/web\/wp-content\/uploads\/2018\/02\/8ce4a9ea4a712f0bb1e9e1b07be62832.jpeg","articleSection":["Portada"],"inLanguage":"es","potentialAction":[{"@type":"CommentAction","name":"Comment","target":["https:\/\/www.eldiariodetucuman.com\/web\/de-vido-tiene-una-causa-pero-no-tiene-por-que-estar-preso\/#respond"]}]},{"@type":"WebPage","@id":"https:\/\/www.eldiariodetucuman.com\/web\/de-vido-tiene-una-causa-pero-no-tiene-por-que-estar-preso\/","url":"https:\/\/www.eldiariodetucuman.com\/web\/de-vido-tiene-una-causa-pero-no-tiene-por-que-estar-preso\/","name":"\u201cDe Vido tiene una causa, pero no tiene por qu\u00e9 estar preso\u201d - El Diario de Tucuman","isPartOf":{"@id":"https:\/\/www.eldiariodetucuman.com\/web\/#website"},"primaryImageOfPage":{"@id":"https:\/\/www.eldiariodetucuman.com\/web\/de-vido-tiene-una-causa-pero-no-tiene-por-que-estar-preso\/#primaryimage"},"image":{"@id":"https:\/\/www.eldiariodetucuman.com\/web\/de-vido-tiene-una-causa-pero-no-tiene-por-que-estar-preso\/#primaryimage"},"thumbnailUrl":"https:\/\/www.eldiariodetucuman.com\/web\/wp-content\/uploads\/2018\/02\/8ce4a9ea4a712f0bb1e9e1b07be62832.jpeg","datePublished":"2018-02-26T14:42:02+00:00","dateModified":"2018-02-26T14:42:04+00:00","breadcrumb":{"@id":"https:\/\/www.eldiariodetucuman.com\/web\/de-vido-tiene-una-causa-pero-no-tiene-por-que-estar-preso\/#breadcrumb"},"inLanguage":"es","potentialAction":[{"@type":"ReadAction","target":["https:\/\/www.eldiariodetucuman.com\/web\/de-vido-tiene-una-causa-pero-no-tiene-por-que-estar-preso\/"]}]},{"@type":"ImageObject","inLanguage":"es","@id":"https:\/\/www.eldiariodetucuman.com\/web\/de-vido-tiene-una-causa-pero-no-tiene-por-que-estar-preso\/#primaryimage","url":"https:\/\/www.eldiariodetucuman.com\/web\/wp-content\/uploads\/2018\/02\/8ce4a9ea4a712f0bb1e9e1b07be62832.jpeg","contentUrl":"https:\/\/www.eldiariodetucuman.com\/web\/wp-content\/uploads\/2018\/02\/8ce4a9ea4a712f0bb1e9e1b07be62832.jpeg","width":960,"height":659},{"@type":"BreadcrumbList","@id":"https:\/\/www.eldiariodetucuman.com\/web\/de-vido-tiene-una-causa-pero-no-tiene-por-que-estar-preso\/#breadcrumb","itemListElement":[{"@type":"ListItem","position":1,"name":"Portada","item":"https:\/\/www.eldiariodetucuman.com\/web\/"},{"@type":"ListItem","position":2,"name":"\u201cDe Vido tiene una causa, pero no tiene por qu\u00e9 estar preso\u201d"}]},{"@type":"WebSite","@id":"https:\/\/www.eldiariodetucuman.com\/web\/#website","url":"https:\/\/www.eldiariodetucuman.com\/web\/","name":"El Diario de Tucuman","description":"Diario Tucuman - Informaci\u00f3n y noticias","publisher":{"@id":"https:\/\/www.eldiariodetucuman.com\/web\/#organization"},"potentialAction":[{"@type":"SearchAction","target":{"@type":"EntryPoint","urlTemplate":"https:\/\/www.eldiariodetucuman.com\/web\/?s={search_term_string}"},"query-input":{"@type":"PropertyValueSpecification","valueRequired":true,"valueName":"search_term_string"}}],"inLanguage":"es"},{"@type":"Organization","@id":"https:\/\/www.eldiariodetucuman.com\/web\/#organization","name":"El Diario de Tucuman","url":"https:\/\/www.eldiariodetucuman.com\/web\/","logo":{"@type":"ImageObject","inLanguage":"es","@id":"https:\/\/www.eldiariodetucuman.com\/web\/#\/schema\/logo\/image\/","url":"http:\/\/www.eldiariodetucuman.com\/web\/wp-content\/uploads\/2017\/12\/el-diario-de-tucuman.jpg","contentUrl":"http:\/\/www.eldiariodetucuman.com\/web\/wp-content\/uploads\/2017\/12\/el-diario-de-tucuman.jpg","width":272,"height":92,"caption":"El Diario de Tucuman"},"image":{"@id":"https:\/\/www.eldiariodetucuman.com\/web\/#\/schema\/logo\/image\/"}},{"@type":"Person","@id":"https:\/\/www.eldiariodetucuman.com\/web\/#\/schema\/person\/9250197d75ab5483412e19678b121caa","name":"admin","image":{"@type":"ImageObject","inLanguage":"es","@id":"https:\/\/secure.gravatar.com\/avatar\/c44d117c2be811212c22cb481f6b8384b6873de103fbc49e7a03cc58d7dea4ac?s=96&d=mm&r=g","url":"https:\/\/secure.gravatar.com\/avatar\/c44d117c2be811212c22cb481f6b8384b6873de103fbc49e7a03cc58d7dea4ac?s=96&d=mm&r=g","contentUrl":"https:\/\/secure.gravatar.com\/avatar\/c44d117c2be811212c22cb481f6b8384b6873de103fbc49e7a03cc58d7dea4ac?s=96&d=mm&r=g","caption":"admin"},"url":"https:\/\/www.eldiariodetucuman.com\/web\/author\/admin\/"}]}},"_links":{"self":[{"href":"https:\/\/www.eldiariodetucuman.com\/web\/wp-json\/wp\/v2\/posts\/5861","targetHints":{"allow":["GET"]}}],"collection":[{"href":"https:\/\/www.eldiariodetucuman.com\/web\/wp-json\/wp\/v2\/posts"}],"about":[{"href":"https:\/\/www.eldiariodetucuman.com\/web\/wp-json\/wp\/v2\/types\/post"}],"author":[{"embeddable":true,"href":"https:\/\/www.eldiariodetucuman.com\/web\/wp-json\/wp\/v2\/users\/1"}],"replies":[{"embeddable":true,"href":"https:\/\/www.eldiariodetucuman.com\/web\/wp-json\/wp\/v2\/comments?post=5861"}],"version-history":[{"count":1,"href":"https:\/\/www.eldiariodetucuman.com\/web\/wp-json\/wp\/v2\/posts\/5861\/revisions"}],"predecessor-version":[{"id":5863,"href":"https:\/\/www.eldiariodetucuman.com\/web\/wp-json\/wp\/v2\/posts\/5861\/revisions\/5863"}],"wp:featuredmedia":[{"embeddable":true,"href":"https:\/\/www.eldiariodetucuman.com\/web\/wp-json\/wp\/v2\/media\/5862"}],"wp:attachment":[{"href":"https:\/\/www.eldiariodetucuman.com\/web\/wp-json\/wp\/v2\/media?parent=5861"}],"wp:term":[{"taxonomy":"category","embeddable":true,"href":"https:\/\/www.eldiariodetucuman.com\/web\/wp-json\/wp\/v2\/categories?post=5861"},{"taxonomy":"post_tag","embeddable":true,"href":"https:\/\/www.eldiariodetucuman.com\/web\/wp-json\/wp\/v2\/tags?post=5861"}],"curies":[{"name":"wp","href":"https:\/\/api.w.org\/{rel}","templated":true}]}}