{"id":5844,"date":"2018-02-25T12:36:58","date_gmt":"2018-02-25T15:36:58","guid":{"rendered":"http:\/\/www.eldiariodetucuman.com\/web\/el-camino-hacia-la-unificacion-nuevo-conclave-peronista-en-san-juan\/"},"modified":"2018-02-25T12:37:00","modified_gmt":"2018-02-25T15:37:00","slug":"el-camino-hacia-la-unificacion-nuevo-conclave-peronista-en-san-juan","status":"publish","type":"post","link":"https:\/\/www.eldiariodetucuman.com\/web\/el-camino-hacia-la-unificacion-nuevo-conclave-peronista-en-san-juan\/","title":{"rendered":"El camino hacia la unificaci\u00f3n: nuevo c\u00f3nclave peronista en San Juan"},"content":{"rendered":"<div>\n<div readability=\"63.252336448598\">\n<p>Bajo la excusa de presenciar la \u00ab<strong>Fiesta Nacional del Sol<\/strong>\u00ab, <strong>gobernadores, intendentes y referentes <a href=\"https:\/\/www.elintransigente.com\/politica\/2018\/2\/23\/nuevo-guino-entre-los-moyano-cristina-fernandez-479757.html\">peronistas<\/a><\/strong><a href=\"https:\/\/www.elintransigente.com\/politica\/2018\/2\/23\/nuevo-guino-entre-los-moyano-cristina-fernandez-479757.html\"> <\/a>se reunieron en <strong>San Juan<\/strong>. Fueron dos d\u00edas de intensos y discretos encuentros donde el gobernador anfitri\u00f3n,\u00a0<strong>Sergio U\u00f1ac<\/strong>, impuls\u00f3 un nuevo espacio de cara a las <strong>elecciones<\/strong> presidenciales del a\u00f1o que viene. Asimismo, como si se tratara de slogan de campa\u00f1a, la frase <strong>\u00abhay 2019\u00bb<\/strong> volvi\u00f3 a marcar el ritmo de los c\u00f3nclaves que buscan formar un<a href=\"https:\/\/www.elintransigente.com\/politica\/2018\/2\/23\/pj-bonaerense-busco-dar-senales-de-unidad-para-enfrentarse-macri-479813.html\"><strong> frente opositor<\/strong><\/a>.<\/p>\n<p>Desde hace algunos meses, el peronismo est\u00e1 buscando conformar un frente que, tras a\u00f1os de ruptura, pueda unificarse para competir en las pr\u00f3ximas elecciones. Es por este motivo que el gobernador de San Juan y el senador Rub\u00e9n U\u00f1ac, su hermano, fueron los anfitriones de encuentros que se realizaron tanto el viernes como el s\u00e1bado, para volver a remarcar que \u00abhay 2019\u00bb, seg\u00fan relata el diario de Cuyo.<\/p>\n<p>\u00abHa sido una gran reuni\u00f3n no solo por la cantidad, sino por la claridad de los conceptos que hemos expresados. Todos compartimos esto que bien expres\u00f3 Sergio, el justicialismo se tiene que reconstruir desde abajo hacia arriba, o sea no desde un dirigente sino desde el territorio y los gestores somos los intendentes. Los intendentes reconstruiremos el justicialismo como alternativa pol\u00edtica para la Argentina\u00bb, explic\u00f3\u00a0el intendente de San Rafael, Emir F\u00e9lix, que fue parte del c\u00f3nclave.<\/p>\n<aside class=\"htmlinline \"><ins class=\"adsbygoogle\" data-ad-format=\"fluid\" data-ad-layout=\"in-article\" data-ad-client=\"ca-pub-7781556717282971\" data-ad-slot=\"9383133609\"><\/ins><br \/>\n<\/aside>\n<p>Asimismo, el gobernador U\u00f1ac destac\u00f3 que\u00a0\u00abla alternativa al proyecto macrista saldr\u00e1 desde la base territorial, desde los municipios\u00bb, siendo que el verdadero objetivo de estos encuentros, seg\u00fan los mismos protagonistas,\u00a0es buscar la tan ansiada unificaci\u00f3n del peronismo para generar un proyecto que sea opositor al gobierno macrista.<\/p>\n<p>Vale destacar que\u00a010 intendentes peronistas de Mendoza, C\u00f3rdoba y Buenos Aires, adem\u00e1s del ex legislador Juli\u00e1n Dom\u00ednguez, el presidente del PJ bonaerense, Gustavo Men\u00e9ndez,\u00a0y el gobernador de San Luis,\u00a0Alberto Rodr\u00edguez Sa\u00e1, acompa\u00f1aron a los hermanos\u00a0U\u00f1ac en este encuentro. Adem\u00e1s, anticiparon que estar\u00edan diagramando una nueva reuni\u00f3n, en las pr\u00f3ximas semanas, en la provincia de Buenos Aires.<\/p>\n<\/div>\n<\/div>\n<p>Fuente: https:\/\/www.elintransigente.com\/politica\/2018\/2\/25\/el-camino-hacia-la-unificacion-nuevo-conclave-peronista-en-san-juan-479962.html<\/p>\n","protected":false},"excerpt":{"rendered":"<p>Bajo la excusa de presenciar la \u00abFiesta Nacional del Sol\u00ab, gobernadores, intendentes y referentes peronistas se reunieron en San Juan. Fueron dos d\u00edas de intensos y discretos encuentros donde el gobernador anfitri\u00f3n,\u00a0Sergio U\u00f1ac, impuls\u00f3 un nuevo espacio de cara a las elecciones presidenciales del a\u00f1o que viene. Asimismo, como si se tratara de slogan de [&hellip;]<\/p>\n","protected":false},"author":1,"featured_media":5845,"comment_status":"open","ping_status":"closed","sticky":false,"template":"","format":"standard","meta":{"footnotes":""},"categories":[1],"tags":[],"class_list":{"0":"post-5844","1":"post","2":"type-post","3":"status-publish","4":"format-standard","5":"has-post-thumbnail","7":"category-portada"},"yoast_head":"<!-- This site is optimized with the Yoast SEO plugin v27.5 - https:\/\/yoast.com\/product\/yoast-seo-wordpress\/ -->\n<title>El camino hacia la unificaci\u00f3n: nuevo c\u00f3nclave peronista en San Juan - El Diario de Tucuman<\/title>\n<meta name=\"robots\" content=\"index, follow, max-snippet:-1, max-image-preview:large, max-video-preview:-1\" \/>\n<link rel=\"canonical\" href=\"https:\/\/www.eldiariodetucuman.com\/web\/el-camino-hacia-la-unificacion-nuevo-conclave-peronista-en-san-juan\/\" \/>\n<meta property=\"og:locale\" content=\"es_ES\" \/>\n<meta property=\"og:type\" content=\"article\" \/>\n<meta property=\"og:title\" content=\"El camino hacia la unificaci\u00f3n: nuevo c\u00f3nclave peronista en San Juan - El Diario de Tucuman\" \/>\n<meta property=\"og:description\" content=\"Bajo la excusa de presenciar la \u00abFiesta Nacional del Sol\u00ab, gobernadores, intendentes y referentes peronistas se reunieron en San Juan. Fueron dos d\u00edas de intensos y discretos encuentros donde el gobernador anfitri\u00f3n,\u00a0Sergio U\u00f1ac, impuls\u00f3 un nuevo espacio de cara a las elecciones presidenciales del a\u00f1o que viene. Asimismo, como si se tratara de slogan de [&hellip;]\" \/>\n<meta property=\"og:url\" content=\"https:\/\/www.eldiariodetucuman.com\/web\/el-camino-hacia-la-unificacion-nuevo-conclave-peronista-en-san-juan\/\" \/>\n<meta property=\"og:site_name\" content=\"El Diario de Tucuman\" \/>\n<meta property=\"article:published_time\" content=\"2018-02-25T15:36:58+00:00\" \/>\n<meta property=\"article:modified_time\" content=\"2018-02-25T15:37:00+00:00\" \/>\n<meta property=\"og:image\" content=\"https:\/\/www.eldiariodetucuman.com\/web\/wp-content\/uploads\/2018\/02\/da9a503dd93759fda383dea4c66c9d94.jpeg\" \/>\n\t<meta property=\"og:image:width\" content=\"960\" \/>\n\t<meta property=\"og:image:height\" content=\"555\" \/>\n\t<meta property=\"og:image:type\" content=\"image\/jpeg\" \/>\n<meta name=\"author\" content=\"admin\" \/>\n<meta name=\"twitter:card\" content=\"summary_large_image\" \/>\n<meta name=\"twitter:label1\" content=\"Escrito por\" \/>\n\t<meta name=\"twitter:data1\" content=\"admin\" \/>\n\t<meta name=\"twitter:label2\" content=\"Tiempo de lectura\" \/>\n\t<meta name=\"twitter:data2\" content=\"2 minutos\" \/>\n<script type=\"application\/ld+json\" class=\"yoast-schema-graph\">{\"@context\":\"https:\\\/\\\/schema.org\",\"@graph\":[{\"@type\":\"Article\",\"@id\":\"https:\\\/\\\/www.eldiariodetucuman.com\\\/web\\\/el-camino-hacia-la-unificacion-nuevo-conclave-peronista-en-san-juan\\\/#article\",\"isPartOf\":{\"@id\":\"https:\\\/\\\/www.eldiariodetucuman.com\\\/web\\\/el-camino-hacia-la-unificacion-nuevo-conclave-peronista-en-san-juan\\\/\"},\"author\":{\"name\":\"admin\",\"@id\":\"https:\\\/\\\/www.eldiariodetucuman.com\\\/web\\\/#\\\/schema\\\/person\\\/9250197d75ab5483412e19678b121caa\"},\"headline\":\"El camino hacia la unificaci\u00f3n: nuevo c\u00f3nclave peronista en San Juan\",\"datePublished\":\"2018-02-25T15:36:58+00:00\",\"dateModified\":\"2018-02-25T15:37:00+00:00\",\"mainEntityOfPage\":{\"@id\":\"https:\\\/\\\/www.eldiariodetucuman.com\\\/web\\\/el-camino-hacia-la-unificacion-nuevo-conclave-peronista-en-san-juan\\\/\"},\"wordCount\":378,\"commentCount\":0,\"publisher\":{\"@id\":\"https:\\\/\\\/www.eldiariodetucuman.com\\\/web\\\/#organization\"},\"image\":{\"@id\":\"https:\\\/\\\/www.eldiariodetucuman.com\\\/web\\\/el-camino-hacia-la-unificacion-nuevo-conclave-peronista-en-san-juan\\\/#primaryimage\"},\"thumbnailUrl\":\"https:\\\/\\\/www.eldiariodetucuman.com\\\/web\\\/wp-content\\\/uploads\\\/2018\\\/02\\\/da9a503dd93759fda383dea4c66c9d94.jpeg\",\"articleSection\":[\"Portada\"],\"inLanguage\":\"es\",\"potentialAction\":[{\"@type\":\"CommentAction\",\"name\":\"Comment\",\"target\":[\"https:\\\/\\\/www.eldiariodetucuman.com\\\/web\\\/el-camino-hacia-la-unificacion-nuevo-conclave-peronista-en-san-juan\\\/#respond\"]}]},{\"@type\":\"WebPage\",\"@id\":\"https:\\\/\\\/www.eldiariodetucuman.com\\\/web\\\/el-camino-hacia-la-unificacion-nuevo-conclave-peronista-en-san-juan\\\/\",\"url\":\"https:\\\/\\\/www.eldiariodetucuman.com\\\/web\\\/el-camino-hacia-la-unificacion-nuevo-conclave-peronista-en-san-juan\\\/\",\"name\":\"El camino hacia la unificaci\u00f3n: nuevo c\u00f3nclave peronista en San Juan - El Diario de Tucuman\",\"isPartOf\":{\"@id\":\"https:\\\/\\\/www.eldiariodetucuman.com\\\/web\\\/#website\"},\"primaryImageOfPage\":{\"@id\":\"https:\\\/\\\/www.eldiariodetucuman.com\\\/web\\\/el-camino-hacia-la-unificacion-nuevo-conclave-peronista-en-san-juan\\\/#primaryimage\"},\"image\":{\"@id\":\"https:\\\/\\\/www.eldiariodetucuman.com\\\/web\\\/el-camino-hacia-la-unificacion-nuevo-conclave-peronista-en-san-juan\\\/#primaryimage\"},\"thumbnailUrl\":\"https:\\\/\\\/www.eldiariodetucuman.com\\\/web\\\/wp-content\\\/uploads\\\/2018\\\/02\\\/da9a503dd93759fda383dea4c66c9d94.jpeg\",\"datePublished\":\"2018-02-25T15:36:58+00:00\",\"dateModified\":\"2018-02-25T15:37:00+00:00\",\"breadcrumb\":{\"@id\":\"https:\\\/\\\/www.eldiariodetucuman.com\\\/web\\\/el-camino-hacia-la-unificacion-nuevo-conclave-peronista-en-san-juan\\\/#breadcrumb\"},\"inLanguage\":\"es\",\"potentialAction\":[{\"@type\":\"ReadAction\",\"target\":[\"https:\\\/\\\/www.eldiariodetucuman.com\\\/web\\\/el-camino-hacia-la-unificacion-nuevo-conclave-peronista-en-san-juan\\\/\"]}]},{\"@type\":\"ImageObject\",\"inLanguage\":\"es\",\"@id\":\"https:\\\/\\\/www.eldiariodetucuman.com\\\/web\\\/el-camino-hacia-la-unificacion-nuevo-conclave-peronista-en-san-juan\\\/#primaryimage\",\"url\":\"https:\\\/\\\/www.eldiariodetucuman.com\\\/web\\\/wp-content\\\/uploads\\\/2018\\\/02\\\/da9a503dd93759fda383dea4c66c9d94.jpeg\",\"contentUrl\":\"https:\\\/\\\/www.eldiariodetucuman.com\\\/web\\\/wp-content\\\/uploads\\\/2018\\\/02\\\/da9a503dd93759fda383dea4c66c9d94.jpeg\",\"width\":960,\"height\":555},{\"@type\":\"BreadcrumbList\",\"@id\":\"https:\\\/\\\/www.eldiariodetucuman.com\\\/web\\\/el-camino-hacia-la-unificacion-nuevo-conclave-peronista-en-san-juan\\\/#breadcrumb\",\"itemListElement\":[{\"@type\":\"ListItem\",\"position\":1,\"name\":\"Portada\",\"item\":\"https:\\\/\\\/www.eldiariodetucuman.com\\\/web\\\/\"},{\"@type\":\"ListItem\",\"position\":2,\"name\":\"El camino hacia la unificaci\u00f3n: nuevo c\u00f3nclave peronista en San Juan\"}]},{\"@type\":\"WebSite\",\"@id\":\"https:\\\/\\\/www.eldiariodetucuman.com\\\/web\\\/#website\",\"url\":\"https:\\\/\\\/www.eldiariodetucuman.com\\\/web\\\/\",\"name\":\"El Diario de Tucuman\",\"description\":\"Diario Tucuman - Informaci\u00f3n y noticias\",\"publisher\":{\"@id\":\"https:\\\/\\\/www.eldiariodetucuman.com\\\/web\\\/#organization\"},\"potentialAction\":[{\"@type\":\"SearchAction\",\"target\":{\"@type\":\"EntryPoint\",\"urlTemplate\":\"https:\\\/\\\/www.eldiariodetucuman.com\\\/web\\\/?s={search_term_string}\"},\"query-input\":{\"@type\":\"PropertyValueSpecification\",\"valueRequired\":true,\"valueName\":\"search_term_string\"}}],\"inLanguage\":\"es\"},{\"@type\":\"Organization\",\"@id\":\"https:\\\/\\\/www.eldiariodetucuman.com\\\/web\\\/#organization\",\"name\":\"El Diario de Tucuman\",\"url\":\"https:\\\/\\\/www.eldiariodetucuman.com\\\/web\\\/\",\"logo\":{\"@type\":\"ImageObject\",\"inLanguage\":\"es\",\"@id\":\"https:\\\/\\\/www.eldiariodetucuman.com\\\/web\\\/#\\\/schema\\\/logo\\\/image\\\/\",\"url\":\"http:\\\/\\\/www.eldiariodetucuman.com\\\/web\\\/wp-content\\\/uploads\\\/2017\\\/12\\\/el-diario-de-tucuman.jpg\",\"contentUrl\":\"http:\\\/\\\/www.eldiariodetucuman.com\\\/web\\\/wp-content\\\/uploads\\\/2017\\\/12\\\/el-diario-de-tucuman.jpg\",\"width\":272,\"height\":92,\"caption\":\"El Diario de Tucuman\"},\"image\":{\"@id\":\"https:\\\/\\\/www.eldiariodetucuman.com\\\/web\\\/#\\\/schema\\\/logo\\\/image\\\/\"}},{\"@type\":\"Person\",\"@id\":\"https:\\\/\\\/www.eldiariodetucuman.com\\\/web\\\/#\\\/schema\\\/person\\\/9250197d75ab5483412e19678b121caa\",\"name\":\"admin\",\"image\":{\"@type\":\"ImageObject\",\"inLanguage\":\"es\",\"@id\":\"https:\\\/\\\/secure.gravatar.com\\\/avatar\\\/c44d117c2be811212c22cb481f6b8384b6873de103fbc49e7a03cc58d7dea4ac?s=96&d=mm&r=g\",\"url\":\"https:\\\/\\\/secure.gravatar.com\\\/avatar\\\/c44d117c2be811212c22cb481f6b8384b6873de103fbc49e7a03cc58d7dea4ac?s=96&d=mm&r=g\",\"contentUrl\":\"https:\\\/\\\/secure.gravatar.com\\\/avatar\\\/c44d117c2be811212c22cb481f6b8384b6873de103fbc49e7a03cc58d7dea4ac?s=96&d=mm&r=g\",\"caption\":\"admin\"},\"url\":\"https:\\\/\\\/www.eldiariodetucuman.com\\\/web\\\/author\\\/admin\\\/\"}]}<\/script>\n<!-- \/ Yoast SEO plugin. -->","yoast_head_json":{"title":"El camino hacia la unificaci\u00f3n: nuevo c\u00f3nclave peronista en San Juan - El Diario de Tucuman","robots":{"index":"index","follow":"follow","max-snippet":"max-snippet:-1","max-image-preview":"max-image-preview:large","max-video-preview":"max-video-preview:-1"},"canonical":"https:\/\/www.eldiariodetucuman.com\/web\/el-camino-hacia-la-unificacion-nuevo-conclave-peronista-en-san-juan\/","og_locale":"es_ES","og_type":"article","og_title":"El camino hacia la unificaci\u00f3n: nuevo c\u00f3nclave peronista en San Juan - El Diario de Tucuman","og_description":"Bajo la excusa de presenciar la \u00abFiesta Nacional del Sol\u00ab, gobernadores, intendentes y referentes peronistas se reunieron en San Juan. Fueron dos d\u00edas de intensos y discretos encuentros donde el gobernador anfitri\u00f3n,\u00a0Sergio U\u00f1ac, impuls\u00f3 un nuevo espacio de cara a las elecciones presidenciales del a\u00f1o que viene. Asimismo, como si se tratara de slogan de [&hellip;]","og_url":"https:\/\/www.eldiariodetucuman.com\/web\/el-camino-hacia-la-unificacion-nuevo-conclave-peronista-en-san-juan\/","og_site_name":"El Diario de Tucuman","article_published_time":"2018-02-25T15:36:58+00:00","article_modified_time":"2018-02-25T15:37:00+00:00","og_image":[{"width":960,"height":555,"url":"https:\/\/www.eldiariodetucuman.com\/web\/wp-content\/uploads\/2018\/02\/da9a503dd93759fda383dea4c66c9d94.jpeg","type":"image\/jpeg"}],"author":"admin","twitter_card":"summary_large_image","twitter_misc":{"Escrito por":"admin","Tiempo de lectura":"2 minutos"},"schema":{"@context":"https:\/\/schema.org","@graph":[{"@type":"Article","@id":"https:\/\/www.eldiariodetucuman.com\/web\/el-camino-hacia-la-unificacion-nuevo-conclave-peronista-en-san-juan\/#article","isPartOf":{"@id":"https:\/\/www.eldiariodetucuman.com\/web\/el-camino-hacia-la-unificacion-nuevo-conclave-peronista-en-san-juan\/"},"author":{"name":"admin","@id":"https:\/\/www.eldiariodetucuman.com\/web\/#\/schema\/person\/9250197d75ab5483412e19678b121caa"},"headline":"El camino hacia la unificaci\u00f3n: nuevo c\u00f3nclave peronista en San Juan","datePublished":"2018-02-25T15:36:58+00:00","dateModified":"2018-02-25T15:37:00+00:00","mainEntityOfPage":{"@id":"https:\/\/www.eldiariodetucuman.com\/web\/el-camino-hacia-la-unificacion-nuevo-conclave-peronista-en-san-juan\/"},"wordCount":378,"commentCount":0,"publisher":{"@id":"https:\/\/www.eldiariodetucuman.com\/web\/#organization"},"image":{"@id":"https:\/\/www.eldiariodetucuman.com\/web\/el-camino-hacia-la-unificacion-nuevo-conclave-peronista-en-san-juan\/#primaryimage"},"thumbnailUrl":"https:\/\/www.eldiariodetucuman.com\/web\/wp-content\/uploads\/2018\/02\/da9a503dd93759fda383dea4c66c9d94.jpeg","articleSection":["Portada"],"inLanguage":"es","potentialAction":[{"@type":"CommentAction","name":"Comment","target":["https:\/\/www.eldiariodetucuman.com\/web\/el-camino-hacia-la-unificacion-nuevo-conclave-peronista-en-san-juan\/#respond"]}]},{"@type":"WebPage","@id":"https:\/\/www.eldiariodetucuman.com\/web\/el-camino-hacia-la-unificacion-nuevo-conclave-peronista-en-san-juan\/","url":"https:\/\/www.eldiariodetucuman.com\/web\/el-camino-hacia-la-unificacion-nuevo-conclave-peronista-en-san-juan\/","name":"El camino hacia la unificaci\u00f3n: nuevo c\u00f3nclave peronista en San Juan - El Diario de Tucuman","isPartOf":{"@id":"https:\/\/www.eldiariodetucuman.com\/web\/#website"},"primaryImageOfPage":{"@id":"https:\/\/www.eldiariodetucuman.com\/web\/el-camino-hacia-la-unificacion-nuevo-conclave-peronista-en-san-juan\/#primaryimage"},"image":{"@id":"https:\/\/www.eldiariodetucuman.com\/web\/el-camino-hacia-la-unificacion-nuevo-conclave-peronista-en-san-juan\/#primaryimage"},"thumbnailUrl":"https:\/\/www.eldiariodetucuman.com\/web\/wp-content\/uploads\/2018\/02\/da9a503dd93759fda383dea4c66c9d94.jpeg","datePublished":"2018-02-25T15:36:58+00:00","dateModified":"2018-02-25T15:37:00+00:00","breadcrumb":{"@id":"https:\/\/www.eldiariodetucuman.com\/web\/el-camino-hacia-la-unificacion-nuevo-conclave-peronista-en-san-juan\/#breadcrumb"},"inLanguage":"es","potentialAction":[{"@type":"ReadAction","target":["https:\/\/www.eldiariodetucuman.com\/web\/el-camino-hacia-la-unificacion-nuevo-conclave-peronista-en-san-juan\/"]}]},{"@type":"ImageObject","inLanguage":"es","@id":"https:\/\/www.eldiariodetucuman.com\/web\/el-camino-hacia-la-unificacion-nuevo-conclave-peronista-en-san-juan\/#primaryimage","url":"https:\/\/www.eldiariodetucuman.com\/web\/wp-content\/uploads\/2018\/02\/da9a503dd93759fda383dea4c66c9d94.jpeg","contentUrl":"https:\/\/www.eldiariodetucuman.com\/web\/wp-content\/uploads\/2018\/02\/da9a503dd93759fda383dea4c66c9d94.jpeg","width":960,"height":555},{"@type":"BreadcrumbList","@id":"https:\/\/www.eldiariodetucuman.com\/web\/el-camino-hacia-la-unificacion-nuevo-conclave-peronista-en-san-juan\/#breadcrumb","itemListElement":[{"@type":"ListItem","position":1,"name":"Portada","item":"https:\/\/www.eldiariodetucuman.com\/web\/"},{"@type":"ListItem","position":2,"name":"El camino hacia la unificaci\u00f3n: nuevo c\u00f3nclave peronista en San Juan"}]},{"@type":"WebSite","@id":"https:\/\/www.eldiariodetucuman.com\/web\/#website","url":"https:\/\/www.eldiariodetucuman.com\/web\/","name":"El Diario de Tucuman","description":"Diario Tucuman - Informaci\u00f3n y noticias","publisher":{"@id":"https:\/\/www.eldiariodetucuman.com\/web\/#organization"},"potentialAction":[{"@type":"SearchAction","target":{"@type":"EntryPoint","urlTemplate":"https:\/\/www.eldiariodetucuman.com\/web\/?s={search_term_string}"},"query-input":{"@type":"PropertyValueSpecification","valueRequired":true,"valueName":"search_term_string"}}],"inLanguage":"es"},{"@type":"Organization","@id":"https:\/\/www.eldiariodetucuman.com\/web\/#organization","name":"El Diario de Tucuman","url":"https:\/\/www.eldiariodetucuman.com\/web\/","logo":{"@type":"ImageObject","inLanguage":"es","@id":"https:\/\/www.eldiariodetucuman.com\/web\/#\/schema\/logo\/image\/","url":"http:\/\/www.eldiariodetucuman.com\/web\/wp-content\/uploads\/2017\/12\/el-diario-de-tucuman.jpg","contentUrl":"http:\/\/www.eldiariodetucuman.com\/web\/wp-content\/uploads\/2017\/12\/el-diario-de-tucuman.jpg","width":272,"height":92,"caption":"El Diario de Tucuman"},"image":{"@id":"https:\/\/www.eldiariodetucuman.com\/web\/#\/schema\/logo\/image\/"}},{"@type":"Person","@id":"https:\/\/www.eldiariodetucuman.com\/web\/#\/schema\/person\/9250197d75ab5483412e19678b121caa","name":"admin","image":{"@type":"ImageObject","inLanguage":"es","@id":"https:\/\/secure.gravatar.com\/avatar\/c44d117c2be811212c22cb481f6b8384b6873de103fbc49e7a03cc58d7dea4ac?s=96&d=mm&r=g","url":"https:\/\/secure.gravatar.com\/avatar\/c44d117c2be811212c22cb481f6b8384b6873de103fbc49e7a03cc58d7dea4ac?s=96&d=mm&r=g","contentUrl":"https:\/\/secure.gravatar.com\/avatar\/c44d117c2be811212c22cb481f6b8384b6873de103fbc49e7a03cc58d7dea4ac?s=96&d=mm&r=g","caption":"admin"},"url":"https:\/\/www.eldiariodetucuman.com\/web\/author\/admin\/"}]}},"_links":{"self":[{"href":"https:\/\/www.eldiariodetucuman.com\/web\/wp-json\/wp\/v2\/posts\/5844","targetHints":{"allow":["GET"]}}],"collection":[{"href":"https:\/\/www.eldiariodetucuman.com\/web\/wp-json\/wp\/v2\/posts"}],"about":[{"href":"https:\/\/www.eldiariodetucuman.com\/web\/wp-json\/wp\/v2\/types\/post"}],"author":[{"embeddable":true,"href":"https:\/\/www.eldiariodetucuman.com\/web\/wp-json\/wp\/v2\/users\/1"}],"replies":[{"embeddable":true,"href":"https:\/\/www.eldiariodetucuman.com\/web\/wp-json\/wp\/v2\/comments?post=5844"}],"version-history":[{"count":1,"href":"https:\/\/www.eldiariodetucuman.com\/web\/wp-json\/wp\/v2\/posts\/5844\/revisions"}],"predecessor-version":[{"id":5846,"href":"https:\/\/www.eldiariodetucuman.com\/web\/wp-json\/wp\/v2\/posts\/5844\/revisions\/5846"}],"wp:featuredmedia":[{"embeddable":true,"href":"https:\/\/www.eldiariodetucuman.com\/web\/wp-json\/wp\/v2\/media\/5845"}],"wp:attachment":[{"href":"https:\/\/www.eldiariodetucuman.com\/web\/wp-json\/wp\/v2\/media?parent=5844"}],"wp:term":[{"taxonomy":"category","embeddable":true,"href":"https:\/\/www.eldiariodetucuman.com\/web\/wp-json\/wp\/v2\/categories?post=5844"},{"taxonomy":"post_tag","embeddable":true,"href":"https:\/\/www.eldiariodetucuman.com\/web\/wp-json\/wp\/v2\/tags?post=5844"}],"curies":[{"name":"wp","href":"https:\/\/api.w.org\/{rel}","templated":true}]}}