{"id":5838,"date":"2018-02-25T12:01:57","date_gmt":"2018-02-25T15:01:57","guid":{"rendered":"http:\/\/www.eldiariodetucuman.com\/web\/video-dura-derrota-de-reveco-ante-nietes-por-kot\/"},"modified":"2018-02-25T12:02:01","modified_gmt":"2018-02-25T15:02:01","slug":"video-dura-derrota-de-reveco-ante-nietes-por-kot","status":"publish","type":"post","link":"https:\/\/www.eldiariodetucuman.com\/web\/video-dura-derrota-de-reveco-ante-nietes-por-kot\/","title":{"rendered":"Video: dura derrota de Reveco ante Nietes por KOT"},"content":{"rendered":"<div>\n<div readability=\"80\">\n<p>El mendocino<b> Juan Carlos Reveco<\/b> no pudo sumar el cuarto t\u00edtulo del mundo a su brillante carrera al perder anoche en California, Estados Unidos, por nocaut t\u00e9cnico en el s\u00e9ptimo round ante el filipino <b>Donnie Nietes<\/b>, que conserv\u00f3 de esta manera el cintur\u00f3n mosca de la Federaci\u00f3n Internacional de Boxeo (FIB).<\/p>\n<p class=\"style frase\">El combate, celebrado en el Forum de Inglewood en el marco de la velada denominada \u00abSuperfly 2\u00bb, fue parejo hasta el momento de la definici\u00f3n. El principio del fin lleg\u00f3 en los \u00faltimos segundos de la sexta vuelta, cuando Nietes meti\u00f3 una derecha tremenda en el rostro de Reveco, pero la campana evit\u00f3 su ca\u00edda.<\/p>\n<p>El mendocino sali\u00f3 al round siguiente cortado y visiblemente conmovido y Nietes liquid\u00f3 el pleito: ahora s\u00ed lo hizo besar la lona, y aunque Reveco se levant\u00f3 y quiso seguir, su rinc\u00f3n tir\u00f3 la toalla, resumi\u00f3 T\u00e9lam.<\/p>\n<p class=\"style frase\">\u00abCoton\u00bb Reveco (50.800 kilogramos), de 34 a\u00f1os, fue tres veces campe\u00f3n del mundo en categor\u00edas mosca y minimosca, pero en California no pudo ante un muy buen p\u00fagil, Nietes (50.600, 35 a\u00f1os), cuya \u00faltima y \u00fanica derrota en su carrera rentada se remonta a 2004 y lleva m\u00e1s de diez a\u00f1os como due\u00f1o del cintur\u00f3n.<\/p>\n<p>La campa\u00f1a del mendocino, que a pesar del resultado cumpli\u00f3 una digna tarea en su primera pelea en Estados Unidos, registra ahora 39 victorias (19 por KO) y cuatro derrotas; Nietes elev\u00f3 su r\u00e9cord a 41 (23 antes del l\u00edmite), una ca\u00edda y cuatro empates.<\/p>\n<p>De este modo, Argentina sigue contando con dos coronas ecum\u00e9nicas (la welter en poder del chubutense <b>Lucas Matthysse<\/b> y la superwelter del bonaerense <b>Brian Casta\u00f1o<\/b>, que el 10 de marzo pr\u00f3ximo la arriesgar\u00e1 en Boulogne-Billancourt con el franc\u00e9s <b>Cedric Vitu<\/b>); y en breve ir\u00e1 por la tercera: a sus 42 a\u00f1os el \u00abHurac\u00e1n\u00bb <b>Omar Narv\u00e1ez<\/b> disputar\u00e1 el cetro gallo OMB en poder del sudafricano <b>Zolani Tete<\/b>, el 21 de abril en Belfast.\u00a0<\/p>\n<\/p><\/div>\n<\/div>\n<p>Fuente: http:\/\/www.lagaceta.com.ar\/nota\/762425\/deportes\/video-dura-derrota-reveco-ante-nietes-kot.html<\/p>\n","protected":false},"excerpt":{"rendered":"<p>El mendocino Juan Carlos Reveco no pudo sumar el cuarto t\u00edtulo del mundo a su brillante carrera al perder anoche en California, Estados Unidos, por nocaut t\u00e9cnico en el s\u00e9ptimo round ante el filipino Donnie Nietes, que conserv\u00f3 de esta manera el cintur\u00f3n mosca de la Federaci\u00f3n Internacional de Boxeo (FIB). El combate, celebrado en [&hellip;]<\/p>\n","protected":false},"author":1,"featured_media":5839,"comment_status":"open","ping_status":"closed","sticky":false,"template":"","format":"standard","meta":{"footnotes":""},"categories":[1],"tags":[],"class_list":{"0":"post-5838","1":"post","2":"type-post","3":"status-publish","4":"format-standard","5":"has-post-thumbnail","7":"category-portada"},"yoast_head":"<!-- This site is optimized with the Yoast SEO plugin v27.5 - https:\/\/yoast.com\/product\/yoast-seo-wordpress\/ -->\n<title>Video: dura derrota de Reveco ante Nietes por KOT - El Diario de Tucuman<\/title>\n<meta name=\"robots\" content=\"index, follow, max-snippet:-1, max-image-preview:large, max-video-preview:-1\" \/>\n<link rel=\"canonical\" href=\"https:\/\/www.eldiariodetucuman.com\/web\/video-dura-derrota-de-reveco-ante-nietes-por-kot\/\" \/>\n<meta property=\"og:locale\" content=\"es_ES\" \/>\n<meta property=\"og:type\" content=\"article\" \/>\n<meta property=\"og:title\" content=\"Video: dura derrota de Reveco ante Nietes por KOT - El Diario de Tucuman\" \/>\n<meta property=\"og:description\" content=\"El mendocino Juan Carlos Reveco no pudo sumar el cuarto t\u00edtulo del mundo a su brillante carrera al perder anoche en California, Estados Unidos, por nocaut t\u00e9cnico en el s\u00e9ptimo round ante el filipino Donnie Nietes, que conserv\u00f3 de esta manera el cintur\u00f3n mosca de la Federaci\u00f3n Internacional de Boxeo (FIB). El combate, celebrado en [&hellip;]\" \/>\n<meta property=\"og:url\" content=\"https:\/\/www.eldiariodetucuman.com\/web\/video-dura-derrota-de-reveco-ante-nietes-por-kot\/\" \/>\n<meta property=\"og:site_name\" content=\"El Diario de Tucuman\" \/>\n<meta property=\"article:published_time\" content=\"2018-02-25T15:01:57+00:00\" \/>\n<meta property=\"article:modified_time\" content=\"2018-02-25T15:02:01+00:00\" \/>\n<meta property=\"og:image\" content=\"https:\/\/www.eldiariodetucuman.com\/web\/wp-content\/uploads\/2018\/02\/b44499f696018a2c9fb2862f29a3fc60.jpeg\" \/>\n\t<meta property=\"og:image:width\" content=\"1500\" \/>\n\t<meta property=\"og:image:height\" content=\"850\" \/>\n\t<meta property=\"og:image:type\" content=\"image\/jpeg\" \/>\n<meta name=\"author\" content=\"admin\" \/>\n<meta name=\"twitter:card\" content=\"summary_large_image\" \/>\n<meta name=\"twitter:label1\" content=\"Escrito por\" \/>\n\t<meta name=\"twitter:data1\" content=\"admin\" \/>\n\t<meta name=\"twitter:label2\" content=\"Tiempo de lectura\" \/>\n\t<meta name=\"twitter:data2\" content=\"2 minutos\" \/>\n<script type=\"application\/ld+json\" class=\"yoast-schema-graph\">{\"@context\":\"https:\\\/\\\/schema.org\",\"@graph\":[{\"@type\":\"Article\",\"@id\":\"https:\\\/\\\/www.eldiariodetucuman.com\\\/web\\\/video-dura-derrota-de-reveco-ante-nietes-por-kot\\\/#article\",\"isPartOf\":{\"@id\":\"https:\\\/\\\/www.eldiariodetucuman.com\\\/web\\\/video-dura-derrota-de-reveco-ante-nietes-por-kot\\\/\"},\"author\":{\"name\":\"admin\",\"@id\":\"https:\\\/\\\/www.eldiariodetucuman.com\\\/web\\\/#\\\/schema\\\/person\\\/9250197d75ab5483412e19678b121caa\"},\"headline\":\"Video: dura derrota de Reveco ante Nietes por KOT\",\"datePublished\":\"2018-02-25T15:01:57+00:00\",\"dateModified\":\"2018-02-25T15:02:01+00:00\",\"mainEntityOfPage\":{\"@id\":\"https:\\\/\\\/www.eldiariodetucuman.com\\\/web\\\/video-dura-derrota-de-reveco-ante-nietes-por-kot\\\/\"},\"wordCount\":350,\"commentCount\":0,\"publisher\":{\"@id\":\"https:\\\/\\\/www.eldiariodetucuman.com\\\/web\\\/#organization\"},\"image\":{\"@id\":\"https:\\\/\\\/www.eldiariodetucuman.com\\\/web\\\/video-dura-derrota-de-reveco-ante-nietes-por-kot\\\/#primaryimage\"},\"thumbnailUrl\":\"https:\\\/\\\/www.eldiariodetucuman.com\\\/web\\\/wp-content\\\/uploads\\\/2018\\\/02\\\/b44499f696018a2c9fb2862f29a3fc60.jpeg\",\"articleSection\":[\"Portada\"],\"inLanguage\":\"es\",\"potentialAction\":[{\"@type\":\"CommentAction\",\"name\":\"Comment\",\"target\":[\"https:\\\/\\\/www.eldiariodetucuman.com\\\/web\\\/video-dura-derrota-de-reveco-ante-nietes-por-kot\\\/#respond\"]}]},{\"@type\":\"WebPage\",\"@id\":\"https:\\\/\\\/www.eldiariodetucuman.com\\\/web\\\/video-dura-derrota-de-reveco-ante-nietes-por-kot\\\/\",\"url\":\"https:\\\/\\\/www.eldiariodetucuman.com\\\/web\\\/video-dura-derrota-de-reveco-ante-nietes-por-kot\\\/\",\"name\":\"Video: dura derrota de Reveco ante Nietes por KOT - El Diario de Tucuman\",\"isPartOf\":{\"@id\":\"https:\\\/\\\/www.eldiariodetucuman.com\\\/web\\\/#website\"},\"primaryImageOfPage\":{\"@id\":\"https:\\\/\\\/www.eldiariodetucuman.com\\\/web\\\/video-dura-derrota-de-reveco-ante-nietes-por-kot\\\/#primaryimage\"},\"image\":{\"@id\":\"https:\\\/\\\/www.eldiariodetucuman.com\\\/web\\\/video-dura-derrota-de-reveco-ante-nietes-por-kot\\\/#primaryimage\"},\"thumbnailUrl\":\"https:\\\/\\\/www.eldiariodetucuman.com\\\/web\\\/wp-content\\\/uploads\\\/2018\\\/02\\\/b44499f696018a2c9fb2862f29a3fc60.jpeg\",\"datePublished\":\"2018-02-25T15:01:57+00:00\",\"dateModified\":\"2018-02-25T15:02:01+00:00\",\"breadcrumb\":{\"@id\":\"https:\\\/\\\/www.eldiariodetucuman.com\\\/web\\\/video-dura-derrota-de-reveco-ante-nietes-por-kot\\\/#breadcrumb\"},\"inLanguage\":\"es\",\"potentialAction\":[{\"@type\":\"ReadAction\",\"target\":[\"https:\\\/\\\/www.eldiariodetucuman.com\\\/web\\\/video-dura-derrota-de-reveco-ante-nietes-por-kot\\\/\"]}]},{\"@type\":\"ImageObject\",\"inLanguage\":\"es\",\"@id\":\"https:\\\/\\\/www.eldiariodetucuman.com\\\/web\\\/video-dura-derrota-de-reveco-ante-nietes-por-kot\\\/#primaryimage\",\"url\":\"https:\\\/\\\/www.eldiariodetucuman.com\\\/web\\\/wp-content\\\/uploads\\\/2018\\\/02\\\/b44499f696018a2c9fb2862f29a3fc60.jpeg\",\"contentUrl\":\"https:\\\/\\\/www.eldiariodetucuman.com\\\/web\\\/wp-content\\\/uploads\\\/2018\\\/02\\\/b44499f696018a2c9fb2862f29a3fc60.jpeg\",\"width\":1500,\"height\":850},{\"@type\":\"BreadcrumbList\",\"@id\":\"https:\\\/\\\/www.eldiariodetucuman.com\\\/web\\\/video-dura-derrota-de-reveco-ante-nietes-por-kot\\\/#breadcrumb\",\"itemListElement\":[{\"@type\":\"ListItem\",\"position\":1,\"name\":\"Portada\",\"item\":\"https:\\\/\\\/www.eldiariodetucuman.com\\\/web\\\/\"},{\"@type\":\"ListItem\",\"position\":2,\"name\":\"Video: dura derrota de Reveco ante Nietes por KOT\"}]},{\"@type\":\"WebSite\",\"@id\":\"https:\\\/\\\/www.eldiariodetucuman.com\\\/web\\\/#website\",\"url\":\"https:\\\/\\\/www.eldiariodetucuman.com\\\/web\\\/\",\"name\":\"El Diario de Tucuman\",\"description\":\"Diario Tucuman - Informaci\u00f3n y noticias\",\"publisher\":{\"@id\":\"https:\\\/\\\/www.eldiariodetucuman.com\\\/web\\\/#organization\"},\"potentialAction\":[{\"@type\":\"SearchAction\",\"target\":{\"@type\":\"EntryPoint\",\"urlTemplate\":\"https:\\\/\\\/www.eldiariodetucuman.com\\\/web\\\/?s={search_term_string}\"},\"query-input\":{\"@type\":\"PropertyValueSpecification\",\"valueRequired\":true,\"valueName\":\"search_term_string\"}}],\"inLanguage\":\"es\"},{\"@type\":\"Organization\",\"@id\":\"https:\\\/\\\/www.eldiariodetucuman.com\\\/web\\\/#organization\",\"name\":\"El Diario de Tucuman\",\"url\":\"https:\\\/\\\/www.eldiariodetucuman.com\\\/web\\\/\",\"logo\":{\"@type\":\"ImageObject\",\"inLanguage\":\"es\",\"@id\":\"https:\\\/\\\/www.eldiariodetucuman.com\\\/web\\\/#\\\/schema\\\/logo\\\/image\\\/\",\"url\":\"http:\\\/\\\/www.eldiariodetucuman.com\\\/web\\\/wp-content\\\/uploads\\\/2017\\\/12\\\/el-diario-de-tucuman.jpg\",\"contentUrl\":\"http:\\\/\\\/www.eldiariodetucuman.com\\\/web\\\/wp-content\\\/uploads\\\/2017\\\/12\\\/el-diario-de-tucuman.jpg\",\"width\":272,\"height\":92,\"caption\":\"El Diario de Tucuman\"},\"image\":{\"@id\":\"https:\\\/\\\/www.eldiariodetucuman.com\\\/web\\\/#\\\/schema\\\/logo\\\/image\\\/\"}},{\"@type\":\"Person\",\"@id\":\"https:\\\/\\\/www.eldiariodetucuman.com\\\/web\\\/#\\\/schema\\\/person\\\/9250197d75ab5483412e19678b121caa\",\"name\":\"admin\",\"image\":{\"@type\":\"ImageObject\",\"inLanguage\":\"es\",\"@id\":\"https:\\\/\\\/secure.gravatar.com\\\/avatar\\\/c44d117c2be811212c22cb481f6b8384b6873de103fbc49e7a03cc58d7dea4ac?s=96&d=mm&r=g\",\"url\":\"https:\\\/\\\/secure.gravatar.com\\\/avatar\\\/c44d117c2be811212c22cb481f6b8384b6873de103fbc49e7a03cc58d7dea4ac?s=96&d=mm&r=g\",\"contentUrl\":\"https:\\\/\\\/secure.gravatar.com\\\/avatar\\\/c44d117c2be811212c22cb481f6b8384b6873de103fbc49e7a03cc58d7dea4ac?s=96&d=mm&r=g\",\"caption\":\"admin\"},\"url\":\"https:\\\/\\\/www.eldiariodetucuman.com\\\/web\\\/author\\\/admin\\\/\"}]}<\/script>\n<!-- \/ Yoast SEO plugin. -->","yoast_head_json":{"title":"Video: dura derrota de Reveco ante Nietes por KOT - El Diario de Tucuman","robots":{"index":"index","follow":"follow","max-snippet":"max-snippet:-1","max-image-preview":"max-image-preview:large","max-video-preview":"max-video-preview:-1"},"canonical":"https:\/\/www.eldiariodetucuman.com\/web\/video-dura-derrota-de-reveco-ante-nietes-por-kot\/","og_locale":"es_ES","og_type":"article","og_title":"Video: dura derrota de Reveco ante Nietes por KOT - El Diario de Tucuman","og_description":"El mendocino Juan Carlos Reveco no pudo sumar el cuarto t\u00edtulo del mundo a su brillante carrera al perder anoche en California, Estados Unidos, por nocaut t\u00e9cnico en el s\u00e9ptimo round ante el filipino Donnie Nietes, que conserv\u00f3 de esta manera el cintur\u00f3n mosca de la Federaci\u00f3n Internacional de Boxeo (FIB). El combate, celebrado en [&hellip;]","og_url":"https:\/\/www.eldiariodetucuman.com\/web\/video-dura-derrota-de-reveco-ante-nietes-por-kot\/","og_site_name":"El Diario de Tucuman","article_published_time":"2018-02-25T15:01:57+00:00","article_modified_time":"2018-02-25T15:02:01+00:00","og_image":[{"width":1500,"height":850,"url":"https:\/\/www.eldiariodetucuman.com\/web\/wp-content\/uploads\/2018\/02\/b44499f696018a2c9fb2862f29a3fc60.jpeg","type":"image\/jpeg"}],"author":"admin","twitter_card":"summary_large_image","twitter_misc":{"Escrito por":"admin","Tiempo de lectura":"2 minutos"},"schema":{"@context":"https:\/\/schema.org","@graph":[{"@type":"Article","@id":"https:\/\/www.eldiariodetucuman.com\/web\/video-dura-derrota-de-reveco-ante-nietes-por-kot\/#article","isPartOf":{"@id":"https:\/\/www.eldiariodetucuman.com\/web\/video-dura-derrota-de-reveco-ante-nietes-por-kot\/"},"author":{"name":"admin","@id":"https:\/\/www.eldiariodetucuman.com\/web\/#\/schema\/person\/9250197d75ab5483412e19678b121caa"},"headline":"Video: dura derrota de Reveco ante Nietes por KOT","datePublished":"2018-02-25T15:01:57+00:00","dateModified":"2018-02-25T15:02:01+00:00","mainEntityOfPage":{"@id":"https:\/\/www.eldiariodetucuman.com\/web\/video-dura-derrota-de-reveco-ante-nietes-por-kot\/"},"wordCount":350,"commentCount":0,"publisher":{"@id":"https:\/\/www.eldiariodetucuman.com\/web\/#organization"},"image":{"@id":"https:\/\/www.eldiariodetucuman.com\/web\/video-dura-derrota-de-reveco-ante-nietes-por-kot\/#primaryimage"},"thumbnailUrl":"https:\/\/www.eldiariodetucuman.com\/web\/wp-content\/uploads\/2018\/02\/b44499f696018a2c9fb2862f29a3fc60.jpeg","articleSection":["Portada"],"inLanguage":"es","potentialAction":[{"@type":"CommentAction","name":"Comment","target":["https:\/\/www.eldiariodetucuman.com\/web\/video-dura-derrota-de-reveco-ante-nietes-por-kot\/#respond"]}]},{"@type":"WebPage","@id":"https:\/\/www.eldiariodetucuman.com\/web\/video-dura-derrota-de-reveco-ante-nietes-por-kot\/","url":"https:\/\/www.eldiariodetucuman.com\/web\/video-dura-derrota-de-reveco-ante-nietes-por-kot\/","name":"Video: dura derrota de Reveco ante Nietes por KOT - El Diario de Tucuman","isPartOf":{"@id":"https:\/\/www.eldiariodetucuman.com\/web\/#website"},"primaryImageOfPage":{"@id":"https:\/\/www.eldiariodetucuman.com\/web\/video-dura-derrota-de-reveco-ante-nietes-por-kot\/#primaryimage"},"image":{"@id":"https:\/\/www.eldiariodetucuman.com\/web\/video-dura-derrota-de-reveco-ante-nietes-por-kot\/#primaryimage"},"thumbnailUrl":"https:\/\/www.eldiariodetucuman.com\/web\/wp-content\/uploads\/2018\/02\/b44499f696018a2c9fb2862f29a3fc60.jpeg","datePublished":"2018-02-25T15:01:57+00:00","dateModified":"2018-02-25T15:02:01+00:00","breadcrumb":{"@id":"https:\/\/www.eldiariodetucuman.com\/web\/video-dura-derrota-de-reveco-ante-nietes-por-kot\/#breadcrumb"},"inLanguage":"es","potentialAction":[{"@type":"ReadAction","target":["https:\/\/www.eldiariodetucuman.com\/web\/video-dura-derrota-de-reveco-ante-nietes-por-kot\/"]}]},{"@type":"ImageObject","inLanguage":"es","@id":"https:\/\/www.eldiariodetucuman.com\/web\/video-dura-derrota-de-reveco-ante-nietes-por-kot\/#primaryimage","url":"https:\/\/www.eldiariodetucuman.com\/web\/wp-content\/uploads\/2018\/02\/b44499f696018a2c9fb2862f29a3fc60.jpeg","contentUrl":"https:\/\/www.eldiariodetucuman.com\/web\/wp-content\/uploads\/2018\/02\/b44499f696018a2c9fb2862f29a3fc60.jpeg","width":1500,"height":850},{"@type":"BreadcrumbList","@id":"https:\/\/www.eldiariodetucuman.com\/web\/video-dura-derrota-de-reveco-ante-nietes-por-kot\/#breadcrumb","itemListElement":[{"@type":"ListItem","position":1,"name":"Portada","item":"https:\/\/www.eldiariodetucuman.com\/web\/"},{"@type":"ListItem","position":2,"name":"Video: dura derrota de Reveco ante Nietes por KOT"}]},{"@type":"WebSite","@id":"https:\/\/www.eldiariodetucuman.com\/web\/#website","url":"https:\/\/www.eldiariodetucuman.com\/web\/","name":"El Diario de Tucuman","description":"Diario Tucuman - Informaci\u00f3n y noticias","publisher":{"@id":"https:\/\/www.eldiariodetucuman.com\/web\/#organization"},"potentialAction":[{"@type":"SearchAction","target":{"@type":"EntryPoint","urlTemplate":"https:\/\/www.eldiariodetucuman.com\/web\/?s={search_term_string}"},"query-input":{"@type":"PropertyValueSpecification","valueRequired":true,"valueName":"search_term_string"}}],"inLanguage":"es"},{"@type":"Organization","@id":"https:\/\/www.eldiariodetucuman.com\/web\/#organization","name":"El Diario de Tucuman","url":"https:\/\/www.eldiariodetucuman.com\/web\/","logo":{"@type":"ImageObject","inLanguage":"es","@id":"https:\/\/www.eldiariodetucuman.com\/web\/#\/schema\/logo\/image\/","url":"http:\/\/www.eldiariodetucuman.com\/web\/wp-content\/uploads\/2017\/12\/el-diario-de-tucuman.jpg","contentUrl":"http:\/\/www.eldiariodetucuman.com\/web\/wp-content\/uploads\/2017\/12\/el-diario-de-tucuman.jpg","width":272,"height":92,"caption":"El Diario de Tucuman"},"image":{"@id":"https:\/\/www.eldiariodetucuman.com\/web\/#\/schema\/logo\/image\/"}},{"@type":"Person","@id":"https:\/\/www.eldiariodetucuman.com\/web\/#\/schema\/person\/9250197d75ab5483412e19678b121caa","name":"admin","image":{"@type":"ImageObject","inLanguage":"es","@id":"https:\/\/secure.gravatar.com\/avatar\/c44d117c2be811212c22cb481f6b8384b6873de103fbc49e7a03cc58d7dea4ac?s=96&d=mm&r=g","url":"https:\/\/secure.gravatar.com\/avatar\/c44d117c2be811212c22cb481f6b8384b6873de103fbc49e7a03cc58d7dea4ac?s=96&d=mm&r=g","contentUrl":"https:\/\/secure.gravatar.com\/avatar\/c44d117c2be811212c22cb481f6b8384b6873de103fbc49e7a03cc58d7dea4ac?s=96&d=mm&r=g","caption":"admin"},"url":"https:\/\/www.eldiariodetucuman.com\/web\/author\/admin\/"}]}},"_links":{"self":[{"href":"https:\/\/www.eldiariodetucuman.com\/web\/wp-json\/wp\/v2\/posts\/5838","targetHints":{"allow":["GET"]}}],"collection":[{"href":"https:\/\/www.eldiariodetucuman.com\/web\/wp-json\/wp\/v2\/posts"}],"about":[{"href":"https:\/\/www.eldiariodetucuman.com\/web\/wp-json\/wp\/v2\/types\/post"}],"author":[{"embeddable":true,"href":"https:\/\/www.eldiariodetucuman.com\/web\/wp-json\/wp\/v2\/users\/1"}],"replies":[{"embeddable":true,"href":"https:\/\/www.eldiariodetucuman.com\/web\/wp-json\/wp\/v2\/comments?post=5838"}],"version-history":[{"count":1,"href":"https:\/\/www.eldiariodetucuman.com\/web\/wp-json\/wp\/v2\/posts\/5838\/revisions"}],"predecessor-version":[{"id":5840,"href":"https:\/\/www.eldiariodetucuman.com\/web\/wp-json\/wp\/v2\/posts\/5838\/revisions\/5840"}],"wp:featuredmedia":[{"embeddable":true,"href":"https:\/\/www.eldiariodetucuman.com\/web\/wp-json\/wp\/v2\/media\/5839"}],"wp:attachment":[{"href":"https:\/\/www.eldiariodetucuman.com\/web\/wp-json\/wp\/v2\/media?parent=5838"}],"wp:term":[{"taxonomy":"category","embeddable":true,"href":"https:\/\/www.eldiariodetucuman.com\/web\/wp-json\/wp\/v2\/categories?post=5838"},{"taxonomy":"post_tag","embeddable":true,"href":"https:\/\/www.eldiariodetucuman.com\/web\/wp-json\/wp\/v2\/tags?post=5838"}],"curies":[{"name":"wp","href":"https:\/\/api.w.org\/{rel}","templated":true}]}}