{"id":5835,"date":"2018-02-25T11:42:56","date_gmt":"2018-02-25T14:42:56","guid":{"rendered":"http:\/\/www.eldiariodetucuman.com\/web\/la-nueva-cupula-del-ejercito\/"},"modified":"2018-02-25T11:42:58","modified_gmt":"2018-02-25T14:42:58","slug":"la-nueva-cupula-del-ejercito","status":"publish","type":"post","link":"https:\/\/www.eldiariodetucuman.com\/web\/la-nueva-cupula-del-ejercito\/","title":{"rendered":"La nueva c\u00fapula del Ej\u00e9rcito"},"content":{"rendered":"<div>\n<div readability=\"87.28877238969\">\n<p>El general <a href=\"https:\/\/www.elintransigente.com\/noticias\/buscar\/?buscar=pasqualini\"><strong>Claudio Ernesto Pasqualini<\/strong><\/a> asumi\u00f3 esta semana como nuevo jefe del Estado Mayor del Ej\u00e9rcito en un acto de posesi\u00f3n encabezado por el ministro de Defensa, <a href=\"https:\/\/www.elintransigente.com\/noticias\/buscar\/?buscar=Oscar+Aguad\"><strong>Oscar Aguad<\/strong><\/a>, quien llam\u00f3 a \u00abrenovar el entusiasmo para impulsar cambios en las Fuerzas Armadas\u00bb. Con la asunci\u00f3n de Pasqualini, numerosos generales pasaron a situaci\u00f3n de retiro por ser m\u00e1s antiguos y, en consecuencia,\u00a0<strong>la c\u00fapula del Ej\u00e9rcito comienza a reconstruirse<\/strong>.\u00a0<\/p>\n<p>A partir de informaci\u00f3n exclusiva obtenida por <strong>El Intransigente<\/strong>, se ha conocido la n\u00f3mina de los miembros de la instituci\u00f3n que ocupar\u00e1n los cargos que quedaron bacantes con la llegada del nuevo jefe del Ej\u00e9rcito. El listado lo encabeza<strong> el nuevo subjefe del Estado Mayor del Ej\u00e9rcito, general de brigada H\u00e9ctor Horacio Prechi<\/strong>.\u00a0<\/p>\n<p>Los flamantes comandante y jefe\u00a0de Adiestramiento y Alistamiento son\u00a0el general de brigada Aldo Daniel Sala y el coronel Carlos Mar\u00eda Michel; al comando de la Primera, Segunda y Tercera Divisi\u00f3n de la fuerza quedaron los generales de brigada Miguel Enrique Lugand, Alberto \u00a0Sigon y Daniel Eduardo Varela, respectivamente. Y en el Comando de Fuerza de Despliegue R\u00e1pido estar\u00e1 a cargo el general de brigada Javier Antonio P\u00e9rez Aquino.\u00a0<\/p>\n<aside class=\"htmlinline \"><ins class=\"adsbygoogle\" data-ad-format=\"fluid\" data-ad-layout=\"in-article\" data-ad-client=\"ca-pub-7781556717282971\" data-ad-slot=\"9383133609\"><\/ins><br \/>\n<\/aside>\n<p>Tambi\u00e9n se suman como comandantes a los comandos de Brigada Blindada I y\u00a0II, el coronel Norberto Pedro Z\u00e1rate y el general de brigada Osvaldo Jos\u00e9 Su\u00e1rez; en el Comando de Brigada de Monte III y XII se incorporan el coronel Santiago Patricio G\u00f3mez as\u00ed como el general de brigada Juan Antonio Zamora y en el Comando de Brigada Aerotransportada IV asume el general de brigada Guillermo Olegario Gonzalo Pereda. En los Comandos de Brigada de Monta\u00f1a V, VI y VIII se incorporan los coroneles Juan Manuel Pulleiro y Alberto Qui\u00f1ones as\u00ed como el general de brigada Gustavo Planes. Y los coroneles N\u00e9stor D&#8217;Ambra y Tom\u00e1s Moyano as\u00ed como el general de brigada Fernando Mauricio Ros liderar\u00e1n los Comandos de Brigada Mecanizada IX, X y\u00a0XI. \u00a0<\/p>\n<p>El general de brigada Juan Mart\u00edn Paleo asume como inspector general de la Inspector\u00eda General del Ej\u00e9rcito; el coronel Horacio Mart\u00edn Se\u00f1ori\u00f1o encabezar\u00e1 la\u00a0Secretar\u00eda General de la fuerza; en la Direcci\u00f3n General de Planes, Programa y Presupuestos asume el general de brigada Mart\u00edn Deimundo Escobal; en la de Administraci\u00f3n y Finanzas, coronel Gustavo Tejeda; en la de Asuntos Jur\u00eddicos, coronel Walter Faneco; en la de Organizaci\u00f3n y Doctrina, general de brigada Guillermo Tabernero; en la de Inteligencia, coronel Claudio Gabriel Gallardo; en la de Comunicaci\u00f3n e Inform\u00e1tica, general de brigada Gerardo Ferrara; en la de Investigaci\u00f3n y Desarrollo, coronel Alejandro Mar\u00eda Martelletti; en la de Intendencia, coronel Carlos Gonz\u00e1lez Sityar; en la de Personal y Bienestar, coronel Carlos Caneva; en la de Salud, general de brigada Pedro Abregu; en la de Educaci\u00f3n, general de brigada Carlos Podio;\u00a0en la de Material, general de brigada Norberto Gonz\u00e1lez Pastor; en la de Ingenieros e Infraestructura, coronel Alejandro Garc\u00e9s Luzuriaga; en la de Aviaci\u00f3n, general de brigada Juan Gettig y en la Direcci\u00f3n de Remonta y Veterinaria, coronel Diego L\u00f3pez Blanco. \u00a0<\/p>\n<p>Mientras tanto, el nuevo comandante de la Guarnici\u00f3n Militar Buenos Aires es el general de brigada Jos\u00e9 Saumell Robert; el jefe en el Regimiento de Infanter\u00eda 1 es el teniente coronel H\u00e9ctor Dar\u00edo Ochoa, el del Regimiento de Ganaderos a Caballo es el teniente coronel Jos\u00e9 Mar\u00eda Protti y el del Regimiento de Artiller\u00eda 1 es el coronel Sebasti\u00e1n Ignacio Ib\u00e1\u00f1ez. Por su parte, los coroneles Sergio Pucheta, An\u00edbal Mega y Hern\u00e1n Cornut asumen como directores de las direcciones de Arsenales, Transporte y Asuntos Hist\u00f3ricos del Ej\u00e9rcito, respectivamente.\u00a0<\/p>\n<p>En la Contadur\u00eda General del Ej\u00e9rcito el nuevo director es el coronel Gustavo Alcoba; la Agrupaci\u00f3n de Inteligencia \u00abCampo de Mayo\u00bb queda a cargo del coronel Hugo Martina; la Central de Inteligencia Militar ser\u00e1 responsabilidad del coronel Fabi\u00e1n Jes\u00fas Fernando Cuello; en la Comisi\u00f3n Evaluadora de Contrataciones el nuevo jefe se llama coronel Eduardo Dolder y en la Direcci\u00f3n de Educaci\u00f3n Operacional asume el coronel Hugo Gaillard.\u00a0<\/p>\n<p>Tambi\u00e9n hay recambios en la Escuela de las Armas, en la Escuela Superior de Guerra, en la Escuela Superior T\u00e9cnica, en el Colegio Militar de la Naci\u00f3n, en los liceos militares \u00abGeneral San Mart\u00edn\u00bb, \u00abGeneral Espejo\u00bb, \u00abGeneral Belgrano\u00bb, \u00abGeneral Paz\u00bb, \u00abGeneral Roca\u00bb, \u00abGeneral Gregorio Araoz de Lamadrid\u00bb as\u00ed como en el Hospital Militar Central y en el Hospital Militar \u00abCampo de Mayo\u00bb.\u00a0<\/p>\n<p>\n\u00a0<\/p>\n<\/div>\n<\/div>\n<p>Fuente: https:\/\/www.elintransigente.com\/politica\/2018\/2\/24\/la-nueva-cupula-del-ejercito-479940.html<\/p>\n","protected":false},"excerpt":{"rendered":"<p>El general Claudio Ernesto Pasqualini asumi\u00f3 esta semana como nuevo jefe del Estado Mayor del Ej\u00e9rcito en un acto de posesi\u00f3n encabezado por el ministro de Defensa, Oscar Aguad, quien llam\u00f3 a \u00abrenovar el entusiasmo para impulsar cambios en las Fuerzas Armadas\u00bb. Con la asunci\u00f3n de Pasqualini, numerosos generales pasaron a situaci\u00f3n de retiro por [&hellip;]<\/p>\n","protected":false},"author":1,"featured_media":5836,"comment_status":"open","ping_status":"closed","sticky":false,"template":"","format":"standard","meta":{"footnotes":""},"categories":[1],"tags":[],"class_list":{"0":"post-5835","1":"post","2":"type-post","3":"status-publish","4":"format-standard","5":"has-post-thumbnail","7":"category-portada"},"yoast_head":"<!-- This site is optimized with the Yoast SEO plugin v27.5 - https:\/\/yoast.com\/product\/yoast-seo-wordpress\/ -->\n<title>La nueva c\u00fapula del Ej\u00e9rcito - El Diario de Tucuman<\/title>\n<meta name=\"robots\" content=\"index, follow, max-snippet:-1, max-image-preview:large, max-video-preview:-1\" \/>\n<link rel=\"canonical\" href=\"https:\/\/www.eldiariodetucuman.com\/web\/la-nueva-cupula-del-ejercito\/\" \/>\n<meta property=\"og:locale\" content=\"es_ES\" \/>\n<meta property=\"og:type\" content=\"article\" \/>\n<meta property=\"og:title\" content=\"La nueva c\u00fapula del Ej\u00e9rcito - El Diario de Tucuman\" \/>\n<meta property=\"og:description\" content=\"El general Claudio Ernesto Pasqualini asumi\u00f3 esta semana como nuevo jefe del Estado Mayor del Ej\u00e9rcito en un acto de posesi\u00f3n encabezado por el ministro de Defensa, Oscar Aguad, quien llam\u00f3 a \u00abrenovar el entusiasmo para impulsar cambios en las Fuerzas Armadas\u00bb. Con la asunci\u00f3n de Pasqualini, numerosos generales pasaron a situaci\u00f3n de retiro por [&hellip;]\" \/>\n<meta property=\"og:url\" content=\"https:\/\/www.eldiariodetucuman.com\/web\/la-nueva-cupula-del-ejercito\/\" \/>\n<meta property=\"og:site_name\" content=\"El Diario de Tucuman\" \/>\n<meta property=\"article:published_time\" content=\"2018-02-25T14:42:56+00:00\" \/>\n<meta property=\"article:modified_time\" content=\"2018-02-25T14:42:58+00:00\" \/>\n<meta property=\"og:image\" content=\"https:\/\/www.eldiariodetucuman.com\/web\/wp-content\/uploads\/2018\/02\/a00a3c0ac9dbc6a4e1f3bac67c8add5f.jpeg\" \/>\n\t<meta property=\"og:image:width\" content=\"960\" \/>\n\t<meta property=\"og:image:height\" content=\"660\" \/>\n\t<meta property=\"og:image:type\" content=\"image\/jpeg\" \/>\n<meta name=\"author\" content=\"admin\" \/>\n<meta name=\"twitter:card\" content=\"summary_large_image\" \/>\n<meta name=\"twitter:label1\" content=\"Escrito por\" \/>\n\t<meta name=\"twitter:data1\" content=\"admin\" \/>\n\t<meta name=\"twitter:label2\" content=\"Tiempo de lectura\" \/>\n\t<meta name=\"twitter:data2\" content=\"4 minutos\" \/>\n<script type=\"application\/ld+json\" class=\"yoast-schema-graph\">{\"@context\":\"https:\\\/\\\/schema.org\",\"@graph\":[{\"@type\":\"Article\",\"@id\":\"https:\\\/\\\/www.eldiariodetucuman.com\\\/web\\\/la-nueva-cupula-del-ejercito\\\/#article\",\"isPartOf\":{\"@id\":\"https:\\\/\\\/www.eldiariodetucuman.com\\\/web\\\/la-nueva-cupula-del-ejercito\\\/\"},\"author\":{\"name\":\"admin\",\"@id\":\"https:\\\/\\\/www.eldiariodetucuman.com\\\/web\\\/#\\\/schema\\\/person\\\/9250197d75ab5483412e19678b121caa\"},\"headline\":\"La nueva c\u00fapula del Ej\u00e9rcito\",\"datePublished\":\"2018-02-25T14:42:56+00:00\",\"dateModified\":\"2018-02-25T14:42:58+00:00\",\"mainEntityOfPage\":{\"@id\":\"https:\\\/\\\/www.eldiariodetucuman.com\\\/web\\\/la-nueva-cupula-del-ejercito\\\/\"},\"wordCount\":800,\"commentCount\":0,\"publisher\":{\"@id\":\"https:\\\/\\\/www.eldiariodetucuman.com\\\/web\\\/#organization\"},\"image\":{\"@id\":\"https:\\\/\\\/www.eldiariodetucuman.com\\\/web\\\/la-nueva-cupula-del-ejercito\\\/#primaryimage\"},\"thumbnailUrl\":\"https:\\\/\\\/www.eldiariodetucuman.com\\\/web\\\/wp-content\\\/uploads\\\/2018\\\/02\\\/a00a3c0ac9dbc6a4e1f3bac67c8add5f.jpeg\",\"articleSection\":[\"Portada\"],\"inLanguage\":\"es\",\"potentialAction\":[{\"@type\":\"CommentAction\",\"name\":\"Comment\",\"target\":[\"https:\\\/\\\/www.eldiariodetucuman.com\\\/web\\\/la-nueva-cupula-del-ejercito\\\/#respond\"]}]},{\"@type\":\"WebPage\",\"@id\":\"https:\\\/\\\/www.eldiariodetucuman.com\\\/web\\\/la-nueva-cupula-del-ejercito\\\/\",\"url\":\"https:\\\/\\\/www.eldiariodetucuman.com\\\/web\\\/la-nueva-cupula-del-ejercito\\\/\",\"name\":\"La nueva c\u00fapula del Ej\u00e9rcito - El Diario de Tucuman\",\"isPartOf\":{\"@id\":\"https:\\\/\\\/www.eldiariodetucuman.com\\\/web\\\/#website\"},\"primaryImageOfPage\":{\"@id\":\"https:\\\/\\\/www.eldiariodetucuman.com\\\/web\\\/la-nueva-cupula-del-ejercito\\\/#primaryimage\"},\"image\":{\"@id\":\"https:\\\/\\\/www.eldiariodetucuman.com\\\/web\\\/la-nueva-cupula-del-ejercito\\\/#primaryimage\"},\"thumbnailUrl\":\"https:\\\/\\\/www.eldiariodetucuman.com\\\/web\\\/wp-content\\\/uploads\\\/2018\\\/02\\\/a00a3c0ac9dbc6a4e1f3bac67c8add5f.jpeg\",\"datePublished\":\"2018-02-25T14:42:56+00:00\",\"dateModified\":\"2018-02-25T14:42:58+00:00\",\"breadcrumb\":{\"@id\":\"https:\\\/\\\/www.eldiariodetucuman.com\\\/web\\\/la-nueva-cupula-del-ejercito\\\/#breadcrumb\"},\"inLanguage\":\"es\",\"potentialAction\":[{\"@type\":\"ReadAction\",\"target\":[\"https:\\\/\\\/www.eldiariodetucuman.com\\\/web\\\/la-nueva-cupula-del-ejercito\\\/\"]}]},{\"@type\":\"ImageObject\",\"inLanguage\":\"es\",\"@id\":\"https:\\\/\\\/www.eldiariodetucuman.com\\\/web\\\/la-nueva-cupula-del-ejercito\\\/#primaryimage\",\"url\":\"https:\\\/\\\/www.eldiariodetucuman.com\\\/web\\\/wp-content\\\/uploads\\\/2018\\\/02\\\/a00a3c0ac9dbc6a4e1f3bac67c8add5f.jpeg\",\"contentUrl\":\"https:\\\/\\\/www.eldiariodetucuman.com\\\/web\\\/wp-content\\\/uploads\\\/2018\\\/02\\\/a00a3c0ac9dbc6a4e1f3bac67c8add5f.jpeg\",\"width\":960,\"height\":660},{\"@type\":\"BreadcrumbList\",\"@id\":\"https:\\\/\\\/www.eldiariodetucuman.com\\\/web\\\/la-nueva-cupula-del-ejercito\\\/#breadcrumb\",\"itemListElement\":[{\"@type\":\"ListItem\",\"position\":1,\"name\":\"Portada\",\"item\":\"https:\\\/\\\/www.eldiariodetucuman.com\\\/web\\\/\"},{\"@type\":\"ListItem\",\"position\":2,\"name\":\"La nueva c\u00fapula del Ej\u00e9rcito\"}]},{\"@type\":\"WebSite\",\"@id\":\"https:\\\/\\\/www.eldiariodetucuman.com\\\/web\\\/#website\",\"url\":\"https:\\\/\\\/www.eldiariodetucuman.com\\\/web\\\/\",\"name\":\"El Diario de Tucuman\",\"description\":\"Diario Tucuman - Informaci\u00f3n y noticias\",\"publisher\":{\"@id\":\"https:\\\/\\\/www.eldiariodetucuman.com\\\/web\\\/#organization\"},\"potentialAction\":[{\"@type\":\"SearchAction\",\"target\":{\"@type\":\"EntryPoint\",\"urlTemplate\":\"https:\\\/\\\/www.eldiariodetucuman.com\\\/web\\\/?s={search_term_string}\"},\"query-input\":{\"@type\":\"PropertyValueSpecification\",\"valueRequired\":true,\"valueName\":\"search_term_string\"}}],\"inLanguage\":\"es\"},{\"@type\":\"Organization\",\"@id\":\"https:\\\/\\\/www.eldiariodetucuman.com\\\/web\\\/#organization\",\"name\":\"El Diario de Tucuman\",\"url\":\"https:\\\/\\\/www.eldiariodetucuman.com\\\/web\\\/\",\"logo\":{\"@type\":\"ImageObject\",\"inLanguage\":\"es\",\"@id\":\"https:\\\/\\\/www.eldiariodetucuman.com\\\/web\\\/#\\\/schema\\\/logo\\\/image\\\/\",\"url\":\"http:\\\/\\\/www.eldiariodetucuman.com\\\/web\\\/wp-content\\\/uploads\\\/2017\\\/12\\\/el-diario-de-tucuman.jpg\",\"contentUrl\":\"http:\\\/\\\/www.eldiariodetucuman.com\\\/web\\\/wp-content\\\/uploads\\\/2017\\\/12\\\/el-diario-de-tucuman.jpg\",\"width\":272,\"height\":92,\"caption\":\"El Diario de Tucuman\"},\"image\":{\"@id\":\"https:\\\/\\\/www.eldiariodetucuman.com\\\/web\\\/#\\\/schema\\\/logo\\\/image\\\/\"}},{\"@type\":\"Person\",\"@id\":\"https:\\\/\\\/www.eldiariodetucuman.com\\\/web\\\/#\\\/schema\\\/person\\\/9250197d75ab5483412e19678b121caa\",\"name\":\"admin\",\"image\":{\"@type\":\"ImageObject\",\"inLanguage\":\"es\",\"@id\":\"https:\\\/\\\/secure.gravatar.com\\\/avatar\\\/c44d117c2be811212c22cb481f6b8384b6873de103fbc49e7a03cc58d7dea4ac?s=96&d=mm&r=g\",\"url\":\"https:\\\/\\\/secure.gravatar.com\\\/avatar\\\/c44d117c2be811212c22cb481f6b8384b6873de103fbc49e7a03cc58d7dea4ac?s=96&d=mm&r=g\",\"contentUrl\":\"https:\\\/\\\/secure.gravatar.com\\\/avatar\\\/c44d117c2be811212c22cb481f6b8384b6873de103fbc49e7a03cc58d7dea4ac?s=96&d=mm&r=g\",\"caption\":\"admin\"},\"url\":\"https:\\\/\\\/www.eldiariodetucuman.com\\\/web\\\/author\\\/admin\\\/\"}]}<\/script>\n<!-- \/ Yoast SEO plugin. -->","yoast_head_json":{"title":"La nueva c\u00fapula del Ej\u00e9rcito - El Diario de Tucuman","robots":{"index":"index","follow":"follow","max-snippet":"max-snippet:-1","max-image-preview":"max-image-preview:large","max-video-preview":"max-video-preview:-1"},"canonical":"https:\/\/www.eldiariodetucuman.com\/web\/la-nueva-cupula-del-ejercito\/","og_locale":"es_ES","og_type":"article","og_title":"La nueva c\u00fapula del Ej\u00e9rcito - El Diario de Tucuman","og_description":"El general Claudio Ernesto Pasqualini asumi\u00f3 esta semana como nuevo jefe del Estado Mayor del Ej\u00e9rcito en un acto de posesi\u00f3n encabezado por el ministro de Defensa, Oscar Aguad, quien llam\u00f3 a \u00abrenovar el entusiasmo para impulsar cambios en las Fuerzas Armadas\u00bb. Con la asunci\u00f3n de Pasqualini, numerosos generales pasaron a situaci\u00f3n de retiro por [&hellip;]","og_url":"https:\/\/www.eldiariodetucuman.com\/web\/la-nueva-cupula-del-ejercito\/","og_site_name":"El Diario de Tucuman","article_published_time":"2018-02-25T14:42:56+00:00","article_modified_time":"2018-02-25T14:42:58+00:00","og_image":[{"width":960,"height":660,"url":"https:\/\/www.eldiariodetucuman.com\/web\/wp-content\/uploads\/2018\/02\/a00a3c0ac9dbc6a4e1f3bac67c8add5f.jpeg","type":"image\/jpeg"}],"author":"admin","twitter_card":"summary_large_image","twitter_misc":{"Escrito por":"admin","Tiempo de lectura":"4 minutos"},"schema":{"@context":"https:\/\/schema.org","@graph":[{"@type":"Article","@id":"https:\/\/www.eldiariodetucuman.com\/web\/la-nueva-cupula-del-ejercito\/#article","isPartOf":{"@id":"https:\/\/www.eldiariodetucuman.com\/web\/la-nueva-cupula-del-ejercito\/"},"author":{"name":"admin","@id":"https:\/\/www.eldiariodetucuman.com\/web\/#\/schema\/person\/9250197d75ab5483412e19678b121caa"},"headline":"La nueva c\u00fapula del Ej\u00e9rcito","datePublished":"2018-02-25T14:42:56+00:00","dateModified":"2018-02-25T14:42:58+00:00","mainEntityOfPage":{"@id":"https:\/\/www.eldiariodetucuman.com\/web\/la-nueva-cupula-del-ejercito\/"},"wordCount":800,"commentCount":0,"publisher":{"@id":"https:\/\/www.eldiariodetucuman.com\/web\/#organization"},"image":{"@id":"https:\/\/www.eldiariodetucuman.com\/web\/la-nueva-cupula-del-ejercito\/#primaryimage"},"thumbnailUrl":"https:\/\/www.eldiariodetucuman.com\/web\/wp-content\/uploads\/2018\/02\/a00a3c0ac9dbc6a4e1f3bac67c8add5f.jpeg","articleSection":["Portada"],"inLanguage":"es","potentialAction":[{"@type":"CommentAction","name":"Comment","target":["https:\/\/www.eldiariodetucuman.com\/web\/la-nueva-cupula-del-ejercito\/#respond"]}]},{"@type":"WebPage","@id":"https:\/\/www.eldiariodetucuman.com\/web\/la-nueva-cupula-del-ejercito\/","url":"https:\/\/www.eldiariodetucuman.com\/web\/la-nueva-cupula-del-ejercito\/","name":"La nueva c\u00fapula del Ej\u00e9rcito - El Diario de Tucuman","isPartOf":{"@id":"https:\/\/www.eldiariodetucuman.com\/web\/#website"},"primaryImageOfPage":{"@id":"https:\/\/www.eldiariodetucuman.com\/web\/la-nueva-cupula-del-ejercito\/#primaryimage"},"image":{"@id":"https:\/\/www.eldiariodetucuman.com\/web\/la-nueva-cupula-del-ejercito\/#primaryimage"},"thumbnailUrl":"https:\/\/www.eldiariodetucuman.com\/web\/wp-content\/uploads\/2018\/02\/a00a3c0ac9dbc6a4e1f3bac67c8add5f.jpeg","datePublished":"2018-02-25T14:42:56+00:00","dateModified":"2018-02-25T14:42:58+00:00","breadcrumb":{"@id":"https:\/\/www.eldiariodetucuman.com\/web\/la-nueva-cupula-del-ejercito\/#breadcrumb"},"inLanguage":"es","potentialAction":[{"@type":"ReadAction","target":["https:\/\/www.eldiariodetucuman.com\/web\/la-nueva-cupula-del-ejercito\/"]}]},{"@type":"ImageObject","inLanguage":"es","@id":"https:\/\/www.eldiariodetucuman.com\/web\/la-nueva-cupula-del-ejercito\/#primaryimage","url":"https:\/\/www.eldiariodetucuman.com\/web\/wp-content\/uploads\/2018\/02\/a00a3c0ac9dbc6a4e1f3bac67c8add5f.jpeg","contentUrl":"https:\/\/www.eldiariodetucuman.com\/web\/wp-content\/uploads\/2018\/02\/a00a3c0ac9dbc6a4e1f3bac67c8add5f.jpeg","width":960,"height":660},{"@type":"BreadcrumbList","@id":"https:\/\/www.eldiariodetucuman.com\/web\/la-nueva-cupula-del-ejercito\/#breadcrumb","itemListElement":[{"@type":"ListItem","position":1,"name":"Portada","item":"https:\/\/www.eldiariodetucuman.com\/web\/"},{"@type":"ListItem","position":2,"name":"La nueva c\u00fapula del Ej\u00e9rcito"}]},{"@type":"WebSite","@id":"https:\/\/www.eldiariodetucuman.com\/web\/#website","url":"https:\/\/www.eldiariodetucuman.com\/web\/","name":"El Diario de Tucuman","description":"Diario Tucuman - Informaci\u00f3n y noticias","publisher":{"@id":"https:\/\/www.eldiariodetucuman.com\/web\/#organization"},"potentialAction":[{"@type":"SearchAction","target":{"@type":"EntryPoint","urlTemplate":"https:\/\/www.eldiariodetucuman.com\/web\/?s={search_term_string}"},"query-input":{"@type":"PropertyValueSpecification","valueRequired":true,"valueName":"search_term_string"}}],"inLanguage":"es"},{"@type":"Organization","@id":"https:\/\/www.eldiariodetucuman.com\/web\/#organization","name":"El Diario de Tucuman","url":"https:\/\/www.eldiariodetucuman.com\/web\/","logo":{"@type":"ImageObject","inLanguage":"es","@id":"https:\/\/www.eldiariodetucuman.com\/web\/#\/schema\/logo\/image\/","url":"http:\/\/www.eldiariodetucuman.com\/web\/wp-content\/uploads\/2017\/12\/el-diario-de-tucuman.jpg","contentUrl":"http:\/\/www.eldiariodetucuman.com\/web\/wp-content\/uploads\/2017\/12\/el-diario-de-tucuman.jpg","width":272,"height":92,"caption":"El Diario de Tucuman"},"image":{"@id":"https:\/\/www.eldiariodetucuman.com\/web\/#\/schema\/logo\/image\/"}},{"@type":"Person","@id":"https:\/\/www.eldiariodetucuman.com\/web\/#\/schema\/person\/9250197d75ab5483412e19678b121caa","name":"admin","image":{"@type":"ImageObject","inLanguage":"es","@id":"https:\/\/secure.gravatar.com\/avatar\/c44d117c2be811212c22cb481f6b8384b6873de103fbc49e7a03cc58d7dea4ac?s=96&d=mm&r=g","url":"https:\/\/secure.gravatar.com\/avatar\/c44d117c2be811212c22cb481f6b8384b6873de103fbc49e7a03cc58d7dea4ac?s=96&d=mm&r=g","contentUrl":"https:\/\/secure.gravatar.com\/avatar\/c44d117c2be811212c22cb481f6b8384b6873de103fbc49e7a03cc58d7dea4ac?s=96&d=mm&r=g","caption":"admin"},"url":"https:\/\/www.eldiariodetucuman.com\/web\/author\/admin\/"}]}},"_links":{"self":[{"href":"https:\/\/www.eldiariodetucuman.com\/web\/wp-json\/wp\/v2\/posts\/5835","targetHints":{"allow":["GET"]}}],"collection":[{"href":"https:\/\/www.eldiariodetucuman.com\/web\/wp-json\/wp\/v2\/posts"}],"about":[{"href":"https:\/\/www.eldiariodetucuman.com\/web\/wp-json\/wp\/v2\/types\/post"}],"author":[{"embeddable":true,"href":"https:\/\/www.eldiariodetucuman.com\/web\/wp-json\/wp\/v2\/users\/1"}],"replies":[{"embeddable":true,"href":"https:\/\/www.eldiariodetucuman.com\/web\/wp-json\/wp\/v2\/comments?post=5835"}],"version-history":[{"count":1,"href":"https:\/\/www.eldiariodetucuman.com\/web\/wp-json\/wp\/v2\/posts\/5835\/revisions"}],"predecessor-version":[{"id":5837,"href":"https:\/\/www.eldiariodetucuman.com\/web\/wp-json\/wp\/v2\/posts\/5835\/revisions\/5837"}],"wp:featuredmedia":[{"embeddable":true,"href":"https:\/\/www.eldiariodetucuman.com\/web\/wp-json\/wp\/v2\/media\/5836"}],"wp:attachment":[{"href":"https:\/\/www.eldiariodetucuman.com\/web\/wp-json\/wp\/v2\/media?parent=5835"}],"wp:term":[{"taxonomy":"category","embeddable":true,"href":"https:\/\/www.eldiariodetucuman.com\/web\/wp-json\/wp\/v2\/categories?post=5835"},{"taxonomy":"post_tag","embeddable":true,"href":"https:\/\/www.eldiariodetucuman.com\/web\/wp-json\/wp\/v2\/tags?post=5835"}],"curies":[{"name":"wp","href":"https:\/\/api.w.org\/{rel}","templated":true}]}}