{"id":5829,"date":"2018-02-25T11:42:41","date_gmt":"2018-02-25T14:42:41","guid":{"rendered":"http:\/\/www.eldiariodetucuman.com\/web\/marcos-pena-dijo-estar-en-contra-pero-pidio-debatir-con-madurez\/"},"modified":"2018-02-25T11:42:42","modified_gmt":"2018-02-25T14:42:42","slug":"marcos-pena-dijo-estar-en-contra-pero-pidio-debatir-con-madurez","status":"publish","type":"post","link":"https:\/\/www.eldiariodetucuman.com\/web\/marcos-pena-dijo-estar-en-contra-pero-pidio-debatir-con-madurez\/","title":{"rendered":"Marcos Pe\u00f1a dijo estar en contra pero pidi\u00f3 debatir con \u201cmadurez\u201d"},"content":{"rendered":"<div>\n<div readability=\"37.092241905925\">\n<p>El <strong><a href=\"https:\/\/www.elintransigente.com\/politica\/2018\/2\/22\/pena-analizo-la-agenda-legislativa-con-los-bloques-de-cambiemos-479678.html\">Jefe de Gabinete de la Naci\u00f3n<\/a><\/strong> se expres\u00f3 contra la <a href=\"https:\/\/www.elintransigente.com\/politica\/2018\/2\/23\/la-iglesia-pide-respeto-pero-se-abre-la-discusion-del-aborto-479879.html\"><strong>despenalizaci\u00f3n de la interrupci\u00f3n voluntaria del embarazo<\/strong><\/a>: \u201cNo estoy a favor de despenalizar el aborto pero, al estar en un cargo p\u00fablico, uno tiene la obligaci\u00f3n de mirar la problem\u00e1tica en general, que es muy compleja\u201d. Marcos Pe\u00f1a manifest\u00f3 que el problema \u201ctiene muchos grises y <strong><a href=\"https:\/\/www.elintransigente.com\/politica\/2018\/2\/23\/apuran-al-gobierno-para-que-el-proyecto-del-aborto-se-trate-el-de-marzo-479787.html\">debemos debatirlo con madurez<\/a><\/strong>\u201d, m\u00e1s all\u00e1 de la postura personal que cada uno tenga, pues se ponen en juego muchas \u00abcreencias\u00bb.<\/p>\n<p>Por otra parte, el funcionario se refiri\u00f3 a la pol\u00edtica de salud sexual que lleva adelante el Gobierno. Y explic\u00f3 que\u00a0 se est\u00e1 llevando a cabo una campa\u00f1a de salud sexual organizada en conjunto por los ministerios de Educaci\u00f3n, Desarrollo Social y Salud, orientada a prevenir el embarazo adolescente. Afirm\u00f3 que sobre este tema, desde el Gobierno, est\u00e1n\u00a0 \u201ctrabajando para tener un abordaje fuerte\u201d.<\/p>\n<p><strong>Redes sociales<\/strong><\/p>\n<aside class=\"htmlinline \"><ins class=\"adsbygoogle\" data-ad-format=\"fluid\" data-ad-layout=\"in-article\" data-ad-client=\"ca-pub-7781556717282971\" data-ad-slot=\"9383133609\"><\/ins><br \/>\n<\/aside>\n<p>Por otra parte, Marcos Pe\u00f1a se refiri\u00f3 al uso de trolls en redes sociales al aseverar que \u201ces un mito\u201d y dijo que \u201cno es coherente que si hacemos todo\u201d en funci\u00f3n de la \u201clibertad de expresi\u00f3n\u201d y de hacer que \u201clos medios p\u00fablicos sean plurales, de no atacar, de hacer conferencias de prensa, de estar m\u00e1s en un discurso de construcci\u00f3n y de v\u00ednculo, cu\u00e1l ser\u00eda el sentido de hacer algo (el uso de trolls) que en cinco minuto se sabr\u00eda\u201d.<\/p>\n<p>En seguida se corrigi\u00f3 al afirmar que pueden existir ese tipo de conductas en las redes, \u00abpero no promovidas por nosotros\u00bb. El Jefe de Gabinete de Ministros manifest\u00f3 que se vuelca mucha agresividad en la red social Twitter y \u00abte cambia el foco\u00bb sobre un tema.<\/p>\n<\/div>\n<\/div>\n<p>Fuente: https:\/\/www.elintransigente.com\/politica\/2018\/2\/25\/marcos-pena-dijo-estar-en-contra-pero-pidio-debatir-con-madurez-479958.html<\/p>\n","protected":false},"excerpt":{"rendered":"<p>El Jefe de Gabinete de la Naci\u00f3n se expres\u00f3 contra la despenalizaci\u00f3n de la interrupci\u00f3n voluntaria del embarazo: \u201cNo estoy a favor de despenalizar el aborto pero, al estar en un cargo p\u00fablico, uno tiene la obligaci\u00f3n de mirar la problem\u00e1tica en general, que es muy compleja\u201d. Marcos Pe\u00f1a manifest\u00f3 que el problema \u201ctiene muchos [&hellip;]<\/p>\n","protected":false},"author":1,"featured_media":5830,"comment_status":"open","ping_status":"closed","sticky":false,"template":"","format":"standard","meta":{"footnotes":""},"categories":[1],"tags":[],"class_list":{"0":"post-5829","1":"post","2":"type-post","3":"status-publish","4":"format-standard","5":"has-post-thumbnail","7":"category-portada"},"yoast_head":"<!-- This site is optimized with the Yoast SEO plugin v27.5 - https:\/\/yoast.com\/product\/yoast-seo-wordpress\/ -->\n<title>Marcos Pe\u00f1a dijo estar en contra pero pidi\u00f3 debatir con \u201cmadurez\u201d - El Diario de Tucuman<\/title>\n<meta name=\"robots\" content=\"index, follow, max-snippet:-1, max-image-preview:large, max-video-preview:-1\" \/>\n<link rel=\"canonical\" href=\"https:\/\/www.eldiariodetucuman.com\/web\/marcos-pena-dijo-estar-en-contra-pero-pidio-debatir-con-madurez\/\" \/>\n<meta property=\"og:locale\" content=\"es_ES\" \/>\n<meta property=\"og:type\" content=\"article\" \/>\n<meta property=\"og:title\" content=\"Marcos Pe\u00f1a dijo estar en contra pero pidi\u00f3 debatir con \u201cmadurez\u201d - El Diario de Tucuman\" \/>\n<meta property=\"og:description\" content=\"El Jefe de Gabinete de la Naci\u00f3n se expres\u00f3 contra la despenalizaci\u00f3n de la interrupci\u00f3n voluntaria del embarazo: \u201cNo estoy a favor de despenalizar el aborto pero, al estar en un cargo p\u00fablico, uno tiene la obligaci\u00f3n de mirar la problem\u00e1tica en general, que es muy compleja\u201d. Marcos Pe\u00f1a manifest\u00f3 que el problema \u201ctiene muchos [&hellip;]\" \/>\n<meta property=\"og:url\" content=\"https:\/\/www.eldiariodetucuman.com\/web\/marcos-pena-dijo-estar-en-contra-pero-pidio-debatir-con-madurez\/\" \/>\n<meta property=\"og:site_name\" content=\"El Diario de Tucuman\" \/>\n<meta property=\"article:published_time\" content=\"2018-02-25T14:42:41+00:00\" \/>\n<meta property=\"article:modified_time\" content=\"2018-02-25T14:42:42+00:00\" \/>\n<meta property=\"og:image\" content=\"https:\/\/www.eldiariodetucuman.com\/web\/wp-content\/uploads\/2018\/02\/ab3dd6b1fcf0c53855fc2a56446a42bf.jpeg\" \/>\n\t<meta property=\"og:image:width\" content=\"960\" \/>\n\t<meta property=\"og:image:height\" content=\"586\" \/>\n\t<meta property=\"og:image:type\" content=\"image\/jpeg\" \/>\n<meta name=\"author\" content=\"admin\" \/>\n<meta name=\"twitter:card\" content=\"summary_large_image\" \/>\n<meta name=\"twitter:label1\" content=\"Escrito por\" \/>\n\t<meta name=\"twitter:data1\" content=\"admin\" \/>\n\t<meta name=\"twitter:label2\" content=\"Tiempo de lectura\" \/>\n\t<meta name=\"twitter:data2\" content=\"2 minutos\" \/>\n<script type=\"application\/ld+json\" class=\"yoast-schema-graph\">{\"@context\":\"https:\\\/\\\/schema.org\",\"@graph\":[{\"@type\":\"Article\",\"@id\":\"https:\\\/\\\/www.eldiariodetucuman.com\\\/web\\\/marcos-pena-dijo-estar-en-contra-pero-pidio-debatir-con-madurez\\\/#article\",\"isPartOf\":{\"@id\":\"https:\\\/\\\/www.eldiariodetucuman.com\\\/web\\\/marcos-pena-dijo-estar-en-contra-pero-pidio-debatir-con-madurez\\\/\"},\"author\":{\"name\":\"admin\",\"@id\":\"https:\\\/\\\/www.eldiariodetucuman.com\\\/web\\\/#\\\/schema\\\/person\\\/9250197d75ab5483412e19678b121caa\"},\"headline\":\"Marcos Pe\u00f1a dijo estar en contra pero pidi\u00f3 debatir con \u201cmadurez\u201d\",\"datePublished\":\"2018-02-25T14:42:41+00:00\",\"dateModified\":\"2018-02-25T14:42:42+00:00\",\"mainEntityOfPage\":{\"@id\":\"https:\\\/\\\/www.eldiariodetucuman.com\\\/web\\\/marcos-pena-dijo-estar-en-contra-pero-pidio-debatir-con-madurez\\\/\"},\"wordCount\":314,\"commentCount\":0,\"publisher\":{\"@id\":\"https:\\\/\\\/www.eldiariodetucuman.com\\\/web\\\/#organization\"},\"image\":{\"@id\":\"https:\\\/\\\/www.eldiariodetucuman.com\\\/web\\\/marcos-pena-dijo-estar-en-contra-pero-pidio-debatir-con-madurez\\\/#primaryimage\"},\"thumbnailUrl\":\"https:\\\/\\\/www.eldiariodetucuman.com\\\/web\\\/wp-content\\\/uploads\\\/2018\\\/02\\\/ab3dd6b1fcf0c53855fc2a56446a42bf.jpeg\",\"articleSection\":[\"Portada\"],\"inLanguage\":\"es\",\"potentialAction\":[{\"@type\":\"CommentAction\",\"name\":\"Comment\",\"target\":[\"https:\\\/\\\/www.eldiariodetucuman.com\\\/web\\\/marcos-pena-dijo-estar-en-contra-pero-pidio-debatir-con-madurez\\\/#respond\"]}]},{\"@type\":\"WebPage\",\"@id\":\"https:\\\/\\\/www.eldiariodetucuman.com\\\/web\\\/marcos-pena-dijo-estar-en-contra-pero-pidio-debatir-con-madurez\\\/\",\"url\":\"https:\\\/\\\/www.eldiariodetucuman.com\\\/web\\\/marcos-pena-dijo-estar-en-contra-pero-pidio-debatir-con-madurez\\\/\",\"name\":\"Marcos Pe\u00f1a dijo estar en contra pero pidi\u00f3 debatir con \u201cmadurez\u201d - El Diario de Tucuman\",\"isPartOf\":{\"@id\":\"https:\\\/\\\/www.eldiariodetucuman.com\\\/web\\\/#website\"},\"primaryImageOfPage\":{\"@id\":\"https:\\\/\\\/www.eldiariodetucuman.com\\\/web\\\/marcos-pena-dijo-estar-en-contra-pero-pidio-debatir-con-madurez\\\/#primaryimage\"},\"image\":{\"@id\":\"https:\\\/\\\/www.eldiariodetucuman.com\\\/web\\\/marcos-pena-dijo-estar-en-contra-pero-pidio-debatir-con-madurez\\\/#primaryimage\"},\"thumbnailUrl\":\"https:\\\/\\\/www.eldiariodetucuman.com\\\/web\\\/wp-content\\\/uploads\\\/2018\\\/02\\\/ab3dd6b1fcf0c53855fc2a56446a42bf.jpeg\",\"datePublished\":\"2018-02-25T14:42:41+00:00\",\"dateModified\":\"2018-02-25T14:42:42+00:00\",\"breadcrumb\":{\"@id\":\"https:\\\/\\\/www.eldiariodetucuman.com\\\/web\\\/marcos-pena-dijo-estar-en-contra-pero-pidio-debatir-con-madurez\\\/#breadcrumb\"},\"inLanguage\":\"es\",\"potentialAction\":[{\"@type\":\"ReadAction\",\"target\":[\"https:\\\/\\\/www.eldiariodetucuman.com\\\/web\\\/marcos-pena-dijo-estar-en-contra-pero-pidio-debatir-con-madurez\\\/\"]}]},{\"@type\":\"ImageObject\",\"inLanguage\":\"es\",\"@id\":\"https:\\\/\\\/www.eldiariodetucuman.com\\\/web\\\/marcos-pena-dijo-estar-en-contra-pero-pidio-debatir-con-madurez\\\/#primaryimage\",\"url\":\"https:\\\/\\\/www.eldiariodetucuman.com\\\/web\\\/wp-content\\\/uploads\\\/2018\\\/02\\\/ab3dd6b1fcf0c53855fc2a56446a42bf.jpeg\",\"contentUrl\":\"https:\\\/\\\/www.eldiariodetucuman.com\\\/web\\\/wp-content\\\/uploads\\\/2018\\\/02\\\/ab3dd6b1fcf0c53855fc2a56446a42bf.jpeg\",\"width\":960,\"height\":586},{\"@type\":\"BreadcrumbList\",\"@id\":\"https:\\\/\\\/www.eldiariodetucuman.com\\\/web\\\/marcos-pena-dijo-estar-en-contra-pero-pidio-debatir-con-madurez\\\/#breadcrumb\",\"itemListElement\":[{\"@type\":\"ListItem\",\"position\":1,\"name\":\"Portada\",\"item\":\"https:\\\/\\\/www.eldiariodetucuman.com\\\/web\\\/\"},{\"@type\":\"ListItem\",\"position\":2,\"name\":\"Marcos Pe\u00f1a dijo estar en contra pero pidi\u00f3 debatir con \u201cmadurez\u201d\"}]},{\"@type\":\"WebSite\",\"@id\":\"https:\\\/\\\/www.eldiariodetucuman.com\\\/web\\\/#website\",\"url\":\"https:\\\/\\\/www.eldiariodetucuman.com\\\/web\\\/\",\"name\":\"El Diario de Tucuman\",\"description\":\"Diario Tucuman - Informaci\u00f3n y noticias\",\"publisher\":{\"@id\":\"https:\\\/\\\/www.eldiariodetucuman.com\\\/web\\\/#organization\"},\"potentialAction\":[{\"@type\":\"SearchAction\",\"target\":{\"@type\":\"EntryPoint\",\"urlTemplate\":\"https:\\\/\\\/www.eldiariodetucuman.com\\\/web\\\/?s={search_term_string}\"},\"query-input\":{\"@type\":\"PropertyValueSpecification\",\"valueRequired\":true,\"valueName\":\"search_term_string\"}}],\"inLanguage\":\"es\"},{\"@type\":\"Organization\",\"@id\":\"https:\\\/\\\/www.eldiariodetucuman.com\\\/web\\\/#organization\",\"name\":\"El Diario de Tucuman\",\"url\":\"https:\\\/\\\/www.eldiariodetucuman.com\\\/web\\\/\",\"logo\":{\"@type\":\"ImageObject\",\"inLanguage\":\"es\",\"@id\":\"https:\\\/\\\/www.eldiariodetucuman.com\\\/web\\\/#\\\/schema\\\/logo\\\/image\\\/\",\"url\":\"http:\\\/\\\/www.eldiariodetucuman.com\\\/web\\\/wp-content\\\/uploads\\\/2017\\\/12\\\/el-diario-de-tucuman.jpg\",\"contentUrl\":\"http:\\\/\\\/www.eldiariodetucuman.com\\\/web\\\/wp-content\\\/uploads\\\/2017\\\/12\\\/el-diario-de-tucuman.jpg\",\"width\":272,\"height\":92,\"caption\":\"El Diario de Tucuman\"},\"image\":{\"@id\":\"https:\\\/\\\/www.eldiariodetucuman.com\\\/web\\\/#\\\/schema\\\/logo\\\/image\\\/\"}},{\"@type\":\"Person\",\"@id\":\"https:\\\/\\\/www.eldiariodetucuman.com\\\/web\\\/#\\\/schema\\\/person\\\/9250197d75ab5483412e19678b121caa\",\"name\":\"admin\",\"image\":{\"@type\":\"ImageObject\",\"inLanguage\":\"es\",\"@id\":\"https:\\\/\\\/secure.gravatar.com\\\/avatar\\\/c44d117c2be811212c22cb481f6b8384b6873de103fbc49e7a03cc58d7dea4ac?s=96&d=mm&r=g\",\"url\":\"https:\\\/\\\/secure.gravatar.com\\\/avatar\\\/c44d117c2be811212c22cb481f6b8384b6873de103fbc49e7a03cc58d7dea4ac?s=96&d=mm&r=g\",\"contentUrl\":\"https:\\\/\\\/secure.gravatar.com\\\/avatar\\\/c44d117c2be811212c22cb481f6b8384b6873de103fbc49e7a03cc58d7dea4ac?s=96&d=mm&r=g\",\"caption\":\"admin\"},\"url\":\"https:\\\/\\\/www.eldiariodetucuman.com\\\/web\\\/author\\\/admin\\\/\"}]}<\/script>\n<!-- \/ Yoast SEO plugin. -->","yoast_head_json":{"title":"Marcos Pe\u00f1a dijo estar en contra pero pidi\u00f3 debatir con \u201cmadurez\u201d - El Diario de Tucuman","robots":{"index":"index","follow":"follow","max-snippet":"max-snippet:-1","max-image-preview":"max-image-preview:large","max-video-preview":"max-video-preview:-1"},"canonical":"https:\/\/www.eldiariodetucuman.com\/web\/marcos-pena-dijo-estar-en-contra-pero-pidio-debatir-con-madurez\/","og_locale":"es_ES","og_type":"article","og_title":"Marcos Pe\u00f1a dijo estar en contra pero pidi\u00f3 debatir con \u201cmadurez\u201d - El Diario de Tucuman","og_description":"El Jefe de Gabinete de la Naci\u00f3n se expres\u00f3 contra la despenalizaci\u00f3n de la interrupci\u00f3n voluntaria del embarazo: \u201cNo estoy a favor de despenalizar el aborto pero, al estar en un cargo p\u00fablico, uno tiene la obligaci\u00f3n de mirar la problem\u00e1tica en general, que es muy compleja\u201d. Marcos Pe\u00f1a manifest\u00f3 que el problema \u201ctiene muchos [&hellip;]","og_url":"https:\/\/www.eldiariodetucuman.com\/web\/marcos-pena-dijo-estar-en-contra-pero-pidio-debatir-con-madurez\/","og_site_name":"El Diario de Tucuman","article_published_time":"2018-02-25T14:42:41+00:00","article_modified_time":"2018-02-25T14:42:42+00:00","og_image":[{"width":960,"height":586,"url":"https:\/\/www.eldiariodetucuman.com\/web\/wp-content\/uploads\/2018\/02\/ab3dd6b1fcf0c53855fc2a56446a42bf.jpeg","type":"image\/jpeg"}],"author":"admin","twitter_card":"summary_large_image","twitter_misc":{"Escrito por":"admin","Tiempo de lectura":"2 minutos"},"schema":{"@context":"https:\/\/schema.org","@graph":[{"@type":"Article","@id":"https:\/\/www.eldiariodetucuman.com\/web\/marcos-pena-dijo-estar-en-contra-pero-pidio-debatir-con-madurez\/#article","isPartOf":{"@id":"https:\/\/www.eldiariodetucuman.com\/web\/marcos-pena-dijo-estar-en-contra-pero-pidio-debatir-con-madurez\/"},"author":{"name":"admin","@id":"https:\/\/www.eldiariodetucuman.com\/web\/#\/schema\/person\/9250197d75ab5483412e19678b121caa"},"headline":"Marcos Pe\u00f1a dijo estar en contra pero pidi\u00f3 debatir con \u201cmadurez\u201d","datePublished":"2018-02-25T14:42:41+00:00","dateModified":"2018-02-25T14:42:42+00:00","mainEntityOfPage":{"@id":"https:\/\/www.eldiariodetucuman.com\/web\/marcos-pena-dijo-estar-en-contra-pero-pidio-debatir-con-madurez\/"},"wordCount":314,"commentCount":0,"publisher":{"@id":"https:\/\/www.eldiariodetucuman.com\/web\/#organization"},"image":{"@id":"https:\/\/www.eldiariodetucuman.com\/web\/marcos-pena-dijo-estar-en-contra-pero-pidio-debatir-con-madurez\/#primaryimage"},"thumbnailUrl":"https:\/\/www.eldiariodetucuman.com\/web\/wp-content\/uploads\/2018\/02\/ab3dd6b1fcf0c53855fc2a56446a42bf.jpeg","articleSection":["Portada"],"inLanguage":"es","potentialAction":[{"@type":"CommentAction","name":"Comment","target":["https:\/\/www.eldiariodetucuman.com\/web\/marcos-pena-dijo-estar-en-contra-pero-pidio-debatir-con-madurez\/#respond"]}]},{"@type":"WebPage","@id":"https:\/\/www.eldiariodetucuman.com\/web\/marcos-pena-dijo-estar-en-contra-pero-pidio-debatir-con-madurez\/","url":"https:\/\/www.eldiariodetucuman.com\/web\/marcos-pena-dijo-estar-en-contra-pero-pidio-debatir-con-madurez\/","name":"Marcos Pe\u00f1a dijo estar en contra pero pidi\u00f3 debatir con \u201cmadurez\u201d - El Diario de Tucuman","isPartOf":{"@id":"https:\/\/www.eldiariodetucuman.com\/web\/#website"},"primaryImageOfPage":{"@id":"https:\/\/www.eldiariodetucuman.com\/web\/marcos-pena-dijo-estar-en-contra-pero-pidio-debatir-con-madurez\/#primaryimage"},"image":{"@id":"https:\/\/www.eldiariodetucuman.com\/web\/marcos-pena-dijo-estar-en-contra-pero-pidio-debatir-con-madurez\/#primaryimage"},"thumbnailUrl":"https:\/\/www.eldiariodetucuman.com\/web\/wp-content\/uploads\/2018\/02\/ab3dd6b1fcf0c53855fc2a56446a42bf.jpeg","datePublished":"2018-02-25T14:42:41+00:00","dateModified":"2018-02-25T14:42:42+00:00","breadcrumb":{"@id":"https:\/\/www.eldiariodetucuman.com\/web\/marcos-pena-dijo-estar-en-contra-pero-pidio-debatir-con-madurez\/#breadcrumb"},"inLanguage":"es","potentialAction":[{"@type":"ReadAction","target":["https:\/\/www.eldiariodetucuman.com\/web\/marcos-pena-dijo-estar-en-contra-pero-pidio-debatir-con-madurez\/"]}]},{"@type":"ImageObject","inLanguage":"es","@id":"https:\/\/www.eldiariodetucuman.com\/web\/marcos-pena-dijo-estar-en-contra-pero-pidio-debatir-con-madurez\/#primaryimage","url":"https:\/\/www.eldiariodetucuman.com\/web\/wp-content\/uploads\/2018\/02\/ab3dd6b1fcf0c53855fc2a56446a42bf.jpeg","contentUrl":"https:\/\/www.eldiariodetucuman.com\/web\/wp-content\/uploads\/2018\/02\/ab3dd6b1fcf0c53855fc2a56446a42bf.jpeg","width":960,"height":586},{"@type":"BreadcrumbList","@id":"https:\/\/www.eldiariodetucuman.com\/web\/marcos-pena-dijo-estar-en-contra-pero-pidio-debatir-con-madurez\/#breadcrumb","itemListElement":[{"@type":"ListItem","position":1,"name":"Portada","item":"https:\/\/www.eldiariodetucuman.com\/web\/"},{"@type":"ListItem","position":2,"name":"Marcos Pe\u00f1a dijo estar en contra pero pidi\u00f3 debatir con \u201cmadurez\u201d"}]},{"@type":"WebSite","@id":"https:\/\/www.eldiariodetucuman.com\/web\/#website","url":"https:\/\/www.eldiariodetucuman.com\/web\/","name":"El Diario de Tucuman","description":"Diario Tucuman - Informaci\u00f3n y noticias","publisher":{"@id":"https:\/\/www.eldiariodetucuman.com\/web\/#organization"},"potentialAction":[{"@type":"SearchAction","target":{"@type":"EntryPoint","urlTemplate":"https:\/\/www.eldiariodetucuman.com\/web\/?s={search_term_string}"},"query-input":{"@type":"PropertyValueSpecification","valueRequired":true,"valueName":"search_term_string"}}],"inLanguage":"es"},{"@type":"Organization","@id":"https:\/\/www.eldiariodetucuman.com\/web\/#organization","name":"El Diario de Tucuman","url":"https:\/\/www.eldiariodetucuman.com\/web\/","logo":{"@type":"ImageObject","inLanguage":"es","@id":"https:\/\/www.eldiariodetucuman.com\/web\/#\/schema\/logo\/image\/","url":"http:\/\/www.eldiariodetucuman.com\/web\/wp-content\/uploads\/2017\/12\/el-diario-de-tucuman.jpg","contentUrl":"http:\/\/www.eldiariodetucuman.com\/web\/wp-content\/uploads\/2017\/12\/el-diario-de-tucuman.jpg","width":272,"height":92,"caption":"El Diario de Tucuman"},"image":{"@id":"https:\/\/www.eldiariodetucuman.com\/web\/#\/schema\/logo\/image\/"}},{"@type":"Person","@id":"https:\/\/www.eldiariodetucuman.com\/web\/#\/schema\/person\/9250197d75ab5483412e19678b121caa","name":"admin","image":{"@type":"ImageObject","inLanguage":"es","@id":"https:\/\/secure.gravatar.com\/avatar\/c44d117c2be811212c22cb481f6b8384b6873de103fbc49e7a03cc58d7dea4ac?s=96&d=mm&r=g","url":"https:\/\/secure.gravatar.com\/avatar\/c44d117c2be811212c22cb481f6b8384b6873de103fbc49e7a03cc58d7dea4ac?s=96&d=mm&r=g","contentUrl":"https:\/\/secure.gravatar.com\/avatar\/c44d117c2be811212c22cb481f6b8384b6873de103fbc49e7a03cc58d7dea4ac?s=96&d=mm&r=g","caption":"admin"},"url":"https:\/\/www.eldiariodetucuman.com\/web\/author\/admin\/"}]}},"_links":{"self":[{"href":"https:\/\/www.eldiariodetucuman.com\/web\/wp-json\/wp\/v2\/posts\/5829","targetHints":{"allow":["GET"]}}],"collection":[{"href":"https:\/\/www.eldiariodetucuman.com\/web\/wp-json\/wp\/v2\/posts"}],"about":[{"href":"https:\/\/www.eldiariodetucuman.com\/web\/wp-json\/wp\/v2\/types\/post"}],"author":[{"embeddable":true,"href":"https:\/\/www.eldiariodetucuman.com\/web\/wp-json\/wp\/v2\/users\/1"}],"replies":[{"embeddable":true,"href":"https:\/\/www.eldiariodetucuman.com\/web\/wp-json\/wp\/v2\/comments?post=5829"}],"version-history":[{"count":1,"href":"https:\/\/www.eldiariodetucuman.com\/web\/wp-json\/wp\/v2\/posts\/5829\/revisions"}],"predecessor-version":[{"id":5831,"href":"https:\/\/www.eldiariodetucuman.com\/web\/wp-json\/wp\/v2\/posts\/5829\/revisions\/5831"}],"wp:featuredmedia":[{"embeddable":true,"href":"https:\/\/www.eldiariodetucuman.com\/web\/wp-json\/wp\/v2\/media\/5830"}],"wp:attachment":[{"href":"https:\/\/www.eldiariodetucuman.com\/web\/wp-json\/wp\/v2\/media?parent=5829"}],"wp:term":[{"taxonomy":"category","embeddable":true,"href":"https:\/\/www.eldiariodetucuman.com\/web\/wp-json\/wp\/v2\/categories?post=5829"},{"taxonomy":"post_tag","embeddable":true,"href":"https:\/\/www.eldiariodetucuman.com\/web\/wp-json\/wp\/v2\/tags?post=5829"}],"curies":[{"name":"wp","href":"https:\/\/api.w.org\/{rel}","templated":true}]}}