{"id":5826,"date":"2018-02-24T12:59:10","date_gmt":"2018-02-24T15:59:10","guid":{"rendered":"http:\/\/www.eldiariodetucuman.com\/web\/hoy-carlos-vives-vuelve-a-sacudir-vina-del-mar\/"},"modified":"2018-02-24T12:59:14","modified_gmt":"2018-02-24T15:59:14","slug":"hoy-carlos-vives-vuelve-a-sacudir-vina-del-mar","status":"publish","type":"post","link":"https:\/\/www.eldiariodetucuman.com\/web\/hoy-carlos-vives-vuelve-a-sacudir-vina-del-mar\/","title":{"rendered":"Hoy Carlos Vives vuelve a sacudir Vi\u00f1a del Mar"},"content":{"rendered":"<div>\n<div readability=\"97\">\n<p>HOY y MA\u00d1ANA<\/p>\n<p>\u2022 Desde las 21, por la se\u00f1al TNT, transmisi\u00f3n en vivo.<\/p>\n<p><b>Rafael Araneda<\/b> y <b>Carolina de Moras<\/b> son los conductores de 59\u00b0  Festival Internacional de la Canci\u00f3n de Vi\u00f1a del Mar. <\/p>\n<p>El gran encuentro de la m\u00fasica popular chilena se est\u00e1 celebrando en el m\u00edtico escenario de la Quinta Vergara desde el martes hasta ma\u00f1ana, con su cartelera internacional que casi en todos los casos son premiados no s\u00f3lo con una Gaviota de plata sino tambi\u00e9n con la de oro. <\/p>\n<p>Es el p\u00fablico presente el que decide los galardones, con las manos entrelazadas que piden los premios. Pero  no s\u00f3lo est\u00e1n los m\u00fasicos sino tambi\u00e9n los humoristas, como <b>Bombo Fica<\/b> o <b>Alejandra Azc\u00e1rate<\/b>, as\u00ed como los participantes en los cert\u00e1menes de m\u00fasica folcl\u00f3rica.<\/p>\n<p>El martes abrieron <b>Miguel Bos\u00e9<\/b>, Bombo Fica e Illapu. El mi\u00e9rcoles estuvieron <b>Luis Fonsi, Jenny Cavallo<\/b> y Gente de Zona. <\/p>\n<p><b>Jamiroquai la rompi\u00f3<\/b><\/p>\n<p>La banda inglesa Jamiroquai, encabezada por el cantante Jason Kay, conquist\u00f3 con a puro funk y disco al exigente p\u00fablico, en la tercera entrega de Vi\u00f1a del Mar 2018. <\/p>\n<p>Este fue uno de los dos n\u00fameros \u2018anglos\u2019 contratados para este a\u00f1o en el festival chileno. Y marc\u00f3 el punto m\u00e1s alto del festival, con un show deslumbrante que puso a bailar fren\u00e9ticamente a toda la Quinta Vergara. Tambi\u00e9n estuvieron <b>Stefan Kramer <\/b>y <b>Europe<\/b>. <\/p>\n<p>Anoche era el turno del d\u00fao mexicano de m\u00fasica rom\u00e1ntica <b>Jesse &#038; Joy<\/b>; la humorista chilena<b> Alison Mandel <\/b>en su debut en el festival y<b> Prince Royce, <\/b>el pr\u00edncipe de la bachata despu\u00e9s de Romeo Santos, en su regreso luego de varios a\u00f1os. <\/p>\n<p><b>Hoy y ma\u00f1ana<\/b><\/p>\n<p>Esta noche llega <b>Carlos Vives<\/b>: el cantante colombiano regresa a Vi\u00f1a tras varios a\u00f1os de ausencia, con un disco donde mezcla ritmos como el vallenato, la bachata, con colaboraciones con grandes artistas como Maluma y Shakira. <\/p>\n<p>Tambi\u00e9n estar\u00e1n la humorista colombiana Alejandra Azc\u00e1rate,   una de las grandes sorpresas de la grilla de este a\u00f1o, y Ha*Ash, d\u00fao mexicano que presenta \u201c100 a\u00f1os contigo\u201d, su \u00faltimo trabajo y sus grandes \u00e9xitos en el pop-rock latinoamericano.<\/p>\n<p>Para el cierre de ma\u00f1ana estar\u00e1n: CNCO, la boyband del momento, con sus \u00e9xitos del g\u00e9nero urbano y reggaeton, en su debut en el festival; el humorista Sergio Freire, con nuevas rutinas de stand up ; el cantante chileno<b> Augusto Schuster<\/b> con su \u00faltimo trabajo, \u201cBonsai\u201d; y Zion &#038; Lennox,  uno de los d\u00faos hist\u00f3ricos del reggaeton.<\/p>\n<\/p><\/div>\n<\/div>\n<p>Fuente: http:\/\/www.lagaceta.com.ar\/nota\/762283\/espectaculos\/hoy-carlos-vives-vuelve-sacudir-vina-mar.html<\/p>\n","protected":false},"excerpt":{"rendered":"<p>HOY y MA\u00d1ANA \u2022 Desde las 21, por la se\u00f1al TNT, transmisi\u00f3n en vivo. Rafael Araneda y Carolina de Moras son los conductores de 59\u00b0 Festival Internacional de la Canci\u00f3n de Vi\u00f1a del Mar. El gran encuentro de la m\u00fasica popular chilena se est\u00e1 celebrando en el m\u00edtico escenario de la Quinta Vergara desde el [&hellip;]<\/p>\n","protected":false},"author":1,"featured_media":5827,"comment_status":"open","ping_status":"closed","sticky":false,"template":"","format":"standard","meta":{"footnotes":""},"categories":[152],"tags":[],"class_list":{"0":"post-5826","1":"post","2":"type-post","3":"status-publish","4":"format-standard","5":"has-post-thumbnail","7":"category-argentina"},"yoast_head":"<!-- This site is optimized with the Yoast SEO plugin v27.5 - https:\/\/yoast.com\/product\/yoast-seo-wordpress\/ -->\n<title>Hoy Carlos Vives vuelve a sacudir Vi\u00f1a del Mar - El Diario de Tucuman<\/title>\n<meta name=\"robots\" content=\"index, follow, max-snippet:-1, max-image-preview:large, max-video-preview:-1\" \/>\n<link rel=\"canonical\" href=\"https:\/\/www.eldiariodetucuman.com\/web\/hoy-carlos-vives-vuelve-a-sacudir-vina-del-mar\/\" \/>\n<meta property=\"og:locale\" content=\"es_ES\" \/>\n<meta property=\"og:type\" content=\"article\" \/>\n<meta property=\"og:title\" content=\"Hoy Carlos Vives vuelve a sacudir Vi\u00f1a del Mar - El Diario de Tucuman\" \/>\n<meta property=\"og:description\" content=\"HOY y MA\u00d1ANA \u2022 Desde las 21, por la se\u00f1al TNT, transmisi\u00f3n en vivo. Rafael Araneda y Carolina de Moras son los conductores de 59\u00b0 Festival Internacional de la Canci\u00f3n de Vi\u00f1a del Mar. El gran encuentro de la m\u00fasica popular chilena se est\u00e1 celebrando en el m\u00edtico escenario de la Quinta Vergara desde el [&hellip;]\" \/>\n<meta property=\"og:url\" content=\"https:\/\/www.eldiariodetucuman.com\/web\/hoy-carlos-vives-vuelve-a-sacudir-vina-del-mar\/\" \/>\n<meta property=\"og:site_name\" content=\"El Diario de Tucuman\" \/>\n<meta property=\"article:published_time\" content=\"2018-02-24T15:59:10+00:00\" \/>\n<meta property=\"article:modified_time\" content=\"2018-02-24T15:59:14+00:00\" \/>\n<meta property=\"og:image\" content=\"https:\/\/www.eldiariodetucuman.com\/web\/wp-content\/uploads\/2018\/02\/e6e41b75e319d26fc2df036a424c2f49.jpeg\" \/>\n\t<meta property=\"og:image:width\" content=\"970\" \/>\n\t<meta property=\"og:image:height\" content=\"646\" \/>\n\t<meta property=\"og:image:type\" content=\"image\/jpeg\" \/>\n<meta name=\"author\" content=\"admin\" \/>\n<meta name=\"twitter:card\" content=\"summary_large_image\" \/>\n<meta name=\"twitter:label1\" content=\"Escrito por\" \/>\n\t<meta name=\"twitter:data1\" content=\"admin\" \/>\n\t<meta name=\"twitter:label2\" content=\"Tiempo de lectura\" \/>\n\t<meta name=\"twitter:data2\" content=\"2 minutos\" \/>\n<script type=\"application\/ld+json\" class=\"yoast-schema-graph\">{\"@context\":\"https:\\\/\\\/schema.org\",\"@graph\":[{\"@type\":\"Article\",\"@id\":\"https:\\\/\\\/www.eldiariodetucuman.com\\\/web\\\/hoy-carlos-vives-vuelve-a-sacudir-vina-del-mar\\\/#article\",\"isPartOf\":{\"@id\":\"https:\\\/\\\/www.eldiariodetucuman.com\\\/web\\\/hoy-carlos-vives-vuelve-a-sacudir-vina-del-mar\\\/\"},\"author\":{\"name\":\"admin\",\"@id\":\"https:\\\/\\\/www.eldiariodetucuman.com\\\/web\\\/#\\\/schema\\\/person\\\/9250197d75ab5483412e19678b121caa\"},\"headline\":\"Hoy Carlos Vives vuelve a sacudir Vi\u00f1a del Mar\",\"datePublished\":\"2018-02-24T15:59:10+00:00\",\"dateModified\":\"2018-02-24T15:59:14+00:00\",\"mainEntityOfPage\":{\"@id\":\"https:\\\/\\\/www.eldiariodetucuman.com\\\/web\\\/hoy-carlos-vives-vuelve-a-sacudir-vina-del-mar\\\/\"},\"wordCount\":459,\"commentCount\":0,\"publisher\":{\"@id\":\"https:\\\/\\\/www.eldiariodetucuman.com\\\/web\\\/#organization\"},\"image\":{\"@id\":\"https:\\\/\\\/www.eldiariodetucuman.com\\\/web\\\/hoy-carlos-vives-vuelve-a-sacudir-vina-del-mar\\\/#primaryimage\"},\"thumbnailUrl\":\"https:\\\/\\\/www.eldiariodetucuman.com\\\/web\\\/wp-content\\\/uploads\\\/2018\\\/02\\\/e6e41b75e319d26fc2df036a424c2f49.jpeg\",\"articleSection\":[\"Argentina\"],\"inLanguage\":\"es\",\"potentialAction\":[{\"@type\":\"CommentAction\",\"name\":\"Comment\",\"target\":[\"https:\\\/\\\/www.eldiariodetucuman.com\\\/web\\\/hoy-carlos-vives-vuelve-a-sacudir-vina-del-mar\\\/#respond\"]}]},{\"@type\":\"WebPage\",\"@id\":\"https:\\\/\\\/www.eldiariodetucuman.com\\\/web\\\/hoy-carlos-vives-vuelve-a-sacudir-vina-del-mar\\\/\",\"url\":\"https:\\\/\\\/www.eldiariodetucuman.com\\\/web\\\/hoy-carlos-vives-vuelve-a-sacudir-vina-del-mar\\\/\",\"name\":\"Hoy Carlos Vives vuelve a sacudir Vi\u00f1a del Mar - El Diario de Tucuman\",\"isPartOf\":{\"@id\":\"https:\\\/\\\/www.eldiariodetucuman.com\\\/web\\\/#website\"},\"primaryImageOfPage\":{\"@id\":\"https:\\\/\\\/www.eldiariodetucuman.com\\\/web\\\/hoy-carlos-vives-vuelve-a-sacudir-vina-del-mar\\\/#primaryimage\"},\"image\":{\"@id\":\"https:\\\/\\\/www.eldiariodetucuman.com\\\/web\\\/hoy-carlos-vives-vuelve-a-sacudir-vina-del-mar\\\/#primaryimage\"},\"thumbnailUrl\":\"https:\\\/\\\/www.eldiariodetucuman.com\\\/web\\\/wp-content\\\/uploads\\\/2018\\\/02\\\/e6e41b75e319d26fc2df036a424c2f49.jpeg\",\"datePublished\":\"2018-02-24T15:59:10+00:00\",\"dateModified\":\"2018-02-24T15:59:14+00:00\",\"breadcrumb\":{\"@id\":\"https:\\\/\\\/www.eldiariodetucuman.com\\\/web\\\/hoy-carlos-vives-vuelve-a-sacudir-vina-del-mar\\\/#breadcrumb\"},\"inLanguage\":\"es\",\"potentialAction\":[{\"@type\":\"ReadAction\",\"target\":[\"https:\\\/\\\/www.eldiariodetucuman.com\\\/web\\\/hoy-carlos-vives-vuelve-a-sacudir-vina-del-mar\\\/\"]}]},{\"@type\":\"ImageObject\",\"inLanguage\":\"es\",\"@id\":\"https:\\\/\\\/www.eldiariodetucuman.com\\\/web\\\/hoy-carlos-vives-vuelve-a-sacudir-vina-del-mar\\\/#primaryimage\",\"url\":\"https:\\\/\\\/www.eldiariodetucuman.com\\\/web\\\/wp-content\\\/uploads\\\/2018\\\/02\\\/e6e41b75e319d26fc2df036a424c2f49.jpeg\",\"contentUrl\":\"https:\\\/\\\/www.eldiariodetucuman.com\\\/web\\\/wp-content\\\/uploads\\\/2018\\\/02\\\/e6e41b75e319d26fc2df036a424c2f49.jpeg\",\"width\":970,\"height\":646},{\"@type\":\"BreadcrumbList\",\"@id\":\"https:\\\/\\\/www.eldiariodetucuman.com\\\/web\\\/hoy-carlos-vives-vuelve-a-sacudir-vina-del-mar\\\/#breadcrumb\",\"itemListElement\":[{\"@type\":\"ListItem\",\"position\":1,\"name\":\"Portada\",\"item\":\"https:\\\/\\\/www.eldiariodetucuman.com\\\/web\\\/\"},{\"@type\":\"ListItem\",\"position\":2,\"name\":\"Hoy Carlos Vives vuelve a sacudir Vi\u00f1a del Mar\"}]},{\"@type\":\"WebSite\",\"@id\":\"https:\\\/\\\/www.eldiariodetucuman.com\\\/web\\\/#website\",\"url\":\"https:\\\/\\\/www.eldiariodetucuman.com\\\/web\\\/\",\"name\":\"El Diario de Tucuman\",\"description\":\"Diario Tucuman - Informaci\u00f3n y noticias\",\"publisher\":{\"@id\":\"https:\\\/\\\/www.eldiariodetucuman.com\\\/web\\\/#organization\"},\"potentialAction\":[{\"@type\":\"SearchAction\",\"target\":{\"@type\":\"EntryPoint\",\"urlTemplate\":\"https:\\\/\\\/www.eldiariodetucuman.com\\\/web\\\/?s={search_term_string}\"},\"query-input\":{\"@type\":\"PropertyValueSpecification\",\"valueRequired\":true,\"valueName\":\"search_term_string\"}}],\"inLanguage\":\"es\"},{\"@type\":\"Organization\",\"@id\":\"https:\\\/\\\/www.eldiariodetucuman.com\\\/web\\\/#organization\",\"name\":\"El Diario de Tucuman\",\"url\":\"https:\\\/\\\/www.eldiariodetucuman.com\\\/web\\\/\",\"logo\":{\"@type\":\"ImageObject\",\"inLanguage\":\"es\",\"@id\":\"https:\\\/\\\/www.eldiariodetucuman.com\\\/web\\\/#\\\/schema\\\/logo\\\/image\\\/\",\"url\":\"http:\\\/\\\/www.eldiariodetucuman.com\\\/web\\\/wp-content\\\/uploads\\\/2017\\\/12\\\/el-diario-de-tucuman.jpg\",\"contentUrl\":\"http:\\\/\\\/www.eldiariodetucuman.com\\\/web\\\/wp-content\\\/uploads\\\/2017\\\/12\\\/el-diario-de-tucuman.jpg\",\"width\":272,\"height\":92,\"caption\":\"El Diario de Tucuman\"},\"image\":{\"@id\":\"https:\\\/\\\/www.eldiariodetucuman.com\\\/web\\\/#\\\/schema\\\/logo\\\/image\\\/\"}},{\"@type\":\"Person\",\"@id\":\"https:\\\/\\\/www.eldiariodetucuman.com\\\/web\\\/#\\\/schema\\\/person\\\/9250197d75ab5483412e19678b121caa\",\"name\":\"admin\",\"image\":{\"@type\":\"ImageObject\",\"inLanguage\":\"es\",\"@id\":\"https:\\\/\\\/secure.gravatar.com\\\/avatar\\\/c44d117c2be811212c22cb481f6b8384b6873de103fbc49e7a03cc58d7dea4ac?s=96&d=mm&r=g\",\"url\":\"https:\\\/\\\/secure.gravatar.com\\\/avatar\\\/c44d117c2be811212c22cb481f6b8384b6873de103fbc49e7a03cc58d7dea4ac?s=96&d=mm&r=g\",\"contentUrl\":\"https:\\\/\\\/secure.gravatar.com\\\/avatar\\\/c44d117c2be811212c22cb481f6b8384b6873de103fbc49e7a03cc58d7dea4ac?s=96&d=mm&r=g\",\"caption\":\"admin\"},\"url\":\"https:\\\/\\\/www.eldiariodetucuman.com\\\/web\\\/author\\\/admin\\\/\"}]}<\/script>\n<!-- \/ Yoast SEO plugin. -->","yoast_head_json":{"title":"Hoy Carlos Vives vuelve a sacudir Vi\u00f1a del Mar - El Diario de Tucuman","robots":{"index":"index","follow":"follow","max-snippet":"max-snippet:-1","max-image-preview":"max-image-preview:large","max-video-preview":"max-video-preview:-1"},"canonical":"https:\/\/www.eldiariodetucuman.com\/web\/hoy-carlos-vives-vuelve-a-sacudir-vina-del-mar\/","og_locale":"es_ES","og_type":"article","og_title":"Hoy Carlos Vives vuelve a sacudir Vi\u00f1a del Mar - El Diario de Tucuman","og_description":"HOY y MA\u00d1ANA \u2022 Desde las 21, por la se\u00f1al TNT, transmisi\u00f3n en vivo. Rafael Araneda y Carolina de Moras son los conductores de 59\u00b0 Festival Internacional de la Canci\u00f3n de Vi\u00f1a del Mar. El gran encuentro de la m\u00fasica popular chilena se est\u00e1 celebrando en el m\u00edtico escenario de la Quinta Vergara desde el [&hellip;]","og_url":"https:\/\/www.eldiariodetucuman.com\/web\/hoy-carlos-vives-vuelve-a-sacudir-vina-del-mar\/","og_site_name":"El Diario de Tucuman","article_published_time":"2018-02-24T15:59:10+00:00","article_modified_time":"2018-02-24T15:59:14+00:00","og_image":[{"width":970,"height":646,"url":"https:\/\/www.eldiariodetucuman.com\/web\/wp-content\/uploads\/2018\/02\/e6e41b75e319d26fc2df036a424c2f49.jpeg","type":"image\/jpeg"}],"author":"admin","twitter_card":"summary_large_image","twitter_misc":{"Escrito por":"admin","Tiempo de lectura":"2 minutos"},"schema":{"@context":"https:\/\/schema.org","@graph":[{"@type":"Article","@id":"https:\/\/www.eldiariodetucuman.com\/web\/hoy-carlos-vives-vuelve-a-sacudir-vina-del-mar\/#article","isPartOf":{"@id":"https:\/\/www.eldiariodetucuman.com\/web\/hoy-carlos-vives-vuelve-a-sacudir-vina-del-mar\/"},"author":{"name":"admin","@id":"https:\/\/www.eldiariodetucuman.com\/web\/#\/schema\/person\/9250197d75ab5483412e19678b121caa"},"headline":"Hoy Carlos Vives vuelve a sacudir Vi\u00f1a del Mar","datePublished":"2018-02-24T15:59:10+00:00","dateModified":"2018-02-24T15:59:14+00:00","mainEntityOfPage":{"@id":"https:\/\/www.eldiariodetucuman.com\/web\/hoy-carlos-vives-vuelve-a-sacudir-vina-del-mar\/"},"wordCount":459,"commentCount":0,"publisher":{"@id":"https:\/\/www.eldiariodetucuman.com\/web\/#organization"},"image":{"@id":"https:\/\/www.eldiariodetucuman.com\/web\/hoy-carlos-vives-vuelve-a-sacudir-vina-del-mar\/#primaryimage"},"thumbnailUrl":"https:\/\/www.eldiariodetucuman.com\/web\/wp-content\/uploads\/2018\/02\/e6e41b75e319d26fc2df036a424c2f49.jpeg","articleSection":["Argentina"],"inLanguage":"es","potentialAction":[{"@type":"CommentAction","name":"Comment","target":["https:\/\/www.eldiariodetucuman.com\/web\/hoy-carlos-vives-vuelve-a-sacudir-vina-del-mar\/#respond"]}]},{"@type":"WebPage","@id":"https:\/\/www.eldiariodetucuman.com\/web\/hoy-carlos-vives-vuelve-a-sacudir-vina-del-mar\/","url":"https:\/\/www.eldiariodetucuman.com\/web\/hoy-carlos-vives-vuelve-a-sacudir-vina-del-mar\/","name":"Hoy Carlos Vives vuelve a sacudir Vi\u00f1a del Mar - El Diario de Tucuman","isPartOf":{"@id":"https:\/\/www.eldiariodetucuman.com\/web\/#website"},"primaryImageOfPage":{"@id":"https:\/\/www.eldiariodetucuman.com\/web\/hoy-carlos-vives-vuelve-a-sacudir-vina-del-mar\/#primaryimage"},"image":{"@id":"https:\/\/www.eldiariodetucuman.com\/web\/hoy-carlos-vives-vuelve-a-sacudir-vina-del-mar\/#primaryimage"},"thumbnailUrl":"https:\/\/www.eldiariodetucuman.com\/web\/wp-content\/uploads\/2018\/02\/e6e41b75e319d26fc2df036a424c2f49.jpeg","datePublished":"2018-02-24T15:59:10+00:00","dateModified":"2018-02-24T15:59:14+00:00","breadcrumb":{"@id":"https:\/\/www.eldiariodetucuman.com\/web\/hoy-carlos-vives-vuelve-a-sacudir-vina-del-mar\/#breadcrumb"},"inLanguage":"es","potentialAction":[{"@type":"ReadAction","target":["https:\/\/www.eldiariodetucuman.com\/web\/hoy-carlos-vives-vuelve-a-sacudir-vina-del-mar\/"]}]},{"@type":"ImageObject","inLanguage":"es","@id":"https:\/\/www.eldiariodetucuman.com\/web\/hoy-carlos-vives-vuelve-a-sacudir-vina-del-mar\/#primaryimage","url":"https:\/\/www.eldiariodetucuman.com\/web\/wp-content\/uploads\/2018\/02\/e6e41b75e319d26fc2df036a424c2f49.jpeg","contentUrl":"https:\/\/www.eldiariodetucuman.com\/web\/wp-content\/uploads\/2018\/02\/e6e41b75e319d26fc2df036a424c2f49.jpeg","width":970,"height":646},{"@type":"BreadcrumbList","@id":"https:\/\/www.eldiariodetucuman.com\/web\/hoy-carlos-vives-vuelve-a-sacudir-vina-del-mar\/#breadcrumb","itemListElement":[{"@type":"ListItem","position":1,"name":"Portada","item":"https:\/\/www.eldiariodetucuman.com\/web\/"},{"@type":"ListItem","position":2,"name":"Hoy Carlos Vives vuelve a sacudir Vi\u00f1a del Mar"}]},{"@type":"WebSite","@id":"https:\/\/www.eldiariodetucuman.com\/web\/#website","url":"https:\/\/www.eldiariodetucuman.com\/web\/","name":"El Diario de Tucuman","description":"Diario Tucuman - Informaci\u00f3n y noticias","publisher":{"@id":"https:\/\/www.eldiariodetucuman.com\/web\/#organization"},"potentialAction":[{"@type":"SearchAction","target":{"@type":"EntryPoint","urlTemplate":"https:\/\/www.eldiariodetucuman.com\/web\/?s={search_term_string}"},"query-input":{"@type":"PropertyValueSpecification","valueRequired":true,"valueName":"search_term_string"}}],"inLanguage":"es"},{"@type":"Organization","@id":"https:\/\/www.eldiariodetucuman.com\/web\/#organization","name":"El Diario de Tucuman","url":"https:\/\/www.eldiariodetucuman.com\/web\/","logo":{"@type":"ImageObject","inLanguage":"es","@id":"https:\/\/www.eldiariodetucuman.com\/web\/#\/schema\/logo\/image\/","url":"http:\/\/www.eldiariodetucuman.com\/web\/wp-content\/uploads\/2017\/12\/el-diario-de-tucuman.jpg","contentUrl":"http:\/\/www.eldiariodetucuman.com\/web\/wp-content\/uploads\/2017\/12\/el-diario-de-tucuman.jpg","width":272,"height":92,"caption":"El Diario de Tucuman"},"image":{"@id":"https:\/\/www.eldiariodetucuman.com\/web\/#\/schema\/logo\/image\/"}},{"@type":"Person","@id":"https:\/\/www.eldiariodetucuman.com\/web\/#\/schema\/person\/9250197d75ab5483412e19678b121caa","name":"admin","image":{"@type":"ImageObject","inLanguage":"es","@id":"https:\/\/secure.gravatar.com\/avatar\/c44d117c2be811212c22cb481f6b8384b6873de103fbc49e7a03cc58d7dea4ac?s=96&d=mm&r=g","url":"https:\/\/secure.gravatar.com\/avatar\/c44d117c2be811212c22cb481f6b8384b6873de103fbc49e7a03cc58d7dea4ac?s=96&d=mm&r=g","contentUrl":"https:\/\/secure.gravatar.com\/avatar\/c44d117c2be811212c22cb481f6b8384b6873de103fbc49e7a03cc58d7dea4ac?s=96&d=mm&r=g","caption":"admin"},"url":"https:\/\/www.eldiariodetucuman.com\/web\/author\/admin\/"}]}},"_links":{"self":[{"href":"https:\/\/www.eldiariodetucuman.com\/web\/wp-json\/wp\/v2\/posts\/5826","targetHints":{"allow":["GET"]}}],"collection":[{"href":"https:\/\/www.eldiariodetucuman.com\/web\/wp-json\/wp\/v2\/posts"}],"about":[{"href":"https:\/\/www.eldiariodetucuman.com\/web\/wp-json\/wp\/v2\/types\/post"}],"author":[{"embeddable":true,"href":"https:\/\/www.eldiariodetucuman.com\/web\/wp-json\/wp\/v2\/users\/1"}],"replies":[{"embeddable":true,"href":"https:\/\/www.eldiariodetucuman.com\/web\/wp-json\/wp\/v2\/comments?post=5826"}],"version-history":[{"count":1,"href":"https:\/\/www.eldiariodetucuman.com\/web\/wp-json\/wp\/v2\/posts\/5826\/revisions"}],"predecessor-version":[{"id":5828,"href":"https:\/\/www.eldiariodetucuman.com\/web\/wp-json\/wp\/v2\/posts\/5826\/revisions\/5828"}],"wp:featuredmedia":[{"embeddable":true,"href":"https:\/\/www.eldiariodetucuman.com\/web\/wp-json\/wp\/v2\/media\/5827"}],"wp:attachment":[{"href":"https:\/\/www.eldiariodetucuman.com\/web\/wp-json\/wp\/v2\/media?parent=5826"}],"wp:term":[{"taxonomy":"category","embeddable":true,"href":"https:\/\/www.eldiariodetucuman.com\/web\/wp-json\/wp\/v2\/categories?post=5826"},{"taxonomy":"post_tag","embeddable":true,"href":"https:\/\/www.eldiariodetucuman.com\/web\/wp-json\/wp\/v2\/tags?post=5826"}],"curies":[{"name":"wp","href":"https:\/\/api.w.org\/{rel}","templated":true}]}}