{"id":5823,"date":"2018-02-24T12:59:02","date_gmt":"2018-02-24T15:59:02","guid":{"rendered":"http:\/\/www.eldiariodetucuman.com\/web\/la-vida-de-harvey-weinstein-llega-ahora-al-teatro\/"},"modified":"2018-02-24T12:59:03","modified_gmt":"2018-02-24T15:59:03","slug":"la-vida-de-harvey-weinstein-llega-ahora-al-teatro","status":"publish","type":"post","link":"https:\/\/www.eldiariodetucuman.com\/web\/la-vida-de-harvey-weinstein-llega-ahora-al-teatro\/","title":{"rendered":"La vida de Harvey Weinstein llega ahora al teatro"},"content":{"rendered":"<div>\n<div readability=\"64\">\n<p>El productor <b>Harvey Weinstein <\/b>ya tiene quien le escriba. El dramaturgo estadounidense <b>David Mamet<\/b> ha escrito una obra de teatro centrada en el productor acusado de abusos sexuales, seg\u00fan se\u00f1al\u00f3 el propio autor en declaraciones publicadas por el \u201cChicago Tribune\u201d. <\/p>\n<p>\u201cHabl\u00e9 con mi productor en Broadway y \u00e9l me dijo: \u2018\u00bfPor qu\u00e9 no escribes sobre Harvey Weinstein?\u2019\u201d Y lo hice\u201d, dijo Mamet en la entrevista.  <\/p>\n<p>El tambi\u00e9n realizador no quiso dar detalles de la pieza. Distinguido con un premio Pulitzer, Mamet ha escrito ensayos, firmado dramas teatrales y dirigido varias pel\u00edculas.  <\/p>\n<p>Las informaciones sobre los abusos sexuales cometidos por el otrora poderoso productor de cine desataron el a\u00f1o pasado la campa\u00f1a #MeToo contra el acoso sexual a las mujeres, una campa\u00f1a que se ha extendido a otros \u00e1mbitos, as\u00ed como tambi\u00e9n a otros pa\u00edses. <\/p>\n<p>\u201cToda sociedad tiene que afrontar el indomable esp\u00edritu de la sexualidad y hay muchas formas, pero ninguna funciona realmente\u201d, dijo Mamet, quien se\u00f1al\u00f3 asimismo que resulta dif\u00edcil cambiar las formas en que se han venido haciendo las cosas y eso hace que la gente se vuelva \u201cloca\u201d.  <\/p>\n<p>Mamet coment\u00f3 que trabaja en una adaptaci\u00f3n cinematogr\u00e1fica de la novela \u201cThe Force\u201d, el \u00faltimo bestseller de<b> Don Wislow<\/b>. <\/p>\n<p>En el campo cinematogr\u00e1fico, ha sido dos veces candidato al Oscar. <\/p>\n<\/p><\/div>\n<\/div>\n<p>Fuente: http:\/\/www.lagaceta.com.ar\/nota\/762284\/espectaculos\/vida-harvey-weinstein-llega-ahora-al-teatro.html<\/p>\n","protected":false},"excerpt":{"rendered":"<p>El productor Harvey Weinstein ya tiene quien le escriba. El dramaturgo estadounidense David Mamet ha escrito una obra de teatro centrada en el productor acusado de abusos sexuales, seg\u00fan se\u00f1al\u00f3 el propio autor en declaraciones publicadas por el \u201cChicago Tribune\u201d. \u201cHabl\u00e9 con mi productor en Broadway y \u00e9l me dijo: \u2018\u00bfPor qu\u00e9 no escribes sobre [&hellip;]<\/p>\n","protected":false},"author":1,"featured_media":5824,"comment_status":"open","ping_status":"closed","sticky":false,"template":"","format":"standard","meta":{"footnotes":""},"categories":[152],"tags":[],"class_list":{"0":"post-5823","1":"post","2":"type-post","3":"status-publish","4":"format-standard","5":"has-post-thumbnail","7":"category-argentina"},"yoast_head":"<!-- This site is optimized with the Yoast SEO plugin v27.5 - https:\/\/yoast.com\/product\/yoast-seo-wordpress\/ -->\n<title>La vida de Harvey Weinstein llega ahora al teatro - El Diario de Tucuman<\/title>\n<meta name=\"robots\" content=\"index, follow, max-snippet:-1, max-image-preview:large, max-video-preview:-1\" \/>\n<link rel=\"canonical\" href=\"https:\/\/www.eldiariodetucuman.com\/web\/la-vida-de-harvey-weinstein-llega-ahora-al-teatro\/\" \/>\n<meta property=\"og:locale\" content=\"es_ES\" \/>\n<meta property=\"og:type\" content=\"article\" \/>\n<meta property=\"og:title\" content=\"La vida de Harvey Weinstein llega ahora al teatro - El Diario de Tucuman\" \/>\n<meta property=\"og:description\" content=\"El productor Harvey Weinstein ya tiene quien le escriba. El dramaturgo estadounidense David Mamet ha escrito una obra de teatro centrada en el productor acusado de abusos sexuales, seg\u00fan se\u00f1al\u00f3 el propio autor en declaraciones publicadas por el \u201cChicago Tribune\u201d. \u201cHabl\u00e9 con mi productor en Broadway y \u00e9l me dijo: \u2018\u00bfPor qu\u00e9 no escribes sobre [&hellip;]\" \/>\n<meta property=\"og:url\" content=\"https:\/\/www.eldiariodetucuman.com\/web\/la-vida-de-harvey-weinstein-llega-ahora-al-teatro\/\" \/>\n<meta property=\"og:site_name\" content=\"El Diario de Tucuman\" \/>\n<meta property=\"article:published_time\" content=\"2018-02-24T15:59:02+00:00\" \/>\n<meta property=\"article:modified_time\" content=\"2018-02-24T15:59:03+00:00\" \/>\n<meta property=\"og:image\" content=\"https:\/\/www.eldiariodetucuman.com\/web\/wp-content\/uploads\/2018\/02\/c7ff4deed9ecf9031314a064f2b54e29.jpeg\" \/>\n\t<meta property=\"og:image:width\" content=\"720\" \/>\n\t<meta property=\"og:image:height\" content=\"720\" \/>\n\t<meta property=\"og:image:type\" content=\"image\/jpeg\" \/>\n<meta name=\"author\" content=\"admin\" \/>\n<meta name=\"twitter:card\" content=\"summary_large_image\" \/>\n<meta name=\"twitter:label1\" content=\"Escrito por\" \/>\n\t<meta name=\"twitter:data1\" content=\"admin\" \/>\n\t<meta name=\"twitter:label2\" content=\"Tiempo de lectura\" \/>\n\t<meta name=\"twitter:data2\" content=\"1 minuto\" \/>\n<script type=\"application\/ld+json\" class=\"yoast-schema-graph\">{\"@context\":\"https:\\\/\\\/schema.org\",\"@graph\":[{\"@type\":\"Article\",\"@id\":\"https:\\\/\\\/www.eldiariodetucuman.com\\\/web\\\/la-vida-de-harvey-weinstein-llega-ahora-al-teatro\\\/#article\",\"isPartOf\":{\"@id\":\"https:\\\/\\\/www.eldiariodetucuman.com\\\/web\\\/la-vida-de-harvey-weinstein-llega-ahora-al-teatro\\\/\"},\"author\":{\"name\":\"admin\",\"@id\":\"https:\\\/\\\/www.eldiariodetucuman.com\\\/web\\\/#\\\/schema\\\/person\\\/9250197d75ab5483412e19678b121caa\"},\"headline\":\"La vida de Harvey Weinstein llega ahora al teatro\",\"datePublished\":\"2018-02-24T15:59:02+00:00\",\"dateModified\":\"2018-02-24T15:59:03+00:00\",\"mainEntityOfPage\":{\"@id\":\"https:\\\/\\\/www.eldiariodetucuman.com\\\/web\\\/la-vida-de-harvey-weinstein-llega-ahora-al-teatro\\\/\"},\"wordCount\":245,\"commentCount\":0,\"publisher\":{\"@id\":\"https:\\\/\\\/www.eldiariodetucuman.com\\\/web\\\/#organization\"},\"image\":{\"@id\":\"https:\\\/\\\/www.eldiariodetucuman.com\\\/web\\\/la-vida-de-harvey-weinstein-llega-ahora-al-teatro\\\/#primaryimage\"},\"thumbnailUrl\":\"https:\\\/\\\/www.eldiariodetucuman.com\\\/web\\\/wp-content\\\/uploads\\\/2018\\\/02\\\/c7ff4deed9ecf9031314a064f2b54e29.jpeg\",\"articleSection\":[\"Argentina\"],\"inLanguage\":\"es\",\"potentialAction\":[{\"@type\":\"CommentAction\",\"name\":\"Comment\",\"target\":[\"https:\\\/\\\/www.eldiariodetucuman.com\\\/web\\\/la-vida-de-harvey-weinstein-llega-ahora-al-teatro\\\/#respond\"]}]},{\"@type\":\"WebPage\",\"@id\":\"https:\\\/\\\/www.eldiariodetucuman.com\\\/web\\\/la-vida-de-harvey-weinstein-llega-ahora-al-teatro\\\/\",\"url\":\"https:\\\/\\\/www.eldiariodetucuman.com\\\/web\\\/la-vida-de-harvey-weinstein-llega-ahora-al-teatro\\\/\",\"name\":\"La vida de Harvey Weinstein llega ahora al teatro - El Diario de Tucuman\",\"isPartOf\":{\"@id\":\"https:\\\/\\\/www.eldiariodetucuman.com\\\/web\\\/#website\"},\"primaryImageOfPage\":{\"@id\":\"https:\\\/\\\/www.eldiariodetucuman.com\\\/web\\\/la-vida-de-harvey-weinstein-llega-ahora-al-teatro\\\/#primaryimage\"},\"image\":{\"@id\":\"https:\\\/\\\/www.eldiariodetucuman.com\\\/web\\\/la-vida-de-harvey-weinstein-llega-ahora-al-teatro\\\/#primaryimage\"},\"thumbnailUrl\":\"https:\\\/\\\/www.eldiariodetucuman.com\\\/web\\\/wp-content\\\/uploads\\\/2018\\\/02\\\/c7ff4deed9ecf9031314a064f2b54e29.jpeg\",\"datePublished\":\"2018-02-24T15:59:02+00:00\",\"dateModified\":\"2018-02-24T15:59:03+00:00\",\"breadcrumb\":{\"@id\":\"https:\\\/\\\/www.eldiariodetucuman.com\\\/web\\\/la-vida-de-harvey-weinstein-llega-ahora-al-teatro\\\/#breadcrumb\"},\"inLanguage\":\"es\",\"potentialAction\":[{\"@type\":\"ReadAction\",\"target\":[\"https:\\\/\\\/www.eldiariodetucuman.com\\\/web\\\/la-vida-de-harvey-weinstein-llega-ahora-al-teatro\\\/\"]}]},{\"@type\":\"ImageObject\",\"inLanguage\":\"es\",\"@id\":\"https:\\\/\\\/www.eldiariodetucuman.com\\\/web\\\/la-vida-de-harvey-weinstein-llega-ahora-al-teatro\\\/#primaryimage\",\"url\":\"https:\\\/\\\/www.eldiariodetucuman.com\\\/web\\\/wp-content\\\/uploads\\\/2018\\\/02\\\/c7ff4deed9ecf9031314a064f2b54e29.jpeg\",\"contentUrl\":\"https:\\\/\\\/www.eldiariodetucuman.com\\\/web\\\/wp-content\\\/uploads\\\/2018\\\/02\\\/c7ff4deed9ecf9031314a064f2b54e29.jpeg\",\"width\":720,\"height\":720},{\"@type\":\"BreadcrumbList\",\"@id\":\"https:\\\/\\\/www.eldiariodetucuman.com\\\/web\\\/la-vida-de-harvey-weinstein-llega-ahora-al-teatro\\\/#breadcrumb\",\"itemListElement\":[{\"@type\":\"ListItem\",\"position\":1,\"name\":\"Portada\",\"item\":\"https:\\\/\\\/www.eldiariodetucuman.com\\\/web\\\/\"},{\"@type\":\"ListItem\",\"position\":2,\"name\":\"La vida de Harvey Weinstein llega ahora al teatro\"}]},{\"@type\":\"WebSite\",\"@id\":\"https:\\\/\\\/www.eldiariodetucuman.com\\\/web\\\/#website\",\"url\":\"https:\\\/\\\/www.eldiariodetucuman.com\\\/web\\\/\",\"name\":\"El Diario de Tucuman\",\"description\":\"Diario Tucuman - Informaci\u00f3n y noticias\",\"publisher\":{\"@id\":\"https:\\\/\\\/www.eldiariodetucuman.com\\\/web\\\/#organization\"},\"potentialAction\":[{\"@type\":\"SearchAction\",\"target\":{\"@type\":\"EntryPoint\",\"urlTemplate\":\"https:\\\/\\\/www.eldiariodetucuman.com\\\/web\\\/?s={search_term_string}\"},\"query-input\":{\"@type\":\"PropertyValueSpecification\",\"valueRequired\":true,\"valueName\":\"search_term_string\"}}],\"inLanguage\":\"es\"},{\"@type\":\"Organization\",\"@id\":\"https:\\\/\\\/www.eldiariodetucuman.com\\\/web\\\/#organization\",\"name\":\"El Diario de Tucuman\",\"url\":\"https:\\\/\\\/www.eldiariodetucuman.com\\\/web\\\/\",\"logo\":{\"@type\":\"ImageObject\",\"inLanguage\":\"es\",\"@id\":\"https:\\\/\\\/www.eldiariodetucuman.com\\\/web\\\/#\\\/schema\\\/logo\\\/image\\\/\",\"url\":\"http:\\\/\\\/www.eldiariodetucuman.com\\\/web\\\/wp-content\\\/uploads\\\/2017\\\/12\\\/el-diario-de-tucuman.jpg\",\"contentUrl\":\"http:\\\/\\\/www.eldiariodetucuman.com\\\/web\\\/wp-content\\\/uploads\\\/2017\\\/12\\\/el-diario-de-tucuman.jpg\",\"width\":272,\"height\":92,\"caption\":\"El Diario de Tucuman\"},\"image\":{\"@id\":\"https:\\\/\\\/www.eldiariodetucuman.com\\\/web\\\/#\\\/schema\\\/logo\\\/image\\\/\"}},{\"@type\":\"Person\",\"@id\":\"https:\\\/\\\/www.eldiariodetucuman.com\\\/web\\\/#\\\/schema\\\/person\\\/9250197d75ab5483412e19678b121caa\",\"name\":\"admin\",\"image\":{\"@type\":\"ImageObject\",\"inLanguage\":\"es\",\"@id\":\"https:\\\/\\\/secure.gravatar.com\\\/avatar\\\/c44d117c2be811212c22cb481f6b8384b6873de103fbc49e7a03cc58d7dea4ac?s=96&d=mm&r=g\",\"url\":\"https:\\\/\\\/secure.gravatar.com\\\/avatar\\\/c44d117c2be811212c22cb481f6b8384b6873de103fbc49e7a03cc58d7dea4ac?s=96&d=mm&r=g\",\"contentUrl\":\"https:\\\/\\\/secure.gravatar.com\\\/avatar\\\/c44d117c2be811212c22cb481f6b8384b6873de103fbc49e7a03cc58d7dea4ac?s=96&d=mm&r=g\",\"caption\":\"admin\"},\"url\":\"https:\\\/\\\/www.eldiariodetucuman.com\\\/web\\\/author\\\/admin\\\/\"}]}<\/script>\n<!-- \/ Yoast SEO plugin. -->","yoast_head_json":{"title":"La vida de Harvey Weinstein llega ahora al teatro - El Diario de Tucuman","robots":{"index":"index","follow":"follow","max-snippet":"max-snippet:-1","max-image-preview":"max-image-preview:large","max-video-preview":"max-video-preview:-1"},"canonical":"https:\/\/www.eldiariodetucuman.com\/web\/la-vida-de-harvey-weinstein-llega-ahora-al-teatro\/","og_locale":"es_ES","og_type":"article","og_title":"La vida de Harvey Weinstein llega ahora al teatro - El Diario de Tucuman","og_description":"El productor Harvey Weinstein ya tiene quien le escriba. El dramaturgo estadounidense David Mamet ha escrito una obra de teatro centrada en el productor acusado de abusos sexuales, seg\u00fan se\u00f1al\u00f3 el propio autor en declaraciones publicadas por el \u201cChicago Tribune\u201d. \u201cHabl\u00e9 con mi productor en Broadway y \u00e9l me dijo: \u2018\u00bfPor qu\u00e9 no escribes sobre [&hellip;]","og_url":"https:\/\/www.eldiariodetucuman.com\/web\/la-vida-de-harvey-weinstein-llega-ahora-al-teatro\/","og_site_name":"El Diario de Tucuman","article_published_time":"2018-02-24T15:59:02+00:00","article_modified_time":"2018-02-24T15:59:03+00:00","og_image":[{"width":720,"height":720,"url":"https:\/\/www.eldiariodetucuman.com\/web\/wp-content\/uploads\/2018\/02\/c7ff4deed9ecf9031314a064f2b54e29.jpeg","type":"image\/jpeg"}],"author":"admin","twitter_card":"summary_large_image","twitter_misc":{"Escrito por":"admin","Tiempo de lectura":"1 minuto"},"schema":{"@context":"https:\/\/schema.org","@graph":[{"@type":"Article","@id":"https:\/\/www.eldiariodetucuman.com\/web\/la-vida-de-harvey-weinstein-llega-ahora-al-teatro\/#article","isPartOf":{"@id":"https:\/\/www.eldiariodetucuman.com\/web\/la-vida-de-harvey-weinstein-llega-ahora-al-teatro\/"},"author":{"name":"admin","@id":"https:\/\/www.eldiariodetucuman.com\/web\/#\/schema\/person\/9250197d75ab5483412e19678b121caa"},"headline":"La vida de Harvey Weinstein llega ahora al teatro","datePublished":"2018-02-24T15:59:02+00:00","dateModified":"2018-02-24T15:59:03+00:00","mainEntityOfPage":{"@id":"https:\/\/www.eldiariodetucuman.com\/web\/la-vida-de-harvey-weinstein-llega-ahora-al-teatro\/"},"wordCount":245,"commentCount":0,"publisher":{"@id":"https:\/\/www.eldiariodetucuman.com\/web\/#organization"},"image":{"@id":"https:\/\/www.eldiariodetucuman.com\/web\/la-vida-de-harvey-weinstein-llega-ahora-al-teatro\/#primaryimage"},"thumbnailUrl":"https:\/\/www.eldiariodetucuman.com\/web\/wp-content\/uploads\/2018\/02\/c7ff4deed9ecf9031314a064f2b54e29.jpeg","articleSection":["Argentina"],"inLanguage":"es","potentialAction":[{"@type":"CommentAction","name":"Comment","target":["https:\/\/www.eldiariodetucuman.com\/web\/la-vida-de-harvey-weinstein-llega-ahora-al-teatro\/#respond"]}]},{"@type":"WebPage","@id":"https:\/\/www.eldiariodetucuman.com\/web\/la-vida-de-harvey-weinstein-llega-ahora-al-teatro\/","url":"https:\/\/www.eldiariodetucuman.com\/web\/la-vida-de-harvey-weinstein-llega-ahora-al-teatro\/","name":"La vida de Harvey Weinstein llega ahora al teatro - El Diario de Tucuman","isPartOf":{"@id":"https:\/\/www.eldiariodetucuman.com\/web\/#website"},"primaryImageOfPage":{"@id":"https:\/\/www.eldiariodetucuman.com\/web\/la-vida-de-harvey-weinstein-llega-ahora-al-teatro\/#primaryimage"},"image":{"@id":"https:\/\/www.eldiariodetucuman.com\/web\/la-vida-de-harvey-weinstein-llega-ahora-al-teatro\/#primaryimage"},"thumbnailUrl":"https:\/\/www.eldiariodetucuman.com\/web\/wp-content\/uploads\/2018\/02\/c7ff4deed9ecf9031314a064f2b54e29.jpeg","datePublished":"2018-02-24T15:59:02+00:00","dateModified":"2018-02-24T15:59:03+00:00","breadcrumb":{"@id":"https:\/\/www.eldiariodetucuman.com\/web\/la-vida-de-harvey-weinstein-llega-ahora-al-teatro\/#breadcrumb"},"inLanguage":"es","potentialAction":[{"@type":"ReadAction","target":["https:\/\/www.eldiariodetucuman.com\/web\/la-vida-de-harvey-weinstein-llega-ahora-al-teatro\/"]}]},{"@type":"ImageObject","inLanguage":"es","@id":"https:\/\/www.eldiariodetucuman.com\/web\/la-vida-de-harvey-weinstein-llega-ahora-al-teatro\/#primaryimage","url":"https:\/\/www.eldiariodetucuman.com\/web\/wp-content\/uploads\/2018\/02\/c7ff4deed9ecf9031314a064f2b54e29.jpeg","contentUrl":"https:\/\/www.eldiariodetucuman.com\/web\/wp-content\/uploads\/2018\/02\/c7ff4deed9ecf9031314a064f2b54e29.jpeg","width":720,"height":720},{"@type":"BreadcrumbList","@id":"https:\/\/www.eldiariodetucuman.com\/web\/la-vida-de-harvey-weinstein-llega-ahora-al-teatro\/#breadcrumb","itemListElement":[{"@type":"ListItem","position":1,"name":"Portada","item":"https:\/\/www.eldiariodetucuman.com\/web\/"},{"@type":"ListItem","position":2,"name":"La vida de Harvey Weinstein llega ahora al teatro"}]},{"@type":"WebSite","@id":"https:\/\/www.eldiariodetucuman.com\/web\/#website","url":"https:\/\/www.eldiariodetucuman.com\/web\/","name":"El Diario de Tucuman","description":"Diario Tucuman - Informaci\u00f3n y noticias","publisher":{"@id":"https:\/\/www.eldiariodetucuman.com\/web\/#organization"},"potentialAction":[{"@type":"SearchAction","target":{"@type":"EntryPoint","urlTemplate":"https:\/\/www.eldiariodetucuman.com\/web\/?s={search_term_string}"},"query-input":{"@type":"PropertyValueSpecification","valueRequired":true,"valueName":"search_term_string"}}],"inLanguage":"es"},{"@type":"Organization","@id":"https:\/\/www.eldiariodetucuman.com\/web\/#organization","name":"El Diario de Tucuman","url":"https:\/\/www.eldiariodetucuman.com\/web\/","logo":{"@type":"ImageObject","inLanguage":"es","@id":"https:\/\/www.eldiariodetucuman.com\/web\/#\/schema\/logo\/image\/","url":"http:\/\/www.eldiariodetucuman.com\/web\/wp-content\/uploads\/2017\/12\/el-diario-de-tucuman.jpg","contentUrl":"http:\/\/www.eldiariodetucuman.com\/web\/wp-content\/uploads\/2017\/12\/el-diario-de-tucuman.jpg","width":272,"height":92,"caption":"El Diario de Tucuman"},"image":{"@id":"https:\/\/www.eldiariodetucuman.com\/web\/#\/schema\/logo\/image\/"}},{"@type":"Person","@id":"https:\/\/www.eldiariodetucuman.com\/web\/#\/schema\/person\/9250197d75ab5483412e19678b121caa","name":"admin","image":{"@type":"ImageObject","inLanguage":"es","@id":"https:\/\/secure.gravatar.com\/avatar\/c44d117c2be811212c22cb481f6b8384b6873de103fbc49e7a03cc58d7dea4ac?s=96&d=mm&r=g","url":"https:\/\/secure.gravatar.com\/avatar\/c44d117c2be811212c22cb481f6b8384b6873de103fbc49e7a03cc58d7dea4ac?s=96&d=mm&r=g","contentUrl":"https:\/\/secure.gravatar.com\/avatar\/c44d117c2be811212c22cb481f6b8384b6873de103fbc49e7a03cc58d7dea4ac?s=96&d=mm&r=g","caption":"admin"},"url":"https:\/\/www.eldiariodetucuman.com\/web\/author\/admin\/"}]}},"_links":{"self":[{"href":"https:\/\/www.eldiariodetucuman.com\/web\/wp-json\/wp\/v2\/posts\/5823","targetHints":{"allow":["GET"]}}],"collection":[{"href":"https:\/\/www.eldiariodetucuman.com\/web\/wp-json\/wp\/v2\/posts"}],"about":[{"href":"https:\/\/www.eldiariodetucuman.com\/web\/wp-json\/wp\/v2\/types\/post"}],"author":[{"embeddable":true,"href":"https:\/\/www.eldiariodetucuman.com\/web\/wp-json\/wp\/v2\/users\/1"}],"replies":[{"embeddable":true,"href":"https:\/\/www.eldiariodetucuman.com\/web\/wp-json\/wp\/v2\/comments?post=5823"}],"version-history":[{"count":1,"href":"https:\/\/www.eldiariodetucuman.com\/web\/wp-json\/wp\/v2\/posts\/5823\/revisions"}],"predecessor-version":[{"id":5825,"href":"https:\/\/www.eldiariodetucuman.com\/web\/wp-json\/wp\/v2\/posts\/5823\/revisions\/5825"}],"wp:featuredmedia":[{"embeddable":true,"href":"https:\/\/www.eldiariodetucuman.com\/web\/wp-json\/wp\/v2\/media\/5824"}],"wp:attachment":[{"href":"https:\/\/www.eldiariodetucuman.com\/web\/wp-json\/wp\/v2\/media?parent=5823"}],"wp:term":[{"taxonomy":"category","embeddable":true,"href":"https:\/\/www.eldiariodetucuman.com\/web\/wp-json\/wp\/v2\/categories?post=5823"},{"taxonomy":"post_tag","embeddable":true,"href":"https:\/\/www.eldiariodetucuman.com\/web\/wp-json\/wp\/v2\/tags?post=5823"}],"curies":[{"name":"wp","href":"https:\/\/api.w.org\/{rel}","templated":true}]}}