{"id":5816,"date":"2018-02-24T12:37:14","date_gmt":"2018-02-24T15:37:14","guid":{"rendered":"http:\/\/www.eldiariodetucuman.com\/web\/le-quitan-a-ypf-la-concesion-de-dos-areas-petroleras\/"},"modified":"2018-02-24T12:37:16","modified_gmt":"2018-02-24T15:37:16","slug":"le-quitan-a-ypf-la-concesion-de-dos-areas-petroleras","status":"publish","type":"post","link":"https:\/\/www.eldiariodetucuman.com\/web\/le-quitan-a-ypf-la-concesion-de-dos-areas-petroleras\/","title":{"rendered":"Le quitan a YPF la concesi\u00f3n de dos \u00e1reas petroleras"},"content":{"rendered":"<div>\n<div readability=\"54.744582043344\">\n<p>El gobernador de <a href=\"https:\/\/www.elintransigente.com\/noticias\/buscar\/?buscar=chubut\">Chubut<\/a>, Mariano <strong>Arcioni<\/strong>, asegur\u00f3 que<strong> le quitar\u00e1 a la compa\u00f1\u00eda YPF dos \u00e1reas petroleras <\/strong>y advirti\u00f3 que la empresa \u00ab<strong>debe 200 millones de pesos en inversi\u00f3n y no tiene ni a un s\u00f3lo trabajador<\/strong>\u00ab. \u00abYa le di las instrucciones al ministro de Hidrocarburos, Mart\u00edn Cerd\u00e1, porque en esas \u00e1reas deben 200 millones de inversi\u00f3n y no tienen ni a un solo trabajador\u00bb, afirm\u00f3 el mandatario.<\/p>\n<p>Arcioni realiz\u00f3 estas declaraciones en el marco del acto central por el 117\u00b0 Aniversario de la fundaci\u00f3n de Comodoro Rivadavia. En su discurso, el funcionario provincial asegur\u00f3: \u00abQue hoy la empresa emblem\u00e1tica del pa\u00eds, de la Provincia, de Comodoro, no nos est\u00e9 acompa\u00f1ado no es solamente un rev\u00e9s para las autoridades sino tambi\u00e9n para todos los ypefianos que han dado durante d\u00e9cadas lo mejor de s\u00ed para el crecimiento de Comodoro, la Provincia y el pa\u00eds\u00bb.<\/p>\n<p>\u00abLe quiero decir a <a href=\"https:\/\/www.elintransigente.com\/noticias\/buscar\/?buscar=ypf\">YPF<\/a>, a los comodorenses, a la provincia del Chubut, que<strong> la Provincia s\u00ed tiene una deuda con YPF pero ellos tienen una deuda aun mayor con nosotros<\/strong>\u00ab, remarc\u00f3, en declaraciones difundidas por el diario Jornada de esa provincia.<\/p>\n<p>El mandatario chubutense dijo que \u00abhoy m\u00e1s que nunca <strong>necesitamos dar trabajo<\/strong>, acompa\u00f1ar a la Provincia y a Comodoro, por eso las instrucciones ya est\u00e1n dadas\u00bb. Asimismo, advirti\u00f3 que \u00abvan a invertir lo que tienen que invertir y vamos a aplicar todas las multas por los desastres ambientales que vienen provocando\u00bb.<\/p>\n<p>Arcioni se referi\u00f3 a las \u00e1reas denominadas R\u00edo Mayo y Sarmiento, en las que, la Provincia, acusa a la compa\u00f1\u00eda de no haber concretado las \u00abinversiones comprometidas\u00bb. \u201cEs cierto que la provincia tiene una deuda con YPF, pero ellos tienen una deuda aun mayor con nosotros. Es por eso que he dado las instrucciones al ministro de Hidrocarburos, Mart\u00edn Cerd\u00e1, para revertir dos \u00e1reas de YPF, en las cuales deben 200 millones de inversi\u00f3n y no tienen a un solo trabajador\u00bb, dijo Arcioni.<br \/>\n\u00a0<\/p>\n<\/div>\n<\/div>\n<p>Fuente: https:\/\/www.elintransigente.com\/politica\/2018\/2\/24\/le-quitan-ypf-la-concesion-de-dos-areas-petroleras-479885.html<\/p>\n","protected":false},"excerpt":{"rendered":"<p>El gobernador de Chubut, Mariano Arcioni, asegur\u00f3 que le quitar\u00e1 a la compa\u00f1\u00eda YPF dos \u00e1reas petroleras y advirti\u00f3 que la empresa \u00abdebe 200 millones de pesos en inversi\u00f3n y no tiene ni a un s\u00f3lo trabajador\u00ab. \u00abYa le di las instrucciones al ministro de Hidrocarburos, Mart\u00edn Cerd\u00e1, porque en esas \u00e1reas deben 200 millones [&hellip;]<\/p>\n","protected":false},"author":1,"featured_media":5817,"comment_status":"open","ping_status":"closed","sticky":false,"template":"","format":"standard","meta":{"footnotes":""},"categories":[1],"tags":[],"class_list":{"0":"post-5816","1":"post","2":"type-post","3":"status-publish","4":"format-standard","5":"has-post-thumbnail","7":"category-portada"},"yoast_head":"<!-- This site is optimized with the Yoast SEO plugin v27.5 - https:\/\/yoast.com\/product\/yoast-seo-wordpress\/ -->\n<title>Le quitan a YPF la concesi\u00f3n de dos \u00e1reas petroleras - El Diario de Tucuman<\/title>\n<meta name=\"robots\" content=\"index, follow, max-snippet:-1, max-image-preview:large, max-video-preview:-1\" \/>\n<link rel=\"canonical\" href=\"https:\/\/www.eldiariodetucuman.com\/web\/le-quitan-a-ypf-la-concesion-de-dos-areas-petroleras\/\" \/>\n<meta property=\"og:locale\" content=\"es_ES\" \/>\n<meta property=\"og:type\" content=\"article\" \/>\n<meta property=\"og:title\" content=\"Le quitan a YPF la concesi\u00f3n de dos \u00e1reas petroleras - El Diario de Tucuman\" \/>\n<meta property=\"og:description\" content=\"El gobernador de Chubut, Mariano Arcioni, asegur\u00f3 que le quitar\u00e1 a la compa\u00f1\u00eda YPF dos \u00e1reas petroleras y advirti\u00f3 que la empresa \u00abdebe 200 millones de pesos en inversi\u00f3n y no tiene ni a un s\u00f3lo trabajador\u00ab. \u00abYa le di las instrucciones al ministro de Hidrocarburos, Mart\u00edn Cerd\u00e1, porque en esas \u00e1reas deben 200 millones [&hellip;]\" \/>\n<meta property=\"og:url\" content=\"https:\/\/www.eldiariodetucuman.com\/web\/le-quitan-a-ypf-la-concesion-de-dos-areas-petroleras\/\" \/>\n<meta property=\"og:site_name\" content=\"El Diario de Tucuman\" \/>\n<meta property=\"article:published_time\" content=\"2018-02-24T15:37:14+00:00\" \/>\n<meta property=\"article:modified_time\" content=\"2018-02-24T15:37:16+00:00\" \/>\n<meta property=\"og:image\" content=\"https:\/\/www.eldiariodetucuman.com\/web\/wp-content\/uploads\/2018\/02\/5bab9ff77152ec0a5c195378a96a64c2.jpeg\" \/>\n\t<meta property=\"og:image:width\" content=\"960\" \/>\n\t<meta property=\"og:image:height\" content=\"639\" \/>\n\t<meta property=\"og:image:type\" content=\"image\/jpeg\" \/>\n<meta name=\"author\" content=\"admin\" \/>\n<meta name=\"twitter:card\" content=\"summary_large_image\" \/>\n<meta name=\"twitter:label1\" content=\"Escrito por\" \/>\n\t<meta name=\"twitter:data1\" content=\"admin\" \/>\n\t<meta name=\"twitter:label2\" content=\"Tiempo de lectura\" \/>\n\t<meta name=\"twitter:data2\" content=\"2 minutos\" \/>\n<script type=\"application\/ld+json\" class=\"yoast-schema-graph\">{\"@context\":\"https:\\\/\\\/schema.org\",\"@graph\":[{\"@type\":\"Article\",\"@id\":\"https:\\\/\\\/www.eldiariodetucuman.com\\\/web\\\/le-quitan-a-ypf-la-concesion-de-dos-areas-petroleras\\\/#article\",\"isPartOf\":{\"@id\":\"https:\\\/\\\/www.eldiariodetucuman.com\\\/web\\\/le-quitan-a-ypf-la-concesion-de-dos-areas-petroleras\\\/\"},\"author\":{\"name\":\"admin\",\"@id\":\"https:\\\/\\\/www.eldiariodetucuman.com\\\/web\\\/#\\\/schema\\\/person\\\/9250197d75ab5483412e19678b121caa\"},\"headline\":\"Le quitan a YPF la concesi\u00f3n de dos \u00e1reas petroleras\",\"datePublished\":\"2018-02-24T15:37:14+00:00\",\"dateModified\":\"2018-02-24T15:37:16+00:00\",\"mainEntityOfPage\":{\"@id\":\"https:\\\/\\\/www.eldiariodetucuman.com\\\/web\\\/le-quitan-a-ypf-la-concesion-de-dos-areas-petroleras\\\/\"},\"wordCount\":355,\"commentCount\":0,\"publisher\":{\"@id\":\"https:\\\/\\\/www.eldiariodetucuman.com\\\/web\\\/#organization\"},\"image\":{\"@id\":\"https:\\\/\\\/www.eldiariodetucuman.com\\\/web\\\/le-quitan-a-ypf-la-concesion-de-dos-areas-petroleras\\\/#primaryimage\"},\"thumbnailUrl\":\"https:\\\/\\\/www.eldiariodetucuman.com\\\/web\\\/wp-content\\\/uploads\\\/2018\\\/02\\\/5bab9ff77152ec0a5c195378a96a64c2.jpeg\",\"articleSection\":[\"Portada\"],\"inLanguage\":\"es\",\"potentialAction\":[{\"@type\":\"CommentAction\",\"name\":\"Comment\",\"target\":[\"https:\\\/\\\/www.eldiariodetucuman.com\\\/web\\\/le-quitan-a-ypf-la-concesion-de-dos-areas-petroleras\\\/#respond\"]}]},{\"@type\":\"WebPage\",\"@id\":\"https:\\\/\\\/www.eldiariodetucuman.com\\\/web\\\/le-quitan-a-ypf-la-concesion-de-dos-areas-petroleras\\\/\",\"url\":\"https:\\\/\\\/www.eldiariodetucuman.com\\\/web\\\/le-quitan-a-ypf-la-concesion-de-dos-areas-petroleras\\\/\",\"name\":\"Le quitan a YPF la concesi\u00f3n de dos \u00e1reas petroleras - El Diario de Tucuman\",\"isPartOf\":{\"@id\":\"https:\\\/\\\/www.eldiariodetucuman.com\\\/web\\\/#website\"},\"primaryImageOfPage\":{\"@id\":\"https:\\\/\\\/www.eldiariodetucuman.com\\\/web\\\/le-quitan-a-ypf-la-concesion-de-dos-areas-petroleras\\\/#primaryimage\"},\"image\":{\"@id\":\"https:\\\/\\\/www.eldiariodetucuman.com\\\/web\\\/le-quitan-a-ypf-la-concesion-de-dos-areas-petroleras\\\/#primaryimage\"},\"thumbnailUrl\":\"https:\\\/\\\/www.eldiariodetucuman.com\\\/web\\\/wp-content\\\/uploads\\\/2018\\\/02\\\/5bab9ff77152ec0a5c195378a96a64c2.jpeg\",\"datePublished\":\"2018-02-24T15:37:14+00:00\",\"dateModified\":\"2018-02-24T15:37:16+00:00\",\"breadcrumb\":{\"@id\":\"https:\\\/\\\/www.eldiariodetucuman.com\\\/web\\\/le-quitan-a-ypf-la-concesion-de-dos-areas-petroleras\\\/#breadcrumb\"},\"inLanguage\":\"es\",\"potentialAction\":[{\"@type\":\"ReadAction\",\"target\":[\"https:\\\/\\\/www.eldiariodetucuman.com\\\/web\\\/le-quitan-a-ypf-la-concesion-de-dos-areas-petroleras\\\/\"]}]},{\"@type\":\"ImageObject\",\"inLanguage\":\"es\",\"@id\":\"https:\\\/\\\/www.eldiariodetucuman.com\\\/web\\\/le-quitan-a-ypf-la-concesion-de-dos-areas-petroleras\\\/#primaryimage\",\"url\":\"https:\\\/\\\/www.eldiariodetucuman.com\\\/web\\\/wp-content\\\/uploads\\\/2018\\\/02\\\/5bab9ff77152ec0a5c195378a96a64c2.jpeg\",\"contentUrl\":\"https:\\\/\\\/www.eldiariodetucuman.com\\\/web\\\/wp-content\\\/uploads\\\/2018\\\/02\\\/5bab9ff77152ec0a5c195378a96a64c2.jpeg\",\"width\":960,\"height\":639},{\"@type\":\"BreadcrumbList\",\"@id\":\"https:\\\/\\\/www.eldiariodetucuman.com\\\/web\\\/le-quitan-a-ypf-la-concesion-de-dos-areas-petroleras\\\/#breadcrumb\",\"itemListElement\":[{\"@type\":\"ListItem\",\"position\":1,\"name\":\"Portada\",\"item\":\"https:\\\/\\\/www.eldiariodetucuman.com\\\/web\\\/\"},{\"@type\":\"ListItem\",\"position\":2,\"name\":\"Le quitan a YPF la concesi\u00f3n de dos \u00e1reas petroleras\"}]},{\"@type\":\"WebSite\",\"@id\":\"https:\\\/\\\/www.eldiariodetucuman.com\\\/web\\\/#website\",\"url\":\"https:\\\/\\\/www.eldiariodetucuman.com\\\/web\\\/\",\"name\":\"El Diario de Tucuman\",\"description\":\"Diario Tucuman - Informaci\u00f3n y noticias\",\"publisher\":{\"@id\":\"https:\\\/\\\/www.eldiariodetucuman.com\\\/web\\\/#organization\"},\"potentialAction\":[{\"@type\":\"SearchAction\",\"target\":{\"@type\":\"EntryPoint\",\"urlTemplate\":\"https:\\\/\\\/www.eldiariodetucuman.com\\\/web\\\/?s={search_term_string}\"},\"query-input\":{\"@type\":\"PropertyValueSpecification\",\"valueRequired\":true,\"valueName\":\"search_term_string\"}}],\"inLanguage\":\"es\"},{\"@type\":\"Organization\",\"@id\":\"https:\\\/\\\/www.eldiariodetucuman.com\\\/web\\\/#organization\",\"name\":\"El Diario de Tucuman\",\"url\":\"https:\\\/\\\/www.eldiariodetucuman.com\\\/web\\\/\",\"logo\":{\"@type\":\"ImageObject\",\"inLanguage\":\"es\",\"@id\":\"https:\\\/\\\/www.eldiariodetucuman.com\\\/web\\\/#\\\/schema\\\/logo\\\/image\\\/\",\"url\":\"http:\\\/\\\/www.eldiariodetucuman.com\\\/web\\\/wp-content\\\/uploads\\\/2017\\\/12\\\/el-diario-de-tucuman.jpg\",\"contentUrl\":\"http:\\\/\\\/www.eldiariodetucuman.com\\\/web\\\/wp-content\\\/uploads\\\/2017\\\/12\\\/el-diario-de-tucuman.jpg\",\"width\":272,\"height\":92,\"caption\":\"El Diario de Tucuman\"},\"image\":{\"@id\":\"https:\\\/\\\/www.eldiariodetucuman.com\\\/web\\\/#\\\/schema\\\/logo\\\/image\\\/\"}},{\"@type\":\"Person\",\"@id\":\"https:\\\/\\\/www.eldiariodetucuman.com\\\/web\\\/#\\\/schema\\\/person\\\/9250197d75ab5483412e19678b121caa\",\"name\":\"admin\",\"image\":{\"@type\":\"ImageObject\",\"inLanguage\":\"es\",\"@id\":\"https:\\\/\\\/secure.gravatar.com\\\/avatar\\\/c44d117c2be811212c22cb481f6b8384b6873de103fbc49e7a03cc58d7dea4ac?s=96&d=mm&r=g\",\"url\":\"https:\\\/\\\/secure.gravatar.com\\\/avatar\\\/c44d117c2be811212c22cb481f6b8384b6873de103fbc49e7a03cc58d7dea4ac?s=96&d=mm&r=g\",\"contentUrl\":\"https:\\\/\\\/secure.gravatar.com\\\/avatar\\\/c44d117c2be811212c22cb481f6b8384b6873de103fbc49e7a03cc58d7dea4ac?s=96&d=mm&r=g\",\"caption\":\"admin\"},\"url\":\"https:\\\/\\\/www.eldiariodetucuman.com\\\/web\\\/author\\\/admin\\\/\"}]}<\/script>\n<!-- \/ Yoast SEO plugin. -->","yoast_head_json":{"title":"Le quitan a YPF la concesi\u00f3n de dos \u00e1reas petroleras - El Diario de Tucuman","robots":{"index":"index","follow":"follow","max-snippet":"max-snippet:-1","max-image-preview":"max-image-preview:large","max-video-preview":"max-video-preview:-1"},"canonical":"https:\/\/www.eldiariodetucuman.com\/web\/le-quitan-a-ypf-la-concesion-de-dos-areas-petroleras\/","og_locale":"es_ES","og_type":"article","og_title":"Le quitan a YPF la concesi\u00f3n de dos \u00e1reas petroleras - El Diario de Tucuman","og_description":"El gobernador de Chubut, Mariano Arcioni, asegur\u00f3 que le quitar\u00e1 a la compa\u00f1\u00eda YPF dos \u00e1reas petroleras y advirti\u00f3 que la empresa \u00abdebe 200 millones de pesos en inversi\u00f3n y no tiene ni a un s\u00f3lo trabajador\u00ab. \u00abYa le di las instrucciones al ministro de Hidrocarburos, Mart\u00edn Cerd\u00e1, porque en esas \u00e1reas deben 200 millones [&hellip;]","og_url":"https:\/\/www.eldiariodetucuman.com\/web\/le-quitan-a-ypf-la-concesion-de-dos-areas-petroleras\/","og_site_name":"El Diario de Tucuman","article_published_time":"2018-02-24T15:37:14+00:00","article_modified_time":"2018-02-24T15:37:16+00:00","og_image":[{"width":960,"height":639,"url":"https:\/\/www.eldiariodetucuman.com\/web\/wp-content\/uploads\/2018\/02\/5bab9ff77152ec0a5c195378a96a64c2.jpeg","type":"image\/jpeg"}],"author":"admin","twitter_card":"summary_large_image","twitter_misc":{"Escrito por":"admin","Tiempo de lectura":"2 minutos"},"schema":{"@context":"https:\/\/schema.org","@graph":[{"@type":"Article","@id":"https:\/\/www.eldiariodetucuman.com\/web\/le-quitan-a-ypf-la-concesion-de-dos-areas-petroleras\/#article","isPartOf":{"@id":"https:\/\/www.eldiariodetucuman.com\/web\/le-quitan-a-ypf-la-concesion-de-dos-areas-petroleras\/"},"author":{"name":"admin","@id":"https:\/\/www.eldiariodetucuman.com\/web\/#\/schema\/person\/9250197d75ab5483412e19678b121caa"},"headline":"Le quitan a YPF la concesi\u00f3n de dos \u00e1reas petroleras","datePublished":"2018-02-24T15:37:14+00:00","dateModified":"2018-02-24T15:37:16+00:00","mainEntityOfPage":{"@id":"https:\/\/www.eldiariodetucuman.com\/web\/le-quitan-a-ypf-la-concesion-de-dos-areas-petroleras\/"},"wordCount":355,"commentCount":0,"publisher":{"@id":"https:\/\/www.eldiariodetucuman.com\/web\/#organization"},"image":{"@id":"https:\/\/www.eldiariodetucuman.com\/web\/le-quitan-a-ypf-la-concesion-de-dos-areas-petroleras\/#primaryimage"},"thumbnailUrl":"https:\/\/www.eldiariodetucuman.com\/web\/wp-content\/uploads\/2018\/02\/5bab9ff77152ec0a5c195378a96a64c2.jpeg","articleSection":["Portada"],"inLanguage":"es","potentialAction":[{"@type":"CommentAction","name":"Comment","target":["https:\/\/www.eldiariodetucuman.com\/web\/le-quitan-a-ypf-la-concesion-de-dos-areas-petroleras\/#respond"]}]},{"@type":"WebPage","@id":"https:\/\/www.eldiariodetucuman.com\/web\/le-quitan-a-ypf-la-concesion-de-dos-areas-petroleras\/","url":"https:\/\/www.eldiariodetucuman.com\/web\/le-quitan-a-ypf-la-concesion-de-dos-areas-petroleras\/","name":"Le quitan a YPF la concesi\u00f3n de dos \u00e1reas petroleras - El Diario de Tucuman","isPartOf":{"@id":"https:\/\/www.eldiariodetucuman.com\/web\/#website"},"primaryImageOfPage":{"@id":"https:\/\/www.eldiariodetucuman.com\/web\/le-quitan-a-ypf-la-concesion-de-dos-areas-petroleras\/#primaryimage"},"image":{"@id":"https:\/\/www.eldiariodetucuman.com\/web\/le-quitan-a-ypf-la-concesion-de-dos-areas-petroleras\/#primaryimage"},"thumbnailUrl":"https:\/\/www.eldiariodetucuman.com\/web\/wp-content\/uploads\/2018\/02\/5bab9ff77152ec0a5c195378a96a64c2.jpeg","datePublished":"2018-02-24T15:37:14+00:00","dateModified":"2018-02-24T15:37:16+00:00","breadcrumb":{"@id":"https:\/\/www.eldiariodetucuman.com\/web\/le-quitan-a-ypf-la-concesion-de-dos-areas-petroleras\/#breadcrumb"},"inLanguage":"es","potentialAction":[{"@type":"ReadAction","target":["https:\/\/www.eldiariodetucuman.com\/web\/le-quitan-a-ypf-la-concesion-de-dos-areas-petroleras\/"]}]},{"@type":"ImageObject","inLanguage":"es","@id":"https:\/\/www.eldiariodetucuman.com\/web\/le-quitan-a-ypf-la-concesion-de-dos-areas-petroleras\/#primaryimage","url":"https:\/\/www.eldiariodetucuman.com\/web\/wp-content\/uploads\/2018\/02\/5bab9ff77152ec0a5c195378a96a64c2.jpeg","contentUrl":"https:\/\/www.eldiariodetucuman.com\/web\/wp-content\/uploads\/2018\/02\/5bab9ff77152ec0a5c195378a96a64c2.jpeg","width":960,"height":639},{"@type":"BreadcrumbList","@id":"https:\/\/www.eldiariodetucuman.com\/web\/le-quitan-a-ypf-la-concesion-de-dos-areas-petroleras\/#breadcrumb","itemListElement":[{"@type":"ListItem","position":1,"name":"Portada","item":"https:\/\/www.eldiariodetucuman.com\/web\/"},{"@type":"ListItem","position":2,"name":"Le quitan a YPF la concesi\u00f3n de dos \u00e1reas petroleras"}]},{"@type":"WebSite","@id":"https:\/\/www.eldiariodetucuman.com\/web\/#website","url":"https:\/\/www.eldiariodetucuman.com\/web\/","name":"El Diario de Tucuman","description":"Diario Tucuman - Informaci\u00f3n y noticias","publisher":{"@id":"https:\/\/www.eldiariodetucuman.com\/web\/#organization"},"potentialAction":[{"@type":"SearchAction","target":{"@type":"EntryPoint","urlTemplate":"https:\/\/www.eldiariodetucuman.com\/web\/?s={search_term_string}"},"query-input":{"@type":"PropertyValueSpecification","valueRequired":true,"valueName":"search_term_string"}}],"inLanguage":"es"},{"@type":"Organization","@id":"https:\/\/www.eldiariodetucuman.com\/web\/#organization","name":"El Diario de Tucuman","url":"https:\/\/www.eldiariodetucuman.com\/web\/","logo":{"@type":"ImageObject","inLanguage":"es","@id":"https:\/\/www.eldiariodetucuman.com\/web\/#\/schema\/logo\/image\/","url":"http:\/\/www.eldiariodetucuman.com\/web\/wp-content\/uploads\/2017\/12\/el-diario-de-tucuman.jpg","contentUrl":"http:\/\/www.eldiariodetucuman.com\/web\/wp-content\/uploads\/2017\/12\/el-diario-de-tucuman.jpg","width":272,"height":92,"caption":"El Diario de Tucuman"},"image":{"@id":"https:\/\/www.eldiariodetucuman.com\/web\/#\/schema\/logo\/image\/"}},{"@type":"Person","@id":"https:\/\/www.eldiariodetucuman.com\/web\/#\/schema\/person\/9250197d75ab5483412e19678b121caa","name":"admin","image":{"@type":"ImageObject","inLanguage":"es","@id":"https:\/\/secure.gravatar.com\/avatar\/c44d117c2be811212c22cb481f6b8384b6873de103fbc49e7a03cc58d7dea4ac?s=96&d=mm&r=g","url":"https:\/\/secure.gravatar.com\/avatar\/c44d117c2be811212c22cb481f6b8384b6873de103fbc49e7a03cc58d7dea4ac?s=96&d=mm&r=g","contentUrl":"https:\/\/secure.gravatar.com\/avatar\/c44d117c2be811212c22cb481f6b8384b6873de103fbc49e7a03cc58d7dea4ac?s=96&d=mm&r=g","caption":"admin"},"url":"https:\/\/www.eldiariodetucuman.com\/web\/author\/admin\/"}]}},"_links":{"self":[{"href":"https:\/\/www.eldiariodetucuman.com\/web\/wp-json\/wp\/v2\/posts\/5816","targetHints":{"allow":["GET"]}}],"collection":[{"href":"https:\/\/www.eldiariodetucuman.com\/web\/wp-json\/wp\/v2\/posts"}],"about":[{"href":"https:\/\/www.eldiariodetucuman.com\/web\/wp-json\/wp\/v2\/types\/post"}],"author":[{"embeddable":true,"href":"https:\/\/www.eldiariodetucuman.com\/web\/wp-json\/wp\/v2\/users\/1"}],"replies":[{"embeddable":true,"href":"https:\/\/www.eldiariodetucuman.com\/web\/wp-json\/wp\/v2\/comments?post=5816"}],"version-history":[{"count":1,"href":"https:\/\/www.eldiariodetucuman.com\/web\/wp-json\/wp\/v2\/posts\/5816\/revisions"}],"predecessor-version":[{"id":5818,"href":"https:\/\/www.eldiariodetucuman.com\/web\/wp-json\/wp\/v2\/posts\/5816\/revisions\/5818"}],"wp:featuredmedia":[{"embeddable":true,"href":"https:\/\/www.eldiariodetucuman.com\/web\/wp-json\/wp\/v2\/media\/5817"}],"wp:attachment":[{"href":"https:\/\/www.eldiariodetucuman.com\/web\/wp-json\/wp\/v2\/media?parent=5816"}],"wp:term":[{"taxonomy":"category","embeddable":true,"href":"https:\/\/www.eldiariodetucuman.com\/web\/wp-json\/wp\/v2\/categories?post=5816"},{"taxonomy":"post_tag","embeddable":true,"href":"https:\/\/www.eldiariodetucuman.com\/web\/wp-json\/wp\/v2\/tags?post=5816"}],"curies":[{"name":"wp","href":"https:\/\/api.w.org\/{rel}","templated":true}]}}