{"id":5810,"date":"2018-02-24T12:00:35","date_gmt":"2018-02-24T15:00:35","guid":{"rendered":"http:\/\/www.eldiariodetucuman.com\/web\/abraham-dijo-que-fue-victima-de-un-asalto-en-un-hotel-al-declarar-en-la-causa-por-la-que-tenia-pedido-de-captura\/"},"modified":"2018-02-24T12:00:38","modified_gmt":"2018-02-24T15:00:38","slug":"abraham-dijo-que-fue-victima-de-un-asalto-en-un-hotel-al-declarar-en-la-causa-por-la-que-tenia-pedido-de-captura","status":"publish","type":"post","link":"https:\/\/www.eldiariodetucuman.com\/web\/abraham-dijo-que-fue-victima-de-un-asalto-en-un-hotel-al-declarar-en-la-causa-por-la-que-tenia-pedido-de-captura\/","title":{"rendered":"Abraham dijo que fue v\u00edctima de un asalto en un hotel al declarar en la causa por la que ten\u00eda pedido de captura"},"content":{"rendered":"<div>\n<div readability=\"68.821209465381\">\n<p><b>M\u00e1ximo Abraham <\/b>respondi\u00f3 ayer en el marco de la causa en la que est\u00e1 acusado de tentativa de homicidio y por la que ten\u00eda pedido de captura desde octubre pasado solicitada por la fiscal\u00eda III. Seg\u00fan consta en el expediente judicial, el joven de 21 a\u00f1os hiri\u00f3 gravemente con su arma de fuego a otro hombre, que finalmente termin\u00f3 siendo asesinado tres meses despu\u00e9s en un hecho vinculado a drogas.<\/p>\n<p>\u201cMaxi\u201d dijo en Tribunales que \u00e9l hab\u00eda herido a la v\u00edctima porque habr\u00eda intentado robar la recaudaci\u00f3n de uno de sus hoteles alojamiento.  Sin embargo, los investigadores creen que en realidad Abraham hiri\u00f3 al joven por una cuesti\u00f3n de drogas, ya que la v\u00edctima se habr\u00eda dedicado a la venta de estupefacientes.<\/p>\n<p><a href=\"https:\/\/www.lagaceta.com.ar\/nota\/762310\/actualidad\/se-cae-coartada-dio-abraham-sobre-lo-hizo-dia-ocurrio-doble-crimen.html\" mce_href=\"https:\/\/www.lagaceta.com.ar\/nota\/762310\/actualidad\/se-cae-coartada-dio-abraham-sobre-lo-hizo-dia-ocurrio-doble-crimen.html\" target=\"_blank\" class=\"style link\">Se cae la coartada que dio Abraham sobre lo que hizo el d\u00eda en el que ocurri\u00f3 el doble crimen<\/a><\/p>\n<p>La hermana de Abraham se hab\u00eda referido a este caso en un audio que se viraliz\u00f3 a trav\u00e9s de Whatsapp. La joven hab\u00eda comentado que entre noviembre y diciembre del a\u00f1o pasado su hermano mantuvo una fuerte discusi\u00f3n con otra persona en uno de los hoteles y que le dispar\u00f3 tres veces: \u00abha ido a parar al (hospital) Padilla, gracias a Dios no se ha muerto, pero estaba con pedido de captura Maxi. Y ahora se ha mandado este moco. Ya ven\u00eda mal, era sabido que iba a ocurrir una tragedia as\u00ed\u00bb.<\/p>\n<p><span class=\"style frase\">Paco Pic\u00f3n, subjefe de la fuerza, se\u00f1al\u00f3 que el lugar donde se encuentra detenido el acusado del doble crimen se mantiene en reserva y reforzado por su seguridad.<\/span><\/p>\n<p>Los polic\u00edas <b>Sergio P\u00e1ez Gonz\u00e1lez<\/b> (44 a\u00f1os) y <b>Cristian Peralta<\/b> (37) fueron asesinados a balazos en la madrugada del martes frente a la Casa del Obispo Colombres, en el parque 9 de Julio.\u00a0<\/p>\n<p class=\"style link\"><a href=\"https:\/\/www.lagaceta.com.ar\/nota\/762181\/actualidad\/no-tengo-nada-ver-crimen-esto-complot-para-perjudicarme-dijo-abraham.html\" mce_href=\"https:\/\/www.lagaceta.com.ar\/nota\/762181\/actualidad\/no-tengo-nada-ver-crimen-esto-complot-para-perjudicarme-dijo-abraham.html\" target=\"_blank\" class=\"style link\">\u201cNo tengo nada que ver con el crimen; esto es un complot para perjudicarme\u201d, dijo Abraham<\/a><\/p>\n<p>Si bien es cierto que se logr\u00f3 identificar al sospechoso, por el momento no est\u00e1n claros los m\u00f3viles del crimen. Una de las hip\u00f3tesis que se manejan es que Abraham dispar\u00f3 contra los uniformados para evitar ser arrestado, aunque las v\u00edctimas ten\u00edan pocas chances de conocer que estaba pr\u00f3fugo de la Justicia. Tampoco se descart\u00f3 que el sospechoso est\u00e9 vinculado al negocio de la prostituci\u00f3n trans en el parque 9 de Julio y, por alguna raz\u00f3n que se desconoce, ultim\u00f3 fr\u00edamente a los efectivos.<\/p>\n<\/p><\/div>\n<\/div>\n<p>Fuente: http:\/\/www.lagaceta.com.ar\/nota\/762344\/actualidad\/abraham-dijo-fue-victima-asalto-hotel-al-declarar-causa-tenia-pedido-captura.html<\/p>\n","protected":false},"excerpt":{"rendered":"<p>M\u00e1ximo Abraham respondi\u00f3 ayer en el marco de la causa en la que est\u00e1 acusado de tentativa de homicidio y por la que ten\u00eda pedido de captura desde octubre pasado solicitada por la fiscal\u00eda III. Seg\u00fan consta en el expediente judicial, el joven de 21 a\u00f1os hiri\u00f3 gravemente con su arma de fuego a otro [&hellip;]<\/p>\n","protected":false},"author":1,"featured_media":5811,"comment_status":"open","ping_status":"closed","sticky":false,"template":"","format":"standard","meta":{"footnotes":""},"categories":[1],"tags":[],"class_list":{"0":"post-5810","1":"post","2":"type-post","3":"status-publish","4":"format-standard","5":"has-post-thumbnail","7":"category-portada"},"yoast_head":"<!-- This site is optimized with the Yoast SEO plugin v27.5 - https:\/\/yoast.com\/product\/yoast-seo-wordpress\/ -->\n<title>Abraham dijo que fue v\u00edctima de un asalto en un hotel al declarar en la causa por la que ten\u00eda pedido de captura - El Diario de Tucuman<\/title>\n<meta name=\"robots\" content=\"index, follow, max-snippet:-1, max-image-preview:large, max-video-preview:-1\" \/>\n<link rel=\"canonical\" href=\"https:\/\/www.eldiariodetucuman.com\/web\/abraham-dijo-que-fue-victima-de-un-asalto-en-un-hotel-al-declarar-en-la-causa-por-la-que-tenia-pedido-de-captura\/\" \/>\n<meta property=\"og:locale\" content=\"es_ES\" \/>\n<meta property=\"og:type\" content=\"article\" \/>\n<meta property=\"og:title\" content=\"Abraham dijo que fue v\u00edctima de un asalto en un hotel al declarar en la causa por la que ten\u00eda pedido de captura - El Diario de Tucuman\" \/>\n<meta property=\"og:description\" content=\"M\u00e1ximo Abraham respondi\u00f3 ayer en el marco de la causa en la que est\u00e1 acusado de tentativa de homicidio y por la que ten\u00eda pedido de captura desde octubre pasado solicitada por la fiscal\u00eda III. Seg\u00fan consta en el expediente judicial, el joven de 21 a\u00f1os hiri\u00f3 gravemente con su arma de fuego a otro [&hellip;]\" \/>\n<meta property=\"og:url\" content=\"https:\/\/www.eldiariodetucuman.com\/web\/abraham-dijo-que-fue-victima-de-un-asalto-en-un-hotel-al-declarar-en-la-causa-por-la-que-tenia-pedido-de-captura\/\" \/>\n<meta property=\"og:site_name\" content=\"El Diario de Tucuman\" \/>\n<meta property=\"article:published_time\" content=\"2018-02-24T15:00:35+00:00\" \/>\n<meta property=\"article:modified_time\" content=\"2018-02-24T15:00:38+00:00\" \/>\n<meta property=\"og:image\" content=\"https:\/\/www.eldiariodetucuman.com\/web\/wp-content\/uploads\/2018\/02\/6ea80edaf8c3afca61944426f104589b.jpeg\" \/>\n\t<meta property=\"og:image:width\" content=\"1500\" \/>\n\t<meta property=\"og:image:height\" content=\"850\" \/>\n\t<meta property=\"og:image:type\" content=\"image\/jpeg\" \/>\n<meta name=\"author\" content=\"admin\" \/>\n<meta name=\"twitter:card\" content=\"summary_large_image\" \/>\n<meta name=\"twitter:label1\" content=\"Escrito por\" \/>\n\t<meta name=\"twitter:data1\" content=\"admin\" \/>\n\t<meta name=\"twitter:label2\" content=\"Tiempo de lectura\" \/>\n\t<meta name=\"twitter:data2\" content=\"2 minutos\" \/>\n<script type=\"application\/ld+json\" class=\"yoast-schema-graph\">{\"@context\":\"https:\\\/\\\/schema.org\",\"@graph\":[{\"@type\":\"Article\",\"@id\":\"https:\\\/\\\/www.eldiariodetucuman.com\\\/web\\\/abraham-dijo-que-fue-victima-de-un-asalto-en-un-hotel-al-declarar-en-la-causa-por-la-que-tenia-pedido-de-captura\\\/#article\",\"isPartOf\":{\"@id\":\"https:\\\/\\\/www.eldiariodetucuman.com\\\/web\\\/abraham-dijo-que-fue-victima-de-un-asalto-en-un-hotel-al-declarar-en-la-causa-por-la-que-tenia-pedido-de-captura\\\/\"},\"author\":{\"name\":\"admin\",\"@id\":\"https:\\\/\\\/www.eldiariodetucuman.com\\\/web\\\/#\\\/schema\\\/person\\\/9250197d75ab5483412e19678b121caa\"},\"headline\":\"Abraham dijo que fue v\u00edctima de un asalto en un hotel al declarar en la causa por la que ten\u00eda pedido de captura\",\"datePublished\":\"2018-02-24T15:00:35+00:00\",\"dateModified\":\"2018-02-24T15:00:38+00:00\",\"mainEntityOfPage\":{\"@id\":\"https:\\\/\\\/www.eldiariodetucuman.com\\\/web\\\/abraham-dijo-que-fue-victima-de-un-asalto-en-un-hotel-al-declarar-en-la-causa-por-la-que-tenia-pedido-de-captura\\\/\"},\"wordCount\":460,\"commentCount\":0,\"publisher\":{\"@id\":\"https:\\\/\\\/www.eldiariodetucuman.com\\\/web\\\/#organization\"},\"image\":{\"@id\":\"https:\\\/\\\/www.eldiariodetucuman.com\\\/web\\\/abraham-dijo-que-fue-victima-de-un-asalto-en-un-hotel-al-declarar-en-la-causa-por-la-que-tenia-pedido-de-captura\\\/#primaryimage\"},\"thumbnailUrl\":\"https:\\\/\\\/www.eldiariodetucuman.com\\\/web\\\/wp-content\\\/uploads\\\/2018\\\/02\\\/6ea80edaf8c3afca61944426f104589b.jpeg\",\"articleSection\":[\"Portada\"],\"inLanguage\":\"es\",\"potentialAction\":[{\"@type\":\"CommentAction\",\"name\":\"Comment\",\"target\":[\"https:\\\/\\\/www.eldiariodetucuman.com\\\/web\\\/abraham-dijo-que-fue-victima-de-un-asalto-en-un-hotel-al-declarar-en-la-causa-por-la-que-tenia-pedido-de-captura\\\/#respond\"]}]},{\"@type\":\"WebPage\",\"@id\":\"https:\\\/\\\/www.eldiariodetucuman.com\\\/web\\\/abraham-dijo-que-fue-victima-de-un-asalto-en-un-hotel-al-declarar-en-la-causa-por-la-que-tenia-pedido-de-captura\\\/\",\"url\":\"https:\\\/\\\/www.eldiariodetucuman.com\\\/web\\\/abraham-dijo-que-fue-victima-de-un-asalto-en-un-hotel-al-declarar-en-la-causa-por-la-que-tenia-pedido-de-captura\\\/\",\"name\":\"Abraham dijo que fue v\u00edctima de un asalto en un hotel al declarar en la causa por la que ten\u00eda pedido de captura - El Diario de Tucuman\",\"isPartOf\":{\"@id\":\"https:\\\/\\\/www.eldiariodetucuman.com\\\/web\\\/#website\"},\"primaryImageOfPage\":{\"@id\":\"https:\\\/\\\/www.eldiariodetucuman.com\\\/web\\\/abraham-dijo-que-fue-victima-de-un-asalto-en-un-hotel-al-declarar-en-la-causa-por-la-que-tenia-pedido-de-captura\\\/#primaryimage\"},\"image\":{\"@id\":\"https:\\\/\\\/www.eldiariodetucuman.com\\\/web\\\/abraham-dijo-que-fue-victima-de-un-asalto-en-un-hotel-al-declarar-en-la-causa-por-la-que-tenia-pedido-de-captura\\\/#primaryimage\"},\"thumbnailUrl\":\"https:\\\/\\\/www.eldiariodetucuman.com\\\/web\\\/wp-content\\\/uploads\\\/2018\\\/02\\\/6ea80edaf8c3afca61944426f104589b.jpeg\",\"datePublished\":\"2018-02-24T15:00:35+00:00\",\"dateModified\":\"2018-02-24T15:00:38+00:00\",\"breadcrumb\":{\"@id\":\"https:\\\/\\\/www.eldiariodetucuman.com\\\/web\\\/abraham-dijo-que-fue-victima-de-un-asalto-en-un-hotel-al-declarar-en-la-causa-por-la-que-tenia-pedido-de-captura\\\/#breadcrumb\"},\"inLanguage\":\"es\",\"potentialAction\":[{\"@type\":\"ReadAction\",\"target\":[\"https:\\\/\\\/www.eldiariodetucuman.com\\\/web\\\/abraham-dijo-que-fue-victima-de-un-asalto-en-un-hotel-al-declarar-en-la-causa-por-la-que-tenia-pedido-de-captura\\\/\"]}]},{\"@type\":\"ImageObject\",\"inLanguage\":\"es\",\"@id\":\"https:\\\/\\\/www.eldiariodetucuman.com\\\/web\\\/abraham-dijo-que-fue-victima-de-un-asalto-en-un-hotel-al-declarar-en-la-causa-por-la-que-tenia-pedido-de-captura\\\/#primaryimage\",\"url\":\"https:\\\/\\\/www.eldiariodetucuman.com\\\/web\\\/wp-content\\\/uploads\\\/2018\\\/02\\\/6ea80edaf8c3afca61944426f104589b.jpeg\",\"contentUrl\":\"https:\\\/\\\/www.eldiariodetucuman.com\\\/web\\\/wp-content\\\/uploads\\\/2018\\\/02\\\/6ea80edaf8c3afca61944426f104589b.jpeg\",\"width\":1500,\"height\":850},{\"@type\":\"BreadcrumbList\",\"@id\":\"https:\\\/\\\/www.eldiariodetucuman.com\\\/web\\\/abraham-dijo-que-fue-victima-de-un-asalto-en-un-hotel-al-declarar-en-la-causa-por-la-que-tenia-pedido-de-captura\\\/#breadcrumb\",\"itemListElement\":[{\"@type\":\"ListItem\",\"position\":1,\"name\":\"Portada\",\"item\":\"https:\\\/\\\/www.eldiariodetucuman.com\\\/web\\\/\"},{\"@type\":\"ListItem\",\"position\":2,\"name\":\"Abraham dijo que fue v\u00edctima de un asalto en un hotel al declarar en la causa por la que ten\u00eda pedido de captura\"}]},{\"@type\":\"WebSite\",\"@id\":\"https:\\\/\\\/www.eldiariodetucuman.com\\\/web\\\/#website\",\"url\":\"https:\\\/\\\/www.eldiariodetucuman.com\\\/web\\\/\",\"name\":\"El Diario de Tucuman\",\"description\":\"Diario Tucuman - Informaci\u00f3n y noticias\",\"publisher\":{\"@id\":\"https:\\\/\\\/www.eldiariodetucuman.com\\\/web\\\/#organization\"},\"potentialAction\":[{\"@type\":\"SearchAction\",\"target\":{\"@type\":\"EntryPoint\",\"urlTemplate\":\"https:\\\/\\\/www.eldiariodetucuman.com\\\/web\\\/?s={search_term_string}\"},\"query-input\":{\"@type\":\"PropertyValueSpecification\",\"valueRequired\":true,\"valueName\":\"search_term_string\"}}],\"inLanguage\":\"es\"},{\"@type\":\"Organization\",\"@id\":\"https:\\\/\\\/www.eldiariodetucuman.com\\\/web\\\/#organization\",\"name\":\"El Diario de Tucuman\",\"url\":\"https:\\\/\\\/www.eldiariodetucuman.com\\\/web\\\/\",\"logo\":{\"@type\":\"ImageObject\",\"inLanguage\":\"es\",\"@id\":\"https:\\\/\\\/www.eldiariodetucuman.com\\\/web\\\/#\\\/schema\\\/logo\\\/image\\\/\",\"url\":\"http:\\\/\\\/www.eldiariodetucuman.com\\\/web\\\/wp-content\\\/uploads\\\/2017\\\/12\\\/el-diario-de-tucuman.jpg\",\"contentUrl\":\"http:\\\/\\\/www.eldiariodetucuman.com\\\/web\\\/wp-content\\\/uploads\\\/2017\\\/12\\\/el-diario-de-tucuman.jpg\",\"width\":272,\"height\":92,\"caption\":\"El Diario de Tucuman\"},\"image\":{\"@id\":\"https:\\\/\\\/www.eldiariodetucuman.com\\\/web\\\/#\\\/schema\\\/logo\\\/image\\\/\"}},{\"@type\":\"Person\",\"@id\":\"https:\\\/\\\/www.eldiariodetucuman.com\\\/web\\\/#\\\/schema\\\/person\\\/9250197d75ab5483412e19678b121caa\",\"name\":\"admin\",\"image\":{\"@type\":\"ImageObject\",\"inLanguage\":\"es\",\"@id\":\"https:\\\/\\\/secure.gravatar.com\\\/avatar\\\/c44d117c2be811212c22cb481f6b8384b6873de103fbc49e7a03cc58d7dea4ac?s=96&d=mm&r=g\",\"url\":\"https:\\\/\\\/secure.gravatar.com\\\/avatar\\\/c44d117c2be811212c22cb481f6b8384b6873de103fbc49e7a03cc58d7dea4ac?s=96&d=mm&r=g\",\"contentUrl\":\"https:\\\/\\\/secure.gravatar.com\\\/avatar\\\/c44d117c2be811212c22cb481f6b8384b6873de103fbc49e7a03cc58d7dea4ac?s=96&d=mm&r=g\",\"caption\":\"admin\"},\"url\":\"https:\\\/\\\/www.eldiariodetucuman.com\\\/web\\\/author\\\/admin\\\/\"}]}<\/script>\n<!-- \/ Yoast SEO plugin. -->","yoast_head_json":{"title":"Abraham dijo que fue v\u00edctima de un asalto en un hotel al declarar en la causa por la que ten\u00eda pedido de captura - El Diario de Tucuman","robots":{"index":"index","follow":"follow","max-snippet":"max-snippet:-1","max-image-preview":"max-image-preview:large","max-video-preview":"max-video-preview:-1"},"canonical":"https:\/\/www.eldiariodetucuman.com\/web\/abraham-dijo-que-fue-victima-de-un-asalto-en-un-hotel-al-declarar-en-la-causa-por-la-que-tenia-pedido-de-captura\/","og_locale":"es_ES","og_type":"article","og_title":"Abraham dijo que fue v\u00edctima de un asalto en un hotel al declarar en la causa por la que ten\u00eda pedido de captura - El Diario de Tucuman","og_description":"M\u00e1ximo Abraham respondi\u00f3 ayer en el marco de la causa en la que est\u00e1 acusado de tentativa de homicidio y por la que ten\u00eda pedido de captura desde octubre pasado solicitada por la fiscal\u00eda III. Seg\u00fan consta en el expediente judicial, el joven de 21 a\u00f1os hiri\u00f3 gravemente con su arma de fuego a otro [&hellip;]","og_url":"https:\/\/www.eldiariodetucuman.com\/web\/abraham-dijo-que-fue-victima-de-un-asalto-en-un-hotel-al-declarar-en-la-causa-por-la-que-tenia-pedido-de-captura\/","og_site_name":"El Diario de Tucuman","article_published_time":"2018-02-24T15:00:35+00:00","article_modified_time":"2018-02-24T15:00:38+00:00","og_image":[{"width":1500,"height":850,"url":"https:\/\/www.eldiariodetucuman.com\/web\/wp-content\/uploads\/2018\/02\/6ea80edaf8c3afca61944426f104589b.jpeg","type":"image\/jpeg"}],"author":"admin","twitter_card":"summary_large_image","twitter_misc":{"Escrito por":"admin","Tiempo de lectura":"2 minutos"},"schema":{"@context":"https:\/\/schema.org","@graph":[{"@type":"Article","@id":"https:\/\/www.eldiariodetucuman.com\/web\/abraham-dijo-que-fue-victima-de-un-asalto-en-un-hotel-al-declarar-en-la-causa-por-la-que-tenia-pedido-de-captura\/#article","isPartOf":{"@id":"https:\/\/www.eldiariodetucuman.com\/web\/abraham-dijo-que-fue-victima-de-un-asalto-en-un-hotel-al-declarar-en-la-causa-por-la-que-tenia-pedido-de-captura\/"},"author":{"name":"admin","@id":"https:\/\/www.eldiariodetucuman.com\/web\/#\/schema\/person\/9250197d75ab5483412e19678b121caa"},"headline":"Abraham dijo que fue v\u00edctima de un asalto en un hotel al declarar en la causa por la que ten\u00eda pedido de captura","datePublished":"2018-02-24T15:00:35+00:00","dateModified":"2018-02-24T15:00:38+00:00","mainEntityOfPage":{"@id":"https:\/\/www.eldiariodetucuman.com\/web\/abraham-dijo-que-fue-victima-de-un-asalto-en-un-hotel-al-declarar-en-la-causa-por-la-que-tenia-pedido-de-captura\/"},"wordCount":460,"commentCount":0,"publisher":{"@id":"https:\/\/www.eldiariodetucuman.com\/web\/#organization"},"image":{"@id":"https:\/\/www.eldiariodetucuman.com\/web\/abraham-dijo-que-fue-victima-de-un-asalto-en-un-hotel-al-declarar-en-la-causa-por-la-que-tenia-pedido-de-captura\/#primaryimage"},"thumbnailUrl":"https:\/\/www.eldiariodetucuman.com\/web\/wp-content\/uploads\/2018\/02\/6ea80edaf8c3afca61944426f104589b.jpeg","articleSection":["Portada"],"inLanguage":"es","potentialAction":[{"@type":"CommentAction","name":"Comment","target":["https:\/\/www.eldiariodetucuman.com\/web\/abraham-dijo-que-fue-victima-de-un-asalto-en-un-hotel-al-declarar-en-la-causa-por-la-que-tenia-pedido-de-captura\/#respond"]}]},{"@type":"WebPage","@id":"https:\/\/www.eldiariodetucuman.com\/web\/abraham-dijo-que-fue-victima-de-un-asalto-en-un-hotel-al-declarar-en-la-causa-por-la-que-tenia-pedido-de-captura\/","url":"https:\/\/www.eldiariodetucuman.com\/web\/abraham-dijo-que-fue-victima-de-un-asalto-en-un-hotel-al-declarar-en-la-causa-por-la-que-tenia-pedido-de-captura\/","name":"Abraham dijo que fue v\u00edctima de un asalto en un hotel al declarar en la causa por la que ten\u00eda pedido de captura - El Diario de Tucuman","isPartOf":{"@id":"https:\/\/www.eldiariodetucuman.com\/web\/#website"},"primaryImageOfPage":{"@id":"https:\/\/www.eldiariodetucuman.com\/web\/abraham-dijo-que-fue-victima-de-un-asalto-en-un-hotel-al-declarar-en-la-causa-por-la-que-tenia-pedido-de-captura\/#primaryimage"},"image":{"@id":"https:\/\/www.eldiariodetucuman.com\/web\/abraham-dijo-que-fue-victima-de-un-asalto-en-un-hotel-al-declarar-en-la-causa-por-la-que-tenia-pedido-de-captura\/#primaryimage"},"thumbnailUrl":"https:\/\/www.eldiariodetucuman.com\/web\/wp-content\/uploads\/2018\/02\/6ea80edaf8c3afca61944426f104589b.jpeg","datePublished":"2018-02-24T15:00:35+00:00","dateModified":"2018-02-24T15:00:38+00:00","breadcrumb":{"@id":"https:\/\/www.eldiariodetucuman.com\/web\/abraham-dijo-que-fue-victima-de-un-asalto-en-un-hotel-al-declarar-en-la-causa-por-la-que-tenia-pedido-de-captura\/#breadcrumb"},"inLanguage":"es","potentialAction":[{"@type":"ReadAction","target":["https:\/\/www.eldiariodetucuman.com\/web\/abraham-dijo-que-fue-victima-de-un-asalto-en-un-hotel-al-declarar-en-la-causa-por-la-que-tenia-pedido-de-captura\/"]}]},{"@type":"ImageObject","inLanguage":"es","@id":"https:\/\/www.eldiariodetucuman.com\/web\/abraham-dijo-que-fue-victima-de-un-asalto-en-un-hotel-al-declarar-en-la-causa-por-la-que-tenia-pedido-de-captura\/#primaryimage","url":"https:\/\/www.eldiariodetucuman.com\/web\/wp-content\/uploads\/2018\/02\/6ea80edaf8c3afca61944426f104589b.jpeg","contentUrl":"https:\/\/www.eldiariodetucuman.com\/web\/wp-content\/uploads\/2018\/02\/6ea80edaf8c3afca61944426f104589b.jpeg","width":1500,"height":850},{"@type":"BreadcrumbList","@id":"https:\/\/www.eldiariodetucuman.com\/web\/abraham-dijo-que-fue-victima-de-un-asalto-en-un-hotel-al-declarar-en-la-causa-por-la-que-tenia-pedido-de-captura\/#breadcrumb","itemListElement":[{"@type":"ListItem","position":1,"name":"Portada","item":"https:\/\/www.eldiariodetucuman.com\/web\/"},{"@type":"ListItem","position":2,"name":"Abraham dijo que fue v\u00edctima de un asalto en un hotel al declarar en la causa por la que ten\u00eda pedido de captura"}]},{"@type":"WebSite","@id":"https:\/\/www.eldiariodetucuman.com\/web\/#website","url":"https:\/\/www.eldiariodetucuman.com\/web\/","name":"El Diario de Tucuman","description":"Diario Tucuman - Informaci\u00f3n y noticias","publisher":{"@id":"https:\/\/www.eldiariodetucuman.com\/web\/#organization"},"potentialAction":[{"@type":"SearchAction","target":{"@type":"EntryPoint","urlTemplate":"https:\/\/www.eldiariodetucuman.com\/web\/?s={search_term_string}"},"query-input":{"@type":"PropertyValueSpecification","valueRequired":true,"valueName":"search_term_string"}}],"inLanguage":"es"},{"@type":"Organization","@id":"https:\/\/www.eldiariodetucuman.com\/web\/#organization","name":"El Diario de Tucuman","url":"https:\/\/www.eldiariodetucuman.com\/web\/","logo":{"@type":"ImageObject","inLanguage":"es","@id":"https:\/\/www.eldiariodetucuman.com\/web\/#\/schema\/logo\/image\/","url":"http:\/\/www.eldiariodetucuman.com\/web\/wp-content\/uploads\/2017\/12\/el-diario-de-tucuman.jpg","contentUrl":"http:\/\/www.eldiariodetucuman.com\/web\/wp-content\/uploads\/2017\/12\/el-diario-de-tucuman.jpg","width":272,"height":92,"caption":"El Diario de Tucuman"},"image":{"@id":"https:\/\/www.eldiariodetucuman.com\/web\/#\/schema\/logo\/image\/"}},{"@type":"Person","@id":"https:\/\/www.eldiariodetucuman.com\/web\/#\/schema\/person\/9250197d75ab5483412e19678b121caa","name":"admin","image":{"@type":"ImageObject","inLanguage":"es","@id":"https:\/\/secure.gravatar.com\/avatar\/c44d117c2be811212c22cb481f6b8384b6873de103fbc49e7a03cc58d7dea4ac?s=96&d=mm&r=g","url":"https:\/\/secure.gravatar.com\/avatar\/c44d117c2be811212c22cb481f6b8384b6873de103fbc49e7a03cc58d7dea4ac?s=96&d=mm&r=g","contentUrl":"https:\/\/secure.gravatar.com\/avatar\/c44d117c2be811212c22cb481f6b8384b6873de103fbc49e7a03cc58d7dea4ac?s=96&d=mm&r=g","caption":"admin"},"url":"https:\/\/www.eldiariodetucuman.com\/web\/author\/admin\/"}]}},"_links":{"self":[{"href":"https:\/\/www.eldiariodetucuman.com\/web\/wp-json\/wp\/v2\/posts\/5810","targetHints":{"allow":["GET"]}}],"collection":[{"href":"https:\/\/www.eldiariodetucuman.com\/web\/wp-json\/wp\/v2\/posts"}],"about":[{"href":"https:\/\/www.eldiariodetucuman.com\/web\/wp-json\/wp\/v2\/types\/post"}],"author":[{"embeddable":true,"href":"https:\/\/www.eldiariodetucuman.com\/web\/wp-json\/wp\/v2\/users\/1"}],"replies":[{"embeddable":true,"href":"https:\/\/www.eldiariodetucuman.com\/web\/wp-json\/wp\/v2\/comments?post=5810"}],"version-history":[{"count":1,"href":"https:\/\/www.eldiariodetucuman.com\/web\/wp-json\/wp\/v2\/posts\/5810\/revisions"}],"predecessor-version":[{"id":5812,"href":"https:\/\/www.eldiariodetucuman.com\/web\/wp-json\/wp\/v2\/posts\/5810\/revisions\/5812"}],"wp:featuredmedia":[{"embeddable":true,"href":"https:\/\/www.eldiariodetucuman.com\/web\/wp-json\/wp\/v2\/media\/5811"}],"wp:attachment":[{"href":"https:\/\/www.eldiariodetucuman.com\/web\/wp-json\/wp\/v2\/media?parent=5810"}],"wp:term":[{"taxonomy":"category","embeddable":true,"href":"https:\/\/www.eldiariodetucuman.com\/web\/wp-json\/wp\/v2\/categories?post=5810"},{"taxonomy":"post_tag","embeddable":true,"href":"https:\/\/www.eldiariodetucuman.com\/web\/wp-json\/wp\/v2\/tags?post=5810"}],"curies":[{"name":"wp","href":"https:\/\/api.w.org\/{rel}","templated":true}]}}