{"id":5807,"date":"2018-02-24T12:00:24","date_gmt":"2018-02-24T15:00:24","guid":{"rendered":"http:\/\/www.eldiariodetucuman.com\/web\/monsenor-aguer-hablo-sobre-el-aborto-y-apunto-contra-macri-es-un-gobierno-sin-principios\/"},"modified":"2018-02-24T12:00:27","modified_gmt":"2018-02-24T15:00:27","slug":"monsenor-aguer-hablo-sobre-el-aborto-y-apunto-contra-macri-es-un-gobierno-sin-principios","status":"publish","type":"post","link":"https:\/\/www.eldiariodetucuman.com\/web\/monsenor-aguer-hablo-sobre-el-aborto-y-apunto-contra-macri-es-un-gobierno-sin-principios\/","title":{"rendered":"Monse\u00f1or Aguer habl\u00f3 sobre el aborto y apunt\u00f3 contra Macri: \u201ces un gobierno sin principios\u201d"},"content":{"rendered":"<div>\n<div readability=\"107.57797066746\">\n<p>El arzobispo de La Plata <b>H\u00e9ctor Aguer<\/b> critic\u00f3 a <b>Mauricio Macri<\/b> por haber dado v\u00eda libre al debate sobre el aborto. \u00abEste es un gobierno sin principios de orden moral y natural\u00bb, denunci\u00f3 en una entrevista con el programa \u201cS\u00e1bado Tempran\u00edsimo\u201d, por radio Mitre.<\/p>\n<p>Ayer, <a href=\"https:\/\/www.lagaceta.com.ar\/nota\/762312\/politica\/iglesia-pidio-debate-sincero-profundo-sobre-aborto.html\" mce_href=\"https:\/\/www.lagaceta.com.ar\/nota\/762312\/politica\/iglesia-pidio-debate-sincero-profundo-sobre-aborto.html\" target=\"_blank\">la Conferencia Episcopal Argentina pidi\u00f3 un debate \u00abrazonable y humano\u00bb sobre el aborto en el Congreso <\/a>y recalc\u00f3 su postura tradicional de que \u00abla eliminaci\u00f3n de la vida humana del que no se puede defender instaura el principio de que los m\u00e1s d\u00e9biles pueden ser eliminados; acepta que unos pueden decidir la muerte de otros\u00bb.<\/p>\n<p>En este sentido, Aguer habl\u00f3 de \u00abuna serie de contradicciones\u00bb del Gobierno por su decisi\u00f3n de permitir el tratamiento del proyecto, que en su opini\u00f3n entra en contradicci\u00f3n con la formaci\u00f3n religiosa que recibi\u00f3 Macri. \u201cHay una serie de contradicciones en el caso del Presidente actual, un hombre que ha sido formado en el colegio Newman y en la UCA, que yo creo que ni sabe hacerse bien la se\u00f1al de la cruz, y ahora sale con estas cosas\u00bb, dijo el arzobispo.<\/p>\n<p class=\"style frase\">El religioso reiter\u00f3 que \u00abla doctrina de la Iglesia siempre ha ubicado al aborto dentro del mandamiento &#8216;No matar\u00e1s'\u00bb.<\/p>\n<p>\u00abLo que me llama la atenci\u00f3n de este proyecto es que se despenalizar\u00eda el aborto a partir de las 14 semanas (de gestaci\u00f3n). Yo me pregunto, \u00bfpor qu\u00e9 no despu\u00e9s? \u00bfAntes qu\u00e9 es eso, un bicho? \u00bfSe convierte en humano repentinamente a las 14 semanas?\u00bb, se pregunt\u00f3.<\/p>\n<p>Insisti\u00f3 entonces en que \u00abest\u00e1 suficientemente claro en las evidencias cient\u00edficas que desde el momento de la concepci\u00f3n hay una vida humana que se va a desarrollar\u00bb, y adem\u00e1s plante\u00f3 \u00abrazones teol\u00f3gicas, doctrinarias\u00bb, ya que \u00abnuestro se\u00f1or Jesucristo, el hijo de Dios hecho hombre, fue un embri\u00f3n, fue un feto en el seno de la Virgen Sant\u00edsima, y naci\u00f3 como un ni\u00f1o\u00bb.<\/p>\n<p>Aguer sum\u00f3 otro argumento en contra del aborto legal: \u00abHay disposiciones internacionales a las cuales hemos adherido que dicen que desde el instante de la concepci\u00f3n (hay vida). Tendr\u00edan que explicar qu\u00e9 es ese bicho que hay en el seno de una mujer, cualquiera sea el modo en que se haya engendrado, incluso si fue en una violaci\u00f3n\u00bb.<\/p>\n<p>En tanto, pidi\u00f3 que \u00abmuestren las estad\u00edsticas\u00bb sobre muertes causadas por abortos y advirti\u00f3 que a las mujeres que incurren en esa pr\u00e1ctica \u00abno se las asiste para que no aborten\u00bb.<\/p>\n<p>Puso como ejemplo los casos de aborto por violaci\u00f3n. \u00abPara liberarla de ese peso se mata al ni\u00f1o&#8230; \u00bfpor qu\u00e9 no se pena de muerte al violador? \u00bfNo nos atrevemos a eso?\u00bb, cuestion\u00f3, aunque luego aclar\u00f3 que no est\u00e1 a favor de la pena de muerte para abusadores: \u00abCon esto muestro, con una analog\u00eda, lo que no se puede hacer\u00bb.<\/p>\n<p class=\"style frase\">Aguer descart\u00f3 que tengamos derecho a hacer lo que queramos con nuestro cuerpo. \u00abEl hombre no es un &#8216;pegote&#8217; de cuerpo y libertad, sino una unidad\u00bb, argument\u00f3.<\/p>\n<p>Por \u00faltimo, neg\u00f3 que la decisi\u00f3n del Gobierno de habilitar el debate tenga que ver con un avance contra el Papa Francisco. \u00abYa ha habido iniciativas de este tipo y hay algunos diputados que insisten en eso tenazmente\u00bb, dijo.<\/p>\n<p>\u00abConozco al Papa hace 40 a\u00f1os y tengo un trato frecuente con \u00e9l. Me disgusta un poco que muchos oportunistas se agarren de la sotana blanca y el Vicario de Cristo. No metan al Papa en cuestiones en las que el Papa no desea meterse\u00bb, remat\u00f3.<\/p>\n<\/p><\/div>\n<\/div>\n<p>Fuente: http:\/\/www.lagaceta.com.ar\/nota\/762346\/actualidad\/monsenor-aguer-hablo-sobre-aborto-apunto-contra-macri-es-gobierno-sin-principios.html<\/p>\n","protected":false},"excerpt":{"rendered":"<p>El arzobispo de La Plata H\u00e9ctor Aguer critic\u00f3 a Mauricio Macri por haber dado v\u00eda libre al debate sobre el aborto. \u00abEste es un gobierno sin principios de orden moral y natural\u00bb, denunci\u00f3 en una entrevista con el programa \u201cS\u00e1bado Tempran\u00edsimo\u201d, por radio Mitre. Ayer, la Conferencia Episcopal Argentina pidi\u00f3 un debate \u00abrazonable y humano\u00bb [&hellip;]<\/p>\n","protected":false},"author":1,"featured_media":5808,"comment_status":"open","ping_status":"closed","sticky":false,"template":"","format":"standard","meta":{"footnotes":""},"categories":[1],"tags":[],"class_list":{"0":"post-5807","1":"post","2":"type-post","3":"status-publish","4":"format-standard","5":"has-post-thumbnail","7":"category-portada"},"yoast_head":"<!-- This site is optimized with the Yoast SEO plugin v27.5 - https:\/\/yoast.com\/product\/yoast-seo-wordpress\/ -->\n<title>Monse\u00f1or Aguer habl\u00f3 sobre el aborto y apunt\u00f3 contra Macri: \u201ces un gobierno sin principios\u201d - El Diario de Tucuman<\/title>\n<meta name=\"robots\" content=\"index, follow, max-snippet:-1, max-image-preview:large, max-video-preview:-1\" \/>\n<link rel=\"canonical\" href=\"https:\/\/www.eldiariodetucuman.com\/web\/monsenor-aguer-hablo-sobre-el-aborto-y-apunto-contra-macri-es-un-gobierno-sin-principios\/\" \/>\n<meta property=\"og:locale\" content=\"es_ES\" \/>\n<meta property=\"og:type\" content=\"article\" \/>\n<meta property=\"og:title\" content=\"Monse\u00f1or Aguer habl\u00f3 sobre el aborto y apunt\u00f3 contra Macri: \u201ces un gobierno sin principios\u201d - El Diario de Tucuman\" \/>\n<meta property=\"og:description\" content=\"El arzobispo de La Plata H\u00e9ctor Aguer critic\u00f3 a Mauricio Macri por haber dado v\u00eda libre al debate sobre el aborto. \u00abEste es un gobierno sin principios de orden moral y natural\u00bb, denunci\u00f3 en una entrevista con el programa \u201cS\u00e1bado Tempran\u00edsimo\u201d, por radio Mitre. Ayer, la Conferencia Episcopal Argentina pidi\u00f3 un debate \u00abrazonable y humano\u00bb [&hellip;]\" \/>\n<meta property=\"og:url\" content=\"https:\/\/www.eldiariodetucuman.com\/web\/monsenor-aguer-hablo-sobre-el-aborto-y-apunto-contra-macri-es-un-gobierno-sin-principios\/\" \/>\n<meta property=\"og:site_name\" content=\"El Diario de Tucuman\" \/>\n<meta property=\"article:published_time\" content=\"2018-02-24T15:00:24+00:00\" \/>\n<meta property=\"article:modified_time\" content=\"2018-02-24T15:00:27+00:00\" \/>\n<meta property=\"og:image\" content=\"https:\/\/www.eldiariodetucuman.com\/web\/wp-content\/uploads\/2018\/02\/3fd9dd5ace89db4a94ecc2a504685b05.jpeg\" \/>\n\t<meta property=\"og:image:width\" content=\"1500\" \/>\n\t<meta property=\"og:image:height\" content=\"850\" \/>\n\t<meta property=\"og:image:type\" content=\"image\/jpeg\" \/>\n<meta name=\"author\" content=\"admin\" \/>\n<meta name=\"twitter:card\" content=\"summary_large_image\" \/>\n<meta name=\"twitter:label1\" content=\"Escrito por\" \/>\n\t<meta name=\"twitter:data1\" content=\"admin\" \/>\n\t<meta name=\"twitter:label2\" content=\"Tiempo de lectura\" \/>\n\t<meta name=\"twitter:data2\" content=\"3 minutos\" \/>\n<script type=\"application\/ld+json\" class=\"yoast-schema-graph\">{\"@context\":\"https:\\\/\\\/schema.org\",\"@graph\":[{\"@type\":\"Article\",\"@id\":\"https:\\\/\\\/www.eldiariodetucuman.com\\\/web\\\/monsenor-aguer-hablo-sobre-el-aborto-y-apunto-contra-macri-es-un-gobierno-sin-principios\\\/#article\",\"isPartOf\":{\"@id\":\"https:\\\/\\\/www.eldiariodetucuman.com\\\/web\\\/monsenor-aguer-hablo-sobre-el-aborto-y-apunto-contra-macri-es-un-gobierno-sin-principios\\\/\"},\"author\":{\"name\":\"admin\",\"@id\":\"https:\\\/\\\/www.eldiariodetucuman.com\\\/web\\\/#\\\/schema\\\/person\\\/9250197d75ab5483412e19678b121caa\"},\"headline\":\"Monse\u00f1or Aguer habl\u00f3 sobre el aborto y apunt\u00f3 contra Macri: \u201ces un gobierno sin principios\u201d\",\"datePublished\":\"2018-02-24T15:00:24+00:00\",\"dateModified\":\"2018-02-24T15:00:27+00:00\",\"mainEntityOfPage\":{\"@id\":\"https:\\\/\\\/www.eldiariodetucuman.com\\\/web\\\/monsenor-aguer-hablo-sobre-el-aborto-y-apunto-contra-macri-es-un-gobierno-sin-principios\\\/\"},\"wordCount\":629,\"commentCount\":0,\"publisher\":{\"@id\":\"https:\\\/\\\/www.eldiariodetucuman.com\\\/web\\\/#organization\"},\"image\":{\"@id\":\"https:\\\/\\\/www.eldiariodetucuman.com\\\/web\\\/monsenor-aguer-hablo-sobre-el-aborto-y-apunto-contra-macri-es-un-gobierno-sin-principios\\\/#primaryimage\"},\"thumbnailUrl\":\"https:\\\/\\\/www.eldiariodetucuman.com\\\/web\\\/wp-content\\\/uploads\\\/2018\\\/02\\\/3fd9dd5ace89db4a94ecc2a504685b05.jpeg\",\"articleSection\":[\"Portada\"],\"inLanguage\":\"es\",\"potentialAction\":[{\"@type\":\"CommentAction\",\"name\":\"Comment\",\"target\":[\"https:\\\/\\\/www.eldiariodetucuman.com\\\/web\\\/monsenor-aguer-hablo-sobre-el-aborto-y-apunto-contra-macri-es-un-gobierno-sin-principios\\\/#respond\"]}]},{\"@type\":\"WebPage\",\"@id\":\"https:\\\/\\\/www.eldiariodetucuman.com\\\/web\\\/monsenor-aguer-hablo-sobre-el-aborto-y-apunto-contra-macri-es-un-gobierno-sin-principios\\\/\",\"url\":\"https:\\\/\\\/www.eldiariodetucuman.com\\\/web\\\/monsenor-aguer-hablo-sobre-el-aborto-y-apunto-contra-macri-es-un-gobierno-sin-principios\\\/\",\"name\":\"Monse\u00f1or Aguer habl\u00f3 sobre el aborto y apunt\u00f3 contra Macri: \u201ces un gobierno sin principios\u201d - El Diario de Tucuman\",\"isPartOf\":{\"@id\":\"https:\\\/\\\/www.eldiariodetucuman.com\\\/web\\\/#website\"},\"primaryImageOfPage\":{\"@id\":\"https:\\\/\\\/www.eldiariodetucuman.com\\\/web\\\/monsenor-aguer-hablo-sobre-el-aborto-y-apunto-contra-macri-es-un-gobierno-sin-principios\\\/#primaryimage\"},\"image\":{\"@id\":\"https:\\\/\\\/www.eldiariodetucuman.com\\\/web\\\/monsenor-aguer-hablo-sobre-el-aborto-y-apunto-contra-macri-es-un-gobierno-sin-principios\\\/#primaryimage\"},\"thumbnailUrl\":\"https:\\\/\\\/www.eldiariodetucuman.com\\\/web\\\/wp-content\\\/uploads\\\/2018\\\/02\\\/3fd9dd5ace89db4a94ecc2a504685b05.jpeg\",\"datePublished\":\"2018-02-24T15:00:24+00:00\",\"dateModified\":\"2018-02-24T15:00:27+00:00\",\"breadcrumb\":{\"@id\":\"https:\\\/\\\/www.eldiariodetucuman.com\\\/web\\\/monsenor-aguer-hablo-sobre-el-aborto-y-apunto-contra-macri-es-un-gobierno-sin-principios\\\/#breadcrumb\"},\"inLanguage\":\"es\",\"potentialAction\":[{\"@type\":\"ReadAction\",\"target\":[\"https:\\\/\\\/www.eldiariodetucuman.com\\\/web\\\/monsenor-aguer-hablo-sobre-el-aborto-y-apunto-contra-macri-es-un-gobierno-sin-principios\\\/\"]}]},{\"@type\":\"ImageObject\",\"inLanguage\":\"es\",\"@id\":\"https:\\\/\\\/www.eldiariodetucuman.com\\\/web\\\/monsenor-aguer-hablo-sobre-el-aborto-y-apunto-contra-macri-es-un-gobierno-sin-principios\\\/#primaryimage\",\"url\":\"https:\\\/\\\/www.eldiariodetucuman.com\\\/web\\\/wp-content\\\/uploads\\\/2018\\\/02\\\/3fd9dd5ace89db4a94ecc2a504685b05.jpeg\",\"contentUrl\":\"https:\\\/\\\/www.eldiariodetucuman.com\\\/web\\\/wp-content\\\/uploads\\\/2018\\\/02\\\/3fd9dd5ace89db4a94ecc2a504685b05.jpeg\",\"width\":1500,\"height\":850},{\"@type\":\"BreadcrumbList\",\"@id\":\"https:\\\/\\\/www.eldiariodetucuman.com\\\/web\\\/monsenor-aguer-hablo-sobre-el-aborto-y-apunto-contra-macri-es-un-gobierno-sin-principios\\\/#breadcrumb\",\"itemListElement\":[{\"@type\":\"ListItem\",\"position\":1,\"name\":\"Portada\",\"item\":\"https:\\\/\\\/www.eldiariodetucuman.com\\\/web\\\/\"},{\"@type\":\"ListItem\",\"position\":2,\"name\":\"Monse\u00f1or Aguer habl\u00f3 sobre el aborto y apunt\u00f3 contra Macri: \u201ces un gobierno sin principios\u201d\"}]},{\"@type\":\"WebSite\",\"@id\":\"https:\\\/\\\/www.eldiariodetucuman.com\\\/web\\\/#website\",\"url\":\"https:\\\/\\\/www.eldiariodetucuman.com\\\/web\\\/\",\"name\":\"El Diario de Tucuman\",\"description\":\"Diario Tucuman - Informaci\u00f3n y noticias\",\"publisher\":{\"@id\":\"https:\\\/\\\/www.eldiariodetucuman.com\\\/web\\\/#organization\"},\"potentialAction\":[{\"@type\":\"SearchAction\",\"target\":{\"@type\":\"EntryPoint\",\"urlTemplate\":\"https:\\\/\\\/www.eldiariodetucuman.com\\\/web\\\/?s={search_term_string}\"},\"query-input\":{\"@type\":\"PropertyValueSpecification\",\"valueRequired\":true,\"valueName\":\"search_term_string\"}}],\"inLanguage\":\"es\"},{\"@type\":\"Organization\",\"@id\":\"https:\\\/\\\/www.eldiariodetucuman.com\\\/web\\\/#organization\",\"name\":\"El Diario de Tucuman\",\"url\":\"https:\\\/\\\/www.eldiariodetucuman.com\\\/web\\\/\",\"logo\":{\"@type\":\"ImageObject\",\"inLanguage\":\"es\",\"@id\":\"https:\\\/\\\/www.eldiariodetucuman.com\\\/web\\\/#\\\/schema\\\/logo\\\/image\\\/\",\"url\":\"http:\\\/\\\/www.eldiariodetucuman.com\\\/web\\\/wp-content\\\/uploads\\\/2017\\\/12\\\/el-diario-de-tucuman.jpg\",\"contentUrl\":\"http:\\\/\\\/www.eldiariodetucuman.com\\\/web\\\/wp-content\\\/uploads\\\/2017\\\/12\\\/el-diario-de-tucuman.jpg\",\"width\":272,\"height\":92,\"caption\":\"El Diario de Tucuman\"},\"image\":{\"@id\":\"https:\\\/\\\/www.eldiariodetucuman.com\\\/web\\\/#\\\/schema\\\/logo\\\/image\\\/\"}},{\"@type\":\"Person\",\"@id\":\"https:\\\/\\\/www.eldiariodetucuman.com\\\/web\\\/#\\\/schema\\\/person\\\/9250197d75ab5483412e19678b121caa\",\"name\":\"admin\",\"image\":{\"@type\":\"ImageObject\",\"inLanguage\":\"es\",\"@id\":\"https:\\\/\\\/secure.gravatar.com\\\/avatar\\\/c44d117c2be811212c22cb481f6b8384b6873de103fbc49e7a03cc58d7dea4ac?s=96&d=mm&r=g\",\"url\":\"https:\\\/\\\/secure.gravatar.com\\\/avatar\\\/c44d117c2be811212c22cb481f6b8384b6873de103fbc49e7a03cc58d7dea4ac?s=96&d=mm&r=g\",\"contentUrl\":\"https:\\\/\\\/secure.gravatar.com\\\/avatar\\\/c44d117c2be811212c22cb481f6b8384b6873de103fbc49e7a03cc58d7dea4ac?s=96&d=mm&r=g\",\"caption\":\"admin\"},\"url\":\"https:\\\/\\\/www.eldiariodetucuman.com\\\/web\\\/author\\\/admin\\\/\"}]}<\/script>\n<!-- \/ Yoast SEO plugin. -->","yoast_head_json":{"title":"Monse\u00f1or Aguer habl\u00f3 sobre el aborto y apunt\u00f3 contra Macri: \u201ces un gobierno sin principios\u201d - El Diario de Tucuman","robots":{"index":"index","follow":"follow","max-snippet":"max-snippet:-1","max-image-preview":"max-image-preview:large","max-video-preview":"max-video-preview:-1"},"canonical":"https:\/\/www.eldiariodetucuman.com\/web\/monsenor-aguer-hablo-sobre-el-aborto-y-apunto-contra-macri-es-un-gobierno-sin-principios\/","og_locale":"es_ES","og_type":"article","og_title":"Monse\u00f1or Aguer habl\u00f3 sobre el aborto y apunt\u00f3 contra Macri: \u201ces un gobierno sin principios\u201d - El Diario de Tucuman","og_description":"El arzobispo de La Plata H\u00e9ctor Aguer critic\u00f3 a Mauricio Macri por haber dado v\u00eda libre al debate sobre el aborto. \u00abEste es un gobierno sin principios de orden moral y natural\u00bb, denunci\u00f3 en una entrevista con el programa \u201cS\u00e1bado Tempran\u00edsimo\u201d, por radio Mitre. Ayer, la Conferencia Episcopal Argentina pidi\u00f3 un debate \u00abrazonable y humano\u00bb [&hellip;]","og_url":"https:\/\/www.eldiariodetucuman.com\/web\/monsenor-aguer-hablo-sobre-el-aborto-y-apunto-contra-macri-es-un-gobierno-sin-principios\/","og_site_name":"El Diario de Tucuman","article_published_time":"2018-02-24T15:00:24+00:00","article_modified_time":"2018-02-24T15:00:27+00:00","og_image":[{"width":1500,"height":850,"url":"https:\/\/www.eldiariodetucuman.com\/web\/wp-content\/uploads\/2018\/02\/3fd9dd5ace89db4a94ecc2a504685b05.jpeg","type":"image\/jpeg"}],"author":"admin","twitter_card":"summary_large_image","twitter_misc":{"Escrito por":"admin","Tiempo de lectura":"3 minutos"},"schema":{"@context":"https:\/\/schema.org","@graph":[{"@type":"Article","@id":"https:\/\/www.eldiariodetucuman.com\/web\/monsenor-aguer-hablo-sobre-el-aborto-y-apunto-contra-macri-es-un-gobierno-sin-principios\/#article","isPartOf":{"@id":"https:\/\/www.eldiariodetucuman.com\/web\/monsenor-aguer-hablo-sobre-el-aborto-y-apunto-contra-macri-es-un-gobierno-sin-principios\/"},"author":{"name":"admin","@id":"https:\/\/www.eldiariodetucuman.com\/web\/#\/schema\/person\/9250197d75ab5483412e19678b121caa"},"headline":"Monse\u00f1or Aguer habl\u00f3 sobre el aborto y apunt\u00f3 contra Macri: \u201ces un gobierno sin principios\u201d","datePublished":"2018-02-24T15:00:24+00:00","dateModified":"2018-02-24T15:00:27+00:00","mainEntityOfPage":{"@id":"https:\/\/www.eldiariodetucuman.com\/web\/monsenor-aguer-hablo-sobre-el-aborto-y-apunto-contra-macri-es-un-gobierno-sin-principios\/"},"wordCount":629,"commentCount":0,"publisher":{"@id":"https:\/\/www.eldiariodetucuman.com\/web\/#organization"},"image":{"@id":"https:\/\/www.eldiariodetucuman.com\/web\/monsenor-aguer-hablo-sobre-el-aborto-y-apunto-contra-macri-es-un-gobierno-sin-principios\/#primaryimage"},"thumbnailUrl":"https:\/\/www.eldiariodetucuman.com\/web\/wp-content\/uploads\/2018\/02\/3fd9dd5ace89db4a94ecc2a504685b05.jpeg","articleSection":["Portada"],"inLanguage":"es","potentialAction":[{"@type":"CommentAction","name":"Comment","target":["https:\/\/www.eldiariodetucuman.com\/web\/monsenor-aguer-hablo-sobre-el-aborto-y-apunto-contra-macri-es-un-gobierno-sin-principios\/#respond"]}]},{"@type":"WebPage","@id":"https:\/\/www.eldiariodetucuman.com\/web\/monsenor-aguer-hablo-sobre-el-aborto-y-apunto-contra-macri-es-un-gobierno-sin-principios\/","url":"https:\/\/www.eldiariodetucuman.com\/web\/monsenor-aguer-hablo-sobre-el-aborto-y-apunto-contra-macri-es-un-gobierno-sin-principios\/","name":"Monse\u00f1or Aguer habl\u00f3 sobre el aborto y apunt\u00f3 contra Macri: \u201ces un gobierno sin principios\u201d - El Diario de Tucuman","isPartOf":{"@id":"https:\/\/www.eldiariodetucuman.com\/web\/#website"},"primaryImageOfPage":{"@id":"https:\/\/www.eldiariodetucuman.com\/web\/monsenor-aguer-hablo-sobre-el-aborto-y-apunto-contra-macri-es-un-gobierno-sin-principios\/#primaryimage"},"image":{"@id":"https:\/\/www.eldiariodetucuman.com\/web\/monsenor-aguer-hablo-sobre-el-aborto-y-apunto-contra-macri-es-un-gobierno-sin-principios\/#primaryimage"},"thumbnailUrl":"https:\/\/www.eldiariodetucuman.com\/web\/wp-content\/uploads\/2018\/02\/3fd9dd5ace89db4a94ecc2a504685b05.jpeg","datePublished":"2018-02-24T15:00:24+00:00","dateModified":"2018-02-24T15:00:27+00:00","breadcrumb":{"@id":"https:\/\/www.eldiariodetucuman.com\/web\/monsenor-aguer-hablo-sobre-el-aborto-y-apunto-contra-macri-es-un-gobierno-sin-principios\/#breadcrumb"},"inLanguage":"es","potentialAction":[{"@type":"ReadAction","target":["https:\/\/www.eldiariodetucuman.com\/web\/monsenor-aguer-hablo-sobre-el-aborto-y-apunto-contra-macri-es-un-gobierno-sin-principios\/"]}]},{"@type":"ImageObject","inLanguage":"es","@id":"https:\/\/www.eldiariodetucuman.com\/web\/monsenor-aguer-hablo-sobre-el-aborto-y-apunto-contra-macri-es-un-gobierno-sin-principios\/#primaryimage","url":"https:\/\/www.eldiariodetucuman.com\/web\/wp-content\/uploads\/2018\/02\/3fd9dd5ace89db4a94ecc2a504685b05.jpeg","contentUrl":"https:\/\/www.eldiariodetucuman.com\/web\/wp-content\/uploads\/2018\/02\/3fd9dd5ace89db4a94ecc2a504685b05.jpeg","width":1500,"height":850},{"@type":"BreadcrumbList","@id":"https:\/\/www.eldiariodetucuman.com\/web\/monsenor-aguer-hablo-sobre-el-aborto-y-apunto-contra-macri-es-un-gobierno-sin-principios\/#breadcrumb","itemListElement":[{"@type":"ListItem","position":1,"name":"Portada","item":"https:\/\/www.eldiariodetucuman.com\/web\/"},{"@type":"ListItem","position":2,"name":"Monse\u00f1or Aguer habl\u00f3 sobre el aborto y apunt\u00f3 contra Macri: \u201ces un gobierno sin principios\u201d"}]},{"@type":"WebSite","@id":"https:\/\/www.eldiariodetucuman.com\/web\/#website","url":"https:\/\/www.eldiariodetucuman.com\/web\/","name":"El Diario de Tucuman","description":"Diario Tucuman - Informaci\u00f3n y noticias","publisher":{"@id":"https:\/\/www.eldiariodetucuman.com\/web\/#organization"},"potentialAction":[{"@type":"SearchAction","target":{"@type":"EntryPoint","urlTemplate":"https:\/\/www.eldiariodetucuman.com\/web\/?s={search_term_string}"},"query-input":{"@type":"PropertyValueSpecification","valueRequired":true,"valueName":"search_term_string"}}],"inLanguage":"es"},{"@type":"Organization","@id":"https:\/\/www.eldiariodetucuman.com\/web\/#organization","name":"El Diario de Tucuman","url":"https:\/\/www.eldiariodetucuman.com\/web\/","logo":{"@type":"ImageObject","inLanguage":"es","@id":"https:\/\/www.eldiariodetucuman.com\/web\/#\/schema\/logo\/image\/","url":"http:\/\/www.eldiariodetucuman.com\/web\/wp-content\/uploads\/2017\/12\/el-diario-de-tucuman.jpg","contentUrl":"http:\/\/www.eldiariodetucuman.com\/web\/wp-content\/uploads\/2017\/12\/el-diario-de-tucuman.jpg","width":272,"height":92,"caption":"El Diario de Tucuman"},"image":{"@id":"https:\/\/www.eldiariodetucuman.com\/web\/#\/schema\/logo\/image\/"}},{"@type":"Person","@id":"https:\/\/www.eldiariodetucuman.com\/web\/#\/schema\/person\/9250197d75ab5483412e19678b121caa","name":"admin","image":{"@type":"ImageObject","inLanguage":"es","@id":"https:\/\/secure.gravatar.com\/avatar\/c44d117c2be811212c22cb481f6b8384b6873de103fbc49e7a03cc58d7dea4ac?s=96&d=mm&r=g","url":"https:\/\/secure.gravatar.com\/avatar\/c44d117c2be811212c22cb481f6b8384b6873de103fbc49e7a03cc58d7dea4ac?s=96&d=mm&r=g","contentUrl":"https:\/\/secure.gravatar.com\/avatar\/c44d117c2be811212c22cb481f6b8384b6873de103fbc49e7a03cc58d7dea4ac?s=96&d=mm&r=g","caption":"admin"},"url":"https:\/\/www.eldiariodetucuman.com\/web\/author\/admin\/"}]}},"_links":{"self":[{"href":"https:\/\/www.eldiariodetucuman.com\/web\/wp-json\/wp\/v2\/posts\/5807","targetHints":{"allow":["GET"]}}],"collection":[{"href":"https:\/\/www.eldiariodetucuman.com\/web\/wp-json\/wp\/v2\/posts"}],"about":[{"href":"https:\/\/www.eldiariodetucuman.com\/web\/wp-json\/wp\/v2\/types\/post"}],"author":[{"embeddable":true,"href":"https:\/\/www.eldiariodetucuman.com\/web\/wp-json\/wp\/v2\/users\/1"}],"replies":[{"embeddable":true,"href":"https:\/\/www.eldiariodetucuman.com\/web\/wp-json\/wp\/v2\/comments?post=5807"}],"version-history":[{"count":1,"href":"https:\/\/www.eldiariodetucuman.com\/web\/wp-json\/wp\/v2\/posts\/5807\/revisions"}],"predecessor-version":[{"id":5809,"href":"https:\/\/www.eldiariodetucuman.com\/web\/wp-json\/wp\/v2\/posts\/5807\/revisions\/5809"}],"wp:featuredmedia":[{"embeddable":true,"href":"https:\/\/www.eldiariodetucuman.com\/web\/wp-json\/wp\/v2\/media\/5808"}],"wp:attachment":[{"href":"https:\/\/www.eldiariodetucuman.com\/web\/wp-json\/wp\/v2\/media?parent=5807"}],"wp:term":[{"taxonomy":"category","embeddable":true,"href":"https:\/\/www.eldiariodetucuman.com\/web\/wp-json\/wp\/v2\/categories?post=5807"},{"taxonomy":"post_tag","embeddable":true,"href":"https:\/\/www.eldiariodetucuman.com\/web\/wp-json\/wp\/v2\/tags?post=5807"}],"curies":[{"name":"wp","href":"https:\/\/api.w.org\/{rel}","templated":true}]}}