{"id":5804,"date":"2018-02-24T11:42:12","date_gmt":"2018-02-24T14:42:12","guid":{"rendered":"http:\/\/www.eldiariodetucuman.com\/web\/por-que-un-fiscal-quiere-que-se-investigue-al-grupo-macri\/"},"modified":"2018-02-24T11:42:13","modified_gmt":"2018-02-24T14:42:13","slug":"por-que-un-fiscal-quiere-que-se-investigue-al-grupo-macri","status":"publish","type":"post","link":"https:\/\/www.eldiariodetucuman.com\/web\/por-que-un-fiscal-quiere-que-se-investigue-al-grupo-macri\/","title":{"rendered":"\u00bfPor qu\u00e9 un fiscal quiere que se investigue al Grupo Macri?"},"content":{"rendered":"<div>\n<div readability=\"28.909317803661\">\n<p>En cinco claves, conoc\u00e9 por qu\u00e9 la justicia federal pidi\u00f3 investigar a la familia del presidente Mauricio Macri.\u00a0<\/p>\n<p>1-En el primer a\u00f1o de gesti\u00f3n de <strong>Mauricio Macri<\/strong> como presidente, la empresa espa\u00f1ola Isolux gan\u00f3 las licitaciones de seis parques e\u00f3licos.<\/p>\n<p>2-<a href=\"https:\/\/www.elintransigente.com\/politica\/2018\/1\/9\/revelan-que-los-macri-ganaron-al-menos-48-millones-de-dolares-por-un-negocio-vinculado-energia-474591.html\">Luego las vendi\u00f3 a dos sociedades que hab\u00edan sido creadas por Sideco Americana, <\/a>la m\u00e1s grande compa\u00f1\u00eda de los Macri, que a su vez la vendi\u00f3 a terceros y embols\u00f3 m\u00e1s de 40 millones de d\u00f3lares de ganancia. La maniobra fue revelada por Diario Perfil.<\/p>\n<aside class=\"htmlinline \"><ins class=\"adsbygoogle\" data-ad-format=\"fluid\" data-ad-layout=\"in-article\" data-ad-client=\"ca-pub-7781556717282971\" data-ad-slot=\"9383133609\"><\/ins><br \/>\n<\/aside>\n<p><strong>3-Dos diputados nacionales <\/strong>denunciaron esto ante la justicia federal. El eje de la denuncia sostiene que funcionarios del gobierno de Macri aprobaron la venta de las licitaciones ganadas por la empresa espa\u00f1ola al grupo empresario de la familia del Presidente.<\/p>\n<p>4-<a href=\"https:\/\/www.elintransigente.com\/politica\/2018\/2\/23\/un-fiscal-pide-investigar-al-grupo-macri-por-los-parques-eolicos-479844.html\">El fiscal federal Eduardo Taiano decidi\u00f3 impulsar la investigaci\u00f3n<\/a> y pidi\u00f3 que el juez Marcelo Mart\u00ednez de Giorgi solicite a la Inspecci\u00f3n General de Justicia los legajos de la firma Sideli S.A, de Parques E\u00f3licos Miramar, y de Usir S.A.\u00a0<\/p>\n<p>5-El fiscal solicit\u00f3 que se le solicite a Enarsa, al Banco Naci\u00f3n y a la Comisi\u00f3n Nacional de Defensa a la Competencia los documentos sobre venta de parques e\u00f3licos.\u00a0<\/p>\n<\/div>\n<\/div>\n<p>Fuente: https:\/\/www.elintransigente.com\/politica\/2018\/2\/23\/por-que-un-fiscal-quiere-que-se-investigue-al-grupo-macri-479877.html<\/p>\n","protected":false},"excerpt":{"rendered":"<p>En cinco claves, conoc\u00e9 por qu\u00e9 la justicia federal pidi\u00f3 investigar a la familia del presidente Mauricio Macri.\u00a0 1-En el primer a\u00f1o de gesti\u00f3n de Mauricio Macri como presidente, la empresa espa\u00f1ola Isolux gan\u00f3 las licitaciones de seis parques e\u00f3licos. 2-Luego las vendi\u00f3 a dos sociedades que hab\u00edan sido creadas por Sideco Americana, la m\u00e1s [&hellip;]<\/p>\n","protected":false},"author":1,"featured_media":5805,"comment_status":"open","ping_status":"closed","sticky":false,"template":"","format":"standard","meta":{"footnotes":""},"categories":[1],"tags":[],"class_list":{"0":"post-5804","1":"post","2":"type-post","3":"status-publish","4":"format-standard","5":"has-post-thumbnail","7":"category-portada"},"yoast_head":"<!-- This site is optimized with the Yoast SEO plugin v27.5 - https:\/\/yoast.com\/product\/yoast-seo-wordpress\/ -->\n<title>\u00bfPor qu\u00e9 un fiscal quiere que se investigue al Grupo Macri? - El Diario de Tucuman<\/title>\n<meta name=\"robots\" content=\"index, follow, max-snippet:-1, max-image-preview:large, max-video-preview:-1\" \/>\n<link rel=\"canonical\" href=\"https:\/\/www.eldiariodetucuman.com\/web\/por-que-un-fiscal-quiere-que-se-investigue-al-grupo-macri\/\" \/>\n<meta property=\"og:locale\" content=\"es_ES\" \/>\n<meta property=\"og:type\" content=\"article\" \/>\n<meta property=\"og:title\" content=\"\u00bfPor qu\u00e9 un fiscal quiere que se investigue al Grupo Macri? - El Diario de Tucuman\" \/>\n<meta property=\"og:description\" content=\"En cinco claves, conoc\u00e9 por qu\u00e9 la justicia federal pidi\u00f3 investigar a la familia del presidente Mauricio Macri.\u00a0 1-En el primer a\u00f1o de gesti\u00f3n de Mauricio Macri como presidente, la empresa espa\u00f1ola Isolux gan\u00f3 las licitaciones de seis parques e\u00f3licos. 2-Luego las vendi\u00f3 a dos sociedades que hab\u00edan sido creadas por Sideco Americana, la m\u00e1s [&hellip;]\" \/>\n<meta property=\"og:url\" content=\"https:\/\/www.eldiariodetucuman.com\/web\/por-que-un-fiscal-quiere-que-se-investigue-al-grupo-macri\/\" \/>\n<meta property=\"og:site_name\" content=\"El Diario de Tucuman\" \/>\n<meta property=\"article:published_time\" content=\"2018-02-24T14:42:12+00:00\" \/>\n<meta property=\"article:modified_time\" content=\"2018-02-24T14:42:13+00:00\" \/>\n<meta property=\"og:image\" content=\"https:\/\/www.eldiariodetucuman.com\/web\/wp-content\/uploads\/2018\/02\/31ab83150ed1ab8bfd82941be68fd6e7.jpeg\" \/>\n\t<meta property=\"og:image:width\" content=\"960\" \/>\n\t<meta property=\"og:image:height\" content=\"541\" \/>\n\t<meta property=\"og:image:type\" content=\"image\/jpeg\" \/>\n<meta name=\"author\" content=\"admin\" \/>\n<meta name=\"twitter:card\" content=\"summary_large_image\" \/>\n<meta name=\"twitter:label1\" content=\"Escrito por\" \/>\n\t<meta name=\"twitter:data1\" content=\"admin\" \/>\n\t<meta name=\"twitter:label2\" content=\"Tiempo de lectura\" \/>\n\t<meta name=\"twitter:data2\" content=\"1 minuto\" \/>\n<script type=\"application\/ld+json\" class=\"yoast-schema-graph\">{\"@context\":\"https:\\\/\\\/schema.org\",\"@graph\":[{\"@type\":\"Article\",\"@id\":\"https:\\\/\\\/www.eldiariodetucuman.com\\\/web\\\/por-que-un-fiscal-quiere-que-se-investigue-al-grupo-macri\\\/#article\",\"isPartOf\":{\"@id\":\"https:\\\/\\\/www.eldiariodetucuman.com\\\/web\\\/por-que-un-fiscal-quiere-que-se-investigue-al-grupo-macri\\\/\"},\"author\":{\"name\":\"admin\",\"@id\":\"https:\\\/\\\/www.eldiariodetucuman.com\\\/web\\\/#\\\/schema\\\/person\\\/9250197d75ab5483412e19678b121caa\"},\"headline\":\"\u00bfPor qu\u00e9 un fiscal quiere que se investigue al Grupo Macri?\",\"datePublished\":\"2018-02-24T14:42:12+00:00\",\"dateModified\":\"2018-02-24T14:42:13+00:00\",\"mainEntityOfPage\":{\"@id\":\"https:\\\/\\\/www.eldiariodetucuman.com\\\/web\\\/por-que-un-fiscal-quiere-que-se-investigue-al-grupo-macri\\\/\"},\"wordCount\":231,\"commentCount\":0,\"publisher\":{\"@id\":\"https:\\\/\\\/www.eldiariodetucuman.com\\\/web\\\/#organization\"},\"image\":{\"@id\":\"https:\\\/\\\/www.eldiariodetucuman.com\\\/web\\\/por-que-un-fiscal-quiere-que-se-investigue-al-grupo-macri\\\/#primaryimage\"},\"thumbnailUrl\":\"https:\\\/\\\/www.eldiariodetucuman.com\\\/web\\\/wp-content\\\/uploads\\\/2018\\\/02\\\/31ab83150ed1ab8bfd82941be68fd6e7.jpeg\",\"articleSection\":[\"Portada\"],\"inLanguage\":\"es\",\"potentialAction\":[{\"@type\":\"CommentAction\",\"name\":\"Comment\",\"target\":[\"https:\\\/\\\/www.eldiariodetucuman.com\\\/web\\\/por-que-un-fiscal-quiere-que-se-investigue-al-grupo-macri\\\/#respond\"]}]},{\"@type\":\"WebPage\",\"@id\":\"https:\\\/\\\/www.eldiariodetucuman.com\\\/web\\\/por-que-un-fiscal-quiere-que-se-investigue-al-grupo-macri\\\/\",\"url\":\"https:\\\/\\\/www.eldiariodetucuman.com\\\/web\\\/por-que-un-fiscal-quiere-que-se-investigue-al-grupo-macri\\\/\",\"name\":\"\u00bfPor qu\u00e9 un fiscal quiere que se investigue al Grupo Macri? - El Diario de Tucuman\",\"isPartOf\":{\"@id\":\"https:\\\/\\\/www.eldiariodetucuman.com\\\/web\\\/#website\"},\"primaryImageOfPage\":{\"@id\":\"https:\\\/\\\/www.eldiariodetucuman.com\\\/web\\\/por-que-un-fiscal-quiere-que-se-investigue-al-grupo-macri\\\/#primaryimage\"},\"image\":{\"@id\":\"https:\\\/\\\/www.eldiariodetucuman.com\\\/web\\\/por-que-un-fiscal-quiere-que-se-investigue-al-grupo-macri\\\/#primaryimage\"},\"thumbnailUrl\":\"https:\\\/\\\/www.eldiariodetucuman.com\\\/web\\\/wp-content\\\/uploads\\\/2018\\\/02\\\/31ab83150ed1ab8bfd82941be68fd6e7.jpeg\",\"datePublished\":\"2018-02-24T14:42:12+00:00\",\"dateModified\":\"2018-02-24T14:42:13+00:00\",\"breadcrumb\":{\"@id\":\"https:\\\/\\\/www.eldiariodetucuman.com\\\/web\\\/por-que-un-fiscal-quiere-que-se-investigue-al-grupo-macri\\\/#breadcrumb\"},\"inLanguage\":\"es\",\"potentialAction\":[{\"@type\":\"ReadAction\",\"target\":[\"https:\\\/\\\/www.eldiariodetucuman.com\\\/web\\\/por-que-un-fiscal-quiere-que-se-investigue-al-grupo-macri\\\/\"]}]},{\"@type\":\"ImageObject\",\"inLanguage\":\"es\",\"@id\":\"https:\\\/\\\/www.eldiariodetucuman.com\\\/web\\\/por-que-un-fiscal-quiere-que-se-investigue-al-grupo-macri\\\/#primaryimage\",\"url\":\"https:\\\/\\\/www.eldiariodetucuman.com\\\/web\\\/wp-content\\\/uploads\\\/2018\\\/02\\\/31ab83150ed1ab8bfd82941be68fd6e7.jpeg\",\"contentUrl\":\"https:\\\/\\\/www.eldiariodetucuman.com\\\/web\\\/wp-content\\\/uploads\\\/2018\\\/02\\\/31ab83150ed1ab8bfd82941be68fd6e7.jpeg\",\"width\":960,\"height\":541},{\"@type\":\"BreadcrumbList\",\"@id\":\"https:\\\/\\\/www.eldiariodetucuman.com\\\/web\\\/por-que-un-fiscal-quiere-que-se-investigue-al-grupo-macri\\\/#breadcrumb\",\"itemListElement\":[{\"@type\":\"ListItem\",\"position\":1,\"name\":\"Portada\",\"item\":\"https:\\\/\\\/www.eldiariodetucuman.com\\\/web\\\/\"},{\"@type\":\"ListItem\",\"position\":2,\"name\":\"\u00bfPor qu\u00e9 un fiscal quiere que se investigue al Grupo Macri?\"}]},{\"@type\":\"WebSite\",\"@id\":\"https:\\\/\\\/www.eldiariodetucuman.com\\\/web\\\/#website\",\"url\":\"https:\\\/\\\/www.eldiariodetucuman.com\\\/web\\\/\",\"name\":\"El Diario de Tucuman\",\"description\":\"Diario Tucuman - Informaci\u00f3n y noticias\",\"publisher\":{\"@id\":\"https:\\\/\\\/www.eldiariodetucuman.com\\\/web\\\/#organization\"},\"potentialAction\":[{\"@type\":\"SearchAction\",\"target\":{\"@type\":\"EntryPoint\",\"urlTemplate\":\"https:\\\/\\\/www.eldiariodetucuman.com\\\/web\\\/?s={search_term_string}\"},\"query-input\":{\"@type\":\"PropertyValueSpecification\",\"valueRequired\":true,\"valueName\":\"search_term_string\"}}],\"inLanguage\":\"es\"},{\"@type\":\"Organization\",\"@id\":\"https:\\\/\\\/www.eldiariodetucuman.com\\\/web\\\/#organization\",\"name\":\"El Diario de Tucuman\",\"url\":\"https:\\\/\\\/www.eldiariodetucuman.com\\\/web\\\/\",\"logo\":{\"@type\":\"ImageObject\",\"inLanguage\":\"es\",\"@id\":\"https:\\\/\\\/www.eldiariodetucuman.com\\\/web\\\/#\\\/schema\\\/logo\\\/image\\\/\",\"url\":\"http:\\\/\\\/www.eldiariodetucuman.com\\\/web\\\/wp-content\\\/uploads\\\/2017\\\/12\\\/el-diario-de-tucuman.jpg\",\"contentUrl\":\"http:\\\/\\\/www.eldiariodetucuman.com\\\/web\\\/wp-content\\\/uploads\\\/2017\\\/12\\\/el-diario-de-tucuman.jpg\",\"width\":272,\"height\":92,\"caption\":\"El Diario de Tucuman\"},\"image\":{\"@id\":\"https:\\\/\\\/www.eldiariodetucuman.com\\\/web\\\/#\\\/schema\\\/logo\\\/image\\\/\"}},{\"@type\":\"Person\",\"@id\":\"https:\\\/\\\/www.eldiariodetucuman.com\\\/web\\\/#\\\/schema\\\/person\\\/9250197d75ab5483412e19678b121caa\",\"name\":\"admin\",\"image\":{\"@type\":\"ImageObject\",\"inLanguage\":\"es\",\"@id\":\"https:\\\/\\\/secure.gravatar.com\\\/avatar\\\/c44d117c2be811212c22cb481f6b8384b6873de103fbc49e7a03cc58d7dea4ac?s=96&d=mm&r=g\",\"url\":\"https:\\\/\\\/secure.gravatar.com\\\/avatar\\\/c44d117c2be811212c22cb481f6b8384b6873de103fbc49e7a03cc58d7dea4ac?s=96&d=mm&r=g\",\"contentUrl\":\"https:\\\/\\\/secure.gravatar.com\\\/avatar\\\/c44d117c2be811212c22cb481f6b8384b6873de103fbc49e7a03cc58d7dea4ac?s=96&d=mm&r=g\",\"caption\":\"admin\"},\"url\":\"https:\\\/\\\/www.eldiariodetucuman.com\\\/web\\\/author\\\/admin\\\/\"}]}<\/script>\n<!-- \/ Yoast SEO plugin. -->","yoast_head_json":{"title":"\u00bfPor qu\u00e9 un fiscal quiere que se investigue al Grupo Macri? - El Diario de Tucuman","robots":{"index":"index","follow":"follow","max-snippet":"max-snippet:-1","max-image-preview":"max-image-preview:large","max-video-preview":"max-video-preview:-1"},"canonical":"https:\/\/www.eldiariodetucuman.com\/web\/por-que-un-fiscal-quiere-que-se-investigue-al-grupo-macri\/","og_locale":"es_ES","og_type":"article","og_title":"\u00bfPor qu\u00e9 un fiscal quiere que se investigue al Grupo Macri? - El Diario de Tucuman","og_description":"En cinco claves, conoc\u00e9 por qu\u00e9 la justicia federal pidi\u00f3 investigar a la familia del presidente Mauricio Macri.\u00a0 1-En el primer a\u00f1o de gesti\u00f3n de Mauricio Macri como presidente, la empresa espa\u00f1ola Isolux gan\u00f3 las licitaciones de seis parques e\u00f3licos. 2-Luego las vendi\u00f3 a dos sociedades que hab\u00edan sido creadas por Sideco Americana, la m\u00e1s [&hellip;]","og_url":"https:\/\/www.eldiariodetucuman.com\/web\/por-que-un-fiscal-quiere-que-se-investigue-al-grupo-macri\/","og_site_name":"El Diario de Tucuman","article_published_time":"2018-02-24T14:42:12+00:00","article_modified_time":"2018-02-24T14:42:13+00:00","og_image":[{"width":960,"height":541,"url":"https:\/\/www.eldiariodetucuman.com\/web\/wp-content\/uploads\/2018\/02\/31ab83150ed1ab8bfd82941be68fd6e7.jpeg","type":"image\/jpeg"}],"author":"admin","twitter_card":"summary_large_image","twitter_misc":{"Escrito por":"admin","Tiempo de lectura":"1 minuto"},"schema":{"@context":"https:\/\/schema.org","@graph":[{"@type":"Article","@id":"https:\/\/www.eldiariodetucuman.com\/web\/por-que-un-fiscal-quiere-que-se-investigue-al-grupo-macri\/#article","isPartOf":{"@id":"https:\/\/www.eldiariodetucuman.com\/web\/por-que-un-fiscal-quiere-que-se-investigue-al-grupo-macri\/"},"author":{"name":"admin","@id":"https:\/\/www.eldiariodetucuman.com\/web\/#\/schema\/person\/9250197d75ab5483412e19678b121caa"},"headline":"\u00bfPor qu\u00e9 un fiscal quiere que se investigue al Grupo Macri?","datePublished":"2018-02-24T14:42:12+00:00","dateModified":"2018-02-24T14:42:13+00:00","mainEntityOfPage":{"@id":"https:\/\/www.eldiariodetucuman.com\/web\/por-que-un-fiscal-quiere-que-se-investigue-al-grupo-macri\/"},"wordCount":231,"commentCount":0,"publisher":{"@id":"https:\/\/www.eldiariodetucuman.com\/web\/#organization"},"image":{"@id":"https:\/\/www.eldiariodetucuman.com\/web\/por-que-un-fiscal-quiere-que-se-investigue-al-grupo-macri\/#primaryimage"},"thumbnailUrl":"https:\/\/www.eldiariodetucuman.com\/web\/wp-content\/uploads\/2018\/02\/31ab83150ed1ab8bfd82941be68fd6e7.jpeg","articleSection":["Portada"],"inLanguage":"es","potentialAction":[{"@type":"CommentAction","name":"Comment","target":["https:\/\/www.eldiariodetucuman.com\/web\/por-que-un-fiscal-quiere-que-se-investigue-al-grupo-macri\/#respond"]}]},{"@type":"WebPage","@id":"https:\/\/www.eldiariodetucuman.com\/web\/por-que-un-fiscal-quiere-que-se-investigue-al-grupo-macri\/","url":"https:\/\/www.eldiariodetucuman.com\/web\/por-que-un-fiscal-quiere-que-se-investigue-al-grupo-macri\/","name":"\u00bfPor qu\u00e9 un fiscal quiere que se investigue al Grupo Macri? - El Diario de Tucuman","isPartOf":{"@id":"https:\/\/www.eldiariodetucuman.com\/web\/#website"},"primaryImageOfPage":{"@id":"https:\/\/www.eldiariodetucuman.com\/web\/por-que-un-fiscal-quiere-que-se-investigue-al-grupo-macri\/#primaryimage"},"image":{"@id":"https:\/\/www.eldiariodetucuman.com\/web\/por-que-un-fiscal-quiere-que-se-investigue-al-grupo-macri\/#primaryimage"},"thumbnailUrl":"https:\/\/www.eldiariodetucuman.com\/web\/wp-content\/uploads\/2018\/02\/31ab83150ed1ab8bfd82941be68fd6e7.jpeg","datePublished":"2018-02-24T14:42:12+00:00","dateModified":"2018-02-24T14:42:13+00:00","breadcrumb":{"@id":"https:\/\/www.eldiariodetucuman.com\/web\/por-que-un-fiscal-quiere-que-se-investigue-al-grupo-macri\/#breadcrumb"},"inLanguage":"es","potentialAction":[{"@type":"ReadAction","target":["https:\/\/www.eldiariodetucuman.com\/web\/por-que-un-fiscal-quiere-que-se-investigue-al-grupo-macri\/"]}]},{"@type":"ImageObject","inLanguage":"es","@id":"https:\/\/www.eldiariodetucuman.com\/web\/por-que-un-fiscal-quiere-que-se-investigue-al-grupo-macri\/#primaryimage","url":"https:\/\/www.eldiariodetucuman.com\/web\/wp-content\/uploads\/2018\/02\/31ab83150ed1ab8bfd82941be68fd6e7.jpeg","contentUrl":"https:\/\/www.eldiariodetucuman.com\/web\/wp-content\/uploads\/2018\/02\/31ab83150ed1ab8bfd82941be68fd6e7.jpeg","width":960,"height":541},{"@type":"BreadcrumbList","@id":"https:\/\/www.eldiariodetucuman.com\/web\/por-que-un-fiscal-quiere-que-se-investigue-al-grupo-macri\/#breadcrumb","itemListElement":[{"@type":"ListItem","position":1,"name":"Portada","item":"https:\/\/www.eldiariodetucuman.com\/web\/"},{"@type":"ListItem","position":2,"name":"\u00bfPor qu\u00e9 un fiscal quiere que se investigue al Grupo Macri?"}]},{"@type":"WebSite","@id":"https:\/\/www.eldiariodetucuman.com\/web\/#website","url":"https:\/\/www.eldiariodetucuman.com\/web\/","name":"El Diario de Tucuman","description":"Diario Tucuman - Informaci\u00f3n y noticias","publisher":{"@id":"https:\/\/www.eldiariodetucuman.com\/web\/#organization"},"potentialAction":[{"@type":"SearchAction","target":{"@type":"EntryPoint","urlTemplate":"https:\/\/www.eldiariodetucuman.com\/web\/?s={search_term_string}"},"query-input":{"@type":"PropertyValueSpecification","valueRequired":true,"valueName":"search_term_string"}}],"inLanguage":"es"},{"@type":"Organization","@id":"https:\/\/www.eldiariodetucuman.com\/web\/#organization","name":"El Diario de Tucuman","url":"https:\/\/www.eldiariodetucuman.com\/web\/","logo":{"@type":"ImageObject","inLanguage":"es","@id":"https:\/\/www.eldiariodetucuman.com\/web\/#\/schema\/logo\/image\/","url":"http:\/\/www.eldiariodetucuman.com\/web\/wp-content\/uploads\/2017\/12\/el-diario-de-tucuman.jpg","contentUrl":"http:\/\/www.eldiariodetucuman.com\/web\/wp-content\/uploads\/2017\/12\/el-diario-de-tucuman.jpg","width":272,"height":92,"caption":"El Diario de Tucuman"},"image":{"@id":"https:\/\/www.eldiariodetucuman.com\/web\/#\/schema\/logo\/image\/"}},{"@type":"Person","@id":"https:\/\/www.eldiariodetucuman.com\/web\/#\/schema\/person\/9250197d75ab5483412e19678b121caa","name":"admin","image":{"@type":"ImageObject","inLanguage":"es","@id":"https:\/\/secure.gravatar.com\/avatar\/c44d117c2be811212c22cb481f6b8384b6873de103fbc49e7a03cc58d7dea4ac?s=96&d=mm&r=g","url":"https:\/\/secure.gravatar.com\/avatar\/c44d117c2be811212c22cb481f6b8384b6873de103fbc49e7a03cc58d7dea4ac?s=96&d=mm&r=g","contentUrl":"https:\/\/secure.gravatar.com\/avatar\/c44d117c2be811212c22cb481f6b8384b6873de103fbc49e7a03cc58d7dea4ac?s=96&d=mm&r=g","caption":"admin"},"url":"https:\/\/www.eldiariodetucuman.com\/web\/author\/admin\/"}]}},"_links":{"self":[{"href":"https:\/\/www.eldiariodetucuman.com\/web\/wp-json\/wp\/v2\/posts\/5804","targetHints":{"allow":["GET"]}}],"collection":[{"href":"https:\/\/www.eldiariodetucuman.com\/web\/wp-json\/wp\/v2\/posts"}],"about":[{"href":"https:\/\/www.eldiariodetucuman.com\/web\/wp-json\/wp\/v2\/types\/post"}],"author":[{"embeddable":true,"href":"https:\/\/www.eldiariodetucuman.com\/web\/wp-json\/wp\/v2\/users\/1"}],"replies":[{"embeddable":true,"href":"https:\/\/www.eldiariodetucuman.com\/web\/wp-json\/wp\/v2\/comments?post=5804"}],"version-history":[{"count":1,"href":"https:\/\/www.eldiariodetucuman.com\/web\/wp-json\/wp\/v2\/posts\/5804\/revisions"}],"predecessor-version":[{"id":5806,"href":"https:\/\/www.eldiariodetucuman.com\/web\/wp-json\/wp\/v2\/posts\/5804\/revisions\/5806"}],"wp:featuredmedia":[{"embeddable":true,"href":"https:\/\/www.eldiariodetucuman.com\/web\/wp-json\/wp\/v2\/media\/5805"}],"wp:attachment":[{"href":"https:\/\/www.eldiariodetucuman.com\/web\/wp-json\/wp\/v2\/media?parent=5804"}],"wp:term":[{"taxonomy":"category","embeddable":true,"href":"https:\/\/www.eldiariodetucuman.com\/web\/wp-json\/wp\/v2\/categories?post=5804"},{"taxonomy":"post_tag","embeddable":true,"href":"https:\/\/www.eldiariodetucuman.com\/web\/wp-json\/wp\/v2\/tags?post=5804"}],"curies":[{"name":"wp","href":"https:\/\/api.w.org\/{rel}","templated":true}]}}