{"id":5801,"date":"2018-02-24T11:42:03","date_gmt":"2018-02-24T14:42:03","guid":{"rendered":"http:\/\/www.eldiariodetucuman.com\/web\/la-iglesia-pide-respeto-pero-se-abre-a-la-discusion-del-aborto\/"},"modified":"2018-02-24T11:42:06","modified_gmt":"2018-02-24T14:42:06","slug":"la-iglesia-pide-respeto-pero-se-abre-a-la-discusion-del-aborto","status":"publish","type":"post","link":"https:\/\/www.eldiariodetucuman.com\/web\/la-iglesia-pide-respeto-pero-se-abre-a-la-discusion-del-aborto\/","title":{"rendered":"La Iglesia pide respeto pero se abre a la discusi\u00f3n del aborto"},"content":{"rendered":"<div>\n<div readability=\"140.73446327684\">\n<p><strong>Mauricio Macri habilit\u00f3 el debate en el Congreso sobre la legalizaci\u00f3n del aborto, y la Iglesia no se opuso.<\/strong> A trav\u00e9s de un comunicado, la Comisi\u00f3n Ejecutiva de la Conferencia Episcopal Argentina (CEA) pidi\u00f3 <a href=\"https:\/\/www.elintransigente.com\/politica\/2018\/2\/23\/el-ministro-de-educacion-comparo-el-aborto-con-la-pena-de-muerte-479821.html\">respeto <\/a>por ser un tema que \u201ctoca profundamente el tejido de la sociedad argentina\u201d, y propuso escuchar a las distintas voces.<\/p>\n<p>\u201cQue este debate nos encuentre preparados para un di\u00e1logo sincero y profundo que pueda responder a este drama, escuchar las distintas voces y las leg\u00edtimas preocupaciones que atraviesan quienes no saben c\u00f3mo actuar, sin descalificaciones, violencia o agresi\u00f3n\u201d, reza el escrito de la Comisi\u00f3n.<\/p>\n<p>Si bien consideran que \u201cla vida es un don\u201d, reconocen que hay personas que no desean o no decidieron tener un hijo, por distintos motivos, entre los cuales enumera el<strong> \u201cabuso\u201d y la \u201cviolencia hacia la mujer\u201d.<\/strong><\/p>\n<aside class=\"htmlinline \"><ins class=\"adsbygoogle\" data-ad-format=\"fluid\" data-ad-layout=\"in-article\" data-ad-client=\"ca-pub-7781556717282971\" data-ad-slot=\"9383133609\"><\/ins><br \/>\n<\/aside>\n<p>En ese contexto, la Conferencia Episcopal sostiene que es all\u00ed donde surge el interrogante humano y \u00e9tico sobre qu\u00e9 hacer, y <strong>pide escuchar tanto a la mujer embarazada, como contemplar \u201cel derecho a la existencia de los inocentes que no pueden defenderse\u201d.<\/strong><\/p>\n<p>Como soluci\u00f3n para los casos de embarazos no deseados, <strong>la Iglesia propone como \u201cprioritaria\u201d la educaci\u00f3n sexual integral de la ciudadan\u00eda <\/strong>a fin de capacitar \u201cpara la decisi\u00f3n libre y responsable de concebir una vida\u201d.<\/p>\n<p>Adem\u00e1s, exige como pol\u00edtica p\u00fablica que se reconozca \u201cla dignidad de la vida humana desde el comienzo de su concepci\u00f3n\u201d, y exige acompa\u00f1amiento, desde lo social, a quienes est\u00e9n atravesando un conflicto.<\/p>\n<p>En otro orden, la Comisi\u00f3n Ejecutiva resalt\u00f3 el \u201calto grado de sensibilidad humana a favor de la familia y de la vida de los ni\u00f1os y j\u00f3venes m\u00e1s pobres\u201d que signific\u00f3 la sanci\u00f3n de la <strong>Ley de Asignaci\u00f3n Universal por Hijo<\/strong>, y llama a continuar por ese camino en el \u00e1mbito legislativo.<\/p>\n<p>El titular de la CEA, monse\u00f1or Oscar Ojea, obispo de San Isidro, que asumi\u00f3 como parte de la nueva c\u00fapula del Episcopado recientemente, es cercano y querido por el propio <a href=\"https:\/\/www.elintransigente.com\/espectaculo\/cine\/2018\/2\/15\/el-papa-francisco-llega-la-pantalla-grande-de-estados-unidos-en-mayo-478835.html\">Papa<\/a> Francisco, quien lo califica de \u201cexcelente persona\u201d.<\/p>\n<p><strong>Lea el comunicado de la CEA completo<\/strong><\/p>\n<p><strong>Declaraci\u00f3n de la Comisi\u00f3n Ejecutiva: Respetuosos de la vida<\/strong><\/p>\n<p>\n23\/02\/2018<\/p>\n<p>La vida humana es un don. Esta es una experiencia compartida de muchos hombres y mujeres, sean creyentes o no. Se refleja en el rostro de los padres cuando contemplan por primera vez a sus hijos. El anuncio de la espera de un hijo es una alegr\u00eda que se comparte con familiares y amigos.<\/p>\n<p>Pero a veces en la historia de otras personas no es as\u00ed, no es algo deseado, esperado, decidido, aunque en ocasiones en los meses siguientes se redescubre la belleza de esa vida que viene en camino.<\/p>\n<p>Para otros, la concepci\u00f3n de esa vida no fue fruto de un acto de amor, y hasta pudo haber sido consecuencia de una acci\u00f3n de abuso y violencia hacia la mujer.<\/p>\n<p>All\u00ed es cuando surge la pregunta humana y \u00e9tica sobre qu\u00e9 hacer. En la forma de responder la pregunta se cae muchas veces en plantear un enfrentamiento entre dos personas en situaci\u00f3n de vulnerabilidad. Por un lado la mujer, que no decidi\u00f3 ser madre, suele encontrarse en soledad y la mayor\u00eda de las veces en un contexto de pobreza; \u00a0por otro lado, la vulnerabilidad de la vida humana concebida que no se puede defender. Debi\u00e9ramos escuchar tanto a las madres embarazadas que sufrieron una terrible violencia sexual, como as\u00ed tambi\u00e9n contemplar el derecho a la existencia de los inocentes que no pueden defenderse.<\/p>\n<p>La pregunta humana y \u00e9tica es: \u00bfhay que optar por una vida y eliminar a otra?<br \/>\nLa eliminaci\u00f3n de la vida humana del que no se puede defender instaura el principio de que los m\u00e1s d\u00e9biles pueden ser eliminados; acepta que unos pueden decidir la muerte de otros. Hace unos a\u00f1os con la sanci\u00f3n de la Ley \u201cAsignaci\u00f3n Universal por Hijo\u201d, el Honorable Congreso de la Naci\u00f3n demostr\u00f3 una vez m\u00e1s en su historia republicana un alto grado de sensibilidad humana a favor de la familia y de la vida de los ni\u00f1os y j\u00f3venes m\u00e1s pobres. \u00bfNo se podr\u00e1 continuar por ese camino legislativo?<\/p>\n<p>La soluci\u00f3n o el camino para abordar estas situaciones es la implementaci\u00f3n de pol\u00edticas p\u00fablicas que:\u00a0<br \/>\n&#8211; Establezcan como prioritaria la educaci\u00f3n sexual integral de la ciudadan\u00eda, en la que se \u00a0fomente y capacite para la decisi\u00f3n libre y responsable de concebir una vida humana. Todos tenemos necesidad y derecho de ser recibidos como hijos.<\/p>\n<p>&#8211; Reconozcan la dignidad de la vida humana desde el comienzo de su concepci\u00f3n pasando por todas las etapas de su desarrollo, la dignidad e igualdad de la mujer y el var\u00f3n, y se implementen acciones tendientes a encarar las causas de la violencia hacia la mujer generando nuevas pautas de conductas basadas en el respeto al otro.<\/p>\n<p>&#8211; Acompa\u00f1en, desde lo social, las situaciones de conflicto y atiendan las heridas que quedan por sanar en quienes est\u00e1n atravesando por estas situaciones.<\/p>\n<p>El di\u00e1logo democr\u00e1tico<br \/>\nEstamos ante el debate parlamentario de distintos proyectos de ley. Es necesario, que m\u00e1s all\u00e1 del buen funcionamiento de nuestro sistema republicano en el cual se legisla a trav\u00e9s de los representantes del pueblo, se tenga en cuenta que este tema toca profundamente el tejido de nuestra sociedad.<\/p>\n<p>Que este debate nos encuentre preparados para un di\u00e1logo sincero y profundo que pueda responder a este drama, escuchar las distintas voces y las leg\u00edtimas preocupaciones que atraviesan quienes no saben c\u00f3mo actuar, sin descalificaciones, violencia o agresi\u00f3n.\u00a0<\/p>\n<p>Junto con todos los hombres y mujeres que descubren la vida como un don, los cristianos tambi\u00e9n queremos aportar nuestra voz, no para imponer una concepci\u00f3n religiosa sino a partir de nuestras convicciones razonables y humanas. \u00a0<\/p>\n<p>Comisi\u00f3n Ejecutiva<br \/>\nConferencia Episcopal Argentina<br \/>\nBuenos Aires, 23 de febrero de 2018<\/p>\n<p>\n\u00a0<\/p>\n<\/div>\n<\/div>\n<p>Fuente: https:\/\/www.elintransigente.com\/politica\/2018\/2\/23\/la-iglesia-pide-respeto-pero-se-abre-la-discusion-del-aborto-479879.html<\/p>\n","protected":false},"excerpt":{"rendered":"<p>Mauricio Macri habilit\u00f3 el debate en el Congreso sobre la legalizaci\u00f3n del aborto, y la Iglesia no se opuso. A trav\u00e9s de un comunicado, la Comisi\u00f3n Ejecutiva de la Conferencia Episcopal Argentina (CEA) pidi\u00f3 respeto por ser un tema que \u201ctoca profundamente el tejido de la sociedad argentina\u201d, y propuso escuchar a las distintas voces. [&hellip;]<\/p>\n","protected":false},"author":1,"featured_media":5802,"comment_status":"open","ping_status":"closed","sticky":false,"template":"","format":"standard","meta":{"footnotes":""},"categories":[1],"tags":[],"class_list":{"0":"post-5801","1":"post","2":"type-post","3":"status-publish","4":"format-standard","5":"has-post-thumbnail","7":"category-portada"},"yoast_head":"<!-- This site is optimized with the Yoast SEO plugin v27.5 - https:\/\/yoast.com\/product\/yoast-seo-wordpress\/ -->\n<title>La Iglesia pide respeto pero se abre a la discusi\u00f3n del aborto - El Diario de Tucuman<\/title>\n<meta name=\"robots\" content=\"index, follow, max-snippet:-1, max-image-preview:large, max-video-preview:-1\" \/>\n<link rel=\"canonical\" href=\"https:\/\/www.eldiariodetucuman.com\/web\/la-iglesia-pide-respeto-pero-se-abre-a-la-discusion-del-aborto\/\" \/>\n<meta property=\"og:locale\" content=\"es_ES\" \/>\n<meta property=\"og:type\" content=\"article\" \/>\n<meta property=\"og:title\" content=\"La Iglesia pide respeto pero se abre a la discusi\u00f3n del aborto - El Diario de Tucuman\" \/>\n<meta property=\"og:description\" content=\"Mauricio Macri habilit\u00f3 el debate en el Congreso sobre la legalizaci\u00f3n del aborto, y la Iglesia no se opuso. A trav\u00e9s de un comunicado, la Comisi\u00f3n Ejecutiva de la Conferencia Episcopal Argentina (CEA) pidi\u00f3 respeto por ser un tema que \u201ctoca profundamente el tejido de la sociedad argentina\u201d, y propuso escuchar a las distintas voces. [&hellip;]\" \/>\n<meta property=\"og:url\" content=\"https:\/\/www.eldiariodetucuman.com\/web\/la-iglesia-pide-respeto-pero-se-abre-a-la-discusion-del-aborto\/\" \/>\n<meta property=\"og:site_name\" content=\"El Diario de Tucuman\" \/>\n<meta property=\"article:published_time\" content=\"2018-02-24T14:42:03+00:00\" \/>\n<meta property=\"article:modified_time\" content=\"2018-02-24T14:42:06+00:00\" \/>\n<meta property=\"og:image\" content=\"https:\/\/www.eldiariodetucuman.com\/web\/wp-content\/uploads\/2018\/02\/61b0be0deccfb7909887459c63dd2754.jpeg\" \/>\n\t<meta property=\"og:image:width\" content=\"960\" \/>\n\t<meta property=\"og:image:height\" content=\"608\" \/>\n\t<meta property=\"og:image:type\" content=\"image\/jpeg\" \/>\n<meta name=\"author\" content=\"admin\" \/>\n<meta name=\"twitter:card\" content=\"summary_large_image\" \/>\n<meta name=\"twitter:label1\" content=\"Escrito por\" \/>\n\t<meta name=\"twitter:data1\" content=\"admin\" \/>\n\t<meta name=\"twitter:label2\" content=\"Tiempo de lectura\" \/>\n\t<meta name=\"twitter:data2\" content=\"5 minutos\" \/>\n<script type=\"application\/ld+json\" class=\"yoast-schema-graph\">{\"@context\":\"https:\\\/\\\/schema.org\",\"@graph\":[{\"@type\":\"Article\",\"@id\":\"https:\\\/\\\/www.eldiariodetucuman.com\\\/web\\\/la-iglesia-pide-respeto-pero-se-abre-a-la-discusion-del-aborto\\\/#article\",\"isPartOf\":{\"@id\":\"https:\\\/\\\/www.eldiariodetucuman.com\\\/web\\\/la-iglesia-pide-respeto-pero-se-abre-a-la-discusion-del-aborto\\\/\"},\"author\":{\"name\":\"admin\",\"@id\":\"https:\\\/\\\/www.eldiariodetucuman.com\\\/web\\\/#\\\/schema\\\/person\\\/9250197d75ab5483412e19678b121caa\"},\"headline\":\"La Iglesia pide respeto pero se abre a la discusi\u00f3n del aborto\",\"datePublished\":\"2018-02-24T14:42:03+00:00\",\"dateModified\":\"2018-02-24T14:42:06+00:00\",\"mainEntityOfPage\":{\"@id\":\"https:\\\/\\\/www.eldiariodetucuman.com\\\/web\\\/la-iglesia-pide-respeto-pero-se-abre-a-la-discusion-del-aborto\\\/\"},\"wordCount\":1041,\"commentCount\":0,\"publisher\":{\"@id\":\"https:\\\/\\\/www.eldiariodetucuman.com\\\/web\\\/#organization\"},\"image\":{\"@id\":\"https:\\\/\\\/www.eldiariodetucuman.com\\\/web\\\/la-iglesia-pide-respeto-pero-se-abre-a-la-discusion-del-aborto\\\/#primaryimage\"},\"thumbnailUrl\":\"https:\\\/\\\/www.eldiariodetucuman.com\\\/web\\\/wp-content\\\/uploads\\\/2018\\\/02\\\/61b0be0deccfb7909887459c63dd2754.jpeg\",\"articleSection\":[\"Portada\"],\"inLanguage\":\"es\",\"potentialAction\":[{\"@type\":\"CommentAction\",\"name\":\"Comment\",\"target\":[\"https:\\\/\\\/www.eldiariodetucuman.com\\\/web\\\/la-iglesia-pide-respeto-pero-se-abre-a-la-discusion-del-aborto\\\/#respond\"]}]},{\"@type\":\"WebPage\",\"@id\":\"https:\\\/\\\/www.eldiariodetucuman.com\\\/web\\\/la-iglesia-pide-respeto-pero-se-abre-a-la-discusion-del-aborto\\\/\",\"url\":\"https:\\\/\\\/www.eldiariodetucuman.com\\\/web\\\/la-iglesia-pide-respeto-pero-se-abre-a-la-discusion-del-aborto\\\/\",\"name\":\"La Iglesia pide respeto pero se abre a la discusi\u00f3n del aborto - El Diario de Tucuman\",\"isPartOf\":{\"@id\":\"https:\\\/\\\/www.eldiariodetucuman.com\\\/web\\\/#website\"},\"primaryImageOfPage\":{\"@id\":\"https:\\\/\\\/www.eldiariodetucuman.com\\\/web\\\/la-iglesia-pide-respeto-pero-se-abre-a-la-discusion-del-aborto\\\/#primaryimage\"},\"image\":{\"@id\":\"https:\\\/\\\/www.eldiariodetucuman.com\\\/web\\\/la-iglesia-pide-respeto-pero-se-abre-a-la-discusion-del-aborto\\\/#primaryimage\"},\"thumbnailUrl\":\"https:\\\/\\\/www.eldiariodetucuman.com\\\/web\\\/wp-content\\\/uploads\\\/2018\\\/02\\\/61b0be0deccfb7909887459c63dd2754.jpeg\",\"datePublished\":\"2018-02-24T14:42:03+00:00\",\"dateModified\":\"2018-02-24T14:42:06+00:00\",\"breadcrumb\":{\"@id\":\"https:\\\/\\\/www.eldiariodetucuman.com\\\/web\\\/la-iglesia-pide-respeto-pero-se-abre-a-la-discusion-del-aborto\\\/#breadcrumb\"},\"inLanguage\":\"es\",\"potentialAction\":[{\"@type\":\"ReadAction\",\"target\":[\"https:\\\/\\\/www.eldiariodetucuman.com\\\/web\\\/la-iglesia-pide-respeto-pero-se-abre-a-la-discusion-del-aborto\\\/\"]}]},{\"@type\":\"ImageObject\",\"inLanguage\":\"es\",\"@id\":\"https:\\\/\\\/www.eldiariodetucuman.com\\\/web\\\/la-iglesia-pide-respeto-pero-se-abre-a-la-discusion-del-aborto\\\/#primaryimage\",\"url\":\"https:\\\/\\\/www.eldiariodetucuman.com\\\/web\\\/wp-content\\\/uploads\\\/2018\\\/02\\\/61b0be0deccfb7909887459c63dd2754.jpeg\",\"contentUrl\":\"https:\\\/\\\/www.eldiariodetucuman.com\\\/web\\\/wp-content\\\/uploads\\\/2018\\\/02\\\/61b0be0deccfb7909887459c63dd2754.jpeg\",\"width\":960,\"height\":608},{\"@type\":\"BreadcrumbList\",\"@id\":\"https:\\\/\\\/www.eldiariodetucuman.com\\\/web\\\/la-iglesia-pide-respeto-pero-se-abre-a-la-discusion-del-aborto\\\/#breadcrumb\",\"itemListElement\":[{\"@type\":\"ListItem\",\"position\":1,\"name\":\"Portada\",\"item\":\"https:\\\/\\\/www.eldiariodetucuman.com\\\/web\\\/\"},{\"@type\":\"ListItem\",\"position\":2,\"name\":\"La Iglesia pide respeto pero se abre a la discusi\u00f3n del aborto\"}]},{\"@type\":\"WebSite\",\"@id\":\"https:\\\/\\\/www.eldiariodetucuman.com\\\/web\\\/#website\",\"url\":\"https:\\\/\\\/www.eldiariodetucuman.com\\\/web\\\/\",\"name\":\"El Diario de Tucuman\",\"description\":\"Diario Tucuman - Informaci\u00f3n y noticias\",\"publisher\":{\"@id\":\"https:\\\/\\\/www.eldiariodetucuman.com\\\/web\\\/#organization\"},\"potentialAction\":[{\"@type\":\"SearchAction\",\"target\":{\"@type\":\"EntryPoint\",\"urlTemplate\":\"https:\\\/\\\/www.eldiariodetucuman.com\\\/web\\\/?s={search_term_string}\"},\"query-input\":{\"@type\":\"PropertyValueSpecification\",\"valueRequired\":true,\"valueName\":\"search_term_string\"}}],\"inLanguage\":\"es\"},{\"@type\":\"Organization\",\"@id\":\"https:\\\/\\\/www.eldiariodetucuman.com\\\/web\\\/#organization\",\"name\":\"El Diario de Tucuman\",\"url\":\"https:\\\/\\\/www.eldiariodetucuman.com\\\/web\\\/\",\"logo\":{\"@type\":\"ImageObject\",\"inLanguage\":\"es\",\"@id\":\"https:\\\/\\\/www.eldiariodetucuman.com\\\/web\\\/#\\\/schema\\\/logo\\\/image\\\/\",\"url\":\"http:\\\/\\\/www.eldiariodetucuman.com\\\/web\\\/wp-content\\\/uploads\\\/2017\\\/12\\\/el-diario-de-tucuman.jpg\",\"contentUrl\":\"http:\\\/\\\/www.eldiariodetucuman.com\\\/web\\\/wp-content\\\/uploads\\\/2017\\\/12\\\/el-diario-de-tucuman.jpg\",\"width\":272,\"height\":92,\"caption\":\"El Diario de Tucuman\"},\"image\":{\"@id\":\"https:\\\/\\\/www.eldiariodetucuman.com\\\/web\\\/#\\\/schema\\\/logo\\\/image\\\/\"}},{\"@type\":\"Person\",\"@id\":\"https:\\\/\\\/www.eldiariodetucuman.com\\\/web\\\/#\\\/schema\\\/person\\\/9250197d75ab5483412e19678b121caa\",\"name\":\"admin\",\"image\":{\"@type\":\"ImageObject\",\"inLanguage\":\"es\",\"@id\":\"https:\\\/\\\/secure.gravatar.com\\\/avatar\\\/c44d117c2be811212c22cb481f6b8384b6873de103fbc49e7a03cc58d7dea4ac?s=96&d=mm&r=g\",\"url\":\"https:\\\/\\\/secure.gravatar.com\\\/avatar\\\/c44d117c2be811212c22cb481f6b8384b6873de103fbc49e7a03cc58d7dea4ac?s=96&d=mm&r=g\",\"contentUrl\":\"https:\\\/\\\/secure.gravatar.com\\\/avatar\\\/c44d117c2be811212c22cb481f6b8384b6873de103fbc49e7a03cc58d7dea4ac?s=96&d=mm&r=g\",\"caption\":\"admin\"},\"url\":\"https:\\\/\\\/www.eldiariodetucuman.com\\\/web\\\/author\\\/admin\\\/\"}]}<\/script>\n<!-- \/ Yoast SEO plugin. -->","yoast_head_json":{"title":"La Iglesia pide respeto pero se abre a la discusi\u00f3n del aborto - El Diario de Tucuman","robots":{"index":"index","follow":"follow","max-snippet":"max-snippet:-1","max-image-preview":"max-image-preview:large","max-video-preview":"max-video-preview:-1"},"canonical":"https:\/\/www.eldiariodetucuman.com\/web\/la-iglesia-pide-respeto-pero-se-abre-a-la-discusion-del-aborto\/","og_locale":"es_ES","og_type":"article","og_title":"La Iglesia pide respeto pero se abre a la discusi\u00f3n del aborto - El Diario de Tucuman","og_description":"Mauricio Macri habilit\u00f3 el debate en el Congreso sobre la legalizaci\u00f3n del aborto, y la Iglesia no se opuso. A trav\u00e9s de un comunicado, la Comisi\u00f3n Ejecutiva de la Conferencia Episcopal Argentina (CEA) pidi\u00f3 respeto por ser un tema que \u201ctoca profundamente el tejido de la sociedad argentina\u201d, y propuso escuchar a las distintas voces. [&hellip;]","og_url":"https:\/\/www.eldiariodetucuman.com\/web\/la-iglesia-pide-respeto-pero-se-abre-a-la-discusion-del-aborto\/","og_site_name":"El Diario de Tucuman","article_published_time":"2018-02-24T14:42:03+00:00","article_modified_time":"2018-02-24T14:42:06+00:00","og_image":[{"width":960,"height":608,"url":"https:\/\/www.eldiariodetucuman.com\/web\/wp-content\/uploads\/2018\/02\/61b0be0deccfb7909887459c63dd2754.jpeg","type":"image\/jpeg"}],"author":"admin","twitter_card":"summary_large_image","twitter_misc":{"Escrito por":"admin","Tiempo de lectura":"5 minutos"},"schema":{"@context":"https:\/\/schema.org","@graph":[{"@type":"Article","@id":"https:\/\/www.eldiariodetucuman.com\/web\/la-iglesia-pide-respeto-pero-se-abre-a-la-discusion-del-aborto\/#article","isPartOf":{"@id":"https:\/\/www.eldiariodetucuman.com\/web\/la-iglesia-pide-respeto-pero-se-abre-a-la-discusion-del-aborto\/"},"author":{"name":"admin","@id":"https:\/\/www.eldiariodetucuman.com\/web\/#\/schema\/person\/9250197d75ab5483412e19678b121caa"},"headline":"La Iglesia pide respeto pero se abre a la discusi\u00f3n del aborto","datePublished":"2018-02-24T14:42:03+00:00","dateModified":"2018-02-24T14:42:06+00:00","mainEntityOfPage":{"@id":"https:\/\/www.eldiariodetucuman.com\/web\/la-iglesia-pide-respeto-pero-se-abre-a-la-discusion-del-aborto\/"},"wordCount":1041,"commentCount":0,"publisher":{"@id":"https:\/\/www.eldiariodetucuman.com\/web\/#organization"},"image":{"@id":"https:\/\/www.eldiariodetucuman.com\/web\/la-iglesia-pide-respeto-pero-se-abre-a-la-discusion-del-aborto\/#primaryimage"},"thumbnailUrl":"https:\/\/www.eldiariodetucuman.com\/web\/wp-content\/uploads\/2018\/02\/61b0be0deccfb7909887459c63dd2754.jpeg","articleSection":["Portada"],"inLanguage":"es","potentialAction":[{"@type":"CommentAction","name":"Comment","target":["https:\/\/www.eldiariodetucuman.com\/web\/la-iglesia-pide-respeto-pero-se-abre-a-la-discusion-del-aborto\/#respond"]}]},{"@type":"WebPage","@id":"https:\/\/www.eldiariodetucuman.com\/web\/la-iglesia-pide-respeto-pero-se-abre-a-la-discusion-del-aborto\/","url":"https:\/\/www.eldiariodetucuman.com\/web\/la-iglesia-pide-respeto-pero-se-abre-a-la-discusion-del-aborto\/","name":"La Iglesia pide respeto pero se abre a la discusi\u00f3n del aborto - El Diario de Tucuman","isPartOf":{"@id":"https:\/\/www.eldiariodetucuman.com\/web\/#website"},"primaryImageOfPage":{"@id":"https:\/\/www.eldiariodetucuman.com\/web\/la-iglesia-pide-respeto-pero-se-abre-a-la-discusion-del-aborto\/#primaryimage"},"image":{"@id":"https:\/\/www.eldiariodetucuman.com\/web\/la-iglesia-pide-respeto-pero-se-abre-a-la-discusion-del-aborto\/#primaryimage"},"thumbnailUrl":"https:\/\/www.eldiariodetucuman.com\/web\/wp-content\/uploads\/2018\/02\/61b0be0deccfb7909887459c63dd2754.jpeg","datePublished":"2018-02-24T14:42:03+00:00","dateModified":"2018-02-24T14:42:06+00:00","breadcrumb":{"@id":"https:\/\/www.eldiariodetucuman.com\/web\/la-iglesia-pide-respeto-pero-se-abre-a-la-discusion-del-aborto\/#breadcrumb"},"inLanguage":"es","potentialAction":[{"@type":"ReadAction","target":["https:\/\/www.eldiariodetucuman.com\/web\/la-iglesia-pide-respeto-pero-se-abre-a-la-discusion-del-aborto\/"]}]},{"@type":"ImageObject","inLanguage":"es","@id":"https:\/\/www.eldiariodetucuman.com\/web\/la-iglesia-pide-respeto-pero-se-abre-a-la-discusion-del-aborto\/#primaryimage","url":"https:\/\/www.eldiariodetucuman.com\/web\/wp-content\/uploads\/2018\/02\/61b0be0deccfb7909887459c63dd2754.jpeg","contentUrl":"https:\/\/www.eldiariodetucuman.com\/web\/wp-content\/uploads\/2018\/02\/61b0be0deccfb7909887459c63dd2754.jpeg","width":960,"height":608},{"@type":"BreadcrumbList","@id":"https:\/\/www.eldiariodetucuman.com\/web\/la-iglesia-pide-respeto-pero-se-abre-a-la-discusion-del-aborto\/#breadcrumb","itemListElement":[{"@type":"ListItem","position":1,"name":"Portada","item":"https:\/\/www.eldiariodetucuman.com\/web\/"},{"@type":"ListItem","position":2,"name":"La Iglesia pide respeto pero se abre a la discusi\u00f3n del aborto"}]},{"@type":"WebSite","@id":"https:\/\/www.eldiariodetucuman.com\/web\/#website","url":"https:\/\/www.eldiariodetucuman.com\/web\/","name":"El Diario de Tucuman","description":"Diario Tucuman - Informaci\u00f3n y noticias","publisher":{"@id":"https:\/\/www.eldiariodetucuman.com\/web\/#organization"},"potentialAction":[{"@type":"SearchAction","target":{"@type":"EntryPoint","urlTemplate":"https:\/\/www.eldiariodetucuman.com\/web\/?s={search_term_string}"},"query-input":{"@type":"PropertyValueSpecification","valueRequired":true,"valueName":"search_term_string"}}],"inLanguage":"es"},{"@type":"Organization","@id":"https:\/\/www.eldiariodetucuman.com\/web\/#organization","name":"El Diario de Tucuman","url":"https:\/\/www.eldiariodetucuman.com\/web\/","logo":{"@type":"ImageObject","inLanguage":"es","@id":"https:\/\/www.eldiariodetucuman.com\/web\/#\/schema\/logo\/image\/","url":"http:\/\/www.eldiariodetucuman.com\/web\/wp-content\/uploads\/2017\/12\/el-diario-de-tucuman.jpg","contentUrl":"http:\/\/www.eldiariodetucuman.com\/web\/wp-content\/uploads\/2017\/12\/el-diario-de-tucuman.jpg","width":272,"height":92,"caption":"El Diario de Tucuman"},"image":{"@id":"https:\/\/www.eldiariodetucuman.com\/web\/#\/schema\/logo\/image\/"}},{"@type":"Person","@id":"https:\/\/www.eldiariodetucuman.com\/web\/#\/schema\/person\/9250197d75ab5483412e19678b121caa","name":"admin","image":{"@type":"ImageObject","inLanguage":"es","@id":"https:\/\/secure.gravatar.com\/avatar\/c44d117c2be811212c22cb481f6b8384b6873de103fbc49e7a03cc58d7dea4ac?s=96&d=mm&r=g","url":"https:\/\/secure.gravatar.com\/avatar\/c44d117c2be811212c22cb481f6b8384b6873de103fbc49e7a03cc58d7dea4ac?s=96&d=mm&r=g","contentUrl":"https:\/\/secure.gravatar.com\/avatar\/c44d117c2be811212c22cb481f6b8384b6873de103fbc49e7a03cc58d7dea4ac?s=96&d=mm&r=g","caption":"admin"},"url":"https:\/\/www.eldiariodetucuman.com\/web\/author\/admin\/"}]}},"_links":{"self":[{"href":"https:\/\/www.eldiariodetucuman.com\/web\/wp-json\/wp\/v2\/posts\/5801","targetHints":{"allow":["GET"]}}],"collection":[{"href":"https:\/\/www.eldiariodetucuman.com\/web\/wp-json\/wp\/v2\/posts"}],"about":[{"href":"https:\/\/www.eldiariodetucuman.com\/web\/wp-json\/wp\/v2\/types\/post"}],"author":[{"embeddable":true,"href":"https:\/\/www.eldiariodetucuman.com\/web\/wp-json\/wp\/v2\/users\/1"}],"replies":[{"embeddable":true,"href":"https:\/\/www.eldiariodetucuman.com\/web\/wp-json\/wp\/v2\/comments?post=5801"}],"version-history":[{"count":1,"href":"https:\/\/www.eldiariodetucuman.com\/web\/wp-json\/wp\/v2\/posts\/5801\/revisions"}],"predecessor-version":[{"id":5803,"href":"https:\/\/www.eldiariodetucuman.com\/web\/wp-json\/wp\/v2\/posts\/5801\/revisions\/5803"}],"wp:featuredmedia":[{"embeddable":true,"href":"https:\/\/www.eldiariodetucuman.com\/web\/wp-json\/wp\/v2\/media\/5802"}],"wp:attachment":[{"href":"https:\/\/www.eldiariodetucuman.com\/web\/wp-json\/wp\/v2\/media?parent=5801"}],"wp:term":[{"taxonomy":"category","embeddable":true,"href":"https:\/\/www.eldiariodetucuman.com\/web\/wp-json\/wp\/v2\/categories?post=5801"},{"taxonomy":"post_tag","embeddable":true,"href":"https:\/\/www.eldiariodetucuman.com\/web\/wp-json\/wp\/v2\/tags?post=5801"}],"curies":[{"name":"wp","href":"https:\/\/api.w.org\/{rel}","templated":true}]}}