{"id":5798,"date":"2018-02-24T11:41:55","date_gmt":"2018-02-24T14:41:55","guid":{"rendered":"http:\/\/www.eldiariodetucuman.com\/web\/solo-una-provincia-garantiza-el-comienzo-de-clases\/"},"modified":"2018-02-24T11:41:57","modified_gmt":"2018-02-24T14:41:57","slug":"solo-una-provincia-garantiza-el-comienzo-de-clases","status":"publish","type":"post","link":"https:\/\/www.eldiariodetucuman.com\/web\/solo-una-provincia-garantiza-el-comienzo-de-clases\/","title":{"rendered":"S\u00f3lo una provincia garantiza el comienzo de clases"},"content":{"rendered":"<div>\n<div readability=\"82.756629345905\">\n<p>Mientras el presidente argentino, Mauricio Macri, y la primera dama Juliana Awada llevaron ayer a su hija Antonia al primer d\u00eda de clases en un exclusivo colegio franc\u00e9s de Belgrano, la comunidad educativa de casi todo el pa\u00eds se encuentra en vilo porque desconocen si el <a href=\"https:\/\/www.elintransigente.com\/noticias\/buscar\/?buscar=docentes\">conflicto docente<\/a> se resolver\u00e1 antes del 5 de marzo.\u00a0<\/p>\n<p>Gracias a la decisi\u00f3n del Gobierno nacional de dar un paso al costado en las negociaciones y dejar que <a href=\"https:\/\/www.elintransigente.com\/politica\/2018\/2\/23\/el-paso-paso-para-no-perder-el-hilo-del-conflicto-docente-479762.html\">cada provincia acuerde las paritarias con los gremios docentes<\/a>, es que <strong>se logr\u00f3 s\u00f3lo un acuerdo:<\/strong> <strong>Misiones <\/strong>fue\u00a0la \u00fanica que acept\u00f3 la oferta del <strong>15 por ciento en cuotas <\/strong>y sin cl\u00e1usula gatillo que propone el oficialismo.\u00a0<\/p>\n<p>Asimismo, contin\u00faan las negociaciones en todo el pa\u00eds y ayer fue el turno de La Rioja, donde el ministro de Educaci\u00f3n provincial, Juan Luna, ofreci\u00f3 un aumento para los docentes del\u00a0\u00ab<strong>15 por ciento y en dos cuotas\u00bb a pagarse en febrero y junio<\/strong>.\u00a0Asimismo, de la reuni\u00f3n con el titular de la cartera educativa participaron a los gremios UDA, Selar y AMET y, aunque no cerraron el acuerdo, s\u00ed pareciera que se podr\u00eda llegar a un punto en com\u00fan entre las partes en las pr\u00f3ximas semanas.\u00a0<\/p>\n<p>\u00abLa primera cuota del aumento se percibir\u00e1 en marzo y ser\u00e1 del 7,5% y la segunda en junio con un porcentaje igual y habr\u00e1 aumento por cargo docente, aunque a\u00fan no fue especificado cuanto se pagar\u00e1\u00bb, se\u00f1al\u00f3 Luna y agreg\u00f3 que \u201cnos hemos comprometido que aunque no podamos firmar el acuerdo paritario en los d\u00edas previos al inicio de clases, de igual manera vamos a implementar un aumento; porque queremos que la falta de acuerdo no implique que los docentes no puedan cobrar un aumento de manera inmediata\u201d.<\/p>\n<p>En este sentido, Marcelo Paredes, secretario General del Selar (Sindicato de Educadores de La Rioja) dijo que \u201cLa Rioja no es ajena a la propuesta del 15 % a nivel nacional\u201d y reconoci\u00f3 que est\u00e1n \u201cpreocupados\u201d porque \u201cla inflaci\u00f3n pueda ser superior a esa cifra\u201d.<\/p>\n<p>Asimismo, en las \u00faltimas horas <strong>el Gobierno porte\u00f1o convoc\u00f3 para el pr\u00f3ximo mi\u00e9rcoles a los 17 gremios docentes de la Ciudad<\/strong> para continuar con las negociaciones salariales, en lo que ser\u00e1 el segundo encuentro.<\/p>\n<p>Seg\u00fan se inform\u00f3 oficialmente, la reuni\u00f3n est\u00e1 prevista para las 15:00 en la sede de la cartera educativa, avenida Paseo Col\u00f3n 255 de la Ciudad. En el primer realizado el martes, los sindicatos docentes porte\u00f1os rechazaron la oferta salarial del 12%, en tres cuotas y sin cl\u00e1usula gatillo.<\/p>\n<p>La administraci\u00f3n de Horacio Rodr\u00edguez Larreta ofreci\u00f3 un aumento del 6% en marzo, otro 3% en agosto y el resto en octubre, con lo que el sueldo inicial para jornada completa llegar\u00eda en este \u00faltimo mes a 31.848 pesos. En la Ciudad, <strong>el a\u00f1o pasado se acord\u00f3 un aumento de 21,5% con cl\u00e1usula gatillo<\/strong> contemplada para el per\u00edodo febrero 2017-enero 2018.<\/p>\n<p>Mientras tanto, una de las <a href=\"https:\/\/www.elintransigente.com\/politica\/2018\/2\/22\/los-gremios-santacrucenos-negocian-salarios-479629.html\">situaciones m\u00e1s cr\u00edticas se viven en Santa Cruz<\/a>, donde la oferta fue de tan s\u00f3lo 1500 pesos y que despert\u00f3 la indignaci\u00f3n de los maestros. En ese sentido, la representante gremial de R\u00edo Gallegos, Claudia Mart\u00ednez dijo:\u00a0\u00abPor ahora seguimos trabajando y seguimos el di\u00e1logo de siempre con los gremios de la administraci\u00f3n central\u201d.\u00a0<\/p>\n<p>Resta esperar que las 23 provincias, m\u00e1s Capital Federal, resuelvan las paritarias para este a\u00f1o y as\u00ed confirmar el normal inicio del nuevo ciclo lectivo, lo que traer\u00e1 alivio a docentes y alumnos.\u00a0<\/p>\n<\/div>\n<\/div>\n<p>Fuente: https:\/\/www.elintransigente.com\/politica\/2018\/2\/24\/solo-una-provincia-garantiza-el-comienzo-de-clases-479884.html<\/p>\n","protected":false},"excerpt":{"rendered":"<p>Mientras el presidente argentino, Mauricio Macri, y la primera dama Juliana Awada llevaron ayer a su hija Antonia al primer d\u00eda de clases en un exclusivo colegio franc\u00e9s de Belgrano, la comunidad educativa de casi todo el pa\u00eds se encuentra en vilo porque desconocen si el conflicto docente se resolver\u00e1 antes del 5 de marzo.\u00a0 [&hellip;]<\/p>\n","protected":false},"author":1,"featured_media":5799,"comment_status":"open","ping_status":"closed","sticky":false,"template":"","format":"standard","meta":{"footnotes":""},"categories":[1],"tags":[],"class_list":{"0":"post-5798","1":"post","2":"type-post","3":"status-publish","4":"format-standard","5":"has-post-thumbnail","7":"category-portada"},"yoast_head":"<!-- This site is optimized with the Yoast SEO plugin v27.5 - https:\/\/yoast.com\/product\/yoast-seo-wordpress\/ -->\n<title>S\u00f3lo una provincia garantiza el comienzo de clases - El Diario de Tucuman<\/title>\n<meta name=\"robots\" content=\"index, follow, max-snippet:-1, max-image-preview:large, max-video-preview:-1\" \/>\n<link rel=\"canonical\" href=\"https:\/\/www.eldiariodetucuman.com\/web\/solo-una-provincia-garantiza-el-comienzo-de-clases\/\" \/>\n<meta property=\"og:locale\" content=\"es_ES\" \/>\n<meta property=\"og:type\" content=\"article\" \/>\n<meta property=\"og:title\" content=\"S\u00f3lo una provincia garantiza el comienzo de clases - El Diario de Tucuman\" \/>\n<meta property=\"og:description\" content=\"Mientras el presidente argentino, Mauricio Macri, y la primera dama Juliana Awada llevaron ayer a su hija Antonia al primer d\u00eda de clases en un exclusivo colegio franc\u00e9s de Belgrano, la comunidad educativa de casi todo el pa\u00eds se encuentra en vilo porque desconocen si el conflicto docente se resolver\u00e1 antes del 5 de marzo.\u00a0 [&hellip;]\" \/>\n<meta property=\"og:url\" content=\"https:\/\/www.eldiariodetucuman.com\/web\/solo-una-provincia-garantiza-el-comienzo-de-clases\/\" \/>\n<meta property=\"og:site_name\" content=\"El Diario de Tucuman\" \/>\n<meta property=\"article:published_time\" content=\"2018-02-24T14:41:55+00:00\" \/>\n<meta property=\"article:modified_time\" content=\"2018-02-24T14:41:57+00:00\" \/>\n<meta property=\"og:image\" content=\"https:\/\/www.eldiariodetucuman.com\/web\/wp-content\/uploads\/2018\/02\/ecb6f4136aa876bbcdf5f342d0cd6cf8.jpeg\" \/>\n\t<meta property=\"og:image:width\" content=\"960\" \/>\n\t<meta property=\"og:image:height\" content=\"661\" \/>\n\t<meta property=\"og:image:type\" content=\"image\/jpeg\" \/>\n<meta name=\"author\" content=\"admin\" \/>\n<meta name=\"twitter:card\" content=\"summary_large_image\" \/>\n<meta name=\"twitter:label1\" content=\"Escrito por\" \/>\n\t<meta name=\"twitter:data1\" content=\"admin\" \/>\n\t<meta name=\"twitter:label2\" content=\"Tiempo de lectura\" \/>\n\t<meta name=\"twitter:data2\" content=\"3 minutos\" \/>\n<script type=\"application\/ld+json\" class=\"yoast-schema-graph\">{\"@context\":\"https:\\\/\\\/schema.org\",\"@graph\":[{\"@type\":\"Article\",\"@id\":\"https:\\\/\\\/www.eldiariodetucuman.com\\\/web\\\/solo-una-provincia-garantiza-el-comienzo-de-clases\\\/#article\",\"isPartOf\":{\"@id\":\"https:\\\/\\\/www.eldiariodetucuman.com\\\/web\\\/solo-una-provincia-garantiza-el-comienzo-de-clases\\\/\"},\"author\":{\"name\":\"admin\",\"@id\":\"https:\\\/\\\/www.eldiariodetucuman.com\\\/web\\\/#\\\/schema\\\/person\\\/9250197d75ab5483412e19678b121caa\"},\"headline\":\"S\u00f3lo una provincia garantiza el comienzo de clases\",\"datePublished\":\"2018-02-24T14:41:55+00:00\",\"dateModified\":\"2018-02-24T14:41:57+00:00\",\"mainEntityOfPage\":{\"@id\":\"https:\\\/\\\/www.eldiariodetucuman.com\\\/web\\\/solo-una-provincia-garantiza-el-comienzo-de-clases\\\/\"},\"wordCount\":609,\"commentCount\":0,\"publisher\":{\"@id\":\"https:\\\/\\\/www.eldiariodetucuman.com\\\/web\\\/#organization\"},\"image\":{\"@id\":\"https:\\\/\\\/www.eldiariodetucuman.com\\\/web\\\/solo-una-provincia-garantiza-el-comienzo-de-clases\\\/#primaryimage\"},\"thumbnailUrl\":\"https:\\\/\\\/www.eldiariodetucuman.com\\\/web\\\/wp-content\\\/uploads\\\/2018\\\/02\\\/ecb6f4136aa876bbcdf5f342d0cd6cf8.jpeg\",\"articleSection\":[\"Portada\"],\"inLanguage\":\"es\",\"potentialAction\":[{\"@type\":\"CommentAction\",\"name\":\"Comment\",\"target\":[\"https:\\\/\\\/www.eldiariodetucuman.com\\\/web\\\/solo-una-provincia-garantiza-el-comienzo-de-clases\\\/#respond\"]}]},{\"@type\":\"WebPage\",\"@id\":\"https:\\\/\\\/www.eldiariodetucuman.com\\\/web\\\/solo-una-provincia-garantiza-el-comienzo-de-clases\\\/\",\"url\":\"https:\\\/\\\/www.eldiariodetucuman.com\\\/web\\\/solo-una-provincia-garantiza-el-comienzo-de-clases\\\/\",\"name\":\"S\u00f3lo una provincia garantiza el comienzo de clases - El Diario de Tucuman\",\"isPartOf\":{\"@id\":\"https:\\\/\\\/www.eldiariodetucuman.com\\\/web\\\/#website\"},\"primaryImageOfPage\":{\"@id\":\"https:\\\/\\\/www.eldiariodetucuman.com\\\/web\\\/solo-una-provincia-garantiza-el-comienzo-de-clases\\\/#primaryimage\"},\"image\":{\"@id\":\"https:\\\/\\\/www.eldiariodetucuman.com\\\/web\\\/solo-una-provincia-garantiza-el-comienzo-de-clases\\\/#primaryimage\"},\"thumbnailUrl\":\"https:\\\/\\\/www.eldiariodetucuman.com\\\/web\\\/wp-content\\\/uploads\\\/2018\\\/02\\\/ecb6f4136aa876bbcdf5f342d0cd6cf8.jpeg\",\"datePublished\":\"2018-02-24T14:41:55+00:00\",\"dateModified\":\"2018-02-24T14:41:57+00:00\",\"breadcrumb\":{\"@id\":\"https:\\\/\\\/www.eldiariodetucuman.com\\\/web\\\/solo-una-provincia-garantiza-el-comienzo-de-clases\\\/#breadcrumb\"},\"inLanguage\":\"es\",\"potentialAction\":[{\"@type\":\"ReadAction\",\"target\":[\"https:\\\/\\\/www.eldiariodetucuman.com\\\/web\\\/solo-una-provincia-garantiza-el-comienzo-de-clases\\\/\"]}]},{\"@type\":\"ImageObject\",\"inLanguage\":\"es\",\"@id\":\"https:\\\/\\\/www.eldiariodetucuman.com\\\/web\\\/solo-una-provincia-garantiza-el-comienzo-de-clases\\\/#primaryimage\",\"url\":\"https:\\\/\\\/www.eldiariodetucuman.com\\\/web\\\/wp-content\\\/uploads\\\/2018\\\/02\\\/ecb6f4136aa876bbcdf5f342d0cd6cf8.jpeg\",\"contentUrl\":\"https:\\\/\\\/www.eldiariodetucuman.com\\\/web\\\/wp-content\\\/uploads\\\/2018\\\/02\\\/ecb6f4136aa876bbcdf5f342d0cd6cf8.jpeg\",\"width\":960,\"height\":661},{\"@type\":\"BreadcrumbList\",\"@id\":\"https:\\\/\\\/www.eldiariodetucuman.com\\\/web\\\/solo-una-provincia-garantiza-el-comienzo-de-clases\\\/#breadcrumb\",\"itemListElement\":[{\"@type\":\"ListItem\",\"position\":1,\"name\":\"Portada\",\"item\":\"https:\\\/\\\/www.eldiariodetucuman.com\\\/web\\\/\"},{\"@type\":\"ListItem\",\"position\":2,\"name\":\"S\u00f3lo una provincia garantiza el comienzo de clases\"}]},{\"@type\":\"WebSite\",\"@id\":\"https:\\\/\\\/www.eldiariodetucuman.com\\\/web\\\/#website\",\"url\":\"https:\\\/\\\/www.eldiariodetucuman.com\\\/web\\\/\",\"name\":\"El Diario de Tucuman\",\"description\":\"Diario Tucuman - Informaci\u00f3n y noticias\",\"publisher\":{\"@id\":\"https:\\\/\\\/www.eldiariodetucuman.com\\\/web\\\/#organization\"},\"potentialAction\":[{\"@type\":\"SearchAction\",\"target\":{\"@type\":\"EntryPoint\",\"urlTemplate\":\"https:\\\/\\\/www.eldiariodetucuman.com\\\/web\\\/?s={search_term_string}\"},\"query-input\":{\"@type\":\"PropertyValueSpecification\",\"valueRequired\":true,\"valueName\":\"search_term_string\"}}],\"inLanguage\":\"es\"},{\"@type\":\"Organization\",\"@id\":\"https:\\\/\\\/www.eldiariodetucuman.com\\\/web\\\/#organization\",\"name\":\"El Diario de Tucuman\",\"url\":\"https:\\\/\\\/www.eldiariodetucuman.com\\\/web\\\/\",\"logo\":{\"@type\":\"ImageObject\",\"inLanguage\":\"es\",\"@id\":\"https:\\\/\\\/www.eldiariodetucuman.com\\\/web\\\/#\\\/schema\\\/logo\\\/image\\\/\",\"url\":\"http:\\\/\\\/www.eldiariodetucuman.com\\\/web\\\/wp-content\\\/uploads\\\/2017\\\/12\\\/el-diario-de-tucuman.jpg\",\"contentUrl\":\"http:\\\/\\\/www.eldiariodetucuman.com\\\/web\\\/wp-content\\\/uploads\\\/2017\\\/12\\\/el-diario-de-tucuman.jpg\",\"width\":272,\"height\":92,\"caption\":\"El Diario de Tucuman\"},\"image\":{\"@id\":\"https:\\\/\\\/www.eldiariodetucuman.com\\\/web\\\/#\\\/schema\\\/logo\\\/image\\\/\"}},{\"@type\":\"Person\",\"@id\":\"https:\\\/\\\/www.eldiariodetucuman.com\\\/web\\\/#\\\/schema\\\/person\\\/9250197d75ab5483412e19678b121caa\",\"name\":\"admin\",\"image\":{\"@type\":\"ImageObject\",\"inLanguage\":\"es\",\"@id\":\"https:\\\/\\\/secure.gravatar.com\\\/avatar\\\/c44d117c2be811212c22cb481f6b8384b6873de103fbc49e7a03cc58d7dea4ac?s=96&d=mm&r=g\",\"url\":\"https:\\\/\\\/secure.gravatar.com\\\/avatar\\\/c44d117c2be811212c22cb481f6b8384b6873de103fbc49e7a03cc58d7dea4ac?s=96&d=mm&r=g\",\"contentUrl\":\"https:\\\/\\\/secure.gravatar.com\\\/avatar\\\/c44d117c2be811212c22cb481f6b8384b6873de103fbc49e7a03cc58d7dea4ac?s=96&d=mm&r=g\",\"caption\":\"admin\"},\"url\":\"https:\\\/\\\/www.eldiariodetucuman.com\\\/web\\\/author\\\/admin\\\/\"}]}<\/script>\n<!-- \/ Yoast SEO plugin. -->","yoast_head_json":{"title":"S\u00f3lo una provincia garantiza el comienzo de clases - El Diario de Tucuman","robots":{"index":"index","follow":"follow","max-snippet":"max-snippet:-1","max-image-preview":"max-image-preview:large","max-video-preview":"max-video-preview:-1"},"canonical":"https:\/\/www.eldiariodetucuman.com\/web\/solo-una-provincia-garantiza-el-comienzo-de-clases\/","og_locale":"es_ES","og_type":"article","og_title":"S\u00f3lo una provincia garantiza el comienzo de clases - El Diario de Tucuman","og_description":"Mientras el presidente argentino, Mauricio Macri, y la primera dama Juliana Awada llevaron ayer a su hija Antonia al primer d\u00eda de clases en un exclusivo colegio franc\u00e9s de Belgrano, la comunidad educativa de casi todo el pa\u00eds se encuentra en vilo porque desconocen si el conflicto docente se resolver\u00e1 antes del 5 de marzo.\u00a0 [&hellip;]","og_url":"https:\/\/www.eldiariodetucuman.com\/web\/solo-una-provincia-garantiza-el-comienzo-de-clases\/","og_site_name":"El Diario de Tucuman","article_published_time":"2018-02-24T14:41:55+00:00","article_modified_time":"2018-02-24T14:41:57+00:00","og_image":[{"width":960,"height":661,"url":"https:\/\/www.eldiariodetucuman.com\/web\/wp-content\/uploads\/2018\/02\/ecb6f4136aa876bbcdf5f342d0cd6cf8.jpeg","type":"image\/jpeg"}],"author":"admin","twitter_card":"summary_large_image","twitter_misc":{"Escrito por":"admin","Tiempo de lectura":"3 minutos"},"schema":{"@context":"https:\/\/schema.org","@graph":[{"@type":"Article","@id":"https:\/\/www.eldiariodetucuman.com\/web\/solo-una-provincia-garantiza-el-comienzo-de-clases\/#article","isPartOf":{"@id":"https:\/\/www.eldiariodetucuman.com\/web\/solo-una-provincia-garantiza-el-comienzo-de-clases\/"},"author":{"name":"admin","@id":"https:\/\/www.eldiariodetucuman.com\/web\/#\/schema\/person\/9250197d75ab5483412e19678b121caa"},"headline":"S\u00f3lo una provincia garantiza el comienzo de clases","datePublished":"2018-02-24T14:41:55+00:00","dateModified":"2018-02-24T14:41:57+00:00","mainEntityOfPage":{"@id":"https:\/\/www.eldiariodetucuman.com\/web\/solo-una-provincia-garantiza-el-comienzo-de-clases\/"},"wordCount":609,"commentCount":0,"publisher":{"@id":"https:\/\/www.eldiariodetucuman.com\/web\/#organization"},"image":{"@id":"https:\/\/www.eldiariodetucuman.com\/web\/solo-una-provincia-garantiza-el-comienzo-de-clases\/#primaryimage"},"thumbnailUrl":"https:\/\/www.eldiariodetucuman.com\/web\/wp-content\/uploads\/2018\/02\/ecb6f4136aa876bbcdf5f342d0cd6cf8.jpeg","articleSection":["Portada"],"inLanguage":"es","potentialAction":[{"@type":"CommentAction","name":"Comment","target":["https:\/\/www.eldiariodetucuman.com\/web\/solo-una-provincia-garantiza-el-comienzo-de-clases\/#respond"]}]},{"@type":"WebPage","@id":"https:\/\/www.eldiariodetucuman.com\/web\/solo-una-provincia-garantiza-el-comienzo-de-clases\/","url":"https:\/\/www.eldiariodetucuman.com\/web\/solo-una-provincia-garantiza-el-comienzo-de-clases\/","name":"S\u00f3lo una provincia garantiza el comienzo de clases - El Diario de Tucuman","isPartOf":{"@id":"https:\/\/www.eldiariodetucuman.com\/web\/#website"},"primaryImageOfPage":{"@id":"https:\/\/www.eldiariodetucuman.com\/web\/solo-una-provincia-garantiza-el-comienzo-de-clases\/#primaryimage"},"image":{"@id":"https:\/\/www.eldiariodetucuman.com\/web\/solo-una-provincia-garantiza-el-comienzo-de-clases\/#primaryimage"},"thumbnailUrl":"https:\/\/www.eldiariodetucuman.com\/web\/wp-content\/uploads\/2018\/02\/ecb6f4136aa876bbcdf5f342d0cd6cf8.jpeg","datePublished":"2018-02-24T14:41:55+00:00","dateModified":"2018-02-24T14:41:57+00:00","breadcrumb":{"@id":"https:\/\/www.eldiariodetucuman.com\/web\/solo-una-provincia-garantiza-el-comienzo-de-clases\/#breadcrumb"},"inLanguage":"es","potentialAction":[{"@type":"ReadAction","target":["https:\/\/www.eldiariodetucuman.com\/web\/solo-una-provincia-garantiza-el-comienzo-de-clases\/"]}]},{"@type":"ImageObject","inLanguage":"es","@id":"https:\/\/www.eldiariodetucuman.com\/web\/solo-una-provincia-garantiza-el-comienzo-de-clases\/#primaryimage","url":"https:\/\/www.eldiariodetucuman.com\/web\/wp-content\/uploads\/2018\/02\/ecb6f4136aa876bbcdf5f342d0cd6cf8.jpeg","contentUrl":"https:\/\/www.eldiariodetucuman.com\/web\/wp-content\/uploads\/2018\/02\/ecb6f4136aa876bbcdf5f342d0cd6cf8.jpeg","width":960,"height":661},{"@type":"BreadcrumbList","@id":"https:\/\/www.eldiariodetucuman.com\/web\/solo-una-provincia-garantiza-el-comienzo-de-clases\/#breadcrumb","itemListElement":[{"@type":"ListItem","position":1,"name":"Portada","item":"https:\/\/www.eldiariodetucuman.com\/web\/"},{"@type":"ListItem","position":2,"name":"S\u00f3lo una provincia garantiza el comienzo de clases"}]},{"@type":"WebSite","@id":"https:\/\/www.eldiariodetucuman.com\/web\/#website","url":"https:\/\/www.eldiariodetucuman.com\/web\/","name":"El Diario de Tucuman","description":"Diario Tucuman - Informaci\u00f3n y noticias","publisher":{"@id":"https:\/\/www.eldiariodetucuman.com\/web\/#organization"},"potentialAction":[{"@type":"SearchAction","target":{"@type":"EntryPoint","urlTemplate":"https:\/\/www.eldiariodetucuman.com\/web\/?s={search_term_string}"},"query-input":{"@type":"PropertyValueSpecification","valueRequired":true,"valueName":"search_term_string"}}],"inLanguage":"es"},{"@type":"Organization","@id":"https:\/\/www.eldiariodetucuman.com\/web\/#organization","name":"El Diario de Tucuman","url":"https:\/\/www.eldiariodetucuman.com\/web\/","logo":{"@type":"ImageObject","inLanguage":"es","@id":"https:\/\/www.eldiariodetucuman.com\/web\/#\/schema\/logo\/image\/","url":"http:\/\/www.eldiariodetucuman.com\/web\/wp-content\/uploads\/2017\/12\/el-diario-de-tucuman.jpg","contentUrl":"http:\/\/www.eldiariodetucuman.com\/web\/wp-content\/uploads\/2017\/12\/el-diario-de-tucuman.jpg","width":272,"height":92,"caption":"El Diario de Tucuman"},"image":{"@id":"https:\/\/www.eldiariodetucuman.com\/web\/#\/schema\/logo\/image\/"}},{"@type":"Person","@id":"https:\/\/www.eldiariodetucuman.com\/web\/#\/schema\/person\/9250197d75ab5483412e19678b121caa","name":"admin","image":{"@type":"ImageObject","inLanguage":"es","@id":"https:\/\/secure.gravatar.com\/avatar\/c44d117c2be811212c22cb481f6b8384b6873de103fbc49e7a03cc58d7dea4ac?s=96&d=mm&r=g","url":"https:\/\/secure.gravatar.com\/avatar\/c44d117c2be811212c22cb481f6b8384b6873de103fbc49e7a03cc58d7dea4ac?s=96&d=mm&r=g","contentUrl":"https:\/\/secure.gravatar.com\/avatar\/c44d117c2be811212c22cb481f6b8384b6873de103fbc49e7a03cc58d7dea4ac?s=96&d=mm&r=g","caption":"admin"},"url":"https:\/\/www.eldiariodetucuman.com\/web\/author\/admin\/"}]}},"_links":{"self":[{"href":"https:\/\/www.eldiariodetucuman.com\/web\/wp-json\/wp\/v2\/posts\/5798","targetHints":{"allow":["GET"]}}],"collection":[{"href":"https:\/\/www.eldiariodetucuman.com\/web\/wp-json\/wp\/v2\/posts"}],"about":[{"href":"https:\/\/www.eldiariodetucuman.com\/web\/wp-json\/wp\/v2\/types\/post"}],"author":[{"embeddable":true,"href":"https:\/\/www.eldiariodetucuman.com\/web\/wp-json\/wp\/v2\/users\/1"}],"replies":[{"embeddable":true,"href":"https:\/\/www.eldiariodetucuman.com\/web\/wp-json\/wp\/v2\/comments?post=5798"}],"version-history":[{"count":1,"href":"https:\/\/www.eldiariodetucuman.com\/web\/wp-json\/wp\/v2\/posts\/5798\/revisions"}],"predecessor-version":[{"id":5800,"href":"https:\/\/www.eldiariodetucuman.com\/web\/wp-json\/wp\/v2\/posts\/5798\/revisions\/5800"}],"wp:featuredmedia":[{"embeddable":true,"href":"https:\/\/www.eldiariodetucuman.com\/web\/wp-json\/wp\/v2\/media\/5799"}],"wp:attachment":[{"href":"https:\/\/www.eldiariodetucuman.com\/web\/wp-json\/wp\/v2\/media?parent=5798"}],"wp:term":[{"taxonomy":"category","embeddable":true,"href":"https:\/\/www.eldiariodetucuman.com\/web\/wp-json\/wp\/v2\/categories?post=5798"},{"taxonomy":"post_tag","embeddable":true,"href":"https:\/\/www.eldiariodetucuman.com\/web\/wp-json\/wp\/v2\/tags?post=5798"}],"curies":[{"name":"wp","href":"https:\/\/api.w.org\/{rel}","templated":true}]}}