{"id":5786,"date":"2018-02-23T13:01:38","date_gmt":"2018-02-23T16:01:38","guid":{"rendered":"http:\/\/www.eldiariodetucuman.com\/web\/luis-miguel-regresara-este-ano-a-nuestra-provincia\/"},"modified":"2018-02-23T13:01:39","modified_gmt":"2018-02-23T16:01:39","slug":"luis-miguel-regresara-este-ano-a-nuestra-provincia","status":"publish","type":"post","link":"https:\/\/www.eldiariodetucuman.com\/web\/luis-miguel-regresara-este-ano-a-nuestra-provincia\/","title":{"rendered":"Luis Miguel regresar\u00e1 este a\u00f1o a nuestra provincia"},"content":{"rendered":"<div>\n<div readability=\"60\">\n<p><b>Luis Miguel <\/b>volvi\u00f3 a los escenarios y su regreso no pas\u00f3 desapercibido. Luego de casi tres a\u00f1os, el cantante mexicano brind\u00f3 el primer recital de su gira \u201cM\u00e9xico por siempre\u201d el mi\u00e9rcoles pasado, en el Auditorio Nacional de Ciudad de M\u00e9xico. Asistieron 10.000 personas que lo vitorearon y cantaron al lado de su \u00eddolo canciones como \u201cSi te vas\u201d, con la que abri\u00f3 la noche. <\/p>\n<p>El cantante present\u00f3 una notable mejor\u00eda respecto de su salud. Las fotos del recital lo muestran bronceado, delgado, sonriente y vestido de traje negro con una camisa blanca. <\/p>\n<p>La gira incluye m\u00e1s de 20 conciertos en siete ciudades de M\u00e9xico y continuar\u00e1 en Estados Unidos, Canad\u00e1 y Argentina. Entre las distintas ciudades en las que el mexicano ofrecer\u00e1 sus shows, Tucum\u00e1n es una de las elegidas. El recital tendr\u00e1 lugar en el Club Central C\u00f3rdoba y aunque a\u00fan no se sabe la fecha se calcula que el evento podr\u00eda realizarse entre septiembre y octubre.  <\/p>\n<p>\u201cTengo grandes motivaciones, fundamentales, en regresar a los escenarios: una es la m\u00fasica y dos son ustedes\u201d, afirm\u00f3 Luis Miguel, en su primera presentaci\u00f3n en la capital mexicana. <\/p>\n<p>Adem\u00e1s de su regreso, pronto su vida ser\u00e1 contada por las pantallas de Netflix.<\/p>\n<\/p><\/div>\n<\/div>\n<p>Fuente: http:\/\/www.lagaceta.com.ar\/nota\/762171\/espectaculos\/luis-miguel-regresara-este-ano-nuestra-provincia.html<\/p>\n","protected":false},"excerpt":{"rendered":"<p>Luis Miguel volvi\u00f3 a los escenarios y su regreso no pas\u00f3 desapercibido. Luego de casi tres a\u00f1os, el cantante mexicano brind\u00f3 el primer recital de su gira \u201cM\u00e9xico por siempre\u201d el mi\u00e9rcoles pasado, en el Auditorio Nacional de Ciudad de M\u00e9xico. Asistieron 10.000 personas que lo vitorearon y cantaron al lado de su \u00eddolo canciones [&hellip;]<\/p>\n","protected":false},"author":1,"featured_media":5787,"comment_status":"open","ping_status":"closed","sticky":false,"template":"","format":"standard","meta":{"footnotes":""},"categories":[152],"tags":[],"class_list":{"0":"post-5786","1":"post","2":"type-post","3":"status-publish","4":"format-standard","5":"has-post-thumbnail","7":"category-argentina"},"yoast_head":"<!-- This site is optimized with the Yoast SEO plugin v27.5 - https:\/\/yoast.com\/product\/yoast-seo-wordpress\/ -->\n<title>Luis Miguel regresar\u00e1 este a\u00f1o a nuestra provincia - El Diario de Tucuman<\/title>\n<meta name=\"robots\" content=\"index, follow, max-snippet:-1, max-image-preview:large, max-video-preview:-1\" \/>\n<link rel=\"canonical\" href=\"https:\/\/www.eldiariodetucuman.com\/web\/luis-miguel-regresara-este-ano-a-nuestra-provincia\/\" \/>\n<meta property=\"og:locale\" content=\"es_ES\" \/>\n<meta property=\"og:type\" content=\"article\" \/>\n<meta property=\"og:title\" content=\"Luis Miguel regresar\u00e1 este a\u00f1o a nuestra provincia - El Diario de Tucuman\" \/>\n<meta property=\"og:description\" content=\"Luis Miguel volvi\u00f3 a los escenarios y su regreso no pas\u00f3 desapercibido. Luego de casi tres a\u00f1os, el cantante mexicano brind\u00f3 el primer recital de su gira \u201cM\u00e9xico por siempre\u201d el mi\u00e9rcoles pasado, en el Auditorio Nacional de Ciudad de M\u00e9xico. Asistieron 10.000 personas que lo vitorearon y cantaron al lado de su \u00eddolo canciones [&hellip;]\" \/>\n<meta property=\"og:url\" content=\"https:\/\/www.eldiariodetucuman.com\/web\/luis-miguel-regresara-este-ano-a-nuestra-provincia\/\" \/>\n<meta property=\"og:site_name\" content=\"El Diario de Tucuman\" \/>\n<meta property=\"article:published_time\" content=\"2018-02-23T16:01:38+00:00\" \/>\n<meta property=\"article:modified_time\" content=\"2018-02-23T16:01:39+00:00\" \/>\n<meta property=\"og:image\" content=\"https:\/\/www.eldiariodetucuman.com\/web\/wp-content\/uploads\/2018\/02\/c7ff4deed9ecf9031314a064f2b54e29.jpeg\" \/>\n\t<meta property=\"og:image:width\" content=\"720\" \/>\n\t<meta property=\"og:image:height\" content=\"720\" \/>\n\t<meta property=\"og:image:type\" content=\"image\/jpeg\" \/>\n<meta name=\"author\" content=\"admin\" \/>\n<meta name=\"twitter:card\" content=\"summary_large_image\" \/>\n<meta name=\"twitter:label1\" content=\"Escrito por\" \/>\n\t<meta name=\"twitter:data1\" content=\"admin\" \/>\n\t<meta name=\"twitter:label2\" content=\"Tiempo de lectura\" \/>\n\t<meta name=\"twitter:data2\" content=\"1 minuto\" \/>\n<script type=\"application\/ld+json\" class=\"yoast-schema-graph\">{\"@context\":\"https:\\\/\\\/schema.org\",\"@graph\":[{\"@type\":\"Article\",\"@id\":\"https:\\\/\\\/www.eldiariodetucuman.com\\\/web\\\/luis-miguel-regresara-este-ano-a-nuestra-provincia\\\/#article\",\"isPartOf\":{\"@id\":\"https:\\\/\\\/www.eldiariodetucuman.com\\\/web\\\/luis-miguel-regresara-este-ano-a-nuestra-provincia\\\/\"},\"author\":{\"name\":\"admin\",\"@id\":\"https:\\\/\\\/www.eldiariodetucuman.com\\\/web\\\/#\\\/schema\\\/person\\\/9250197d75ab5483412e19678b121caa\"},\"headline\":\"Luis Miguel regresar\u00e1 este a\u00f1o a nuestra provincia\",\"datePublished\":\"2018-02-23T16:01:38+00:00\",\"dateModified\":\"2018-02-23T16:01:39+00:00\",\"mainEntityOfPage\":{\"@id\":\"https:\\\/\\\/www.eldiariodetucuman.com\\\/web\\\/luis-miguel-regresara-este-ano-a-nuestra-provincia\\\/\"},\"wordCount\":232,\"commentCount\":0,\"publisher\":{\"@id\":\"https:\\\/\\\/www.eldiariodetucuman.com\\\/web\\\/#organization\"},\"image\":{\"@id\":\"https:\\\/\\\/www.eldiariodetucuman.com\\\/web\\\/luis-miguel-regresara-este-ano-a-nuestra-provincia\\\/#primaryimage\"},\"thumbnailUrl\":\"https:\\\/\\\/www.eldiariodetucuman.com\\\/web\\\/wp-content\\\/uploads\\\/2018\\\/02\\\/c7ff4deed9ecf9031314a064f2b54e29.jpeg\",\"articleSection\":[\"Argentina\"],\"inLanguage\":\"es\",\"potentialAction\":[{\"@type\":\"CommentAction\",\"name\":\"Comment\",\"target\":[\"https:\\\/\\\/www.eldiariodetucuman.com\\\/web\\\/luis-miguel-regresara-este-ano-a-nuestra-provincia\\\/#respond\"]}]},{\"@type\":\"WebPage\",\"@id\":\"https:\\\/\\\/www.eldiariodetucuman.com\\\/web\\\/luis-miguel-regresara-este-ano-a-nuestra-provincia\\\/\",\"url\":\"https:\\\/\\\/www.eldiariodetucuman.com\\\/web\\\/luis-miguel-regresara-este-ano-a-nuestra-provincia\\\/\",\"name\":\"Luis Miguel regresar\u00e1 este a\u00f1o a nuestra provincia - El Diario de Tucuman\",\"isPartOf\":{\"@id\":\"https:\\\/\\\/www.eldiariodetucuman.com\\\/web\\\/#website\"},\"primaryImageOfPage\":{\"@id\":\"https:\\\/\\\/www.eldiariodetucuman.com\\\/web\\\/luis-miguel-regresara-este-ano-a-nuestra-provincia\\\/#primaryimage\"},\"image\":{\"@id\":\"https:\\\/\\\/www.eldiariodetucuman.com\\\/web\\\/luis-miguel-regresara-este-ano-a-nuestra-provincia\\\/#primaryimage\"},\"thumbnailUrl\":\"https:\\\/\\\/www.eldiariodetucuman.com\\\/web\\\/wp-content\\\/uploads\\\/2018\\\/02\\\/c7ff4deed9ecf9031314a064f2b54e29.jpeg\",\"datePublished\":\"2018-02-23T16:01:38+00:00\",\"dateModified\":\"2018-02-23T16:01:39+00:00\",\"breadcrumb\":{\"@id\":\"https:\\\/\\\/www.eldiariodetucuman.com\\\/web\\\/luis-miguel-regresara-este-ano-a-nuestra-provincia\\\/#breadcrumb\"},\"inLanguage\":\"es\",\"potentialAction\":[{\"@type\":\"ReadAction\",\"target\":[\"https:\\\/\\\/www.eldiariodetucuman.com\\\/web\\\/luis-miguel-regresara-este-ano-a-nuestra-provincia\\\/\"]}]},{\"@type\":\"ImageObject\",\"inLanguage\":\"es\",\"@id\":\"https:\\\/\\\/www.eldiariodetucuman.com\\\/web\\\/luis-miguel-regresara-este-ano-a-nuestra-provincia\\\/#primaryimage\",\"url\":\"https:\\\/\\\/www.eldiariodetucuman.com\\\/web\\\/wp-content\\\/uploads\\\/2018\\\/02\\\/c7ff4deed9ecf9031314a064f2b54e29.jpeg\",\"contentUrl\":\"https:\\\/\\\/www.eldiariodetucuman.com\\\/web\\\/wp-content\\\/uploads\\\/2018\\\/02\\\/c7ff4deed9ecf9031314a064f2b54e29.jpeg\",\"width\":720,\"height\":720},{\"@type\":\"BreadcrumbList\",\"@id\":\"https:\\\/\\\/www.eldiariodetucuman.com\\\/web\\\/luis-miguel-regresara-este-ano-a-nuestra-provincia\\\/#breadcrumb\",\"itemListElement\":[{\"@type\":\"ListItem\",\"position\":1,\"name\":\"Portada\",\"item\":\"https:\\\/\\\/www.eldiariodetucuman.com\\\/web\\\/\"},{\"@type\":\"ListItem\",\"position\":2,\"name\":\"Luis Miguel regresar\u00e1 este a\u00f1o a nuestra provincia\"}]},{\"@type\":\"WebSite\",\"@id\":\"https:\\\/\\\/www.eldiariodetucuman.com\\\/web\\\/#website\",\"url\":\"https:\\\/\\\/www.eldiariodetucuman.com\\\/web\\\/\",\"name\":\"El Diario de Tucuman\",\"description\":\"Diario Tucuman - Informaci\u00f3n y noticias\",\"publisher\":{\"@id\":\"https:\\\/\\\/www.eldiariodetucuman.com\\\/web\\\/#organization\"},\"potentialAction\":[{\"@type\":\"SearchAction\",\"target\":{\"@type\":\"EntryPoint\",\"urlTemplate\":\"https:\\\/\\\/www.eldiariodetucuman.com\\\/web\\\/?s={search_term_string}\"},\"query-input\":{\"@type\":\"PropertyValueSpecification\",\"valueRequired\":true,\"valueName\":\"search_term_string\"}}],\"inLanguage\":\"es\"},{\"@type\":\"Organization\",\"@id\":\"https:\\\/\\\/www.eldiariodetucuman.com\\\/web\\\/#organization\",\"name\":\"El Diario de Tucuman\",\"url\":\"https:\\\/\\\/www.eldiariodetucuman.com\\\/web\\\/\",\"logo\":{\"@type\":\"ImageObject\",\"inLanguage\":\"es\",\"@id\":\"https:\\\/\\\/www.eldiariodetucuman.com\\\/web\\\/#\\\/schema\\\/logo\\\/image\\\/\",\"url\":\"http:\\\/\\\/www.eldiariodetucuman.com\\\/web\\\/wp-content\\\/uploads\\\/2017\\\/12\\\/el-diario-de-tucuman.jpg\",\"contentUrl\":\"http:\\\/\\\/www.eldiariodetucuman.com\\\/web\\\/wp-content\\\/uploads\\\/2017\\\/12\\\/el-diario-de-tucuman.jpg\",\"width\":272,\"height\":92,\"caption\":\"El Diario de Tucuman\"},\"image\":{\"@id\":\"https:\\\/\\\/www.eldiariodetucuman.com\\\/web\\\/#\\\/schema\\\/logo\\\/image\\\/\"}},{\"@type\":\"Person\",\"@id\":\"https:\\\/\\\/www.eldiariodetucuman.com\\\/web\\\/#\\\/schema\\\/person\\\/9250197d75ab5483412e19678b121caa\",\"name\":\"admin\",\"image\":{\"@type\":\"ImageObject\",\"inLanguage\":\"es\",\"@id\":\"https:\\\/\\\/secure.gravatar.com\\\/avatar\\\/c44d117c2be811212c22cb481f6b8384b6873de103fbc49e7a03cc58d7dea4ac?s=96&d=mm&r=g\",\"url\":\"https:\\\/\\\/secure.gravatar.com\\\/avatar\\\/c44d117c2be811212c22cb481f6b8384b6873de103fbc49e7a03cc58d7dea4ac?s=96&d=mm&r=g\",\"contentUrl\":\"https:\\\/\\\/secure.gravatar.com\\\/avatar\\\/c44d117c2be811212c22cb481f6b8384b6873de103fbc49e7a03cc58d7dea4ac?s=96&d=mm&r=g\",\"caption\":\"admin\"},\"url\":\"https:\\\/\\\/www.eldiariodetucuman.com\\\/web\\\/author\\\/admin\\\/\"}]}<\/script>\n<!-- \/ Yoast SEO plugin. -->","yoast_head_json":{"title":"Luis Miguel regresar\u00e1 este a\u00f1o a nuestra provincia - El Diario de Tucuman","robots":{"index":"index","follow":"follow","max-snippet":"max-snippet:-1","max-image-preview":"max-image-preview:large","max-video-preview":"max-video-preview:-1"},"canonical":"https:\/\/www.eldiariodetucuman.com\/web\/luis-miguel-regresara-este-ano-a-nuestra-provincia\/","og_locale":"es_ES","og_type":"article","og_title":"Luis Miguel regresar\u00e1 este a\u00f1o a nuestra provincia - El Diario de Tucuman","og_description":"Luis Miguel volvi\u00f3 a los escenarios y su regreso no pas\u00f3 desapercibido. Luego de casi tres a\u00f1os, el cantante mexicano brind\u00f3 el primer recital de su gira \u201cM\u00e9xico por siempre\u201d el mi\u00e9rcoles pasado, en el Auditorio Nacional de Ciudad de M\u00e9xico. Asistieron 10.000 personas que lo vitorearon y cantaron al lado de su \u00eddolo canciones [&hellip;]","og_url":"https:\/\/www.eldiariodetucuman.com\/web\/luis-miguel-regresara-este-ano-a-nuestra-provincia\/","og_site_name":"El Diario de Tucuman","article_published_time":"2018-02-23T16:01:38+00:00","article_modified_time":"2018-02-23T16:01:39+00:00","og_image":[{"width":720,"height":720,"url":"https:\/\/www.eldiariodetucuman.com\/web\/wp-content\/uploads\/2018\/02\/c7ff4deed9ecf9031314a064f2b54e29.jpeg","type":"image\/jpeg"}],"author":"admin","twitter_card":"summary_large_image","twitter_misc":{"Escrito por":"admin","Tiempo de lectura":"1 minuto"},"schema":{"@context":"https:\/\/schema.org","@graph":[{"@type":"Article","@id":"https:\/\/www.eldiariodetucuman.com\/web\/luis-miguel-regresara-este-ano-a-nuestra-provincia\/#article","isPartOf":{"@id":"https:\/\/www.eldiariodetucuman.com\/web\/luis-miguel-regresara-este-ano-a-nuestra-provincia\/"},"author":{"name":"admin","@id":"https:\/\/www.eldiariodetucuman.com\/web\/#\/schema\/person\/9250197d75ab5483412e19678b121caa"},"headline":"Luis Miguel regresar\u00e1 este a\u00f1o a nuestra provincia","datePublished":"2018-02-23T16:01:38+00:00","dateModified":"2018-02-23T16:01:39+00:00","mainEntityOfPage":{"@id":"https:\/\/www.eldiariodetucuman.com\/web\/luis-miguel-regresara-este-ano-a-nuestra-provincia\/"},"wordCount":232,"commentCount":0,"publisher":{"@id":"https:\/\/www.eldiariodetucuman.com\/web\/#organization"},"image":{"@id":"https:\/\/www.eldiariodetucuman.com\/web\/luis-miguel-regresara-este-ano-a-nuestra-provincia\/#primaryimage"},"thumbnailUrl":"https:\/\/www.eldiariodetucuman.com\/web\/wp-content\/uploads\/2018\/02\/c7ff4deed9ecf9031314a064f2b54e29.jpeg","articleSection":["Argentina"],"inLanguage":"es","potentialAction":[{"@type":"CommentAction","name":"Comment","target":["https:\/\/www.eldiariodetucuman.com\/web\/luis-miguel-regresara-este-ano-a-nuestra-provincia\/#respond"]}]},{"@type":"WebPage","@id":"https:\/\/www.eldiariodetucuman.com\/web\/luis-miguel-regresara-este-ano-a-nuestra-provincia\/","url":"https:\/\/www.eldiariodetucuman.com\/web\/luis-miguel-regresara-este-ano-a-nuestra-provincia\/","name":"Luis Miguel regresar\u00e1 este a\u00f1o a nuestra provincia - El Diario de Tucuman","isPartOf":{"@id":"https:\/\/www.eldiariodetucuman.com\/web\/#website"},"primaryImageOfPage":{"@id":"https:\/\/www.eldiariodetucuman.com\/web\/luis-miguel-regresara-este-ano-a-nuestra-provincia\/#primaryimage"},"image":{"@id":"https:\/\/www.eldiariodetucuman.com\/web\/luis-miguel-regresara-este-ano-a-nuestra-provincia\/#primaryimage"},"thumbnailUrl":"https:\/\/www.eldiariodetucuman.com\/web\/wp-content\/uploads\/2018\/02\/c7ff4deed9ecf9031314a064f2b54e29.jpeg","datePublished":"2018-02-23T16:01:38+00:00","dateModified":"2018-02-23T16:01:39+00:00","breadcrumb":{"@id":"https:\/\/www.eldiariodetucuman.com\/web\/luis-miguel-regresara-este-ano-a-nuestra-provincia\/#breadcrumb"},"inLanguage":"es","potentialAction":[{"@type":"ReadAction","target":["https:\/\/www.eldiariodetucuman.com\/web\/luis-miguel-regresara-este-ano-a-nuestra-provincia\/"]}]},{"@type":"ImageObject","inLanguage":"es","@id":"https:\/\/www.eldiariodetucuman.com\/web\/luis-miguel-regresara-este-ano-a-nuestra-provincia\/#primaryimage","url":"https:\/\/www.eldiariodetucuman.com\/web\/wp-content\/uploads\/2018\/02\/c7ff4deed9ecf9031314a064f2b54e29.jpeg","contentUrl":"https:\/\/www.eldiariodetucuman.com\/web\/wp-content\/uploads\/2018\/02\/c7ff4deed9ecf9031314a064f2b54e29.jpeg","width":720,"height":720},{"@type":"BreadcrumbList","@id":"https:\/\/www.eldiariodetucuman.com\/web\/luis-miguel-regresara-este-ano-a-nuestra-provincia\/#breadcrumb","itemListElement":[{"@type":"ListItem","position":1,"name":"Portada","item":"https:\/\/www.eldiariodetucuman.com\/web\/"},{"@type":"ListItem","position":2,"name":"Luis Miguel regresar\u00e1 este a\u00f1o a nuestra provincia"}]},{"@type":"WebSite","@id":"https:\/\/www.eldiariodetucuman.com\/web\/#website","url":"https:\/\/www.eldiariodetucuman.com\/web\/","name":"El Diario de Tucuman","description":"Diario Tucuman - Informaci\u00f3n y noticias","publisher":{"@id":"https:\/\/www.eldiariodetucuman.com\/web\/#organization"},"potentialAction":[{"@type":"SearchAction","target":{"@type":"EntryPoint","urlTemplate":"https:\/\/www.eldiariodetucuman.com\/web\/?s={search_term_string}"},"query-input":{"@type":"PropertyValueSpecification","valueRequired":true,"valueName":"search_term_string"}}],"inLanguage":"es"},{"@type":"Organization","@id":"https:\/\/www.eldiariodetucuman.com\/web\/#organization","name":"El Diario de Tucuman","url":"https:\/\/www.eldiariodetucuman.com\/web\/","logo":{"@type":"ImageObject","inLanguage":"es","@id":"https:\/\/www.eldiariodetucuman.com\/web\/#\/schema\/logo\/image\/","url":"http:\/\/www.eldiariodetucuman.com\/web\/wp-content\/uploads\/2017\/12\/el-diario-de-tucuman.jpg","contentUrl":"http:\/\/www.eldiariodetucuman.com\/web\/wp-content\/uploads\/2017\/12\/el-diario-de-tucuman.jpg","width":272,"height":92,"caption":"El Diario de Tucuman"},"image":{"@id":"https:\/\/www.eldiariodetucuman.com\/web\/#\/schema\/logo\/image\/"}},{"@type":"Person","@id":"https:\/\/www.eldiariodetucuman.com\/web\/#\/schema\/person\/9250197d75ab5483412e19678b121caa","name":"admin","image":{"@type":"ImageObject","inLanguage":"es","@id":"https:\/\/secure.gravatar.com\/avatar\/c44d117c2be811212c22cb481f6b8384b6873de103fbc49e7a03cc58d7dea4ac?s=96&d=mm&r=g","url":"https:\/\/secure.gravatar.com\/avatar\/c44d117c2be811212c22cb481f6b8384b6873de103fbc49e7a03cc58d7dea4ac?s=96&d=mm&r=g","contentUrl":"https:\/\/secure.gravatar.com\/avatar\/c44d117c2be811212c22cb481f6b8384b6873de103fbc49e7a03cc58d7dea4ac?s=96&d=mm&r=g","caption":"admin"},"url":"https:\/\/www.eldiariodetucuman.com\/web\/author\/admin\/"}]}},"_links":{"self":[{"href":"https:\/\/www.eldiariodetucuman.com\/web\/wp-json\/wp\/v2\/posts\/5786","targetHints":{"allow":["GET"]}}],"collection":[{"href":"https:\/\/www.eldiariodetucuman.com\/web\/wp-json\/wp\/v2\/posts"}],"about":[{"href":"https:\/\/www.eldiariodetucuman.com\/web\/wp-json\/wp\/v2\/types\/post"}],"author":[{"embeddable":true,"href":"https:\/\/www.eldiariodetucuman.com\/web\/wp-json\/wp\/v2\/users\/1"}],"replies":[{"embeddable":true,"href":"https:\/\/www.eldiariodetucuman.com\/web\/wp-json\/wp\/v2\/comments?post=5786"}],"version-history":[{"count":1,"href":"https:\/\/www.eldiariodetucuman.com\/web\/wp-json\/wp\/v2\/posts\/5786\/revisions"}],"predecessor-version":[{"id":5788,"href":"https:\/\/www.eldiariodetucuman.com\/web\/wp-json\/wp\/v2\/posts\/5786\/revisions\/5788"}],"wp:featuredmedia":[{"embeddable":true,"href":"https:\/\/www.eldiariodetucuman.com\/web\/wp-json\/wp\/v2\/media\/5787"}],"wp:attachment":[{"href":"https:\/\/www.eldiariodetucuman.com\/web\/wp-json\/wp\/v2\/media?parent=5786"}],"wp:term":[{"taxonomy":"category","embeddable":true,"href":"https:\/\/www.eldiariodetucuman.com\/web\/wp-json\/wp\/v2\/categories?post=5786"},{"taxonomy":"post_tag","embeddable":true,"href":"https:\/\/www.eldiariodetucuman.com\/web\/wp-json\/wp\/v2\/tags?post=5786"}],"curies":[{"name":"wp","href":"https:\/\/api.w.org\/{rel}","templated":true}]}}