{"id":5782,"date":"2018-02-23T12:56:49","date_gmt":"2018-02-23T15:56:49","guid":{"rendered":"http:\/\/www.eldiariodetucuman.com\/web\/este-fin-de-semana-se-hara-un-encuentro-para-aprender-todo-sobre-los-drones\/"},"modified":"2018-02-23T12:56:49","modified_gmt":"2018-02-23T15:56:49","slug":"este-fin-de-semana-se-hara-un-encuentro-para-aprender-todo-sobre-los-drones","status":"publish","type":"post","link":"https:\/\/www.eldiariodetucuman.com\/web\/este-fin-de-semana-se-hara-un-encuentro-para-aprender-todo-sobre-los-drones\/","title":{"rendered":"Este fin de semana se har\u00e1 un encuentro para aprender todo sobre los drones"},"content":{"rendered":"<div>\n<div id=\"cuerpo\">\n<figure class=\"XL caja-destacada epigrafe\" id=\"figure_2635454\" data-is=\"imagen\"><span title=\"Ampliar imagen\" class=\"icon-ampliar\"><\/span><br \/>\n                        <span title=\"Cerrar modal\" class=\"icon-cerrar\"><\/span><figcaption><epigrafe>El Parque de la Ciudad ser\u00e1 la sede de un encuentro para promover el uso de cuadric\u00f3pteros y ense\u00f1ar su operaci\u00f3n correcta<\/epigrafe><\/figcaption><\/figure>\n<p class=\"capital\">El s\u00e1bado 24 y domingo 25, entre las 12 y las 18, se har\u00e1 en el Parque de la Ciudad el encuentro VANT (las siglas de veh\u00edculos \u00e1reo no tripulado), un evento de dos d\u00edas dedicado a los drones organizado por el Ministerio de Modernizaci\u00f3n porte\u00f1o.<\/p>\n<p><!-- middle1 --><\/p>\n<p><!-- middle1 --><\/p>\n<p>Habr\u00e1 charlas, exposiciones y actividades varias, incluyendo la palabra de expertos explicando el correcto manejo de estos cuadric\u00f3pteros, cu\u00e1l es<br \/>\n<a class=\"link\" href=\"https:\/\/www.lanacion.com.ar\/1810661-regulan-el-uso-de-drones-cuales-son-los-requisitos-para-operarlos\">la legislaci\u00f3n vigente que regula el uso de drones<\/a>  en nuestro pa\u00eds, y tambi\u00e9n conocer los diversos tipos de drones disponibles en el mercado. Tambi\u00e9n habr\u00e1 demostraciones de c\u00f3mo se hacen las<br \/>\n<a class=\"link\" href=\"https:\/\/www.lanacion.com.ar\/2020025-carreras-de-drones-como-entrenan-y-quienes-compiten-en-la-argentina\">carreras de drones<\/a>  y acrobacias con estos dispositivos.<\/p>\n<p>En<br \/>\n<a class=\"link\" href=\"http:\/\/www.buenosaires.gob.ar\/noticias\/ya-llega-vantel-evento-sobre-drones-de-la-ciudad\">esta p\u00e1gina est\u00e1 la agenda de ambos d\u00edas, y el formulario de inscripci\u00f3n<\/a>  a las jornadas, que no tienen costo.<\/p>\n<p><!-- middle1 --><\/p>\n<section class=\"listado ademas floatFix\" id=\"listadoAdemas\" data-is-block=\"true\" data-block-name=\"n_relacionadas-cuerpo\" data-diagramacion-id=\"0\"><\/section>\n<p>\u00abEsta es la primera de muchas acciones que suceder\u00e1n a lo largo del a\u00f1o en el marco del programa Empleos del Futuro  -explica Javier Cuello, director general de Ciencia y Tecnolog\u00eda de la Subsecretar\u00eda de Innovaci\u00f3n y Ciudad Inteligente-. Dada la multiplicidad de usos y funcionalidades de los drones, la demanda de pilotos autorizados ser\u00e1 cada vez mayor. Adem\u00e1s, el empleo de veh\u00edculos a\u00e9reos no tripulados significa una gran mejora para muchos puestos de trabajo, al facilitar y permitir la realizaci\u00f3n de tareas que antes eran complejas e incluso imposibles. Por ello, creemos que el evento es esencial para despertar el inter\u00e9s, capacitar y concientizar acerca de la importancia del uso y la aplicaci\u00f3n de este tipo de tecnolog\u00edas en los distintos campos laborales. A diferencia de otros eventos de drones, V.A.N.T hace especial hincapi\u00e9 en la formaci\u00f3n de sus asistentes, brindando diferentes tipos de talleres tanto te\u00f3ricos como pr\u00e1cticos.\u00bb<\/p>\n<p><!-- middle1 --><\/p>\n<p><!-- middle1 --><\/p>\n<p>En el pa\u00eds hay unos 6000 drones registrados, aunque se estima que el n\u00famero total es el doble, contando los hogare\u00f1os; las estimaciones del Gobierno son que el 70 por ciento de esos 12.000 drones vuelta en el cielo porte\u00f1o.<\/p>\n<div class=\"L video\">\n<aside id=\"videoContainerVideo-98643\" class=\"videoAside\" data-video_id=\"98643\" data-multimediofile_id=\"113179\" data-jwkey=\"ScEFGNZj\" data-multimediojwkey=\"ScEFGNZj\" data-destacado=\"0\" data-showads=\"1\" data-property=\"0\" data-videotag_home=\"\" data-arraytags=\"Tecnolog\u00eda, LN+, + Despiertos\" data-titulo=\"Volamos drones en el piso de M\u00e1s Despiertos\" data-contenedor=\"nota\"><\/aside>\n<h2>Volamos drones en el piso de M\u00e1s Despiertos<\/h2>\n<p>                        <span>10:34<\/span>\n            <\/div>\n<p>                <!-- firma autor --><\/p>\n<p>                <!-- temas --><\/p>\n<div class=\"temas\">\n<h4>temas <b>en esta nota<\/b><\/h4>\n<p> <!-- ***NUEVO*** - caja like --><\/p>\n<p>\n    <span class=\"texto-like\"> \u00bfTe gust\u00f3 <b>esta nota?<\/b><\/span><br \/>\n    <span class=\"icon-me-gusta\"> <\/span>\n<\/p>\n<\/p><\/div>\n<\/p><\/div>\n<\/div>\n","protected":false},"excerpt":{"rendered":"<p>El Parque de la Ciudad ser\u00e1 la sede de un encuentro para promover el uso de cuadric\u00f3pteros y ense\u00f1ar su operaci\u00f3n correcta El s\u00e1bado 24 y domingo 25, entre las 12 y las 18, se har\u00e1 en el Parque de la Ciudad el encuentro VANT (las siglas de veh\u00edculos \u00e1reo no tripulado), un evento de [&hellip;]<\/p>\n","protected":false},"author":4,"featured_media":5783,"comment_status":"open","ping_status":"closed","sticky":false,"template":"","format":"standard","meta":{"footnotes":""},"categories":[154],"tags":[],"class_list":{"0":"post-5782","1":"post","2":"type-post","3":"status-publish","4":"format-standard","5":"has-post-thumbnail","7":"category-ciencia-y-tecnologia"},"yoast_head":"<!-- This site is optimized with the Yoast SEO plugin v27.5 - https:\/\/yoast.com\/product\/yoast-seo-wordpress\/ -->\n<title>Este fin de semana se har\u00e1 un encuentro para aprender todo sobre los drones - El Diario de Tucuman<\/title>\n<meta name=\"robots\" content=\"index, follow, max-snippet:-1, max-image-preview:large, max-video-preview:-1\" \/>\n<link rel=\"canonical\" href=\"https:\/\/www.eldiariodetucuman.com\/web\/este-fin-de-semana-se-hara-un-encuentro-para-aprender-todo-sobre-los-drones\/\" \/>\n<meta property=\"og:locale\" content=\"es_ES\" \/>\n<meta property=\"og:type\" content=\"article\" \/>\n<meta property=\"og:title\" content=\"Este fin de semana se har\u00e1 un encuentro para aprender todo sobre los drones - El Diario de Tucuman\" \/>\n<meta property=\"og:description\" content=\"El Parque de la Ciudad ser\u00e1 la sede de un encuentro para promover el uso de cuadric\u00f3pteros y ense\u00f1ar su operaci\u00f3n correcta El s\u00e1bado 24 y domingo 25, entre las 12 y las 18, se har\u00e1 en el Parque de la Ciudad el encuentro VANT (las siglas de veh\u00edculos \u00e1reo no tripulado), un evento de [&hellip;]\" \/>\n<meta property=\"og:url\" content=\"https:\/\/www.eldiariodetucuman.com\/web\/este-fin-de-semana-se-hara-un-encuentro-para-aprender-todo-sobre-los-drones\/\" \/>\n<meta property=\"og:site_name\" content=\"El Diario de Tucuman\" \/>\n<meta property=\"article:published_time\" content=\"2018-02-23T15:56:49+00:00\" \/>\n<meta property=\"og:image\" content=\"https:\/\/www.eldiariodetucuman.com\/web\/wp-content\/uploads\/2018\/02\/f22609fce2a5cb7275638da764644b20.jpeg\" \/>\n\t<meta property=\"og:image:width\" content=\"1032\" \/>\n\t<meta property=\"og:image:height\" content=\"688\" \/>\n\t<meta property=\"og:image:type\" content=\"image\/jpeg\" \/>\n<meta name=\"author\" content=\"eldiario detucuman\" \/>\n<meta name=\"twitter:card\" content=\"summary_large_image\" \/>\n<meta name=\"twitter:label1\" content=\"Escrito por\" \/>\n\t<meta name=\"twitter:data1\" content=\"eldiario detucuman\" \/>\n\t<meta name=\"twitter:label2\" content=\"Tiempo de lectura\" \/>\n\t<meta name=\"twitter:data2\" content=\"2 minutos\" \/>\n<script type=\"application\/ld+json\" class=\"yoast-schema-graph\">{\"@context\":\"https:\\\/\\\/schema.org\",\"@graph\":[{\"@type\":\"Article\",\"@id\":\"https:\\\/\\\/www.eldiariodetucuman.com\\\/web\\\/este-fin-de-semana-se-hara-un-encuentro-para-aprender-todo-sobre-los-drones\\\/#article\",\"isPartOf\":{\"@id\":\"https:\\\/\\\/www.eldiariodetucuman.com\\\/web\\\/este-fin-de-semana-se-hara-un-encuentro-para-aprender-todo-sobre-los-drones\\\/\"},\"author\":{\"name\":\"eldiario detucuman\",\"@id\":\"https:\\\/\\\/www.eldiariodetucuman.com\\\/web\\\/#\\\/schema\\\/person\\\/6f95946e54fde848b878ffa4928071d5\"},\"headline\":\"Este fin de semana se har\u00e1 un encuentro para aprender todo sobre los drones\",\"datePublished\":\"2018-02-23T15:56:49+00:00\",\"mainEntityOfPage\":{\"@id\":\"https:\\\/\\\/www.eldiariodetucuman.com\\\/web\\\/este-fin-de-semana-se-hara-un-encuentro-para-aprender-todo-sobre-los-drones\\\/\"},\"wordCount\":403,\"commentCount\":0,\"publisher\":{\"@id\":\"https:\\\/\\\/www.eldiariodetucuman.com\\\/web\\\/#organization\"},\"image\":{\"@id\":\"https:\\\/\\\/www.eldiariodetucuman.com\\\/web\\\/este-fin-de-semana-se-hara-un-encuentro-para-aprender-todo-sobre-los-drones\\\/#primaryimage\"},\"thumbnailUrl\":\"https:\\\/\\\/www.eldiariodetucuman.com\\\/web\\\/wp-content\\\/uploads\\\/2018\\\/02\\\/f22609fce2a5cb7275638da764644b20.jpeg\",\"articleSection\":[\"ciencia y tecnologia\"],\"inLanguage\":\"es\",\"potentialAction\":[{\"@type\":\"CommentAction\",\"name\":\"Comment\",\"target\":[\"https:\\\/\\\/www.eldiariodetucuman.com\\\/web\\\/este-fin-de-semana-se-hara-un-encuentro-para-aprender-todo-sobre-los-drones\\\/#respond\"]}]},{\"@type\":\"WebPage\",\"@id\":\"https:\\\/\\\/www.eldiariodetucuman.com\\\/web\\\/este-fin-de-semana-se-hara-un-encuentro-para-aprender-todo-sobre-los-drones\\\/\",\"url\":\"https:\\\/\\\/www.eldiariodetucuman.com\\\/web\\\/este-fin-de-semana-se-hara-un-encuentro-para-aprender-todo-sobre-los-drones\\\/\",\"name\":\"Este fin de semana se har\u00e1 un encuentro para aprender todo sobre los drones - El Diario de Tucuman\",\"isPartOf\":{\"@id\":\"https:\\\/\\\/www.eldiariodetucuman.com\\\/web\\\/#website\"},\"primaryImageOfPage\":{\"@id\":\"https:\\\/\\\/www.eldiariodetucuman.com\\\/web\\\/este-fin-de-semana-se-hara-un-encuentro-para-aprender-todo-sobre-los-drones\\\/#primaryimage\"},\"image\":{\"@id\":\"https:\\\/\\\/www.eldiariodetucuman.com\\\/web\\\/este-fin-de-semana-se-hara-un-encuentro-para-aprender-todo-sobre-los-drones\\\/#primaryimage\"},\"thumbnailUrl\":\"https:\\\/\\\/www.eldiariodetucuman.com\\\/web\\\/wp-content\\\/uploads\\\/2018\\\/02\\\/f22609fce2a5cb7275638da764644b20.jpeg\",\"datePublished\":\"2018-02-23T15:56:49+00:00\",\"breadcrumb\":{\"@id\":\"https:\\\/\\\/www.eldiariodetucuman.com\\\/web\\\/este-fin-de-semana-se-hara-un-encuentro-para-aprender-todo-sobre-los-drones\\\/#breadcrumb\"},\"inLanguage\":\"es\",\"potentialAction\":[{\"@type\":\"ReadAction\",\"target\":[\"https:\\\/\\\/www.eldiariodetucuman.com\\\/web\\\/este-fin-de-semana-se-hara-un-encuentro-para-aprender-todo-sobre-los-drones\\\/\"]}]},{\"@type\":\"ImageObject\",\"inLanguage\":\"es\",\"@id\":\"https:\\\/\\\/www.eldiariodetucuman.com\\\/web\\\/este-fin-de-semana-se-hara-un-encuentro-para-aprender-todo-sobre-los-drones\\\/#primaryimage\",\"url\":\"https:\\\/\\\/www.eldiariodetucuman.com\\\/web\\\/wp-content\\\/uploads\\\/2018\\\/02\\\/f22609fce2a5cb7275638da764644b20.jpeg\",\"contentUrl\":\"https:\\\/\\\/www.eldiariodetucuman.com\\\/web\\\/wp-content\\\/uploads\\\/2018\\\/02\\\/f22609fce2a5cb7275638da764644b20.jpeg\",\"width\":1032,\"height\":688},{\"@type\":\"BreadcrumbList\",\"@id\":\"https:\\\/\\\/www.eldiariodetucuman.com\\\/web\\\/este-fin-de-semana-se-hara-un-encuentro-para-aprender-todo-sobre-los-drones\\\/#breadcrumb\",\"itemListElement\":[{\"@type\":\"ListItem\",\"position\":1,\"name\":\"Portada\",\"item\":\"https:\\\/\\\/www.eldiariodetucuman.com\\\/web\\\/\"},{\"@type\":\"ListItem\",\"position\":2,\"name\":\"Este fin de semana se har\u00e1 un encuentro para aprender todo sobre los drones\"}]},{\"@type\":\"WebSite\",\"@id\":\"https:\\\/\\\/www.eldiariodetucuman.com\\\/web\\\/#website\",\"url\":\"https:\\\/\\\/www.eldiariodetucuman.com\\\/web\\\/\",\"name\":\"El Diario de Tucuman\",\"description\":\"Diario Tucuman - Informaci\u00f3n y noticias\",\"publisher\":{\"@id\":\"https:\\\/\\\/www.eldiariodetucuman.com\\\/web\\\/#organization\"},\"potentialAction\":[{\"@type\":\"SearchAction\",\"target\":{\"@type\":\"EntryPoint\",\"urlTemplate\":\"https:\\\/\\\/www.eldiariodetucuman.com\\\/web\\\/?s={search_term_string}\"},\"query-input\":{\"@type\":\"PropertyValueSpecification\",\"valueRequired\":true,\"valueName\":\"search_term_string\"}}],\"inLanguage\":\"es\"},{\"@type\":\"Organization\",\"@id\":\"https:\\\/\\\/www.eldiariodetucuman.com\\\/web\\\/#organization\",\"name\":\"El Diario de Tucuman\",\"url\":\"https:\\\/\\\/www.eldiariodetucuman.com\\\/web\\\/\",\"logo\":{\"@type\":\"ImageObject\",\"inLanguage\":\"es\",\"@id\":\"https:\\\/\\\/www.eldiariodetucuman.com\\\/web\\\/#\\\/schema\\\/logo\\\/image\\\/\",\"url\":\"http:\\\/\\\/www.eldiariodetucuman.com\\\/web\\\/wp-content\\\/uploads\\\/2017\\\/12\\\/el-diario-de-tucuman.jpg\",\"contentUrl\":\"http:\\\/\\\/www.eldiariodetucuman.com\\\/web\\\/wp-content\\\/uploads\\\/2017\\\/12\\\/el-diario-de-tucuman.jpg\",\"width\":272,\"height\":92,\"caption\":\"El Diario de Tucuman\"},\"image\":{\"@id\":\"https:\\\/\\\/www.eldiariodetucuman.com\\\/web\\\/#\\\/schema\\\/logo\\\/image\\\/\"}},{\"@type\":\"Person\",\"@id\":\"https:\\\/\\\/www.eldiariodetucuman.com\\\/web\\\/#\\\/schema\\\/person\\\/6f95946e54fde848b878ffa4928071d5\",\"name\":\"eldiario detucuman\",\"image\":{\"@type\":\"ImageObject\",\"inLanguage\":\"es\",\"@id\":\"https:\\\/\\\/secure.gravatar.com\\\/avatar\\\/b6e1f89c5c4044c4962c8e6c20b1ca2cc99f549c965908afd4ec5308b3f51bfe?s=96&d=mm&r=g\",\"url\":\"https:\\\/\\\/secure.gravatar.com\\\/avatar\\\/b6e1f89c5c4044c4962c8e6c20b1ca2cc99f549c965908afd4ec5308b3f51bfe?s=96&d=mm&r=g\",\"contentUrl\":\"https:\\\/\\\/secure.gravatar.com\\\/avatar\\\/b6e1f89c5c4044c4962c8e6c20b1ca2cc99f549c965908afd4ec5308b3f51bfe?s=96&d=mm&r=g\",\"caption\":\"eldiario detucuman\"},\"url\":\"https:\\\/\\\/www.eldiariodetucuman.com\\\/web\\\/author\\\/eldiariodetucuman\\\/\"}]}<\/script>\n<!-- \/ Yoast SEO plugin. -->","yoast_head_json":{"title":"Este fin de semana se har\u00e1 un encuentro para aprender todo sobre los drones - El Diario de Tucuman","robots":{"index":"index","follow":"follow","max-snippet":"max-snippet:-1","max-image-preview":"max-image-preview:large","max-video-preview":"max-video-preview:-1"},"canonical":"https:\/\/www.eldiariodetucuman.com\/web\/este-fin-de-semana-se-hara-un-encuentro-para-aprender-todo-sobre-los-drones\/","og_locale":"es_ES","og_type":"article","og_title":"Este fin de semana se har\u00e1 un encuentro para aprender todo sobre los drones - El Diario de Tucuman","og_description":"El Parque de la Ciudad ser\u00e1 la sede de un encuentro para promover el uso de cuadric\u00f3pteros y ense\u00f1ar su operaci\u00f3n correcta El s\u00e1bado 24 y domingo 25, entre las 12 y las 18, se har\u00e1 en el Parque de la Ciudad el encuentro VANT (las siglas de veh\u00edculos \u00e1reo no tripulado), un evento de [&hellip;]","og_url":"https:\/\/www.eldiariodetucuman.com\/web\/este-fin-de-semana-se-hara-un-encuentro-para-aprender-todo-sobre-los-drones\/","og_site_name":"El Diario de Tucuman","article_published_time":"2018-02-23T15:56:49+00:00","og_image":[{"width":1032,"height":688,"url":"https:\/\/www.eldiariodetucuman.com\/web\/wp-content\/uploads\/2018\/02\/f22609fce2a5cb7275638da764644b20.jpeg","type":"image\/jpeg"}],"author":"eldiario detucuman","twitter_card":"summary_large_image","twitter_misc":{"Escrito por":"eldiario detucuman","Tiempo de lectura":"2 minutos"},"schema":{"@context":"https:\/\/schema.org","@graph":[{"@type":"Article","@id":"https:\/\/www.eldiariodetucuman.com\/web\/este-fin-de-semana-se-hara-un-encuentro-para-aprender-todo-sobre-los-drones\/#article","isPartOf":{"@id":"https:\/\/www.eldiariodetucuman.com\/web\/este-fin-de-semana-se-hara-un-encuentro-para-aprender-todo-sobre-los-drones\/"},"author":{"name":"eldiario detucuman","@id":"https:\/\/www.eldiariodetucuman.com\/web\/#\/schema\/person\/6f95946e54fde848b878ffa4928071d5"},"headline":"Este fin de semana se har\u00e1 un encuentro para aprender todo sobre los drones","datePublished":"2018-02-23T15:56:49+00:00","mainEntityOfPage":{"@id":"https:\/\/www.eldiariodetucuman.com\/web\/este-fin-de-semana-se-hara-un-encuentro-para-aprender-todo-sobre-los-drones\/"},"wordCount":403,"commentCount":0,"publisher":{"@id":"https:\/\/www.eldiariodetucuman.com\/web\/#organization"},"image":{"@id":"https:\/\/www.eldiariodetucuman.com\/web\/este-fin-de-semana-se-hara-un-encuentro-para-aprender-todo-sobre-los-drones\/#primaryimage"},"thumbnailUrl":"https:\/\/www.eldiariodetucuman.com\/web\/wp-content\/uploads\/2018\/02\/f22609fce2a5cb7275638da764644b20.jpeg","articleSection":["ciencia y tecnologia"],"inLanguage":"es","potentialAction":[{"@type":"CommentAction","name":"Comment","target":["https:\/\/www.eldiariodetucuman.com\/web\/este-fin-de-semana-se-hara-un-encuentro-para-aprender-todo-sobre-los-drones\/#respond"]}]},{"@type":"WebPage","@id":"https:\/\/www.eldiariodetucuman.com\/web\/este-fin-de-semana-se-hara-un-encuentro-para-aprender-todo-sobre-los-drones\/","url":"https:\/\/www.eldiariodetucuman.com\/web\/este-fin-de-semana-se-hara-un-encuentro-para-aprender-todo-sobre-los-drones\/","name":"Este fin de semana se har\u00e1 un encuentro para aprender todo sobre los drones - El Diario de Tucuman","isPartOf":{"@id":"https:\/\/www.eldiariodetucuman.com\/web\/#website"},"primaryImageOfPage":{"@id":"https:\/\/www.eldiariodetucuman.com\/web\/este-fin-de-semana-se-hara-un-encuentro-para-aprender-todo-sobre-los-drones\/#primaryimage"},"image":{"@id":"https:\/\/www.eldiariodetucuman.com\/web\/este-fin-de-semana-se-hara-un-encuentro-para-aprender-todo-sobre-los-drones\/#primaryimage"},"thumbnailUrl":"https:\/\/www.eldiariodetucuman.com\/web\/wp-content\/uploads\/2018\/02\/f22609fce2a5cb7275638da764644b20.jpeg","datePublished":"2018-02-23T15:56:49+00:00","breadcrumb":{"@id":"https:\/\/www.eldiariodetucuman.com\/web\/este-fin-de-semana-se-hara-un-encuentro-para-aprender-todo-sobre-los-drones\/#breadcrumb"},"inLanguage":"es","potentialAction":[{"@type":"ReadAction","target":["https:\/\/www.eldiariodetucuman.com\/web\/este-fin-de-semana-se-hara-un-encuentro-para-aprender-todo-sobre-los-drones\/"]}]},{"@type":"ImageObject","inLanguage":"es","@id":"https:\/\/www.eldiariodetucuman.com\/web\/este-fin-de-semana-se-hara-un-encuentro-para-aprender-todo-sobre-los-drones\/#primaryimage","url":"https:\/\/www.eldiariodetucuman.com\/web\/wp-content\/uploads\/2018\/02\/f22609fce2a5cb7275638da764644b20.jpeg","contentUrl":"https:\/\/www.eldiariodetucuman.com\/web\/wp-content\/uploads\/2018\/02\/f22609fce2a5cb7275638da764644b20.jpeg","width":1032,"height":688},{"@type":"BreadcrumbList","@id":"https:\/\/www.eldiariodetucuman.com\/web\/este-fin-de-semana-se-hara-un-encuentro-para-aprender-todo-sobre-los-drones\/#breadcrumb","itemListElement":[{"@type":"ListItem","position":1,"name":"Portada","item":"https:\/\/www.eldiariodetucuman.com\/web\/"},{"@type":"ListItem","position":2,"name":"Este fin de semana se har\u00e1 un encuentro para aprender todo sobre los drones"}]},{"@type":"WebSite","@id":"https:\/\/www.eldiariodetucuman.com\/web\/#website","url":"https:\/\/www.eldiariodetucuman.com\/web\/","name":"El Diario de Tucuman","description":"Diario Tucuman - Informaci\u00f3n y noticias","publisher":{"@id":"https:\/\/www.eldiariodetucuman.com\/web\/#organization"},"potentialAction":[{"@type":"SearchAction","target":{"@type":"EntryPoint","urlTemplate":"https:\/\/www.eldiariodetucuman.com\/web\/?s={search_term_string}"},"query-input":{"@type":"PropertyValueSpecification","valueRequired":true,"valueName":"search_term_string"}}],"inLanguage":"es"},{"@type":"Organization","@id":"https:\/\/www.eldiariodetucuman.com\/web\/#organization","name":"El Diario de Tucuman","url":"https:\/\/www.eldiariodetucuman.com\/web\/","logo":{"@type":"ImageObject","inLanguage":"es","@id":"https:\/\/www.eldiariodetucuman.com\/web\/#\/schema\/logo\/image\/","url":"http:\/\/www.eldiariodetucuman.com\/web\/wp-content\/uploads\/2017\/12\/el-diario-de-tucuman.jpg","contentUrl":"http:\/\/www.eldiariodetucuman.com\/web\/wp-content\/uploads\/2017\/12\/el-diario-de-tucuman.jpg","width":272,"height":92,"caption":"El Diario de Tucuman"},"image":{"@id":"https:\/\/www.eldiariodetucuman.com\/web\/#\/schema\/logo\/image\/"}},{"@type":"Person","@id":"https:\/\/www.eldiariodetucuman.com\/web\/#\/schema\/person\/6f95946e54fde848b878ffa4928071d5","name":"eldiario detucuman","image":{"@type":"ImageObject","inLanguage":"es","@id":"https:\/\/secure.gravatar.com\/avatar\/b6e1f89c5c4044c4962c8e6c20b1ca2cc99f549c965908afd4ec5308b3f51bfe?s=96&d=mm&r=g","url":"https:\/\/secure.gravatar.com\/avatar\/b6e1f89c5c4044c4962c8e6c20b1ca2cc99f549c965908afd4ec5308b3f51bfe?s=96&d=mm&r=g","contentUrl":"https:\/\/secure.gravatar.com\/avatar\/b6e1f89c5c4044c4962c8e6c20b1ca2cc99f549c965908afd4ec5308b3f51bfe?s=96&d=mm&r=g","caption":"eldiario detucuman"},"url":"https:\/\/www.eldiariodetucuman.com\/web\/author\/eldiariodetucuman\/"}]}},"_links":{"self":[{"href":"https:\/\/www.eldiariodetucuman.com\/web\/wp-json\/wp\/v2\/posts\/5782","targetHints":{"allow":["GET"]}}],"collection":[{"href":"https:\/\/www.eldiariodetucuman.com\/web\/wp-json\/wp\/v2\/posts"}],"about":[{"href":"https:\/\/www.eldiariodetucuman.com\/web\/wp-json\/wp\/v2\/types\/post"}],"author":[{"embeddable":true,"href":"https:\/\/www.eldiariodetucuman.com\/web\/wp-json\/wp\/v2\/users\/4"}],"replies":[{"embeddable":true,"href":"https:\/\/www.eldiariodetucuman.com\/web\/wp-json\/wp\/v2\/comments?post=5782"}],"version-history":[{"count":0,"href":"https:\/\/www.eldiariodetucuman.com\/web\/wp-json\/wp\/v2\/posts\/5782\/revisions"}],"wp:featuredmedia":[{"embeddable":true,"href":"https:\/\/www.eldiariodetucuman.com\/web\/wp-json\/wp\/v2\/media\/5783"}],"wp:attachment":[{"href":"https:\/\/www.eldiariodetucuman.com\/web\/wp-json\/wp\/v2\/media?parent=5782"}],"wp:term":[{"taxonomy":"category","embeddable":true,"href":"https:\/\/www.eldiariodetucuman.com\/web\/wp-json\/wp\/v2\/categories?post=5782"},{"taxonomy":"post_tag","embeddable":true,"href":"https:\/\/www.eldiariodetucuman.com\/web\/wp-json\/wp\/v2\/tags?post=5782"}],"curies":[{"name":"wp","href":"https:\/\/api.w.org\/{rel}","templated":true}]}}