{"id":5780,"date":"2018-02-23T12:50:30","date_gmt":"2018-02-23T15:50:30","guid":{"rendered":"http:\/\/www.eldiariodetucuman.com\/web\/para-evitar-masacres-trump-propone-profesores-armados\/"},"modified":"2018-02-23T12:50:30","modified_gmt":"2018-02-23T15:50:30","slug":"para-evitar-masacres-trump-propone-profesores-armados","status":"publish","type":"post","link":"https:\/\/www.eldiariodetucuman.com\/web\/para-evitar-masacres-trump-propone-profesores-armados\/","title":{"rendered":"Para evitar masacres, Trump propone profesores armados"},"content":{"rendered":"<div>\n<div itemprop=\"articleBody\" readability=\"104.51445086705\">\n<p><strong>  <a href=\"https:\/\/www.cronica.com.ar\/tags\/Donald%20Trump\">Donald Trump<\/a><\/strong>, insinu\u00f3\u00a0este mi\u00e9rcoles\u00a0que profesores o trabajadores de las escuelas del pa\u00eds\u00a0 ser\u00edan entrenados para\u00a0portar armas de manera oculta y as\u00ed responder inmediatamente en caso de tiroteo, adem\u00e1s de sugerir otra serie de medidas, como el aumento de la edad m\u00ednima para adquirir un arma legalmente.<\/p>\n<p>El mandatario hizo estas propuestas durante una <em>\u201csesi\u00f3n de escucha<\/em>\u201d en la Casa Blanca con v\u00edctimas de tiroteos en centros educativos, entre ellas seis estudiantes de la secundaria de Parkland, en Florida, donde 17 personas fueron asesinadas la semana pasada por un ex alumno con un fusil de asalto.<\/p>\n<p><em>\u00abLos profesores tendr\u00edan un permiso especial, y (la escuela) ya no ser\u00eda una zona libre de armas\u201d<\/em> de la que puedan aprovecharse los <em>\u201cman\u00edacos\u201d<\/em>, agreg\u00f3 el mandatario republicano, citado por la agencia de noticias EFE.<\/p>\n<p><em>\u00abVamos a examinar esa idea muy en serio, mucha gente va a estar opuesta a ello, y mucha gente va a estar de acuerdo\u201d<\/em>, afirm\u00f3 el gobernante, quien reconoci\u00f3 que la medida es algo <em>\u201ccontrovertida\u201d<\/em>.<\/p>\n<p>De hecho, la controversia surgi\u00f3 en la propia reuni\u00f3n, en la que una de las v\u00edctimas presentes no dud\u00f3 en interpelarlo y manifestar su rechazo.<\/p>\n<p><em>\u00abMi esposa es profesora y ella le dir\u00eda que los maestros ya tienen suficientes responsabilidades como para adem\u00e1s tener la enorme responsabilidad de la fuerza letal que puede acabar con una vida\u201d<\/em>, opin\u00f3<strong> Mark Barden<\/strong>, cuyo hijo Daniel, de 5 a\u00f1os, fue asesinado en 2012 en un tiroteo en Newtown, Connecticut.<\/p>\n<p>Como alternativa, el presidente plante\u00f3 enviar a las escuelas a <em>\u201cprofesionales, que podr\u00edan ser marines<\/em>\u201d, y que eso <em>\u201cpodr\u00eda resolver el problema\u201d<\/em>.<\/p>\n<p>Pese a ser un defensor del derecho a portar armas, la presi\u00f3n producida por la tragedia llev\u00f3 al mandatario a considerar la adopci\u00f3n de algunas medidas de control de armas que contradicen la pol\u00edtica de la poderosa Asociaci\u00f3n Nacional del Rifle, de la que Trump recibi\u00f3 30 millones de d\u00f3lares en donaciones para su campa\u00f1a electoral.<\/p>\n<p><em>\u00abVamos a fijarnos en el tema de la edad (m\u00ednima) para comprar (un arma) y, adem\u00e1s, en el aspecto de salud mental\u201d,<\/em> dijo el jefe del Estado, quien opin\u00f3 que no hay suficientes <em>\u201cinstituciones mentales\u201d<\/em> en el pa\u00eds para tratar a la gente que pueda tener una enfermedad que le lleve a comportamientos violentos.<\/p>\n<p>Trump prometi\u00f3, asimismo, que va a conseguir una soluci\u00f3n <em>\u201cmuy robusta en el tema de los antecedentes criminales\u201d<\/em>, para mejorar la comunicaci\u00f3n entre autoridades locales y federales y as\u00ed impedir que las personas condenadas por un delito puedan comprar armas.<\/p>\n<\/div>\n<\/div>\n","protected":false},"excerpt":{"rendered":"<p>Donald Trump, insinu\u00f3\u00a0este mi\u00e9rcoles\u00a0que profesores o trabajadores de las escuelas del pa\u00eds\u00a0 ser\u00edan entrenados para\u00a0portar armas de manera oculta y as\u00ed responder inmediatamente en caso de tiroteo, adem\u00e1s de sugerir otra serie de medidas, como el aumento de la edad m\u00ednima para adquirir un arma legalmente. El mandatario hizo estas propuestas durante una \u201csesi\u00f3n de [&hellip;]<\/p>\n","protected":false},"author":4,"featured_media":5781,"comment_status":"open","ping_status":"closed","sticky":false,"template":"","format":"standard","meta":{"footnotes":""},"categories":[194],"tags":[],"class_list":{"0":"post-5780","1":"post","2":"type-post","3":"status-publish","4":"format-standard","5":"has-post-thumbnail","7":"category-internacionales"},"yoast_head":"<!-- This site is optimized with the Yoast SEO plugin v27.5 - https:\/\/yoast.com\/product\/yoast-seo-wordpress\/ -->\n<title>Para evitar masacres, Trump propone profesores armados - El Diario de Tucuman<\/title>\n<meta name=\"robots\" content=\"index, follow, max-snippet:-1, max-image-preview:large, max-video-preview:-1\" \/>\n<link rel=\"canonical\" href=\"https:\/\/www.eldiariodetucuman.com\/web\/para-evitar-masacres-trump-propone-profesores-armados\/\" \/>\n<meta property=\"og:locale\" content=\"es_ES\" \/>\n<meta property=\"og:type\" content=\"article\" \/>\n<meta property=\"og:title\" content=\"Para evitar masacres, Trump propone profesores armados - El Diario de Tucuman\" \/>\n<meta property=\"og:description\" content=\"Donald Trump, insinu\u00f3\u00a0este mi\u00e9rcoles\u00a0que profesores o trabajadores de las escuelas del pa\u00eds\u00a0 ser\u00edan entrenados para\u00a0portar armas de manera oculta y as\u00ed responder inmediatamente en caso de tiroteo, adem\u00e1s de sugerir otra serie de medidas, como el aumento de la edad m\u00ednima para adquirir un arma legalmente. El mandatario hizo estas propuestas durante una \u201csesi\u00f3n de [&hellip;]\" \/>\n<meta property=\"og:url\" content=\"https:\/\/www.eldiariodetucuman.com\/web\/para-evitar-masacres-trump-propone-profesores-armados\/\" \/>\n<meta property=\"og:site_name\" content=\"El Diario de Tucuman\" \/>\n<meta property=\"article:published_time\" content=\"2018-02-23T15:50:30+00:00\" \/>\n<meta property=\"og:image\" content=\"https:\/\/www.eldiariodetucuman.com\/web\/wp-content\/uploads\/2018\/02\/e70da0803eeb2f60f971d824e0b2f6ca.jpeg\" \/>\n\t<meta property=\"og:image:width\" content=\"970\" \/>\n\t<meta property=\"og:image:height\" content=\"546\" \/>\n\t<meta property=\"og:image:type\" content=\"image\/jpeg\" \/>\n<meta name=\"author\" content=\"eldiario detucuman\" \/>\n<meta name=\"twitter:card\" content=\"summary_large_image\" \/>\n<meta name=\"twitter:label1\" content=\"Escrito por\" \/>\n\t<meta name=\"twitter:data1\" content=\"eldiario detucuman\" \/>\n\t<meta name=\"twitter:label2\" content=\"Tiempo de lectura\" \/>\n\t<meta name=\"twitter:data2\" content=\"2 minutos\" \/>\n<script type=\"application\/ld+json\" class=\"yoast-schema-graph\">{\"@context\":\"https:\\\/\\\/schema.org\",\"@graph\":[{\"@type\":\"Article\",\"@id\":\"https:\\\/\\\/www.eldiariodetucuman.com\\\/web\\\/para-evitar-masacres-trump-propone-profesores-armados\\\/#article\",\"isPartOf\":{\"@id\":\"https:\\\/\\\/www.eldiariodetucuman.com\\\/web\\\/para-evitar-masacres-trump-propone-profesores-armados\\\/\"},\"author\":{\"name\":\"eldiario detucuman\",\"@id\":\"https:\\\/\\\/www.eldiariodetucuman.com\\\/web\\\/#\\\/schema\\\/person\\\/6f95946e54fde848b878ffa4928071d5\"},\"headline\":\"Para evitar masacres, Trump propone profesores armados\",\"datePublished\":\"2018-02-23T15:50:30+00:00\",\"mainEntityOfPage\":{\"@id\":\"https:\\\/\\\/www.eldiariodetucuman.com\\\/web\\\/para-evitar-masacres-trump-propone-profesores-armados\\\/\"},\"wordCount\":447,\"commentCount\":0,\"publisher\":{\"@id\":\"https:\\\/\\\/www.eldiariodetucuman.com\\\/web\\\/#organization\"},\"image\":{\"@id\":\"https:\\\/\\\/www.eldiariodetucuman.com\\\/web\\\/para-evitar-masacres-trump-propone-profesores-armados\\\/#primaryimage\"},\"thumbnailUrl\":\"https:\\\/\\\/www.eldiariodetucuman.com\\\/web\\\/wp-content\\\/uploads\\\/2018\\\/02\\\/e70da0803eeb2f60f971d824e0b2f6ca.jpeg\",\"articleSection\":[\"Internacionales\"],\"inLanguage\":\"es\",\"potentialAction\":[{\"@type\":\"CommentAction\",\"name\":\"Comment\",\"target\":[\"https:\\\/\\\/www.eldiariodetucuman.com\\\/web\\\/para-evitar-masacres-trump-propone-profesores-armados\\\/#respond\"]}]},{\"@type\":\"WebPage\",\"@id\":\"https:\\\/\\\/www.eldiariodetucuman.com\\\/web\\\/para-evitar-masacres-trump-propone-profesores-armados\\\/\",\"url\":\"https:\\\/\\\/www.eldiariodetucuman.com\\\/web\\\/para-evitar-masacres-trump-propone-profesores-armados\\\/\",\"name\":\"Para evitar masacres, Trump propone profesores armados - El Diario de Tucuman\",\"isPartOf\":{\"@id\":\"https:\\\/\\\/www.eldiariodetucuman.com\\\/web\\\/#website\"},\"primaryImageOfPage\":{\"@id\":\"https:\\\/\\\/www.eldiariodetucuman.com\\\/web\\\/para-evitar-masacres-trump-propone-profesores-armados\\\/#primaryimage\"},\"image\":{\"@id\":\"https:\\\/\\\/www.eldiariodetucuman.com\\\/web\\\/para-evitar-masacres-trump-propone-profesores-armados\\\/#primaryimage\"},\"thumbnailUrl\":\"https:\\\/\\\/www.eldiariodetucuman.com\\\/web\\\/wp-content\\\/uploads\\\/2018\\\/02\\\/e70da0803eeb2f60f971d824e0b2f6ca.jpeg\",\"datePublished\":\"2018-02-23T15:50:30+00:00\",\"breadcrumb\":{\"@id\":\"https:\\\/\\\/www.eldiariodetucuman.com\\\/web\\\/para-evitar-masacres-trump-propone-profesores-armados\\\/#breadcrumb\"},\"inLanguage\":\"es\",\"potentialAction\":[{\"@type\":\"ReadAction\",\"target\":[\"https:\\\/\\\/www.eldiariodetucuman.com\\\/web\\\/para-evitar-masacres-trump-propone-profesores-armados\\\/\"]}]},{\"@type\":\"ImageObject\",\"inLanguage\":\"es\",\"@id\":\"https:\\\/\\\/www.eldiariodetucuman.com\\\/web\\\/para-evitar-masacres-trump-propone-profesores-armados\\\/#primaryimage\",\"url\":\"https:\\\/\\\/www.eldiariodetucuman.com\\\/web\\\/wp-content\\\/uploads\\\/2018\\\/02\\\/e70da0803eeb2f60f971d824e0b2f6ca.jpeg\",\"contentUrl\":\"https:\\\/\\\/www.eldiariodetucuman.com\\\/web\\\/wp-content\\\/uploads\\\/2018\\\/02\\\/e70da0803eeb2f60f971d824e0b2f6ca.jpeg\",\"width\":970,\"height\":546},{\"@type\":\"BreadcrumbList\",\"@id\":\"https:\\\/\\\/www.eldiariodetucuman.com\\\/web\\\/para-evitar-masacres-trump-propone-profesores-armados\\\/#breadcrumb\",\"itemListElement\":[{\"@type\":\"ListItem\",\"position\":1,\"name\":\"Portada\",\"item\":\"https:\\\/\\\/www.eldiariodetucuman.com\\\/web\\\/\"},{\"@type\":\"ListItem\",\"position\":2,\"name\":\"Para evitar masacres, Trump propone profesores armados\"}]},{\"@type\":\"WebSite\",\"@id\":\"https:\\\/\\\/www.eldiariodetucuman.com\\\/web\\\/#website\",\"url\":\"https:\\\/\\\/www.eldiariodetucuman.com\\\/web\\\/\",\"name\":\"El Diario de Tucuman\",\"description\":\"Diario Tucuman - Informaci\u00f3n y noticias\",\"publisher\":{\"@id\":\"https:\\\/\\\/www.eldiariodetucuman.com\\\/web\\\/#organization\"},\"potentialAction\":[{\"@type\":\"SearchAction\",\"target\":{\"@type\":\"EntryPoint\",\"urlTemplate\":\"https:\\\/\\\/www.eldiariodetucuman.com\\\/web\\\/?s={search_term_string}\"},\"query-input\":{\"@type\":\"PropertyValueSpecification\",\"valueRequired\":true,\"valueName\":\"search_term_string\"}}],\"inLanguage\":\"es\"},{\"@type\":\"Organization\",\"@id\":\"https:\\\/\\\/www.eldiariodetucuman.com\\\/web\\\/#organization\",\"name\":\"El Diario de Tucuman\",\"url\":\"https:\\\/\\\/www.eldiariodetucuman.com\\\/web\\\/\",\"logo\":{\"@type\":\"ImageObject\",\"inLanguage\":\"es\",\"@id\":\"https:\\\/\\\/www.eldiariodetucuman.com\\\/web\\\/#\\\/schema\\\/logo\\\/image\\\/\",\"url\":\"http:\\\/\\\/www.eldiariodetucuman.com\\\/web\\\/wp-content\\\/uploads\\\/2017\\\/12\\\/el-diario-de-tucuman.jpg\",\"contentUrl\":\"http:\\\/\\\/www.eldiariodetucuman.com\\\/web\\\/wp-content\\\/uploads\\\/2017\\\/12\\\/el-diario-de-tucuman.jpg\",\"width\":272,\"height\":92,\"caption\":\"El Diario de Tucuman\"},\"image\":{\"@id\":\"https:\\\/\\\/www.eldiariodetucuman.com\\\/web\\\/#\\\/schema\\\/logo\\\/image\\\/\"}},{\"@type\":\"Person\",\"@id\":\"https:\\\/\\\/www.eldiariodetucuman.com\\\/web\\\/#\\\/schema\\\/person\\\/6f95946e54fde848b878ffa4928071d5\",\"name\":\"eldiario detucuman\",\"image\":{\"@type\":\"ImageObject\",\"inLanguage\":\"es\",\"@id\":\"https:\\\/\\\/secure.gravatar.com\\\/avatar\\\/b6e1f89c5c4044c4962c8e6c20b1ca2cc99f549c965908afd4ec5308b3f51bfe?s=96&d=mm&r=g\",\"url\":\"https:\\\/\\\/secure.gravatar.com\\\/avatar\\\/b6e1f89c5c4044c4962c8e6c20b1ca2cc99f549c965908afd4ec5308b3f51bfe?s=96&d=mm&r=g\",\"contentUrl\":\"https:\\\/\\\/secure.gravatar.com\\\/avatar\\\/b6e1f89c5c4044c4962c8e6c20b1ca2cc99f549c965908afd4ec5308b3f51bfe?s=96&d=mm&r=g\",\"caption\":\"eldiario detucuman\"},\"url\":\"https:\\\/\\\/www.eldiariodetucuman.com\\\/web\\\/author\\\/eldiariodetucuman\\\/\"}]}<\/script>\n<!-- \/ Yoast SEO plugin. -->","yoast_head_json":{"title":"Para evitar masacres, Trump propone profesores armados - El Diario de Tucuman","robots":{"index":"index","follow":"follow","max-snippet":"max-snippet:-1","max-image-preview":"max-image-preview:large","max-video-preview":"max-video-preview:-1"},"canonical":"https:\/\/www.eldiariodetucuman.com\/web\/para-evitar-masacres-trump-propone-profesores-armados\/","og_locale":"es_ES","og_type":"article","og_title":"Para evitar masacres, Trump propone profesores armados - El Diario de Tucuman","og_description":"Donald Trump, insinu\u00f3\u00a0este mi\u00e9rcoles\u00a0que profesores o trabajadores de las escuelas del pa\u00eds\u00a0 ser\u00edan entrenados para\u00a0portar armas de manera oculta y as\u00ed responder inmediatamente en caso de tiroteo, adem\u00e1s de sugerir otra serie de medidas, como el aumento de la edad m\u00ednima para adquirir un arma legalmente. El mandatario hizo estas propuestas durante una \u201csesi\u00f3n de [&hellip;]","og_url":"https:\/\/www.eldiariodetucuman.com\/web\/para-evitar-masacres-trump-propone-profesores-armados\/","og_site_name":"El Diario de Tucuman","article_published_time":"2018-02-23T15:50:30+00:00","og_image":[{"width":970,"height":546,"url":"https:\/\/www.eldiariodetucuman.com\/web\/wp-content\/uploads\/2018\/02\/e70da0803eeb2f60f971d824e0b2f6ca.jpeg","type":"image\/jpeg"}],"author":"eldiario detucuman","twitter_card":"summary_large_image","twitter_misc":{"Escrito por":"eldiario detucuman","Tiempo de lectura":"2 minutos"},"schema":{"@context":"https:\/\/schema.org","@graph":[{"@type":"Article","@id":"https:\/\/www.eldiariodetucuman.com\/web\/para-evitar-masacres-trump-propone-profesores-armados\/#article","isPartOf":{"@id":"https:\/\/www.eldiariodetucuman.com\/web\/para-evitar-masacres-trump-propone-profesores-armados\/"},"author":{"name":"eldiario detucuman","@id":"https:\/\/www.eldiariodetucuman.com\/web\/#\/schema\/person\/6f95946e54fde848b878ffa4928071d5"},"headline":"Para evitar masacres, Trump propone profesores armados","datePublished":"2018-02-23T15:50:30+00:00","mainEntityOfPage":{"@id":"https:\/\/www.eldiariodetucuman.com\/web\/para-evitar-masacres-trump-propone-profesores-armados\/"},"wordCount":447,"commentCount":0,"publisher":{"@id":"https:\/\/www.eldiariodetucuman.com\/web\/#organization"},"image":{"@id":"https:\/\/www.eldiariodetucuman.com\/web\/para-evitar-masacres-trump-propone-profesores-armados\/#primaryimage"},"thumbnailUrl":"https:\/\/www.eldiariodetucuman.com\/web\/wp-content\/uploads\/2018\/02\/e70da0803eeb2f60f971d824e0b2f6ca.jpeg","articleSection":["Internacionales"],"inLanguage":"es","potentialAction":[{"@type":"CommentAction","name":"Comment","target":["https:\/\/www.eldiariodetucuman.com\/web\/para-evitar-masacres-trump-propone-profesores-armados\/#respond"]}]},{"@type":"WebPage","@id":"https:\/\/www.eldiariodetucuman.com\/web\/para-evitar-masacres-trump-propone-profesores-armados\/","url":"https:\/\/www.eldiariodetucuman.com\/web\/para-evitar-masacres-trump-propone-profesores-armados\/","name":"Para evitar masacres, Trump propone profesores armados - El Diario de Tucuman","isPartOf":{"@id":"https:\/\/www.eldiariodetucuman.com\/web\/#website"},"primaryImageOfPage":{"@id":"https:\/\/www.eldiariodetucuman.com\/web\/para-evitar-masacres-trump-propone-profesores-armados\/#primaryimage"},"image":{"@id":"https:\/\/www.eldiariodetucuman.com\/web\/para-evitar-masacres-trump-propone-profesores-armados\/#primaryimage"},"thumbnailUrl":"https:\/\/www.eldiariodetucuman.com\/web\/wp-content\/uploads\/2018\/02\/e70da0803eeb2f60f971d824e0b2f6ca.jpeg","datePublished":"2018-02-23T15:50:30+00:00","breadcrumb":{"@id":"https:\/\/www.eldiariodetucuman.com\/web\/para-evitar-masacres-trump-propone-profesores-armados\/#breadcrumb"},"inLanguage":"es","potentialAction":[{"@type":"ReadAction","target":["https:\/\/www.eldiariodetucuman.com\/web\/para-evitar-masacres-trump-propone-profesores-armados\/"]}]},{"@type":"ImageObject","inLanguage":"es","@id":"https:\/\/www.eldiariodetucuman.com\/web\/para-evitar-masacres-trump-propone-profesores-armados\/#primaryimage","url":"https:\/\/www.eldiariodetucuman.com\/web\/wp-content\/uploads\/2018\/02\/e70da0803eeb2f60f971d824e0b2f6ca.jpeg","contentUrl":"https:\/\/www.eldiariodetucuman.com\/web\/wp-content\/uploads\/2018\/02\/e70da0803eeb2f60f971d824e0b2f6ca.jpeg","width":970,"height":546},{"@type":"BreadcrumbList","@id":"https:\/\/www.eldiariodetucuman.com\/web\/para-evitar-masacres-trump-propone-profesores-armados\/#breadcrumb","itemListElement":[{"@type":"ListItem","position":1,"name":"Portada","item":"https:\/\/www.eldiariodetucuman.com\/web\/"},{"@type":"ListItem","position":2,"name":"Para evitar masacres, Trump propone profesores armados"}]},{"@type":"WebSite","@id":"https:\/\/www.eldiariodetucuman.com\/web\/#website","url":"https:\/\/www.eldiariodetucuman.com\/web\/","name":"El Diario de Tucuman","description":"Diario Tucuman - Informaci\u00f3n y noticias","publisher":{"@id":"https:\/\/www.eldiariodetucuman.com\/web\/#organization"},"potentialAction":[{"@type":"SearchAction","target":{"@type":"EntryPoint","urlTemplate":"https:\/\/www.eldiariodetucuman.com\/web\/?s={search_term_string}"},"query-input":{"@type":"PropertyValueSpecification","valueRequired":true,"valueName":"search_term_string"}}],"inLanguage":"es"},{"@type":"Organization","@id":"https:\/\/www.eldiariodetucuman.com\/web\/#organization","name":"El Diario de Tucuman","url":"https:\/\/www.eldiariodetucuman.com\/web\/","logo":{"@type":"ImageObject","inLanguage":"es","@id":"https:\/\/www.eldiariodetucuman.com\/web\/#\/schema\/logo\/image\/","url":"http:\/\/www.eldiariodetucuman.com\/web\/wp-content\/uploads\/2017\/12\/el-diario-de-tucuman.jpg","contentUrl":"http:\/\/www.eldiariodetucuman.com\/web\/wp-content\/uploads\/2017\/12\/el-diario-de-tucuman.jpg","width":272,"height":92,"caption":"El Diario de Tucuman"},"image":{"@id":"https:\/\/www.eldiariodetucuman.com\/web\/#\/schema\/logo\/image\/"}},{"@type":"Person","@id":"https:\/\/www.eldiariodetucuman.com\/web\/#\/schema\/person\/6f95946e54fde848b878ffa4928071d5","name":"eldiario detucuman","image":{"@type":"ImageObject","inLanguage":"es","@id":"https:\/\/secure.gravatar.com\/avatar\/b6e1f89c5c4044c4962c8e6c20b1ca2cc99f549c965908afd4ec5308b3f51bfe?s=96&d=mm&r=g","url":"https:\/\/secure.gravatar.com\/avatar\/b6e1f89c5c4044c4962c8e6c20b1ca2cc99f549c965908afd4ec5308b3f51bfe?s=96&d=mm&r=g","contentUrl":"https:\/\/secure.gravatar.com\/avatar\/b6e1f89c5c4044c4962c8e6c20b1ca2cc99f549c965908afd4ec5308b3f51bfe?s=96&d=mm&r=g","caption":"eldiario detucuman"},"url":"https:\/\/www.eldiariodetucuman.com\/web\/author\/eldiariodetucuman\/"}]}},"_links":{"self":[{"href":"https:\/\/www.eldiariodetucuman.com\/web\/wp-json\/wp\/v2\/posts\/5780","targetHints":{"allow":["GET"]}}],"collection":[{"href":"https:\/\/www.eldiariodetucuman.com\/web\/wp-json\/wp\/v2\/posts"}],"about":[{"href":"https:\/\/www.eldiariodetucuman.com\/web\/wp-json\/wp\/v2\/types\/post"}],"author":[{"embeddable":true,"href":"https:\/\/www.eldiariodetucuman.com\/web\/wp-json\/wp\/v2\/users\/4"}],"replies":[{"embeddable":true,"href":"https:\/\/www.eldiariodetucuman.com\/web\/wp-json\/wp\/v2\/comments?post=5780"}],"version-history":[{"count":0,"href":"https:\/\/www.eldiariodetucuman.com\/web\/wp-json\/wp\/v2\/posts\/5780\/revisions"}],"wp:featuredmedia":[{"embeddable":true,"href":"https:\/\/www.eldiariodetucuman.com\/web\/wp-json\/wp\/v2\/media\/5781"}],"wp:attachment":[{"href":"https:\/\/www.eldiariodetucuman.com\/web\/wp-json\/wp\/v2\/media?parent=5780"}],"wp:term":[{"taxonomy":"category","embeddable":true,"href":"https:\/\/www.eldiariodetucuman.com\/web\/wp-json\/wp\/v2\/categories?post=5780"},{"taxonomy":"post_tag","embeddable":true,"href":"https:\/\/www.eldiariodetucuman.com\/web\/wp-json\/wp\/v2\/tags?post=5780"}],"curies":[{"name":"wp","href":"https:\/\/api.w.org\/{rel}","templated":true}]}}