{"id":5776,"date":"2018-02-23T12:50:14","date_gmt":"2018-02-23T15:50:14","guid":{"rendered":"http:\/\/www.eldiariodetucuman.com\/web\/depravado-entro-por-la-ventana-e-intento-violar-a-una-empleada-en-bikini\/"},"modified":"2018-02-23T12:50:14","modified_gmt":"2018-02-23T15:50:14","slug":"depravado-entro-por-la-ventana-e-intento-violar-a-una-empleada-en-bikini","status":"publish","type":"post","link":"https:\/\/www.eldiariodetucuman.com\/web\/depravado-entro-por-la-ventana-e-intento-violar-a-una-empleada-en-bikini\/","title":{"rendered":"Depravado entr\u00f3 por la ventana e intent\u00f3 violar a una empleada en bikini"},"content":{"rendered":"<div>\n<div itemprop=\"articleBody\" readability=\"50\">\n<div>\n<p><iframe loading=\"lazy\" allow=\"autoplay; encrypted-media\" allowfullscreen=\"\" frameborder=\"0\" height=\"315\" src=\"https:\/\/www.youtube.com\/embed\/EhpKxaJURAc\" width=\"560\"><\/iframe><span class=\"item first\"><\/span><span class=\"item second\"><\/span><span class=\"item third\"><\/span><\/p>\n<\/div>\n<p>Una c\u00e1mara de vigilancia de\u00a0una cafeter\u00eda de Kent,\u00a0mostr\u00f3 como\u00a0<strong>Michael Reynolds<\/strong>, de 33 a\u00f1os, se acerc\u00f3 a la ventana del bar y pidi\u00f3 un caf\u00e9. El hombre\u00a0aprovech\u00f3 que era de madrugada y no hab\u00eda nadie alrededor, para entrar por la ventana y amenazar a\u00a0<strong>Madeline Guinto<\/strong>, la barista de 30 a\u00f1os, con un cuchillo.<br \/>\u00a0<\/p>\n<div readability=\"23\">\n<div>\n<figure class=\"image\"><img decoding=\"async\" alt=\"\" data-height=\"557\" data-size=\"w:599,h:557\" data-width=\"599\" hspace=\"5\" src=\"https:\/\/www.cronica.com.ar\/export\/sites\/cronica\/img\/2018\/02\/22\/victimaaaa.jpg_1026732951.jpg\" title=\"\" vspace=\"5\"><figcaption>Melanie\u00a0Giunto, la barista\u00a0que sufri\u00f3 la agresi\u00f3n<\/figcaption><\/figure>\n<\/div>\n<p>Posteriormente, la llev\u00f3 a un callej\u00f3n oscuro cercano para intentar violarla. En ese momento, pas\u00f3 un autom\u00f3vil, el agresor se asust\u00f3 y se escap\u00f3 corriendo.<\/p>\n<p>La detective que trabaja en el caso, <strong>Melanie Robinson<\/strong>, expres\u00f3 que se trata de<em> \u00abun cobarde que se aprovecha de mujeres que trabajan en ese tipo de situaciones\u00bb.<\/em><\/p>\n<p>Al d\u00eda siguiente de hacer p\u00fablica la grabaci\u00f3n, la Polic\u00eda arrest\u00f3 al delincuente que ten\u00eda un extenso historial criminal, incluida una condena de 10 a\u00f1os por robo, de la cual hab\u00eda sido liberado en septiembre pasado.<\/p>\n<\/div>\n<\/div>\n<\/div>\n","protected":false},"excerpt":{"rendered":"<p>Una c\u00e1mara de vigilancia de\u00a0una cafeter\u00eda de Kent,\u00a0mostr\u00f3 como\u00a0Michael Reynolds, de 33 a\u00f1os, se acerc\u00f3 a la ventana del bar y pidi\u00f3 un caf\u00e9. El hombre\u00a0aprovech\u00f3 que era de madrugada y no hab\u00eda nadie alrededor, para entrar por la ventana y amenazar a\u00a0Madeline Guinto, la barista de 30 a\u00f1os, con un cuchillo.\u00a0 Melanie\u00a0Giunto, la barista\u00a0que [&hellip;]<\/p>\n","protected":false},"author":4,"featured_media":5777,"comment_status":"open","ping_status":"closed","sticky":false,"template":"","format":"standard","meta":{"footnotes":""},"categories":[194],"tags":[],"class_list":{"0":"post-5776","1":"post","2":"type-post","3":"status-publish","4":"format-standard","5":"has-post-thumbnail","7":"category-internacionales"},"yoast_head":"<!-- This site is optimized with the Yoast SEO plugin v27.5 - https:\/\/yoast.com\/product\/yoast-seo-wordpress\/ -->\n<title>Depravado entr\u00f3 por la ventana e intent\u00f3 violar a una empleada en bikini - El Diario de Tucuman<\/title>\n<meta name=\"robots\" content=\"index, follow, max-snippet:-1, max-image-preview:large, max-video-preview:-1\" \/>\n<link rel=\"canonical\" href=\"https:\/\/www.eldiariodetucuman.com\/web\/depravado-entro-por-la-ventana-e-intento-violar-a-una-empleada-en-bikini\/\" \/>\n<meta property=\"og:locale\" content=\"es_ES\" \/>\n<meta property=\"og:type\" content=\"article\" \/>\n<meta property=\"og:title\" content=\"Depravado entr\u00f3 por la ventana e intent\u00f3 violar a una empleada en bikini - El Diario de Tucuman\" \/>\n<meta property=\"og:description\" content=\"Una c\u00e1mara de vigilancia de\u00a0una cafeter\u00eda de Kent,\u00a0mostr\u00f3 como\u00a0Michael Reynolds, de 33 a\u00f1os, se acerc\u00f3 a la ventana del bar y pidi\u00f3 un caf\u00e9. El hombre\u00a0aprovech\u00f3 que era de madrugada y no hab\u00eda nadie alrededor, para entrar por la ventana y amenazar a\u00a0Madeline Guinto, la barista de 30 a\u00f1os, con un cuchillo.\u00a0 Melanie\u00a0Giunto, la barista\u00a0que [&hellip;]\" \/>\n<meta property=\"og:url\" content=\"https:\/\/www.eldiariodetucuman.com\/web\/depravado-entro-por-la-ventana-e-intento-violar-a-una-empleada-en-bikini\/\" \/>\n<meta property=\"og:site_name\" content=\"El Diario de Tucuman\" \/>\n<meta property=\"article:published_time\" content=\"2018-02-23T15:50:14+00:00\" \/>\n<meta property=\"og:image\" content=\"https:\/\/www.eldiariodetucuman.com\/web\/wp-content\/uploads\/2018\/02\/abc78080c05d2808a21f09536660f748.jpeg\" \/>\n\t<meta property=\"og:image:width\" content=\"970\" \/>\n\t<meta property=\"og:image:height\" content=\"546\" \/>\n\t<meta property=\"og:image:type\" content=\"image\/jpeg\" \/>\n<meta name=\"author\" content=\"eldiario detucuman\" \/>\n<meta name=\"twitter:card\" content=\"summary_large_image\" \/>\n<meta name=\"twitter:label1\" content=\"Escrito por\" \/>\n\t<meta name=\"twitter:data1\" content=\"eldiario detucuman\" \/>\n\t<meta name=\"twitter:label2\" content=\"Tiempo de lectura\" \/>\n\t<meta name=\"twitter:data2\" content=\"1 minuto\" \/>\n<script type=\"application\/ld+json\" class=\"yoast-schema-graph\">{\"@context\":\"https:\\\/\\\/schema.org\",\"@graph\":[{\"@type\":\"Article\",\"@id\":\"https:\\\/\\\/www.eldiariodetucuman.com\\\/web\\\/depravado-entro-por-la-ventana-e-intento-violar-a-una-empleada-en-bikini\\\/#article\",\"isPartOf\":{\"@id\":\"https:\\\/\\\/www.eldiariodetucuman.com\\\/web\\\/depravado-entro-por-la-ventana-e-intento-violar-a-una-empleada-en-bikini\\\/\"},\"author\":{\"name\":\"eldiario detucuman\",\"@id\":\"https:\\\/\\\/www.eldiariodetucuman.com\\\/web\\\/#\\\/schema\\\/person\\\/6f95946e54fde848b878ffa4928071d5\"},\"headline\":\"Depravado entr\u00f3 por la ventana e intent\u00f3 violar a una empleada en bikini\",\"datePublished\":\"2018-02-23T15:50:14+00:00\",\"mainEntityOfPage\":{\"@id\":\"https:\\\/\\\/www.eldiariodetucuman.com\\\/web\\\/depravado-entro-por-la-ventana-e-intento-violar-a-una-empleada-en-bikini\\\/\"},\"wordCount\":179,\"commentCount\":0,\"publisher\":{\"@id\":\"https:\\\/\\\/www.eldiariodetucuman.com\\\/web\\\/#organization\"},\"image\":{\"@id\":\"https:\\\/\\\/www.eldiariodetucuman.com\\\/web\\\/depravado-entro-por-la-ventana-e-intento-violar-a-una-empleada-en-bikini\\\/#primaryimage\"},\"thumbnailUrl\":\"https:\\\/\\\/www.eldiariodetucuman.com\\\/web\\\/wp-content\\\/uploads\\\/2018\\\/02\\\/abc78080c05d2808a21f09536660f748.jpeg\",\"articleSection\":[\"Internacionales\"],\"inLanguage\":\"es\",\"potentialAction\":[{\"@type\":\"CommentAction\",\"name\":\"Comment\",\"target\":[\"https:\\\/\\\/www.eldiariodetucuman.com\\\/web\\\/depravado-entro-por-la-ventana-e-intento-violar-a-una-empleada-en-bikini\\\/#respond\"]}]},{\"@type\":\"WebPage\",\"@id\":\"https:\\\/\\\/www.eldiariodetucuman.com\\\/web\\\/depravado-entro-por-la-ventana-e-intento-violar-a-una-empleada-en-bikini\\\/\",\"url\":\"https:\\\/\\\/www.eldiariodetucuman.com\\\/web\\\/depravado-entro-por-la-ventana-e-intento-violar-a-una-empleada-en-bikini\\\/\",\"name\":\"Depravado entr\u00f3 por la ventana e intent\u00f3 violar a una empleada en bikini - El Diario de Tucuman\",\"isPartOf\":{\"@id\":\"https:\\\/\\\/www.eldiariodetucuman.com\\\/web\\\/#website\"},\"primaryImageOfPage\":{\"@id\":\"https:\\\/\\\/www.eldiariodetucuman.com\\\/web\\\/depravado-entro-por-la-ventana-e-intento-violar-a-una-empleada-en-bikini\\\/#primaryimage\"},\"image\":{\"@id\":\"https:\\\/\\\/www.eldiariodetucuman.com\\\/web\\\/depravado-entro-por-la-ventana-e-intento-violar-a-una-empleada-en-bikini\\\/#primaryimage\"},\"thumbnailUrl\":\"https:\\\/\\\/www.eldiariodetucuman.com\\\/web\\\/wp-content\\\/uploads\\\/2018\\\/02\\\/abc78080c05d2808a21f09536660f748.jpeg\",\"datePublished\":\"2018-02-23T15:50:14+00:00\",\"breadcrumb\":{\"@id\":\"https:\\\/\\\/www.eldiariodetucuman.com\\\/web\\\/depravado-entro-por-la-ventana-e-intento-violar-a-una-empleada-en-bikini\\\/#breadcrumb\"},\"inLanguage\":\"es\",\"potentialAction\":[{\"@type\":\"ReadAction\",\"target\":[\"https:\\\/\\\/www.eldiariodetucuman.com\\\/web\\\/depravado-entro-por-la-ventana-e-intento-violar-a-una-empleada-en-bikini\\\/\"]}]},{\"@type\":\"ImageObject\",\"inLanguage\":\"es\",\"@id\":\"https:\\\/\\\/www.eldiariodetucuman.com\\\/web\\\/depravado-entro-por-la-ventana-e-intento-violar-a-una-empleada-en-bikini\\\/#primaryimage\",\"url\":\"https:\\\/\\\/www.eldiariodetucuman.com\\\/web\\\/wp-content\\\/uploads\\\/2018\\\/02\\\/abc78080c05d2808a21f09536660f748.jpeg\",\"contentUrl\":\"https:\\\/\\\/www.eldiariodetucuman.com\\\/web\\\/wp-content\\\/uploads\\\/2018\\\/02\\\/abc78080c05d2808a21f09536660f748.jpeg\",\"width\":970,\"height\":546},{\"@type\":\"BreadcrumbList\",\"@id\":\"https:\\\/\\\/www.eldiariodetucuman.com\\\/web\\\/depravado-entro-por-la-ventana-e-intento-violar-a-una-empleada-en-bikini\\\/#breadcrumb\",\"itemListElement\":[{\"@type\":\"ListItem\",\"position\":1,\"name\":\"Portada\",\"item\":\"https:\\\/\\\/www.eldiariodetucuman.com\\\/web\\\/\"},{\"@type\":\"ListItem\",\"position\":2,\"name\":\"Depravado entr\u00f3 por la ventana e intent\u00f3 violar a una empleada en bikini\"}]},{\"@type\":\"WebSite\",\"@id\":\"https:\\\/\\\/www.eldiariodetucuman.com\\\/web\\\/#website\",\"url\":\"https:\\\/\\\/www.eldiariodetucuman.com\\\/web\\\/\",\"name\":\"El Diario de Tucuman\",\"description\":\"Diario Tucuman - Informaci\u00f3n y noticias\",\"publisher\":{\"@id\":\"https:\\\/\\\/www.eldiariodetucuman.com\\\/web\\\/#organization\"},\"potentialAction\":[{\"@type\":\"SearchAction\",\"target\":{\"@type\":\"EntryPoint\",\"urlTemplate\":\"https:\\\/\\\/www.eldiariodetucuman.com\\\/web\\\/?s={search_term_string}\"},\"query-input\":{\"@type\":\"PropertyValueSpecification\",\"valueRequired\":true,\"valueName\":\"search_term_string\"}}],\"inLanguage\":\"es\"},{\"@type\":\"Organization\",\"@id\":\"https:\\\/\\\/www.eldiariodetucuman.com\\\/web\\\/#organization\",\"name\":\"El Diario de Tucuman\",\"url\":\"https:\\\/\\\/www.eldiariodetucuman.com\\\/web\\\/\",\"logo\":{\"@type\":\"ImageObject\",\"inLanguage\":\"es\",\"@id\":\"https:\\\/\\\/www.eldiariodetucuman.com\\\/web\\\/#\\\/schema\\\/logo\\\/image\\\/\",\"url\":\"http:\\\/\\\/www.eldiariodetucuman.com\\\/web\\\/wp-content\\\/uploads\\\/2017\\\/12\\\/el-diario-de-tucuman.jpg\",\"contentUrl\":\"http:\\\/\\\/www.eldiariodetucuman.com\\\/web\\\/wp-content\\\/uploads\\\/2017\\\/12\\\/el-diario-de-tucuman.jpg\",\"width\":272,\"height\":92,\"caption\":\"El Diario de Tucuman\"},\"image\":{\"@id\":\"https:\\\/\\\/www.eldiariodetucuman.com\\\/web\\\/#\\\/schema\\\/logo\\\/image\\\/\"}},{\"@type\":\"Person\",\"@id\":\"https:\\\/\\\/www.eldiariodetucuman.com\\\/web\\\/#\\\/schema\\\/person\\\/6f95946e54fde848b878ffa4928071d5\",\"name\":\"eldiario detucuman\",\"image\":{\"@type\":\"ImageObject\",\"inLanguage\":\"es\",\"@id\":\"https:\\\/\\\/secure.gravatar.com\\\/avatar\\\/b6e1f89c5c4044c4962c8e6c20b1ca2cc99f549c965908afd4ec5308b3f51bfe?s=96&d=mm&r=g\",\"url\":\"https:\\\/\\\/secure.gravatar.com\\\/avatar\\\/b6e1f89c5c4044c4962c8e6c20b1ca2cc99f549c965908afd4ec5308b3f51bfe?s=96&d=mm&r=g\",\"contentUrl\":\"https:\\\/\\\/secure.gravatar.com\\\/avatar\\\/b6e1f89c5c4044c4962c8e6c20b1ca2cc99f549c965908afd4ec5308b3f51bfe?s=96&d=mm&r=g\",\"caption\":\"eldiario detucuman\"},\"url\":\"https:\\\/\\\/www.eldiariodetucuman.com\\\/web\\\/author\\\/eldiariodetucuman\\\/\"}]}<\/script>\n<!-- \/ Yoast SEO plugin. -->","yoast_head_json":{"title":"Depravado entr\u00f3 por la ventana e intent\u00f3 violar a una empleada en bikini - El Diario de Tucuman","robots":{"index":"index","follow":"follow","max-snippet":"max-snippet:-1","max-image-preview":"max-image-preview:large","max-video-preview":"max-video-preview:-1"},"canonical":"https:\/\/www.eldiariodetucuman.com\/web\/depravado-entro-por-la-ventana-e-intento-violar-a-una-empleada-en-bikini\/","og_locale":"es_ES","og_type":"article","og_title":"Depravado entr\u00f3 por la ventana e intent\u00f3 violar a una empleada en bikini - El Diario de Tucuman","og_description":"Una c\u00e1mara de vigilancia de\u00a0una cafeter\u00eda de Kent,\u00a0mostr\u00f3 como\u00a0Michael Reynolds, de 33 a\u00f1os, se acerc\u00f3 a la ventana del bar y pidi\u00f3 un caf\u00e9. El hombre\u00a0aprovech\u00f3 que era de madrugada y no hab\u00eda nadie alrededor, para entrar por la ventana y amenazar a\u00a0Madeline Guinto, la barista de 30 a\u00f1os, con un cuchillo.\u00a0 Melanie\u00a0Giunto, la barista\u00a0que [&hellip;]","og_url":"https:\/\/www.eldiariodetucuman.com\/web\/depravado-entro-por-la-ventana-e-intento-violar-a-una-empleada-en-bikini\/","og_site_name":"El Diario de Tucuman","article_published_time":"2018-02-23T15:50:14+00:00","og_image":[{"width":970,"height":546,"url":"https:\/\/www.eldiariodetucuman.com\/web\/wp-content\/uploads\/2018\/02\/abc78080c05d2808a21f09536660f748.jpeg","type":"image\/jpeg"}],"author":"eldiario detucuman","twitter_card":"summary_large_image","twitter_misc":{"Escrito por":"eldiario detucuman","Tiempo de lectura":"1 minuto"},"schema":{"@context":"https:\/\/schema.org","@graph":[{"@type":"Article","@id":"https:\/\/www.eldiariodetucuman.com\/web\/depravado-entro-por-la-ventana-e-intento-violar-a-una-empleada-en-bikini\/#article","isPartOf":{"@id":"https:\/\/www.eldiariodetucuman.com\/web\/depravado-entro-por-la-ventana-e-intento-violar-a-una-empleada-en-bikini\/"},"author":{"name":"eldiario detucuman","@id":"https:\/\/www.eldiariodetucuman.com\/web\/#\/schema\/person\/6f95946e54fde848b878ffa4928071d5"},"headline":"Depravado entr\u00f3 por la ventana e intent\u00f3 violar a una empleada en bikini","datePublished":"2018-02-23T15:50:14+00:00","mainEntityOfPage":{"@id":"https:\/\/www.eldiariodetucuman.com\/web\/depravado-entro-por-la-ventana-e-intento-violar-a-una-empleada-en-bikini\/"},"wordCount":179,"commentCount":0,"publisher":{"@id":"https:\/\/www.eldiariodetucuman.com\/web\/#organization"},"image":{"@id":"https:\/\/www.eldiariodetucuman.com\/web\/depravado-entro-por-la-ventana-e-intento-violar-a-una-empleada-en-bikini\/#primaryimage"},"thumbnailUrl":"https:\/\/www.eldiariodetucuman.com\/web\/wp-content\/uploads\/2018\/02\/abc78080c05d2808a21f09536660f748.jpeg","articleSection":["Internacionales"],"inLanguage":"es","potentialAction":[{"@type":"CommentAction","name":"Comment","target":["https:\/\/www.eldiariodetucuman.com\/web\/depravado-entro-por-la-ventana-e-intento-violar-a-una-empleada-en-bikini\/#respond"]}]},{"@type":"WebPage","@id":"https:\/\/www.eldiariodetucuman.com\/web\/depravado-entro-por-la-ventana-e-intento-violar-a-una-empleada-en-bikini\/","url":"https:\/\/www.eldiariodetucuman.com\/web\/depravado-entro-por-la-ventana-e-intento-violar-a-una-empleada-en-bikini\/","name":"Depravado entr\u00f3 por la ventana e intent\u00f3 violar a una empleada en bikini - El Diario de Tucuman","isPartOf":{"@id":"https:\/\/www.eldiariodetucuman.com\/web\/#website"},"primaryImageOfPage":{"@id":"https:\/\/www.eldiariodetucuman.com\/web\/depravado-entro-por-la-ventana-e-intento-violar-a-una-empleada-en-bikini\/#primaryimage"},"image":{"@id":"https:\/\/www.eldiariodetucuman.com\/web\/depravado-entro-por-la-ventana-e-intento-violar-a-una-empleada-en-bikini\/#primaryimage"},"thumbnailUrl":"https:\/\/www.eldiariodetucuman.com\/web\/wp-content\/uploads\/2018\/02\/abc78080c05d2808a21f09536660f748.jpeg","datePublished":"2018-02-23T15:50:14+00:00","breadcrumb":{"@id":"https:\/\/www.eldiariodetucuman.com\/web\/depravado-entro-por-la-ventana-e-intento-violar-a-una-empleada-en-bikini\/#breadcrumb"},"inLanguage":"es","potentialAction":[{"@type":"ReadAction","target":["https:\/\/www.eldiariodetucuman.com\/web\/depravado-entro-por-la-ventana-e-intento-violar-a-una-empleada-en-bikini\/"]}]},{"@type":"ImageObject","inLanguage":"es","@id":"https:\/\/www.eldiariodetucuman.com\/web\/depravado-entro-por-la-ventana-e-intento-violar-a-una-empleada-en-bikini\/#primaryimage","url":"https:\/\/www.eldiariodetucuman.com\/web\/wp-content\/uploads\/2018\/02\/abc78080c05d2808a21f09536660f748.jpeg","contentUrl":"https:\/\/www.eldiariodetucuman.com\/web\/wp-content\/uploads\/2018\/02\/abc78080c05d2808a21f09536660f748.jpeg","width":970,"height":546},{"@type":"BreadcrumbList","@id":"https:\/\/www.eldiariodetucuman.com\/web\/depravado-entro-por-la-ventana-e-intento-violar-a-una-empleada-en-bikini\/#breadcrumb","itemListElement":[{"@type":"ListItem","position":1,"name":"Portada","item":"https:\/\/www.eldiariodetucuman.com\/web\/"},{"@type":"ListItem","position":2,"name":"Depravado entr\u00f3 por la ventana e intent\u00f3 violar a una empleada en bikini"}]},{"@type":"WebSite","@id":"https:\/\/www.eldiariodetucuman.com\/web\/#website","url":"https:\/\/www.eldiariodetucuman.com\/web\/","name":"El Diario de Tucuman","description":"Diario Tucuman - Informaci\u00f3n y noticias","publisher":{"@id":"https:\/\/www.eldiariodetucuman.com\/web\/#organization"},"potentialAction":[{"@type":"SearchAction","target":{"@type":"EntryPoint","urlTemplate":"https:\/\/www.eldiariodetucuman.com\/web\/?s={search_term_string}"},"query-input":{"@type":"PropertyValueSpecification","valueRequired":true,"valueName":"search_term_string"}}],"inLanguage":"es"},{"@type":"Organization","@id":"https:\/\/www.eldiariodetucuman.com\/web\/#organization","name":"El Diario de Tucuman","url":"https:\/\/www.eldiariodetucuman.com\/web\/","logo":{"@type":"ImageObject","inLanguage":"es","@id":"https:\/\/www.eldiariodetucuman.com\/web\/#\/schema\/logo\/image\/","url":"http:\/\/www.eldiariodetucuman.com\/web\/wp-content\/uploads\/2017\/12\/el-diario-de-tucuman.jpg","contentUrl":"http:\/\/www.eldiariodetucuman.com\/web\/wp-content\/uploads\/2017\/12\/el-diario-de-tucuman.jpg","width":272,"height":92,"caption":"El Diario de Tucuman"},"image":{"@id":"https:\/\/www.eldiariodetucuman.com\/web\/#\/schema\/logo\/image\/"}},{"@type":"Person","@id":"https:\/\/www.eldiariodetucuman.com\/web\/#\/schema\/person\/6f95946e54fde848b878ffa4928071d5","name":"eldiario detucuman","image":{"@type":"ImageObject","inLanguage":"es","@id":"https:\/\/secure.gravatar.com\/avatar\/b6e1f89c5c4044c4962c8e6c20b1ca2cc99f549c965908afd4ec5308b3f51bfe?s=96&d=mm&r=g","url":"https:\/\/secure.gravatar.com\/avatar\/b6e1f89c5c4044c4962c8e6c20b1ca2cc99f549c965908afd4ec5308b3f51bfe?s=96&d=mm&r=g","contentUrl":"https:\/\/secure.gravatar.com\/avatar\/b6e1f89c5c4044c4962c8e6c20b1ca2cc99f549c965908afd4ec5308b3f51bfe?s=96&d=mm&r=g","caption":"eldiario detucuman"},"url":"https:\/\/www.eldiariodetucuman.com\/web\/author\/eldiariodetucuman\/"}]}},"_links":{"self":[{"href":"https:\/\/www.eldiariodetucuman.com\/web\/wp-json\/wp\/v2\/posts\/5776","targetHints":{"allow":["GET"]}}],"collection":[{"href":"https:\/\/www.eldiariodetucuman.com\/web\/wp-json\/wp\/v2\/posts"}],"about":[{"href":"https:\/\/www.eldiariodetucuman.com\/web\/wp-json\/wp\/v2\/types\/post"}],"author":[{"embeddable":true,"href":"https:\/\/www.eldiariodetucuman.com\/web\/wp-json\/wp\/v2\/users\/4"}],"replies":[{"embeddable":true,"href":"https:\/\/www.eldiariodetucuman.com\/web\/wp-json\/wp\/v2\/comments?post=5776"}],"version-history":[{"count":0,"href":"https:\/\/www.eldiariodetucuman.com\/web\/wp-json\/wp\/v2\/posts\/5776\/revisions"}],"wp:featuredmedia":[{"embeddable":true,"href":"https:\/\/www.eldiariodetucuman.com\/web\/wp-json\/wp\/v2\/media\/5777"}],"wp:attachment":[{"href":"https:\/\/www.eldiariodetucuman.com\/web\/wp-json\/wp\/v2\/media?parent=5776"}],"wp:term":[{"taxonomy":"category","embeddable":true,"href":"https:\/\/www.eldiariodetucuman.com\/web\/wp-json\/wp\/v2\/categories?post=5776"},{"taxonomy":"post_tag","embeddable":true,"href":"https:\/\/www.eldiariodetucuman.com\/web\/wp-json\/wp\/v2\/tags?post=5776"}],"curies":[{"name":"wp","href":"https:\/\/api.w.org\/{rel}","templated":true}]}}