{"id":5773,"date":"2018-02-23T12:37:31","date_gmt":"2018-02-23T15:37:31","guid":{"rendered":"http:\/\/www.eldiariodetucuman.com\/web\/la-persecucion-contra-los-jueces-no-se-termino\/"},"modified":"2018-02-23T12:37:33","modified_gmt":"2018-02-23T15:37:33","slug":"la-persecucion-contra-los-jueces-no-se-termino","status":"publish","type":"post","link":"https:\/\/www.eldiariodetucuman.com\/web\/la-persecucion-contra-los-jueces-no-se-termino\/","title":{"rendered":"\u201cLa persecuci\u00f3n contra los jueces no se termin\u00f3\u201d"},"content":{"rendered":"<div>\n<div readability=\"62.94976635514\">\n<p>En medio de la <a href=\"https:\/\/www.elintransigente.com\/politica\/2018\/2\/20\/oscar-parrilli-sobre-las-nuevas-escuchas-es-una-maniobra-orquestada-por-macri-479387.html\">pol\u00e9mica filtraci\u00f3n de las escuchas<\/a> que tienen como protagonistas al ex titular de la Agencia Federal de Investigaciones (AFI) Oscar Parrilli y a la ex presidenta argentina Cristina Fern\u00e1ndez de Kirchner, el juez federal <a href=\"https:\/\/www.elintransigente.com\/noticias\/buscar\/?buscar=Rodolfo+Canicoba+Corral\">Rodolfo Canicoba Corral<\/a>, que es el encargado de llevar adelante la investigaci\u00f3n por la difusi\u00f3n de los audios, asegur\u00f3 que se trata de una investigaci\u00f3n \u201cmuy dif\u00edcil\u201d.\u00a0<\/p>\n<p>Asimismo,\u00a0habl\u00f3 sobre la supuesta \u00abpresi\u00f3n\u00bb que realiza el oficialismo a los magistrados:\u00a0\u00abLa <strong>persecuci\u00f3n contra los jueces no se termin\u00f3 <\/strong>pero aparentemente parece haber habido una postergaci\u00f3n\u00bb, manifest\u00f3.\u00a0<\/p>\n<p>\u201c<strong>Se est\u00e1 investigando la filtraci\u00f3n, pueden venir del juzgado de Ariel Lijo o del de Mar\u00eda Servini de Cubr\u00eda<\/strong>, aunque es muy dif\u00edcil determinar de d\u00f3nde salieron. Las escuchas a Cristina Kirchner y Oscar Parrilli <strong>fueron obtenidas sin el consentimiento<\/strong> de los part\u00edcipes\u201d, indic\u00f3.\u00a0<\/p>\n<p>Y, en una entrevista concedida a Radio La Patriada, agreg\u00f3: \u201cEstamos investigando pero es muy dif\u00edcil. Todav\u00eda no tenemos la calificaci\u00f3n del delito porque <strong>no sabemos el modus operandi<\/strong>\u201d.\u00a0<\/p>\n<p>Por otro lado, tambi\u00e9n se refiri\u00f3 a los problemas con la Justicia que podr\u00eda tener el periodista Luis <strong>Majul<\/strong>, que fue quien difundi\u00f3 las escuchas y explic\u00f3 que podr\u00eda ser se\u00f1alado como \u201c<strong>participe necesario del posible delito<\/strong>\u201d.\u00a0<\/p>\n<p>\u201cLuis Majul podr\u00eda haber incurrido en un delito por la filtraci\u00f3n de las escuchas, pero depende de la modalidad. Si encontr\u00f3 la cinta de grabaciones tiradas en la calle no cometi\u00f3 un delito, si las compr\u00f3 o se las dio un funcionario p\u00fablico ya es otra cosa\u201d, indic\u00f3 el juez.<\/p>\n<p>Al mismo tiempo que afirm\u00f3: \u201cMe parece que la difusi\u00f3n de las escuchas <strong>responden a un inter\u00e9s econ\u00f3mico-period\u00edstico<\/strong>, e indudablemente produce un gran impacto pol\u00edtico\u201d.\u00a0En tanto, el legista tambi\u00e9n opin\u00f3 sobre las <a href=\"https:\/\/www.elintransigente.com\/noticias\/buscar\/?buscar=prisiones+preventivas\">prisiones preventivas<\/a> que recaen sobre varios funcionarios kirchneristas y que desde la oposici\u00f3n tildan de \u201cpresos pol\u00edticos\u201d.\u00a0<\/p>\n<p><strong>\u201cPareciera muy casual las prisiones preventivas contra ex dirigentes<\/strong>. Quiero pensar que es una actividad normal y que las detenciones son porque las causas llegan a determinado grado\u201d, afirm\u00f3.\u00a0<\/p>\n<p>Asimismo, asegur\u00f3 que no participa de \u201cideas conspirativas\u201d, al referirse a las denuncias que realizan muchos de los acusados. \u201cLa preventiva es un castigo anticipado, a veces puede caer sobre un inocente. Sin embargo, <strong>no participo de las ideas conspirativas respecto a las prisiones preventivas<\/strong> dictadas por jueces contra ex funcionarios\u201d, asever\u00f3.\u00a0<\/p>\n<\/div>\n<\/div>\n<p>Fuente: https:\/\/www.elintransigente.com\/politica\/2018\/2\/23\/la-persecucion-contra-los-jueces-no-se-termino-479780.html<\/p>\n","protected":false},"excerpt":{"rendered":"<p>En medio de la pol\u00e9mica filtraci\u00f3n de las escuchas que tienen como protagonistas al ex titular de la Agencia Federal de Investigaciones (AFI) Oscar Parrilli y a la ex presidenta argentina Cristina Fern\u00e1ndez de Kirchner, el juez federal Rodolfo Canicoba Corral, que es el encargado de llevar adelante la investigaci\u00f3n por la difusi\u00f3n de los [&hellip;]<\/p>\n","protected":false},"author":1,"featured_media":5774,"comment_status":"open","ping_status":"closed","sticky":false,"template":"","format":"standard","meta":{"footnotes":""},"categories":[1],"tags":[],"class_list":{"0":"post-5773","1":"post","2":"type-post","3":"status-publish","4":"format-standard","5":"has-post-thumbnail","7":"category-portada"},"yoast_head":"<!-- This site is optimized with the Yoast SEO plugin v27.5 - https:\/\/yoast.com\/product\/yoast-seo-wordpress\/ -->\n<title>\u201cLa persecuci\u00f3n contra los jueces no se termin\u00f3\u201d - El Diario de Tucuman<\/title>\n<meta name=\"robots\" content=\"index, follow, max-snippet:-1, max-image-preview:large, max-video-preview:-1\" \/>\n<link rel=\"canonical\" href=\"https:\/\/www.eldiariodetucuman.com\/web\/la-persecucion-contra-los-jueces-no-se-termino\/\" \/>\n<meta property=\"og:locale\" content=\"es_ES\" \/>\n<meta property=\"og:type\" content=\"article\" \/>\n<meta property=\"og:title\" content=\"\u201cLa persecuci\u00f3n contra los jueces no se termin\u00f3\u201d - El Diario de Tucuman\" \/>\n<meta property=\"og:description\" content=\"En medio de la pol\u00e9mica filtraci\u00f3n de las escuchas que tienen como protagonistas al ex titular de la Agencia Federal de Investigaciones (AFI) Oscar Parrilli y a la ex presidenta argentina Cristina Fern\u00e1ndez de Kirchner, el juez federal Rodolfo Canicoba Corral, que es el encargado de llevar adelante la investigaci\u00f3n por la difusi\u00f3n de los [&hellip;]\" \/>\n<meta property=\"og:url\" content=\"https:\/\/www.eldiariodetucuman.com\/web\/la-persecucion-contra-los-jueces-no-se-termino\/\" \/>\n<meta property=\"og:site_name\" content=\"El Diario de Tucuman\" \/>\n<meta property=\"article:published_time\" content=\"2018-02-23T15:37:31+00:00\" \/>\n<meta property=\"article:modified_time\" content=\"2018-02-23T15:37:33+00:00\" \/>\n<meta property=\"og:image\" content=\"https:\/\/www.eldiariodetucuman.com\/web\/wp-content\/uploads\/2018\/02\/ba83609763cf6d390ca7b31037e9d506.jpeg\" \/>\n\t<meta property=\"og:image:width\" content=\"960\" \/>\n\t<meta property=\"og:image:height\" content=\"540\" \/>\n\t<meta property=\"og:image:type\" content=\"image\/jpeg\" \/>\n<meta name=\"author\" content=\"admin\" \/>\n<meta name=\"twitter:card\" content=\"summary_large_image\" \/>\n<meta name=\"twitter:label1\" content=\"Escrito por\" \/>\n\t<meta name=\"twitter:data1\" content=\"admin\" \/>\n\t<meta name=\"twitter:label2\" content=\"Tiempo de lectura\" \/>\n\t<meta name=\"twitter:data2\" content=\"2 minutos\" \/>\n<script type=\"application\/ld+json\" class=\"yoast-schema-graph\">{\"@context\":\"https:\\\/\\\/schema.org\",\"@graph\":[{\"@type\":\"Article\",\"@id\":\"https:\\\/\\\/www.eldiariodetucuman.com\\\/web\\\/la-persecucion-contra-los-jueces-no-se-termino\\\/#article\",\"isPartOf\":{\"@id\":\"https:\\\/\\\/www.eldiariodetucuman.com\\\/web\\\/la-persecucion-contra-los-jueces-no-se-termino\\\/\"},\"author\":{\"name\":\"admin\",\"@id\":\"https:\\\/\\\/www.eldiariodetucuman.com\\\/web\\\/#\\\/schema\\\/person\\\/9250197d75ab5483412e19678b121caa\"},\"headline\":\"\u201cLa persecuci\u00f3n contra los jueces no se termin\u00f3\u201d\",\"datePublished\":\"2018-02-23T15:37:31+00:00\",\"dateModified\":\"2018-02-23T15:37:33+00:00\",\"mainEntityOfPage\":{\"@id\":\"https:\\\/\\\/www.eldiariodetucuman.com\\\/web\\\/la-persecucion-contra-los-jueces-no-se-termino\\\/\"},\"wordCount\":436,\"commentCount\":0,\"publisher\":{\"@id\":\"https:\\\/\\\/www.eldiariodetucuman.com\\\/web\\\/#organization\"},\"image\":{\"@id\":\"https:\\\/\\\/www.eldiariodetucuman.com\\\/web\\\/la-persecucion-contra-los-jueces-no-se-termino\\\/#primaryimage\"},\"thumbnailUrl\":\"https:\\\/\\\/www.eldiariodetucuman.com\\\/web\\\/wp-content\\\/uploads\\\/2018\\\/02\\\/ba83609763cf6d390ca7b31037e9d506.jpeg\",\"articleSection\":[\"Portada\"],\"inLanguage\":\"es\",\"potentialAction\":[{\"@type\":\"CommentAction\",\"name\":\"Comment\",\"target\":[\"https:\\\/\\\/www.eldiariodetucuman.com\\\/web\\\/la-persecucion-contra-los-jueces-no-se-termino\\\/#respond\"]}]},{\"@type\":\"WebPage\",\"@id\":\"https:\\\/\\\/www.eldiariodetucuman.com\\\/web\\\/la-persecucion-contra-los-jueces-no-se-termino\\\/\",\"url\":\"https:\\\/\\\/www.eldiariodetucuman.com\\\/web\\\/la-persecucion-contra-los-jueces-no-se-termino\\\/\",\"name\":\"\u201cLa persecuci\u00f3n contra los jueces no se termin\u00f3\u201d - El Diario de Tucuman\",\"isPartOf\":{\"@id\":\"https:\\\/\\\/www.eldiariodetucuman.com\\\/web\\\/#website\"},\"primaryImageOfPage\":{\"@id\":\"https:\\\/\\\/www.eldiariodetucuman.com\\\/web\\\/la-persecucion-contra-los-jueces-no-se-termino\\\/#primaryimage\"},\"image\":{\"@id\":\"https:\\\/\\\/www.eldiariodetucuman.com\\\/web\\\/la-persecucion-contra-los-jueces-no-se-termino\\\/#primaryimage\"},\"thumbnailUrl\":\"https:\\\/\\\/www.eldiariodetucuman.com\\\/web\\\/wp-content\\\/uploads\\\/2018\\\/02\\\/ba83609763cf6d390ca7b31037e9d506.jpeg\",\"datePublished\":\"2018-02-23T15:37:31+00:00\",\"dateModified\":\"2018-02-23T15:37:33+00:00\",\"breadcrumb\":{\"@id\":\"https:\\\/\\\/www.eldiariodetucuman.com\\\/web\\\/la-persecucion-contra-los-jueces-no-se-termino\\\/#breadcrumb\"},\"inLanguage\":\"es\",\"potentialAction\":[{\"@type\":\"ReadAction\",\"target\":[\"https:\\\/\\\/www.eldiariodetucuman.com\\\/web\\\/la-persecucion-contra-los-jueces-no-se-termino\\\/\"]}]},{\"@type\":\"ImageObject\",\"inLanguage\":\"es\",\"@id\":\"https:\\\/\\\/www.eldiariodetucuman.com\\\/web\\\/la-persecucion-contra-los-jueces-no-se-termino\\\/#primaryimage\",\"url\":\"https:\\\/\\\/www.eldiariodetucuman.com\\\/web\\\/wp-content\\\/uploads\\\/2018\\\/02\\\/ba83609763cf6d390ca7b31037e9d506.jpeg\",\"contentUrl\":\"https:\\\/\\\/www.eldiariodetucuman.com\\\/web\\\/wp-content\\\/uploads\\\/2018\\\/02\\\/ba83609763cf6d390ca7b31037e9d506.jpeg\",\"width\":960,\"height\":540},{\"@type\":\"BreadcrumbList\",\"@id\":\"https:\\\/\\\/www.eldiariodetucuman.com\\\/web\\\/la-persecucion-contra-los-jueces-no-se-termino\\\/#breadcrumb\",\"itemListElement\":[{\"@type\":\"ListItem\",\"position\":1,\"name\":\"Portada\",\"item\":\"https:\\\/\\\/www.eldiariodetucuman.com\\\/web\\\/\"},{\"@type\":\"ListItem\",\"position\":2,\"name\":\"\u201cLa persecuci\u00f3n contra los jueces no se termin\u00f3\u201d\"}]},{\"@type\":\"WebSite\",\"@id\":\"https:\\\/\\\/www.eldiariodetucuman.com\\\/web\\\/#website\",\"url\":\"https:\\\/\\\/www.eldiariodetucuman.com\\\/web\\\/\",\"name\":\"El Diario de Tucuman\",\"description\":\"Diario Tucuman - Informaci\u00f3n y noticias\",\"publisher\":{\"@id\":\"https:\\\/\\\/www.eldiariodetucuman.com\\\/web\\\/#organization\"},\"potentialAction\":[{\"@type\":\"SearchAction\",\"target\":{\"@type\":\"EntryPoint\",\"urlTemplate\":\"https:\\\/\\\/www.eldiariodetucuman.com\\\/web\\\/?s={search_term_string}\"},\"query-input\":{\"@type\":\"PropertyValueSpecification\",\"valueRequired\":true,\"valueName\":\"search_term_string\"}}],\"inLanguage\":\"es\"},{\"@type\":\"Organization\",\"@id\":\"https:\\\/\\\/www.eldiariodetucuman.com\\\/web\\\/#organization\",\"name\":\"El Diario de Tucuman\",\"url\":\"https:\\\/\\\/www.eldiariodetucuman.com\\\/web\\\/\",\"logo\":{\"@type\":\"ImageObject\",\"inLanguage\":\"es\",\"@id\":\"https:\\\/\\\/www.eldiariodetucuman.com\\\/web\\\/#\\\/schema\\\/logo\\\/image\\\/\",\"url\":\"http:\\\/\\\/www.eldiariodetucuman.com\\\/web\\\/wp-content\\\/uploads\\\/2017\\\/12\\\/el-diario-de-tucuman.jpg\",\"contentUrl\":\"http:\\\/\\\/www.eldiariodetucuman.com\\\/web\\\/wp-content\\\/uploads\\\/2017\\\/12\\\/el-diario-de-tucuman.jpg\",\"width\":272,\"height\":92,\"caption\":\"El Diario de Tucuman\"},\"image\":{\"@id\":\"https:\\\/\\\/www.eldiariodetucuman.com\\\/web\\\/#\\\/schema\\\/logo\\\/image\\\/\"}},{\"@type\":\"Person\",\"@id\":\"https:\\\/\\\/www.eldiariodetucuman.com\\\/web\\\/#\\\/schema\\\/person\\\/9250197d75ab5483412e19678b121caa\",\"name\":\"admin\",\"image\":{\"@type\":\"ImageObject\",\"inLanguage\":\"es\",\"@id\":\"https:\\\/\\\/secure.gravatar.com\\\/avatar\\\/c44d117c2be811212c22cb481f6b8384b6873de103fbc49e7a03cc58d7dea4ac?s=96&d=mm&r=g\",\"url\":\"https:\\\/\\\/secure.gravatar.com\\\/avatar\\\/c44d117c2be811212c22cb481f6b8384b6873de103fbc49e7a03cc58d7dea4ac?s=96&d=mm&r=g\",\"contentUrl\":\"https:\\\/\\\/secure.gravatar.com\\\/avatar\\\/c44d117c2be811212c22cb481f6b8384b6873de103fbc49e7a03cc58d7dea4ac?s=96&d=mm&r=g\",\"caption\":\"admin\"},\"url\":\"https:\\\/\\\/www.eldiariodetucuman.com\\\/web\\\/author\\\/admin\\\/\"}]}<\/script>\n<!-- \/ Yoast SEO plugin. -->","yoast_head_json":{"title":"\u201cLa persecuci\u00f3n contra los jueces no se termin\u00f3\u201d - El Diario de Tucuman","robots":{"index":"index","follow":"follow","max-snippet":"max-snippet:-1","max-image-preview":"max-image-preview:large","max-video-preview":"max-video-preview:-1"},"canonical":"https:\/\/www.eldiariodetucuman.com\/web\/la-persecucion-contra-los-jueces-no-se-termino\/","og_locale":"es_ES","og_type":"article","og_title":"\u201cLa persecuci\u00f3n contra los jueces no se termin\u00f3\u201d - El Diario de Tucuman","og_description":"En medio de la pol\u00e9mica filtraci\u00f3n de las escuchas que tienen como protagonistas al ex titular de la Agencia Federal de Investigaciones (AFI) Oscar Parrilli y a la ex presidenta argentina Cristina Fern\u00e1ndez de Kirchner, el juez federal Rodolfo Canicoba Corral, que es el encargado de llevar adelante la investigaci\u00f3n por la difusi\u00f3n de los [&hellip;]","og_url":"https:\/\/www.eldiariodetucuman.com\/web\/la-persecucion-contra-los-jueces-no-se-termino\/","og_site_name":"El Diario de Tucuman","article_published_time":"2018-02-23T15:37:31+00:00","article_modified_time":"2018-02-23T15:37:33+00:00","og_image":[{"width":960,"height":540,"url":"https:\/\/www.eldiariodetucuman.com\/web\/wp-content\/uploads\/2018\/02\/ba83609763cf6d390ca7b31037e9d506.jpeg","type":"image\/jpeg"}],"author":"admin","twitter_card":"summary_large_image","twitter_misc":{"Escrito por":"admin","Tiempo de lectura":"2 minutos"},"schema":{"@context":"https:\/\/schema.org","@graph":[{"@type":"Article","@id":"https:\/\/www.eldiariodetucuman.com\/web\/la-persecucion-contra-los-jueces-no-se-termino\/#article","isPartOf":{"@id":"https:\/\/www.eldiariodetucuman.com\/web\/la-persecucion-contra-los-jueces-no-se-termino\/"},"author":{"name":"admin","@id":"https:\/\/www.eldiariodetucuman.com\/web\/#\/schema\/person\/9250197d75ab5483412e19678b121caa"},"headline":"\u201cLa persecuci\u00f3n contra los jueces no se termin\u00f3\u201d","datePublished":"2018-02-23T15:37:31+00:00","dateModified":"2018-02-23T15:37:33+00:00","mainEntityOfPage":{"@id":"https:\/\/www.eldiariodetucuman.com\/web\/la-persecucion-contra-los-jueces-no-se-termino\/"},"wordCount":436,"commentCount":0,"publisher":{"@id":"https:\/\/www.eldiariodetucuman.com\/web\/#organization"},"image":{"@id":"https:\/\/www.eldiariodetucuman.com\/web\/la-persecucion-contra-los-jueces-no-se-termino\/#primaryimage"},"thumbnailUrl":"https:\/\/www.eldiariodetucuman.com\/web\/wp-content\/uploads\/2018\/02\/ba83609763cf6d390ca7b31037e9d506.jpeg","articleSection":["Portada"],"inLanguage":"es","potentialAction":[{"@type":"CommentAction","name":"Comment","target":["https:\/\/www.eldiariodetucuman.com\/web\/la-persecucion-contra-los-jueces-no-se-termino\/#respond"]}]},{"@type":"WebPage","@id":"https:\/\/www.eldiariodetucuman.com\/web\/la-persecucion-contra-los-jueces-no-se-termino\/","url":"https:\/\/www.eldiariodetucuman.com\/web\/la-persecucion-contra-los-jueces-no-se-termino\/","name":"\u201cLa persecuci\u00f3n contra los jueces no se termin\u00f3\u201d - El Diario de Tucuman","isPartOf":{"@id":"https:\/\/www.eldiariodetucuman.com\/web\/#website"},"primaryImageOfPage":{"@id":"https:\/\/www.eldiariodetucuman.com\/web\/la-persecucion-contra-los-jueces-no-se-termino\/#primaryimage"},"image":{"@id":"https:\/\/www.eldiariodetucuman.com\/web\/la-persecucion-contra-los-jueces-no-se-termino\/#primaryimage"},"thumbnailUrl":"https:\/\/www.eldiariodetucuman.com\/web\/wp-content\/uploads\/2018\/02\/ba83609763cf6d390ca7b31037e9d506.jpeg","datePublished":"2018-02-23T15:37:31+00:00","dateModified":"2018-02-23T15:37:33+00:00","breadcrumb":{"@id":"https:\/\/www.eldiariodetucuman.com\/web\/la-persecucion-contra-los-jueces-no-se-termino\/#breadcrumb"},"inLanguage":"es","potentialAction":[{"@type":"ReadAction","target":["https:\/\/www.eldiariodetucuman.com\/web\/la-persecucion-contra-los-jueces-no-se-termino\/"]}]},{"@type":"ImageObject","inLanguage":"es","@id":"https:\/\/www.eldiariodetucuman.com\/web\/la-persecucion-contra-los-jueces-no-se-termino\/#primaryimage","url":"https:\/\/www.eldiariodetucuman.com\/web\/wp-content\/uploads\/2018\/02\/ba83609763cf6d390ca7b31037e9d506.jpeg","contentUrl":"https:\/\/www.eldiariodetucuman.com\/web\/wp-content\/uploads\/2018\/02\/ba83609763cf6d390ca7b31037e9d506.jpeg","width":960,"height":540},{"@type":"BreadcrumbList","@id":"https:\/\/www.eldiariodetucuman.com\/web\/la-persecucion-contra-los-jueces-no-se-termino\/#breadcrumb","itemListElement":[{"@type":"ListItem","position":1,"name":"Portada","item":"https:\/\/www.eldiariodetucuman.com\/web\/"},{"@type":"ListItem","position":2,"name":"\u201cLa persecuci\u00f3n contra los jueces no se termin\u00f3\u201d"}]},{"@type":"WebSite","@id":"https:\/\/www.eldiariodetucuman.com\/web\/#website","url":"https:\/\/www.eldiariodetucuman.com\/web\/","name":"El Diario de Tucuman","description":"Diario Tucuman - Informaci\u00f3n y noticias","publisher":{"@id":"https:\/\/www.eldiariodetucuman.com\/web\/#organization"},"potentialAction":[{"@type":"SearchAction","target":{"@type":"EntryPoint","urlTemplate":"https:\/\/www.eldiariodetucuman.com\/web\/?s={search_term_string}"},"query-input":{"@type":"PropertyValueSpecification","valueRequired":true,"valueName":"search_term_string"}}],"inLanguage":"es"},{"@type":"Organization","@id":"https:\/\/www.eldiariodetucuman.com\/web\/#organization","name":"El Diario de Tucuman","url":"https:\/\/www.eldiariodetucuman.com\/web\/","logo":{"@type":"ImageObject","inLanguage":"es","@id":"https:\/\/www.eldiariodetucuman.com\/web\/#\/schema\/logo\/image\/","url":"http:\/\/www.eldiariodetucuman.com\/web\/wp-content\/uploads\/2017\/12\/el-diario-de-tucuman.jpg","contentUrl":"http:\/\/www.eldiariodetucuman.com\/web\/wp-content\/uploads\/2017\/12\/el-diario-de-tucuman.jpg","width":272,"height":92,"caption":"El Diario de Tucuman"},"image":{"@id":"https:\/\/www.eldiariodetucuman.com\/web\/#\/schema\/logo\/image\/"}},{"@type":"Person","@id":"https:\/\/www.eldiariodetucuman.com\/web\/#\/schema\/person\/9250197d75ab5483412e19678b121caa","name":"admin","image":{"@type":"ImageObject","inLanguage":"es","@id":"https:\/\/secure.gravatar.com\/avatar\/c44d117c2be811212c22cb481f6b8384b6873de103fbc49e7a03cc58d7dea4ac?s=96&d=mm&r=g","url":"https:\/\/secure.gravatar.com\/avatar\/c44d117c2be811212c22cb481f6b8384b6873de103fbc49e7a03cc58d7dea4ac?s=96&d=mm&r=g","contentUrl":"https:\/\/secure.gravatar.com\/avatar\/c44d117c2be811212c22cb481f6b8384b6873de103fbc49e7a03cc58d7dea4ac?s=96&d=mm&r=g","caption":"admin"},"url":"https:\/\/www.eldiariodetucuman.com\/web\/author\/admin\/"}]}},"_links":{"self":[{"href":"https:\/\/www.eldiariodetucuman.com\/web\/wp-json\/wp\/v2\/posts\/5773","targetHints":{"allow":["GET"]}}],"collection":[{"href":"https:\/\/www.eldiariodetucuman.com\/web\/wp-json\/wp\/v2\/posts"}],"about":[{"href":"https:\/\/www.eldiariodetucuman.com\/web\/wp-json\/wp\/v2\/types\/post"}],"author":[{"embeddable":true,"href":"https:\/\/www.eldiariodetucuman.com\/web\/wp-json\/wp\/v2\/users\/1"}],"replies":[{"embeddable":true,"href":"https:\/\/www.eldiariodetucuman.com\/web\/wp-json\/wp\/v2\/comments?post=5773"}],"version-history":[{"count":1,"href":"https:\/\/www.eldiariodetucuman.com\/web\/wp-json\/wp\/v2\/posts\/5773\/revisions"}],"predecessor-version":[{"id":5775,"href":"https:\/\/www.eldiariodetucuman.com\/web\/wp-json\/wp\/v2\/posts\/5773\/revisions\/5775"}],"wp:featuredmedia":[{"embeddable":true,"href":"https:\/\/www.eldiariodetucuman.com\/web\/wp-json\/wp\/v2\/media\/5774"}],"wp:attachment":[{"href":"https:\/\/www.eldiariodetucuman.com\/web\/wp-json\/wp\/v2\/media?parent=5773"}],"wp:term":[{"taxonomy":"category","embeddable":true,"href":"https:\/\/www.eldiariodetucuman.com\/web\/wp-json\/wp\/v2\/categories?post=5773"},{"taxonomy":"post_tag","embeddable":true,"href":"https:\/\/www.eldiariodetucuman.com\/web\/wp-json\/wp\/v2\/tags?post=5773"}],"curies":[{"name":"wp","href":"https:\/\/api.w.org\/{rel}","templated":true}]}}