{"id":5770,"date":"2018-02-23T12:37:22","date_gmt":"2018-02-23T15:37:22","guid":{"rendered":"http:\/\/www.eldiariodetucuman.com\/web\/el-presidente-tiene-una-lumbalgia-sin-irradiacion-a-medios-inferiores\/"},"modified":"2018-02-23T12:37:25","modified_gmt":"2018-02-23T15:37:25","slug":"el-presidente-tiene-una-lumbalgia-sin-irradiacion-a-medios-inferiores","status":"publish","type":"post","link":"https:\/\/www.eldiariodetucuman.com\/web\/el-presidente-tiene-una-lumbalgia-sin-irradiacion-a-medios-inferiores\/","title":{"rendered":"El Presidente tiene \u201cuna lumbalgia sin irradiaci\u00f3n a medios inferiores\u201d"},"content":{"rendered":"<div>\n<div readability=\"30.948648648649\">\n<p>En una entrevista radial, <strong><a href=\"https:\/\/www.elintransigente.com\/politica\/2016\/12\/20\/macri-sometio-microcirugia-415992.html\">Sim\u00f3n Salzberg, jefe de la Unidad M\u00e9dica Presidencial<\/a><\/strong>, explic\u00f3 que <a href=\"https:\/\/www.elintransigente.com\/politica\/2016\/8\/29\/macri-retoma-actividad-desmienten-problemas-corazon-399654.html\"><strong>Mauricio Macri <\/strong><\/a>estuvo la semana pasada jugando al padle, cuando se le present\u00f3 un <strong>dolor en la espalda<\/strong>. Y agreg\u00f3 que el Presidente padece por ello \u201cuna contractura muscular que se trata con antiinflamatorios, pero no hay riesgo\u201d.\u00a0 Adem\u00e1s, dijo que \u201c<strong>no esperamos implementar ninguna conducta agresiva<\/strong>\u201d porque s\u00f3lo se trata de \u201c<strong>una lumbalgia sin irradiaci\u00f3n a medios inferiores<\/strong>\u201d.<\/p>\n<p>M\u00e1s adelante, Salzberg explic\u00f3, ante una consulta respecto a si Macri padece artrosis, que \u201ca todos los seres humanos, cuando nos paramos, con los a\u00f1os, los huesos de la columna se nos van gastando\u201d. Y a\u00f1adi\u00f3: \u201cCon los a\u00f1os, todo el mundo tiene artrosis\u201d.<\/p>\n<p>Sin embargo, el Director de la Unidad M\u00e9dica Presidencial descart\u00f3 las versiones period\u00edsticas seg\u00fan las cuales el Presidente pod\u00eda padecer de una discopat\u00eda: \u201ces una palabra que causa miedo y <strong>discopat\u00eda no tiene<\/strong>\u201d. Finalmente dijo: \u201c<strong>Desmiento totalmente el tema quir\u00fargico o intervencionista <\/strong>y no tiene ninguna restricci\u00f3n m\u00e9dica\u201d.<\/p>\n<aside class=\"htmlinline \"><ins class=\"adsbygoogle\" data-ad-format=\"fluid\" data-ad-layout=\"in-article\" data-ad-client=\"ca-pub-7781556717282971\" data-ad-slot=\"9383133609\"><\/ins><br \/>\n<\/aside>\n<\/div>\n<\/div>\n<p>Fuente: https:\/\/www.elintransigente.com\/politica\/2018\/2\/23\/el-presidente-tiene-una-lumbalgia-sin-irradiacion-medios-inferiores-479784.html<\/p>\n","protected":false},"excerpt":{"rendered":"<p>En una entrevista radial, Sim\u00f3n Salzberg, jefe de la Unidad M\u00e9dica Presidencial, explic\u00f3 que Mauricio Macri estuvo la semana pasada jugando al padle, cuando se le present\u00f3 un dolor en la espalda. Y agreg\u00f3 que el Presidente padece por ello \u201cuna contractura muscular que se trata con antiinflamatorios, pero no hay riesgo\u201d.\u00a0 Adem\u00e1s, dijo que [&hellip;]<\/p>\n","protected":false},"author":1,"featured_media":5771,"comment_status":"open","ping_status":"closed","sticky":false,"template":"","format":"standard","meta":{"footnotes":""},"categories":[1],"tags":[],"class_list":{"0":"post-5770","1":"post","2":"type-post","3":"status-publish","4":"format-standard","5":"has-post-thumbnail","7":"category-portada"},"yoast_head":"<!-- This site is optimized with the Yoast SEO plugin v27.5 - https:\/\/yoast.com\/product\/yoast-seo-wordpress\/ -->\n<title>El Presidente tiene \u201cuna lumbalgia sin irradiaci\u00f3n a medios inferiores\u201d - El Diario de Tucuman<\/title>\n<meta name=\"robots\" content=\"index, follow, max-snippet:-1, max-image-preview:large, max-video-preview:-1\" \/>\n<link rel=\"canonical\" href=\"https:\/\/www.eldiariodetucuman.com\/web\/el-presidente-tiene-una-lumbalgia-sin-irradiacion-a-medios-inferiores\/\" \/>\n<meta property=\"og:locale\" content=\"es_ES\" \/>\n<meta property=\"og:type\" content=\"article\" \/>\n<meta property=\"og:title\" content=\"El Presidente tiene \u201cuna lumbalgia sin irradiaci\u00f3n a medios inferiores\u201d - El Diario de Tucuman\" \/>\n<meta property=\"og:description\" content=\"En una entrevista radial, Sim\u00f3n Salzberg, jefe de la Unidad M\u00e9dica Presidencial, explic\u00f3 que Mauricio Macri estuvo la semana pasada jugando al padle, cuando se le present\u00f3 un dolor en la espalda. Y agreg\u00f3 que el Presidente padece por ello \u201cuna contractura muscular que se trata con antiinflamatorios, pero no hay riesgo\u201d.\u00a0 Adem\u00e1s, dijo que [&hellip;]\" \/>\n<meta property=\"og:url\" content=\"https:\/\/www.eldiariodetucuman.com\/web\/el-presidente-tiene-una-lumbalgia-sin-irradiacion-a-medios-inferiores\/\" \/>\n<meta property=\"og:site_name\" content=\"El Diario de Tucuman\" \/>\n<meta property=\"article:published_time\" content=\"2018-02-23T15:37:22+00:00\" \/>\n<meta property=\"article:modified_time\" content=\"2018-02-23T15:37:25+00:00\" \/>\n<meta property=\"og:image\" content=\"https:\/\/www.eldiariodetucuman.com\/web\/wp-content\/uploads\/2018\/02\/177fb7f885782ae014353132512ed9cc.jpeg\" \/>\n\t<meta property=\"og:image:width\" content=\"960\" \/>\n\t<meta property=\"og:image:height\" content=\"587\" \/>\n\t<meta property=\"og:image:type\" content=\"image\/jpeg\" \/>\n<meta name=\"author\" content=\"admin\" \/>\n<meta name=\"twitter:card\" content=\"summary_large_image\" \/>\n<meta name=\"twitter:label1\" content=\"Escrito por\" \/>\n\t<meta name=\"twitter:data1\" content=\"admin\" \/>\n\t<meta name=\"twitter:label2\" content=\"Tiempo de lectura\" \/>\n\t<meta name=\"twitter:data2\" content=\"1 minuto\" \/>\n<script type=\"application\/ld+json\" class=\"yoast-schema-graph\">{\"@context\":\"https:\\\/\\\/schema.org\",\"@graph\":[{\"@type\":\"Article\",\"@id\":\"https:\\\/\\\/www.eldiariodetucuman.com\\\/web\\\/el-presidente-tiene-una-lumbalgia-sin-irradiacion-a-medios-inferiores\\\/#article\",\"isPartOf\":{\"@id\":\"https:\\\/\\\/www.eldiariodetucuman.com\\\/web\\\/el-presidente-tiene-una-lumbalgia-sin-irradiacion-a-medios-inferiores\\\/\"},\"author\":{\"name\":\"admin\",\"@id\":\"https:\\\/\\\/www.eldiariodetucuman.com\\\/web\\\/#\\\/schema\\\/person\\\/9250197d75ab5483412e19678b121caa\"},\"headline\":\"El Presidente tiene \u201cuna lumbalgia sin irradiaci\u00f3n a medios inferiores\u201d\",\"datePublished\":\"2018-02-23T15:37:22+00:00\",\"dateModified\":\"2018-02-23T15:37:25+00:00\",\"mainEntityOfPage\":{\"@id\":\"https:\\\/\\\/www.eldiariodetucuman.com\\\/web\\\/el-presidente-tiene-una-lumbalgia-sin-irradiacion-a-medios-inferiores\\\/\"},\"wordCount\":202,\"commentCount\":0,\"publisher\":{\"@id\":\"https:\\\/\\\/www.eldiariodetucuman.com\\\/web\\\/#organization\"},\"image\":{\"@id\":\"https:\\\/\\\/www.eldiariodetucuman.com\\\/web\\\/el-presidente-tiene-una-lumbalgia-sin-irradiacion-a-medios-inferiores\\\/#primaryimage\"},\"thumbnailUrl\":\"https:\\\/\\\/www.eldiariodetucuman.com\\\/web\\\/wp-content\\\/uploads\\\/2018\\\/02\\\/177fb7f885782ae014353132512ed9cc.jpeg\",\"articleSection\":[\"Portada\"],\"inLanguage\":\"es\",\"potentialAction\":[{\"@type\":\"CommentAction\",\"name\":\"Comment\",\"target\":[\"https:\\\/\\\/www.eldiariodetucuman.com\\\/web\\\/el-presidente-tiene-una-lumbalgia-sin-irradiacion-a-medios-inferiores\\\/#respond\"]}]},{\"@type\":\"WebPage\",\"@id\":\"https:\\\/\\\/www.eldiariodetucuman.com\\\/web\\\/el-presidente-tiene-una-lumbalgia-sin-irradiacion-a-medios-inferiores\\\/\",\"url\":\"https:\\\/\\\/www.eldiariodetucuman.com\\\/web\\\/el-presidente-tiene-una-lumbalgia-sin-irradiacion-a-medios-inferiores\\\/\",\"name\":\"El Presidente tiene \u201cuna lumbalgia sin irradiaci\u00f3n a medios inferiores\u201d - El Diario de Tucuman\",\"isPartOf\":{\"@id\":\"https:\\\/\\\/www.eldiariodetucuman.com\\\/web\\\/#website\"},\"primaryImageOfPage\":{\"@id\":\"https:\\\/\\\/www.eldiariodetucuman.com\\\/web\\\/el-presidente-tiene-una-lumbalgia-sin-irradiacion-a-medios-inferiores\\\/#primaryimage\"},\"image\":{\"@id\":\"https:\\\/\\\/www.eldiariodetucuman.com\\\/web\\\/el-presidente-tiene-una-lumbalgia-sin-irradiacion-a-medios-inferiores\\\/#primaryimage\"},\"thumbnailUrl\":\"https:\\\/\\\/www.eldiariodetucuman.com\\\/web\\\/wp-content\\\/uploads\\\/2018\\\/02\\\/177fb7f885782ae014353132512ed9cc.jpeg\",\"datePublished\":\"2018-02-23T15:37:22+00:00\",\"dateModified\":\"2018-02-23T15:37:25+00:00\",\"breadcrumb\":{\"@id\":\"https:\\\/\\\/www.eldiariodetucuman.com\\\/web\\\/el-presidente-tiene-una-lumbalgia-sin-irradiacion-a-medios-inferiores\\\/#breadcrumb\"},\"inLanguage\":\"es\",\"potentialAction\":[{\"@type\":\"ReadAction\",\"target\":[\"https:\\\/\\\/www.eldiariodetucuman.com\\\/web\\\/el-presidente-tiene-una-lumbalgia-sin-irradiacion-a-medios-inferiores\\\/\"]}]},{\"@type\":\"ImageObject\",\"inLanguage\":\"es\",\"@id\":\"https:\\\/\\\/www.eldiariodetucuman.com\\\/web\\\/el-presidente-tiene-una-lumbalgia-sin-irradiacion-a-medios-inferiores\\\/#primaryimage\",\"url\":\"https:\\\/\\\/www.eldiariodetucuman.com\\\/web\\\/wp-content\\\/uploads\\\/2018\\\/02\\\/177fb7f885782ae014353132512ed9cc.jpeg\",\"contentUrl\":\"https:\\\/\\\/www.eldiariodetucuman.com\\\/web\\\/wp-content\\\/uploads\\\/2018\\\/02\\\/177fb7f885782ae014353132512ed9cc.jpeg\",\"width\":960,\"height\":587},{\"@type\":\"BreadcrumbList\",\"@id\":\"https:\\\/\\\/www.eldiariodetucuman.com\\\/web\\\/el-presidente-tiene-una-lumbalgia-sin-irradiacion-a-medios-inferiores\\\/#breadcrumb\",\"itemListElement\":[{\"@type\":\"ListItem\",\"position\":1,\"name\":\"Portada\",\"item\":\"https:\\\/\\\/www.eldiariodetucuman.com\\\/web\\\/\"},{\"@type\":\"ListItem\",\"position\":2,\"name\":\"El Presidente tiene \u201cuna lumbalgia sin irradiaci\u00f3n a medios inferiores\u201d\"}]},{\"@type\":\"WebSite\",\"@id\":\"https:\\\/\\\/www.eldiariodetucuman.com\\\/web\\\/#website\",\"url\":\"https:\\\/\\\/www.eldiariodetucuman.com\\\/web\\\/\",\"name\":\"El Diario de Tucuman\",\"description\":\"Diario Tucuman - Informaci\u00f3n y noticias\",\"publisher\":{\"@id\":\"https:\\\/\\\/www.eldiariodetucuman.com\\\/web\\\/#organization\"},\"potentialAction\":[{\"@type\":\"SearchAction\",\"target\":{\"@type\":\"EntryPoint\",\"urlTemplate\":\"https:\\\/\\\/www.eldiariodetucuman.com\\\/web\\\/?s={search_term_string}\"},\"query-input\":{\"@type\":\"PropertyValueSpecification\",\"valueRequired\":true,\"valueName\":\"search_term_string\"}}],\"inLanguage\":\"es\"},{\"@type\":\"Organization\",\"@id\":\"https:\\\/\\\/www.eldiariodetucuman.com\\\/web\\\/#organization\",\"name\":\"El Diario de Tucuman\",\"url\":\"https:\\\/\\\/www.eldiariodetucuman.com\\\/web\\\/\",\"logo\":{\"@type\":\"ImageObject\",\"inLanguage\":\"es\",\"@id\":\"https:\\\/\\\/www.eldiariodetucuman.com\\\/web\\\/#\\\/schema\\\/logo\\\/image\\\/\",\"url\":\"http:\\\/\\\/www.eldiariodetucuman.com\\\/web\\\/wp-content\\\/uploads\\\/2017\\\/12\\\/el-diario-de-tucuman.jpg\",\"contentUrl\":\"http:\\\/\\\/www.eldiariodetucuman.com\\\/web\\\/wp-content\\\/uploads\\\/2017\\\/12\\\/el-diario-de-tucuman.jpg\",\"width\":272,\"height\":92,\"caption\":\"El Diario de Tucuman\"},\"image\":{\"@id\":\"https:\\\/\\\/www.eldiariodetucuman.com\\\/web\\\/#\\\/schema\\\/logo\\\/image\\\/\"}},{\"@type\":\"Person\",\"@id\":\"https:\\\/\\\/www.eldiariodetucuman.com\\\/web\\\/#\\\/schema\\\/person\\\/9250197d75ab5483412e19678b121caa\",\"name\":\"admin\",\"image\":{\"@type\":\"ImageObject\",\"inLanguage\":\"es\",\"@id\":\"https:\\\/\\\/secure.gravatar.com\\\/avatar\\\/c44d117c2be811212c22cb481f6b8384b6873de103fbc49e7a03cc58d7dea4ac?s=96&d=mm&r=g\",\"url\":\"https:\\\/\\\/secure.gravatar.com\\\/avatar\\\/c44d117c2be811212c22cb481f6b8384b6873de103fbc49e7a03cc58d7dea4ac?s=96&d=mm&r=g\",\"contentUrl\":\"https:\\\/\\\/secure.gravatar.com\\\/avatar\\\/c44d117c2be811212c22cb481f6b8384b6873de103fbc49e7a03cc58d7dea4ac?s=96&d=mm&r=g\",\"caption\":\"admin\"},\"url\":\"https:\\\/\\\/www.eldiariodetucuman.com\\\/web\\\/author\\\/admin\\\/\"}]}<\/script>\n<!-- \/ Yoast SEO plugin. -->","yoast_head_json":{"title":"El Presidente tiene \u201cuna lumbalgia sin irradiaci\u00f3n a medios inferiores\u201d - El Diario de Tucuman","robots":{"index":"index","follow":"follow","max-snippet":"max-snippet:-1","max-image-preview":"max-image-preview:large","max-video-preview":"max-video-preview:-1"},"canonical":"https:\/\/www.eldiariodetucuman.com\/web\/el-presidente-tiene-una-lumbalgia-sin-irradiacion-a-medios-inferiores\/","og_locale":"es_ES","og_type":"article","og_title":"El Presidente tiene \u201cuna lumbalgia sin irradiaci\u00f3n a medios inferiores\u201d - El Diario de Tucuman","og_description":"En una entrevista radial, Sim\u00f3n Salzberg, jefe de la Unidad M\u00e9dica Presidencial, explic\u00f3 que Mauricio Macri estuvo la semana pasada jugando al padle, cuando se le present\u00f3 un dolor en la espalda. Y agreg\u00f3 que el Presidente padece por ello \u201cuna contractura muscular que se trata con antiinflamatorios, pero no hay riesgo\u201d.\u00a0 Adem\u00e1s, dijo que [&hellip;]","og_url":"https:\/\/www.eldiariodetucuman.com\/web\/el-presidente-tiene-una-lumbalgia-sin-irradiacion-a-medios-inferiores\/","og_site_name":"El Diario de Tucuman","article_published_time":"2018-02-23T15:37:22+00:00","article_modified_time":"2018-02-23T15:37:25+00:00","og_image":[{"width":960,"height":587,"url":"https:\/\/www.eldiariodetucuman.com\/web\/wp-content\/uploads\/2018\/02\/177fb7f885782ae014353132512ed9cc.jpeg","type":"image\/jpeg"}],"author":"admin","twitter_card":"summary_large_image","twitter_misc":{"Escrito por":"admin","Tiempo de lectura":"1 minuto"},"schema":{"@context":"https:\/\/schema.org","@graph":[{"@type":"Article","@id":"https:\/\/www.eldiariodetucuman.com\/web\/el-presidente-tiene-una-lumbalgia-sin-irradiacion-a-medios-inferiores\/#article","isPartOf":{"@id":"https:\/\/www.eldiariodetucuman.com\/web\/el-presidente-tiene-una-lumbalgia-sin-irradiacion-a-medios-inferiores\/"},"author":{"name":"admin","@id":"https:\/\/www.eldiariodetucuman.com\/web\/#\/schema\/person\/9250197d75ab5483412e19678b121caa"},"headline":"El Presidente tiene \u201cuna lumbalgia sin irradiaci\u00f3n a medios inferiores\u201d","datePublished":"2018-02-23T15:37:22+00:00","dateModified":"2018-02-23T15:37:25+00:00","mainEntityOfPage":{"@id":"https:\/\/www.eldiariodetucuman.com\/web\/el-presidente-tiene-una-lumbalgia-sin-irradiacion-a-medios-inferiores\/"},"wordCount":202,"commentCount":0,"publisher":{"@id":"https:\/\/www.eldiariodetucuman.com\/web\/#organization"},"image":{"@id":"https:\/\/www.eldiariodetucuman.com\/web\/el-presidente-tiene-una-lumbalgia-sin-irradiacion-a-medios-inferiores\/#primaryimage"},"thumbnailUrl":"https:\/\/www.eldiariodetucuman.com\/web\/wp-content\/uploads\/2018\/02\/177fb7f885782ae014353132512ed9cc.jpeg","articleSection":["Portada"],"inLanguage":"es","potentialAction":[{"@type":"CommentAction","name":"Comment","target":["https:\/\/www.eldiariodetucuman.com\/web\/el-presidente-tiene-una-lumbalgia-sin-irradiacion-a-medios-inferiores\/#respond"]}]},{"@type":"WebPage","@id":"https:\/\/www.eldiariodetucuman.com\/web\/el-presidente-tiene-una-lumbalgia-sin-irradiacion-a-medios-inferiores\/","url":"https:\/\/www.eldiariodetucuman.com\/web\/el-presidente-tiene-una-lumbalgia-sin-irradiacion-a-medios-inferiores\/","name":"El Presidente tiene \u201cuna lumbalgia sin irradiaci\u00f3n a medios inferiores\u201d - El Diario de Tucuman","isPartOf":{"@id":"https:\/\/www.eldiariodetucuman.com\/web\/#website"},"primaryImageOfPage":{"@id":"https:\/\/www.eldiariodetucuman.com\/web\/el-presidente-tiene-una-lumbalgia-sin-irradiacion-a-medios-inferiores\/#primaryimage"},"image":{"@id":"https:\/\/www.eldiariodetucuman.com\/web\/el-presidente-tiene-una-lumbalgia-sin-irradiacion-a-medios-inferiores\/#primaryimage"},"thumbnailUrl":"https:\/\/www.eldiariodetucuman.com\/web\/wp-content\/uploads\/2018\/02\/177fb7f885782ae014353132512ed9cc.jpeg","datePublished":"2018-02-23T15:37:22+00:00","dateModified":"2018-02-23T15:37:25+00:00","breadcrumb":{"@id":"https:\/\/www.eldiariodetucuman.com\/web\/el-presidente-tiene-una-lumbalgia-sin-irradiacion-a-medios-inferiores\/#breadcrumb"},"inLanguage":"es","potentialAction":[{"@type":"ReadAction","target":["https:\/\/www.eldiariodetucuman.com\/web\/el-presidente-tiene-una-lumbalgia-sin-irradiacion-a-medios-inferiores\/"]}]},{"@type":"ImageObject","inLanguage":"es","@id":"https:\/\/www.eldiariodetucuman.com\/web\/el-presidente-tiene-una-lumbalgia-sin-irradiacion-a-medios-inferiores\/#primaryimage","url":"https:\/\/www.eldiariodetucuman.com\/web\/wp-content\/uploads\/2018\/02\/177fb7f885782ae014353132512ed9cc.jpeg","contentUrl":"https:\/\/www.eldiariodetucuman.com\/web\/wp-content\/uploads\/2018\/02\/177fb7f885782ae014353132512ed9cc.jpeg","width":960,"height":587},{"@type":"BreadcrumbList","@id":"https:\/\/www.eldiariodetucuman.com\/web\/el-presidente-tiene-una-lumbalgia-sin-irradiacion-a-medios-inferiores\/#breadcrumb","itemListElement":[{"@type":"ListItem","position":1,"name":"Portada","item":"https:\/\/www.eldiariodetucuman.com\/web\/"},{"@type":"ListItem","position":2,"name":"El Presidente tiene \u201cuna lumbalgia sin irradiaci\u00f3n a medios inferiores\u201d"}]},{"@type":"WebSite","@id":"https:\/\/www.eldiariodetucuman.com\/web\/#website","url":"https:\/\/www.eldiariodetucuman.com\/web\/","name":"El Diario de Tucuman","description":"Diario Tucuman - Informaci\u00f3n y noticias","publisher":{"@id":"https:\/\/www.eldiariodetucuman.com\/web\/#organization"},"potentialAction":[{"@type":"SearchAction","target":{"@type":"EntryPoint","urlTemplate":"https:\/\/www.eldiariodetucuman.com\/web\/?s={search_term_string}"},"query-input":{"@type":"PropertyValueSpecification","valueRequired":true,"valueName":"search_term_string"}}],"inLanguage":"es"},{"@type":"Organization","@id":"https:\/\/www.eldiariodetucuman.com\/web\/#organization","name":"El Diario de Tucuman","url":"https:\/\/www.eldiariodetucuman.com\/web\/","logo":{"@type":"ImageObject","inLanguage":"es","@id":"https:\/\/www.eldiariodetucuman.com\/web\/#\/schema\/logo\/image\/","url":"http:\/\/www.eldiariodetucuman.com\/web\/wp-content\/uploads\/2017\/12\/el-diario-de-tucuman.jpg","contentUrl":"http:\/\/www.eldiariodetucuman.com\/web\/wp-content\/uploads\/2017\/12\/el-diario-de-tucuman.jpg","width":272,"height":92,"caption":"El Diario de Tucuman"},"image":{"@id":"https:\/\/www.eldiariodetucuman.com\/web\/#\/schema\/logo\/image\/"}},{"@type":"Person","@id":"https:\/\/www.eldiariodetucuman.com\/web\/#\/schema\/person\/9250197d75ab5483412e19678b121caa","name":"admin","image":{"@type":"ImageObject","inLanguage":"es","@id":"https:\/\/secure.gravatar.com\/avatar\/c44d117c2be811212c22cb481f6b8384b6873de103fbc49e7a03cc58d7dea4ac?s=96&d=mm&r=g","url":"https:\/\/secure.gravatar.com\/avatar\/c44d117c2be811212c22cb481f6b8384b6873de103fbc49e7a03cc58d7dea4ac?s=96&d=mm&r=g","contentUrl":"https:\/\/secure.gravatar.com\/avatar\/c44d117c2be811212c22cb481f6b8384b6873de103fbc49e7a03cc58d7dea4ac?s=96&d=mm&r=g","caption":"admin"},"url":"https:\/\/www.eldiariodetucuman.com\/web\/author\/admin\/"}]}},"_links":{"self":[{"href":"https:\/\/www.eldiariodetucuman.com\/web\/wp-json\/wp\/v2\/posts\/5770","targetHints":{"allow":["GET"]}}],"collection":[{"href":"https:\/\/www.eldiariodetucuman.com\/web\/wp-json\/wp\/v2\/posts"}],"about":[{"href":"https:\/\/www.eldiariodetucuman.com\/web\/wp-json\/wp\/v2\/types\/post"}],"author":[{"embeddable":true,"href":"https:\/\/www.eldiariodetucuman.com\/web\/wp-json\/wp\/v2\/users\/1"}],"replies":[{"embeddable":true,"href":"https:\/\/www.eldiariodetucuman.com\/web\/wp-json\/wp\/v2\/comments?post=5770"}],"version-history":[{"count":1,"href":"https:\/\/www.eldiariodetucuman.com\/web\/wp-json\/wp\/v2\/posts\/5770\/revisions"}],"predecessor-version":[{"id":5772,"href":"https:\/\/www.eldiariodetucuman.com\/web\/wp-json\/wp\/v2\/posts\/5770\/revisions\/5772"}],"wp:featuredmedia":[{"embeddable":true,"href":"https:\/\/www.eldiariodetucuman.com\/web\/wp-json\/wp\/v2\/media\/5771"}],"wp:attachment":[{"href":"https:\/\/www.eldiariodetucuman.com\/web\/wp-json\/wp\/v2\/media?parent=5770"}],"wp:term":[{"taxonomy":"category","embeddable":true,"href":"https:\/\/www.eldiariodetucuman.com\/web\/wp-json\/wp\/v2\/categories?post=5770"},{"taxonomy":"post_tag","embeddable":true,"href":"https:\/\/www.eldiariodetucuman.com\/web\/wp-json\/wp\/v2\/tags?post=5770"}],"curies":[{"name":"wp","href":"https:\/\/api.w.org\/{rel}","templated":true}]}}