{"id":5767,"date":"2018-02-23T12:14:51","date_gmt":"2018-02-23T15:14:51","guid":{"rendered":"http:\/\/www.eldiariodetucuman.com\/web\/conmocion-en-las-redes-sociales-por-la-muerte-de-una-promotora-tucumana\/"},"modified":"2018-02-23T12:14:55","modified_gmt":"2018-02-23T15:14:55","slug":"conmocion-en-las-redes-sociales-por-la-muerte-de-una-promotora-tucumana","status":"publish","type":"post","link":"https:\/\/www.eldiariodetucuman.com\/web\/conmocion-en-las-redes-sociales-por-la-muerte-de-una-promotora-tucumana\/","title":{"rendered":"Conmoci\u00f3n en las redes sociales por la muerte de una promotora tucumana"},"content":{"rendered":"<div>\n<div readability=\"54\">\n<p>La muerte de una joven promotora tucumana gener\u00f3 conmoci\u00f3n en las redes sociales. Se trata de <b>Florencia Natal\u00ed Duport<\/b>, quien falleci\u00f3 ayer luego de sufrir un accidente el pasado mi\u00e9rcoles en San Andr\u00e9s.<\/p>\n<p>Duport hab\u00eda sido trasladada de urgencia al hospital Padilla, donde muri\u00f3 luego de agonizar durante casi 24 horas. Sus restos fueron despedidos esta ma\u00f1ana en un cementerio de la ciudad de Taf\u00ed Viejo.<\/p>\n<p><img decoding=\"async\" src=\"https:\/\/img.lagaceta.com.ar\/fotos\/notas\/2018\/02\/23\/tmb1_762228_20180223120752.jpg\" border=\"0\"><\/p>\n<p>Fuentes policiales confirmaron el deceso de la Florencia, aunque hasta el momento no trascendieron los detalles menores que le provocaron las heridas fatales.<\/p>\n<p>Duport, madre de un ni\u00f1o de seis a\u00f1os, era una conocida promotora. La joven de Las Talitas fue despedida con mucho dolor en las redes sociales.\u00a0<\/p>\n<p><img decoding=\"async\" src=\"https:\/\/img.lagaceta.com.ar\/fotos\/notas\/2018\/02\/23\/tmb1_762228_20180223120842.jpg\" border=\"0\"><\/p>\n<p>La modelo <b>Luc\u00eda Rossi<\/b> fue una de las que realiz\u00f3 una publicaci\u00f3n para recordar a la chica oriunda de Las Talitas. \u00abGracias por cruzarte en mi vida y dejarme una parte de vos\u00bb, escribi\u00f3 en Facebook.<\/p>\n<p><br mce_bogus=\"1\"><\/div>\n<\/div>\n<p>Fuente: http:\/\/www.lagaceta.com.ar\/nota\/762228\/actualidad\/conmocion-redes-sociales-muerte-promotora-tucumana.html<\/p>\n","protected":false},"excerpt":{"rendered":"<p>La muerte de una joven promotora tucumana gener\u00f3 conmoci\u00f3n en las redes sociales. Se trata de Florencia Natal\u00ed Duport, quien falleci\u00f3 ayer luego de sufrir un accidente el pasado mi\u00e9rcoles en San Andr\u00e9s. Duport hab\u00eda sido trasladada de urgencia al hospital Padilla, donde muri\u00f3 luego de agonizar durante casi 24 horas. Sus restos fueron despedidos [&hellip;]<\/p>\n","protected":false},"author":1,"featured_media":5768,"comment_status":"open","ping_status":"closed","sticky":false,"template":"","format":"standard","meta":{"footnotes":""},"categories":[1],"tags":[],"class_list":{"0":"post-5767","1":"post","2":"type-post","3":"status-publish","4":"format-standard","5":"has-post-thumbnail","7":"category-portada"},"yoast_head":"<!-- This site is optimized with the Yoast SEO plugin v27.5 - https:\/\/yoast.com\/product\/yoast-seo-wordpress\/ -->\n<title>Conmoci\u00f3n en las redes sociales por la muerte de una promotora tucumana - El Diario de Tucuman<\/title>\n<meta name=\"robots\" content=\"index, follow, max-snippet:-1, max-image-preview:large, max-video-preview:-1\" \/>\n<link rel=\"canonical\" href=\"https:\/\/www.eldiariodetucuman.com\/web\/conmocion-en-las-redes-sociales-por-la-muerte-de-una-promotora-tucumana\/\" \/>\n<meta property=\"og:locale\" content=\"es_ES\" \/>\n<meta property=\"og:type\" content=\"article\" \/>\n<meta property=\"og:title\" content=\"Conmoci\u00f3n en las redes sociales por la muerte de una promotora tucumana - El Diario de Tucuman\" \/>\n<meta property=\"og:description\" content=\"La muerte de una joven promotora tucumana gener\u00f3 conmoci\u00f3n en las redes sociales. Se trata de Florencia Natal\u00ed Duport, quien falleci\u00f3 ayer luego de sufrir un accidente el pasado mi\u00e9rcoles en San Andr\u00e9s. Duport hab\u00eda sido trasladada de urgencia al hospital Padilla, donde muri\u00f3 luego de agonizar durante casi 24 horas. Sus restos fueron despedidos [&hellip;]\" \/>\n<meta property=\"og:url\" content=\"https:\/\/www.eldiariodetucuman.com\/web\/conmocion-en-las-redes-sociales-por-la-muerte-de-una-promotora-tucumana\/\" \/>\n<meta property=\"og:site_name\" content=\"El Diario de Tucuman\" \/>\n<meta property=\"article:published_time\" content=\"2018-02-23T15:14:51+00:00\" \/>\n<meta property=\"article:modified_time\" content=\"2018-02-23T15:14:55+00:00\" \/>\n<meta property=\"og:image\" content=\"https:\/\/www.eldiariodetucuman.com\/web\/wp-content\/uploads\/2018\/02\/6ad27898f31a4a14535f8d8472d8b4a0.jpeg\" \/>\n\t<meta property=\"og:image:width\" content=\"1500\" \/>\n\t<meta property=\"og:image:height\" content=\"850\" \/>\n\t<meta property=\"og:image:type\" content=\"image\/jpeg\" \/>\n<meta name=\"author\" content=\"admin\" \/>\n<meta name=\"twitter:card\" content=\"summary_large_image\" \/>\n<meta name=\"twitter:label1\" content=\"Escrito por\" \/>\n\t<meta name=\"twitter:data1\" content=\"admin\" \/>\n\t<meta name=\"twitter:label2\" content=\"Tiempo de lectura\" \/>\n\t<meta name=\"twitter:data2\" content=\"1 minuto\" \/>\n<script type=\"application\/ld+json\" class=\"yoast-schema-graph\">{\"@context\":\"https:\\\/\\\/schema.org\",\"@graph\":[{\"@type\":\"Article\",\"@id\":\"https:\\\/\\\/www.eldiariodetucuman.com\\\/web\\\/conmocion-en-las-redes-sociales-por-la-muerte-de-una-promotora-tucumana\\\/#article\",\"isPartOf\":{\"@id\":\"https:\\\/\\\/www.eldiariodetucuman.com\\\/web\\\/conmocion-en-las-redes-sociales-por-la-muerte-de-una-promotora-tucumana\\\/\"},\"author\":{\"name\":\"admin\",\"@id\":\"https:\\\/\\\/www.eldiariodetucuman.com\\\/web\\\/#\\\/schema\\\/person\\\/9250197d75ab5483412e19678b121caa\"},\"headline\":\"Conmoci\u00f3n en las redes sociales por la muerte de una promotora tucumana\",\"datePublished\":\"2018-02-23T15:14:51+00:00\",\"dateModified\":\"2018-02-23T15:14:55+00:00\",\"mainEntityOfPage\":{\"@id\":\"https:\\\/\\\/www.eldiariodetucuman.com\\\/web\\\/conmocion-en-las-redes-sociales-por-la-muerte-de-una-promotora-tucumana\\\/\"},\"wordCount\":182,\"commentCount\":0,\"publisher\":{\"@id\":\"https:\\\/\\\/www.eldiariodetucuman.com\\\/web\\\/#organization\"},\"image\":{\"@id\":\"https:\\\/\\\/www.eldiariodetucuman.com\\\/web\\\/conmocion-en-las-redes-sociales-por-la-muerte-de-una-promotora-tucumana\\\/#primaryimage\"},\"thumbnailUrl\":\"https:\\\/\\\/www.eldiariodetucuman.com\\\/web\\\/wp-content\\\/uploads\\\/2018\\\/02\\\/6ad27898f31a4a14535f8d8472d8b4a0.jpeg\",\"articleSection\":[\"Portada\"],\"inLanguage\":\"es\",\"potentialAction\":[{\"@type\":\"CommentAction\",\"name\":\"Comment\",\"target\":[\"https:\\\/\\\/www.eldiariodetucuman.com\\\/web\\\/conmocion-en-las-redes-sociales-por-la-muerte-de-una-promotora-tucumana\\\/#respond\"]}]},{\"@type\":\"WebPage\",\"@id\":\"https:\\\/\\\/www.eldiariodetucuman.com\\\/web\\\/conmocion-en-las-redes-sociales-por-la-muerte-de-una-promotora-tucumana\\\/\",\"url\":\"https:\\\/\\\/www.eldiariodetucuman.com\\\/web\\\/conmocion-en-las-redes-sociales-por-la-muerte-de-una-promotora-tucumana\\\/\",\"name\":\"Conmoci\u00f3n en las redes sociales por la muerte de una promotora tucumana - El Diario de Tucuman\",\"isPartOf\":{\"@id\":\"https:\\\/\\\/www.eldiariodetucuman.com\\\/web\\\/#website\"},\"primaryImageOfPage\":{\"@id\":\"https:\\\/\\\/www.eldiariodetucuman.com\\\/web\\\/conmocion-en-las-redes-sociales-por-la-muerte-de-una-promotora-tucumana\\\/#primaryimage\"},\"image\":{\"@id\":\"https:\\\/\\\/www.eldiariodetucuman.com\\\/web\\\/conmocion-en-las-redes-sociales-por-la-muerte-de-una-promotora-tucumana\\\/#primaryimage\"},\"thumbnailUrl\":\"https:\\\/\\\/www.eldiariodetucuman.com\\\/web\\\/wp-content\\\/uploads\\\/2018\\\/02\\\/6ad27898f31a4a14535f8d8472d8b4a0.jpeg\",\"datePublished\":\"2018-02-23T15:14:51+00:00\",\"dateModified\":\"2018-02-23T15:14:55+00:00\",\"breadcrumb\":{\"@id\":\"https:\\\/\\\/www.eldiariodetucuman.com\\\/web\\\/conmocion-en-las-redes-sociales-por-la-muerte-de-una-promotora-tucumana\\\/#breadcrumb\"},\"inLanguage\":\"es\",\"potentialAction\":[{\"@type\":\"ReadAction\",\"target\":[\"https:\\\/\\\/www.eldiariodetucuman.com\\\/web\\\/conmocion-en-las-redes-sociales-por-la-muerte-de-una-promotora-tucumana\\\/\"]}]},{\"@type\":\"ImageObject\",\"inLanguage\":\"es\",\"@id\":\"https:\\\/\\\/www.eldiariodetucuman.com\\\/web\\\/conmocion-en-las-redes-sociales-por-la-muerte-de-una-promotora-tucumana\\\/#primaryimage\",\"url\":\"https:\\\/\\\/www.eldiariodetucuman.com\\\/web\\\/wp-content\\\/uploads\\\/2018\\\/02\\\/6ad27898f31a4a14535f8d8472d8b4a0.jpeg\",\"contentUrl\":\"https:\\\/\\\/www.eldiariodetucuman.com\\\/web\\\/wp-content\\\/uploads\\\/2018\\\/02\\\/6ad27898f31a4a14535f8d8472d8b4a0.jpeg\",\"width\":1500,\"height\":850},{\"@type\":\"BreadcrumbList\",\"@id\":\"https:\\\/\\\/www.eldiariodetucuman.com\\\/web\\\/conmocion-en-las-redes-sociales-por-la-muerte-de-una-promotora-tucumana\\\/#breadcrumb\",\"itemListElement\":[{\"@type\":\"ListItem\",\"position\":1,\"name\":\"Portada\",\"item\":\"https:\\\/\\\/www.eldiariodetucuman.com\\\/web\\\/\"},{\"@type\":\"ListItem\",\"position\":2,\"name\":\"Conmoci\u00f3n en las redes sociales por la muerte de una promotora tucumana\"}]},{\"@type\":\"WebSite\",\"@id\":\"https:\\\/\\\/www.eldiariodetucuman.com\\\/web\\\/#website\",\"url\":\"https:\\\/\\\/www.eldiariodetucuman.com\\\/web\\\/\",\"name\":\"El Diario de Tucuman\",\"description\":\"Diario Tucuman - Informaci\u00f3n y noticias\",\"publisher\":{\"@id\":\"https:\\\/\\\/www.eldiariodetucuman.com\\\/web\\\/#organization\"},\"potentialAction\":[{\"@type\":\"SearchAction\",\"target\":{\"@type\":\"EntryPoint\",\"urlTemplate\":\"https:\\\/\\\/www.eldiariodetucuman.com\\\/web\\\/?s={search_term_string}\"},\"query-input\":{\"@type\":\"PropertyValueSpecification\",\"valueRequired\":true,\"valueName\":\"search_term_string\"}}],\"inLanguage\":\"es\"},{\"@type\":\"Organization\",\"@id\":\"https:\\\/\\\/www.eldiariodetucuman.com\\\/web\\\/#organization\",\"name\":\"El Diario de Tucuman\",\"url\":\"https:\\\/\\\/www.eldiariodetucuman.com\\\/web\\\/\",\"logo\":{\"@type\":\"ImageObject\",\"inLanguage\":\"es\",\"@id\":\"https:\\\/\\\/www.eldiariodetucuman.com\\\/web\\\/#\\\/schema\\\/logo\\\/image\\\/\",\"url\":\"http:\\\/\\\/www.eldiariodetucuman.com\\\/web\\\/wp-content\\\/uploads\\\/2017\\\/12\\\/el-diario-de-tucuman.jpg\",\"contentUrl\":\"http:\\\/\\\/www.eldiariodetucuman.com\\\/web\\\/wp-content\\\/uploads\\\/2017\\\/12\\\/el-diario-de-tucuman.jpg\",\"width\":272,\"height\":92,\"caption\":\"El Diario de Tucuman\"},\"image\":{\"@id\":\"https:\\\/\\\/www.eldiariodetucuman.com\\\/web\\\/#\\\/schema\\\/logo\\\/image\\\/\"}},{\"@type\":\"Person\",\"@id\":\"https:\\\/\\\/www.eldiariodetucuman.com\\\/web\\\/#\\\/schema\\\/person\\\/9250197d75ab5483412e19678b121caa\",\"name\":\"admin\",\"image\":{\"@type\":\"ImageObject\",\"inLanguage\":\"es\",\"@id\":\"https:\\\/\\\/secure.gravatar.com\\\/avatar\\\/c44d117c2be811212c22cb481f6b8384b6873de103fbc49e7a03cc58d7dea4ac?s=96&d=mm&r=g\",\"url\":\"https:\\\/\\\/secure.gravatar.com\\\/avatar\\\/c44d117c2be811212c22cb481f6b8384b6873de103fbc49e7a03cc58d7dea4ac?s=96&d=mm&r=g\",\"contentUrl\":\"https:\\\/\\\/secure.gravatar.com\\\/avatar\\\/c44d117c2be811212c22cb481f6b8384b6873de103fbc49e7a03cc58d7dea4ac?s=96&d=mm&r=g\",\"caption\":\"admin\"},\"url\":\"https:\\\/\\\/www.eldiariodetucuman.com\\\/web\\\/author\\\/admin\\\/\"}]}<\/script>\n<!-- \/ Yoast SEO plugin. -->","yoast_head_json":{"title":"Conmoci\u00f3n en las redes sociales por la muerte de una promotora tucumana - El Diario de Tucuman","robots":{"index":"index","follow":"follow","max-snippet":"max-snippet:-1","max-image-preview":"max-image-preview:large","max-video-preview":"max-video-preview:-1"},"canonical":"https:\/\/www.eldiariodetucuman.com\/web\/conmocion-en-las-redes-sociales-por-la-muerte-de-una-promotora-tucumana\/","og_locale":"es_ES","og_type":"article","og_title":"Conmoci\u00f3n en las redes sociales por la muerte de una promotora tucumana - El Diario de Tucuman","og_description":"La muerte de una joven promotora tucumana gener\u00f3 conmoci\u00f3n en las redes sociales. Se trata de Florencia Natal\u00ed Duport, quien falleci\u00f3 ayer luego de sufrir un accidente el pasado mi\u00e9rcoles en San Andr\u00e9s. Duport hab\u00eda sido trasladada de urgencia al hospital Padilla, donde muri\u00f3 luego de agonizar durante casi 24 horas. Sus restos fueron despedidos [&hellip;]","og_url":"https:\/\/www.eldiariodetucuman.com\/web\/conmocion-en-las-redes-sociales-por-la-muerte-de-una-promotora-tucumana\/","og_site_name":"El Diario de Tucuman","article_published_time":"2018-02-23T15:14:51+00:00","article_modified_time":"2018-02-23T15:14:55+00:00","og_image":[{"width":1500,"height":850,"url":"https:\/\/www.eldiariodetucuman.com\/web\/wp-content\/uploads\/2018\/02\/6ad27898f31a4a14535f8d8472d8b4a0.jpeg","type":"image\/jpeg"}],"author":"admin","twitter_card":"summary_large_image","twitter_misc":{"Escrito por":"admin","Tiempo de lectura":"1 minuto"},"schema":{"@context":"https:\/\/schema.org","@graph":[{"@type":"Article","@id":"https:\/\/www.eldiariodetucuman.com\/web\/conmocion-en-las-redes-sociales-por-la-muerte-de-una-promotora-tucumana\/#article","isPartOf":{"@id":"https:\/\/www.eldiariodetucuman.com\/web\/conmocion-en-las-redes-sociales-por-la-muerte-de-una-promotora-tucumana\/"},"author":{"name":"admin","@id":"https:\/\/www.eldiariodetucuman.com\/web\/#\/schema\/person\/9250197d75ab5483412e19678b121caa"},"headline":"Conmoci\u00f3n en las redes sociales por la muerte de una promotora tucumana","datePublished":"2018-02-23T15:14:51+00:00","dateModified":"2018-02-23T15:14:55+00:00","mainEntityOfPage":{"@id":"https:\/\/www.eldiariodetucuman.com\/web\/conmocion-en-las-redes-sociales-por-la-muerte-de-una-promotora-tucumana\/"},"wordCount":182,"commentCount":0,"publisher":{"@id":"https:\/\/www.eldiariodetucuman.com\/web\/#organization"},"image":{"@id":"https:\/\/www.eldiariodetucuman.com\/web\/conmocion-en-las-redes-sociales-por-la-muerte-de-una-promotora-tucumana\/#primaryimage"},"thumbnailUrl":"https:\/\/www.eldiariodetucuman.com\/web\/wp-content\/uploads\/2018\/02\/6ad27898f31a4a14535f8d8472d8b4a0.jpeg","articleSection":["Portada"],"inLanguage":"es","potentialAction":[{"@type":"CommentAction","name":"Comment","target":["https:\/\/www.eldiariodetucuman.com\/web\/conmocion-en-las-redes-sociales-por-la-muerte-de-una-promotora-tucumana\/#respond"]}]},{"@type":"WebPage","@id":"https:\/\/www.eldiariodetucuman.com\/web\/conmocion-en-las-redes-sociales-por-la-muerte-de-una-promotora-tucumana\/","url":"https:\/\/www.eldiariodetucuman.com\/web\/conmocion-en-las-redes-sociales-por-la-muerte-de-una-promotora-tucumana\/","name":"Conmoci\u00f3n en las redes sociales por la muerte de una promotora tucumana - El Diario de Tucuman","isPartOf":{"@id":"https:\/\/www.eldiariodetucuman.com\/web\/#website"},"primaryImageOfPage":{"@id":"https:\/\/www.eldiariodetucuman.com\/web\/conmocion-en-las-redes-sociales-por-la-muerte-de-una-promotora-tucumana\/#primaryimage"},"image":{"@id":"https:\/\/www.eldiariodetucuman.com\/web\/conmocion-en-las-redes-sociales-por-la-muerte-de-una-promotora-tucumana\/#primaryimage"},"thumbnailUrl":"https:\/\/www.eldiariodetucuman.com\/web\/wp-content\/uploads\/2018\/02\/6ad27898f31a4a14535f8d8472d8b4a0.jpeg","datePublished":"2018-02-23T15:14:51+00:00","dateModified":"2018-02-23T15:14:55+00:00","breadcrumb":{"@id":"https:\/\/www.eldiariodetucuman.com\/web\/conmocion-en-las-redes-sociales-por-la-muerte-de-una-promotora-tucumana\/#breadcrumb"},"inLanguage":"es","potentialAction":[{"@type":"ReadAction","target":["https:\/\/www.eldiariodetucuman.com\/web\/conmocion-en-las-redes-sociales-por-la-muerte-de-una-promotora-tucumana\/"]}]},{"@type":"ImageObject","inLanguage":"es","@id":"https:\/\/www.eldiariodetucuman.com\/web\/conmocion-en-las-redes-sociales-por-la-muerte-de-una-promotora-tucumana\/#primaryimage","url":"https:\/\/www.eldiariodetucuman.com\/web\/wp-content\/uploads\/2018\/02\/6ad27898f31a4a14535f8d8472d8b4a0.jpeg","contentUrl":"https:\/\/www.eldiariodetucuman.com\/web\/wp-content\/uploads\/2018\/02\/6ad27898f31a4a14535f8d8472d8b4a0.jpeg","width":1500,"height":850},{"@type":"BreadcrumbList","@id":"https:\/\/www.eldiariodetucuman.com\/web\/conmocion-en-las-redes-sociales-por-la-muerte-de-una-promotora-tucumana\/#breadcrumb","itemListElement":[{"@type":"ListItem","position":1,"name":"Portada","item":"https:\/\/www.eldiariodetucuman.com\/web\/"},{"@type":"ListItem","position":2,"name":"Conmoci\u00f3n en las redes sociales por la muerte de una promotora tucumana"}]},{"@type":"WebSite","@id":"https:\/\/www.eldiariodetucuman.com\/web\/#website","url":"https:\/\/www.eldiariodetucuman.com\/web\/","name":"El Diario de Tucuman","description":"Diario Tucuman - Informaci\u00f3n y noticias","publisher":{"@id":"https:\/\/www.eldiariodetucuman.com\/web\/#organization"},"potentialAction":[{"@type":"SearchAction","target":{"@type":"EntryPoint","urlTemplate":"https:\/\/www.eldiariodetucuman.com\/web\/?s={search_term_string}"},"query-input":{"@type":"PropertyValueSpecification","valueRequired":true,"valueName":"search_term_string"}}],"inLanguage":"es"},{"@type":"Organization","@id":"https:\/\/www.eldiariodetucuman.com\/web\/#organization","name":"El Diario de Tucuman","url":"https:\/\/www.eldiariodetucuman.com\/web\/","logo":{"@type":"ImageObject","inLanguage":"es","@id":"https:\/\/www.eldiariodetucuman.com\/web\/#\/schema\/logo\/image\/","url":"http:\/\/www.eldiariodetucuman.com\/web\/wp-content\/uploads\/2017\/12\/el-diario-de-tucuman.jpg","contentUrl":"http:\/\/www.eldiariodetucuman.com\/web\/wp-content\/uploads\/2017\/12\/el-diario-de-tucuman.jpg","width":272,"height":92,"caption":"El Diario de Tucuman"},"image":{"@id":"https:\/\/www.eldiariodetucuman.com\/web\/#\/schema\/logo\/image\/"}},{"@type":"Person","@id":"https:\/\/www.eldiariodetucuman.com\/web\/#\/schema\/person\/9250197d75ab5483412e19678b121caa","name":"admin","image":{"@type":"ImageObject","inLanguage":"es","@id":"https:\/\/secure.gravatar.com\/avatar\/c44d117c2be811212c22cb481f6b8384b6873de103fbc49e7a03cc58d7dea4ac?s=96&d=mm&r=g","url":"https:\/\/secure.gravatar.com\/avatar\/c44d117c2be811212c22cb481f6b8384b6873de103fbc49e7a03cc58d7dea4ac?s=96&d=mm&r=g","contentUrl":"https:\/\/secure.gravatar.com\/avatar\/c44d117c2be811212c22cb481f6b8384b6873de103fbc49e7a03cc58d7dea4ac?s=96&d=mm&r=g","caption":"admin"},"url":"https:\/\/www.eldiariodetucuman.com\/web\/author\/admin\/"}]}},"_links":{"self":[{"href":"https:\/\/www.eldiariodetucuman.com\/web\/wp-json\/wp\/v2\/posts\/5767","targetHints":{"allow":["GET"]}}],"collection":[{"href":"https:\/\/www.eldiariodetucuman.com\/web\/wp-json\/wp\/v2\/posts"}],"about":[{"href":"https:\/\/www.eldiariodetucuman.com\/web\/wp-json\/wp\/v2\/types\/post"}],"author":[{"embeddable":true,"href":"https:\/\/www.eldiariodetucuman.com\/web\/wp-json\/wp\/v2\/users\/1"}],"replies":[{"embeddable":true,"href":"https:\/\/www.eldiariodetucuman.com\/web\/wp-json\/wp\/v2\/comments?post=5767"}],"version-history":[{"count":1,"href":"https:\/\/www.eldiariodetucuman.com\/web\/wp-json\/wp\/v2\/posts\/5767\/revisions"}],"predecessor-version":[{"id":5769,"href":"https:\/\/www.eldiariodetucuman.com\/web\/wp-json\/wp\/v2\/posts\/5767\/revisions\/5769"}],"wp:featuredmedia":[{"embeddable":true,"href":"https:\/\/www.eldiariodetucuman.com\/web\/wp-json\/wp\/v2\/media\/5768"}],"wp:attachment":[{"href":"https:\/\/www.eldiariodetucuman.com\/web\/wp-json\/wp\/v2\/media?parent=5767"}],"wp:term":[{"taxonomy":"category","embeddable":true,"href":"https:\/\/www.eldiariodetucuman.com\/web\/wp-json\/wp\/v2\/categories?post=5767"},{"taxonomy":"post_tag","embeddable":true,"href":"https:\/\/www.eldiariodetucuman.com\/web\/wp-json\/wp\/v2\/tags?post=5767"}],"curies":[{"name":"wp","href":"https:\/\/api.w.org\/{rel}","templated":true}]}}