{"id":5749,"date":"2018-02-23T11:42:14","date_gmt":"2018-02-23T14:42:14","guid":{"rendered":"http:\/\/www.eldiariodetucuman.com\/web\/el-paso-a-paso-para-no-perder-el-hilo-del-conflicto-docente\/"},"modified":"2018-02-23T11:42:16","modified_gmt":"2018-02-23T14:42:16","slug":"el-paso-a-paso-para-no-perder-el-hilo-del-conflicto-docente","status":"publish","type":"post","link":"https:\/\/www.eldiariodetucuman.com\/web\/el-paso-a-paso-para-no-perder-el-hilo-del-conflicto-docente\/","title":{"rendered":"El paso a paso para no perder el hilo del conflicto docente"},"content":{"rendered":"<div>\n<div readability=\"84.063499876938\">\n<p>Mantenerse al d\u00eda con el<a href=\"https:\/\/www.elintransigente.com\/noticias\/buscar\/?buscar=docentes\"> conflicto docente<\/a> puede ser una tarea complicada si no se tienen en cuenta qui\u00e9nes son los actores principales en una novela que arranc\u00f3 hace ya varias semanas, y que m\u00e1s que un estreno\u00a0parece una \u201cremake\u201d.\u00a0<\/p>\n<p>Para no perderse ning\u00fan cap\u00edtulo,<a href=\"https:\/\/www.elintransigente.com\/\"> El Intransigente<\/a> arm\u00f3 el \u201c<strong>Manual b\u00e1sico de la paritaria docente<\/strong>\u201d, una especie de gu\u00eda para no perderle el hilo al conflicto y entender por qu\u00e9 no se llega a un acuerdo.\u00a0<\/p>\n<p>En la \u00faltima reuni\u00f3n, que se llev\u00f3 a cabo ayer, volvieron a reunirse los funcionarios del gobierno bonaerense con los referentes de los sindicatos de la Provincia y les propusieron\u00a0la misma cifra que los docentes ya hab\u00edan rechazado la semana pasada: <strong>15 por ciento en tres etapas a pagar en enero, mayo y septiembre.\u00a0<\/strong><\/p>\n<p>Con el objetivo de hacer m\u00e1s atractiva la oferta, los oficialistas <strong>sumaron un bono por presentismo de 6 mil pesos<\/strong> para aquellos que no falten durante el ciclo lectivo. Adem\u00e1s, contemplaron que los\u00a0docentes que faltaron\u00a0hasta 4 veces tambi\u00e9n reciban un pago extra de 4500 pesos;\u00a0y de 3 mil\u00a0para los que logren mantenerse por debajo de las 8 faltas.\u00a0Adem\u00e1s, el ministerio de Educaci\u00f3n provincial puso sobre la mesa un reconocimiento al <strong>presentismo retroactivo del 2017 de 4500 pesos<\/strong>, que no se superpone al de este a\u00f1o.\u00a0<\/p>\n<p>A pesar de que se trat\u00f3 de una oferta superadora a la realizada la \u00faltima vez, ya que en la primera oportunidad no se hab\u00eda hablado del bono al presentismo para el a\u00f1o vigente, <a href=\"https:\/\/www.elintransigente.com\/politica\/2018\/2\/22\/los-docentes-rechazaron-la-oferta-de-vidal-479748.html\">los docentes volvieron a decirle \u201cno\u201d a la gobernadora<\/a> Mar\u00eda Eugenia Vidal.\u00a0<\/p>\n<p>En tanto,<strong> los gremios piden<\/strong> una suba que supere la cifra que el macrismo busca instalar para todos los rubros y que est\u00e9 m\u00e1s vinculada a los indicadores de inflaci\u00f3n y que<strong> <\/strong>estar\u00eda <strong>en torno al 19 por ciento<\/strong>.\u00a0<\/p>\n<p>Adem\u00e1s, buscan llegar a un acuerdo en relaci\u00f3n a la <strong>habilitaci\u00f3n de la \u201ccl\u00e1usula gatillo\u201d<\/strong> de actualizaci\u00f3n autom\u00e1tica y a\u00a0la <strong>discusi\u00f3n de una paritaria a nivel nacional<\/strong>, dos pedidos que parecieran no ser demasiados factibles en el escenario actual y que no figuran en el \u00edndice de ninguno de los\u00a0manuales de Cambiemos.\u00a0<\/p>\n<p>La tensi\u00f3n sigue en aumento en la jornada de hoy, luego de que el ministro de Econom\u00eda provincial, Hern\u00e1n Lacunza, defendiera el 15 por ciento, sin cl\u00e1usula gatillo, y lanzara una suerte de advertencia a los docentes: \u201c<a href=\"https:\/\/www.elintransigente.com\/politica\/2018\/2\/23\/el-gobierno-bonaerense-aviso-que-hay-escasez-de-recursos-479755.html\">La Provincia tiene un problema de escasez de recursos<\/a>\u201d.\u00a0<\/p>\n<p>Asimismo, el funcionario macrista puso <strong>en manos de las paritarias docentes la situaci\u00f3n financiera de la Provincia<\/strong> al blanquear que existe un <strong>d\u00e9ficit de 30 mil millones<\/strong> de pesos para el 2018 y asegurar que, de subirse m\u00e1s el sueldo de los maestros, se correr\u00eda el riesgo de \u201c<strong>hipotecar el futuro de los bonaerenses<\/strong>\u201d.<\/p>\n<p>Mientras desde ambos sectores se deslindan responsabilidades, el reloj sigue corriendo y crece la \u00a0incertidumbre de la comunidad educativa, que no sabe si el 5 de marzo comenzar\u00e1n las clases.<br \/>\n\u00a0<br \/>\nUno de los pocos puntos en com\u00fan que hasta el momento parecieran tener los funcionarios oficialistas y los referentes de los gremios es que ambos dicen poner por delante de sus intereses a <a href=\"https:\/\/www.elintransigente.com\/politica\/2018\/2\/21\/villegas-aseguro-trabajamos-para-que-los-gremialistas-entiendan-que-estan-los-chicos-en-el-medio-479534.html\">\u201clos chicos<\/a>\u201d, aunque terminen se\u00f1al\u00e1ndose mutuamente como los responsables del conflicto.\u00a0<\/p>\n<p>Desde el Gobierno insisten en instalar que quieren continuar la discusi\u00f3n salarial \u201c<strong>con los chicos en las aulas<\/strong>\u201d; mientras los docentes insisten en que<a href=\"https:\/\/www.elintransigente.com\/politica\/2018\/2\/20\/baradel-le-pidio-vidal-que-convoque-los-docentes-479353.html\"> fueron los mismos funcionarios los que dilataron hasta mediados de febrero las reuniones<\/a> y fuerzan la situaci\u00f3n de tensi\u00f3n.<\/p>\n<p>No resolver la puja salarial antes de la fecha estimada del inicio de clases no dejar\u00eda en una buena situaci\u00f3n a ninguno, pero podr\u00eda ser a\u00fan m\u00e1s negativo para\u00a0los sindicalistas, que durante la extensa discusi\u00f3n del a\u00f1o pasado\u00a0fueron altamente <a href=\"https:\/\/www.elintransigente.com\/politica\/2018\/2\/20\/los-lectores-de-el-intransigente-estan-en-contra-de-un-paro-docente-479453.html\">criticados por la gente <\/a>e incluso por muchos de los docentes, que de todas formas se presentaron en las escuelas.<br \/>\nEn tanto, para el Gobierno, correr hasta el \u00faltimo minuto la fecha del acuerdo podr\u00eda significar una salida \u201celegante\u201d y la manera de garantizarse que los maestros cedan ante la presi\u00f3n social.\u00a0<br \/>\n\u00a0<\/p>\n<\/div>\n<\/div>\n<p>Fuente: https:\/\/www.elintransigente.com\/politica\/2018\/2\/23\/el-paso-paso-para-no-perder-el-hilo-del-conflicto-docente-479762.html<\/p>\n","protected":false},"excerpt":{"rendered":"<p>Mantenerse al d\u00eda con el conflicto docente puede ser una tarea complicada si no se tienen en cuenta qui\u00e9nes son los actores principales en una novela que arranc\u00f3 hace ya varias semanas, y que m\u00e1s que un estreno\u00a0parece una \u201cremake\u201d.\u00a0 Para no perderse ning\u00fan cap\u00edtulo, El Intransigente arm\u00f3 el \u201cManual b\u00e1sico de la paritaria docente\u201d, [&hellip;]<\/p>\n","protected":false},"author":1,"featured_media":5750,"comment_status":"open","ping_status":"closed","sticky":false,"template":"","format":"standard","meta":{"footnotes":""},"categories":[1],"tags":[],"class_list":{"0":"post-5749","1":"post","2":"type-post","3":"status-publish","4":"format-standard","5":"has-post-thumbnail","7":"category-portada"},"yoast_head":"<!-- This site is optimized with the Yoast SEO plugin v27.5 - https:\/\/yoast.com\/product\/yoast-seo-wordpress\/ -->\n<title>El paso a paso para no perder el hilo del conflicto docente - El Diario de Tucuman<\/title>\n<meta name=\"robots\" content=\"index, follow, max-snippet:-1, max-image-preview:large, max-video-preview:-1\" \/>\n<link rel=\"canonical\" href=\"https:\/\/www.eldiariodetucuman.com\/web\/el-paso-a-paso-para-no-perder-el-hilo-del-conflicto-docente\/\" \/>\n<meta property=\"og:locale\" content=\"es_ES\" \/>\n<meta property=\"og:type\" content=\"article\" \/>\n<meta property=\"og:title\" content=\"El paso a paso para no perder el hilo del conflicto docente - El Diario de Tucuman\" \/>\n<meta property=\"og:description\" content=\"Mantenerse al d\u00eda con el conflicto docente puede ser una tarea complicada si no se tienen en cuenta qui\u00e9nes son los actores principales en una novela que arranc\u00f3 hace ya varias semanas, y que m\u00e1s que un estreno\u00a0parece una \u201cremake\u201d.\u00a0 Para no perderse ning\u00fan cap\u00edtulo, El Intransigente arm\u00f3 el \u201cManual b\u00e1sico de la paritaria docente\u201d, [&hellip;]\" \/>\n<meta property=\"og:url\" content=\"https:\/\/www.eldiariodetucuman.com\/web\/el-paso-a-paso-para-no-perder-el-hilo-del-conflicto-docente\/\" \/>\n<meta property=\"og:site_name\" content=\"El Diario de Tucuman\" \/>\n<meta property=\"article:published_time\" content=\"2018-02-23T14:42:14+00:00\" \/>\n<meta property=\"article:modified_time\" content=\"2018-02-23T14:42:16+00:00\" \/>\n<meta property=\"og:image\" content=\"https:\/\/www.eldiariodetucuman.com\/web\/wp-content\/uploads\/2018\/02\/de544b16d8dbb2a97fa3cdaffa51a80e.jpeg\" \/>\n\t<meta property=\"og:image:width\" content=\"960\" \/>\n\t<meta property=\"og:image:height\" content=\"536\" \/>\n\t<meta property=\"og:image:type\" content=\"image\/jpeg\" \/>\n<meta name=\"author\" content=\"admin\" \/>\n<meta name=\"twitter:card\" content=\"summary_large_image\" \/>\n<meta name=\"twitter:label1\" content=\"Escrito por\" \/>\n\t<meta name=\"twitter:data1\" content=\"admin\" \/>\n\t<meta name=\"twitter:label2\" content=\"Tiempo de lectura\" \/>\n\t<meta name=\"twitter:data2\" content=\"4 minutos\" \/>\n<script type=\"application\/ld+json\" class=\"yoast-schema-graph\">{\"@context\":\"https:\\\/\\\/schema.org\",\"@graph\":[{\"@type\":\"Article\",\"@id\":\"https:\\\/\\\/www.eldiariodetucuman.com\\\/web\\\/el-paso-a-paso-para-no-perder-el-hilo-del-conflicto-docente\\\/#article\",\"isPartOf\":{\"@id\":\"https:\\\/\\\/www.eldiariodetucuman.com\\\/web\\\/el-paso-a-paso-para-no-perder-el-hilo-del-conflicto-docente\\\/\"},\"author\":{\"name\":\"admin\",\"@id\":\"https:\\\/\\\/www.eldiariodetucuman.com\\\/web\\\/#\\\/schema\\\/person\\\/9250197d75ab5483412e19678b121caa\"},\"headline\":\"El paso a paso para no perder el hilo del conflicto docente\",\"datePublished\":\"2018-02-23T14:42:14+00:00\",\"dateModified\":\"2018-02-23T14:42:16+00:00\",\"mainEntityOfPage\":{\"@id\":\"https:\\\/\\\/www.eldiariodetucuman.com\\\/web\\\/el-paso-a-paso-para-no-perder-el-hilo-del-conflicto-docente\\\/\"},\"wordCount\":730,\"commentCount\":0,\"publisher\":{\"@id\":\"https:\\\/\\\/www.eldiariodetucuman.com\\\/web\\\/#organization\"},\"image\":{\"@id\":\"https:\\\/\\\/www.eldiariodetucuman.com\\\/web\\\/el-paso-a-paso-para-no-perder-el-hilo-del-conflicto-docente\\\/#primaryimage\"},\"thumbnailUrl\":\"https:\\\/\\\/www.eldiariodetucuman.com\\\/web\\\/wp-content\\\/uploads\\\/2018\\\/02\\\/de544b16d8dbb2a97fa3cdaffa51a80e.jpeg\",\"articleSection\":[\"Portada\"],\"inLanguage\":\"es\",\"potentialAction\":[{\"@type\":\"CommentAction\",\"name\":\"Comment\",\"target\":[\"https:\\\/\\\/www.eldiariodetucuman.com\\\/web\\\/el-paso-a-paso-para-no-perder-el-hilo-del-conflicto-docente\\\/#respond\"]}]},{\"@type\":\"WebPage\",\"@id\":\"https:\\\/\\\/www.eldiariodetucuman.com\\\/web\\\/el-paso-a-paso-para-no-perder-el-hilo-del-conflicto-docente\\\/\",\"url\":\"https:\\\/\\\/www.eldiariodetucuman.com\\\/web\\\/el-paso-a-paso-para-no-perder-el-hilo-del-conflicto-docente\\\/\",\"name\":\"El paso a paso para no perder el hilo del conflicto docente - El Diario de Tucuman\",\"isPartOf\":{\"@id\":\"https:\\\/\\\/www.eldiariodetucuman.com\\\/web\\\/#website\"},\"primaryImageOfPage\":{\"@id\":\"https:\\\/\\\/www.eldiariodetucuman.com\\\/web\\\/el-paso-a-paso-para-no-perder-el-hilo-del-conflicto-docente\\\/#primaryimage\"},\"image\":{\"@id\":\"https:\\\/\\\/www.eldiariodetucuman.com\\\/web\\\/el-paso-a-paso-para-no-perder-el-hilo-del-conflicto-docente\\\/#primaryimage\"},\"thumbnailUrl\":\"https:\\\/\\\/www.eldiariodetucuman.com\\\/web\\\/wp-content\\\/uploads\\\/2018\\\/02\\\/de544b16d8dbb2a97fa3cdaffa51a80e.jpeg\",\"datePublished\":\"2018-02-23T14:42:14+00:00\",\"dateModified\":\"2018-02-23T14:42:16+00:00\",\"breadcrumb\":{\"@id\":\"https:\\\/\\\/www.eldiariodetucuman.com\\\/web\\\/el-paso-a-paso-para-no-perder-el-hilo-del-conflicto-docente\\\/#breadcrumb\"},\"inLanguage\":\"es\",\"potentialAction\":[{\"@type\":\"ReadAction\",\"target\":[\"https:\\\/\\\/www.eldiariodetucuman.com\\\/web\\\/el-paso-a-paso-para-no-perder-el-hilo-del-conflicto-docente\\\/\"]}]},{\"@type\":\"ImageObject\",\"inLanguage\":\"es\",\"@id\":\"https:\\\/\\\/www.eldiariodetucuman.com\\\/web\\\/el-paso-a-paso-para-no-perder-el-hilo-del-conflicto-docente\\\/#primaryimage\",\"url\":\"https:\\\/\\\/www.eldiariodetucuman.com\\\/web\\\/wp-content\\\/uploads\\\/2018\\\/02\\\/de544b16d8dbb2a97fa3cdaffa51a80e.jpeg\",\"contentUrl\":\"https:\\\/\\\/www.eldiariodetucuman.com\\\/web\\\/wp-content\\\/uploads\\\/2018\\\/02\\\/de544b16d8dbb2a97fa3cdaffa51a80e.jpeg\",\"width\":960,\"height\":536},{\"@type\":\"BreadcrumbList\",\"@id\":\"https:\\\/\\\/www.eldiariodetucuman.com\\\/web\\\/el-paso-a-paso-para-no-perder-el-hilo-del-conflicto-docente\\\/#breadcrumb\",\"itemListElement\":[{\"@type\":\"ListItem\",\"position\":1,\"name\":\"Portada\",\"item\":\"https:\\\/\\\/www.eldiariodetucuman.com\\\/web\\\/\"},{\"@type\":\"ListItem\",\"position\":2,\"name\":\"El paso a paso para no perder el hilo del conflicto docente\"}]},{\"@type\":\"WebSite\",\"@id\":\"https:\\\/\\\/www.eldiariodetucuman.com\\\/web\\\/#website\",\"url\":\"https:\\\/\\\/www.eldiariodetucuman.com\\\/web\\\/\",\"name\":\"El Diario de Tucuman\",\"description\":\"Diario Tucuman - Informaci\u00f3n y noticias\",\"publisher\":{\"@id\":\"https:\\\/\\\/www.eldiariodetucuman.com\\\/web\\\/#organization\"},\"potentialAction\":[{\"@type\":\"SearchAction\",\"target\":{\"@type\":\"EntryPoint\",\"urlTemplate\":\"https:\\\/\\\/www.eldiariodetucuman.com\\\/web\\\/?s={search_term_string}\"},\"query-input\":{\"@type\":\"PropertyValueSpecification\",\"valueRequired\":true,\"valueName\":\"search_term_string\"}}],\"inLanguage\":\"es\"},{\"@type\":\"Organization\",\"@id\":\"https:\\\/\\\/www.eldiariodetucuman.com\\\/web\\\/#organization\",\"name\":\"El Diario de Tucuman\",\"url\":\"https:\\\/\\\/www.eldiariodetucuman.com\\\/web\\\/\",\"logo\":{\"@type\":\"ImageObject\",\"inLanguage\":\"es\",\"@id\":\"https:\\\/\\\/www.eldiariodetucuman.com\\\/web\\\/#\\\/schema\\\/logo\\\/image\\\/\",\"url\":\"http:\\\/\\\/www.eldiariodetucuman.com\\\/web\\\/wp-content\\\/uploads\\\/2017\\\/12\\\/el-diario-de-tucuman.jpg\",\"contentUrl\":\"http:\\\/\\\/www.eldiariodetucuman.com\\\/web\\\/wp-content\\\/uploads\\\/2017\\\/12\\\/el-diario-de-tucuman.jpg\",\"width\":272,\"height\":92,\"caption\":\"El Diario de Tucuman\"},\"image\":{\"@id\":\"https:\\\/\\\/www.eldiariodetucuman.com\\\/web\\\/#\\\/schema\\\/logo\\\/image\\\/\"}},{\"@type\":\"Person\",\"@id\":\"https:\\\/\\\/www.eldiariodetucuman.com\\\/web\\\/#\\\/schema\\\/person\\\/9250197d75ab5483412e19678b121caa\",\"name\":\"admin\",\"image\":{\"@type\":\"ImageObject\",\"inLanguage\":\"es\",\"@id\":\"https:\\\/\\\/secure.gravatar.com\\\/avatar\\\/c44d117c2be811212c22cb481f6b8384b6873de103fbc49e7a03cc58d7dea4ac?s=96&d=mm&r=g\",\"url\":\"https:\\\/\\\/secure.gravatar.com\\\/avatar\\\/c44d117c2be811212c22cb481f6b8384b6873de103fbc49e7a03cc58d7dea4ac?s=96&d=mm&r=g\",\"contentUrl\":\"https:\\\/\\\/secure.gravatar.com\\\/avatar\\\/c44d117c2be811212c22cb481f6b8384b6873de103fbc49e7a03cc58d7dea4ac?s=96&d=mm&r=g\",\"caption\":\"admin\"},\"url\":\"https:\\\/\\\/www.eldiariodetucuman.com\\\/web\\\/author\\\/admin\\\/\"}]}<\/script>\n<!-- \/ Yoast SEO plugin. -->","yoast_head_json":{"title":"El paso a paso para no perder el hilo del conflicto docente - El Diario de Tucuman","robots":{"index":"index","follow":"follow","max-snippet":"max-snippet:-1","max-image-preview":"max-image-preview:large","max-video-preview":"max-video-preview:-1"},"canonical":"https:\/\/www.eldiariodetucuman.com\/web\/el-paso-a-paso-para-no-perder-el-hilo-del-conflicto-docente\/","og_locale":"es_ES","og_type":"article","og_title":"El paso a paso para no perder el hilo del conflicto docente - El Diario de Tucuman","og_description":"Mantenerse al d\u00eda con el conflicto docente puede ser una tarea complicada si no se tienen en cuenta qui\u00e9nes son los actores principales en una novela que arranc\u00f3 hace ya varias semanas, y que m\u00e1s que un estreno\u00a0parece una \u201cremake\u201d.\u00a0 Para no perderse ning\u00fan cap\u00edtulo, El Intransigente arm\u00f3 el \u201cManual b\u00e1sico de la paritaria docente\u201d, [&hellip;]","og_url":"https:\/\/www.eldiariodetucuman.com\/web\/el-paso-a-paso-para-no-perder-el-hilo-del-conflicto-docente\/","og_site_name":"El Diario de Tucuman","article_published_time":"2018-02-23T14:42:14+00:00","article_modified_time":"2018-02-23T14:42:16+00:00","og_image":[{"width":960,"height":536,"url":"https:\/\/www.eldiariodetucuman.com\/web\/wp-content\/uploads\/2018\/02\/de544b16d8dbb2a97fa3cdaffa51a80e.jpeg","type":"image\/jpeg"}],"author":"admin","twitter_card":"summary_large_image","twitter_misc":{"Escrito por":"admin","Tiempo de lectura":"4 minutos"},"schema":{"@context":"https:\/\/schema.org","@graph":[{"@type":"Article","@id":"https:\/\/www.eldiariodetucuman.com\/web\/el-paso-a-paso-para-no-perder-el-hilo-del-conflicto-docente\/#article","isPartOf":{"@id":"https:\/\/www.eldiariodetucuman.com\/web\/el-paso-a-paso-para-no-perder-el-hilo-del-conflicto-docente\/"},"author":{"name":"admin","@id":"https:\/\/www.eldiariodetucuman.com\/web\/#\/schema\/person\/9250197d75ab5483412e19678b121caa"},"headline":"El paso a paso para no perder el hilo del conflicto docente","datePublished":"2018-02-23T14:42:14+00:00","dateModified":"2018-02-23T14:42:16+00:00","mainEntityOfPage":{"@id":"https:\/\/www.eldiariodetucuman.com\/web\/el-paso-a-paso-para-no-perder-el-hilo-del-conflicto-docente\/"},"wordCount":730,"commentCount":0,"publisher":{"@id":"https:\/\/www.eldiariodetucuman.com\/web\/#organization"},"image":{"@id":"https:\/\/www.eldiariodetucuman.com\/web\/el-paso-a-paso-para-no-perder-el-hilo-del-conflicto-docente\/#primaryimage"},"thumbnailUrl":"https:\/\/www.eldiariodetucuman.com\/web\/wp-content\/uploads\/2018\/02\/de544b16d8dbb2a97fa3cdaffa51a80e.jpeg","articleSection":["Portada"],"inLanguage":"es","potentialAction":[{"@type":"CommentAction","name":"Comment","target":["https:\/\/www.eldiariodetucuman.com\/web\/el-paso-a-paso-para-no-perder-el-hilo-del-conflicto-docente\/#respond"]}]},{"@type":"WebPage","@id":"https:\/\/www.eldiariodetucuman.com\/web\/el-paso-a-paso-para-no-perder-el-hilo-del-conflicto-docente\/","url":"https:\/\/www.eldiariodetucuman.com\/web\/el-paso-a-paso-para-no-perder-el-hilo-del-conflicto-docente\/","name":"El paso a paso para no perder el hilo del conflicto docente - El Diario de Tucuman","isPartOf":{"@id":"https:\/\/www.eldiariodetucuman.com\/web\/#website"},"primaryImageOfPage":{"@id":"https:\/\/www.eldiariodetucuman.com\/web\/el-paso-a-paso-para-no-perder-el-hilo-del-conflicto-docente\/#primaryimage"},"image":{"@id":"https:\/\/www.eldiariodetucuman.com\/web\/el-paso-a-paso-para-no-perder-el-hilo-del-conflicto-docente\/#primaryimage"},"thumbnailUrl":"https:\/\/www.eldiariodetucuman.com\/web\/wp-content\/uploads\/2018\/02\/de544b16d8dbb2a97fa3cdaffa51a80e.jpeg","datePublished":"2018-02-23T14:42:14+00:00","dateModified":"2018-02-23T14:42:16+00:00","breadcrumb":{"@id":"https:\/\/www.eldiariodetucuman.com\/web\/el-paso-a-paso-para-no-perder-el-hilo-del-conflicto-docente\/#breadcrumb"},"inLanguage":"es","potentialAction":[{"@type":"ReadAction","target":["https:\/\/www.eldiariodetucuman.com\/web\/el-paso-a-paso-para-no-perder-el-hilo-del-conflicto-docente\/"]}]},{"@type":"ImageObject","inLanguage":"es","@id":"https:\/\/www.eldiariodetucuman.com\/web\/el-paso-a-paso-para-no-perder-el-hilo-del-conflicto-docente\/#primaryimage","url":"https:\/\/www.eldiariodetucuman.com\/web\/wp-content\/uploads\/2018\/02\/de544b16d8dbb2a97fa3cdaffa51a80e.jpeg","contentUrl":"https:\/\/www.eldiariodetucuman.com\/web\/wp-content\/uploads\/2018\/02\/de544b16d8dbb2a97fa3cdaffa51a80e.jpeg","width":960,"height":536},{"@type":"BreadcrumbList","@id":"https:\/\/www.eldiariodetucuman.com\/web\/el-paso-a-paso-para-no-perder-el-hilo-del-conflicto-docente\/#breadcrumb","itemListElement":[{"@type":"ListItem","position":1,"name":"Portada","item":"https:\/\/www.eldiariodetucuman.com\/web\/"},{"@type":"ListItem","position":2,"name":"El paso a paso para no perder el hilo del conflicto docente"}]},{"@type":"WebSite","@id":"https:\/\/www.eldiariodetucuman.com\/web\/#website","url":"https:\/\/www.eldiariodetucuman.com\/web\/","name":"El Diario de Tucuman","description":"Diario Tucuman - Informaci\u00f3n y noticias","publisher":{"@id":"https:\/\/www.eldiariodetucuman.com\/web\/#organization"},"potentialAction":[{"@type":"SearchAction","target":{"@type":"EntryPoint","urlTemplate":"https:\/\/www.eldiariodetucuman.com\/web\/?s={search_term_string}"},"query-input":{"@type":"PropertyValueSpecification","valueRequired":true,"valueName":"search_term_string"}}],"inLanguage":"es"},{"@type":"Organization","@id":"https:\/\/www.eldiariodetucuman.com\/web\/#organization","name":"El Diario de Tucuman","url":"https:\/\/www.eldiariodetucuman.com\/web\/","logo":{"@type":"ImageObject","inLanguage":"es","@id":"https:\/\/www.eldiariodetucuman.com\/web\/#\/schema\/logo\/image\/","url":"http:\/\/www.eldiariodetucuman.com\/web\/wp-content\/uploads\/2017\/12\/el-diario-de-tucuman.jpg","contentUrl":"http:\/\/www.eldiariodetucuman.com\/web\/wp-content\/uploads\/2017\/12\/el-diario-de-tucuman.jpg","width":272,"height":92,"caption":"El Diario de Tucuman"},"image":{"@id":"https:\/\/www.eldiariodetucuman.com\/web\/#\/schema\/logo\/image\/"}},{"@type":"Person","@id":"https:\/\/www.eldiariodetucuman.com\/web\/#\/schema\/person\/9250197d75ab5483412e19678b121caa","name":"admin","image":{"@type":"ImageObject","inLanguage":"es","@id":"https:\/\/secure.gravatar.com\/avatar\/c44d117c2be811212c22cb481f6b8384b6873de103fbc49e7a03cc58d7dea4ac?s=96&d=mm&r=g","url":"https:\/\/secure.gravatar.com\/avatar\/c44d117c2be811212c22cb481f6b8384b6873de103fbc49e7a03cc58d7dea4ac?s=96&d=mm&r=g","contentUrl":"https:\/\/secure.gravatar.com\/avatar\/c44d117c2be811212c22cb481f6b8384b6873de103fbc49e7a03cc58d7dea4ac?s=96&d=mm&r=g","caption":"admin"},"url":"https:\/\/www.eldiariodetucuman.com\/web\/author\/admin\/"}]}},"_links":{"self":[{"href":"https:\/\/www.eldiariodetucuman.com\/web\/wp-json\/wp\/v2\/posts\/5749","targetHints":{"allow":["GET"]}}],"collection":[{"href":"https:\/\/www.eldiariodetucuman.com\/web\/wp-json\/wp\/v2\/posts"}],"about":[{"href":"https:\/\/www.eldiariodetucuman.com\/web\/wp-json\/wp\/v2\/types\/post"}],"author":[{"embeddable":true,"href":"https:\/\/www.eldiariodetucuman.com\/web\/wp-json\/wp\/v2\/users\/1"}],"replies":[{"embeddable":true,"href":"https:\/\/www.eldiariodetucuman.com\/web\/wp-json\/wp\/v2\/comments?post=5749"}],"version-history":[{"count":1,"href":"https:\/\/www.eldiariodetucuman.com\/web\/wp-json\/wp\/v2\/posts\/5749\/revisions"}],"predecessor-version":[{"id":5751,"href":"https:\/\/www.eldiariodetucuman.com\/web\/wp-json\/wp\/v2\/posts\/5749\/revisions\/5751"}],"wp:featuredmedia":[{"embeddable":true,"href":"https:\/\/www.eldiariodetucuman.com\/web\/wp-json\/wp\/v2\/media\/5750"}],"wp:attachment":[{"href":"https:\/\/www.eldiariodetucuman.com\/web\/wp-json\/wp\/v2\/media?parent=5749"}],"wp:term":[{"taxonomy":"category","embeddable":true,"href":"https:\/\/www.eldiariodetucuman.com\/web\/wp-json\/wp\/v2\/categories?post=5749"},{"taxonomy":"post_tag","embeddable":true,"href":"https:\/\/www.eldiariodetucuman.com\/web\/wp-json\/wp\/v2\/tags?post=5749"}],"curies":[{"name":"wp","href":"https:\/\/api.w.org\/{rel}","templated":true}]}}