{"id":5746,"date":"2018-02-23T11:42:06","date_gmt":"2018-02-23T14:42:06","guid":{"rendered":"http:\/\/www.eldiariodetucuman.com\/web\/fein-hablo-sobre-la-causa-nisman-y-brindo-nuevos-detalles\/"},"modified":"2018-02-23T11:42:08","modified_gmt":"2018-02-23T14:42:08","slug":"fein-hablo-sobre-la-causa-nisman-y-brindo-nuevos-detalles","status":"publish","type":"post","link":"https:\/\/www.eldiariodetucuman.com\/web\/fein-hablo-sobre-la-causa-nisman-y-brindo-nuevos-detalles\/","title":{"rendered":"Fein habl\u00f3 sobre la causa Nisman y brind\u00f3 nuevos detalles"},"content":{"rendered":"<div>\n<div readability=\"178.80515423663\">\n<p><strong><a href=\"https:\/\/www.elintransigente.com\/politica\/2017\/10\/10\/fein-berni-mira-causa-nisman-460297.html\">Viviana Fein<\/a><\/strong> tuvo a su cargo la investigaci\u00f3n por la muerte del <strong><a href=\"https:\/\/www.elintransigente.com\/politica\/2018\/1\/1\/caso-nisman-avances-desafios-de-una-investigacion-compleja-473760.html\">Alberto Nisman<\/a><\/strong> durante 11 meses, momentos cruciales de la investigaci\u00f3n. Durante una entrevista televisiva con Luis Novaresio, efectu\u00f3 una cr\u00f3nica detallada sobre la investigaci\u00f3n, desde que fue notificada de su responsabilidad.\u00a0 Empez\u00f3 por el final y explic\u00f3 cu\u00e1les fueron los elementos que le hicieron falta para poder elaborar un dictamen contundente, m\u00e1s all\u00e1 que su rol en la investigaci\u00f3n fue transitorio. Adem\u00e1s, aclar\u00f3 los roles de algunas figuras presentes durante la investigaci\u00f3n, que fueron medi\u00e1ticamente cuestionadas.<\/p>\n<p>Y asever\u00f3 adem\u00e1s que nunca fue \u201cmanipulada pol\u00edticamente por la oposici\u00f3n ni por el oficialismo. No conozco personalidades pol\u00edticas, ni conoc\u00eda\u201d hasta integrar la causa \u201cal entorno de Nisman\u201d.<\/p>\n<p>Viviana Fein comenz\u00f3 la entrevista exponiendo que las razones por las cuales no pudo emitir un dictamen: \u201cQuedaron respuestas pendientes que no llegaron, como los mails, los correos privados del Nisman, que deb\u00edan llegar de Estados Unidos; y porque ped\u00ed un allanamiento en el mes de noviembre del a\u00f1o 2015 al Juzgado, en la localidad de Paran\u00e1, Entre R\u00edos, porque hab\u00eda que resolver cuestionamientos pendientes que no eran prolijos\u201d. Y adem\u00e1s, dijo que \u201chubiera sido prematuro\u201d dar un dictamen pues \u201cde las tres hip\u00f3tesis (suicidio, inducci\u00f3n y homicidio), no hab\u00eda ninguna prueba certera, precisa y contundente, sobre el lapso que tuve la causa, sobre un homicidio\u00bb.<\/p>\n<aside class=\"htmlinline \"><ins class=\"adsbygoogle\" data-ad-format=\"fluid\" data-ad-layout=\"in-article\" data-ad-client=\"ca-pub-7781556717282971\" data-ad-slot=\"9383133609\"><\/ins><br \/>\n<\/aside>\n<p><strong>El rol de la Secretar\u00eda de Inteligencia<\/strong><\/p>\n<p>La ex fiscal jubilada manifest\u00f3, por otra parte, a modo de aclaraci\u00f3n o referencia a puntos clave de la causa, que \u201cyo hice un entrecruzamiento de llamados encomendado a la divisi\u00f3n fraudes bancarios, y nombro a esta divisi\u00f3n porque ha sido un trabajo muy loable con los tel\u00e9fonos handys que ten\u00edamos en su oportunidad, de algunos ex agentes de la Secretar\u00eda de Inteligencia\u201d. Y agreg\u00f3 que \u201cese intercambio entre agentes y otras personas el domingo 18, comenz\u00f3 entre las 8 y las 9 de la ma\u00f1ana, y culmin\u00f3 entre las 22 y 23 horas\u201d. Mencion\u00f3 entre las personas escuchadas a: Jaime Stiuzzo, Alberto Massino, Fernando Possino, C\u00e9sar Milani y Juan Mart\u00edn Mena. Dijo que cuando los cita a la testimonial, todos aludieron que hablaban de un partido de f\u00fatbol. \u00a0<\/p>\n<p><strong>El rol de la Secretar\u00eda de Seguridad<\/strong><\/p>\n<p>Ante la pregunta respecto a si <strong><a href=\"https:\/\/www.elintransigente.com\/politica\/2018\/1\/18\/detalles-revelaciones-sobre-el-dia-que-aparecio-muerto-nisman-475735.html\">Sergio Berni<\/a><\/strong> limpi\u00f3 la escena de la muerte, asever\u00f3: \u201cPrimero describan qu\u00e9 es limpiar, porque si hablamos de limpiar o contaminar es alterar la esencia de las cosas que hay: destruir, provocar un da\u00f1o\u201d. Y Fein explic\u00f3 que cuando lleg\u00f3 al lugar, \u201cson las 00:20\u201d. Y agreg\u00f3 que Berni \u201cestuvo todo el tiempo atr\u00e1s m\u00edo\u201d. \u201cEs el Secretario de Seguridad. No es un vecino de Le Park. Cualquiera que vea el historial de Berni va a ver el historial de causas en las que estuvo, para dar su apoyo log\u00edstico y colaboraci\u00f3n. Estuvo una hora atr\u00e1s m\u00edo y despu\u00e9s se retir\u00f3\u201d, a\u00f1adi\u00f3.<\/p>\n<p><strong>Las primeras horas de la investigaci\u00f3n<\/strong><\/p>\n<p>Por otra parte, Fein expuso que durante las investigaciones donde existe una muerte, siempre se constituye un garante de la escena del crimen: \u201cLa mam\u00e1 del Nisman, Sara Garfunkel, fue la garante del lugar, porque al permanecer se constituye en garante de un procedimiento. Es la que dijo, bajo juramento de ley, que nadie entr\u00f3 al ba\u00f1o hasta que llegu\u00e9\u201d.<\/p>\n<p>Por otra parte, describi\u00f3 el equipo de investigaci\u00f3n. Dijo que eran un total de 30 personas y que, en principio, ingresaron s\u00f3lo cinco: levantamiento de rastro de huellas, jefe de servicio, video operador y fot\u00f3grafo. Y ella. Hay un video que certifica que para el equipo no hay elementos que perturben la investigaci\u00f3n.<\/p>\n<p>Y describe luego cu\u00e1les son los pasos subsiguientes: \u201cHago pasar a la m\u00e9dico legista, al personal de laboratorio qu\u00edmico y de bal\u00edstica, por el arma que estaba en el lugar. Cuando entran ellos convoco a un testigo presencial. Los testigos presenciales ya declararon todos ante Juli\u00e1n Ercolini\u201d. Y aclar\u00f3 que \u201cla emergencia privada nunca ingres\u00f3 al ba\u00f1o, mir\u00f3 desde la puerta\u201d y que \u201cel perito de parte de Arroyo Salgado dijo que no se afectaron los patrones\u201d.<\/p>\n<p>Respecto al arma, afirm\u00f3 que el procedimiento sobre la manipulaci\u00f3n del arma en el marco de la pericia, es responsabilidad del perito que \u201cconoce su arte\u201d y, por tanto, nadie puede decirle c\u00f3mo llevarla a cabo.\u00a0 Y se refiri\u00f3 a la p\u00f3lvora en las manos de Nisman. Afirm\u00f3 que cuando se efectu\u00f3 el primer barrido electr\u00f3nico, para encontrar fulminante, que se hizo en La Plata y no en Salta, pues en esto se falt\u00f3 a la verdad, La Plata dijo que no se encontr\u00f3 la substancia. Entonces Fein asever\u00f3, sobre este punto complejo de la causa: \u201cYo quise que se interpretara que si hubi\u00e9semos encontrado fulminante de las tres caracter\u00edsticas que se requieren en las manos de Nisman, era categ\u00f3rico que Nisman hubiera empu\u00f1ado el arma, obligado o no obligado\u201d.<\/p>\n<p>Y luego, detall\u00f3 la pericia que se desarroll\u00f3 en Salta: \u201cSobre las muestras analizadas, que se levantaron de las manos de Nisman, se hallaron part\u00edculas consistentes con residuo de disparo\u201d. As\u00ed, respecto a la pericia efectuada en La Plata, explica que el no encontrar residuos puede deberse a otras causas diferentes que el no haberse concretado el disparo: factores ambientales, lavado a trav\u00e9s de sangre, sudoraci\u00f3n o transcurso del tiempo, entre otros.<\/p>\n<p><strong>Sobre la participaci\u00f3n de Sandra Arroyo Salgado<\/strong><\/p>\n<p>Cuestion\u00f3 a la ex mujer de Alberto Nisman por su actuaci\u00f3n en el marco de la causa: \u201c<strong><a href=\"https:\/\/www.elintransigente.com\/politica\/2018\/1\/19\/para-nuestros-lectores-la-muerte-de-nisman-debe-ser-investigada-como-delito-de-lesa-humanidad-475851.html\">Sandra Arroyo<\/a><\/strong> Salgado dijo que no tuvo oportunidad de participar de la autopsia. Y yo ni siquiera sab\u00eda de su existencia porque Nisman viv\u00eda solo. Y ella tom\u00f3 conocimiento de la muerte a las 23 horas por una secretaria de Nisman que estaba en el edificio\u201d.<\/p>\n<p>Y agreg\u00f3 que: \u201cNunca absolutamente nadie me transmiti\u00f3 que ella quiso participar de la autopsia\u201d. Fein detall\u00f3 que la pareja de Arroyo Salgado present\u00f3 un pedido el d\u00eda de la autopsia, afirmando que quer\u00eda participar. Lo hizo a las 10:15 de la ma\u00f1ana y la autopsia hab\u00eda finalizado a las 10. \u201cMantengo contacto con ella y me pidi\u00f3 que no entregue el cuerpo. El cuerpo se retuvo m\u00e1s de una semana en la morgue\u201d, agrega la ex fiscal.\u00a0 Y asevera que Arroyo Salgado presenta luego un escrito en la Fiscal\u00eda, afirmando que hubo inconsistencias en la autopsia, que no consigna, y que, supone, no podr\u00e1n ser despejadas. Y, posteriormente, presenta un informe privado, que antes anuncia a los medios, y dice que \u201cla data de muerte fue de 36 horas y que la muerte ocurri\u00f3 el s\u00e1bado a las 8 de la noche\u201d. Esa informaci\u00f3n fue rectificada en junta m\u00e9dica.<\/p>\n<p><strong>Diego Lagomarsino y la muerte de Nisman<\/strong><\/p>\n<p>\u201cYo cit\u00e9 a Lagomarsino por la portaci\u00f3n del arma a una testimonial\u201d, dijo Fein. Y asever\u00f3 que ella prohibi\u00f3 su salida del pa\u00eds por el rol que pudo tener en la causa. Sin embargo, explic\u00f3, nadie pidi\u00f3 la indagatoria, ni la fiscal\u00eda ni la querella, porque no se pudieron encontrar \u201cpruebas que lo comprometieran m\u00e1s all\u00e1 de la facilitaci\u00f3n del arma\u00bb.<\/p>\n<p>Los peritos inform\u00e1ticos aseveraron que \u00abnunca se podr\u00e1 determinar si el acceso a la computadora fue local o remoto\u201d, para el borrado de la informaci\u00f3n de Alberto Nisman.<\/p>\n<p>Adem\u00e1s, dijo que el equipo de investigaci\u00f3n efectu\u00f3 \u201cun relevamiento de las c\u00e1maras del complejo donde viv\u00eda Nisman, del ingreso y egreso incluso el s\u00e1bado, se ve la presencia del custodio, del diariero\u201d. \u201cVimos todos los movimientos incluso al custodio cuando recibe un sobre para entregar a un periodista, y se sabe que a la noche habl\u00f3 con \u00e9l\u201d, agreg\u00f3.<\/p>\n<p>\u00a0<\/p>\n<p>\n\u00a0<\/p>\n<\/div>\n<\/div>\n<p>Fuente: https:\/\/www.elintransigente.com\/politica\/2018\/2\/23\/fein-hablo-sobre-la-causa-nisman-brindo-nuevos-detalles-479774.html<\/p>\n","protected":false},"excerpt":{"rendered":"<p>Viviana Fein tuvo a su cargo la investigaci\u00f3n por la muerte del Alberto Nisman durante 11 meses, momentos cruciales de la investigaci\u00f3n. Durante una entrevista televisiva con Luis Novaresio, efectu\u00f3 una cr\u00f3nica detallada sobre la investigaci\u00f3n, desde que fue notificada de su responsabilidad.\u00a0 Empez\u00f3 por el final y explic\u00f3 cu\u00e1les fueron los elementos que le [&hellip;]<\/p>\n","protected":false},"author":1,"featured_media":5747,"comment_status":"open","ping_status":"closed","sticky":false,"template":"","format":"standard","meta":{"footnotes":""},"categories":[1],"tags":[],"class_list":{"0":"post-5746","1":"post","2":"type-post","3":"status-publish","4":"format-standard","5":"has-post-thumbnail","7":"category-portada"},"yoast_head":"<!-- This site is optimized with the Yoast SEO plugin v27.5 - https:\/\/yoast.com\/product\/yoast-seo-wordpress\/ -->\n<title>Fein habl\u00f3 sobre la causa Nisman y brind\u00f3 nuevos detalles - El Diario de Tucuman<\/title>\n<meta name=\"robots\" content=\"index, follow, max-snippet:-1, max-image-preview:large, max-video-preview:-1\" \/>\n<link rel=\"canonical\" href=\"https:\/\/www.eldiariodetucuman.com\/web\/fein-hablo-sobre-la-causa-nisman-y-brindo-nuevos-detalles\/\" \/>\n<meta property=\"og:locale\" content=\"es_ES\" \/>\n<meta property=\"og:type\" content=\"article\" \/>\n<meta property=\"og:title\" content=\"Fein habl\u00f3 sobre la causa Nisman y brind\u00f3 nuevos detalles - El Diario de Tucuman\" \/>\n<meta property=\"og:description\" content=\"Viviana Fein tuvo a su cargo la investigaci\u00f3n por la muerte del Alberto Nisman durante 11 meses, momentos cruciales de la investigaci\u00f3n. Durante una entrevista televisiva con Luis Novaresio, efectu\u00f3 una cr\u00f3nica detallada sobre la investigaci\u00f3n, desde que fue notificada de su responsabilidad.\u00a0 Empez\u00f3 por el final y explic\u00f3 cu\u00e1les fueron los elementos que le [&hellip;]\" \/>\n<meta property=\"og:url\" content=\"https:\/\/www.eldiariodetucuman.com\/web\/fein-hablo-sobre-la-causa-nisman-y-brindo-nuevos-detalles\/\" \/>\n<meta property=\"og:site_name\" content=\"El Diario de Tucuman\" \/>\n<meta property=\"article:published_time\" content=\"2018-02-23T14:42:06+00:00\" \/>\n<meta property=\"article:modified_time\" content=\"2018-02-23T14:42:08+00:00\" \/>\n<meta property=\"og:image\" content=\"https:\/\/www.eldiariodetucuman.com\/web\/wp-content\/uploads\/2018\/02\/f0e384c2c902b2377316425243721084.jpeg\" \/>\n\t<meta property=\"og:image:width\" content=\"960\" \/>\n\t<meta property=\"og:image:height\" content=\"390\" \/>\n\t<meta property=\"og:image:type\" content=\"image\/jpeg\" \/>\n<meta name=\"author\" content=\"admin\" \/>\n<meta name=\"twitter:card\" content=\"summary_large_image\" \/>\n<meta name=\"twitter:label1\" content=\"Escrito por\" \/>\n\t<meta name=\"twitter:data1\" content=\"admin\" \/>\n\t<meta name=\"twitter:label2\" content=\"Tiempo de lectura\" \/>\n\t<meta name=\"twitter:data2\" content=\"7 minutos\" \/>\n<script type=\"application\/ld+json\" class=\"yoast-schema-graph\">{\"@context\":\"https:\\\/\\\/schema.org\",\"@graph\":[{\"@type\":\"Article\",\"@id\":\"https:\\\/\\\/www.eldiariodetucuman.com\\\/web\\\/fein-hablo-sobre-la-causa-nisman-y-brindo-nuevos-detalles\\\/#article\",\"isPartOf\":{\"@id\":\"https:\\\/\\\/www.eldiariodetucuman.com\\\/web\\\/fein-hablo-sobre-la-causa-nisman-y-brindo-nuevos-detalles\\\/\"},\"author\":{\"name\":\"admin\",\"@id\":\"https:\\\/\\\/www.eldiariodetucuman.com\\\/web\\\/#\\\/schema\\\/person\\\/9250197d75ab5483412e19678b121caa\"},\"headline\":\"Fein habl\u00f3 sobre la causa Nisman y brind\u00f3 nuevos detalles\",\"datePublished\":\"2018-02-23T14:42:06+00:00\",\"dateModified\":\"2018-02-23T14:42:08+00:00\",\"mainEntityOfPage\":{\"@id\":\"https:\\\/\\\/www.eldiariodetucuman.com\\\/web\\\/fein-hablo-sobre-la-causa-nisman-y-brindo-nuevos-detalles\\\/\"},\"wordCount\":1345,\"commentCount\":0,\"publisher\":{\"@id\":\"https:\\\/\\\/www.eldiariodetucuman.com\\\/web\\\/#organization\"},\"image\":{\"@id\":\"https:\\\/\\\/www.eldiariodetucuman.com\\\/web\\\/fein-hablo-sobre-la-causa-nisman-y-brindo-nuevos-detalles\\\/#primaryimage\"},\"thumbnailUrl\":\"https:\\\/\\\/www.eldiariodetucuman.com\\\/web\\\/wp-content\\\/uploads\\\/2018\\\/02\\\/f0e384c2c902b2377316425243721084.jpeg\",\"articleSection\":[\"Portada\"],\"inLanguage\":\"es\",\"potentialAction\":[{\"@type\":\"CommentAction\",\"name\":\"Comment\",\"target\":[\"https:\\\/\\\/www.eldiariodetucuman.com\\\/web\\\/fein-hablo-sobre-la-causa-nisman-y-brindo-nuevos-detalles\\\/#respond\"]}]},{\"@type\":\"WebPage\",\"@id\":\"https:\\\/\\\/www.eldiariodetucuman.com\\\/web\\\/fein-hablo-sobre-la-causa-nisman-y-brindo-nuevos-detalles\\\/\",\"url\":\"https:\\\/\\\/www.eldiariodetucuman.com\\\/web\\\/fein-hablo-sobre-la-causa-nisman-y-brindo-nuevos-detalles\\\/\",\"name\":\"Fein habl\u00f3 sobre la causa Nisman y brind\u00f3 nuevos detalles - El Diario de Tucuman\",\"isPartOf\":{\"@id\":\"https:\\\/\\\/www.eldiariodetucuman.com\\\/web\\\/#website\"},\"primaryImageOfPage\":{\"@id\":\"https:\\\/\\\/www.eldiariodetucuman.com\\\/web\\\/fein-hablo-sobre-la-causa-nisman-y-brindo-nuevos-detalles\\\/#primaryimage\"},\"image\":{\"@id\":\"https:\\\/\\\/www.eldiariodetucuman.com\\\/web\\\/fein-hablo-sobre-la-causa-nisman-y-brindo-nuevos-detalles\\\/#primaryimage\"},\"thumbnailUrl\":\"https:\\\/\\\/www.eldiariodetucuman.com\\\/web\\\/wp-content\\\/uploads\\\/2018\\\/02\\\/f0e384c2c902b2377316425243721084.jpeg\",\"datePublished\":\"2018-02-23T14:42:06+00:00\",\"dateModified\":\"2018-02-23T14:42:08+00:00\",\"breadcrumb\":{\"@id\":\"https:\\\/\\\/www.eldiariodetucuman.com\\\/web\\\/fein-hablo-sobre-la-causa-nisman-y-brindo-nuevos-detalles\\\/#breadcrumb\"},\"inLanguage\":\"es\",\"potentialAction\":[{\"@type\":\"ReadAction\",\"target\":[\"https:\\\/\\\/www.eldiariodetucuman.com\\\/web\\\/fein-hablo-sobre-la-causa-nisman-y-brindo-nuevos-detalles\\\/\"]}]},{\"@type\":\"ImageObject\",\"inLanguage\":\"es\",\"@id\":\"https:\\\/\\\/www.eldiariodetucuman.com\\\/web\\\/fein-hablo-sobre-la-causa-nisman-y-brindo-nuevos-detalles\\\/#primaryimage\",\"url\":\"https:\\\/\\\/www.eldiariodetucuman.com\\\/web\\\/wp-content\\\/uploads\\\/2018\\\/02\\\/f0e384c2c902b2377316425243721084.jpeg\",\"contentUrl\":\"https:\\\/\\\/www.eldiariodetucuman.com\\\/web\\\/wp-content\\\/uploads\\\/2018\\\/02\\\/f0e384c2c902b2377316425243721084.jpeg\",\"width\":960,\"height\":390},{\"@type\":\"BreadcrumbList\",\"@id\":\"https:\\\/\\\/www.eldiariodetucuman.com\\\/web\\\/fein-hablo-sobre-la-causa-nisman-y-brindo-nuevos-detalles\\\/#breadcrumb\",\"itemListElement\":[{\"@type\":\"ListItem\",\"position\":1,\"name\":\"Portada\",\"item\":\"https:\\\/\\\/www.eldiariodetucuman.com\\\/web\\\/\"},{\"@type\":\"ListItem\",\"position\":2,\"name\":\"Fein habl\u00f3 sobre la causa Nisman y brind\u00f3 nuevos detalles\"}]},{\"@type\":\"WebSite\",\"@id\":\"https:\\\/\\\/www.eldiariodetucuman.com\\\/web\\\/#website\",\"url\":\"https:\\\/\\\/www.eldiariodetucuman.com\\\/web\\\/\",\"name\":\"El Diario de Tucuman\",\"description\":\"Diario Tucuman - Informaci\u00f3n y noticias\",\"publisher\":{\"@id\":\"https:\\\/\\\/www.eldiariodetucuman.com\\\/web\\\/#organization\"},\"potentialAction\":[{\"@type\":\"SearchAction\",\"target\":{\"@type\":\"EntryPoint\",\"urlTemplate\":\"https:\\\/\\\/www.eldiariodetucuman.com\\\/web\\\/?s={search_term_string}\"},\"query-input\":{\"@type\":\"PropertyValueSpecification\",\"valueRequired\":true,\"valueName\":\"search_term_string\"}}],\"inLanguage\":\"es\"},{\"@type\":\"Organization\",\"@id\":\"https:\\\/\\\/www.eldiariodetucuman.com\\\/web\\\/#organization\",\"name\":\"El Diario de Tucuman\",\"url\":\"https:\\\/\\\/www.eldiariodetucuman.com\\\/web\\\/\",\"logo\":{\"@type\":\"ImageObject\",\"inLanguage\":\"es\",\"@id\":\"https:\\\/\\\/www.eldiariodetucuman.com\\\/web\\\/#\\\/schema\\\/logo\\\/image\\\/\",\"url\":\"http:\\\/\\\/www.eldiariodetucuman.com\\\/web\\\/wp-content\\\/uploads\\\/2017\\\/12\\\/el-diario-de-tucuman.jpg\",\"contentUrl\":\"http:\\\/\\\/www.eldiariodetucuman.com\\\/web\\\/wp-content\\\/uploads\\\/2017\\\/12\\\/el-diario-de-tucuman.jpg\",\"width\":272,\"height\":92,\"caption\":\"El Diario de Tucuman\"},\"image\":{\"@id\":\"https:\\\/\\\/www.eldiariodetucuman.com\\\/web\\\/#\\\/schema\\\/logo\\\/image\\\/\"}},{\"@type\":\"Person\",\"@id\":\"https:\\\/\\\/www.eldiariodetucuman.com\\\/web\\\/#\\\/schema\\\/person\\\/9250197d75ab5483412e19678b121caa\",\"name\":\"admin\",\"image\":{\"@type\":\"ImageObject\",\"inLanguage\":\"es\",\"@id\":\"https:\\\/\\\/secure.gravatar.com\\\/avatar\\\/c44d117c2be811212c22cb481f6b8384b6873de103fbc49e7a03cc58d7dea4ac?s=96&d=mm&r=g\",\"url\":\"https:\\\/\\\/secure.gravatar.com\\\/avatar\\\/c44d117c2be811212c22cb481f6b8384b6873de103fbc49e7a03cc58d7dea4ac?s=96&d=mm&r=g\",\"contentUrl\":\"https:\\\/\\\/secure.gravatar.com\\\/avatar\\\/c44d117c2be811212c22cb481f6b8384b6873de103fbc49e7a03cc58d7dea4ac?s=96&d=mm&r=g\",\"caption\":\"admin\"},\"url\":\"https:\\\/\\\/www.eldiariodetucuman.com\\\/web\\\/author\\\/admin\\\/\"}]}<\/script>\n<!-- \/ Yoast SEO plugin. -->","yoast_head_json":{"title":"Fein habl\u00f3 sobre la causa Nisman y brind\u00f3 nuevos detalles - El Diario de Tucuman","robots":{"index":"index","follow":"follow","max-snippet":"max-snippet:-1","max-image-preview":"max-image-preview:large","max-video-preview":"max-video-preview:-1"},"canonical":"https:\/\/www.eldiariodetucuman.com\/web\/fein-hablo-sobre-la-causa-nisman-y-brindo-nuevos-detalles\/","og_locale":"es_ES","og_type":"article","og_title":"Fein habl\u00f3 sobre la causa Nisman y brind\u00f3 nuevos detalles - El Diario de Tucuman","og_description":"Viviana Fein tuvo a su cargo la investigaci\u00f3n por la muerte del Alberto Nisman durante 11 meses, momentos cruciales de la investigaci\u00f3n. Durante una entrevista televisiva con Luis Novaresio, efectu\u00f3 una cr\u00f3nica detallada sobre la investigaci\u00f3n, desde que fue notificada de su responsabilidad.\u00a0 Empez\u00f3 por el final y explic\u00f3 cu\u00e1les fueron los elementos que le [&hellip;]","og_url":"https:\/\/www.eldiariodetucuman.com\/web\/fein-hablo-sobre-la-causa-nisman-y-brindo-nuevos-detalles\/","og_site_name":"El Diario de Tucuman","article_published_time":"2018-02-23T14:42:06+00:00","article_modified_time":"2018-02-23T14:42:08+00:00","og_image":[{"width":960,"height":390,"url":"https:\/\/www.eldiariodetucuman.com\/web\/wp-content\/uploads\/2018\/02\/f0e384c2c902b2377316425243721084.jpeg","type":"image\/jpeg"}],"author":"admin","twitter_card":"summary_large_image","twitter_misc":{"Escrito por":"admin","Tiempo de lectura":"7 minutos"},"schema":{"@context":"https:\/\/schema.org","@graph":[{"@type":"Article","@id":"https:\/\/www.eldiariodetucuman.com\/web\/fein-hablo-sobre-la-causa-nisman-y-brindo-nuevos-detalles\/#article","isPartOf":{"@id":"https:\/\/www.eldiariodetucuman.com\/web\/fein-hablo-sobre-la-causa-nisman-y-brindo-nuevos-detalles\/"},"author":{"name":"admin","@id":"https:\/\/www.eldiariodetucuman.com\/web\/#\/schema\/person\/9250197d75ab5483412e19678b121caa"},"headline":"Fein habl\u00f3 sobre la causa Nisman y brind\u00f3 nuevos detalles","datePublished":"2018-02-23T14:42:06+00:00","dateModified":"2018-02-23T14:42:08+00:00","mainEntityOfPage":{"@id":"https:\/\/www.eldiariodetucuman.com\/web\/fein-hablo-sobre-la-causa-nisman-y-brindo-nuevos-detalles\/"},"wordCount":1345,"commentCount":0,"publisher":{"@id":"https:\/\/www.eldiariodetucuman.com\/web\/#organization"},"image":{"@id":"https:\/\/www.eldiariodetucuman.com\/web\/fein-hablo-sobre-la-causa-nisman-y-brindo-nuevos-detalles\/#primaryimage"},"thumbnailUrl":"https:\/\/www.eldiariodetucuman.com\/web\/wp-content\/uploads\/2018\/02\/f0e384c2c902b2377316425243721084.jpeg","articleSection":["Portada"],"inLanguage":"es","potentialAction":[{"@type":"CommentAction","name":"Comment","target":["https:\/\/www.eldiariodetucuman.com\/web\/fein-hablo-sobre-la-causa-nisman-y-brindo-nuevos-detalles\/#respond"]}]},{"@type":"WebPage","@id":"https:\/\/www.eldiariodetucuman.com\/web\/fein-hablo-sobre-la-causa-nisman-y-brindo-nuevos-detalles\/","url":"https:\/\/www.eldiariodetucuman.com\/web\/fein-hablo-sobre-la-causa-nisman-y-brindo-nuevos-detalles\/","name":"Fein habl\u00f3 sobre la causa Nisman y brind\u00f3 nuevos detalles - El Diario de Tucuman","isPartOf":{"@id":"https:\/\/www.eldiariodetucuman.com\/web\/#website"},"primaryImageOfPage":{"@id":"https:\/\/www.eldiariodetucuman.com\/web\/fein-hablo-sobre-la-causa-nisman-y-brindo-nuevos-detalles\/#primaryimage"},"image":{"@id":"https:\/\/www.eldiariodetucuman.com\/web\/fein-hablo-sobre-la-causa-nisman-y-brindo-nuevos-detalles\/#primaryimage"},"thumbnailUrl":"https:\/\/www.eldiariodetucuman.com\/web\/wp-content\/uploads\/2018\/02\/f0e384c2c902b2377316425243721084.jpeg","datePublished":"2018-02-23T14:42:06+00:00","dateModified":"2018-02-23T14:42:08+00:00","breadcrumb":{"@id":"https:\/\/www.eldiariodetucuman.com\/web\/fein-hablo-sobre-la-causa-nisman-y-brindo-nuevos-detalles\/#breadcrumb"},"inLanguage":"es","potentialAction":[{"@type":"ReadAction","target":["https:\/\/www.eldiariodetucuman.com\/web\/fein-hablo-sobre-la-causa-nisman-y-brindo-nuevos-detalles\/"]}]},{"@type":"ImageObject","inLanguage":"es","@id":"https:\/\/www.eldiariodetucuman.com\/web\/fein-hablo-sobre-la-causa-nisman-y-brindo-nuevos-detalles\/#primaryimage","url":"https:\/\/www.eldiariodetucuman.com\/web\/wp-content\/uploads\/2018\/02\/f0e384c2c902b2377316425243721084.jpeg","contentUrl":"https:\/\/www.eldiariodetucuman.com\/web\/wp-content\/uploads\/2018\/02\/f0e384c2c902b2377316425243721084.jpeg","width":960,"height":390},{"@type":"BreadcrumbList","@id":"https:\/\/www.eldiariodetucuman.com\/web\/fein-hablo-sobre-la-causa-nisman-y-brindo-nuevos-detalles\/#breadcrumb","itemListElement":[{"@type":"ListItem","position":1,"name":"Portada","item":"https:\/\/www.eldiariodetucuman.com\/web\/"},{"@type":"ListItem","position":2,"name":"Fein habl\u00f3 sobre la causa Nisman y brind\u00f3 nuevos detalles"}]},{"@type":"WebSite","@id":"https:\/\/www.eldiariodetucuman.com\/web\/#website","url":"https:\/\/www.eldiariodetucuman.com\/web\/","name":"El Diario de Tucuman","description":"Diario Tucuman - Informaci\u00f3n y noticias","publisher":{"@id":"https:\/\/www.eldiariodetucuman.com\/web\/#organization"},"potentialAction":[{"@type":"SearchAction","target":{"@type":"EntryPoint","urlTemplate":"https:\/\/www.eldiariodetucuman.com\/web\/?s={search_term_string}"},"query-input":{"@type":"PropertyValueSpecification","valueRequired":true,"valueName":"search_term_string"}}],"inLanguage":"es"},{"@type":"Organization","@id":"https:\/\/www.eldiariodetucuman.com\/web\/#organization","name":"El Diario de Tucuman","url":"https:\/\/www.eldiariodetucuman.com\/web\/","logo":{"@type":"ImageObject","inLanguage":"es","@id":"https:\/\/www.eldiariodetucuman.com\/web\/#\/schema\/logo\/image\/","url":"http:\/\/www.eldiariodetucuman.com\/web\/wp-content\/uploads\/2017\/12\/el-diario-de-tucuman.jpg","contentUrl":"http:\/\/www.eldiariodetucuman.com\/web\/wp-content\/uploads\/2017\/12\/el-diario-de-tucuman.jpg","width":272,"height":92,"caption":"El Diario de Tucuman"},"image":{"@id":"https:\/\/www.eldiariodetucuman.com\/web\/#\/schema\/logo\/image\/"}},{"@type":"Person","@id":"https:\/\/www.eldiariodetucuman.com\/web\/#\/schema\/person\/9250197d75ab5483412e19678b121caa","name":"admin","image":{"@type":"ImageObject","inLanguage":"es","@id":"https:\/\/secure.gravatar.com\/avatar\/c44d117c2be811212c22cb481f6b8384b6873de103fbc49e7a03cc58d7dea4ac?s=96&d=mm&r=g","url":"https:\/\/secure.gravatar.com\/avatar\/c44d117c2be811212c22cb481f6b8384b6873de103fbc49e7a03cc58d7dea4ac?s=96&d=mm&r=g","contentUrl":"https:\/\/secure.gravatar.com\/avatar\/c44d117c2be811212c22cb481f6b8384b6873de103fbc49e7a03cc58d7dea4ac?s=96&d=mm&r=g","caption":"admin"},"url":"https:\/\/www.eldiariodetucuman.com\/web\/author\/admin\/"}]}},"_links":{"self":[{"href":"https:\/\/www.eldiariodetucuman.com\/web\/wp-json\/wp\/v2\/posts\/5746","targetHints":{"allow":["GET"]}}],"collection":[{"href":"https:\/\/www.eldiariodetucuman.com\/web\/wp-json\/wp\/v2\/posts"}],"about":[{"href":"https:\/\/www.eldiariodetucuman.com\/web\/wp-json\/wp\/v2\/types\/post"}],"author":[{"embeddable":true,"href":"https:\/\/www.eldiariodetucuman.com\/web\/wp-json\/wp\/v2\/users\/1"}],"replies":[{"embeddable":true,"href":"https:\/\/www.eldiariodetucuman.com\/web\/wp-json\/wp\/v2\/comments?post=5746"}],"version-history":[{"count":1,"href":"https:\/\/www.eldiariodetucuman.com\/web\/wp-json\/wp\/v2\/posts\/5746\/revisions"}],"predecessor-version":[{"id":5748,"href":"https:\/\/www.eldiariodetucuman.com\/web\/wp-json\/wp\/v2\/posts\/5746\/revisions\/5748"}],"wp:featuredmedia":[{"embeddable":true,"href":"https:\/\/www.eldiariodetucuman.com\/web\/wp-json\/wp\/v2\/media\/5747"}],"wp:attachment":[{"href":"https:\/\/www.eldiariodetucuman.com\/web\/wp-json\/wp\/v2\/media?parent=5746"}],"wp:term":[{"taxonomy":"category","embeddable":true,"href":"https:\/\/www.eldiariodetucuman.com\/web\/wp-json\/wp\/v2\/categories?post=5746"},{"taxonomy":"post_tag","embeddable":true,"href":"https:\/\/www.eldiariodetucuman.com\/web\/wp-json\/wp\/v2\/tags?post=5746"}],"curies":[{"name":"wp","href":"https:\/\/api.w.org\/{rel}","templated":true}]}}